{"id":41165,"date":"2024-03-06T17:21:26","date_gmt":"2024-03-06T20:21:26","guid":{"rendered":"https:\/\/ismaelcolosi.com.br\/index.php\/2024\/03\/06\/evento-em-ribeirao-preto-orienta-adultos-na-escolha-de-brinquedos-para-criancas\/"},"modified":"2024-03-06T17:21:26","modified_gmt":"2024-03-06T20:21:26","slug":"evento-em-ribeirao-preto-orienta-adultos-na-escolha-de-brinquedos-para-criancas","status":"publish","type":"post","link":"https:\/\/ismaelcolosi.com.br\/index.php\/2024\/03\/06\/evento-em-ribeirao-preto-orienta-adultos-na-escolha-de-brinquedos-para-criancas\/","title":{"rendered":"Evento em Ribeir\u00e3o Preto orienta adultos na escolha de brinquedos para crian\u00e7as"},"content":{"rendered":"<p> <br \/>\n<\/p>\n<div data-td-block-uid=\"tdi_101\">\n<div class=\"tdb-block-inner td-fix-index\">\n<p>Uma <strong>a\u00e7\u00e3o <\/strong>voltada para <strong>adultos<\/strong> que queiram <strong>aprender<\/strong> sobre como <strong>escolher brinquedos<\/strong>, <strong>recursos<\/strong> e <strong>conte\u00fados<\/strong> para <strong>\u00e0s crian\u00e7as<\/strong>, acontece nesta <strong>quinta-feira<\/strong> (7) e no dia <strong>pr\u00f3ximo dia 14<\/strong>, <strong>\u00e0s 19h<\/strong>, no Shopping <strong>Iguatemi <\/strong>de <strong>Ribeir\u00e3o Preto<\/strong>.<\/p>\n<p>Com <strong>entrada de gra\u00e7a<\/strong>, o evento <strong>\u201cConversas no Labirinto\u201d<\/strong>, tem o <strong>objetivo<\/strong> de orientar os adultos de como <strong>estimular<\/strong> \u00e0s <strong>crian\u00e7as<\/strong> em ter um <strong>desenvolvimento saud\u00e1vel<\/strong> com <strong>est\u00edmulos sensoriais de qualidade<\/strong>.<\/p>\n<p>Nos dois dias da <strong>programa\u00e7\u00e3o,<\/strong> estar\u00e1 presente <strong>Mel Olinai<\/strong>, <strong>criadora do m\u00e9todo BrincA\u00e7\u00e3o<\/strong> \u2013 <span style=\"background-color:#f7cc62\" class=\"td_text_highlight_marker\">que compartilha com a comunidade escolar conhecimentos b\u00e1sicos da neuroci\u00eancia e sua import\u00e2ncia na vida e nos processos de desenvolvimento infantil<\/span>.<\/p>\n<h4 class=\"wp-block-heading\"><strong>Veja como participar<\/strong><\/h4>\n<p>Quem tiver interesse em participar do evento pode se <strong>inscrever<\/strong> no<strong> Labirinto do Livro Encantado<\/strong> ou no <strong>WhatsApp (16) 98109-5548<\/strong>.<\/p>\n<h4 class=\"wp-block-heading\"><strong>Servi\u00e7o:<\/strong><\/h4>\n<p>Dias: 07 e 14 de mar\u00e7o<br \/>Hor\u00e1rio: 19h<br \/>Onde: Shopping Iguatemi Ribeir\u00e3o Preto \u2013 Piso Superior \u2013 Labirinto do Livro Encantado  <br \/>Entrada: gratuita<\/p>\n<p>SAIBA MAIS<br \/>O que sabe sobre a morte do corretor esfaqueado pela namorada em Ribeir\u00e3o<\/p>\n<h4 class=\"wp-block-heading\"><strong>FIQUE ON<\/strong><\/h4>\n<p>Fique ligado em tudo que acontece em Ribeir\u00e3o Preto e regi\u00e3o. Siga os perfis do\u00a0<strong>acidade on\u00a0<\/strong>no<a href=\"https:\/\/www.instagram.com\/acidadeonribeirao\" target=\"_blank\" rel=\"noreferrer noopener\">\u00a0Instagram<\/a>\u00a0e no<a href=\"https:\/\/www.facebook.com\/acidadeonribeirao\" target=\"_blank\" rel=\"noreferrer noopener\">\u00a0Facebook<\/a>.<\/p>\n<p>Receba not\u00edcias do\u00a0<strong>acidade on\u00a0<\/strong>no WhatsApp.\u00a0<a href=\"https:\/\/chat.whatsapp.com\/Bnv2w66ZT4VDyZW3oiZ69n\" target=\"_blank\" rel=\"noreferrer noopener\">Para entrar no grupo, basta clicar aqui.<\/a><\/p>\n<p>Fa\u00e7a uma den\u00fancia ou sugira uma reportagem sobre Ribeir\u00e3o Preto e regi\u00e3o pelo WhatsApp: 16 99117 7802.<\/p>\n<p>VEJA TAMB\u00c9M<br \/>Onde vai passar o Oscar? Cerim\u00f4nia \u00e9 neste domingo<\/p>\n<p><!-- AI CONTENT END 1 -->\n<\/div>\n<\/div>\n<p><script async src=\"\/\/www.instagram.com\/embed.js\"><\/script><br \/>\n<br \/><br \/>\n<br \/><a href=\"https:\/\/www.acidadeon.com\/ribeiraopreto\/cotidiano\/evento-em-ribeirao-preto-orienta-adultos-na-escolha-de-brinquedos-para-criancas\/\">Source link <\/a><\/p>\n<div class='code-block code-block-4' style='margin: 8px auto 8px 0; text-align: left; display: block; clear: both;'>\n\ud83d\udce2 Aviso Legal\n\nO site ismaelcolosi.com.br atua apenas como um canal de divulga\u00e7\u00e3o de oportunidades de emprego e n\u00e3o se responsabiliza pelo processo seletivo, contrata\u00e7\u00e3o ou qualquer outra etapa relacionada \u00e0s vagas publicadas. Todas as informa\u00e7\u00f5es s\u00e3o de responsabilidade dos anunciantes.\n\n\u26a0\ufe0f Aten\u00e7\u00e3o! Nunca pague por promessas de emprego nem compre cursos que garantam contrata\u00e7\u00e3o. Desconfie de qualquer cobran\u00e7a para participar de sele\u00e7\u00f5es.\n\n\n\n<\/div>\n<!-- CONTENT END 1 -->\n","protected":false},"excerpt":{"rendered":"<p>Uma a\u00e7\u00e3o voltada para adultos que queiram aprender sobre como escolher brinquedos, recursos e conte\u00fados para \u00e0s crian\u00e7as, acontece nesta quinta-feira (7) e no dia&#8230;<\/p>\n","protected":false},"author":1,"featured_media":41166,"comment_status":"open","ping_status":"open","sticky":false,"template":"","format":"standard","meta":{"_uag_custom_page_level_css":"","advanced_seo_description":"","jetpack_seo_html_title":"","jetpack_seo_noindex":false,"jetpack_post_was_ever_published":false,"_jetpack_newsletter_access":"","_jetpack_dont_email_post_to_subs":false,"_jetpack_newsletter_tier_id":0,"_jetpack_memberships_contains_paywalled_content":false,"_jetpack_memberships_contains_paid_content":false,"footnotes":"","jetpack_publicize_message":"","jetpack_publicize_feature_enabled":true,"jetpack_social_post_already_shared":true,"jetpack_social_options":{"image_generator_settings":{"template":"highway","default_image_id":0,"font":"","enabled":false},"version":2}},"categories":[11],"tags":[],"class_list":["post-41165","post","type-post","status-publish","format-standard","has-post-thumbnail","hentry","category-noticias-de-ribeirao-preto-sp-e-regiao-ismael-colosi"],"jetpack_publicize_connections":[],"jetpack_featured_media_url":"https:\/\/i0.wp.com\/ismaelcolosi.com.br\/wp-content\/uploads\/2024\/03\/Copia-de-Copia-de-TAMANHO-EXATO-PARA-FOTOS-NO-SISTEMA-NOVO-35.jpg?fit=1200%2C675&ssl=1","uagb_featured_image_src":{"full":["https:\/\/i0.wp.com\/ismaelcolosi.com.br\/wp-content\/uploads\/2024\/03\/Copia-de-Copia-de-TAMANHO-EXATO-PARA-FOTOS-NO-SISTEMA-NOVO-35.jpg?fit=1200%2C675&ssl=1",1200,675,false],"thumbnail":["https:\/\/i0.wp.com\/ismaelcolosi.com.br\/wp-content\/uploads\/2024\/03\/Copia-de-Copia-de-TAMANHO-EXATO-PARA-FOTOS-NO-SISTEMA-NOVO-35.jpg?resize=150%2C150&ssl=1",150,150,true],"medium":["https:\/\/i0.wp.com\/ismaelcolosi.com.br\/wp-content\/uploads\/2024\/03\/Copia-de-Copia-de-TAMANHO-EXATO-PARA-FOTOS-NO-SISTEMA-NOVO-35.jpg?fit=300%2C169&ssl=1",300,169,true],"medium_large":["https:\/\/i0.wp.com\/ismaelcolosi.com.br\/wp-content\/uploads\/2024\/03\/Copia-de-Copia-de-TAMANHO-EXATO-PARA-FOTOS-NO-SISTEMA-NOVO-35.jpg?fit=768%2C432&ssl=1",768,432,true],"large":["https:\/\/i0.wp.com\/ismaelcolosi.com.br\/wp-content\/uploads\/2024\/03\/Copia-de-Copia-de-TAMANHO-EXATO-PARA-FOTOS-NO-SISTEMA-NOVO-35.jpg?fit=1024%2C576&ssl=1",1024,576,true],"1536x1536":["https:\/\/i0.wp.com\/ismaelcolosi.com.br\/wp-content\/uploads\/2024\/03\/Copia-de-Copia-de-TAMANHO-EXATO-PARA-FOTOS-NO-SISTEMA-NOVO-35.jpg?fit=1200%2C675&ssl=1",1200,675,true],"2048x2048":["https:\/\/i0.wp.com\/ismaelcolosi.com.br\/wp-content\/uploads\/2024\/03\/Copia-de-Copia-de-TAMANHO-EXATO-PARA-FOTOS-NO-SISTEMA-NOVO-35.jpg?fit=1200%2C675&ssl=1",1200,675,true],"really-simple-thumb":["https:\/\/i0.wp.com\/ismaelcolosi.com.br\/wp-content\/uploads\/2024\/03\/Copia-de-Copia-de-TAMANHO-EXATO-PARA-FOTOS-NO-SISTEMA-NOVO-35.jpg?resize=370%2C247&ssl=1",370,247,true]},"uagb_author_info":{"display_name":"ismaelcolosi.com.br","author_link":"https:\/\/ismaelcolosi.com.br\/index.php\/author\/vidareal-online\/"},"uagb_comment_info":0,"uagb_excerpt":"Uma a\u00e7\u00e3o voltada para adultos que queiram aprender sobre como escolher brinquedos, recursos e conte\u00fados para \u00e0s crian\u00e7as, acontece nesta quinta-feira (7) e no dia...","jetpack-related-posts":[{"id":41179,"url":"https:\/\/ismaelcolosi.com.br\/index.php\/2024\/03\/06\/projeto-social-oferece-mais-de-200-vagas-para-curso-de-capacitacao-em-ribeirao-preto\/","url_meta":{"origin":41165,"position":0},"title":"Projeto social oferece mais de 200 vagas para curso de capacita\u00e7\u00e3o em Ribeir\u00e3o Preto","author":"ismaelcolosi.com.br","date":"6 de March de 2024","format":false,"excerpt":"Est\u00e3o abertas as inscri\u00e7\u00f5es para um curso de capacita\u00e7\u00e3o em compet\u00eancias socioemocionais, conhecidas como soft skills, destinado a alunos da rede p\u00fablica de Ribeir\u00e3o Preto, que estejam cursando o ensino m\u00e9dio. \u00a0 Os interessados t\u00eam at\u00e9 o dia 14 de abril para se inscreverem. Ao todo, s\u00e3o 245 vagas, sendo\u2026","rel":"","context":"In &quot;Not\u00edcias de Ribeir\u00e3o Preto-SP e Regi\u00e3o&quot;","block_context":{"text":"Not\u00edcias de Ribeir\u00e3o Preto-SP e Regi\u00e3o","link":"https:\/\/ismaelcolosi.com.br\/index.php\/category\/noticias-de-ribeirao-preto-sp-e-regiao-ismael-colosi\/"},"img":{"alt_text":"","src":"https:\/\/i0.wp.com\/ismaelcolosi.com.br\/wp-content\/uploads\/2024\/03\/2023-05-06-Projete-319-1-.jpg?fit=1200%2C800&ssl=1&resize=350%2C200","width":350,"height":200,"srcset":"https:\/\/i0.wp.com\/ismaelcolosi.com.br\/wp-content\/uploads\/2024\/03\/2023-05-06-Projete-319-1-.jpg?fit=1200%2C800&ssl=1&resize=350%2C200 1x, https:\/\/i0.wp.com\/ismaelcolosi.com.br\/wp-content\/uploads\/2024\/03\/2023-05-06-Projete-319-1-.jpg?fit=1200%2C800&ssl=1&resize=525%2C300 1.5x, https:\/\/i0.wp.com\/ismaelcolosi.com.br\/wp-content\/uploads\/2024\/03\/2023-05-06-Projete-319-1-.jpg?fit=1200%2C800&ssl=1&resize=700%2C400 2x, https:\/\/i0.wp.com\/ismaelcolosi.com.br\/wp-content\/uploads\/2024\/03\/2023-05-06-Projete-319-1-.jpg?fit=1200%2C800&ssl=1&resize=1050%2C600 3x"},"classes":[]},{"id":41651,"url":"https:\/\/ismaelcolosi.com.br\/index.php\/2024\/03\/10\/labirinto-do-livro-encantado-realiza-evento-com-mel-oliani\/","url_meta":{"origin":41165,"position":1},"title":"Labirinto do Livro Encantado realiza evento com Mel Oliani","author":"ismaelcolosi.com.br","date":"10 de March de 2024","format":false,"excerpt":"Instalado no Shopping Iguatemi, o Labirinto do Livro Encantado, iniciativa l\u00fadica, imersiva e sensorial criada para estimular a leitura, a criatividade e a imagina\u00e7\u00e3o das crian\u00e7as, realiza uma a\u00e7\u00e3o gratuita voltada a adultos. At\u00e9 o dia 14 de mar\u00e7o, \u00e0s 19h, acontece o evento \u201cConversas no Labirinto\u201d, programa\u00e7\u00e3o especial com\u2026","rel":"","context":"In &quot;Not\u00edcias de Ribeir\u00e3o Preto-SP e Regi\u00e3o&quot;","block_context":{"text":"Not\u00edcias de Ribeir\u00e3o Preto-SP e Regi\u00e3o","link":"https:\/\/ismaelcolosi.com.br\/index.php\/category\/noticias-de-ribeirao-preto-sp-e-regiao-ismael-colosi\/"},"img":{"alt_text":"","src":"https:\/\/i0.wp.com\/ismaelcolosi.com.br\/wp-content\/uploads\/2024\/03\/Mel-Oliani-scaled.jpg?fit=867%2C645&ssl=1&resize=350%2C200","width":350,"height":200,"srcset":"https:\/\/i0.wp.com\/ismaelcolosi.com.br\/wp-content\/uploads\/2024\/03\/Mel-Oliani-scaled.jpg?fit=867%2C645&ssl=1&resize=350%2C200 1x, https:\/\/i0.wp.com\/ismaelcolosi.com.br\/wp-content\/uploads\/2024\/03\/Mel-Oliani-scaled.jpg?fit=867%2C645&ssl=1&resize=525%2C300 1.5x, https:\/\/i0.wp.com\/ismaelcolosi.com.br\/wp-content\/uploads\/2024\/03\/Mel-Oliani-scaled.jpg?fit=867%2C645&ssl=1&resize=700%2C400 2x"},"classes":[]},{"id":12961,"url":"https:\/\/ismaelcolosi.com.br\/index.php\/2023\/12\/08\/veja-como-participar-da-campanha-natal-das-criancas-do-fundo-social-de-ribeirao\/","url_meta":{"origin":41165,"position":2},"title":"Veja como participar da campanha Natal das Crian\u00e7as do Fundo Social de Ribeir\u00e3o","author":"ismaelcolosi.com.br","date":"8 de December de 2023","format":false,"excerpt":"O Fundo Social de Solidariedade de Ribeir\u00e3o Preto lan\u00e7ou nesta sexta-feira (8) a campanha \u201cNatal das Crian\u00e7as\u201d, que pretende arrecadar brinquedos novos e usados (em bom estado de conserva\u00e7\u00e3o) para crian\u00e7as carentes. As doa\u00e7\u00f5es podem ser realizadas at\u00e9 o dia 20 de dezembro, na sede do Fundo Social, que fica\u2026","rel":"","context":"In &quot;Not\u00edcias de Ribeir\u00e3o Preto-SP e Regi\u00e3o&quot;","block_context":{"text":"Not\u00edcias de Ribeir\u00e3o Preto-SP e Regi\u00e3o","link":"https:\/\/ismaelcolosi.com.br\/index.php\/category\/noticias-de-ribeirao-preto-sp-e-regiao-ismael-colosi\/"},"img":{"alt_text":"","src":"https:\/\/i0.wp.com\/ismaelcolosi.com.br\/wp-content\/uploads\/2023\/12\/papai-noel.jpg?fit=1200%2C800&ssl=1&resize=350%2C200","width":350,"height":200,"srcset":"https:\/\/i0.wp.com\/ismaelcolosi.com.br\/wp-content\/uploads\/2023\/12\/papai-noel.jpg?fit=1200%2C800&ssl=1&resize=350%2C200 1x, https:\/\/i0.wp.com\/ismaelcolosi.com.br\/wp-content\/uploads\/2023\/12\/papai-noel.jpg?fit=1200%2C800&ssl=1&resize=525%2C300 1.5x, https:\/\/i0.wp.com\/ismaelcolosi.com.br\/wp-content\/uploads\/2023\/12\/papai-noel.jpg?fit=1200%2C800&ssl=1&resize=700%2C400 2x, https:\/\/i0.wp.com\/ismaelcolosi.com.br\/wp-content\/uploads\/2023\/12\/papai-noel.jpg?fit=1200%2C800&ssl=1&resize=1050%2C600 3x"},"classes":[]},{"id":8760,"url":"https:\/\/ismaelcolosi.com.br\/index.php\/2023\/11\/30\/ribeirao-recebe-oficina-de-circo-com-atividades-gratuitas-para-criancas-e-adultos\/","url_meta":{"origin":41165,"position":3},"title":"Ribeir\u00e3o recebe oficina de circo com atividades gratuitas para crian\u00e7as e adultos","author":"ismaelcolosi.com.br","date":"30 de November de 2023","format":false,"excerpt":"Crian\u00e7as e adultos de todas as idades poder\u00e3o viver uma experi\u00eancia pelo universo dos picadeiros, atrav\u00e9s de workshops, durante o Pow Festival, evento de criatividade e tecnologia, que acontece nos dias 09 e 10 de dezembro, no Espa\u00e7o A F\u00e1brica, no Centro de Ribeir\u00e3o Preto. As atividades do Circo Show\u2026","rel":"","context":"In &quot;Not\u00edcias de Ribeir\u00e3o Preto-SP e Regi\u00e3o&quot;","block_context":{"text":"Not\u00edcias de Ribeir\u00e3o Preto-SP e Regi\u00e3o","link":"https:\/\/ismaelcolosi.com.br\/index.php\/category\/noticias-de-ribeirao-preto-sp-e-regiao-ismael-colosi\/"},"img":{"alt_text":"","src":"https:\/\/i0.wp.com\/ismaelcolosi.com.br\/wp-content\/uploads\/2023\/11\/Circo-Show.png?fit=1037%2C675&ssl=1&resize=350%2C200","width":350,"height":200,"srcset":"https:\/\/i0.wp.com\/ismaelcolosi.com.br\/wp-content\/uploads\/2023\/11\/Circo-Show.png?fit=1037%2C675&ssl=1&resize=350%2C200 1x, https:\/\/i0.wp.com\/ismaelcolosi.com.br\/wp-content\/uploads\/2023\/11\/Circo-Show.png?fit=1037%2C675&ssl=1&resize=525%2C300 1.5x, https:\/\/i0.wp.com\/ismaelcolosi.com.br\/wp-content\/uploads\/2023\/11\/Circo-Show.png?fit=1037%2C675&ssl=1&resize=700%2C400 2x"},"classes":[]},{"id":69849,"url":"https:\/\/ismaelcolosi.com.br\/index.php\/2024\/10\/08\/sesi-ribeirao-preto-tem-programacao-especial-para-o-dia-das-criancas\/","url_meta":{"origin":41165,"position":4},"title":"Sesi Ribeir\u00e3o Preto tem programa\u00e7\u00e3o especial para o Dia das Crian\u00e7as","author":"ismaelcolosi.com.br","date":"8 de October de 2024","format":false,"excerpt":"Mais uma edi\u00e7\u00e3o do \u201cBrincadeira & Cia\u201d retorna ao Sesi Ribeir\u00e3o Preto neste domingo (13), das 9h \u00e0s 17h, no Centro de Atividades (CAT), localizado na rua Arthur Jos\u00e9 Suzana s\/n\u00ba, no Jardim Castelo Branco. O evento foi criado especialmente para comemorar o Dia das Crian\u00e7as e oferece atividades gratuitas\u2026","rel":"","context":"In &quot;Not\u00edcias de Ribeir\u00e3o Preto-SP e Regi\u00e3o&quot;","block_context":{"text":"Not\u00edcias de Ribeir\u00e3o Preto-SP e Regi\u00e3o","link":"https:\/\/ismaelcolosi.com.br\/index.php\/category\/noticias-de-ribeirao-preto-sp-e-regiao-ismael-colosi\/"},"img":{"alt_text":"","src":"https:\/\/i0.wp.com\/ismaelcolosi.com.br\/wp-content\/uploads\/2024\/10\/medium-shot-kids-holding-balloons_2024-10-08_14-15-02_jpg_2024-10-08_14-15-05-scaled.webp.webp?fit=1200%2C800&ssl=1&resize=350%2C200","width":350,"height":200,"srcset":"https:\/\/i0.wp.com\/ismaelcolosi.com.br\/wp-content\/uploads\/2024\/10\/medium-shot-kids-holding-balloons_2024-10-08_14-15-02_jpg_2024-10-08_14-15-05-scaled.webp.webp?fit=1200%2C800&ssl=1&resize=350%2C200 1x, https:\/\/i0.wp.com\/ismaelcolosi.com.br\/wp-content\/uploads\/2024\/10\/medium-shot-kids-holding-balloons_2024-10-08_14-15-02_jpg_2024-10-08_14-15-05-scaled.webp.webp?fit=1200%2C800&ssl=1&resize=525%2C300 1.5x, https:\/\/i0.wp.com\/ismaelcolosi.com.br\/wp-content\/uploads\/2024\/10\/medium-shot-kids-holding-balloons_2024-10-08_14-15-02_jpg_2024-10-08_14-15-05-scaled.webp.webp?fit=1200%2C800&ssl=1&resize=700%2C400 2x, https:\/\/i0.wp.com\/ismaelcolosi.com.br\/wp-content\/uploads\/2024\/10\/medium-shot-kids-holding-balloons_2024-10-08_14-15-02_jpg_2024-10-08_14-15-05-scaled.webp.webp?fit=1200%2C800&ssl=1&resize=1050%2C600 3x"},"classes":[]},{"id":70549,"url":"https:\/\/ismaelcolosi.com.br\/index.php\/2024\/10\/11\/fim-de-semana-em-ribeirao-preto-tem-shows-e-programacao-de-dia-das-criancas\/","url_meta":{"origin":41165,"position":5},"title":"Fim de semana em Ribeir\u00e3o Preto tem shows e programa\u00e7\u00e3o de Dia das Crian\u00e7as","author":"ismaelcolosi.com.br","date":"11 de October de 2024","format":false,"excerpt":"Este fim de semana \u00e9 marcado pelo feriado de Nossa Senhora Aparecida e o Dia das Crian\u00e7as. Entre as atra\u00e7\u00f5es da agenda cultural est\u00e3o o show da turn\u00ea de despedida da banda Natiruts e a Romaria de Nossa Senhora, que promete reunir diversos fi\u00e9is, al\u00e9m de diversas atividades para a\u2026","rel":"","context":"In &quot;Not\u00edcias de Ribeir\u00e3o Preto-SP e Regi\u00e3o&quot;","block_context":{"text":"Not\u00edcias de Ribeir\u00e3o Preto-SP e Regi\u00e3o","link":"https:\/\/ismaelcolosi.com.br\/index.php\/category\/noticias-de-ribeirao-preto-sp-e-regiao-ismael-colosi\/"},"img":{"alt_text":"","src":"https:\/\/i0.wp.com\/ismaelcolosi.com.br\/wp-content\/uploads\/2024\/10\/children-playing-grass_2024-10-11_13-54-35_jpg_2024-10-11_13-54-38-scaled.webp.webp?fit=1200%2C800&ssl=1&resize=350%2C200","width":350,"height":200,"srcset":"https:\/\/i0.wp.com\/ismaelcolosi.com.br\/wp-content\/uploads\/2024\/10\/children-playing-grass_2024-10-11_13-54-35_jpg_2024-10-11_13-54-38-scaled.webp.webp?fit=1200%2C800&ssl=1&resize=350%2C200 1x, https:\/\/i0.wp.com\/ismaelcolosi.com.br\/wp-content\/uploads\/2024\/10\/children-playing-grass_2024-10-11_13-54-35_jpg_2024-10-11_13-54-38-scaled.webp.webp?fit=1200%2C800&ssl=1&resize=525%2C300 1.5x, https:\/\/i0.wp.com\/ismaelcolosi.com.br\/wp-content\/uploads\/2024\/10\/children-playing-grass_2024-10-11_13-54-35_jpg_2024-10-11_13-54-38-scaled.webp.webp?fit=1200%2C800&ssl=1&resize=700%2C400 2x, https:\/\/i0.wp.com\/ismaelcolosi.com.br\/wp-content\/uploads\/2024\/10\/children-playing-grass_2024-10-11_13-54-35_jpg_2024-10-11_13-54-38-scaled.webp.webp?fit=1200%2C800&ssl=1&resize=1050%2C600 3x"},"classes":[]}],"jetpack_sharing_enabled":true,"jetpack_shortlink":"https:\/\/wp.me\/pfMlyK-aHX","_links":{"self":[{"href":"https:\/\/ismaelcolosi.com.br\/index.php\/wp-json\/wp\/v2\/posts\/41165","targetHints":{"allow":["GET"]}}],"collection":[{"href":"https:\/\/ismaelcolosi.com.br\/index.php\/wp-json\/wp\/v2\/posts"}],"about":[{"href":"https:\/\/ismaelcolosi.com.br\/index.php\/wp-json\/wp\/v2\/types\/post"}],"author":[{"embeddable":true,"href":"https:\/\/ismaelcolosi.com.br\/index.php\/wp-json\/wp\/v2\/users\/1"}],"replies":[{"embeddable":true,"href":"https:\/\/ismaelcolosi.com.br\/index.php\/wp-json\/wp\/v2\/comments?post=41165"}],"version-history":[{"count":0,"href":"https:\/\/ismaelcolosi.com.br\/index.php\/wp-json\/wp\/v2\/posts\/41165\/revisions"}],"wp:featuredmedia":[{"embeddable":true,"href":"https:\/\/ismaelcolosi.com.br\/index.php\/wp-json\/wp\/v2\/media\/41166"}],"wp:attachment":[{"href":"https:\/\/ismaelcolosi.com.br\/index.php\/wp-json\/wp\/v2\/media?parent=41165"}],"wp:term":[{"taxonomy":"category","embeddable":true,"href":"https:\/\/ismaelcolosi.com.br\/index.php\/wp-json\/wp\/v2\/categories?post=41165"},{"taxonomy":"post_tag","embeddable":true,"href":"https:\/\/ismaelcolosi.com.br\/index.php\/wp-json\/wp\/v2\/tags?post=41165"}],"curies":[{"name":"wp","href":"https:\/\/api.w.org\/{rel}","templated":true}]}}