{"id":41021,"date":"2024-03-06T12:32:47","date_gmt":"2024-03-06T15:32:47","guid":{"rendered":"https:\/\/ismaelcolosi.com.br\/index.php\/2024\/03\/06\/brasil-ja-soma-125-mi-de-casos-de-dengue\/"},"modified":"2024-03-06T12:32:47","modified_gmt":"2024-03-06T15:32:47","slug":"brasil-ja-soma-125-mi-de-casos-de-dengue","status":"publish","type":"post","link":"https:\/\/ismaelcolosi.com.br\/index.php\/2024\/03\/06\/brasil-ja-soma-125-mi-de-casos-de-dengue\/","title":{"rendered":"Brasil j\u00e1 soma\u00a01,25 mi de casos de dengue"},"content":{"rendered":"<p> <br \/>\n<\/p>\n<div id=\"post-376345\">\n<header class=\"entry-header penci-entry-header penci-title-center\">\n<p> <span class=\"entry-meta-item penci-posted-on\"><i class=\"fa fa-clock-o\"\/><time class=\"entry-date published\" datetime=\"2024-03-06T12:30:46-03:00\">6 de mar\u00e7o de 2024 | 12:30<\/time><time class=\"updated\" datetime=\"2024-03-06T12:05:08-03:00\">6 de mar\u00e7o de 2024 | 12:05<\/time><\/span><\/p>\n<p> <span class=\"penci-social-buttons penci-social-share-footer\"><a href=\"#\" class=\"penci-post-like penci_post-meta_item  single-like-button penci-social-item like\" data-post_id=\"376345\" title=\"Like\" data-like=\"Like\" data-unlike=\"Unlike\"><i class=\"fa fa-thumbs-o-up\"\/><span class=\"penci-share-number\">0<\/span><\/a><i class=\"fa fa-facebook\"\/><a class=\"penci-social-item twitter\" target=\"_blank\" rel=\"noopener\" title=\"\" href=\"https:\/\/twitter.com\/intent\/tweet?text=Brasil%20j\u00e1%20soma\u00a01,25%20mi%20de%20casos%20de%20dengue%20-%20https:\/\/www.tribunaribeirao.com.br\/site\/brasil-ja-soma-125-mi-de-casos-de-dengue\/\"><i class=\"fa fa-twitter\"\/><\/a><i class=\"fa fa-whatsapp\"\/><\/span><\/header>\n<div class=\"penci-entry-content entry-content\">\n<p><span data-contrast=\"auto\">Desde o in\u00edcio do ano, o Brasil registrou 1.253.919 casos prov\u00e1veis de dengue e 299 mortes confirmadas pela doen\u00e7a. Outros 765 \u00f3bitos est\u00e3o em investiga\u00e7\u00e3o. O coeficiente de incid\u00eancia da dengue no pa\u00eds, neste momento, \u00e9 de 617,5 casos para cada grupo de 100 mil habitantes. <\/span><\/p><div class='code-block code-block-8' style='margin: 8px auto; text-align: center; display: block; clear: both;'>\n<script>\n  atOptions = {\n    'key' : '66e2e2111ca34da796271819fc334058',\n    'format' : 'iframe',\n    'height' : 250,\n    'width' : 300,\n    'params' : {}\n  };\n<\/script>\n<script src=\"https:\/\/www.highperformanceformat.com\/66e2e2111ca34da796271819fc334058\/invoke.js\"><\/script>\n<\/div>\n\n<p><span data-contrast=\"auto\">Os dados s\u00e3o do Painel de Monitoramento das Arboviroses, divulgados nesta ter\u00e7a-feira, 5 de mar\u00e7o, em Bras\u00edlia, pelo do Minist\u00e9rio da Sa\u00fade. Na segunda-feira (4), eram 1.212.263 casos no pa\u00eds, 597 por grupo de 100 mil habitantes.\u00a0 O pa\u00eds somava 278 mortes em decorr\u00eancia da doen\u00e7a transmitida pelo Aedes aegypti e 744 estavam em investiga\u00e7\u00e3o. <\/span><\/p>\n<p><span data-contrast=\"auto\">Segundo a ministra da Sa\u00fade, N\u00edsia Trindade, o Brasil poder\u00e1 ter neste ano o dobro de casos de dengue registrados em 2023, que chegou a 1.658.816 casos. A previs\u00e3o \u00e9 que o pa\u00eds chegue aos 4,2 milh\u00f5es de casos em 2024. Algo nunca antes visto nas mais de quatro d\u00e9cadas de combate \u00e0 dengue em territ\u00f3rio nacional. <\/span><\/p>\n<p><span data-contrast=\"auto\">Os principais sintomas relacionados \u00e0 dengue s\u00e3o febre alta de in\u00edcio repentino, dor atr\u00e1s dos olhos, mal estar, prostra\u00e7\u00e3o e dores no corpo.\u00a0 O v\u00edrus da dengue pode ser transmitido ao homem principalmente pela picada de f\u00eameas de Aedes aegypti infectadas.\u00a0<\/span><span data-ccp-props=\"{&quot;201341983&quot;:0,&quot;335559739&quot;:200,&quot;335559740&quot;:276}\">\u00a0<\/span><\/p>\n<p>\u00a0<\/p>\n<\/div>\n<footer class=\"penci-entry-footer\"\/><\/div>\n<p><script async src=\"\/\/platform.twitter.com\/widgets.js\" charset=\"utf-8\"><\/script><br \/>\n<br \/><br \/>\n<br \/><a href=\"https:\/\/www.tribunaribeirao.com.br\/site\/brasil-ja-soma-125-mi-de-casos-de-dengue\/\">Source link <\/a><\/p>\n<div class='code-block code-block-4' style='margin: 8px auto 8px 0; text-align: left; display: block; clear: both;'>\n\ud83d\udce2 Aviso Legal\n\nO site ismaelcolosi.com.br atua apenas como um canal de divulga\u00e7\u00e3o de oportunidades de emprego e n\u00e3o se responsabiliza pelo processo seletivo, contrata\u00e7\u00e3o ou qualquer outra etapa relacionada \u00e0s vagas publicadas. Todas as informa\u00e7\u00f5es s\u00e3o de responsabilidade dos anunciantes.\n\n\u26a0\ufe0f Aten\u00e7\u00e3o! Nunca pague por promessas de emprego nem compre cursos que garantam contrata\u00e7\u00e3o. Desconfie de qualquer cobran\u00e7a para participar de sele\u00e7\u00f5es.\n\n\n\n<\/div>\n<!-- CONTENT END 1 -->\n","protected":false},"excerpt":{"rendered":"<p>6 de mar\u00e7o de 2024 | 12:306 de mar\u00e7o de 2024 | 12:05 0 Desde o in\u00edcio do ano, o Brasil registrou 1.253.919 casos prov\u00e1veis&#8230;<\/p>\n","protected":false},"author":1,"featured_media":41022,"comment_status":"open","ping_status":"open","sticky":false,"template":"","format":"standard","meta":{"_uag_custom_page_level_css":"","advanced_seo_description":"","jetpack_seo_html_title":"","jetpack_seo_noindex":false,"jetpack_post_was_ever_published":false,"_jetpack_newsletter_access":"","_jetpack_dont_email_post_to_subs":false,"_jetpack_newsletter_tier_id":0,"_jetpack_memberships_contains_paywalled_content":false,"_jetpack_memberships_contains_paid_content":false,"footnotes":"","jetpack_publicize_message":"","jetpack_publicize_feature_enabled":true,"jetpack_social_post_already_shared":true,"jetpack_social_options":{"image_generator_settings":{"template":"highway","default_image_id":0,"font":"","enabled":false},"version":2}},"categories":[11],"tags":[137,996,1269,292,4793],"class_list":["post-41021","post","type-post","status-publish","format-standard","has-post-thumbnail","hentry","category-noticias-de-ribeirao-preto-sp-e-regiao-ismael-colosi","tag-brasil","tag-casos","tag-dengue","tag-ja","tag-soma125"],"jetpack_publicize_connections":[],"jetpack_featured_media_url":"https:\/\/i0.wp.com\/ismaelcolosi.com.br\/wp-content\/uploads\/2024\/03\/DengueSP-Marcelo-Camargo-Ag.Br_-scaled.jpg?fit=967%2C645&ssl=1","uagb_featured_image_src":{"full":["https:\/\/i0.wp.com\/ismaelcolosi.com.br\/wp-content\/uploads\/2024\/03\/DengueSP-Marcelo-Camargo-Ag.Br_-scaled.jpg?fit=967%2C645&ssl=1",967,645,false],"thumbnail":["https:\/\/i0.wp.com\/ismaelcolosi.com.br\/wp-content\/uploads\/2024\/03\/DengueSP-Marcelo-Camargo-Ag.Br_-scaled.jpg?resize=150%2C150&ssl=1",150,150,true],"medium":["https:\/\/i0.wp.com\/ismaelcolosi.com.br\/wp-content\/uploads\/2024\/03\/DengueSP-Marcelo-Camargo-Ag.Br_-scaled.jpg?fit=300%2C200&ssl=1",300,200,true],"medium_large":["https:\/\/i0.wp.com\/ismaelcolosi.com.br\/wp-content\/uploads\/2024\/03\/DengueSP-Marcelo-Camargo-Ag.Br_-scaled.jpg?fit=768%2C512&ssl=1",768,512,true],"large":["https:\/\/i0.wp.com\/ismaelcolosi.com.br\/wp-content\/uploads\/2024\/03\/DengueSP-Marcelo-Camargo-Ag.Br_-scaled.jpg?fit=967%2C645&ssl=1",967,645,true],"1536x1536":["https:\/\/i0.wp.com\/ismaelcolosi.com.br\/wp-content\/uploads\/2024\/03\/DengueSP-Marcelo-Camargo-Ag.Br_-scaled.jpg?fit=967%2C645&ssl=1",967,645,true],"2048x2048":["https:\/\/i0.wp.com\/ismaelcolosi.com.br\/wp-content\/uploads\/2024\/03\/DengueSP-Marcelo-Camargo-Ag.Br_-scaled.jpg?fit=967%2C645&ssl=1",967,645,true],"really-simple-thumb":["https:\/\/i0.wp.com\/ismaelcolosi.com.br\/wp-content\/uploads\/2024\/03\/DengueSP-Marcelo-Camargo-Ag.Br_-scaled.jpg?resize=370%2C247&ssl=1",370,247,true]},"uagb_author_info":{"display_name":"ismaelcolosi.com.br","author_link":"https:\/\/ismaelcolosi.com.br\/index.php\/author\/vidareal-online\/"},"uagb_comment_info":0,"uagb_excerpt":"6 de mar\u00e7o de 2024 | 12:306 de mar\u00e7o de 2024 | 12:05 0 Desde o in\u00edcio do ano, o Brasil registrou 1.253.919 casos prov\u00e1veis...","jetpack-related-posts":[{"id":41540,"url":"https:\/\/ismaelcolosi.com.br\/index.php\/2024\/03\/08\/brasil-supera-13-mi-de-casos-de-dengue\/","url_meta":{"origin":41021,"position":0},"title":"Brasil supera 1,3 mi de casos de dengue","author":"ismaelcolosi.com.br","date":"8 de March de 2024","format":false,"excerpt":"8 de mar\u00e7o de 2024 | 18:007 de mar\u00e7o de 2024 | 21:01 0Desde o in\u00edcio do ano, o Brasil registrou 1.318.336 casos prov\u00e1veis de dengue e 343 mortes confirmadas pela doen\u00e7a. Outros 775 \u00f3bitos est\u00e3o em investiga\u00e7\u00e3o. O coeficiente de incid\u00eancia da dengue no pa\u00eds, neste momento, \u00e9 de\u2026","rel":"","context":"In &quot;Not\u00edcias de Ribeir\u00e3o Preto-SP e Regi\u00e3o&quot;","block_context":{"text":"Not\u00edcias de Ribeir\u00e3o Preto-SP e Regi\u00e3o","link":"https:\/\/ismaelcolosi.com.br\/index.php\/category\/noticias-de-ribeirao-preto-sp-e-regiao-ismael-colosi\/"},"img":{"alt_text":"","src":"https:\/\/i0.wp.com\/ismaelcolosi.com.br\/wp-content\/uploads\/2024\/03\/DengueRP-Divulgacao-03-scaled.jpg?fit=1000%2C563&ssl=1&resize=350%2C200","width":350,"height":200,"srcset":"https:\/\/i0.wp.com\/ismaelcolosi.com.br\/wp-content\/uploads\/2024\/03\/DengueRP-Divulgacao-03-scaled.jpg?fit=1000%2C563&ssl=1&resize=350%2C200 1x, https:\/\/i0.wp.com\/ismaelcolosi.com.br\/wp-content\/uploads\/2024\/03\/DengueRP-Divulgacao-03-scaled.jpg?fit=1000%2C563&ssl=1&resize=525%2C300 1.5x, https:\/\/i0.wp.com\/ismaelcolosi.com.br\/wp-content\/uploads\/2024\/03\/DengueRP-Divulgacao-03-scaled.jpg?fit=1000%2C563&ssl=1&resize=700%2C400 2x"},"classes":[]},{"id":40132,"url":"https:\/\/ismaelcolosi.com.br\/index.php\/2024\/03\/01\/brasil-tem-mais-de-um-milhao-de-casos-de-dengue-este-ano\/","url_meta":{"origin":41021,"position":1},"title":"Brasil tem mais de um milh\u00e3o de casos de dengue este ano","author":"ismaelcolosi.com.br","date":"1 de March de 2024","format":false,"excerpt":"1 de mar\u00e7o de 2024 | 10:301 de mar\u00e7o de 2024 | 8:59 0Desde o in\u00edcio do ano, o Brasil registrou 1.017.278 casos prov\u00e1veis de dengue e 214 mortes confirmadas pela doen\u00e7a. Outros 687 \u00f3bitos est\u00e3o em investiga\u00e7\u00e3o. O coeficiente de incid\u00eancia da dengue no pa\u00eds, neste momento, \u00e9 de\u2026","rel":"","context":"In &quot;Not\u00edcias de Ribeir\u00e3o Preto-SP e Regi\u00e3o&quot;","block_context":{"text":"Not\u00edcias de Ribeir\u00e3o Preto-SP e Regi\u00e3o","link":"https:\/\/ismaelcolosi.com.br\/index.php\/category\/noticias-de-ribeirao-preto-sp-e-regiao-ismael-colosi\/"},"img":{"alt_text":"","src":"https:\/\/i0.wp.com\/ismaelcolosi.com.br\/wp-content\/uploads\/2024\/03\/31bebc31-4506-4dd7-9015-8c1787b74c75-scaled.jpg?fit=1000%2C598&ssl=1&resize=350%2C200","width":350,"height":200,"srcset":"https:\/\/i0.wp.com\/ismaelcolosi.com.br\/wp-content\/uploads\/2024\/03\/31bebc31-4506-4dd7-9015-8c1787b74c75-scaled.jpg?fit=1000%2C598&ssl=1&resize=350%2C200 1x, https:\/\/i0.wp.com\/ismaelcolosi.com.br\/wp-content\/uploads\/2024\/03\/31bebc31-4506-4dd7-9015-8c1787b74c75-scaled.jpg?fit=1000%2C598&ssl=1&resize=525%2C300 1.5x, https:\/\/i0.wp.com\/ismaelcolosi.com.br\/wp-content\/uploads\/2024\/03\/31bebc31-4506-4dd7-9015-8c1787b74c75-scaled.jpg?fit=1000%2C598&ssl=1&resize=700%2C400 2x"},"classes":[]},{"id":43671,"url":"https:\/\/ismaelcolosi.com.br\/index.php\/2024\/03\/22\/dengue-ultrapassa-2-milhoes-de-casos\/","url_meta":{"origin":41021,"position":2},"title":"Dengue ultrapassa 2 milh\u00f5es de casos\u00a0","author":"ismaelcolosi.com.br","date":"22 de March de 2024","format":false,"excerpt":"22 de mar\u00e7o de 2024 | 16:0022 de mar\u00e7o de 2024 | 11:51 0 O Brasil superou a barreira de dois milh\u00f5es de casos de dengue. Desde o in\u00edcio do ano, j\u00e1 s\u00e3o 2.010.896 e 682 mortes confirmadas pela doen\u00e7a. Outros 1.042 \u00f3bitos est\u00e3o em investiga\u00e7\u00e3o. O coeficiente de incid\u00eancia\u2026","rel":"","context":"In &quot;Not\u00edcias de Ribeir\u00e3o Preto-SP e Regi\u00e3o&quot;","block_context":{"text":"Not\u00edcias de Ribeir\u00e3o Preto-SP e Regi\u00e3o","link":"https:\/\/ismaelcolosi.com.br\/index.php\/category\/noticias-de-ribeirao-preto-sp-e-regiao-ismael-colosi\/"},"img":{"alt_text":"","src":"https:\/\/i0.wp.com\/ismaelcolosi.com.br\/wp-content\/uploads\/2024\/03\/DengueRP-Divulgacao-okyy-scaled.jpg?fit=1000%2C562&ssl=1&resize=350%2C200","width":350,"height":200,"srcset":"https:\/\/i0.wp.com\/ismaelcolosi.com.br\/wp-content\/uploads\/2024\/03\/DengueRP-Divulgacao-okyy-scaled.jpg?fit=1000%2C562&ssl=1&resize=350%2C200 1x, https:\/\/i0.wp.com\/ismaelcolosi.com.br\/wp-content\/uploads\/2024\/03\/DengueRP-Divulgacao-okyy-scaled.jpg?fit=1000%2C562&ssl=1&resize=525%2C300 1.5x, https:\/\/i0.wp.com\/ismaelcolosi.com.br\/wp-content\/uploads\/2024\/03\/DengueRP-Divulgacao-okyy-scaled.jpg?fit=1000%2C562&ssl=1&resize=700%2C400 2x"},"classes":[]},{"id":44338,"url":"https:\/\/ismaelcolosi.com.br\/index.php\/2024\/03\/27\/dengue-supera-23-milhoes-de-casos\/","url_meta":{"origin":41021,"position":3},"title":"Dengue supera 2,3 milh\u00f5es de casos\u00a0","author":"ismaelcolosi.com.br","date":"27 de March de 2024","format":false,"excerpt":"27 de mar\u00e7o de 2024 | 12:0027 de mar\u00e7o de 2024 | 9:34 0 O Brasil superou a barreira de 2,3 milh\u00f5es de casos de dengue. Desde o in\u00edcio do ano, j\u00e1 s\u00e3o 2.321.050 e 831 mortes confirmadas pela doen\u00e7a. Outros 1.267 \u00f3bitos est\u00e3o em investiga\u00e7\u00e3o. O coeficiente de incid\u00eancia\u2026","rel":"","context":"In &quot;Not\u00edcias de Ribeir\u00e3o Preto-SP e Regi\u00e3o&quot;","block_context":{"text":"Not\u00edcias de Ribeir\u00e3o Preto-SP e Regi\u00e3o","link":"https:\/\/ismaelcolosi.com.br\/index.php\/category\/noticias-de-ribeirao-preto-sp-e-regiao-ismael-colosi\/"},"img":{"alt_text":"","src":"https:\/\/i0.wp.com\/ismaelcolosi.com.br\/wp-content\/uploads\/2024\/03\/DengueRP-Aedes-Arquivo-Ag.Br_.jpg?fit=1140%2C760&ssl=1&resize=350%2C200","width":350,"height":200,"srcset":"https:\/\/i0.wp.com\/ismaelcolosi.com.br\/wp-content\/uploads\/2024\/03\/DengueRP-Aedes-Arquivo-Ag.Br_.jpg?fit=1140%2C760&ssl=1&resize=350%2C200 1x, https:\/\/i0.wp.com\/ismaelcolosi.com.br\/wp-content\/uploads\/2024\/03\/DengueRP-Aedes-Arquivo-Ag.Br_.jpg?fit=1140%2C760&ssl=1&resize=525%2C300 1.5x, https:\/\/i0.wp.com\/ismaelcolosi.com.br\/wp-content\/uploads\/2024\/03\/DengueRP-Aedes-Arquivo-Ag.Br_.jpg?fit=1140%2C760&ssl=1&resize=700%2C400 2x, https:\/\/i0.wp.com\/ismaelcolosi.com.br\/wp-content\/uploads\/2024\/03\/DengueRP-Aedes-Arquivo-Ag.Br_.jpg?fit=1140%2C760&ssl=1&resize=1050%2C600 3x"},"classes":[]},{"id":41019,"url":"https:\/\/ismaelcolosi.com.br\/index.php\/2024\/03\/06\/ribeirao-preto-confirma-quase-mil-casos-de-dengue-em-marco-veja-os-numeros\/","url_meta":{"origin":41021,"position":4},"title":"Ribeir\u00e3o Preto confirma quase mil casos de dengue em mar\u00e7o; Veja os n\u00fameros","author":"ismaelcolosi.com.br","date":"6 de March de 2024","format":false,"excerpt":"A Secretaria da Sa\u00fade de Ribeir\u00e3o Preto confirmou quase mil casos de dengue desde o in\u00edcio de mar\u00e7o. A cidade saltou de 3.863 casos registrados, para 4.805 casos de dengue nesta quarta-feira (6). Desde o in\u00edcio do ano, duas mortes foram registradas em decorr\u00eancia da doen\u00e7a. O n\u00famero pode ser\u2026","rel":"","context":"In &quot;Not\u00edcias de Ribeir\u00e3o Preto-SP e Regi\u00e3o&quot;","block_context":{"text":"Not\u00edcias de Ribeir\u00e3o Preto-SP e Regi\u00e3o","link":"https:\/\/ismaelcolosi.com.br\/index.php\/category\/noticias-de-ribeirao-preto-sp-e-regiao-ismael-colosi\/"},"img":{"alt_text":"","src":"https:\/\/i0.wp.com\/ismaelcolosi.com.br\/wp-content\/uploads\/2024\/03\/AnyConv.com__dengue.webp.webp?fit=768%2C511&ssl=1&resize=350%2C200","width":350,"height":200,"srcset":"https:\/\/i0.wp.com\/ismaelcolosi.com.br\/wp-content\/uploads\/2024\/03\/AnyConv.com__dengue.webp.webp?fit=768%2C511&ssl=1&resize=350%2C200 1x, https:\/\/i0.wp.com\/ismaelcolosi.com.br\/wp-content\/uploads\/2024\/03\/AnyConv.com__dengue.webp.webp?fit=768%2C511&ssl=1&resize=525%2C300 1.5x, https:\/\/i0.wp.com\/ismaelcolosi.com.br\/wp-content\/uploads\/2024\/03\/AnyConv.com__dengue.webp.webp?fit=768%2C511&ssl=1&resize=700%2C400 2x"},"classes":[]},{"id":41037,"url":"https:\/\/ismaelcolosi.com.br\/index.php\/2024\/03\/06\/ribeirao-preto-confirma-quase-mil-casos-de-dengue-em-marco-veja-os-numeros-2\/","url_meta":{"origin":41021,"position":5},"title":"Ribeir\u00e3o Preto confirma quase mil casos de dengue em mar\u00e7o; Veja os n\u00fameros","author":"ismaelcolosi.com.br","date":"6 de March de 2024","format":false,"excerpt":"A Secretaria da Sa\u00fade de Ribeir\u00e3o Preto confirmou quase mil casos de dengue desde o in\u00edcio de mar\u00e7o. A cidade saltou de 3.863 casos registrados, para 4.805 casos de dengue nesta quarta-feira (6). Desde o in\u00edcio do ano, duas mortes foram registradas em decorr\u00eancia da doen\u00e7a. O n\u00famero pode ser\u2026","rel":"","context":"In &quot;Not\u00edcias de Ribeir\u00e3o Preto-SP e Regi\u00e3o&quot;","block_context":{"text":"Not\u00edcias de Ribeir\u00e3o Preto-SP e Regi\u00e3o","link":"https:\/\/ismaelcolosi.com.br\/index.php\/category\/noticias-de-ribeirao-preto-sp-e-regiao-ismael-colosi\/"},"img":{"alt_text":"","src":"https:\/\/i0.wp.com\/ismaelcolosi.com.br\/wp-content\/uploads\/2024\/03\/AnyConv.com__dengue.webp.webp?fit=768%2C511&ssl=1&resize=350%2C200","width":350,"height":200,"srcset":"https:\/\/i0.wp.com\/ismaelcolosi.com.br\/wp-content\/uploads\/2024\/03\/AnyConv.com__dengue.webp.webp?fit=768%2C511&ssl=1&resize=350%2C200 1x, https:\/\/i0.wp.com\/ismaelcolosi.com.br\/wp-content\/uploads\/2024\/03\/AnyConv.com__dengue.webp.webp?fit=768%2C511&ssl=1&resize=525%2C300 1.5x, https:\/\/i0.wp.com\/ismaelcolosi.com.br\/wp-content\/uploads\/2024\/03\/AnyConv.com__dengue.webp.webp?fit=768%2C511&ssl=1&resize=700%2C400 2x"},"classes":[]}],"jetpack_sharing_enabled":true,"jetpack_shortlink":"https:\/\/wp.me\/pfMlyK-aFD","_links":{"self":[{"href":"https:\/\/ismaelcolosi.com.br\/index.php\/wp-json\/wp\/v2\/posts\/41021","targetHints":{"allow":["GET"]}}],"collection":[{"href":"https:\/\/ismaelcolosi.com.br\/index.php\/wp-json\/wp\/v2\/posts"}],"about":[{"href":"https:\/\/ismaelcolosi.com.br\/index.php\/wp-json\/wp\/v2\/types\/post"}],"author":[{"embeddable":true,"href":"https:\/\/ismaelcolosi.com.br\/index.php\/wp-json\/wp\/v2\/users\/1"}],"replies":[{"embeddable":true,"href":"https:\/\/ismaelcolosi.com.br\/index.php\/wp-json\/wp\/v2\/comments?post=41021"}],"version-history":[{"count":0,"href":"https:\/\/ismaelcolosi.com.br\/index.php\/wp-json\/wp\/v2\/posts\/41021\/revisions"}],"wp:featuredmedia":[{"embeddable":true,"href":"https:\/\/ismaelcolosi.com.br\/index.php\/wp-json\/wp\/v2\/media\/41022"}],"wp:attachment":[{"href":"https:\/\/ismaelcolosi.com.br\/index.php\/wp-json\/wp\/v2\/media?parent=41021"}],"wp:term":[{"taxonomy":"category","embeddable":true,"href":"https:\/\/ismaelcolosi.com.br\/index.php\/wp-json\/wp\/v2\/categories?post=41021"},{"taxonomy":"post_tag","embeddable":true,"href":"https:\/\/ismaelcolosi.com.br\/index.php\/wp-json\/wp\/v2\/tags?post=41021"}],"curies":[{"name":"wp","href":"https:\/\/api.w.org\/{rel}","templated":true}]}}