{"id":4093,"date":"2023-11-20T19:52:29","date_gmt":"2023-11-20T22:52:29","guid":{"rendered":"https:\/\/ismaelcolosi.com.br\/index.php\/2023\/11\/20\/hotel-com-romeiros-de-cidades-da-regiao-de-ribeirao-preto-pega-fogo-em-aparecida\/"},"modified":"2023-11-20T19:52:29","modified_gmt":"2023-11-20T22:52:29","slug":"hotel-com-romeiros-de-cidades-da-regiao-de-ribeirao-preto-pega-fogo-em-aparecida","status":"publish","type":"post","link":"https:\/\/ismaelcolosi.com.br\/index.php\/2023\/11\/20\/hotel-com-romeiros-de-cidades-da-regiao-de-ribeirao-preto-pega-fogo-em-aparecida\/","title":{"rendered":"Hotel com romeiros de cidades da regi\u00e3o de Ribeir\u00e3o Preto pega fogo em Aparecida"},"content":{"rendered":"<p> <br \/>\n<\/p>\n<div data-td-block-uid=\"tdi_104\">\n<div class=\"tdb-block-inner td-fix-index\">\n<p>Um <strong>quarto de hotel<\/strong>, onde 50 romeiros de <strong>Franca <\/strong>e <strong>Cristais Paulistas<\/strong>, cidades na regi\u00e3o de <strong>Ribeir\u00e3o Preto<\/strong>, estavam hospedados, <strong>pegou fogo na noite do \u00faltimo s\u00e1bado (18)<\/strong>, em <strong>Aparecida<\/strong>, regi\u00e3o do Vale do Para\u00edba.<\/p>\n<p>Os fi\u00e9is sa\u00edram da regi\u00e3o para visitar o <strong>Santu\u00e1rio Nacional de Nossa Senhora Aparecida<\/strong>, na \u00faltima quinta-feira (16).<\/p><div class='code-block code-block-8' style='margin: 8px auto; text-align: center; display: block; clear: both;'>\n<script>\n  atOptions = {\n    'key' : '66e2e2111ca34da796271819fc334058',\n    'format' : 'iframe',\n    'height' : 250,\n    'width' : 300,\n    'params' : {}\n  };\n<\/script>\n<script src=\"https:\/\/www.highperformanceformat.com\/66e2e2111ca34da796271819fc334058\/invoke.js\"><\/script>\n<\/div>\n\n<p>De acordo com um dos romeiros que estava na viagem, <mark style=\"background-color:#fcb900\" class=\"has-inline-color\">os h\u00f3spedes perceberam a fuma\u00e7a no local e alertaram a recep\u00e7\u00e3o do local.<\/mark> Em poucos minutos o fogo <strong>destruiu os m\u00f3veis e eletr\u00f4nicos<\/strong> do quarto atingido.<\/p>\n<p>Ap\u00f3s o ocorrido, alguns fi\u00e9is voltaram para a regi\u00e3o entre a madruga de s\u00e1bado (18) para domingo (19). <\/p>\n<p>O<strong> Corpo de Bombeiros<\/strong> foi acionado e controlou o fogo, contudo, as causas do inc\u00eandio ainda ser\u00e3o investigadas pela Pol\u00edcia Civil de Aparecida. \u00a0<em>(Com informa\u00e7\u00f5es da EPTV).<\/em><\/p>\n<p><strong><mark style=\"background-color:#fcb900\" class=\"has-inline-color\">FIQUE ON<\/mark><\/strong><\/p>\n<p>Fique ligado em tudo que acontece em Ribeir\u00e3o Preto e regi\u00e3o. Siga os perfis do\u00a0<strong>acidade on<\/strong>\u00a0no\u00a0<a href=\"https:\/\/www.instagram.com\/acidadeonribeirao\" target=\"_blank\" rel=\"noreferrer noopener\">Instagram\u00a0<\/a>e no<a href=\"https:\/\/www.facebook.com\/acidadeonribeirao\" target=\"_blank\" rel=\"noreferrer noopener\">\u00a0Facebook.<\/a><\/p>\n<p>Receba not\u00edcias do\u00a0<strong>acidade on\u00a0<\/strong>no WhatsApp.\u00a0<a href=\"https:\/\/chat.whatsapp.com\/Bnv2w66ZT4VDyZW3oiZ69n\" target=\"_blank\" rel=\"noreferrer noopener\">Para entrar no grupo, basta clicar aqui.<\/a><\/p>\n<p>Fa\u00e7a uma den\u00fancia ou sugira uma reportagem sobre Ribeir\u00e3o Preto e regi\u00e3o pelo WhatsApp:\u00a0<strong>(16) 99117 7802.<\/strong><\/p>\n<p>VEJA TAMB\u00c9M<\/p>\n<p>Saerp alerta para falta d\u2019\u00e1gua em bairros da zona Sul de Ribeir\u00e3o\u00a0Preto<\/p>\n<p><!-- AI CONTENT END 1 -->\n<\/div>\n<\/div>\n<p><script async src=\"\/\/www.instagram.com\/embed.js\"><\/script><br \/>\n<br \/><br \/>\n<br \/><a href=\"https:\/\/www.acidadeon.com\/ribeiraopreto\/cotidiano\/hotel-com-romeiros-de-cidades-da-regiao-de-ribeirao-preto-pega-fogo-em-aparecida\/\">Source link <\/a><\/p>\n<div class='code-block code-block-4' style='margin: 8px auto 8px 0; text-align: left; display: block; clear: both;'>\n\ud83d\udce2 Aviso Legal\n\nO site ismaelcolosi.com.br atua apenas como um canal de divulga\u00e7\u00e3o de oportunidades de emprego e n\u00e3o se responsabiliza pelo processo seletivo, contrata\u00e7\u00e3o ou qualquer outra etapa relacionada \u00e0s vagas publicadas. Todas as informa\u00e7\u00f5es s\u00e3o de responsabilidade dos anunciantes.\n\n\u26a0\ufe0f Aten\u00e7\u00e3o! Nunca pague por promessas de emprego nem compre cursos que garantam contrata\u00e7\u00e3o. Desconfie de qualquer cobran\u00e7a para participar de sele\u00e7\u00f5es.\n\n\n<div data-type=\"_mgwidget\" data-widget-id=\"2000896\">\n<\/div>\n<script>(function(w,q){w[q]=w[q]||[];w[q].push([\"_mgc.load\"])})(window,\"_mgq\");\n<\/script>\n<\/div>\n<!-- CONTENT END 1 -->\n","protected":false},"excerpt":{"rendered":"<p>Um quarto de hotel, onde 50 romeiros de Franca e Cristais Paulistas, cidades na regi\u00e3o de Ribeir\u00e3o Preto, estavam hospedados, pegou fogo na noite do&#8230;<\/p>\n","protected":false},"author":1,"featured_media":4094,"comment_status":"open","ping_status":"open","sticky":false,"template":"","format":"standard","meta":{"_uag_custom_page_level_css":"","jetpack_post_was_ever_published":false,"_jetpack_newsletter_access":"","_jetpack_dont_email_post_to_subs":false,"_jetpack_newsletter_tier_id":0,"_jetpack_memberships_contains_paywalled_content":false,"_jetpack_memberships_contains_paid_content":false,"footnotes":"","jetpack_publicize_message":"","jetpack_publicize_feature_enabled":true,"jetpack_social_post_already_shared":true,"jetpack_social_options":{"image_generator_settings":{"template":"highway","default_image_id":0,"font":"","enabled":false},"version":2}},"categories":[11],"tags":[427,250,426,423,425,27,277,26,424],"class_list":["post-4093","post","type-post","status-publish","format-standard","has-post-thumbnail","hentry","category-noticias-de-ribeirao-preto-sp-e-regiao-ismael-colosi","tag-aparecida","tag-cidades","tag-fogo","tag-hotel","tag-pega","tag-preto","tag-regiao","tag-ribeirao","tag-romeiros"],"aioseo_notices":[],"jetpack_publicize_connections":[],"jetpack_featured_media_url":"https:\/\/i0.wp.com\/ismaelcolosi.com.br\/wp-content\/uploads\/2023\/11\/Design-sem-nome-9.png?fit=652%2C340&ssl=1","uagb_featured_image_src":{"full":["https:\/\/i0.wp.com\/ismaelcolosi.com.br\/wp-content\/uploads\/2023\/11\/Design-sem-nome-9.png?fit=652%2C340&ssl=1",652,340,false],"thumbnail":["https:\/\/i0.wp.com\/ismaelcolosi.com.br\/wp-content\/uploads\/2023\/11\/Design-sem-nome-9.png?resize=150%2C150&ssl=1",150,150,true],"medium":["https:\/\/i0.wp.com\/ismaelcolosi.com.br\/wp-content\/uploads\/2023\/11\/Design-sem-nome-9.png?fit=300%2C156&ssl=1",300,156,true],"medium_large":["https:\/\/i0.wp.com\/ismaelcolosi.com.br\/wp-content\/uploads\/2023\/11\/Design-sem-nome-9.png?fit=652%2C340&ssl=1",652,340,true],"large":["https:\/\/i0.wp.com\/ismaelcolosi.com.br\/wp-content\/uploads\/2023\/11\/Design-sem-nome-9.png?fit=652%2C340&ssl=1",652,340,true],"1536x1536":["https:\/\/i0.wp.com\/ismaelcolosi.com.br\/wp-content\/uploads\/2023\/11\/Design-sem-nome-9.png?fit=652%2C340&ssl=1",652,340,true],"2048x2048":["https:\/\/i0.wp.com\/ismaelcolosi.com.br\/wp-content\/uploads\/2023\/11\/Design-sem-nome-9.png?fit=652%2C340&ssl=1",652,340,true],"really-simple-thumb":["https:\/\/i0.wp.com\/ismaelcolosi.com.br\/wp-content\/uploads\/2023\/11\/Design-sem-nome-9.png?resize=370%2C247&ssl=1",370,247,true]},"uagb_author_info":{"display_name":"ismaelcolosi.com.br","author_link":"https:\/\/ismaelcolosi.com.br\/index.php\/author\/vidareal-online\/"},"uagb_comment_info":0,"uagb_excerpt":"Um quarto de hotel, onde 50 romeiros de Franca e Cristais Paulistas, cidades na regi\u00e3o de Ribeir\u00e3o Preto, estavam hospedados, pegou fogo na noite do...","jetpack-related-posts":[{"id":55749,"url":"https:\/\/ismaelcolosi.com.br\/index.php\/2024\/07\/05\/acidente-com-onibus-de-romeiros-deixa-10-mortos-e-42-feridos-no-interior-de-sp\/","url_meta":{"origin":4093,"position":0},"title":"Acidente com \u00f4nibus de romeiros deixa 10 mortos e 42 feridos no interior de SP","author":"ismaelcolosi.com.br","date":"5 de July de 2024","format":false,"excerpt":"Um grave acidente com um \u00f4nibus de romeiros deixou ao menos 10 mortos e 42 feridos na madrugada desta sexta-feira (5) , em Itapetininga, no interior de S\u00e3o Paulo. Entre as v\u00edtimas, cinco pessoas tiveram ferimentos graves, 13 moderados e 24 leves. Ao todo, 52 pessoas estavam no \u00f4nibus, que\u2026","rel":"","context":"In &quot;Not\u00edcias de Ribeir\u00e3o Preto-SP e Regi\u00e3o&quot;","block_context":{"text":"Not\u00edcias de Ribeir\u00e3o Preto-SP e Regi\u00e3o","link":"https:\/\/ismaelcolosi.com.br\/index.php\/category\/noticias-de-ribeirao-preto-sp-e-regiao-ismael-colosi\/"},"img":{"alt_text":"","src":"https:\/\/i0.wp.com\/ismaelcolosi.com.br\/wp-content\/uploads\/2024\/07\/WhatsApp-Image-2024-07-05-at-07.55.08_2024-07-05_12-57-14_jpeg_2024-07-05_12-57-14.webp.webp?fit=984%2C454&ssl=1&resize=350%2C200","width":350,"height":200,"srcset":"https:\/\/i0.wp.com\/ismaelcolosi.com.br\/wp-content\/uploads\/2024\/07\/WhatsApp-Image-2024-07-05-at-07.55.08_2024-07-05_12-57-14_jpeg_2024-07-05_12-57-14.webp.webp?fit=984%2C454&ssl=1&resize=350%2C200 1x, https:\/\/i0.wp.com\/ismaelcolosi.com.br\/wp-content\/uploads\/2024\/07\/WhatsApp-Image-2024-07-05-at-07.55.08_2024-07-05_12-57-14_jpeg_2024-07-05_12-57-14.webp.webp?fit=984%2C454&ssl=1&resize=525%2C300 1.5x, https:\/\/i0.wp.com\/ismaelcolosi.com.br\/wp-content\/uploads\/2024\/07\/WhatsApp-Image-2024-07-05-at-07.55.08_2024-07-05_12-57-14_jpeg_2024-07-05_12-57-14.webp.webp?fit=984%2C454&ssl=1&resize=700%2C400 2x"},"classes":[]},{"id":58109,"url":"https:\/\/ismaelcolosi.com.br\/index.php\/2024\/07\/27\/apartamento-pega-fogo-em-ribeirao-preto-veja-o-video\/","url_meta":{"origin":4093,"position":1},"title":"Apartamento pega fogo em Ribeir\u00e3o Preto; Veja o v\u00eddeo","author":"ismaelcolosi.com.br","date":"27 de July de 2024","format":false,"excerpt":"Um apartamento na rua Amadeu Amaral esquina com a Prudente de Morais, na Vila Seixas, em Ribeir\u00e3o Preto, pegou fogo na tarde deste s\u00e1bado (27). Segundo informa\u00e7\u00f5es de moradores, o fogo come\u00e7ou na cozinha do apartamento e h\u00e1 informa\u00e7\u00e3o de uma pessoa ferida, contudo, sem informa\u00e7\u00f5es sobre a gravidade. Segundo\u2026","rel":"","context":"In &quot;Not\u00edcias de Ribeir\u00e3o Preto-SP e Regi\u00e3o&quot;","block_context":{"text":"Not\u00edcias de Ribeir\u00e3o Preto-SP e Regi\u00e3o","link":"https:\/\/ismaelcolosi.com.br\/index.php\/category\/noticias-de-ribeirao-preto-sp-e-regiao-ismael-colosi\/"},"img":{"alt_text":"","src":"https:\/\/i0.wp.com\/ismaelcolosi.com.br\/wp-content\/uploads\/2024\/07\/Copia-de-Copia-de-TAMANHO-EXATO-PARA-FOTOS-NO-SISTEMA-NOVO-4_2024-07-27_18-23-58_jpg_2024-07-27_18-23-58.webp.webp?fit=1200%2C675&ssl=1&resize=350%2C200","width":350,"height":200,"srcset":"https:\/\/i0.wp.com\/ismaelcolosi.com.br\/wp-content\/uploads\/2024\/07\/Copia-de-Copia-de-TAMANHO-EXATO-PARA-FOTOS-NO-SISTEMA-NOVO-4_2024-07-27_18-23-58_jpg_2024-07-27_18-23-58.webp.webp?fit=1200%2C675&ssl=1&resize=350%2C200 1x, https:\/\/i0.wp.com\/ismaelcolosi.com.br\/wp-content\/uploads\/2024\/07\/Copia-de-Copia-de-TAMANHO-EXATO-PARA-FOTOS-NO-SISTEMA-NOVO-4_2024-07-27_18-23-58_jpg_2024-07-27_18-23-58.webp.webp?fit=1200%2C675&ssl=1&resize=525%2C300 1.5x, https:\/\/i0.wp.com\/ismaelcolosi.com.br\/wp-content\/uploads\/2024\/07\/Copia-de-Copia-de-TAMANHO-EXATO-PARA-FOTOS-NO-SISTEMA-NOVO-4_2024-07-27_18-23-58_jpg_2024-07-27_18-23-58.webp.webp?fit=1200%2C675&ssl=1&resize=700%2C400 2x, https:\/\/i0.wp.com\/ismaelcolosi.com.br\/wp-content\/uploads\/2024\/07\/Copia-de-Copia-de-TAMANHO-EXATO-PARA-FOTOS-NO-SISTEMA-NOVO-4_2024-07-27_18-23-58_jpg_2024-07-27_18-23-58.webp.webp?fit=1200%2C675&ssl=1&resize=1050%2C600 3x"},"classes":[]},{"id":68278,"url":"https:\/\/ismaelcolosi.com.br\/index.php\/2024\/09\/28\/carro-pega-fogo-apos-bater-em-arvore-na-zona-oeste-de-ribeirao-veja-video\/","url_meta":{"origin":4093,"position":2},"title":"Carro pega fogo ap\u00f3s bater em \u00e1rvore na zona Oeste de Ribeir\u00e3o; veja v\u00eddeo","author":"ismaelcolosi.com.br","date":"28 de September de 2024","format":false,"excerpt":"Um carro ficou totalmente destru\u00eddo ap\u00f3s bater em uma \u00e1rvore e pegar fogo, no come\u00e7o da tarde deste s\u00e1bado (28), no bairro Parque Ribeir\u00e3o, na zona Oeste de Ribeir\u00e3o Preto. Segundo os moradores, o ve\u00edculo pertence ao dono de uma oficina. Ele teria esquecido de puxar o freio de m\u00e3o\u2026","rel":"","context":"In &quot;Not\u00edcias de Ribeir\u00e3o Preto-SP e Regi\u00e3o&quot;","block_context":{"text":"Not\u00edcias de Ribeir\u00e3o Preto-SP e Regi\u00e3o","link":"https:\/\/ismaelcolosi.com.br\/index.php\/category\/noticias-de-ribeirao-preto-sp-e-regiao-ismael-colosi\/"},"img":{"alt_text":"","src":"https:\/\/i0.wp.com\/ismaelcolosi.com.br\/wp-content\/uploads\/2024\/09\/Copia-de-Copia-de-Copia-de-TAMANHO-EXATO-PARA-FOTOS-NO-SISTEMA-NOVO-52_2024-09-28_16-18-01_png_2024-09-28_16-18-01.webp.webp?fit=1200%2C675&ssl=1&resize=350%2C200","width":350,"height":200,"srcset":"https:\/\/i0.wp.com\/ismaelcolosi.com.br\/wp-content\/uploads\/2024\/09\/Copia-de-Copia-de-Copia-de-TAMANHO-EXATO-PARA-FOTOS-NO-SISTEMA-NOVO-52_2024-09-28_16-18-01_png_2024-09-28_16-18-01.webp.webp?fit=1200%2C675&ssl=1&resize=350%2C200 1x, https:\/\/i0.wp.com\/ismaelcolosi.com.br\/wp-content\/uploads\/2024\/09\/Copia-de-Copia-de-Copia-de-TAMANHO-EXATO-PARA-FOTOS-NO-SISTEMA-NOVO-52_2024-09-28_16-18-01_png_2024-09-28_16-18-01.webp.webp?fit=1200%2C675&ssl=1&resize=525%2C300 1.5x, https:\/\/i0.wp.com\/ismaelcolosi.com.br\/wp-content\/uploads\/2024\/09\/Copia-de-Copia-de-Copia-de-TAMANHO-EXATO-PARA-FOTOS-NO-SISTEMA-NOVO-52_2024-09-28_16-18-01_png_2024-09-28_16-18-01.webp.webp?fit=1200%2C675&ssl=1&resize=700%2C400 2x, https:\/\/i0.wp.com\/ismaelcolosi.com.br\/wp-content\/uploads\/2024\/09\/Copia-de-Copia-de-Copia-de-TAMANHO-EXATO-PARA-FOTOS-NO-SISTEMA-NOVO-52_2024-09-28_16-18-01_png_2024-09-28_16-18-01.webp.webp?fit=1200%2C675&ssl=1&resize=1050%2C600 3x"},"classes":[]},{"id":50696,"url":"https:\/\/ismaelcolosi.com.br\/index.php\/2024\/05\/18\/caminhao-com-etanol-pega-fogo-e-provoca-interdicao-de-rodovia-na-regiao-de-ribeirao\/","url_meta":{"origin":4093,"position":3},"title":"Caminh\u00e3o com etanol pega fogo e provoca interdi\u00e7\u00e3o de rodovia na regi\u00e3o de Ribeir\u00e3o","author":"ismaelcolosi.com.br","date":"18 de May de 2024","format":false,"excerpt":"Uma batida entre um caminh\u00e3o-tanque e um carro causou um inc\u00eandio que provocou a interdi\u00e7\u00e3o da rodovia Candido Portinari, em Batatais, na regi\u00e3o de Ribeir\u00e3o Preto. O acidente aconteceu no in\u00edcio da manh\u00e3 deste s\u00e1bado (18) e ningu\u00e9m ficou ferido. De acordo com a Arteris ViaPaulista, o acidente aconteceu na\u2026","rel":"","context":"In &quot;Not\u00edcias de Ribeir\u00e3o Preto-SP e Regi\u00e3o&quot;","block_context":{"text":"Not\u00edcias de Ribeir\u00e3o Preto-SP e Regi\u00e3o","link":"https:\/\/ismaelcolosi.com.br\/index.php\/category\/noticias-de-ribeirao-preto-sp-e-regiao-ismael-colosi\/"},"img":{"alt_text":"","src":"https:\/\/i0.wp.com\/ismaelcolosi.com.br\/wp-content\/uploads\/2024\/05\/AnyConv.com__incendio-caminhao_2024-05-18_12-19-18.webp.webp?fit=1200%2C675&ssl=1&resize=350%2C200","width":350,"height":200,"srcset":"https:\/\/i0.wp.com\/ismaelcolosi.com.br\/wp-content\/uploads\/2024\/05\/AnyConv.com__incendio-caminhao_2024-05-18_12-19-18.webp.webp?fit=1200%2C675&ssl=1&resize=350%2C200 1x, https:\/\/i0.wp.com\/ismaelcolosi.com.br\/wp-content\/uploads\/2024\/05\/AnyConv.com__incendio-caminhao_2024-05-18_12-19-18.webp.webp?fit=1200%2C675&ssl=1&resize=525%2C300 1.5x, https:\/\/i0.wp.com\/ismaelcolosi.com.br\/wp-content\/uploads\/2024\/05\/AnyConv.com__incendio-caminhao_2024-05-18_12-19-18.webp.webp?fit=1200%2C675&ssl=1&resize=700%2C400 2x, https:\/\/i0.wp.com\/ismaelcolosi.com.br\/wp-content\/uploads\/2024\/05\/AnyConv.com__incendio-caminhao_2024-05-18_12-19-18.webp.webp?fit=1200%2C675&ssl=1&resize=1050%2C600 3x"},"classes":[]},{"id":69759,"url":"https:\/\/ismaelcolosi.com.br\/index.php\/2024\/10\/07\/romaria-de-nossa-senhora-aparecida-espera-milhares-de-fieis-em-ribeirao-preto\/","url_meta":{"origin":4093,"position":4},"title":"Romaria de Nossa Senhora Aparecida espera milhares de fi\u00e9is em Ribeir\u00e3o Preto","author":"ismaelcolosi.com.br","date":"7 de October de 2024","format":false,"excerpt":"A\u00a053\u00aa Romaria de Nossa Senhora Aparecida\u00a0acontece no pr\u00f3ximo s\u00e1bado (12), em\u00a0Ribeir\u00e3o Preto e espera reunir milhares de fi\u00e9is. A concentra\u00e7\u00e3o do evento tradicional\u00a0no\u00a0Dia de Nossa Senhora\u00a0Aparecida ser\u00e1 no estacionamento em frente \u00e0\u00a0C\u00e2mara Municipal, a partir das\u00a05h. A\u00a0sa\u00edda\u00a0est\u00e1 prevista para acontecer\u00a0\u00e0s 6h\u00a0com destino \u00e0\u00a0Par\u00f3quia Senhor Bom Jesus, em\u00a0Bonfim Paulista. O\u00a0caminho percorrido\u2026","rel":"","context":"In &quot;Not\u00edcias de Ribeir\u00e3o Preto-SP e Regi\u00e3o&quot;","block_context":{"text":"Not\u00edcias de Ribeir\u00e3o Preto-SP e Regi\u00e3o","link":"https:\/\/ismaelcolosi.com.br\/index.php\/category\/noticias-de-ribeirao-preto-sp-e-regiao-ismael-colosi\/"},"img":{"alt_text":"","src":"https:\/\/i0.wp.com\/ismaelcolosi.com.br\/wp-content\/uploads\/2024\/10\/Copia-de-Copia-de-Copia-de-TAMANHO-EXATO-PARA-FOTOS-NO-SISTEMA-NOVO-8_2024-10-07_21-43-02_png_2024-10-07_21-43-03.webp.webp?fit=1200%2C675&ssl=1&resize=350%2C200","width":350,"height":200,"srcset":"https:\/\/i0.wp.com\/ismaelcolosi.com.br\/wp-content\/uploads\/2024\/10\/Copia-de-Copia-de-Copia-de-TAMANHO-EXATO-PARA-FOTOS-NO-SISTEMA-NOVO-8_2024-10-07_21-43-02_png_2024-10-07_21-43-03.webp.webp?fit=1200%2C675&ssl=1&resize=350%2C200 1x, https:\/\/i0.wp.com\/ismaelcolosi.com.br\/wp-content\/uploads\/2024\/10\/Copia-de-Copia-de-Copia-de-TAMANHO-EXATO-PARA-FOTOS-NO-SISTEMA-NOVO-8_2024-10-07_21-43-02_png_2024-10-07_21-43-03.webp.webp?fit=1200%2C675&ssl=1&resize=525%2C300 1.5x, https:\/\/i0.wp.com\/ismaelcolosi.com.br\/wp-content\/uploads\/2024\/10\/Copia-de-Copia-de-Copia-de-TAMANHO-EXATO-PARA-FOTOS-NO-SISTEMA-NOVO-8_2024-10-07_21-43-02_png_2024-10-07_21-43-03.webp.webp?fit=1200%2C675&ssl=1&resize=700%2C400 2x, https:\/\/i0.wp.com\/ismaelcolosi.com.br\/wp-content\/uploads\/2024\/10\/Copia-de-Copia-de-Copia-de-TAMANHO-EXATO-PARA-FOTOS-NO-SISTEMA-NOVO-8_2024-10-07_21-43-02_png_2024-10-07_21-43-03.webp.webp?fit=1200%2C675&ssl=1&resize=1050%2C600 3x"},"classes":[]},{"id":22375,"url":"https:\/\/ismaelcolosi.com.br\/index.php\/2023\/12\/29\/caminhao-pega-fogo-e-interdita-rodovia-na-regiao-de-ribeirao-preto-veja-o-video\/","url_meta":{"origin":4093,"position":5},"title":"Caminh\u00e3o pega fogo e interdita rodovia na regi\u00e3o de Ribeir\u00e3o Preto; Veja o v\u00eddeo","author":"ismaelcolosi.com.br","date":"29 de December de 2023","format":false,"excerpt":"A parte traseira de um caminh\u00e3o ficou destru\u00edda ap\u00f3s pegar fogo na rodovia C\u00e2ndido Portinari (SP-334), pr\u00f3ximo ao km 319, entre Ribeir\u00e3o Preto e Brodowski, na tarde desta sexta-feira (29). De acordo com a Pol\u00edcia Militar Rodovi\u00e1ria (PMR), trata-se de um caminh\u00e3o trator com semirreboque. O equipamento que transportava sucata\u2026","rel":"","context":"In &quot;Not\u00edcias de Ribeir\u00e3o Preto-SP e Regi\u00e3o&quot;","block_context":{"text":"Not\u00edcias de Ribeir\u00e3o Preto-SP e Regi\u00e3o","link":"https:\/\/ismaelcolosi.com.br\/index.php\/category\/noticias-de-ribeirao-preto-sp-e-regiao-ismael-colosi\/"},"img":{"alt_text":"","src":"https:\/\/i0.wp.com\/ismaelcolosi.com.br\/wp-content\/uploads\/2023\/12\/WhatsApp-Image-2023-12-29-at-17.34.55-scaled.jpeg?fit=1200%2C900&ssl=1&resize=350%2C200","width":350,"height":200,"srcset":"https:\/\/i0.wp.com\/ismaelcolosi.com.br\/wp-content\/uploads\/2023\/12\/WhatsApp-Image-2023-12-29-at-17.34.55-scaled.jpeg?fit=1200%2C900&ssl=1&resize=350%2C200 1x, https:\/\/i0.wp.com\/ismaelcolosi.com.br\/wp-content\/uploads\/2023\/12\/WhatsApp-Image-2023-12-29-at-17.34.55-scaled.jpeg?fit=1200%2C900&ssl=1&resize=525%2C300 1.5x, https:\/\/i0.wp.com\/ismaelcolosi.com.br\/wp-content\/uploads\/2023\/12\/WhatsApp-Image-2023-12-29-at-17.34.55-scaled.jpeg?fit=1200%2C900&ssl=1&resize=700%2C400 2x, https:\/\/i0.wp.com\/ismaelcolosi.com.br\/wp-content\/uploads\/2023\/12\/WhatsApp-Image-2023-12-29-at-17.34.55-scaled.jpeg?fit=1200%2C900&ssl=1&resize=1050%2C600 3x"},"classes":[]}],"jetpack_sharing_enabled":true,"jetpack_shortlink":"https:\/\/wp.me\/pfMlyK-141","_links":{"self":[{"href":"https:\/\/ismaelcolosi.com.br\/index.php\/wp-json\/wp\/v2\/posts\/4093","targetHints":{"allow":["GET"]}}],"collection":[{"href":"https:\/\/ismaelcolosi.com.br\/index.php\/wp-json\/wp\/v2\/posts"}],"about":[{"href":"https:\/\/ismaelcolosi.com.br\/index.php\/wp-json\/wp\/v2\/types\/post"}],"author":[{"embeddable":true,"href":"https:\/\/ismaelcolosi.com.br\/index.php\/wp-json\/wp\/v2\/users\/1"}],"replies":[{"embeddable":true,"href":"https:\/\/ismaelcolosi.com.br\/index.php\/wp-json\/wp\/v2\/comments?post=4093"}],"version-history":[{"count":0,"href":"https:\/\/ismaelcolosi.com.br\/index.php\/wp-json\/wp\/v2\/posts\/4093\/revisions"}],"wp:featuredmedia":[{"embeddable":true,"href":"https:\/\/ismaelcolosi.com.br\/index.php\/wp-json\/wp\/v2\/media\/4094"}],"wp:attachment":[{"href":"https:\/\/ismaelcolosi.com.br\/index.php\/wp-json\/wp\/v2\/media?parent=4093"}],"wp:term":[{"taxonomy":"category","embeddable":true,"href":"https:\/\/ismaelcolosi.com.br\/index.php\/wp-json\/wp\/v2\/categories?post=4093"},{"taxonomy":"post_tag","embeddable":true,"href":"https:\/\/ismaelcolosi.com.br\/index.php\/wp-json\/wp\/v2\/tags?post=4093"}],"curies":[{"name":"wp","href":"https:\/\/api.w.org\/{rel}","templated":true}]}}