{"id":40712,"date":"2024-03-05T12:22:31","date_gmt":"2024-03-05T15:22:31","guid":{"rendered":"https:\/\/ismaelcolosi.com.br\/index.php\/2024\/03\/05\/joao-rock-anuncia-line-up-com-ney-matogrosso-lulu-santos-e-djavan\/"},"modified":"2024-03-05T12:22:31","modified_gmt":"2024-03-05T15:22:31","slug":"joao-rock-anuncia-line-up-com-ney-matogrosso-lulu-santos-e-djavan","status":"publish","type":"post","link":"https:\/\/ismaelcolosi.com.br\/index.php\/2024\/03\/05\/joao-rock-anuncia-line-up-com-ney-matogrosso-lulu-santos-e-djavan\/","title":{"rendered":"Jo\u00e3o Rock anuncia line-up com Ney Matogrosso, Lulu Santos e Djavan"},"content":{"rendered":"<p> <br \/>\n<\/p>\n<div>\n<p>Os organizadores do Festival Jo\u00e3o Rock anunciaram nesta ter\u00e7a-feira, 5 de mar\u00e7o, o line-up da 21\u00aa edi\u00e7\u00e3o do evento, que acontece em 8 de junho, no Parque Permanente de Exposi\u00e7\u00f5es de Ribeir\u00e3o Preto, com o tema \u201cViva o cl\u00e1ssico, descubra o novo\u201d. A programa\u00e7\u00e3o come\u00e7a com dois encontros in\u00e9ditos confirmados no Palco Jo\u00e3o Rock: Emicida e Pitty e Marcelo D2, Djonga e Um Punhado de Bamba.<\/p>\n<p>Neste espa\u00e7o tamb\u00e9m se apresentam Paralamas do Sucesso, Samuel Rosa, CPM22, Marina Sena, Armandinho, Thiago Castanho, Marc\u00e3o Britto \u2013 CBJR e Detonautas. \u201cS\u00f3 essa programa\u00e7\u00e3o j\u00e1 dava um festival inteiro\u201d, elogia Badau\u00ed, vocalista da banda CPM22. No Palco Brasil, as atra\u00e7\u00f5es s\u00e3o 100% in\u00e9ditas no festival.<\/p>\n<p>As lendas reverenciadas desta edi\u00e7\u00e3o s\u00e3o Lulu Santos, Ney Matogrosso, Djavan, 14 Bis e Novos Baianos com Pepeu, Baby do Brasil e Paulinho. No Palco Aquarela, o elenco feminino \u2013 que traz a diversidade e a for\u00e7a da m\u00fasica nacional nas vozes delas \u2013 representar\u00e1 um verdadeiro encontro de gera\u00e7\u00f5es com Duda Beat, Marina Lima, Maria Gad\u00fa, Negra Li e T\u00e1ssia Reis, todas tamb\u00e9m pela primeira vez no Festival Jo\u00e3o Rock.<\/p>\n<p>\u201cA grade deste ano \u00e9 um sonho para n\u00f3s, que estamos h\u00e1 tanto tempo defendendo a boa produ\u00e7\u00e3o nacional. Um line-up como esse nos enche de expectativa. Talvez seja o mais incr\u00edvel que o festival j\u00e1 teve! Estamos muito animados em conseguir viabilizar esses encontros, proporcionar ao p\u00fablico tanta atra\u00e7\u00e3o in\u00e9dita e reunir essas lendas. Vai ser demais!\u201d, conta Marcelo Rocci, organizador do Jo\u00e3o Rock.<\/p>\n<p>O Palco Fortalecendo a Cena traz a for\u00e7a do novo, como promete em seu nome. Mas, nesta edi\u00e7\u00e3o, chega com bandas j\u00e1 consagradas pelo p\u00fablico, al\u00e9m das que despontam no cen\u00e1rio nacional: Ebony, Ryu The Runner, Wiu, Teto e Veigh. Nos quatro palcos do festival, 50% das atra\u00e7\u00f5es s\u00e3o in\u00e9ditas. A expectativa \u00e9 ampliar ainda mais o interc\u00e2mbio geracional e quebrar barreiras para celebrar o cl\u00e1ssico e descobrir o novo, juntos num mundo de m\u00fasica, paz e divers\u00e3o.<\/p>\n<p>\u201cEstamos trabalhando fortemente para promover uma experi\u00eancia completa para o nosso p\u00fablico, trazendo novidades e entretenimento desde a chegada ao evento at\u00e9 a \u00faltima atra\u00e7\u00e3o a deixar o palco\u201d, completa Luit Marques, um dos organizadores do festival.<\/p>\n<p>Nesta ter\u00e7a-feira come\u00e7ou a venda de ingressos do primeiro lote dos setores Pista, Camarote Jo\u00e3o Rock, Pista Premium e Camarote Lagunitas. O festival alerta para que o p\u00fablico compre somente por meio do site oficial e nos pontos f\u00edsicos, localizados nas lojas Ophicina dos shoppings Iguatemi, Novo Shopping, Shopping Santa \u00darsula e Ribeir\u00e3oShopping.<\/p>\n<p>Clientes Banco do Brasil ter\u00e3o 15% de desconto no valor da compra de qualquer setor, al\u00e9m de parcelamento em at\u00e9 oito vezes. O Jo\u00e3o Rock se consagrou como um festival que se orgulha de ter um line-up genuinamente brasileiro, focado no rock, rap, MPB e reggae.<\/p>\n<p>Em 20 anos apresentou quase 300 shows em seus palcos e se caracteriza por ser uma maratona onde os shows acontecem simultaneamente em um \u00fanico dia. Al\u00e9m de m\u00fasica, o festival tamb\u00e9m \u00e9 um espa\u00e7o para diferentes manifesta\u00e7\u00f5es art\u00edsticas, esportes radicais e a\u00e7\u00f5es interativas com o p\u00fablico.<\/p>\n<p><strong>Servi\u00e7o<\/strong><br \/>Evento: 21\u00ba Festival Jo\u00e3o Rock<br \/>Quando: 8 de junho<br \/>Onde: Parque Permanente de Exposi\u00e7\u00f5es de Ribeir\u00e3o Preto<br \/>Endere\u00e7o: avenida Orestes Lopes de Camargo n\u00ba 350, Jardim J\u00f3quei Clube<br \/>Informa\u00e7\u00f5es e vendas: www.joaorock.com.br<br \/>Ingressos:<br \/><strong>Pista<\/strong><br \/>R$ 220 (meia)<br \/>R$ 240 (solid\u00e1rio) *<br \/>R$ 440 (inteira)<br \/><strong>Camarote Jo\u00e3o Rock<\/strong><br \/>R$ 460 (meia)<br \/>R$ 490 (solid\u00e1rio)<br \/>R$ 920 (inteira)<br \/>Pista Premium<br \/>R$ 490 (meia)<br \/>R$ 530 (solid\u00e1rio)<br \/>R$ 980 (inteira)<br \/>Camarote Lagunitas R$ 940 (valor \u00fanico \u2013 open bar e open food)<br \/>* V\u00e1lido para doa\u00e7\u00e3o de um quilo de alimento n\u00e3o perec\u00edvel entregue no evento<\/p>\n<p><strong>Shows<\/strong><\/p>\n<p><strong>Palco Jo\u00e3o Rock<\/strong><br \/>\u2013 Emicida e Pitty<br \/>\u2013 Marcelo D2, Djonga<br \/>e Um Punhado de Bamba<br \/>\u2013 Paralamas do Sucesso<br \/>\u2013 Samuel Rosa<br \/>\u2013 CPM22<br \/>\u2013 Marina Sena<br \/>\u2013 Armandinho<br \/>\u2013 Thiago Castanho<br \/>\u2013 Marc\u00e3o Britto \u2013 CBJR<br \/>\u2013 Detonautas.<br \/><strong>Palco Brasil<\/strong><br \/>\u2013 Lulu Santos<br \/>\u2013 Ney Matogrosso<br \/>\u2013 Djavan<br \/>\u2013 14 Bis<br \/>\u2013 Novos Baianos (com Pepeu, Baby do Brasil e Paulinho)<br \/><strong>Palco Aquarela<\/strong><br \/>\u2013 Duda Beat<br \/>\u2013 Marina Lima<br \/>\u2013 Maria Gad\u00fa<br \/>\u2013 Negra Li<br \/>\u2013 T\u00e1ssia Reis<br \/><strong>Palco Fortalecendo a Cena<\/strong><br \/>\u2013 Ebony<br \/>\u2013 Ryu The Runner<br \/>\u2013 Wiu<br \/>\u2013 Teto<br \/>\u2013 Veigh<\/p>\n<\/div>\n<p><br \/>\n<br \/><a href=\"https:\/\/www.tribunaribeirao.com.br\/site\/joao-rock-anuncia-line-up-com-ney-matogrosso-lulu-santos-e-djavan\/\">Source link <\/a><\/p>\n<div class='code-block code-block-4' style='margin: 8px auto 8px 0; text-align: left; display: block; clear: both;'>\n\ud83d\udce2 Aviso Legal\n\nO site ismaelcolosi.com.br atua apenas como um canal de divulga\u00e7\u00e3o de oportunidades de emprego e n\u00e3o se responsabiliza pelo processo seletivo, contrata\u00e7\u00e3o ou qualquer outra etapa relacionada \u00e0s vagas publicadas. Todas as informa\u00e7\u00f5es s\u00e3o de responsabilidade dos anunciantes.\n\n\u26a0\ufe0f Aten\u00e7\u00e3o! Nunca pague por promessas de emprego nem compre cursos que garantam contrata\u00e7\u00e3o. Desconfie de qualquer cobran\u00e7a para participar de sele\u00e7\u00f5es.\n\n\n\n<\/div>\n<!-- CONTENT END 1 -->\n","protected":false},"excerpt":{"rendered":"<p>Os organizadores do Festival Jo\u00e3o Rock anunciaram nesta ter\u00e7a-feira, 5 de mar\u00e7o, o line-up da 21\u00aa edi\u00e7\u00e3o do evento, que acontece em 8 de junho,&#8230;<\/p>\n","protected":false},"author":1,"featured_media":40713,"comment_status":"open","ping_status":"open","sticky":false,"template":"","format":"standard","meta":{"_uag_custom_page_level_css":"","advanced_seo_description":"","jetpack_seo_html_title":"","jetpack_seo_noindex":false,"jetpack_post_was_ever_published":false,"_jetpack_newsletter_access":"","_jetpack_dont_email_post_to_subs":false,"_jetpack_newsletter_tier_id":0,"_jetpack_memberships_contains_paywalled_content":false,"_jetpack_memberships_contains_paid_content":false,"footnotes":"","jetpack_publicize_message":"","jetpack_publicize_feature_enabled":true,"jetpack_social_post_already_shared":true,"jetpack_social_options":{"image_generator_settings":{"template":"highway","default_image_id":0,"font":"","enabled":false},"version":2}},"categories":[11],"tags":[175,1067,1942,4768,4769,3084,3083,1603,1349],"class_list":["post-40712","post","type-post","status-publish","format-standard","has-post-thumbnail","hentry","category-noticias-de-ribeirao-preto-sp-e-regiao-ismael-colosi","tag-anuncia","tag-djavan","tag-joao","tag-lineup","tag-lulu","tag-matogrosso","tag-ney","tag-rock","tag-santos"],"jetpack_publicize_connections":[],"jetpack_featured_media_url":"https:\/\/i0.wp.com\/ismaelcolosi.com.br\/wp-content\/uploads\/2024\/03\/Ney-Matogrosso_Divulgacao-scaled.jpg?fit=967%2C645&ssl=1","uagb_featured_image_src":{"full":["https:\/\/i0.wp.com\/ismaelcolosi.com.br\/wp-content\/uploads\/2024\/03\/Ney-Matogrosso_Divulgacao-scaled.jpg?fit=967%2C645&ssl=1",967,645,false],"thumbnail":["https:\/\/i0.wp.com\/ismaelcolosi.com.br\/wp-content\/uploads\/2024\/03\/Ney-Matogrosso_Divulgacao-scaled.jpg?resize=150%2C150&ssl=1",150,150,true],"medium":["https:\/\/i0.wp.com\/ismaelcolosi.com.br\/wp-content\/uploads\/2024\/03\/Ney-Matogrosso_Divulgacao-scaled.jpg?fit=300%2C200&ssl=1",300,200,true],"medium_large":["https:\/\/i0.wp.com\/ismaelcolosi.com.br\/wp-content\/uploads\/2024\/03\/Ney-Matogrosso_Divulgacao-scaled.jpg?fit=768%2C512&ssl=1",768,512,true],"large":["https:\/\/i0.wp.com\/ismaelcolosi.com.br\/wp-content\/uploads\/2024\/03\/Ney-Matogrosso_Divulgacao-scaled.jpg?fit=967%2C645&ssl=1",967,645,true],"1536x1536":["https:\/\/i0.wp.com\/ismaelcolosi.com.br\/wp-content\/uploads\/2024\/03\/Ney-Matogrosso_Divulgacao-scaled.jpg?fit=967%2C645&ssl=1",967,645,true],"2048x2048":["https:\/\/i0.wp.com\/ismaelcolosi.com.br\/wp-content\/uploads\/2024\/03\/Ney-Matogrosso_Divulgacao-scaled.jpg?fit=967%2C645&ssl=1",967,645,true],"really-simple-thumb":["https:\/\/i0.wp.com\/ismaelcolosi.com.br\/wp-content\/uploads\/2024\/03\/Ney-Matogrosso_Divulgacao-scaled.jpg?resize=370%2C247&ssl=1",370,247,true]},"uagb_author_info":{"display_name":"ismaelcolosi.com.br","author_link":"https:\/\/ismaelcolosi.com.br\/index.php\/author\/vidareal-online\/"},"uagb_comment_info":0,"uagb_excerpt":"Os organizadores do Festival Jo\u00e3o Rock anunciaram nesta ter\u00e7a-feira, 5 de mar\u00e7o, o line-up da 21\u00aa edi\u00e7\u00e3o do evento, que acontece em 8 de junho,...","jetpack-related-posts":[{"id":40710,"url":"https:\/\/ismaelcolosi.com.br\/index.php\/2024\/03\/05\/joao-rock-divulga-line-up-com-lulu-santos-marina-sena-duda-beat-e-samuel-rosa-confira\/","url_meta":{"origin":40712,"position":0},"title":"Jo\u00e3o Rock divulga line-up com Lulu Santos, Marina Sena, Duda Beat e Samuel Rosa; Confira","author":"ismaelcolosi.com.br","date":"5 de March de 2024","format":false,"excerpt":"O Jo\u00e3o Rock anunciou nesta ter\u00e7a-feira (5) o line-up do festival de 2024 que conta com artistas como Emicida e Pitty, Lulu Santos, Marina Sena, Duda Beat, Ney Matogrosso, Maria Gad\u00fa, Samuel Rosa, Djavan, entre outros \u2013 veja a lista completa abaixo. O Jo\u00e3o Rock 2024 acontece no dia 8\u2026","rel":"","context":"In &quot;Not\u00edcias de Ribeir\u00e3o Preto-SP e Regi\u00e3o&quot;","block_context":{"text":"Not\u00edcias de Ribeir\u00e3o Preto-SP e Regi\u00e3o","link":"https:\/\/ismaelcolosi.com.br\/index.php\/category\/noticias-de-ribeirao-preto-sp-e-regiao-ismael-colosi\/"},"img":{"alt_text":"","src":"https:\/\/i0.wp.com\/ismaelcolosi.com.br\/wp-content\/uploads\/2024\/03\/AnyConv.com__joao-rock.webp.webp?fit=1200%2C675&ssl=1&resize=350%2C200","width":350,"height":200,"srcset":"https:\/\/i0.wp.com\/ismaelcolosi.com.br\/wp-content\/uploads\/2024\/03\/AnyConv.com__joao-rock.webp.webp?fit=1200%2C675&ssl=1&resize=350%2C200 1x, https:\/\/i0.wp.com\/ismaelcolosi.com.br\/wp-content\/uploads\/2024\/03\/AnyConv.com__joao-rock.webp.webp?fit=1200%2C675&ssl=1&resize=525%2C300 1.5x, https:\/\/i0.wp.com\/ismaelcolosi.com.br\/wp-content\/uploads\/2024\/03\/AnyConv.com__joao-rock.webp.webp?fit=1200%2C675&ssl=1&resize=700%2C400 2x, https:\/\/i0.wp.com\/ismaelcolosi.com.br\/wp-content\/uploads\/2024\/03\/AnyConv.com__joao-rock.webp.webp?fit=1200%2C675&ssl=1&resize=1050%2C600 3x"},"classes":[]},{"id":51628,"url":"https:\/\/ismaelcolosi.com.br\/index.php\/2024\/05\/29\/joao-rock-festival-em-ribeirao-preto-tera-50-mil-litros-de-chope\/","url_meta":{"origin":40712,"position":1},"title":"Jo\u00e3o Rock: Festival em Ribeir\u00e3o Preto ter\u00e1 50 mil litros de chope","author":"ismaelcolosi.com.br","date":"29 de May de 2024","format":false,"excerpt":"O Festival Jo\u00e3o Rock, que acontece no dia 8 de junho, no Parque Permanente das Exposi\u00e7\u00f5es, em Ribeir\u00e3o Preto, ter\u00e1 50 mil litros de chope em barris, beer stations, trucks e mochileiros espalhados pelo evento. De acordo com a marca patrocinadora, toda a montagem da estrutura deve durar sete dias\u2026","rel":"","context":"In &quot;Not\u00edcias de Ribeir\u00e3o Preto-SP e Regi\u00e3o&quot;","block_context":{"text":"Not\u00edcias de Ribeir\u00e3o Preto-SP e Regi\u00e3o","link":"https:\/\/ismaelcolosi.com.br\/index.php\/category\/noticias-de-ribeirao-preto-sp-e-regiao-ismael-colosi\/"},"img":{"alt_text":"","src":"https:\/\/i0.wp.com\/ismaelcolosi.com.br\/wp-content\/uploads\/2024\/04\/AnyConv.com__joao-rock-1.webp.webp?fit=1200%2C776&ssl=1&resize=350%2C200","width":350,"height":200,"srcset":"https:\/\/i0.wp.com\/ismaelcolosi.com.br\/wp-content\/uploads\/2024\/04\/AnyConv.com__joao-rock-1.webp.webp?fit=1200%2C776&ssl=1&resize=350%2C200 1x, https:\/\/i0.wp.com\/ismaelcolosi.com.br\/wp-content\/uploads\/2024\/04\/AnyConv.com__joao-rock-1.webp.webp?fit=1200%2C776&ssl=1&resize=525%2C300 1.5x, https:\/\/i0.wp.com\/ismaelcolosi.com.br\/wp-content\/uploads\/2024\/04\/AnyConv.com__joao-rock-1.webp.webp?fit=1200%2C776&ssl=1&resize=700%2C400 2x, https:\/\/i0.wp.com\/ismaelcolosi.com.br\/wp-content\/uploads\/2024\/04\/AnyConv.com__joao-rock-1.webp.webp?fit=1200%2C776&ssl=1&resize=1050%2C600 3x"},"classes":[]},{"id":51551,"url":"https:\/\/ismaelcolosi.com.br\/index.php\/2024\/05\/28\/bungee-jump-roda-gigante-e-tirolesa-confira-experiencias-para-curtir-no-joao-rock-2024\/","url_meta":{"origin":40712,"position":2},"title":"Bungee Jump, roda-gigante e tirolesa: Confira experi\u00eancias para curtir no Jo\u00e3o Rock 2024","author":"ismaelcolosi.com.br","date":"28 de May de 2024","format":false,"excerpt":"A 21\u00aa edi\u00e7\u00e3o do Jo\u00e3o Rock, que acontece no dia 8 de junho, no Parque Permanente de Exposi\u00e7\u00f5es, em Ribeir\u00e3o Preto, al\u00e9m de receber uma maratona musical com mais de 14 horas, ter\u00e1 experi\u00eancias \u00fanicas para o \u2018p\u00fablico aventureiro\u2019 aproveitar ainda mais o festival. Os ingressos on-line para o evento\u2026","rel":"","context":"In &quot;Not\u00edcias de Ribeir\u00e3o Preto-SP e Regi\u00e3o&quot;","block_context":{"text":"Not\u00edcias de Ribeir\u00e3o Preto-SP e Regi\u00e3o","link":"https:\/\/ismaelcolosi.com.br\/index.php\/category\/noticias-de-ribeirao-preto-sp-e-regiao-ismael-colosi\/"},"img":{"alt_text":"","src":"https:\/\/i0.wp.com\/ismaelcolosi.com.br\/wp-content\/uploads\/2024\/05\/joxo_rock_2.jpg?fit=1200%2C800&ssl=1&resize=350%2C200","width":350,"height":200,"srcset":"https:\/\/i0.wp.com\/ismaelcolosi.com.br\/wp-content\/uploads\/2024\/05\/joxo_rock_2.jpg?fit=1200%2C800&ssl=1&resize=350%2C200 1x, https:\/\/i0.wp.com\/ismaelcolosi.com.br\/wp-content\/uploads\/2024\/05\/joxo_rock_2.jpg?fit=1200%2C800&ssl=1&resize=525%2C300 1.5x, https:\/\/i0.wp.com\/ismaelcolosi.com.br\/wp-content\/uploads\/2024\/05\/joxo_rock_2.jpg?fit=1200%2C800&ssl=1&resize=700%2C400 2x, https:\/\/i0.wp.com\/ismaelcolosi.com.br\/wp-content\/uploads\/2024\/05\/joxo_rock_2.jpg?fit=1200%2C800&ssl=1&resize=1050%2C600 3x"},"classes":[]},{"id":52610,"url":"https:\/\/ismaelcolosi.com.br\/index.php\/2024\/06\/08\/saiba-como-assistir-a-transmissao-ao-vivo-do-joao-rock-em-ribeirao-preto\/","url_meta":{"origin":40712,"position":3},"title":"Saiba como assistir a transmiss\u00e3o ao vivo do Jo\u00e3o Rock em Ribeir\u00e3o Preto","author":"ismaelcolosi.com.br","date":"8 de June de 2024","format":false,"excerpt":"O Tudo EP transmite, ao vivo, o Festival Jo\u00e3o Rock, que acontece neste s\u00e1bado (8), no Parque Permanente de Exposi\u00e7\u00f5es, na zona Norte de Ribeir\u00e3o Preto. A transmiss\u00e3o pode ser vista pelo portal Tudo EP (clique aqui) e pela plataforma do YouTube (clique aqui), a partir das 12h. Durante a\u2026","rel":"","context":"In &quot;Not\u00edcias de Ribeir\u00e3o Preto-SP e Regi\u00e3o&quot;","block_context":{"text":"Not\u00edcias de Ribeir\u00e3o Preto-SP e Regi\u00e3o","link":"https:\/\/ismaelcolosi.com.br\/index.php\/category\/noticias-de-ribeirao-preto-sp-e-regiao-ismael-colosi\/"},"img":{"alt_text":"","src":"https:\/\/i0.wp.com\/ismaelcolosi.com.br\/wp-content\/uploads\/2024\/06\/Copia-de-Copia-de-TAMANHO-EXATO-PARA-FOTOS-NO-SISTEMA-NOVO-19_2024-06-08_13-09-44_jpg_2024-06-08_13-09-45.webp.webp?fit=1200%2C675&ssl=1&resize=350%2C200","width":350,"height":200,"srcset":"https:\/\/i0.wp.com\/ismaelcolosi.com.br\/wp-content\/uploads\/2024\/06\/Copia-de-Copia-de-TAMANHO-EXATO-PARA-FOTOS-NO-SISTEMA-NOVO-19_2024-06-08_13-09-44_jpg_2024-06-08_13-09-45.webp.webp?fit=1200%2C675&ssl=1&resize=350%2C200 1x, https:\/\/i0.wp.com\/ismaelcolosi.com.br\/wp-content\/uploads\/2024\/06\/Copia-de-Copia-de-TAMANHO-EXATO-PARA-FOTOS-NO-SISTEMA-NOVO-19_2024-06-08_13-09-44_jpg_2024-06-08_13-09-45.webp.webp?fit=1200%2C675&ssl=1&resize=525%2C300 1.5x, https:\/\/i0.wp.com\/ismaelcolosi.com.br\/wp-content\/uploads\/2024\/06\/Copia-de-Copia-de-TAMANHO-EXATO-PARA-FOTOS-NO-SISTEMA-NOVO-19_2024-06-08_13-09-44_jpg_2024-06-08_13-09-45.webp.webp?fit=1200%2C675&ssl=1&resize=700%2C400 2x, https:\/\/i0.wp.com\/ismaelcolosi.com.br\/wp-content\/uploads\/2024\/06\/Copia-de-Copia-de-TAMANHO-EXATO-PARA-FOTOS-NO-SISTEMA-NOVO-19_2024-06-08_13-09-44_jpg_2024-06-08_13-09-45.webp.webp?fit=1200%2C675&ssl=1&resize=1050%2C600 3x"},"classes":[]},{"id":52560,"url":"https:\/\/ismaelcolosi.com.br\/index.php\/2024\/06\/07\/tudo-o-que-voce-precisa-saber-sobre-o-joao-rock-festival-e-neste-sabado\/","url_meta":{"origin":40712,"position":4},"title":"Tudo o que voc\u00ea precisa saber sobre o Jo\u00e3o Rock; Festival \u00e9 neste s\u00e1bado","author":"ismaelcolosi.com.br","date":"7 de June de 2024","format":false,"excerpt":"Um dos maiores festivais de m\u00fasica do pa\u00eds, o Jo\u00e3o Rock chega com sua 21\u00aa edi\u00e7\u00e3o este s\u00e1bado (8), no Parque Permanente de Exposi\u00e7\u00f5es, em Ribeir\u00e3o Preto. S\u00e3o mais de 30 atra\u00e7\u00f5es nacionais em quatro palcos. Veja tudo o que voc\u00ea precisa saber para o Jo\u00e3o Rock 2024: Qual \u00e9\u2026","rel":"","context":"In &quot;Not\u00edcias de Ribeir\u00e3o Preto-SP e Regi\u00e3o&quot;","block_context":{"text":"Not\u00edcias de Ribeir\u00e3o Preto-SP e Regi\u00e3o","link":"https:\/\/ismaelcolosi.com.br\/index.php\/category\/noticias-de-ribeirao-preto-sp-e-regiao-ismael-colosi\/"},"img":{"alt_text":"","src":"https:\/\/i0.wp.com\/ismaelcolosi.com.br\/wp-content\/uploads\/2024\/06\/PRIDIA0603144402_2024-06-07_13-43-43_jpg_2024-06-07_13-43-43.webp.webp?fit=1200%2C800&ssl=1&resize=350%2C200","width":350,"height":200,"srcset":"https:\/\/i0.wp.com\/ismaelcolosi.com.br\/wp-content\/uploads\/2024\/06\/PRIDIA0603144402_2024-06-07_13-43-43_jpg_2024-06-07_13-43-43.webp.webp?fit=1200%2C800&ssl=1&resize=350%2C200 1x, https:\/\/i0.wp.com\/ismaelcolosi.com.br\/wp-content\/uploads\/2024\/06\/PRIDIA0603144402_2024-06-07_13-43-43_jpg_2024-06-07_13-43-43.webp.webp?fit=1200%2C800&ssl=1&resize=525%2C300 1.5x, https:\/\/i0.wp.com\/ismaelcolosi.com.br\/wp-content\/uploads\/2024\/06\/PRIDIA0603144402_2024-06-07_13-43-43_jpg_2024-06-07_13-43-43.webp.webp?fit=1200%2C800&ssl=1&resize=700%2C400 2x, https:\/\/i0.wp.com\/ismaelcolosi.com.br\/wp-content\/uploads\/2024\/06\/PRIDIA0603144402_2024-06-07_13-43-43_jpg_2024-06-07_13-43-43.webp.webp?fit=1200%2C800&ssl=1&resize=1050%2C600 3x"},"classes":[]},{"id":48664,"url":"https:\/\/ismaelcolosi.com.br\/index.php\/2024\/05\/05\/joao-rock-confirma-batalha-de-mcs-em-sua-programacao\/","url_meta":{"origin":40712,"position":5},"title":"Jo\u00e3o Rock confirma batalha de MCs em sua programa\u00e7\u00e3o","author":"ismaelcolosi.com.br","date":"5 de May de 2024","format":false,"excerpt":"Jo\u00e3o Rock confirma batalha de MCs em sua programa\u00e7\u00e3oFortalecendo a cena do rap nacional, evento traz novamente disputa de rimas em seu line-up. Festival acontece no dia 8 de junho, em Ribeir\u00e3o Preto\u00a0 Quatro MCs convidados trazendo improvisos repletos de criatividade refor\u00e7ar\u00e3o a cena do rap e da\u00a0cultura urbana brasileira\u2026","rel":"","context":"In &quot;Not\u00edcias de Ribeir\u00e3o Preto-SP e Regi\u00e3o&quot;","block_context":{"text":"Not\u00edcias de Ribeir\u00e3o Preto-SP e Regi\u00e3o","link":"https:\/\/ismaelcolosi.com.br\/index.php\/category\/noticias-de-ribeirao-preto-sp-e-regiao-ismael-colosi\/"},"img":{"alt_text":"","src":"https:\/\/i0.wp.com\/ismaelcolosi.com.br\/wp-content\/uploads\/2024\/05\/1b187b7705bf82f7893964096c357829.jpeg?fit=1200%2C800&ssl=1&resize=350%2C200","width":350,"height":200,"srcset":"https:\/\/i0.wp.com\/ismaelcolosi.com.br\/wp-content\/uploads\/2024\/05\/1b187b7705bf82f7893964096c357829.jpeg?fit=1200%2C800&ssl=1&resize=350%2C200 1x, https:\/\/i0.wp.com\/ismaelcolosi.com.br\/wp-content\/uploads\/2024\/05\/1b187b7705bf82f7893964096c357829.jpeg?fit=1200%2C800&ssl=1&resize=525%2C300 1.5x, https:\/\/i0.wp.com\/ismaelcolosi.com.br\/wp-content\/uploads\/2024\/05\/1b187b7705bf82f7893964096c357829.jpeg?fit=1200%2C800&ssl=1&resize=700%2C400 2x, https:\/\/i0.wp.com\/ismaelcolosi.com.br\/wp-content\/uploads\/2024\/05\/1b187b7705bf82f7893964096c357829.jpeg?fit=1200%2C800&ssl=1&resize=1050%2C600 3x"},"classes":[]}],"jetpack_sharing_enabled":true,"jetpack_shortlink":"https:\/\/wp.me\/pfMlyK-aAE","_links":{"self":[{"href":"https:\/\/ismaelcolosi.com.br\/index.php\/wp-json\/wp\/v2\/posts\/40712","targetHints":{"allow":["GET"]}}],"collection":[{"href":"https:\/\/ismaelcolosi.com.br\/index.php\/wp-json\/wp\/v2\/posts"}],"about":[{"href":"https:\/\/ismaelcolosi.com.br\/index.php\/wp-json\/wp\/v2\/types\/post"}],"author":[{"embeddable":true,"href":"https:\/\/ismaelcolosi.com.br\/index.php\/wp-json\/wp\/v2\/users\/1"}],"replies":[{"embeddable":true,"href":"https:\/\/ismaelcolosi.com.br\/index.php\/wp-json\/wp\/v2\/comments?post=40712"}],"version-history":[{"count":0,"href":"https:\/\/ismaelcolosi.com.br\/index.php\/wp-json\/wp\/v2\/posts\/40712\/revisions"}],"wp:featuredmedia":[{"embeddable":true,"href":"https:\/\/ismaelcolosi.com.br\/index.php\/wp-json\/wp\/v2\/media\/40713"}],"wp:attachment":[{"href":"https:\/\/ismaelcolosi.com.br\/index.php\/wp-json\/wp\/v2\/media?parent=40712"}],"wp:term":[{"taxonomy":"category","embeddable":true,"href":"https:\/\/ismaelcolosi.com.br\/index.php\/wp-json\/wp\/v2\/categories?post=40712"},{"taxonomy":"post_tag","embeddable":true,"href":"https:\/\/ismaelcolosi.com.br\/index.php\/wp-json\/wp\/v2\/tags?post=40712"}],"curies":[{"name":"wp","href":"https:\/\/api.w.org\/{rel}","templated":true}]}}