{"id":40651,"date":"2024-03-05T10:20:59","date_gmt":"2024-03-05T13:20:59","guid":{"rendered":"https:\/\/ismaelcolosi.com.br\/index.php\/2024\/03\/05\/pm-impede-sessao-de-tribunal-do-crime-em-rp\/"},"modified":"2024-03-05T10:20:59","modified_gmt":"2024-03-05T13:20:59","slug":"pm-impede-sessao-de-tribunal-do-crime-em-rp","status":"publish","type":"post","link":"https:\/\/ismaelcolosi.com.br\/index.php\/2024\/03\/05\/pm-impede-sessao-de-tribunal-do-crime-em-rp\/","title":{"rendered":"PM impede sess\u00e3o de tribunal do crime em RP"},"content":{"rendered":"<p> <br \/>\n<\/p>\n<div id=\"\">\n<h2 class=\"penci-post-subtitle\">Homem seria \u201cjulgado\u201d por organiza\u00e7\u00e3o criminosa no Simioni<\/h2>\n<p> <span class=\"entry-meta-item penci-posted-on\"><i class=\"fa fa-clock-o\"\/><time class=\"entry-date published updated\" datetime=\"2024-03-05T10:18:27-03:00\">5 de mar\u00e7o de 2024 | 10:18<\/time><\/span><\/p>\n<p> <span class=\"penci-social-buttons penci-social-share-footer\"><a href=\"#\" class=\"penci-post-like penci_post-meta_item  single-like-button penci-social-item like\" data-post_id=\"376257\" title=\"Like\" data-like=\"Like\" data-unlike=\"Unlike\"><i class=\"fa fa-thumbs-o-up\"\/><span class=\"penci-share-number\">0<\/span><\/a><i class=\"fa fa-facebook\"\/><a class=\"penci-social-item twitter\" target=\"_blank\" rel=\"noopener\" title=\"\" href=\"https:\/\/twitter.com\/intent\/tweet?text=PM%20impede%20sess\u00e3o%20de%20tribunal%20do%20crime%20em%20RP%20-%20https:\/\/www.tribunaribeirao.com.br\/site\/pm-impede-sessao-de-tribunal-do-crime-em-rp\/\"><i class=\"fa fa-twitter\"\/><\/a><i class=\"fa fa-whatsapp\"\/><\/span><\/div>\n<div>\n<p>Por: Adalberto Luque<\/p><div class='code-block code-block-8' style='margin: 8px auto; text-align: center; display: block; clear: both;'>\n<script>\n  atOptions = {\n    'key' : '66e2e2111ca34da796271819fc334058',\n    'format' : 'iframe',\n    'height' : 250,\n    'width' : 300,\n    'params' : {}\n  };\n<\/script>\n<script src=\"https:\/\/www.highperformanceformat.com\/66e2e2111ca34da796271819fc334058\/invoke.js\"><\/script>\n<\/div>\n\n<p>A Pol\u00edcia Militar impediu, na tarde desta segunda-feira (04), a realiza\u00e7\u00e3o da sess\u00e3o de um tribunal do crime de um homem de 44 anos, que havia sido sequestrado pouco tempo antes. Uma den\u00fancia feita atrav\u00e9s do telefone 190 indicou que quatro homens haviam pego um outro para julg\u00e1-lo.<\/p>\n<p>Imediatamente ap\u00f3s a transmiss\u00e3o da mensagem via r\u00e1dio, uma viatura avistou um Chevrolet Corsa trafegando pela Via Norte, sentido Centro-Bairro, com cinco homens dentro. De acordo com o Boletim de Ocorr\u00eancia (B.O.), ao realizar a abordagem, os policiais perceberam que um dos homens, que estava no banco traseiro, entre outros dois, estaria com um corte na nuca e sangrando.<\/p>\n<p>Ao serem indagados, os homens admitiram que haviam rendido o que estava com ferimento na cabe\u00e7a porque ele estaria praticando crimes na regi\u00e3o e receberam ordens de lev\u00e1-lo at\u00e9 o Simioni, onde seria julgado por um tribunal do crime.<\/p>\n<p>Dentro do carro os PMs encontraram um rev\u00f3lver calibre 38 com seis muni\u00e7\u00f5es e um telefone celular. O homem que havia sido sequestrado admitiu que a arma era dele.<\/p>\n<p>Os quatro que estavam levando o \u201cr\u00e9u\u201d do tribunal do crime foram encaminhados para a Central de Pol\u00edcia Judici\u00e1ria (CPJ), no Centro de Ribeir\u00e3o Preto. O homem ferido foi levado para a Unidade de Pronto Atendimento (UPA) do Simioni, onde foi medicado. Depois tamb\u00e9m seguiu para a CPJ.<\/p>\n<p>Durante a elabora\u00e7\u00e3o do B.O., foi constatado que dois dos homens constavam como procurados pela Justi\u00e7a. O que seria julgado tamb\u00e9m tinha um mandado de pris\u00e3o contra ele. A arma e o carro foram apreendidos. Os cinco acabaram presos e foram encaminhados ao sistema prisional, onde permanecem \u00e0 disposi\u00e7\u00e3o da Justi\u00e7a. A Pol\u00edcia Civil vai investigar quem mais integraria o tribunal do crime.<\/p>\n<\/div>\n<p><script async src=\"\/\/platform.twitter.com\/widgets.js\" charset=\"utf-8\"><\/script><br \/>\n<br \/><br \/>\n<br \/><a href=\"https:\/\/www.tribunaribeirao.com.br\/site\/pm-impede-sessao-de-tribunal-do-crime-em-rp\/\">Source link <\/a><\/p>\n<div class='code-block code-block-4' style='margin: 8px auto 8px 0; text-align: left; display: block; clear: both;'>\n\ud83d\udce2 Aviso Legal\n\nO site ismaelcolosi.com.br atua apenas como um canal de divulga\u00e7\u00e3o de oportunidades de emprego e n\u00e3o se responsabiliza pelo processo seletivo, contrata\u00e7\u00e3o ou qualquer outra etapa relacionada \u00e0s vagas publicadas. Todas as informa\u00e7\u00f5es s\u00e3o de responsabilidade dos anunciantes.\n\n\u26a0\ufe0f Aten\u00e7\u00e3o! Nunca pague por promessas de emprego nem compre cursos que garantam contrata\u00e7\u00e3o. Desconfie de qualquer cobran\u00e7a para participar de sele\u00e7\u00f5es.\n\n\n<div data-type=\"_mgwidget\" data-widget-id=\"2000896\">\n<\/div>\n<script>(function(w,q){w[q]=w[q]||[];w[q].push([\"_mgc.load\"])})(window,\"_mgq\");\n<\/script>\n<\/div>\n<!-- CONTENT END 1 -->\n","protected":false},"excerpt":{"rendered":"<p>Homem seria \u201cjulgado\u201d por organiza\u00e7\u00e3o criminosa no Simioni 5 de mar\u00e7o de 2024 | 10:18 0 Por: Adalberto Luque A Pol\u00edcia Militar impediu, na tarde&#8230;<\/p>\n","protected":false},"author":1,"featured_media":40652,"comment_status":"open","ping_status":"open","sticky":false,"template":"","format":"standard","meta":{"om_disable_all_campaigns":false,"_uag_custom_page_level_css":"","jetpack_post_was_ever_published":false,"_jetpack_newsletter_access":"","_jetpack_dont_email_post_to_subs":false,"_jetpack_newsletter_tier_id":0,"_jetpack_memberships_contains_paywalled_content":false,"_jetpack_memberships_contains_paid_content":false,"_joinchat":[],"footnotes":"","jetpack_publicize_message":"","jetpack_publicize_feature_enabled":true,"jetpack_social_post_already_shared":true,"jetpack_social_options":{"image_generator_settings":{"template":"highway","default_image_id":0,"font":"","enabled":false},"version":2}},"categories":[11],"tags":[88,3715,4759,4420],"class_list":["post-40651","post","type-post","status-publish","format-standard","has-post-thumbnail","hentry","category-noticias-de-ribeirao-preto-sp-e-regiao-ismael-colosi","tag-crime","tag-impede","tag-sessao","tag-tribunal"],"aioseo_notices":[],"jetpack_publicize_connections":[],"jetpack_featured_media_url":"https:\/\/i0.wp.com\/ismaelcolosi.com.br\/wp-content\/uploads\/2024\/03\/Luque-Viaturas-PM-jan-2023-Foto-Alfredo-Fisk-scaled.jpg?fit=2560%2C1707&ssl=1","uagb_featured_image_src":{"full":["https:\/\/i0.wp.com\/ismaelcolosi.com.br\/wp-content\/uploads\/2024\/03\/Luque-Viaturas-PM-jan-2023-Foto-Alfredo-Fisk-scaled.jpg?fit=2560%2C1707&ssl=1",2560,1707,false],"thumbnail":["https:\/\/i0.wp.com\/ismaelcolosi.com.br\/wp-content\/uploads\/2024\/03\/Luque-Viaturas-PM-jan-2023-Foto-Alfredo-Fisk-scaled.jpg?resize=150%2C150&ssl=1",150,150,true],"medium":["https:\/\/i0.wp.com\/ismaelcolosi.com.br\/wp-content\/uploads\/2024\/03\/Luque-Viaturas-PM-jan-2023-Foto-Alfredo-Fisk-scaled.jpg?fit=300%2C200&ssl=1",300,200,true],"medium_large":["https:\/\/i0.wp.com\/ismaelcolosi.com.br\/wp-content\/uploads\/2024\/03\/Luque-Viaturas-PM-jan-2023-Foto-Alfredo-Fisk-scaled.jpg?fit=768%2C512&ssl=1",768,512,true],"large":["https:\/\/i0.wp.com\/ismaelcolosi.com.br\/wp-content\/uploads\/2024\/03\/Luque-Viaturas-PM-jan-2023-Foto-Alfredo-Fisk-scaled.jpg?fit=1024%2C683&ssl=1",1024,683,true],"1536x1536":["https:\/\/i0.wp.com\/ismaelcolosi.com.br\/wp-content\/uploads\/2024\/03\/Luque-Viaturas-PM-jan-2023-Foto-Alfredo-Fisk-scaled.jpg?fit=1536%2C1024&ssl=1",1536,1024,true],"2048x2048":["https:\/\/i0.wp.com\/ismaelcolosi.com.br\/wp-content\/uploads\/2024\/03\/Luque-Viaturas-PM-jan-2023-Foto-Alfredo-Fisk-scaled.jpg?fit=2048%2C1366&ssl=1",2048,1366,true],"really-simple-thumb":["https:\/\/i0.wp.com\/ismaelcolosi.com.br\/wp-content\/uploads\/2024\/03\/Luque-Viaturas-PM-jan-2023-Foto-Alfredo-Fisk-scaled.jpg?resize=370%2C247&ssl=1",370,247,true]},"uagb_author_info":{"display_name":"ismaelcolosi.com.br","author_link":"https:\/\/ismaelcolosi.com.br\/index.php\/author\/vidareal-online\/"},"uagb_comment_info":0,"uagb_excerpt":"Homem seria \u201cjulgado\u201d por organiza\u00e7\u00e3o criminosa no Simioni 5 de mar\u00e7o de 2024 | 10:18 0 Por: Adalberto Luque A Pol\u00edcia Militar impediu, na tarde...","jetpack-related-posts":[{"id":44021,"url":"https:\/\/ismaelcolosi.com.br\/index.php\/2024\/03\/25\/stf-tem-maioria-para-manter-prisao-de-suspeitos-da-morte-marielle\/","url_meta":{"origin":40651,"position":0},"title":"STF tem maioria para manter pris\u00e3o de suspeitos da morte Marielle","author":"ismaelcolosi.com.br","date":"25 de March de 2024","format":false,"excerpt":"25 de mar\u00e7o de 2024 | 11:0025 de mar\u00e7o de 2024 | 9:50 0 A Primeira Turma do Supremo Tribunal Federal (STF) tem maioria de quatro votos para manter a pris\u00e3o dos tr\u00eas suspeitos de planejarem o crime e mandarem matar a vereadora Marielle Franco e o motorista Anderson Gomes.\u2026","rel":"","context":"In &quot;Not\u00edcias de Ribeir\u00e3o Preto-SP e Regi\u00e3o&quot;","block_context":{"text":"Not\u00edcias de Ribeir\u00e3o Preto-SP e Regi\u00e3o","link":"https:\/\/ismaelcolosi.com.br\/index.php\/category\/noticias-de-ribeirao-preto-sp-e-regiao-ismael-colosi\/"},"img":{"alt_text":"","src":"https:\/\/i0.wp.com\/ismaelcolosi.com.br\/wp-content\/uploads\/2024\/03\/0749a388-cad4-4286-a3b8-d7977af40d5c.jpg?fit=984%2C553&ssl=1&resize=350%2C200","width":350,"height":200,"srcset":"https:\/\/i0.wp.com\/ismaelcolosi.com.br\/wp-content\/uploads\/2024\/03\/0749a388-cad4-4286-a3b8-d7977af40d5c.jpg?fit=984%2C553&ssl=1&resize=350%2C200 1x, https:\/\/i0.wp.com\/ismaelcolosi.com.br\/wp-content\/uploads\/2024\/03\/0749a388-cad4-4286-a3b8-d7977af40d5c.jpg?fit=984%2C553&ssl=1&resize=525%2C300 1.5x, https:\/\/i0.wp.com\/ismaelcolosi.com.br\/wp-content\/uploads\/2024\/03\/0749a388-cad4-4286-a3b8-d7977af40d5c.jpg?fit=984%2C553&ssl=1&resize=700%2C400 2x"},"classes":[]},{"id":43533,"url":"https:\/\/ismaelcolosi.com.br\/index.php\/2024\/03\/21\/stf-adia-mais-uma-vez-julgamento-sobre-revisao-da-vida-toda\/","url_meta":{"origin":40651,"position":1},"title":"STF adia mais uma vez julgamento sobre revis\u00e3o da vida toda","author":"ismaelcolosi.com.br","date":"21 de March de 2024","format":false,"excerpt":"21 de mar\u00e7o de 2024 | 15:1821 de mar\u00e7o de 2024 | 11:20 0 O Supremo Tribunal Federal (STF) adiou mais uma vez nesta quarta-feira (20) a retomada do julgamento sobre a revis\u00e3o da vida toda de aposentadorias do Instituto Nacional do Seguro Social (INSS). O processo que trata do\u2026","rel":"","context":"In &quot;Not\u00edcias de Ribeir\u00e3o Preto-SP e Regi\u00e3o&quot;","block_context":{"text":"Not\u00edcias de Ribeir\u00e3o Preto-SP e Regi\u00e3o","link":"https:\/\/ismaelcolosi.com.br\/index.php\/category\/noticias-de-ribeirao-preto-sp-e-regiao-ismael-colosi\/"},"img":{"alt_text":"","src":"https:\/\/i0.wp.com\/ismaelcolosi.com.br\/wp-content\/uploads\/2024\/03\/idosos_caminhos_da_reportagem-scaled.jpg?fit=1000%2C598&ssl=1&resize=350%2C200","width":350,"height":200,"srcset":"https:\/\/i0.wp.com\/ismaelcolosi.com.br\/wp-content\/uploads\/2024\/03\/idosos_caminhos_da_reportagem-scaled.jpg?fit=1000%2C598&ssl=1&resize=350%2C200 1x, https:\/\/i0.wp.com\/ismaelcolosi.com.br\/wp-content\/uploads\/2024\/03\/idosos_caminhos_da_reportagem-scaled.jpg?fit=1000%2C598&ssl=1&resize=525%2C300 1.5x, https:\/\/i0.wp.com\/ismaelcolosi.com.br\/wp-content\/uploads\/2024\/03\/idosos_caminhos_da_reportagem-scaled.jpg?fit=1000%2C598&ssl=1&resize=700%2C400 2x"},"classes":[]},{"id":56440,"url":"https:\/\/ismaelcolosi.com.br\/index.php\/2024\/07\/11\/sessao-solene-celebra-150-anos-da-camara-municipal-de-ribeirao-preto\/","url_meta":{"origin":40651,"position":2},"title":"Sess\u00e3o solene celebra 150 anos da C\u00e2mara Municipal de Ribeir\u00e3o Preto","author":"ismaelcolosi.com.br","date":"11 de July de 2024","format":false,"excerpt":"A C\u00e2mara Municipal de Ribeir\u00e3o Preto realizou na tarde desta quinta-feira (11), uma sess\u00e3o solene em comemora\u00e7\u00e3o aos 150 anos de sua funda\u00e7\u00e3o. Autoridades municipais, estaduais, federais e representantes da sociedade civil organizada estiveram presentes na cerim\u00f4nia, que foi transmitida ao vivo \u2013 veja abaixo. Entre as personalidades que participaram\u2026","rel":"","context":"In &quot;Not\u00edcias de Ribeir\u00e3o Preto-SP e Regi\u00e3o&quot;","block_context":{"text":"Not\u00edcias de Ribeir\u00e3o Preto-SP e Regi\u00e3o","link":"https:\/\/ismaelcolosi.com.br\/index.php\/category\/noticias-de-ribeirao-preto-sp-e-regiao-ismael-colosi\/"},"img":{"alt_text":"","src":"https:\/\/i0.wp.com\/ismaelcolosi.com.br\/wp-content\/uploads\/2024\/07\/DSC7600_2024-07-11_21-48-59_jpg_2024-07-11_21-48-59.webp.webp?fit=1200%2C913&ssl=1&resize=350%2C200","width":350,"height":200,"srcset":"https:\/\/i0.wp.com\/ismaelcolosi.com.br\/wp-content\/uploads\/2024\/07\/DSC7600_2024-07-11_21-48-59_jpg_2024-07-11_21-48-59.webp.webp?fit=1200%2C913&ssl=1&resize=350%2C200 1x, https:\/\/i0.wp.com\/ismaelcolosi.com.br\/wp-content\/uploads\/2024\/07\/DSC7600_2024-07-11_21-48-59_jpg_2024-07-11_21-48-59.webp.webp?fit=1200%2C913&ssl=1&resize=525%2C300 1.5x, https:\/\/i0.wp.com\/ismaelcolosi.com.br\/wp-content\/uploads\/2024\/07\/DSC7600_2024-07-11_21-48-59_jpg_2024-07-11_21-48-59.webp.webp?fit=1200%2C913&ssl=1&resize=700%2C400 2x, https:\/\/i0.wp.com\/ismaelcolosi.com.br\/wp-content\/uploads\/2024\/07\/DSC7600_2024-07-11_21-48-59_jpg_2024-07-11_21-48-59.webp.webp?fit=1200%2C913&ssl=1&resize=1050%2C600 3x"},"classes":[]},{"id":40192,"url":"https:\/\/ismaelcolosi.com.br\/index.php\/2024\/03\/01\/stf-adia-julgamento-sobre-revisao-da-vida-toda-do-inss\/","url_meta":{"origin":40651,"position":3},"title":"STF adia julgamento sobre revis\u00e3o da vida toda do INSS","author":"ismaelcolosi.com.br","date":"1 de March de 2024","format":false,"excerpt":"1 de mar\u00e7o de 2024 | 11:001 de mar\u00e7o de 2024 | 11:52 0O Supremo Tribunal Federal (STF) adiou nesta quinta-feira (29) a retomada do julgamento sobre a\u00a0revis\u00e3o da vida toda\u00a0de aposentadorias do Instituto Nacional do Seguro Social (INSS). A an\u00e1lise do caso estava prevista para a sess\u00e3o desta quinta-feira\u2026","rel":"","context":"In &quot;Not\u00edcias de Ribeir\u00e3o Preto-SP e Regi\u00e3o&quot;","block_context":{"text":"Not\u00edcias de Ribeir\u00e3o Preto-SP e Regi\u00e3o","link":"https:\/\/ismaelcolosi.com.br\/index.php\/category\/noticias-de-ribeirao-preto-sp-e-regiao-ismael-colosi\/"},"img":{"alt_text":"","src":"https:\/\/i0.wp.com\/ismaelcolosi.com.br\/wp-content\/uploads\/2024\/03\/c89af623-28be-467c-99d0-adfb1295718e-scaled.jpg?fit=1000%2C598&ssl=1&resize=350%2C200","width":350,"height":200,"srcset":"https:\/\/i0.wp.com\/ismaelcolosi.com.br\/wp-content\/uploads\/2024\/03\/c89af623-28be-467c-99d0-adfb1295718e-scaled.jpg?fit=1000%2C598&ssl=1&resize=350%2C200 1x, https:\/\/i0.wp.com\/ismaelcolosi.com.br\/wp-content\/uploads\/2024\/03\/c89af623-28be-467c-99d0-adfb1295718e-scaled.jpg?fit=1000%2C598&ssl=1&resize=525%2C300 1.5x, https:\/\/i0.wp.com\/ismaelcolosi.com.br\/wp-content\/uploads\/2024\/03\/c89af623-28be-467c-99d0-adfb1295718e-scaled.jpg?fit=1000%2C598&ssl=1&resize=700%2C400 2x"},"classes":[]},{"id":54653,"url":"https:\/\/ismaelcolosi.com.br\/index.php\/2024\/06\/26\/stf-libera-40g-de-maconha-para-usuario-se-diferenciar-de-traficante\/","url_meta":{"origin":40651,"position":4},"title":"STF libera 40g de maconha para usu\u00e1rio se diferenciar de traficante","author":"ismaelcolosi.com.br","date":"26 de June de 2024","format":false,"excerpt":"O STF (Supremo Tribunal Federal) fixou em 40 gramas ou seis plantas f\u00eameas de Cannabis sativa a quantidade de maconha que diferenciar\u00e1 o uso pessoal de quem \u00e9 traficante de drogas. A decis\u00e3o foi divulgada nesta quarta-feira (29). Essa defini\u00e7\u00e3o do peso \u00e9 um desdobramento do julgamento para descriminalizar o\u2026","rel":"","context":"In &quot;Not\u00edcias de Ribeir\u00e3o Preto-SP e Regi\u00e3o&quot;","block_context":{"text":"Not\u00edcias de Ribeir\u00e3o Preto-SP e Regi\u00e3o","link":"https:\/\/ismaelcolosi.com.br\/index.php\/category\/noticias-de-ribeirao-preto-sp-e-regiao-ismael-colosi\/"},"img":{"alt_text":"","src":"https:\/\/i0.wp.com\/ismaelcolosi.com.br\/wp-content\/uploads\/2024\/06\/Capturar_2024-06-26_19-52-29_jpg_2024-06-26_19-52-29.webp.webp?fit=1164%2C565&ssl=1&resize=350%2C200","width":350,"height":200,"srcset":"https:\/\/i0.wp.com\/ismaelcolosi.com.br\/wp-content\/uploads\/2024\/06\/Capturar_2024-06-26_19-52-29_jpg_2024-06-26_19-52-29.webp.webp?fit=1164%2C565&ssl=1&resize=350%2C200 1x, https:\/\/i0.wp.com\/ismaelcolosi.com.br\/wp-content\/uploads\/2024\/06\/Capturar_2024-06-26_19-52-29_jpg_2024-06-26_19-52-29.webp.webp?fit=1164%2C565&ssl=1&resize=525%2C300 1.5x, https:\/\/i0.wp.com\/ismaelcolosi.com.br\/wp-content\/uploads\/2024\/06\/Capturar_2024-06-26_19-52-29_jpg_2024-06-26_19-52-29.webp.webp?fit=1164%2C565&ssl=1&resize=700%2C400 2x, https:\/\/i0.wp.com\/ismaelcolosi.com.br\/wp-content\/uploads\/2024\/06\/Capturar_2024-06-26_19-52-29_jpg_2024-06-26_19-52-29.webp.webp?fit=1164%2C565&ssl=1&resize=1050%2C600 3x"},"classes":[]},{"id":34725,"url":"https:\/\/ismaelcolosi.com.br\/index.php\/2024\/02\/03\/vereadores-aprovam-socorro-ao-regatas\/","url_meta":{"origin":40651,"position":5},"title":"Vereadores aprovam socorro ao Regatas","author":"ismaelcolosi.com.br","date":"3 de February de 2024","format":false,"excerpt":"3 de fevereiro de 2024 | 9:002 de fevereiro de 2024 | 19:51 0A C\u00e2mara de Vereadores aprovou, na sess\u00e3o de quinta-feira, 1\u00ba de fevereiro, em primeira discuss\u00e3o, o projeto de lei do prefeito Duarte Nogueira (PSDB) que beneficia o Clube de Regatas de Ribeir\u00e3o Preto. Depois de sancionada, a\u2026","rel":"","context":"In &quot;Not\u00edcias de Ribeir\u00e3o Preto-SP e Regi\u00e3o&quot;","block_context":{"text":"Not\u00edcias de Ribeir\u00e3o Preto-SP e Regi\u00e3o","link":"https:\/\/ismaelcolosi.com.br\/index.php\/category\/noticias-de-ribeirao-preto-sp-e-regiao-ismael-colosi\/"},"img":{"alt_text":"","src":"https:\/\/i0.wp.com\/ismaelcolosi.com.br\/wp-content\/uploads\/2024\/02\/Regatas-Alfredo-Risk-2-scaled.jpg?fit=1000%2C530&ssl=1&resize=350%2C200","width":350,"height":200,"srcset":"https:\/\/i0.wp.com\/ismaelcolosi.com.br\/wp-content\/uploads\/2024\/02\/Regatas-Alfredo-Risk-2-scaled.jpg?fit=1000%2C530&ssl=1&resize=350%2C200 1x, https:\/\/i0.wp.com\/ismaelcolosi.com.br\/wp-content\/uploads\/2024\/02\/Regatas-Alfredo-Risk-2-scaled.jpg?fit=1000%2C530&ssl=1&resize=525%2C300 1.5x, https:\/\/i0.wp.com\/ismaelcolosi.com.br\/wp-content\/uploads\/2024\/02\/Regatas-Alfredo-Risk-2-scaled.jpg?fit=1000%2C530&ssl=1&resize=700%2C400 2x"},"classes":[]}],"jetpack_sharing_enabled":true,"jetpack_shortlink":"https:\/\/wp.me\/pfMlyK-azF","_links":{"self":[{"href":"https:\/\/ismaelcolosi.com.br\/index.php\/wp-json\/wp\/v2\/posts\/40651","targetHints":{"allow":["GET"]}}],"collection":[{"href":"https:\/\/ismaelcolosi.com.br\/index.php\/wp-json\/wp\/v2\/posts"}],"about":[{"href":"https:\/\/ismaelcolosi.com.br\/index.php\/wp-json\/wp\/v2\/types\/post"}],"author":[{"embeddable":true,"href":"https:\/\/ismaelcolosi.com.br\/index.php\/wp-json\/wp\/v2\/users\/1"}],"replies":[{"embeddable":true,"href":"https:\/\/ismaelcolosi.com.br\/index.php\/wp-json\/wp\/v2\/comments?post=40651"}],"version-history":[{"count":0,"href":"https:\/\/ismaelcolosi.com.br\/index.php\/wp-json\/wp\/v2\/posts\/40651\/revisions"}],"wp:featuredmedia":[{"embeddable":true,"href":"https:\/\/ismaelcolosi.com.br\/index.php\/wp-json\/wp\/v2\/media\/40652"}],"wp:attachment":[{"href":"https:\/\/ismaelcolosi.com.br\/index.php\/wp-json\/wp\/v2\/media?parent=40651"}],"wp:term":[{"taxonomy":"category","embeddable":true,"href":"https:\/\/ismaelcolosi.com.br\/index.php\/wp-json\/wp\/v2\/categories?post=40651"},{"taxonomy":"post_tag","embeddable":true,"href":"https:\/\/ismaelcolosi.com.br\/index.php\/wp-json\/wp\/v2\/tags?post=40651"}],"curies":[{"name":"wp","href":"https:\/\/api.w.org\/{rel}","templated":true}]}}