{"id":40512,"date":"2024-03-04T12:26:07","date_gmt":"2024-03-04T15:26:07","guid":{"rendered":"https:\/\/ismaelcolosi.com.br\/index.php\/2024\/03\/04\/em-washington-haley-vence-trump-pela-primeira-vez-nas-primarias-do-partido-republicano\/"},"modified":"2024-03-04T12:26:07","modified_gmt":"2024-03-04T15:26:07","slug":"em-washington-haley-vence-trump-pela-primeira-vez-nas-primarias-do-partido-republicano","status":"publish","type":"post","link":"https:\/\/ismaelcolosi.com.br\/index.php\/2024\/03\/04\/em-washington-haley-vence-trump-pela-primeira-vez-nas-primarias-do-partido-republicano\/","title":{"rendered":"Em Washington, Haley vence Trump pela primeira vez nas prim\u00e1rias do Partido Republicano"},"content":{"rendered":"<p> <br \/>\n<\/p>\n<div id=\"post-376140\">\n<header class=\"entry-header penci-entry-header penci-title-center\">\n<p> <span class=\"entry-meta-item penci-posted-on\"><i class=\"fa fa-clock-o\"\/><time class=\"entry-date published\" datetime=\"2024-03-04T12:00:19-03:00\">4 de mar\u00e7o de 2024 | 12:00<\/time><time class=\"updated\" datetime=\"2024-03-04T10:13:18-03:00\">4 de mar\u00e7o de 2024 | 10:13<\/time><\/span><\/p>\n<p> <span class=\"penci-social-buttons penci-social-share-footer\"><a href=\"#\" class=\"penci-post-like penci_post-meta_item  single-like-button penci-social-item like\" data-post_id=\"376140\" title=\"Like\" data-like=\"Like\" data-unlike=\"Unlike\"><i class=\"fa fa-thumbs-o-up\"\/><span class=\"penci-share-number\">0<\/span><\/a><i class=\"fa fa-facebook\"\/><a class=\"penci-social-item twitter\" target=\"_blank\" rel=\"noopener\" title=\"\" href=\"https:\/\/twitter.com\/intent\/tweet?text=Em%20Washington,%20Haley%20vence%20Trump%20pela%20primeira%20vez%20nas%20prim\u00e1rias%20do%20Partido%20Republicano%20-%20https:\/\/www.tribunaribeirao.com.br\/site\/em-washington-haley-vence-trump-pela-primeira-vez-nas-primarias-do-partido-republicano\/\"><i class=\"fa fa-twitter\"\/><\/a><i class=\"fa fa-whatsapp\"\/><\/span><\/header>\n<div class=\"penci-entry-content entry-content\">\n<p>A ex-governadora da Carolina do Sul Nikki Haley venceu neste domingo, 3, as prim\u00e1rias do Partido Republicano no Distrito de Columbia, onde fica Washington, a capital dos Estados Unidos. Foi a primeira vez que Haley derrotou o ex-presidente Donald Trump no processo de escolha do candidato da legenda \u00e0 Casa Branca nas elei\u00e7\u00f5es de novembro.<\/p>\n<p>Apesar de acumular derrotas, inclusive em casa, na Carolina do Sul, Haley insistiu em permanecer na disputa para oferecer aos republicanos uma alternativa a Trump. O Distrito de Columbia \u00e9 dominado pelo Partido Democrata e conta com apenas 23 mil republicanos registrados. Em 2020, o presidente Joe Biden venceu as elei\u00e7\u00f5es no local com 92% dos votos.<\/p>\n<p>Logo ap\u00f3s a vit\u00f3ria de Haley, Trump a parabenizou de maneira sarc\u00e1stica, ao dizer que a advers\u00e1ria teria sido nomeada \u201cRainha do P\u00e2ntano pelos lobistas e frequentadores de DC que querem proteger o status quo fracassado\u201d. Fonte: Associated Press.<\/p>\n<\/div>\n<footer class=\"penci-entry-footer\"\/><\/div>\n<p><script async src=\"\/\/platform.twitter.com\/widgets.js\" charset=\"utf-8\"><\/script><br \/>\n<br \/><br \/>\n<br \/><a href=\"https:\/\/www.tribunaribeirao.com.br\/site\/em-washington-haley-vence-trump-pela-primeira-vez-nas-primarias-do-partido-republicano\/\">Source link <\/a><\/p>\n<div class='code-block code-block-4' style='margin: 8px auto 8px 0; text-align: left; display: block; clear: both;'>\n\ud83d\udce2 Aviso Legal\n\nO site ismaelcolosi.com.br atua apenas como um canal de divulga\u00e7\u00e3o de oportunidades de emprego e n\u00e3o se responsabiliza pelo processo seletivo, contrata\u00e7\u00e3o ou qualquer outra etapa relacionada \u00e0s vagas publicadas. Todas as informa\u00e7\u00f5es s\u00e3o de responsabilidade dos anunciantes.\n\n\u26a0\ufe0f Aten\u00e7\u00e3o! Nunca pague por promessas de emprego nem compre cursos que garantam contrata\u00e7\u00e3o. Desconfie de qualquer cobran\u00e7a para participar de sele\u00e7\u00f5es.\n\n\n\n<\/div>\n<!-- CONTENT END 1 -->\n","protected":false},"excerpt":{"rendered":"<p>4 de mar\u00e7o de 2024 | 12:004 de mar\u00e7o de 2024 | 10:13 0 A ex-governadora da Carolina do Sul Nikki Haley venceu neste domingo,&#8230;<\/p>\n","protected":false},"author":1,"featured_media":40513,"comment_status":"open","ping_status":"open","sticky":false,"template":"","format":"standard","meta":{"_uag_custom_page_level_css":"","advanced_seo_description":"","jetpack_seo_html_title":"","jetpack_seo_noindex":false,"jetpack_post_was_ever_published":false,"_jetpack_newsletter_access":"","_jetpack_dont_email_post_to_subs":false,"_jetpack_newsletter_tier_id":0,"_jetpack_memberships_contains_paywalled_content":false,"_jetpack_memberships_contains_paid_content":false,"footnotes":"","jetpack_publicize_message":"","jetpack_publicize_feature_enabled":true,"jetpack_social_post_already_shared":true,"jetpack_social_options":{"image_generator_settings":{"template":"highway","default_image_id":0,"font":"","enabled":false},"version":2}},"categories":[11],"tags":[4734,104,793,188,4736,189,4737,4735,1612,190,4733],"class_list":["post-40512","post","type-post","status-publish","format-standard","has-post-thumbnail","hentry","category-noticias-de-ribeirao-preto-sp-e-regiao-ismael-colosi","tag-haley","tag-nas","tag-partido","tag-pela","tag-primarias","tag-primeira","tag-republicano","tag-trump","tag-vence","tag-vez","tag-washington"],"jetpack_publicize_connections":[],"jetpack_featured_media_url":"https:\/\/i0.wp.com\/ismaelcolosi.com.br\/wp-content\/uploads\/2024\/03\/c50337f3-f150-4058-921f-483ec70ec2cc-scaled.jpg?fit=1000%2C598&ssl=1","uagb_featured_image_src":{"full":["https:\/\/i0.wp.com\/ismaelcolosi.com.br\/wp-content\/uploads\/2024\/03\/c50337f3-f150-4058-921f-483ec70ec2cc-scaled.jpg?fit=1000%2C598&ssl=1",1000,598,false],"thumbnail":["https:\/\/i0.wp.com\/ismaelcolosi.com.br\/wp-content\/uploads\/2024\/03\/c50337f3-f150-4058-921f-483ec70ec2cc-scaled.jpg?resize=150%2C150&ssl=1",150,150,true],"medium":["https:\/\/i0.wp.com\/ismaelcolosi.com.br\/wp-content\/uploads\/2024\/03\/c50337f3-f150-4058-921f-483ec70ec2cc-scaled.jpg?fit=300%2C179&ssl=1",300,179,true],"medium_large":["https:\/\/i0.wp.com\/ismaelcolosi.com.br\/wp-content\/uploads\/2024\/03\/c50337f3-f150-4058-921f-483ec70ec2cc-scaled.jpg?fit=768%2C459&ssl=1",768,459,true],"large":["https:\/\/i0.wp.com\/ismaelcolosi.com.br\/wp-content\/uploads\/2024\/03\/c50337f3-f150-4058-921f-483ec70ec2cc-scaled.jpg?fit=1000%2C598&ssl=1",1000,598,true],"1536x1536":["https:\/\/i0.wp.com\/ismaelcolosi.com.br\/wp-content\/uploads\/2024\/03\/c50337f3-f150-4058-921f-483ec70ec2cc-scaled.jpg?fit=1000%2C598&ssl=1",1000,598,true],"2048x2048":["https:\/\/i0.wp.com\/ismaelcolosi.com.br\/wp-content\/uploads\/2024\/03\/c50337f3-f150-4058-921f-483ec70ec2cc-scaled.jpg?fit=1000%2C598&ssl=1",1000,598,true],"really-simple-thumb":["https:\/\/i0.wp.com\/ismaelcolosi.com.br\/wp-content\/uploads\/2024\/03\/c50337f3-f150-4058-921f-483ec70ec2cc-scaled.jpg?resize=370%2C247&ssl=1",370,247,true]},"uagb_author_info":{"display_name":"ismaelcolosi.com.br","author_link":"https:\/\/ismaelcolosi.com.br\/index.php\/author\/vidareal-online\/"},"uagb_comment_info":0,"uagb_excerpt":"4 de mar\u00e7o de 2024 | 12:004 de mar\u00e7o de 2024 | 10:13 0 A ex-governadora da Carolina do Sul Nikki Haley venceu neste domingo,...","jetpack-related-posts":[{"id":41309,"url":"https:\/\/ismaelcolosi.com.br\/index.php\/2024\/03\/07\/biden-e-trump-vencem-primarias-nos-estados-unidos\/","url_meta":{"origin":40512,"position":0},"title":"Biden e Trump vencem prim\u00e1rias\u00a0nos Estados Unidos","author":"ismaelcolosi.com.br","date":"7 de March de 2024","format":false,"excerpt":"7 de mar\u00e7o de 2024 | 14:307 de mar\u00e7o de 2024 | 10:19 0Era matematicamente imposs\u00edvel que Donald Trump ou Joe Biden garantissem a nomea\u00e7\u00e3o para concorrer \u00e0 presid\u00eancia dos Estados Unidos nesta Superter\u00e7a. Mas atingir o \u201cn\u00famero m\u00e1gico\u201d de delegados parece s\u00f3 uma quest\u00e3o de tempo \u2013 2024 deve\u2026","rel":"","context":"In &quot;Not\u00edcias de Ribeir\u00e3o Preto-SP e Regi\u00e3o&quot;","block_context":{"text":"Not\u00edcias de Ribeir\u00e3o Preto-SP e Regi\u00e3o","link":"https:\/\/ismaelcolosi.com.br\/index.php\/category\/noticias-de-ribeirao-preto-sp-e-regiao-ismael-colosi\/"},"img":{"alt_text":"","src":"https:\/\/i0.wp.com\/ismaelcolosi.com.br\/wp-content\/uploads\/2024\/03\/170977125665e909f8b3ff4_1709771256_3x2_md.jpg?fit=768%2C512&ssl=1&resize=350%2C200","width":350,"height":200,"srcset":"https:\/\/i0.wp.com\/ismaelcolosi.com.br\/wp-content\/uploads\/2024\/03\/170977125665e909f8b3ff4_1709771256_3x2_md.jpg?fit=768%2C512&ssl=1&resize=350%2C200 1x, https:\/\/i0.wp.com\/ismaelcolosi.com.br\/wp-content\/uploads\/2024\/03\/170977125665e909f8b3ff4_1709771256_3x2_md.jpg?fit=768%2C512&ssl=1&resize=525%2C300 1.5x, https:\/\/i0.wp.com\/ismaelcolosi.com.br\/wp-content\/uploads\/2024\/03\/170977125665e909f8b3ff4_1709771256_3x2_md.jpg?fit=768%2C512&ssl=1&resize=700%2C400 2x"},"classes":[]},{"id":43572,"url":"https:\/\/ismaelcolosi.com.br\/index.php\/2024\/03\/22\/direita-volver-parte-2\/","url_meta":{"origin":40512,"position":1},"title":"Direita, volver &#8211; parte 2\u00a0","author":"ismaelcolosi.com.br","date":"22 de March de 2024","format":false,"excerpt":"22 de mar\u00e7o de 2024 | 8:1322 de mar\u00e7o de 2024 | 8:12 0 Luiz Paulo Tupynamb\u00e1 *\u00a0www.tupyweb.com\u00a0\u00a0\u201cA esperan\u00e7a dan\u00e7a \/ Na corda bamba de sombrinha\/ E em cada passo dessa linha\/Pode se machucar\u2026\u201d Trecho da can\u00e7\u00e3o \u201cO b\u00eabado e a equilibrista\u201d \u2013 de Aldir Blanc e Jo\u00e3o Bosco\u00a0\u00a0Semana passada,\u2026","rel":"","context":"In &quot;Not\u00edcias de Ribeir\u00e3o Preto-SP e Regi\u00e3o&quot;","block_context":{"text":"Not\u00edcias de Ribeir\u00e3o Preto-SP e Regi\u00e3o","link":"https:\/\/ismaelcolosi.com.br\/index.php\/category\/noticias-de-ribeirao-preto-sp-e-regiao-ismael-colosi\/"},"img":{"alt_text":"","src":"https:\/\/i0.wp.com\/ismaelcolosi.com.br\/wp-content\/uploads\/2024\/03\/luizpaulotupynamba-1-scaled.jpg?fit=1000%2C625&ssl=1&resize=350%2C200","width":350,"height":200,"srcset":"https:\/\/i0.wp.com\/ismaelcolosi.com.br\/wp-content\/uploads\/2024\/03\/luizpaulotupynamba-1-scaled.jpg?fit=1000%2C625&ssl=1&resize=350%2C200 1x, https:\/\/i0.wp.com\/ismaelcolosi.com.br\/wp-content\/uploads\/2024\/03\/luizpaulotupynamba-1-scaled.jpg?fit=1000%2C625&ssl=1&resize=525%2C300 1.5x, https:\/\/i0.wp.com\/ismaelcolosi.com.br\/wp-content\/uploads\/2024\/03\/luizpaulotupynamba-1-scaled.jpg?fit=1000%2C625&ssl=1&resize=700%2C400 2x"},"classes":[]},{"id":57572,"url":"https:\/\/ismaelcolosi.com.br\/index.php\/2024\/07\/22\/novo-confirma-marco-aurelio-martins-como-candidato-a-prefeitura-de-ribeirao-preto\/","url_meta":{"origin":40512,"position":2},"title":"Novo confirma Marco Aur\u00e9lio Martins como candidato \u00e0 Prefeitura de Ribeir\u00e3o Preto","author":"ismaelcolosi.com.br","date":"22 de July de 2024","format":false,"excerpt":"O Partido Novo oficializou o nome do empres\u00e1rio Marco Aur\u00e9lio Martins como candidato \u00e0 Prefeitura de Ribeir\u00e3o Preto. O an\u00fancio, que incluiu o nome do vice, Ant\u00f4nio Carlos Freiria, do mesmo partido, aconteceu durante conven\u00e7\u00e3o do partido, na noite desta segunda-feira (22), na C\u00e2mara Municipal da cidade. \u201cA principal proposta\u2026","rel":"","context":"In &quot;Not\u00edcias de Ribeir\u00e3o Preto-SP e Regi\u00e3o&quot;","block_context":{"text":"Not\u00edcias de Ribeir\u00e3o Preto-SP e Regi\u00e3o","link":"https:\/\/ismaelcolosi.com.br\/index.php\/category\/noticias-de-ribeirao-preto-sp-e-regiao-ismael-colosi\/"},"img":{"alt_text":"","src":"https:\/\/i0.wp.com\/ismaelcolosi.com.br\/wp-content\/uploads\/2024\/07\/Copia-de-Copia-de-TAMANHO-EXATO-PARA-FOTOS-NO-SISTEMA-NOVO-13_2024-07-23_00-42-22_jpg_2024-07-23_00-42-22.webp.webp?fit=1200%2C675&ssl=1&resize=350%2C200","width":350,"height":200,"srcset":"https:\/\/i0.wp.com\/ismaelcolosi.com.br\/wp-content\/uploads\/2024\/07\/Copia-de-Copia-de-TAMANHO-EXATO-PARA-FOTOS-NO-SISTEMA-NOVO-13_2024-07-23_00-42-22_jpg_2024-07-23_00-42-22.webp.webp?fit=1200%2C675&ssl=1&resize=350%2C200 1x, https:\/\/i0.wp.com\/ismaelcolosi.com.br\/wp-content\/uploads\/2024\/07\/Copia-de-Copia-de-TAMANHO-EXATO-PARA-FOTOS-NO-SISTEMA-NOVO-13_2024-07-23_00-42-22_jpg_2024-07-23_00-42-22.webp.webp?fit=1200%2C675&ssl=1&resize=525%2C300 1.5x, https:\/\/i0.wp.com\/ismaelcolosi.com.br\/wp-content\/uploads\/2024\/07\/Copia-de-Copia-de-TAMANHO-EXATO-PARA-FOTOS-NO-SISTEMA-NOVO-13_2024-07-23_00-42-22_jpg_2024-07-23_00-42-22.webp.webp?fit=1200%2C675&ssl=1&resize=700%2C400 2x, https:\/\/i0.wp.com\/ismaelcolosi.com.br\/wp-content\/uploads\/2024\/07\/Copia-de-Copia-de-TAMANHO-EXATO-PARA-FOTOS-NO-SISTEMA-NOVO-13_2024-07-23_00-42-22_jpg_2024-07-23_00-42-22.webp.webp?fit=1200%2C675&ssl=1&resize=1050%2C600 3x"},"classes":[]},{"id":57574,"url":"https:\/\/ismaelcolosi.com.br\/index.php\/2024\/07\/22\/novo-confirma-marco-aurelio-martins-como-candidato-a-prefeitura-de-ribeirao-preto-2\/","url_meta":{"origin":40512,"position":3},"title":"Novo confirma Marco Aur\u00e9lio Martins como candidato \u00e0 Prefeitura de Ribeir\u00e3o Preto","author":"ismaelcolosi.com.br","date":"22 de July de 2024","format":false,"excerpt":"O Partido Novo oficializou o nome do empres\u00e1rio Marco Aur\u00e9lio Martins como candidato \u00e0 Prefeitura de Ribeir\u00e3o Preto. O an\u00fancio, que incluiu o nome do vice, Ant\u00f4nio Carlos Freiria, do mesmo partido, aconteceu durante conven\u00e7\u00e3o do partido, na noite desta segunda-feira (22), na C\u00e2mara Municipal da cidade. \u201cA principal proposta\u2026","rel":"","context":"In &quot;Not\u00edcias de Ribeir\u00e3o Preto-SP e Regi\u00e3o&quot;","block_context":{"text":"Not\u00edcias de Ribeir\u00e3o Preto-SP e Regi\u00e3o","link":"https:\/\/ismaelcolosi.com.br\/index.php\/category\/noticias-de-ribeirao-preto-sp-e-regiao-ismael-colosi\/"},"img":{"alt_text":"","src":"https:\/\/i0.wp.com\/ismaelcolosi.com.br\/wp-content\/uploads\/2024\/07\/WhatsApp-Image-2024-07-22-at-21.57.34_2024-07-23_00-59-56_jpeg_2024-07-23_00-59-57.webp.webp?fit=1200%2C752&ssl=1&resize=350%2C200","width":350,"height":200,"srcset":"https:\/\/i0.wp.com\/ismaelcolosi.com.br\/wp-content\/uploads\/2024\/07\/WhatsApp-Image-2024-07-22-at-21.57.34_2024-07-23_00-59-56_jpeg_2024-07-23_00-59-57.webp.webp?fit=1200%2C752&ssl=1&resize=350%2C200 1x, https:\/\/i0.wp.com\/ismaelcolosi.com.br\/wp-content\/uploads\/2024\/07\/WhatsApp-Image-2024-07-22-at-21.57.34_2024-07-23_00-59-56_jpeg_2024-07-23_00-59-57.webp.webp?fit=1200%2C752&ssl=1&resize=525%2C300 1.5x, https:\/\/i0.wp.com\/ismaelcolosi.com.br\/wp-content\/uploads\/2024\/07\/WhatsApp-Image-2024-07-22-at-21.57.34_2024-07-23_00-59-56_jpeg_2024-07-23_00-59-57.webp.webp?fit=1200%2C752&ssl=1&resize=700%2C400 2x, https:\/\/i0.wp.com\/ismaelcolosi.com.br\/wp-content\/uploads\/2024\/07\/WhatsApp-Image-2024-07-22-at-21.57.34_2024-07-23_00-59-56_jpeg_2024-07-23_00-59-57.webp.webp?fit=1200%2C752&ssl=1&resize=1050%2C600 3x"},"classes":[]},{"id":6217,"url":"https:\/\/ismaelcolosi.com.br\/index.php\/2023\/11\/24\/ribeirao-recebe-pela-primeira-vez-o-campeonato-nacional-de-cheerleading-veja-quando\/","url_meta":{"origin":40512,"position":4},"title":"Ribeir\u00e3o recebe pela primeira vez o Campeonato Nacional de Cheerleading; Veja quando","author":"ismaelcolosi.com.br","date":"24 de November de 2023","format":false,"excerpt":"Ribeir\u00e3o Preto ser\u00e1 palco pela primeira vez do Campeonato Nacional de Cheerleading. O evento acontece neste s\u00e1bado (25) e domingo (26), no complexo da Cava do Bosque, na zona Norte da cidade. Cheerleading tamb\u00e9m s\u00e3o conhecidas como animadoras de torcida. A modalidade \u00e9 um esporte reconhecido pelo Comit\u00ea Ol\u00edmpico Internacional\u2026","rel":"","context":"In &quot;Not\u00edcias de Ribeir\u00e3o Preto-SP e Regi\u00e3o&quot;","block_context":{"text":"Not\u00edcias de Ribeir\u00e3o Preto-SP e Regi\u00e3o","link":"https:\/\/ismaelcolosi.com.br\/index.php\/category\/noticias-de-ribeirao-preto-sp-e-regiao-ismael-colosi\/"},"img":{"alt_text":"","src":"https:\/\/i0.wp.com\/ismaelcolosi.com.br\/wp-content\/uploads\/2023\/11\/campeonato_cheerleading_1.jpg?fit=1200%2C800&ssl=1&resize=350%2C200","width":350,"height":200,"srcset":"https:\/\/i0.wp.com\/ismaelcolosi.com.br\/wp-content\/uploads\/2023\/11\/campeonato_cheerleading_1.jpg?fit=1200%2C800&ssl=1&resize=350%2C200 1x, https:\/\/i0.wp.com\/ismaelcolosi.com.br\/wp-content\/uploads\/2023\/11\/campeonato_cheerleading_1.jpg?fit=1200%2C800&ssl=1&resize=525%2C300 1.5x, https:\/\/i0.wp.com\/ismaelcolosi.com.br\/wp-content\/uploads\/2023\/11\/campeonato_cheerleading_1.jpg?fit=1200%2C800&ssl=1&resize=700%2C400 2x, https:\/\/i0.wp.com\/ismaelcolosi.com.br\/wp-content\/uploads\/2023\/11\/campeonato_cheerleading_1.jpg?fit=1200%2C800&ssl=1&resize=1050%2C600 3x"},"classes":[]},{"id":40752,"url":"https:\/\/ismaelcolosi.com.br\/index.php\/2024\/03\/05\/suely-vilela-e-lancada-a-prefeitura-pelo-psb\/","url_meta":{"origin":40512,"position":5},"title":"Suely Vilela \u00e9 lan\u00e7ada \u00e0 prefeitura pelo PSB","author":"ismaelcolosi.com.br","date":"5 de March de 2024","format":false,"excerpt":"5 de mar\u00e7o de 2024 | 11:37 1O Partido Socialista Brasileiro (PSB) decidiu lan\u00e7ar a professora Suely Vilela como pr\u00e9-candidata a prefeita de Ribeir\u00e3o Preto nas pr\u00f3ximas elei\u00e7\u00f5es municipais, marcadas para 6 de outubro. A candidatura foi articulada por M\u00e1rcio Fran\u00e7a, presidente licenciado do Partido no Estado de S\u00e3o Paulo\u2026","rel":"","context":"In &quot;Not\u00edcias de Ribeir\u00e3o Preto-SP e Regi\u00e3o&quot;","block_context":{"text":"Not\u00edcias de Ribeir\u00e3o Preto-SP e Regi\u00e3o","link":"https:\/\/ismaelcolosi.com.br\/index.php\/category\/noticias-de-ribeirao-preto-sp-e-regiao-ismael-colosi\/"},"img":{"alt_text":"","src":"https:\/\/i0.wp.com\/ismaelcolosi.com.br\/wp-content\/uploads\/2024\/03\/c609ef0a-8219-4990-93a9-fcd490c76154.jpg?fit=700%2C450&ssl=1&resize=350%2C200","width":350,"height":200,"srcset":"https:\/\/i0.wp.com\/ismaelcolosi.com.br\/wp-content\/uploads\/2024\/03\/c609ef0a-8219-4990-93a9-fcd490c76154.jpg?fit=700%2C450&ssl=1&resize=350%2C200 1x, https:\/\/i0.wp.com\/ismaelcolosi.com.br\/wp-content\/uploads\/2024\/03\/c609ef0a-8219-4990-93a9-fcd490c76154.jpg?fit=700%2C450&ssl=1&resize=525%2C300 1.5x, https:\/\/i0.wp.com\/ismaelcolosi.com.br\/wp-content\/uploads\/2024\/03\/c609ef0a-8219-4990-93a9-fcd490c76154.jpg?fit=700%2C450&ssl=1&resize=700%2C400 2x"},"classes":[]}],"jetpack_sharing_enabled":true,"jetpack_shortlink":"https:\/\/wp.me\/pfMlyK-axq","_links":{"self":[{"href":"https:\/\/ismaelcolosi.com.br\/index.php\/wp-json\/wp\/v2\/posts\/40512","targetHints":{"allow":["GET"]}}],"collection":[{"href":"https:\/\/ismaelcolosi.com.br\/index.php\/wp-json\/wp\/v2\/posts"}],"about":[{"href":"https:\/\/ismaelcolosi.com.br\/index.php\/wp-json\/wp\/v2\/types\/post"}],"author":[{"embeddable":true,"href":"https:\/\/ismaelcolosi.com.br\/index.php\/wp-json\/wp\/v2\/users\/1"}],"replies":[{"embeddable":true,"href":"https:\/\/ismaelcolosi.com.br\/index.php\/wp-json\/wp\/v2\/comments?post=40512"}],"version-history":[{"count":0,"href":"https:\/\/ismaelcolosi.com.br\/index.php\/wp-json\/wp\/v2\/posts\/40512\/revisions"}],"wp:featuredmedia":[{"embeddable":true,"href":"https:\/\/ismaelcolosi.com.br\/index.php\/wp-json\/wp\/v2\/media\/40513"}],"wp:attachment":[{"href":"https:\/\/ismaelcolosi.com.br\/index.php\/wp-json\/wp\/v2\/media?parent=40512"}],"wp:term":[{"taxonomy":"category","embeddable":true,"href":"https:\/\/ismaelcolosi.com.br\/index.php\/wp-json\/wp\/v2\/categories?post=40512"},{"taxonomy":"post_tag","embeddable":true,"href":"https:\/\/ismaelcolosi.com.br\/index.php\/wp-json\/wp\/v2\/tags?post=40512"}],"curies":[{"name":"wp","href":"https:\/\/api.w.org\/{rel}","templated":true}]}}