{"id":40499,"date":"2024-03-04T11:34:41","date_gmt":"2024-03-04T14:34:41","guid":{"rendered":"https:\/\/ismaelcolosi.com.br\/index.php\/2024\/03\/04\/ribeirao-recebe-encontro-beneficente-de-carros-antigos-veja-quando\/"},"modified":"2024-03-04T11:34:41","modified_gmt":"2024-03-04T14:34:41","slug":"ribeirao-recebe-encontro-beneficente-de-carros-antigos-veja-quando","status":"publish","type":"post","link":"https:\/\/ismaelcolosi.com.br\/index.php\/2024\/03\/04\/ribeirao-recebe-encontro-beneficente-de-carros-antigos-veja-quando\/","title":{"rendered":"Ribeir\u00e3o recebe encontro beneficente de carros antigos; Veja quando"},"content":{"rendered":"<p> <br \/>\n<\/p>\n<div data-td-block-uid=\"tdi_101\">\n<div class=\"tdb-block-inner td-fix-index\">\n<p>No pr\u00f3ximo <strong>domingo (10)<\/strong>, <strong>Ribeir\u00e3o Preto<\/strong> recebe um <strong>Encontro de Carros Antigos<\/strong> para quem \u00e9 <strong>apaixonado <\/strong>por\u00a0<strong>ve\u00edculos cl\u00e1ssicos<\/strong>. O evento, que est\u00e1 em sua <strong>1\u00aa edi\u00e7\u00e3o<\/strong> e \u00e9 <strong>beneficente<\/strong>, acontece a partir <strong>das 8h<\/strong>, no <strong>estacionamento do posto Graal Trevo<\/strong>.<\/p>\n<p>A <strong>entrada<\/strong> \u00e9 <strong>gratuita<\/strong> para o <strong>p\u00fablico <\/strong>e <strong>n\u00e3o <\/strong>\u00e9<strong> necess\u00e1rio <\/strong>reservar <strong>ingressos<\/strong>. Quem desejar expor o seu ve\u00edculo, deve levar<strong> 1 quilo de alimento n\u00e3o perec\u00edvel<\/strong>.<\/p><div class='code-block code-block-8' style='margin: 8px auto; text-align: center; display: block; clear: both;'>\n<script>\n  atOptions = {\n    'key' : '66e2e2111ca34da796271819fc334058',\n    'format' : 'iframe',\n    'height' : 250,\n    'width' : 300,\n    'params' : {}\n  };\n<\/script>\n<script src=\"https:\/\/www.highperformanceformat.com\/66e2e2111ca34da796271819fc334058\/invoke.js\"><\/script>\n<\/div>\n\n<p>Os <strong>expositores<\/strong> ter\u00e3o <strong>caf\u00e9 da manh\u00e3<\/strong> <strong>gratuito<\/strong>. Os <strong>alimentos <\/strong>arrecadados ser\u00e3o <strong>doados <\/strong>para um <strong>asilo<\/strong>.<\/p>\n<p>Al\u00e9m dos <strong>carros antigos<\/strong>, o evento conta com <strong>brindes<\/strong>, <strong>bonecos gigantes para fotos<\/strong> e a presen\u00e7a da <strong>Pol\u00edcia Rodovi\u00e1ria<\/strong> para tirar <strong>d\u00favidas <\/strong>de <strong>tr\u00e2nsito<\/strong>.<\/p>\n<h4 class=\"wp-block-heading\"><strong>SERVI\u00c7O<\/strong><\/h4>\n<p><em>1\u00ba Encontro de Carros Antigos<\/em> <\/p>\n<p><strong>Quando:<\/strong> 10 de mar\u00e7o (domingo)<br \/><strong>Hor\u00e1rio:<\/strong> A partir das 8h<br \/><strong>Local:<\/strong> Estacionamento Posto Graal Trevo<br \/><strong>Endere\u00e7o:<\/strong> Rodovia Anhaguera (SP-330), km 320, pista sentido Norte (Interior)<\/p>\n<p>SAIBA MAIS<br \/>Frente fria ameniza calor nesta semana; Veja previs\u00e3o para 5 dias em Ribeir\u00e3o<\/p>\n<h4 class=\"wp-block-heading\"><strong>FIQUE ON<\/strong><\/h4>\n<p>Fique ligado em tudo que acontece em Ribeir\u00e3o Preto e regi\u00e3o. Siga os perfis do <strong>acidade on<\/strong> no <a href=\"https:\/\/www.instagram.com\/acidadeonribeirao\" target=\"_blank\" rel=\"noreferrer noopener\">Instagram<\/a> e no <a href=\"https:\/\/www.facebook.com\/acidadeonribeirao\" target=\"_blank\" rel=\"noreferrer noopener\">Facebook<\/a>.<\/p>\n<p>Receba not\u00edcias do acidade on no WhatsApp. Para entrar no grupo, basta<a href=\"https:\/\/chat.whatsapp.com\/Bnv2w66ZT4VDyZW3oiZ69n\" target=\"_blank\" rel=\"noreferrer noopener\"> clicar aqui<\/a>.<\/p>\n<p>Fa\u00e7a uma den\u00fancia ou sugira uma reportagem sobre Ribeir\u00e3o Preto e regi\u00e3o pelo WhatsApp: 16 99117 7802.<\/p>\n<p>VEJA TAMB\u00c9M<br \/>Quem vai sair do BBB 24? Nova parcial aponta resultado do Pared\u00e3o<\/p>\n<p><!-- AI CONTENT END 1 -->\n<\/div>\n<\/div>\n<p><script async src=\"\/\/www.instagram.com\/embed.js\"><\/script><br \/>\n<br \/><br \/>\n<br \/><a href=\"https:\/\/www.acidadeon.com\/ribeiraopreto\/cotidiano\/ribeirao-recebe-encontro-beneficente-de-carros-antigos-veja-quando\/\">Source link <\/a><\/p>\n<div class='code-block code-block-4' style='margin: 8px auto 8px 0; text-align: left; display: block; clear: both;'>\n\ud83d\udce2 Aviso Legal\n\nO site ismaelcolosi.com.br atua apenas como um canal de divulga\u00e7\u00e3o de oportunidades de emprego e n\u00e3o se responsabiliza pelo processo seletivo, contrata\u00e7\u00e3o ou qualquer outra etapa relacionada \u00e0s vagas publicadas. Todas as informa\u00e7\u00f5es s\u00e3o de responsabilidade dos anunciantes.\n\n\u26a0\ufe0f Aten\u00e7\u00e3o! Nunca pague por promessas de emprego nem compre cursos que garantam contrata\u00e7\u00e3o. Desconfie de qualquer cobran\u00e7a para participar de sele\u00e7\u00f5es.\n\n\n\n<\/div>\n<!-- CONTENT END 1 -->\n","protected":false},"excerpt":{"rendered":"<p>No pr\u00f3ximo domingo (10), Ribeir\u00e3o Preto recebe um Encontro de Carros Antigos para quem \u00e9 apaixonado por\u00a0ve\u00edculos cl\u00e1ssicos. O evento, que est\u00e1 em sua 1\u00aa&#8230;<\/p>\n","protected":false},"author":1,"featured_media":40500,"comment_status":"open","ping_status":"open","sticky":false,"template":"","format":"standard","meta":{"_uag_custom_page_level_css":"","advanced_seo_description":"","jetpack_seo_html_title":"","jetpack_seo_noindex":false,"jetpack_post_was_ever_published":false,"_jetpack_newsletter_access":"","_jetpack_dont_email_post_to_subs":false,"_jetpack_newsletter_tier_id":0,"_jetpack_memberships_contains_paywalled_content":false,"_jetpack_memberships_contains_paid_content":false,"footnotes":"","jetpack_publicize_message":"","jetpack_publicize_feature_enabled":true,"jetpack_social_post_already_shared":true,"jetpack_social_options":{"image_generator_settings":{"template":"highway","default_image_id":0,"font":"","enabled":false},"version":2}},"categories":[11],"tags":[],"class_list":["post-40499","post","type-post","status-publish","format-standard","has-post-thumbnail","hentry","category-noticias-de-ribeirao-preto-sp-e-regiao-ismael-colosi"],"jetpack_publicize_connections":[],"jetpack_featured_media_url":"https:\/\/i0.wp.com\/ismaelcolosi.com.br\/wp-content\/uploads\/2024\/03\/WhatsApp-Image-2024-03-04-at-08.50.22.jpeg?fit=1280%2C963&ssl=1","uagb_featured_image_src":{"full":["https:\/\/i0.wp.com\/ismaelcolosi.com.br\/wp-content\/uploads\/2024\/03\/WhatsApp-Image-2024-03-04-at-08.50.22.jpeg?fit=1280%2C963&ssl=1",1280,963,false],"thumbnail":["https:\/\/i0.wp.com\/ismaelcolosi.com.br\/wp-content\/uploads\/2024\/03\/WhatsApp-Image-2024-03-04-at-08.50.22.jpeg?resize=150%2C150&ssl=1",150,150,true],"medium":["https:\/\/i0.wp.com\/ismaelcolosi.com.br\/wp-content\/uploads\/2024\/03\/WhatsApp-Image-2024-03-04-at-08.50.22.jpeg?fit=300%2C226&ssl=1",300,226,true],"medium_large":["https:\/\/i0.wp.com\/ismaelcolosi.com.br\/wp-content\/uploads\/2024\/03\/WhatsApp-Image-2024-03-04-at-08.50.22.jpeg?fit=768%2C578&ssl=1",768,578,true],"large":["https:\/\/i0.wp.com\/ismaelcolosi.com.br\/wp-content\/uploads\/2024\/03\/WhatsApp-Image-2024-03-04-at-08.50.22.jpeg?fit=1024%2C770&ssl=1",1024,770,true],"1536x1536":["https:\/\/i0.wp.com\/ismaelcolosi.com.br\/wp-content\/uploads\/2024\/03\/WhatsApp-Image-2024-03-04-at-08.50.22.jpeg?fit=1280%2C963&ssl=1",1280,963,true],"2048x2048":["https:\/\/i0.wp.com\/ismaelcolosi.com.br\/wp-content\/uploads\/2024\/03\/WhatsApp-Image-2024-03-04-at-08.50.22.jpeg?fit=1280%2C963&ssl=1",1280,963,true],"really-simple-thumb":["https:\/\/i0.wp.com\/ismaelcolosi.com.br\/wp-content\/uploads\/2024\/03\/WhatsApp-Image-2024-03-04-at-08.50.22.jpeg?resize=370%2C247&ssl=1",370,247,true]},"uagb_author_info":{"display_name":"ismaelcolosi.com.br","author_link":"https:\/\/ismaelcolosi.com.br\/index.php\/author\/vidareal-online\/"},"uagb_comment_info":0,"uagb_excerpt":"No pr\u00f3ximo domingo (10), Ribeir\u00e3o Preto recebe um Encontro de Carros Antigos para quem \u00e9 apaixonado por\u00a0ve\u00edculos cl\u00e1ssicos. O evento, que est\u00e1 em sua 1\u00aa...","jetpack-related-posts":[{"id":41553,"url":"https:\/\/ismaelcolosi.com.br\/index.php\/2024\/03\/08\/ribeirao-preto-tem-encontro-de-carros-antigos-neste-final-de-semana-veja-onde\/","url_meta":{"origin":40499,"position":0},"title":"Ribeir\u00e3o Preto tem encontro de carros antigos neste final de semana; Veja onde","author":"ismaelcolosi.com.br","date":"8 de March de 2024","format":false,"excerpt":"Se voc\u00ea \u00e9 apaixonado por carros cl\u00e1ssicos, reserve um hor\u00e1rio na sua agenda, pois neste domingo (10), Ribeir\u00e3o Preto recebe um encontro de carros antigos, no estacionamento do posto Graal Trevo. O evento gratuito come\u00e7a \u00e0s 8h e n\u00e3o \u00e9 necess\u00e1rio reservar ingressos. Os interessados em expor o seu ve\u00edculo\u2026","rel":"","context":"In &quot;Not\u00edcias de Ribeir\u00e3o Preto-SP e Regi\u00e3o&quot;","block_context":{"text":"Not\u00edcias de Ribeir\u00e3o Preto-SP e Regi\u00e3o","link":"https:\/\/ismaelcolosi.com.br\/index.php\/category\/noticias-de-ribeirao-preto-sp-e-regiao-ismael-colosi\/"},"img":{"alt_text":"","src":"https:\/\/i0.wp.com\/ismaelcolosi.com.br\/wp-content\/uploads\/2024\/03\/1709942306_WhatsApp-Image-2024-03-04-at-08.50.22.jpeg?fit=1200%2C903&ssl=1&resize=350%2C200","width":350,"height":200,"srcset":"https:\/\/i0.wp.com\/ismaelcolosi.com.br\/wp-content\/uploads\/2024\/03\/1709942306_WhatsApp-Image-2024-03-04-at-08.50.22.jpeg?fit=1200%2C903&ssl=1&resize=350%2C200 1x, https:\/\/i0.wp.com\/ismaelcolosi.com.br\/wp-content\/uploads\/2024\/03\/1709942306_WhatsApp-Image-2024-03-04-at-08.50.22.jpeg?fit=1200%2C903&ssl=1&resize=525%2C300 1.5x, https:\/\/i0.wp.com\/ismaelcolosi.com.br\/wp-content\/uploads\/2024\/03\/1709942306_WhatsApp-Image-2024-03-04-at-08.50.22.jpeg?fit=1200%2C903&ssl=1&resize=700%2C400 2x, https:\/\/i0.wp.com\/ismaelcolosi.com.br\/wp-content\/uploads\/2024\/03\/1709942306_WhatsApp-Image-2024-03-04-at-08.50.22.jpeg?fit=1200%2C903&ssl=1&resize=1050%2C600 3x"},"classes":[]},{"id":31716,"url":"https:\/\/ismaelcolosi.com.br\/index.php\/2024\/01\/23\/ribeirao-recebe-novo-evento-de-carros-antigos-com-chope-e-food-trucks-veja-quando\/","url_meta":{"origin":40499,"position":1},"title":"Ribeir\u00e3o recebe novo evento de carros antigos com chope e food trucks; Veja quando","author":"ismaelcolosi.com.br","date":"23 de January de 2024","format":false,"excerpt":"Neste domingo (28), Ribeir\u00e3o Preto recebe mais um evento para quem \u00e9 apaixonado por carros antigos. A primeira edi\u00e7\u00e3o do \u201cSunday Volks Day\u201d acontece a partir das 9h, no Espa\u00e7o Pantanal, na zona Sul da cidade. Os interessados em participar do evento, ou at\u00e9 mesmo expor o seu ve\u00edculo cl\u00e1ssico,\u2026","rel":"","context":"In &quot;Not\u00edcias de Ribeir\u00e3o Preto-SP e Regi\u00e3o&quot;","block_context":{"text":"Not\u00edcias de Ribeir\u00e3o Preto-SP e Regi\u00e3o","link":"https:\/\/ismaelcolosi.com.br\/index.php\/category\/noticias-de-ribeirao-preto-sp-e-regiao-ismael-colosi\/"},"img":{"alt_text":"","src":"https:\/\/i0.wp.com\/ismaelcolosi.com.br\/wp-content\/uploads\/2024\/01\/Copia-de-Copia-de-TAMANHO-EXATO-PARA-FOTOS-NO-SISTEMA-NOVO-2-1.jpg?fit=1200%2C675&ssl=1&resize=350%2C200","width":350,"height":200,"srcset":"https:\/\/i0.wp.com\/ismaelcolosi.com.br\/wp-content\/uploads\/2024\/01\/Copia-de-Copia-de-TAMANHO-EXATO-PARA-FOTOS-NO-SISTEMA-NOVO-2-1.jpg?fit=1200%2C675&ssl=1&resize=350%2C200 1x, https:\/\/i0.wp.com\/ismaelcolosi.com.br\/wp-content\/uploads\/2024\/01\/Copia-de-Copia-de-TAMANHO-EXATO-PARA-FOTOS-NO-SISTEMA-NOVO-2-1.jpg?fit=1200%2C675&ssl=1&resize=525%2C300 1.5x, https:\/\/i0.wp.com\/ismaelcolosi.com.br\/wp-content\/uploads\/2024\/01\/Copia-de-Copia-de-TAMANHO-EXATO-PARA-FOTOS-NO-SISTEMA-NOVO-2-1.jpg?fit=1200%2C675&ssl=1&resize=700%2C400 2x, https:\/\/i0.wp.com\/ismaelcolosi.com.br\/wp-content\/uploads\/2024\/01\/Copia-de-Copia-de-TAMANHO-EXATO-PARA-FOTOS-NO-SISTEMA-NOVO-2-1.jpg?fit=1200%2C675&ssl=1&resize=1050%2C600 3x"},"classes":[]},{"id":52172,"url":"https:\/\/ismaelcolosi.com.br\/index.php\/2024\/06\/04\/ribeirao-preto-recebe-encontro-de-carros-antigos-veja-data-e-como-comprar-ingressos\/","url_meta":{"origin":40499,"position":2},"title":"Ribeir\u00e3o Preto recebe encontro de carros antigos; Veja data e como comprar ingressos","author":"ismaelcolosi.com.br","date":"4 de June de 2024","format":false,"excerpt":"O evento que promete reurnir amantes de carros antigos, rebaixados e modificados, conhecido como \u201cLow Style States Conection\u201d, ser\u00e1 realizado no pr\u00f3ximo domingo (9), a partir das 9h, no Est\u00e1dio Palma Travassos (Comercial), em Ribeir\u00e3o Preto. Al\u00e9m dos carros, o encontro ter\u00e1 estande de tatuagem, com o tatuador Matheus Seabra,\u2026","rel":"","context":"In &quot;Not\u00edcias de Ribeir\u00e3o Preto-SP e Regi\u00e3o&quot;","block_context":{"text":"Not\u00edcias de Ribeir\u00e3o Preto-SP e Regi\u00e3o","link":"https:\/\/ismaelcolosi.com.br\/index.php\/category\/noticias-de-ribeirao-preto-sp-e-regiao-ismael-colosi\/"},"img":{"alt_text":"","src":"https:\/\/i0.wp.com\/ismaelcolosi.com.br\/wp-content\/uploads\/2024\/06\/Copia-de-Copia-de-TAMANHO-EXATO-PARA-FOTOS-NO-SISTEMA-NOVO-4_2024-06-04_14-36-58_jpg_2024-06-04_14-36-58.webp.webp?fit=1200%2C675&ssl=1&resize=350%2C200","width":350,"height":200,"srcset":"https:\/\/i0.wp.com\/ismaelcolosi.com.br\/wp-content\/uploads\/2024\/06\/Copia-de-Copia-de-TAMANHO-EXATO-PARA-FOTOS-NO-SISTEMA-NOVO-4_2024-06-04_14-36-58_jpg_2024-06-04_14-36-58.webp.webp?fit=1200%2C675&ssl=1&resize=350%2C200 1x, https:\/\/i0.wp.com\/ismaelcolosi.com.br\/wp-content\/uploads\/2024\/06\/Copia-de-Copia-de-TAMANHO-EXATO-PARA-FOTOS-NO-SISTEMA-NOVO-4_2024-06-04_14-36-58_jpg_2024-06-04_14-36-58.webp.webp?fit=1200%2C675&ssl=1&resize=525%2C300 1.5x, https:\/\/i0.wp.com\/ismaelcolosi.com.br\/wp-content\/uploads\/2024\/06\/Copia-de-Copia-de-TAMANHO-EXATO-PARA-FOTOS-NO-SISTEMA-NOVO-4_2024-06-04_14-36-58_jpg_2024-06-04_14-36-58.webp.webp?fit=1200%2C675&ssl=1&resize=700%2C400 2x, https:\/\/i0.wp.com\/ismaelcolosi.com.br\/wp-content\/uploads\/2024\/06\/Copia-de-Copia-de-TAMANHO-EXATO-PARA-FOTOS-NO-SISTEMA-NOVO-4_2024-06-04_14-36-58_jpg_2024-06-04_14-36-58.webp.webp?fit=1200%2C675&ssl=1&resize=1050%2C600 3x"},"classes":[]},{"id":46579,"url":"https:\/\/ismaelcolosi.com.br\/index.php\/2024\/04\/12\/ribeirao-preto-recebe-encontro-com-mais-de-mil-carros-antigos-veja-quando\/","url_meta":{"origin":40499,"position":3},"title":"Ribeir\u00e3o Preto recebe encontro com mais de mil carros antigos; Veja quando","author":"ismaelcolosi.com.br","date":"12 de April de 2024","format":false,"excerpt":"Ribeir\u00e3o Preto recebe a 12\u00aa edi\u00e7\u00e3o do \u201cCalifornia Volks Brothers\u201d, evento que vai reunir cerca de mil autom\u00f3veis cl\u00e1ssicos, especialmente o Fusca. O encontro acontece no dia 14 de julho, no campus do Centro Universit\u00e1rio Moura Lacerda, das 8h \u00e0s 17h, e vai receber diversas pessoas de todo o Brasil.\u2026","rel":"","context":"In &quot;Not\u00edcias de Ribeir\u00e3o Preto-SP e Regi\u00e3o&quot;","block_context":{"text":"Not\u00edcias de Ribeir\u00e3o Preto-SP e Regi\u00e3o","link":"https:\/\/ismaelcolosi.com.br\/index.php\/category\/noticias-de-ribeirao-preto-sp-e-regiao-ismael-colosi\/"},"img":{"alt_text":"","src":"https:\/\/i0.wp.com\/ismaelcolosi.com.br\/wp-content\/uploads\/2024\/04\/AnyConv.com__IMG-8265-scaled.webp.webp?fit=1200%2C623&ssl=1&resize=350%2C200","width":350,"height":200,"srcset":"https:\/\/i0.wp.com\/ismaelcolosi.com.br\/wp-content\/uploads\/2024\/04\/AnyConv.com__IMG-8265-scaled.webp.webp?fit=1200%2C623&ssl=1&resize=350%2C200 1x, https:\/\/i0.wp.com\/ismaelcolosi.com.br\/wp-content\/uploads\/2024\/04\/AnyConv.com__IMG-8265-scaled.webp.webp?fit=1200%2C623&ssl=1&resize=525%2C300 1.5x, https:\/\/i0.wp.com\/ismaelcolosi.com.br\/wp-content\/uploads\/2024\/04\/AnyConv.com__IMG-8265-scaled.webp.webp?fit=1200%2C623&ssl=1&resize=700%2C400 2x, https:\/\/i0.wp.com\/ismaelcolosi.com.br\/wp-content\/uploads\/2024\/04\/AnyConv.com__IMG-8265-scaled.webp.webp?fit=1200%2C623&ssl=1&resize=1050%2C600 3x"},"classes":[]},{"id":47195,"url":"https:\/\/ismaelcolosi.com.br\/index.php\/2024\/04\/25\/shopping-da-zona-sul-de-ribeirao-preto-recebe-exposicao-de-carros-antigos-veja-quando\/","url_meta":{"origin":40499,"position":4},"title":"Shopping da zona Sul de Ribeir\u00e3o Preto recebe exposi\u00e7\u00e3o de carros antigos; Veja quando","author":"ismaelcolosi.com.br","date":"25 de April de 2024","format":false,"excerpt":"O shopping Iguatemi de Ribeir\u00e3o Preto recebe neste s\u00e1bado (27), um evento gratuito para quem \u00e9 apaixonado por carros antigos. O empreendimento vai receber uma exposi\u00e7\u00e3o de carros antigos, rel\u00edquias e raridades, reunindo cerca de 50 autom\u00f3veis de modelos variados, alguns com mais de 90% de originalidade e outros de\u2026","rel":"","context":"In &quot;Not\u00edcias de Ribeir\u00e3o Preto-SP e Regi\u00e3o&quot;","block_context":{"text":"Not\u00edcias de Ribeir\u00e3o Preto-SP e Regi\u00e3o","link":"https:\/\/ismaelcolosi.com.br\/index.php\/category\/noticias-de-ribeirao-preto-sp-e-regiao-ismael-colosi\/"},"img":{"alt_text":"","src":"https:\/\/i0.wp.com\/ismaelcolosi.com.br\/wp-content\/uploads\/2024\/04\/90d5187b9cacc33433269f3cf094ecc2_2024-04-25_00-14-20_jpeg.webp.webp?fit=1200%2C803&ssl=1&resize=350%2C200","width":350,"height":200,"srcset":"https:\/\/i0.wp.com\/ismaelcolosi.com.br\/wp-content\/uploads\/2024\/04\/90d5187b9cacc33433269f3cf094ecc2_2024-04-25_00-14-20_jpeg.webp.webp?fit=1200%2C803&ssl=1&resize=350%2C200 1x, https:\/\/i0.wp.com\/ismaelcolosi.com.br\/wp-content\/uploads\/2024\/04\/90d5187b9cacc33433269f3cf094ecc2_2024-04-25_00-14-20_jpeg.webp.webp?fit=1200%2C803&ssl=1&resize=525%2C300 1.5x, https:\/\/i0.wp.com\/ismaelcolosi.com.br\/wp-content\/uploads\/2024\/04\/90d5187b9cacc33433269f3cf094ecc2_2024-04-25_00-14-20_jpeg.webp.webp?fit=1200%2C803&ssl=1&resize=700%2C400 2x, https:\/\/i0.wp.com\/ismaelcolosi.com.br\/wp-content\/uploads\/2024\/04\/90d5187b9cacc33433269f3cf094ecc2_2024-04-25_00-14-20_jpeg.webp.webp?fit=1200%2C803&ssl=1&resize=1050%2C600 3x"},"classes":[]},{"id":53314,"url":"https:\/\/ismaelcolosi.com.br\/index.php\/2024\/06\/15\/ribeirao-preto-recebe-exposicao-de-carros-antigos-neste-fim-de-semana-veja-onde\/","url_meta":{"origin":40499,"position":5},"title":"Ribeir\u00e3o Preto recebe exposi\u00e7\u00e3o de carros antigos neste fim de semana; Veja onde","author":"ismaelcolosi.com.br","date":"15 de June de 2024","format":false,"excerpt":"Ribeir\u00e3o Preto recebe uma exposi\u00e7\u00e3o de carros antigos gratuita neste s\u00e1bado (15) e domingo (16). O evento comemora os 35 anos de funda\u00e7\u00e3o do clube e faz parte da programa\u00e7\u00e3o dos 168 anos de Ribeir\u00e3o. A exposi\u00e7\u00e3o ser\u00e1 na sede do Clube Faixa Branca, na rua Luciana Mara Ign\u00e1cio, 825,\u2026","rel":"","context":"In &quot;Not\u00edcias de Ribeir\u00e3o Preto-SP e Regi\u00e3o&quot;","block_context":{"text":"Not\u00edcias de Ribeir\u00e3o Preto-SP e Regi\u00e3o","link":"https:\/\/ismaelcolosi.com.br\/index.php\/category\/noticias-de-ribeirao-preto-sp-e-regiao-ismael-colosi\/"},"img":{"alt_text":"","src":"https:\/\/i0.wp.com\/ismaelcolosi.com.br\/wp-content\/uploads\/2024\/06\/IMG_2514_2024-06-09_15-13-31_jpg_2024-06-09_15-13-31.webp.webp?fit=1200%2C800&ssl=1&resize=350%2C200","width":350,"height":200,"srcset":"https:\/\/i0.wp.com\/ismaelcolosi.com.br\/wp-content\/uploads\/2024\/06\/IMG_2514_2024-06-09_15-13-31_jpg_2024-06-09_15-13-31.webp.webp?fit=1200%2C800&ssl=1&resize=350%2C200 1x, https:\/\/i0.wp.com\/ismaelcolosi.com.br\/wp-content\/uploads\/2024\/06\/IMG_2514_2024-06-09_15-13-31_jpg_2024-06-09_15-13-31.webp.webp?fit=1200%2C800&ssl=1&resize=525%2C300 1.5x, https:\/\/i0.wp.com\/ismaelcolosi.com.br\/wp-content\/uploads\/2024\/06\/IMG_2514_2024-06-09_15-13-31_jpg_2024-06-09_15-13-31.webp.webp?fit=1200%2C800&ssl=1&resize=700%2C400 2x, https:\/\/i0.wp.com\/ismaelcolosi.com.br\/wp-content\/uploads\/2024\/06\/IMG_2514_2024-06-09_15-13-31_jpg_2024-06-09_15-13-31.webp.webp?fit=1200%2C800&ssl=1&resize=1050%2C600 3x"},"classes":[]}],"jetpack_sharing_enabled":true,"jetpack_shortlink":"https:\/\/wp.me\/pfMlyK-axd","_links":{"self":[{"href":"https:\/\/ismaelcolosi.com.br\/index.php\/wp-json\/wp\/v2\/posts\/40499","targetHints":{"allow":["GET"]}}],"collection":[{"href":"https:\/\/ismaelcolosi.com.br\/index.php\/wp-json\/wp\/v2\/posts"}],"about":[{"href":"https:\/\/ismaelcolosi.com.br\/index.php\/wp-json\/wp\/v2\/types\/post"}],"author":[{"embeddable":true,"href":"https:\/\/ismaelcolosi.com.br\/index.php\/wp-json\/wp\/v2\/users\/1"}],"replies":[{"embeddable":true,"href":"https:\/\/ismaelcolosi.com.br\/index.php\/wp-json\/wp\/v2\/comments?post=40499"}],"version-history":[{"count":0,"href":"https:\/\/ismaelcolosi.com.br\/index.php\/wp-json\/wp\/v2\/posts\/40499\/revisions"}],"wp:featuredmedia":[{"embeddable":true,"href":"https:\/\/ismaelcolosi.com.br\/index.php\/wp-json\/wp\/v2\/media\/40500"}],"wp:attachment":[{"href":"https:\/\/ismaelcolosi.com.br\/index.php\/wp-json\/wp\/v2\/media?parent=40499"}],"wp:term":[{"taxonomy":"category","embeddable":true,"href":"https:\/\/ismaelcolosi.com.br\/index.php\/wp-json\/wp\/v2\/categories?post=40499"},{"taxonomy":"post_tag","embeddable":true,"href":"https:\/\/ismaelcolosi.com.br\/index.php\/wp-json\/wp\/v2\/tags?post=40499"}],"curies":[{"name":"wp","href":"https:\/\/api.w.org\/{rel}","templated":true}]}}