{"id":40483,"date":"2024-03-04T10:34:38","date_gmt":"2024-03-04T13:34:38","guid":{"rendered":"https:\/\/ismaelcolosi.com.br\/index.php\/2024\/03\/04\/rp-alligators-flag-football-faz-seletiva-para-time-infantil\/"},"modified":"2024-03-04T10:34:38","modified_gmt":"2024-03-04T13:34:38","slug":"rp-alligators-flag-football-faz-seletiva-para-time-infantil","status":"publish","type":"post","link":"https:\/\/ismaelcolosi.com.br\/index.php\/2024\/03\/04\/rp-alligators-flag-football-faz-seletiva-para-time-infantil\/","title":{"rendered":"RP Alligators Flag Football faz seletiva para time infantil"},"content":{"rendered":"<p> <br \/>\n<\/p>\n<div id=\"\">\n<p> <span class=\"entry-meta-item penci-posted-on\"><i class=\"fa fa-clock-o\"\/><time class=\"entry-date published\" datetime=\"2024-03-04T10:00:51-03:00\">4 de mar\u00e7o de 2024 | 10:00<\/time><time class=\"updated\" datetime=\"2024-03-03T18:06:13-03:00\">3 de mar\u00e7o de 2024 | 18:06<\/time><\/span><\/p>\n<p> <span class=\"penci-social-buttons penci-social-share-footer\"><a href=\"#\" class=\"penci-post-like penci_post-meta_item  single-like-button penci-social-item like\" data-post_id=\"375802\" title=\"Like\" data-like=\"Like\" data-unlike=\"Unlike\"><i class=\"fa fa-thumbs-o-up\"\/><span class=\"penci-share-number\">0<\/span><\/a><i class=\"fa fa-facebook\"\/><a class=\"penci-social-item twitter\" target=\"_blank\" rel=\"noopener\" title=\"\" href=\"https:\/\/twitter.com\/intent\/tweet?text=RP%20Alligators%20Flag%20Football%20faz%20seletiva%20para%20time%20infantil%20-%20https:\/\/www.tribunaribeirao.com.br\/site\/rp-alligators-flag-football-faz-seletiva-para-time-infantil\/\"><i class=\"fa fa-twitter\"\/><\/a><i class=\"fa fa-whatsapp\"\/><\/span><\/div>\n<div>\n<p>Ser\u00e3o 25 vagas para o time sub14 e 25 vagas para o time sub16. Para participar o interessado precisa comparecer na Cava do Bosque na pr\u00f3xima quarta-feira, dia 6 de mar\u00e7o, das 9h \u00e0s 11h, com um documento com foto e acompanhado de um respons\u00e1vel. Al\u00e9m disso, \u00e9 obrigat\u00f3rio estar devidamente matriculado na rede de ensino, ter frequ\u00eancia de 90% nas aulas e possuir nota igual ou superior a 0,5 ponto acima da m\u00e9dia escolar.<\/p><div class='code-block code-block-8' style='margin: 8px auto; text-align: center; display: block; clear: both;'>\n<script>\n  atOptions = {\n    'key' : '66e2e2111ca34da796271819fc334058',\n    'format' : 'iframe',\n    'height' : 250,\n    'width' : 300,\n    'params' : {}\n  };\n<\/script>\n<script src=\"https:\/\/www.highperformanceformat.com\/66e2e2111ca34da796271819fc334058\/invoke.js\"><\/script>\n<\/div>\n\n<p>Os inscritos v\u00e3o participar da seletiva que acontece no dia 12 de mar\u00e7o, tamb\u00e9m na Cava do Bosque, \u00e0s 19horas.<\/p>\n<p>\u201cS\u00e3o mais 50 vagas esportivas que estamos disponibilizando para as crian\u00e7as atrav\u00e9s dos nossos parceiros. O Flag \u00e9 um esporte pouco conhecido ainda na nossa regi\u00e3o, mas j\u00e1 \u00e9 um esporte ol\u00edmpico e mais uma vez, com esse projeto, conseguimos sair na frente e j\u00e1 temos um time que representa Ribeir\u00e3o Preto em v\u00e1rios campeonatos ao longo do ano\u201d, destacou o Secret\u00e1rio de Esportes, Ricardo Aguiar.<\/p>\n<p>O Flag Football \u00e9 uma modalidade esportiva derivada do futebol americano e tem inclusive o mesmo objetivo, que \u00e9 avan\u00e7ar com a bola pelo campo advers\u00e1rio e fazer o touchdown. A grande diferen\u00e7a \u00e9 que no Flag voc\u00ea n\u00e3o precisa derrubar seu advers\u00e1rio no ch\u00e3o pra interromper uma jogada. Pra isso acontecer, o atleta precisa puxar a fita que fica presa em um cinto no uniforme.<\/p>\n<p>Somente neste ano, a Secretaria de Esportes de Ribeir\u00e3o Preto j\u00e1 abriu 2.212 novas vagas para diversas modalidades esportivas, como, basquete, futebol, v\u00f4lei, nata\u00e7\u00e3o, entre outras. Todas as atividades oferecidas \u00e0 popula\u00e7\u00e3o s\u00e3o completamente gratuitas.<\/p>\n<p>\u00a0<\/p>\n<p><strong>Servi\u00e7o:<\/strong><\/p>\n<p>Inscri\u00e7\u00f5es para a seletiva de Flag Footbal<\/p>\n<p>Meninas e meninos de 10 a 16 anos<\/p>\n<p>Dia: 06\/03\/2024<\/p>\n<p>Hor\u00e1rio: 9h \u00e0s 11horas<\/p>\n<p>Local: Cava do Bosque<\/p>\n<p>Trazer documento com foto e estar acompanhado de um respons\u00e1vel<\/p>\n<p>\u00a0<\/p>\n<\/div>\n<p><script async src=\"\/\/platform.twitter.com\/widgets.js\" charset=\"utf-8\"><\/script><br \/>\n<br \/><br \/>\n<br \/><a href=\"https:\/\/www.tribunaribeirao.com.br\/site\/rp-alligators-flag-football-faz-seletiva-para-time-infantil\/\">Source link <\/a><\/p>\n<div class='code-block code-block-4' style='margin: 8px auto 8px 0; text-align: left; display: block; clear: both;'>\n\ud83d\udce2 Aviso Legal\n\nO site ismaelcolosi.com.br atua apenas como um canal de divulga\u00e7\u00e3o de oportunidades de emprego e n\u00e3o se responsabiliza pelo processo seletivo, contrata\u00e7\u00e3o ou qualquer outra etapa relacionada \u00e0s vagas publicadas. Todas as informa\u00e7\u00f5es s\u00e3o de responsabilidade dos anunciantes.\n\n\u26a0\ufe0f Aten\u00e7\u00e3o! Nunca pague por promessas de emprego nem compre cursos que garantam contrata\u00e7\u00e3o. Desconfie de qualquer cobran\u00e7a para participar de sele\u00e7\u00f5es.\n\n\n<div data-type=\"_mgwidget\" data-widget-id=\"2000896\">\n<\/div>\n<script>(function(w,q){w[q]=w[q]||[];w[q].push([\"_mgc.load\"])})(window,\"_mgq\");\n<\/script>\n<\/div>\n<!-- CONTENT END 1 -->\n","protected":false},"excerpt":{"rendered":"<p>4 de mar\u00e7o de 2024 | 10:003 de mar\u00e7o de 2024 | 18:06 0 Ser\u00e3o 25 vagas para o time sub14 e 25 vagas para&#8230;<\/p>\n","protected":false},"author":1,"featured_media":40484,"comment_status":"open","ping_status":"open","sticky":false,"template":"","format":"standard","meta":{"om_disable_all_campaigns":false,"_uag_custom_page_level_css":"","jetpack_post_was_ever_published":false,"_jetpack_newsletter_access":"","_jetpack_dont_email_post_to_subs":false,"_jetpack_newsletter_tier_id":0,"_jetpack_memberships_contains_paywalled_content":false,"_jetpack_memberships_contains_paid_content":false,"_joinchat":[],"footnotes":"","jetpack_publicize_message":"","jetpack_publicize_feature_enabled":true,"jetpack_social_post_already_shared":true,"jetpack_social_options":{"image_generator_settings":{"template":"highway","default_image_id":0,"font":"","enabled":false},"version":2}},"categories":[11],"tags":[4724,365,4725,4726,3848,71,911,912],"class_list":["post-40483","post","type-post","status-publish","format-standard","has-post-thumbnail","hentry","category-noticias-de-ribeirao-preto-sp-e-regiao-ismael-colosi","tag-alligators","tag-faz","tag-flag","tag-football","tag-infantil","tag-para","tag-seletiva","tag-time"],"aioseo_notices":[],"jetpack_publicize_connections":[],"jetpack_featured_media_url":"https:\/\/i0.wp.com\/ismaelcolosi.com.br\/wp-content\/uploads\/2024\/03\/seletiva_flag_3-scaled.jpeg?fit=430%2C645&ssl=1","uagb_featured_image_src":{"full":["https:\/\/i0.wp.com\/ismaelcolosi.com.br\/wp-content\/uploads\/2024\/03\/seletiva_flag_3-scaled.jpeg?fit=430%2C645&ssl=1",430,645,false],"thumbnail":["https:\/\/i0.wp.com\/ismaelcolosi.com.br\/wp-content\/uploads\/2024\/03\/seletiva_flag_3-scaled.jpeg?resize=150%2C150&ssl=1",150,150,true],"medium":["https:\/\/i0.wp.com\/ismaelcolosi.com.br\/wp-content\/uploads\/2024\/03\/seletiva_flag_3-scaled.jpeg?fit=200%2C300&ssl=1",200,300,true],"medium_large":["https:\/\/i0.wp.com\/ismaelcolosi.com.br\/wp-content\/uploads\/2024\/03\/seletiva_flag_3-scaled.jpeg?fit=430%2C645&ssl=1",430,645,true],"large":["https:\/\/i0.wp.com\/ismaelcolosi.com.br\/wp-content\/uploads\/2024\/03\/seletiva_flag_3-scaled.jpeg?fit=430%2C645&ssl=1",430,645,true],"1536x1536":["https:\/\/i0.wp.com\/ismaelcolosi.com.br\/wp-content\/uploads\/2024\/03\/seletiva_flag_3-scaled.jpeg?fit=430%2C645&ssl=1",430,645,true],"2048x2048":["https:\/\/i0.wp.com\/ismaelcolosi.com.br\/wp-content\/uploads\/2024\/03\/seletiva_flag_3-scaled.jpeg?fit=430%2C645&ssl=1",430,645,true],"really-simple-thumb":["https:\/\/i0.wp.com\/ismaelcolosi.com.br\/wp-content\/uploads\/2024\/03\/seletiva_flag_3-scaled.jpeg?resize=370%2C247&ssl=1",370,247,true]},"uagb_author_info":{"display_name":"ismaelcolosi.com.br","author_link":"https:\/\/ismaelcolosi.com.br\/index.php\/author\/vidareal-online\/"},"uagb_comment_info":0,"uagb_excerpt":"4 de mar\u00e7o de 2024 | 10:003 de mar\u00e7o de 2024 | 18:06 0 Ser\u00e3o 25 vagas para o time sub14 e 25 vagas para...","jetpack-related-posts":[{"id":41851,"url":"https:\/\/ismaelcolosi.com.br\/index.php\/2024\/03\/11\/karatecas-de-rp-vao-disputar-seletiva-nacional\/","url_meta":{"origin":40483,"position":0},"title":"Karatecas de RP v\u00e3o disputar seletiva nacional","author":"ismaelcolosi.com.br","date":"11 de March de 2024","format":false,"excerpt":"11 de mar\u00e7o de 2024 | 17:0011 de mar\u00e7o de 2024 | 14:31 0Cinco atletas da Secretaria de Esportes de Ribeir\u00e3o Preto viajam nos pr\u00f3ximos dias para Caucaia, no Cear\u00e1, onde v\u00e3o participar da Seletiva Nacional de Karate. O evento, realizado pela Confedera\u00e7\u00e3o Brasileira de Karate, \u00e9 a primeira seletiva\u2026","rel":"","context":"In &quot;Not\u00edcias de Ribeir\u00e3o Preto-SP e Regi\u00e3o&quot;","block_context":{"text":"Not\u00edcias de Ribeir\u00e3o Preto-SP e Regi\u00e3o","link":"https:\/\/ismaelcolosi.com.br\/index.php\/category\/noticias-de-ribeirao-preto-sp-e-regiao-ismael-colosi\/"},"img":{"alt_text":"","src":"https:\/\/i0.wp.com\/ismaelcolosi.com.br\/wp-content\/uploads\/2024\/03\/karate-scaled.jpeg?fit=865%2C645&ssl=1&resize=350%2C200","width":350,"height":200,"srcset":"https:\/\/i0.wp.com\/ismaelcolosi.com.br\/wp-content\/uploads\/2024\/03\/karate-scaled.jpeg?fit=865%2C645&ssl=1&resize=350%2C200 1x, https:\/\/i0.wp.com\/ismaelcolosi.com.br\/wp-content\/uploads\/2024\/03\/karate-scaled.jpeg?fit=865%2C645&ssl=1&resize=525%2C300 1.5x, https:\/\/i0.wp.com\/ismaelcolosi.com.br\/wp-content\/uploads\/2024\/03\/karate-scaled.jpeg?fit=865%2C645&ssl=1&resize=700%2C400 2x"},"classes":[]},{"id":42986,"url":"https:\/\/ismaelcolosi.com.br\/index.php\/2024\/03\/18\/atletas-de-rp-conquistam-vaga-na-selecao-brasileira-de-karate\/","url_meta":{"origin":40483,"position":1},"title":"Atletas de RP conquistam vaga na sele\u00e7\u00e3o brasileira de karate","author":"ismaelcolosi.com.br","date":"18 de March de 2024","format":false,"excerpt":"18 de mar\u00e7o de 2024 | 15:0018 de mar\u00e7o de 2024 | 12:40 0Tr\u00eas atletas da Secretaria de Esportes de Ribeir\u00e3o Preto conquistaram uma vaga na sele\u00e7\u00e3o brasileira de karate, depois de tornarem campe\u00f5es da seletiva nacional, realizada no \u00faltimo final de semana, em Caucaia, no Cear\u00e1. A medalha de\u2026","rel":"","context":"In &quot;Not\u00edcias de Ribeir\u00e3o Preto-SP e Regi\u00e3o&quot;","block_context":{"text":"Not\u00edcias de Ribeir\u00e3o Preto-SP e Regi\u00e3o","link":"https:\/\/ismaelcolosi.com.br\/index.php\/category\/noticias-de-ribeirao-preto-sp-e-regiao-ismael-colosi\/"},"img":{"alt_text":"","src":"https:\/\/i0.wp.com\/ismaelcolosi.com.br\/wp-content\/uploads\/2024\/03\/resultado_karate22-scaled.jpeg?fit=866%2C645&ssl=1&resize=350%2C200","width":350,"height":200,"srcset":"https:\/\/i0.wp.com\/ismaelcolosi.com.br\/wp-content\/uploads\/2024\/03\/resultado_karate22-scaled.jpeg?fit=866%2C645&ssl=1&resize=350%2C200 1x, https:\/\/i0.wp.com\/ismaelcolosi.com.br\/wp-content\/uploads\/2024\/03\/resultado_karate22-scaled.jpeg?fit=866%2C645&ssl=1&resize=525%2C300 1.5x, https:\/\/i0.wp.com\/ismaelcolosi.com.br\/wp-content\/uploads\/2024\/03\/resultado_karate22-scaled.jpeg?fit=866%2C645&ssl=1&resize=700%2C400 2x"},"classes":[]},{"id":39702,"url":"https:\/\/ismaelcolosi.com.br\/index.php\/2024\/02\/27\/alunos-da-regiao-de-ribeirao-preto-passam-por-seletiva-para-intercambio\/","url_meta":{"origin":40483,"position":2},"title":"Alunos da regi\u00e3o de Ribeir\u00e3o Preto passam por seletiva para interc\u00e2mbio","author":"ismaelcolosi.com.br","date":"27 de February de 2024","format":false,"excerpt":"O programa \u201cProntos pro Mundo\u201d do Governo do Estado de S\u00e3o Paulo selecionou 1.497 alunos da regi\u00e3o de Ribeir\u00e3o Preto para participarem de aulas intensivas de ingl\u00eas como prepara\u00e7\u00e3o para disputarem uma vaga para fazer interc\u00e2mbio em 2025. Dos 72 mil estudantes selecionados em todo estado, apenas 1.000 ser\u00e3o beneficiados\u2026","rel":"","context":"In &quot;Not\u00edcias de Ribeir\u00e3o Preto-SP e Regi\u00e3o&quot;","block_context":{"text":"Not\u00edcias de Ribeir\u00e3o Preto-SP e Regi\u00e3o","link":"https:\/\/ismaelcolosi.com.br\/index.php\/category\/noticias-de-ribeirao-preto-sp-e-regiao-ismael-colosi\/"},"img":{"alt_text":"","src":"https:\/\/i0.wp.com\/ismaelcolosi.com.br\/wp-content\/uploads\/2024\/02\/Copia-de-Copia-de-TAMANHO-EXATO-PARA-FOTOS-NO-SISTEMA-NOVO-17-1.jpg?fit=1200%2C675&ssl=1&resize=350%2C200","width":350,"height":200,"srcset":"https:\/\/i0.wp.com\/ismaelcolosi.com.br\/wp-content\/uploads\/2024\/02\/Copia-de-Copia-de-TAMANHO-EXATO-PARA-FOTOS-NO-SISTEMA-NOVO-17-1.jpg?fit=1200%2C675&ssl=1&resize=350%2C200 1x, https:\/\/i0.wp.com\/ismaelcolosi.com.br\/wp-content\/uploads\/2024\/02\/Copia-de-Copia-de-TAMANHO-EXATO-PARA-FOTOS-NO-SISTEMA-NOVO-17-1.jpg?fit=1200%2C675&ssl=1&resize=525%2C300 1.5x, https:\/\/i0.wp.com\/ismaelcolosi.com.br\/wp-content\/uploads\/2024\/02\/Copia-de-Copia-de-TAMANHO-EXATO-PARA-FOTOS-NO-SISTEMA-NOVO-17-1.jpg?fit=1200%2C675&ssl=1&resize=700%2C400 2x, https:\/\/i0.wp.com\/ismaelcolosi.com.br\/wp-content\/uploads\/2024\/02\/Copia-de-Copia-de-TAMANHO-EXATO-PARA-FOTOS-NO-SISTEMA-NOVO-17-1.jpg?fit=1200%2C675&ssl=1&resize=1050%2C600 3x"},"classes":[]},{"id":31804,"url":"https:\/\/ismaelcolosi.com.br\/index.php\/2024\/01\/23\/rp-abre-seletiva-para-time-feminino-de-basquete\/","url_meta":{"origin":40483,"position":3},"title":"RP abre seletiva para time feminino de basquete","author":"ismaelcolosi.com.br","date":"23 de January de 2024","format":false,"excerpt":"23 de janeiro de 2024 | 11:0022 de janeiro de 2024 | 18:29 0A Secretaria de Esportes de Ribeir\u00e3o Preto\u00a0est\u00e1 com inscri\u00e7\u00f5es abertas para a seletiva de novas jogadoras para o time feminino de basquete. Podem participar meninas de 15 a 20 anos (nascidas at\u00e9 2004). A seletiva vai acontecer\u2026","rel":"","context":"In &quot;Not\u00edcias de Ribeir\u00e3o Preto-SP e Regi\u00e3o&quot;","block_context":{"text":"Not\u00edcias de Ribeir\u00e3o Preto-SP e Regi\u00e3o","link":"https:\/\/ismaelcolosi.com.br\/index.php\/category\/noticias-de-ribeirao-preto-sp-e-regiao-ismael-colosi\/"},"img":{"alt_text":"","src":"https:\/\/i0.wp.com\/ismaelcolosi.com.br\/wp-content\/uploads\/2024\/01\/BRA_USA.jpg?fit=967%2C645&ssl=1&resize=350%2C200","width":350,"height":200,"srcset":"https:\/\/i0.wp.com\/ismaelcolosi.com.br\/wp-content\/uploads\/2024\/01\/BRA_USA.jpg?fit=967%2C645&ssl=1&resize=350%2C200 1x, https:\/\/i0.wp.com\/ismaelcolosi.com.br\/wp-content\/uploads\/2024\/01\/BRA_USA.jpg?fit=967%2C645&ssl=1&resize=525%2C300 1.5x, https:\/\/i0.wp.com\/ismaelcolosi.com.br\/wp-content\/uploads\/2024\/01\/BRA_USA.jpg?fit=967%2C645&ssl=1&resize=700%2C400 2x"},"classes":[]},{"id":37436,"url":"https:\/\/ismaelcolosi.com.br\/index.php\/2024\/02\/16\/ribeirao-recebe-seletiva-para-time-de-rugby-neste-sabado-veja-como-participar\/","url_meta":{"origin":40483,"position":4},"title":"Ribeir\u00e3o recebe seletiva para time de rugby neste s\u00e1bado; Veja como participar","author":"ismaelcolosi.com.br","date":"16 de February de 2024","format":false,"excerpt":"Neste s\u00e1bado (17), a partir das 16h, a comiss\u00e3o t\u00e9cnica do Ra\u00e7a Rugby estar\u00e1 no Parque Dr. Luis Carlos Raya, na zona Sul de Ribeir\u00e3o Preto, para uma seletiva de novos atletas e apresentar o esporte aos interessados que ainda n\u00e3o conhecem a modalidade. A participa\u00e7\u00e3o \u00e9 gratuita. O clube\u2026","rel":"","context":"In &quot;Not\u00edcias de Ribeir\u00e3o Preto-SP e Regi\u00e3o&quot;","block_context":{"text":"Not\u00edcias de Ribeir\u00e3o Preto-SP e Regi\u00e3o","link":"https:\/\/ismaelcolosi.com.br\/index.php\/category\/noticias-de-ribeirao-preto-sp-e-regiao-ismael-colosi\/"},"img":{"alt_text":"","src":"https:\/\/i0.wp.com\/ismaelcolosi.com.br\/wp-content\/uploads\/2024\/02\/RUGBI.jpg?fit=1200%2C852&ssl=1&resize=350%2C200","width":350,"height":200,"srcset":"https:\/\/i0.wp.com\/ismaelcolosi.com.br\/wp-content\/uploads\/2024\/02\/RUGBI.jpg?fit=1200%2C852&ssl=1&resize=350%2C200 1x, https:\/\/i0.wp.com\/ismaelcolosi.com.br\/wp-content\/uploads\/2024\/02\/RUGBI.jpg?fit=1200%2C852&ssl=1&resize=525%2C300 1.5x, https:\/\/i0.wp.com\/ismaelcolosi.com.br\/wp-content\/uploads\/2024\/02\/RUGBI.jpg?fit=1200%2C852&ssl=1&resize=700%2C400 2x, https:\/\/i0.wp.com\/ismaelcolosi.com.br\/wp-content\/uploads\/2024\/02\/RUGBI.jpg?fit=1200%2C852&ssl=1&resize=1050%2C600 3x"},"classes":[]},{"id":24225,"url":"https:\/\/ismaelcolosi.com.br\/index.php\/2024\/01\/03\/ribeirao-preto-tem-seletiva-para-time-masculino-de-basquete-veja-quando\/","url_meta":{"origin":40483,"position":5},"title":"Ribeir\u00e3o Preto tem seletiva para time masculino de basquete; Veja quando","author":"ismaelcolosi.com.br","date":"3 de January de 2024","format":false,"excerpt":"A Secretaria de Esportes de Ribeir\u00e3o Preto informou, nesta quarta-feira (3), que far\u00e1 uma seletiva de novos jogadores para o time masculino de basquete da cidade. A seletiva ser\u00e1 realizada com meninos de 16 a 20 anos e vai acontecer no Gin\u00e1sio Gavino Virdes, no complexo esportivo Cava do Bosque.\u2026","rel":"","context":"In &quot;Not\u00edcias de Ribeir\u00e3o Preto-SP e Regi\u00e3o&quot;","block_context":{"text":"Not\u00edcias de Ribeir\u00e3o Preto-SP e Regi\u00e3o","link":"https:\/\/ismaelcolosi.com.br\/index.php\/category\/noticias-de-ribeirao-preto-sp-e-regiao-ismael-colosi\/"},"img":{"alt_text":"","src":"https:\/\/i0.wp.com\/ismaelcolosi.com.br\/wp-content\/uploads\/2024\/01\/basketball-166964_1280.jpg?fit=1200%2C1004&ssl=1&resize=350%2C200","width":350,"height":200,"srcset":"https:\/\/i0.wp.com\/ismaelcolosi.com.br\/wp-content\/uploads\/2024\/01\/basketball-166964_1280.jpg?fit=1200%2C1004&ssl=1&resize=350%2C200 1x, https:\/\/i0.wp.com\/ismaelcolosi.com.br\/wp-content\/uploads\/2024\/01\/basketball-166964_1280.jpg?fit=1200%2C1004&ssl=1&resize=525%2C300 1.5x, https:\/\/i0.wp.com\/ismaelcolosi.com.br\/wp-content\/uploads\/2024\/01\/basketball-166964_1280.jpg?fit=1200%2C1004&ssl=1&resize=700%2C400 2x, https:\/\/i0.wp.com\/ismaelcolosi.com.br\/wp-content\/uploads\/2024\/01\/basketball-166964_1280.jpg?fit=1200%2C1004&ssl=1&resize=1050%2C600 3x"},"classes":[]}],"jetpack_sharing_enabled":true,"jetpack_shortlink":"https:\/\/wp.me\/pfMlyK-awX","_links":{"self":[{"href":"https:\/\/ismaelcolosi.com.br\/index.php\/wp-json\/wp\/v2\/posts\/40483","targetHints":{"allow":["GET"]}}],"collection":[{"href":"https:\/\/ismaelcolosi.com.br\/index.php\/wp-json\/wp\/v2\/posts"}],"about":[{"href":"https:\/\/ismaelcolosi.com.br\/index.php\/wp-json\/wp\/v2\/types\/post"}],"author":[{"embeddable":true,"href":"https:\/\/ismaelcolosi.com.br\/index.php\/wp-json\/wp\/v2\/users\/1"}],"replies":[{"embeddable":true,"href":"https:\/\/ismaelcolosi.com.br\/index.php\/wp-json\/wp\/v2\/comments?post=40483"}],"version-history":[{"count":0,"href":"https:\/\/ismaelcolosi.com.br\/index.php\/wp-json\/wp\/v2\/posts\/40483\/revisions"}],"wp:featuredmedia":[{"embeddable":true,"href":"https:\/\/ismaelcolosi.com.br\/index.php\/wp-json\/wp\/v2\/media\/40484"}],"wp:attachment":[{"href":"https:\/\/ismaelcolosi.com.br\/index.php\/wp-json\/wp\/v2\/media?parent=40483"}],"wp:term":[{"taxonomy":"category","embeddable":true,"href":"https:\/\/ismaelcolosi.com.br\/index.php\/wp-json\/wp\/v2\/categories?post=40483"},{"taxonomy":"post_tag","embeddable":true,"href":"https:\/\/ismaelcolosi.com.br\/index.php\/wp-json\/wp\/v2\/tags?post=40483"}],"curies":[{"name":"wp","href":"https:\/\/api.w.org\/{rel}","templated":true}]}}