{"id":40227,"date":"2024-03-01T16:43:17","date_gmt":"2024-03-01T19:43:17","guid":{"rendered":"https:\/\/ismaelcolosi.com.br\/index.php\/2024\/03\/01\/atos-de-8-de-janeiro-stf-forma-maioria-para-condenar-morador-de-ribeirao-preto\/"},"modified":"2024-03-01T16:43:17","modified_gmt":"2024-03-01T19:43:17","slug":"atos-de-8-de-janeiro-stf-forma-maioria-para-condenar-morador-de-ribeirao-preto","status":"publish","type":"post","link":"https:\/\/ismaelcolosi.com.br\/index.php\/2024\/03\/01\/atos-de-8-de-janeiro-stf-forma-maioria-para-condenar-morador-de-ribeirao-preto\/","title":{"rendered":"Atos de 8 de janeiro: STF forma maioria para condenar morador de Ribeir\u00e3o Preto"},"content":{"rendered":"<p> <br \/>\n<\/p>\n<div>\n<p>O<strong><a href=\"https:\/\/portal.stf.jus.br\/processos\/detalhe.asp?incidente=6644761\" target=\"_blank\" rel=\"noreferrer noopener nofollow\"> STF (Supremo Tribunal Federal) <\/a><\/strong>formou maioria, nesta sexta-feira (1\u00ba de mar\u00e7o), para condenar<strong> Barquet Miguel J\u00fanior<\/strong>, morador de Ribeir\u00e3o Preto que foi preso nos atos de <strong>8 de janeiro<\/strong> de 2023. Ele est\u00e1 em liberdade desde agosto do ano passado.<\/p>\n<p>O relator do processo, o ministro <strong>Alexandre de Moraes<\/strong>, pediu que Barquet seja <strong>condenado a 14 anos de pris\u00e3o<\/strong>, al\u00e9m do pagamento de multa de R$ 30 milh\u00f5es, junto com os outros r\u00e9us do processo.<\/p><div class='code-block code-block-8' style='margin: 8px auto; text-align: center; display: block; clear: both;'>\n<script>\n  atOptions = {\n    'key' : '66e2e2111ca34da796271819fc334058',\n    'format' : 'iframe',\n    'height' : 250,\n    'width' : 300,\n    'params' : {}\n  };\n<\/script>\n<script src=\"https:\/\/www.highperformanceformat.com\/66e2e2111ca34da796271819fc334058\/invoke.js\"><\/script>\n<\/div>\n\n<p>No voto, Moraes pede a condena\u00e7\u00e3o do morador de Ribeir\u00e3o Preto pelos <mark style=\"background-color:#fcb900\" class=\"has-inline-color has-black-color\">crimes de aboli\u00e7\u00e3o violenta do Estado Democr\u00e1tico de Direito, Golpe de Estado, dano qualificado, deteriora\u00e7\u00e3o do Patrim\u00f4nio tombado e Associa\u00e7\u00e3o Criminosa Armada.<\/mark><\/p>\n<p>At\u00e9 o momento, seguiram o voto do relator os ministros:<\/p>\n<ul>\n<li><strong>C\u00e1rmen L\u00facia<\/strong>,<strong> Fl\u00e1vio Dino<\/strong> e<strong> Dias Toffoli<\/strong><\/li>\n<\/ul>\n<p>J\u00e1 <strong>Cristiano Zanin<\/strong> e<strong> Edson Fachin<\/strong> seguiram o voto do relator, mas com ressalvas em rela\u00e7\u00e3o \u00e0 dosimetria da pena.<\/p>\n<p>Os ministros <strong>Lu\u00eds Roberto Barroso <\/strong>e <strong>Andr\u00e9 Mendon\u00e7a<\/strong> divergiram do voto do relator.<\/p>\n<h4 class=\"wp-block-heading\"><strong>Outro lado<\/strong><\/h4>\n<p>Na semana passada, quando foi publicado o voto de Alexandre de Moraes, <mark style=\"background-color:#fcb900\" class=\"has-inline-color has-black-color\">a defesa de Barquet Miguel J\u00fanior afirmou que a condena\u00e7\u00e3o \u00e9 \u201cinjusta\u201d<\/mark>, porque ele n\u00e3o teria quebrado nada nos atos e que entrou no Pal\u00e1cio do Planalto para se proteger dos gases. Ela ainda afirmou que vai recorrer.<\/p>\n<p>Em depoimento realizado no ano passado, Barquet negou participa\u00e7\u00e3o das a\u00e7\u00f5es de depreda\u00e7\u00e3o das sedes dos<strong> Tr\u00eas Poderes<\/strong>, em <strong>Bras\u00edlia<\/strong>.<\/p>\n<p>Na ocasi\u00e3o, Barquet disse que viajou at\u00e9 Bras\u00edlia para conhecer a Capital Federal. Ele afirma que foi sozinho, de \u00f4nibus, e se hospedou em um hotel. Ainda afirmou que estava pr\u00f3ximo do Pal\u00e1cio do Planalto, quando teria come\u00e7ado \u201cuma grande confus\u00e3o\u201d.<\/p>\n<p>Segundo o relato, o ex-advogado disse que, por conta disso, \u201coptou por se refugiar\u201d no pr\u00e9dio e, que ao entrar, o local j\u00e1 estava \u201cquebrado e revirado\u201d.<\/p>\n<p>Contudo, declarou que n\u00e3o presenciou o momento que os atos de vandalismo ocorreram e que nem sabe quem s\u00e3o as pessoas respons\u00e1veis pela destrui\u00e7\u00e3o.<\/p>\n<p>SAIBA MAIS<br \/>Entenda a vota\u00e7\u00e3o pol\u00eamica do Plano Municipal de Educa\u00e7\u00e3o de Ribeir\u00e3o Preto<\/p>\n<h4 class=\"wp-block-heading\"><strong>FIQUE ON<\/strong><\/h4>\n<p>Fique ligado em tudo que acontece em Ribeir\u00e3o Preto e regi\u00e3o. Siga os perfis do <strong>acidade on <\/strong>no <a href=\"https:\/\/www.instagram.com\/acidadeonribeirao\" target=\"_blank\" rel=\"noreferrer noopener nofollow\">Instagram <\/a>e no<a href=\"https:\/\/www.facebook.com\/acidadeonribeirao\" target=\"_blank\" rel=\"noreferrer noopener nofollow\"> Facebook<\/a>.<\/p>\n<p>Receba not\u00edcias do <strong>acidade on<\/strong> no WhatsApp.<a href=\"https:\/\/chat.whatsapp.com\/Bnv2w66ZT4VDyZW3oiZ69n\" target=\"_blank\" rel=\"noreferrer noopener nofollow\"> Para entrar no grupo, basta clicar aqui.<\/a><\/p>\n<p>Fa\u00e7a uma den\u00fancia ou sugira uma reportagem sobre Ribeir\u00e3o Preto e regi\u00e3o pelo WhatsApp: 16 99117 7802.<\/p>\n<p>VEJA TAMB\u00c9M<br \/>BBB 24: quem atendeu ao segundo toque do Big Fone?<\/p>\n<p><!-- AI CONTENT END 1 -->\n<\/div>\n<p><script async src=\"\/\/www.instagram.com\/embed.js\"><\/script><br \/>\n<br \/><br \/>\n<br \/><a href=\"https:\/\/www.acidadeon.com\/ribeiraopreto\/politica\/atos-de-8-de-janeiro-stf-forma-maioria-para-condenar-morador-de-ribeirao-preto\/\">Source link <\/a><\/p>\n<div class='code-block code-block-4' style='margin: 8px auto 8px 0; text-align: left; display: block; clear: both;'>\n\ud83d\udce2 Aviso Legal\n\nO site ismaelcolosi.com.br atua apenas como um canal de divulga\u00e7\u00e3o de oportunidades de emprego e n\u00e3o se responsabiliza pelo processo seletivo, contrata\u00e7\u00e3o ou qualquer outra etapa relacionada \u00e0s vagas publicadas. Todas as informa\u00e7\u00f5es s\u00e3o de responsabilidade dos anunciantes.\n\n\u26a0\ufe0f Aten\u00e7\u00e3o! Nunca pague por promessas de emprego nem compre cursos que garantam contrata\u00e7\u00e3o. Desconfie de qualquer cobran\u00e7a para participar de sele\u00e7\u00f5es.\n\n\n<div data-type=\"_mgwidget\" data-widget-id=\"2000896\">\n<\/div>\n<script>(function(w,q){w[q]=w[q]||[];w[q].push([\"_mgc.load\"])})(window,\"_mgq\");\n<\/script>\n<\/div>\n<!-- CONTENT END 1 -->\n","protected":false},"excerpt":{"rendered":"<p>O STF (Supremo Tribunal Federal) formou maioria, nesta sexta-feira (1\u00ba de mar\u00e7o), para condenar Barquet Miguel J\u00fanior, morador de Ribeir\u00e3o Preto que foi preso nos&#8230;<\/p>\n","protected":false},"author":1,"featured_media":40228,"comment_status":"open","ping_status":"open","sticky":false,"template":"","format":"standard","meta":{"_uag_custom_page_level_css":"","jetpack_post_was_ever_published":false,"_jetpack_newsletter_access":"","_jetpack_dont_email_post_to_subs":false,"_jetpack_newsletter_tier_id":0,"_jetpack_memberships_contains_paywalled_content":false,"_jetpack_memberships_contains_paid_content":false,"footnotes":"","jetpack_publicize_message":"","jetpack_publicize_feature_enabled":true,"jetpack_social_post_already_shared":true,"jetpack_social_options":{"image_generator_settings":{"template":"highway","default_image_id":0,"font":"","enabled":false},"version":2}},"categories":[11],"tags":[],"class_list":["post-40227","post","type-post","status-publish","format-standard","has-post-thumbnail","hentry","category-noticias-de-ribeirao-preto-sp-e-regiao-ismael-colosi"],"aioseo_notices":[],"jetpack_publicize_connections":[],"jetpack_featured_media_url":"https:\/\/i0.wp.com\/ismaelcolosi.com.br\/wp-content\/uploads\/2024\/03\/barquet-miguel-junior.jpeg?fit=1920%2C1079&ssl=1","uagb_featured_image_src":{"full":["https:\/\/i0.wp.com\/ismaelcolosi.com.br\/wp-content\/uploads\/2024\/03\/barquet-miguel-junior.jpeg?fit=1920%2C1079&ssl=1",1920,1079,false],"thumbnail":["https:\/\/i0.wp.com\/ismaelcolosi.com.br\/wp-content\/uploads\/2024\/03\/barquet-miguel-junior.jpeg?resize=150%2C150&ssl=1",150,150,true],"medium":["https:\/\/i0.wp.com\/ismaelcolosi.com.br\/wp-content\/uploads\/2024\/03\/barquet-miguel-junior.jpeg?fit=300%2C169&ssl=1",300,169,true],"medium_large":["https:\/\/i0.wp.com\/ismaelcolosi.com.br\/wp-content\/uploads\/2024\/03\/barquet-miguel-junior.jpeg?fit=768%2C432&ssl=1",768,432,true],"large":["https:\/\/i0.wp.com\/ismaelcolosi.com.br\/wp-content\/uploads\/2024\/03\/barquet-miguel-junior.jpeg?fit=1024%2C575&ssl=1",1024,575,true],"1536x1536":["https:\/\/i0.wp.com\/ismaelcolosi.com.br\/wp-content\/uploads\/2024\/03\/barquet-miguel-junior.jpeg?fit=1536%2C863&ssl=1",1536,863,true],"2048x2048":["https:\/\/i0.wp.com\/ismaelcolosi.com.br\/wp-content\/uploads\/2024\/03\/barquet-miguel-junior.jpeg?fit=1920%2C1079&ssl=1",1920,1079,true],"really-simple-thumb":["https:\/\/i0.wp.com\/ismaelcolosi.com.br\/wp-content\/uploads\/2024\/03\/barquet-miguel-junior.jpeg?resize=370%2C247&ssl=1",370,247,true]},"uagb_author_info":{"display_name":"ismaelcolosi.com.br","author_link":"https:\/\/ismaelcolosi.com.br\/index.php\/author\/vidareal-online\/"},"uagb_comment_info":0,"uagb_excerpt":"O STF (Supremo Tribunal Federal) formou maioria, nesta sexta-feira (1\u00ba de mar\u00e7o), para condenar Barquet Miguel J\u00fanior, morador de Ribeir\u00e3o Preto que foi preso nos...","jetpack-related-posts":[{"id":40225,"url":"https:\/\/ismaelcolosi.com.br\/index.php\/2024\/03\/01\/stf-forma-maioria-para-condenar-barquet-miguel\/","url_meta":{"origin":40227,"position":0},"title":"STF forma maioria para condenar Barquet Miguel","author":"ismaelcolosi.com.br","date":"1 de March de 2024","format":false,"excerpt":"1 de mar\u00e7o de 2024 | 16:38 0O\u00a0 Supremo Tribunal Federal formou maioria para condenar\u00a0Barquet Miguel J\u00fanior, preso nos atos de 8 de janeiro\u00a0de 2023. Ele est\u00e1 em liberdade desde agosto do ano passado.O relator do processo, o ministro\u00a0Alexandre de Moraes, pediu que o morador de Ribeir\u00e3o Preto, seja condenado\u2026","rel":"","context":"In &quot;Not\u00edcias de Ribeir\u00e3o Preto-SP e Regi\u00e3o&quot;","block_context":{"text":"Not\u00edcias de Ribeir\u00e3o Preto-SP e Regi\u00e3o","link":"https:\/\/ismaelcolosi.com.br\/index.php\/category\/noticias-de-ribeirao-preto-sp-e-regiao-ismael-colosi\/"},"img":{"alt_text":"","src":"https:\/\/i0.wp.com\/ismaelcolosi.com.br\/wp-content\/uploads\/2024\/03\/barquet-miguel-junior-1536x863-1-scaled.jpeg?fit=1000%2C562&ssl=1&resize=350%2C200","width":350,"height":200,"srcset":"https:\/\/i0.wp.com\/ismaelcolosi.com.br\/wp-content\/uploads\/2024\/03\/barquet-miguel-junior-1536x863-1-scaled.jpeg?fit=1000%2C562&ssl=1&resize=350%2C200 1x, https:\/\/i0.wp.com\/ismaelcolosi.com.br\/wp-content\/uploads\/2024\/03\/barquet-miguel-junior-1536x863-1-scaled.jpeg?fit=1000%2C562&ssl=1&resize=525%2C300 1.5x, https:\/\/i0.wp.com\/ismaelcolosi.com.br\/wp-content\/uploads\/2024\/03\/barquet-miguel-junior-1536x863-1-scaled.jpeg?fit=1000%2C562&ssl=1&resize=700%2C400 2x"},"classes":[]},{"id":39067,"url":"https:\/\/ismaelcolosi.com.br\/index.php\/2024\/02\/23\/alexandre-de-moraes-vota-para-condenar-morador-de-ribeirao-preso-nos-atos-de-8-de-janeiro\/","url_meta":{"origin":40227,"position":1},"title":"Alexandre de Moraes vota para condenar morador de Ribeir\u00e3o preso nos atos de 8 de janeiro","author":"ismaelcolosi.com.br","date":"23 de February de 2024","format":false,"excerpt":"O ministro Alexandre de Moraes, do STF (Supremo Tribunal Federal), votou pela condena\u00e7\u00e3o de Barquet Miguel J\u00fanior, de Ribeir\u00e3o Preto, preso nos atos de 8 de janeiro. Moraes, que \u00e9 relator do processo, pediu que Barquet seja condenado a 14 anos de pris\u00e3o, al\u00e9m do pagamento de multa de R$\u2026","rel":"","context":"In &quot;Not\u00edcias de Ribeir\u00e3o Preto-SP e Regi\u00e3o&quot;","block_context":{"text":"Not\u00edcias de Ribeir\u00e3o Preto-SP e Regi\u00e3o","link":"https:\/\/ismaelcolosi.com.br\/index.php\/category\/noticias-de-ribeirao-preto-sp-e-regiao-ismael-colosi\/"},"img":{"alt_text":"","src":"https:\/\/i0.wp.com\/ismaelcolosi.com.br\/wp-content\/uploads\/2024\/02\/barquet-miguel-jr-alexandre-de-moraes.jpeg?fit=1200%2C675&ssl=1&resize=350%2C200","width":350,"height":200,"srcset":"https:\/\/i0.wp.com\/ismaelcolosi.com.br\/wp-content\/uploads\/2024\/02\/barquet-miguel-jr-alexandre-de-moraes.jpeg?fit=1200%2C675&ssl=1&resize=350%2C200 1x, https:\/\/i0.wp.com\/ismaelcolosi.com.br\/wp-content\/uploads\/2024\/02\/barquet-miguel-jr-alexandre-de-moraes.jpeg?fit=1200%2C675&ssl=1&resize=525%2C300 1.5x, https:\/\/i0.wp.com\/ismaelcolosi.com.br\/wp-content\/uploads\/2024\/02\/barquet-miguel-jr-alexandre-de-moraes.jpeg?fit=1200%2C675&ssl=1&resize=700%2C400 2x, https:\/\/i0.wp.com\/ismaelcolosi.com.br\/wp-content\/uploads\/2024\/02\/barquet-miguel-jr-alexandre-de-moraes.jpeg?fit=1200%2C675&ssl=1&resize=1050%2C600 3x"},"classes":[]},{"id":37472,"url":"https:\/\/ismaelcolosi.com.br\/index.php\/2024\/02\/16\/stf-define-data-para-julgamento-de-morador-de-ribeirao-preso-nos-atos-de-8-de-janeiro\/","url_meta":{"origin":40227,"position":2},"title":"STF define data para julgamento de morador de Ribeir\u00e3o preso nos atos de 8 de janeiro","author":"ismaelcolosi.com.br","date":"16 de February de 2024","format":false,"excerpt":"O STF (Supremo Tribunal Federal) marcou o julgamento do Barquet Miguel J\u00fanior, morador de Ribeir\u00e3o Preto, preso nos atos de 8 de janeiro de 2023, em Bras\u00edlia. O julgamento ser\u00e1 realizado no plen\u00e1rio virtual, no per\u00edodo entre 23 de fevereiro e 1\u00ba de mar\u00e7o. Atualmente, ele responde o processo em\u2026","rel":"","context":"In &quot;Not\u00edcias de Ribeir\u00e3o Preto-SP e Regi\u00e3o&quot;","block_context":{"text":"Not\u00edcias de Ribeir\u00e3o Preto-SP e Regi\u00e3o","link":"https:\/\/ismaelcolosi.com.br\/index.php\/category\/noticias-de-ribeirao-preto-sp-e-regiao-ismael-colosi\/"},"img":{"alt_text":"","src":"https:\/\/i0.wp.com\/ismaelcolosi.com.br\/wp-content\/uploads\/2024\/02\/barquet-miguel-junior.jpeg?fit=1200%2C674&ssl=1&resize=350%2C200","width":350,"height":200,"srcset":"https:\/\/i0.wp.com\/ismaelcolosi.com.br\/wp-content\/uploads\/2024\/02\/barquet-miguel-junior.jpeg?fit=1200%2C674&ssl=1&resize=350%2C200 1x, https:\/\/i0.wp.com\/ismaelcolosi.com.br\/wp-content\/uploads\/2024\/02\/barquet-miguel-junior.jpeg?fit=1200%2C674&ssl=1&resize=525%2C300 1.5x, https:\/\/i0.wp.com\/ismaelcolosi.com.br\/wp-content\/uploads\/2024\/02\/barquet-miguel-junior.jpeg?fit=1200%2C674&ssl=1&resize=700%2C400 2x, https:\/\/i0.wp.com\/ismaelcolosi.com.br\/wp-content\/uploads\/2024\/02\/barquet-miguel-junior.jpeg?fit=1200%2C674&ssl=1&resize=1050%2C600 3x"},"classes":[]},{"id":38610,"url":"https:\/\/ismaelcolosi.com.br\/index.php\/2024\/02\/20\/stf-forma-maioria-para-condenar-advogada-de-ribeirao-presa-nos-atos-de-8-de-janeiro\/","url_meta":{"origin":40227,"position":3},"title":"STF forma maioria para condenar advogada de Ribeir\u00e3o presa nos atos de 8 de janeiro","author":"ismaelcolosi.com.br","date":"20 de February de 2024","format":false,"excerpt":"O STF (Supremo Tribunal Federal) formou maioria, nesta ter\u00e7a-feira (20), para condenar advogada Nara Faustino de Menezes, de Ribeir\u00e3o Preto, presa pelos atos de 8 de janeiro de 2023, em Bras\u00edlia. At\u00e9 o momento, sete ministros votaram para condena\u00e7\u00e3o da advogada. O relator do processo \u00e9 o ministro Alexandre de\u2026","rel":"","context":"In &quot;Not\u00edcias de Ribeir\u00e3o Preto-SP e Regi\u00e3o&quot;","block_context":{"text":"Not\u00edcias de Ribeir\u00e3o Preto-SP e Regi\u00e3o","link":"https:\/\/ismaelcolosi.com.br\/index.php\/category\/noticias-de-ribeirao-preto-sp-e-regiao-ismael-colosi\/"},"img":{"alt_text":"","src":"https:\/\/ismaelcolosi.com.br\/wp-content\/uploads\/2024\/02\/nara-faustino-de-menezes.jpe","width":350,"height":200,"srcset":"https:\/\/ismaelcolosi.com.br\/wp-content\/uploads\/2024\/02\/nara-faustino-de-menezes.jpe 1x, https:\/\/ismaelcolosi.com.br\/wp-content\/uploads\/2024\/02\/nara-faustino-de-menezes.jpe 1.5x, https:\/\/ismaelcolosi.com.br\/wp-content\/uploads\/2024\/02\/nara-faustino-de-menezes.jpe 2x, https:\/\/ismaelcolosi.com.br\/wp-content\/uploads\/2024\/02\/nara-faustino-de-menezes.jpe 3x"},"classes":[]},{"id":39712,"url":"https:\/\/ismaelcolosi.com.br\/index.php\/2024\/02\/27\/carmen-lucia-vota-pela-condenacao-de-barquet-miguel-junior\/","url_meta":{"origin":40227,"position":4},"title":"C\u00e1rmen L\u00facia vota pela condena\u00e7\u00e3o de Barquet Miguel J\u00fanior","author":"ismaelcolosi.com.br","date":"27 de February de 2024","format":false,"excerpt":"27 de fevereiro de 2024 | 17:09 0A ministra C\u00e1rmen L\u00facia do Supremo Tribunal Federal (STF), acompanhou, nesta ter\u00e7a-feira, 27 de fevereiro, o voto do relator do processo dos atos antidemocr\u00e1ticos de 8 de janeiro do ano passado, o ministro Alexandre de Moraes. Ele quer a condena\u00e7\u00e3o do corretor de\u2026","rel":"","context":"In &quot;Not\u00edcias de Ribeir\u00e3o Preto-SP e Regi\u00e3o&quot;","block_context":{"text":"Not\u00edcias de Ribeir\u00e3o Preto-SP e Regi\u00e3o","link":"https:\/\/ismaelcolosi.com.br\/index.php\/category\/noticias-de-ribeirao-preto-sp-e-regiao-ismael-colosi\/"},"img":{"alt_text":"","src":"https:\/\/i0.wp.com\/ismaelcolosi.com.br\/wp-content\/uploads\/2024\/02\/carmen_lucia-scaled.jpg?fit=1000%2C552&ssl=1&resize=350%2C200","width":350,"height":200,"srcset":"https:\/\/i0.wp.com\/ismaelcolosi.com.br\/wp-content\/uploads\/2024\/02\/carmen_lucia-scaled.jpg?fit=1000%2C552&ssl=1&resize=350%2C200 1x, https:\/\/i0.wp.com\/ismaelcolosi.com.br\/wp-content\/uploads\/2024\/02\/carmen_lucia-scaled.jpg?fit=1000%2C552&ssl=1&resize=525%2C300 1.5x, https:\/\/i0.wp.com\/ismaelcolosi.com.br\/wp-content\/uploads\/2024\/02\/carmen_lucia-scaled.jpg?fit=1000%2C552&ssl=1&resize=700%2C400 2x"},"classes":[]},{"id":36334,"url":"https:\/\/ismaelcolosi.com.br\/index.php\/2024\/02\/09\/alexandre-de-moraes-vota-para-condenar-advogada-de-ribeirao-presa-nos-atos-de-8-de-janeiro-entenda\/","url_meta":{"origin":40227,"position":5},"title":"Alexandre de Moraes vota para condenar advogada de Ribeir\u00e3o presa nos atos de 8 de janeiro; Entenda","author":"ismaelcolosi.com.br","date":"9 de February de 2024","format":false,"excerpt":"O ministro Alexandre de Moraes, do STF (Supremo Tribunal Federal), votou pela condena\u00e7\u00e3o da advogada Nara Faustino de Menezes, de Ribeir\u00e3o Preto, presa pelos atos de 8 de janeiro. O ministro pede que a advogada seja condenada a 17 anos de pris\u00e3o, al\u00e9m do pagamento de R$ 30 milh\u00f5es de\u2026","rel":"","context":"In &quot;Not\u00edcias de Ribeir\u00e3o Preto-SP e Regi\u00e3o&quot;","block_context":{"text":"Not\u00edcias de Ribeir\u00e3o Preto-SP e Regi\u00e3o","link":"https:\/\/ismaelcolosi.com.br\/index.php\/category\/noticias-de-ribeirao-preto-sp-e-regiao-ismael-colosi\/"},"img":{"alt_text":"","src":"https:\/\/i0.wp.com\/ismaelcolosi.com.br\/wp-content\/uploads\/2024\/02\/alexandre-de-moraes-nara-faustino.jpeg?fit=1200%2C675&ssl=1&resize=350%2C200","width":350,"height":200,"srcset":"https:\/\/i0.wp.com\/ismaelcolosi.com.br\/wp-content\/uploads\/2024\/02\/alexandre-de-moraes-nara-faustino.jpeg?fit=1200%2C675&ssl=1&resize=350%2C200 1x, https:\/\/i0.wp.com\/ismaelcolosi.com.br\/wp-content\/uploads\/2024\/02\/alexandre-de-moraes-nara-faustino.jpeg?fit=1200%2C675&ssl=1&resize=525%2C300 1.5x, https:\/\/i0.wp.com\/ismaelcolosi.com.br\/wp-content\/uploads\/2024\/02\/alexandre-de-moraes-nara-faustino.jpeg?fit=1200%2C675&ssl=1&resize=700%2C400 2x, https:\/\/i0.wp.com\/ismaelcolosi.com.br\/wp-content\/uploads\/2024\/02\/alexandre-de-moraes-nara-faustino.jpeg?fit=1200%2C675&ssl=1&resize=1050%2C600 3x"},"classes":[]}],"jetpack_sharing_enabled":true,"jetpack_shortlink":"https:\/\/wp.me\/pfMlyK-asP","_links":{"self":[{"href":"https:\/\/ismaelcolosi.com.br\/index.php\/wp-json\/wp\/v2\/posts\/40227","targetHints":{"allow":["GET"]}}],"collection":[{"href":"https:\/\/ismaelcolosi.com.br\/index.php\/wp-json\/wp\/v2\/posts"}],"about":[{"href":"https:\/\/ismaelcolosi.com.br\/index.php\/wp-json\/wp\/v2\/types\/post"}],"author":[{"embeddable":true,"href":"https:\/\/ismaelcolosi.com.br\/index.php\/wp-json\/wp\/v2\/users\/1"}],"replies":[{"embeddable":true,"href":"https:\/\/ismaelcolosi.com.br\/index.php\/wp-json\/wp\/v2\/comments?post=40227"}],"version-history":[{"count":0,"href":"https:\/\/ismaelcolosi.com.br\/index.php\/wp-json\/wp\/v2\/posts\/40227\/revisions"}],"wp:featuredmedia":[{"embeddable":true,"href":"https:\/\/ismaelcolosi.com.br\/index.php\/wp-json\/wp\/v2\/media\/40228"}],"wp:attachment":[{"href":"https:\/\/ismaelcolosi.com.br\/index.php\/wp-json\/wp\/v2\/media?parent=40227"}],"wp:term":[{"taxonomy":"category","embeddable":true,"href":"https:\/\/ismaelcolosi.com.br\/index.php\/wp-json\/wp\/v2\/categories?post=40227"},{"taxonomy":"post_tag","embeddable":true,"href":"https:\/\/ismaelcolosi.com.br\/index.php\/wp-json\/wp\/v2\/tags?post=40227"}],"curies":[{"name":"wp","href":"https:\/\/api.w.org\/{rel}","templated":true}]}}