{"id":39998,"date":"2024-02-29T13:08:54","date_gmt":"2024-02-29T16:08:54","guid":{"rendered":"https:\/\/ismaelcolosi.com.br\/index.php\/2024\/02\/29\/camara-de-ribeirao-preto-vota-o-plano-municipal-da-educacao-veja-as-metas\/"},"modified":"2024-02-29T13:08:54","modified_gmt":"2024-02-29T16:08:54","slug":"camara-de-ribeirao-preto-vota-o-plano-municipal-da-educacao-veja-as-metas","status":"publish","type":"post","link":"https:\/\/ismaelcolosi.com.br\/index.php\/2024\/02\/29\/camara-de-ribeirao-preto-vota-o-plano-municipal-da-educacao-veja-as-metas\/","title":{"rendered":"C\u00e2mara de Ribeir\u00e3o Preto vota o Plano Municipal da Educa\u00e7\u00e3o; Veja as metas"},"content":{"rendered":"<p> <br \/>\n<\/p>\n<div data-td-block-uid=\"tdi_101\">\n<div class=\"tdb-block-inner td-fix-index\">\n<p>A<strong><a href=\"https:\/\/www.camararibeiraopreto.sp.gov.br\/\" target=\"_blank\" rel=\"noreferrer noopener nofollow\"> C\u00e2mara de Ribeir\u00e3o Preto<\/a><\/strong> vota nesta quinta-feira (29) o projeto de lei que cria o <strong>Plano Municipal da Educa\u00e7\u00e3o<\/strong>, encaminhado pelo Executivo. <mark style=\"background-color:#fcb900\" class=\"has-inline-color has-black-color\">A proposta apresenta 20 metas para educa\u00e7\u00e3o de Ribeir\u00e3o Preto para os pr\u00f3ximos 10 anos.<\/mark><\/p>\n<p>A cidade \u00e9 uma das \u00fanicas do<strong> Estado de S\u00e3o Paulo<\/strong> que ainda n\u00e3o contam com um plano para o setor da educa\u00e7\u00e3o. A proposta come\u00e7ou a ser elaborada em 2005. Contudo, o projeto n\u00e3o chegou a ser encaminhado pela prefeitura para ser votada no Legislativo.<\/p><div class='code-block code-block-8' style='margin: 8px auto; text-align: center; display: block; clear: both;'>\n<script>\n  atOptions = {\n    'key' : '66e2e2111ca34da796271819fc334058',\n    'format' : 'iframe',\n    'height' : 250,\n    'width' : 300,\n    'params' : {}\n  };\n<\/script>\n<script src=\"https:\/\/www.highperformanceformat.com\/66e2e2111ca34da796271819fc334058\/invoke.js\"><\/script>\n<\/div>\n\n<p>Em 2014, com a aprova\u00e7\u00e3o do<strong> PNE (Plano Nacional de Educa\u00e7\u00e3o)<\/strong>, todos os munic\u00edpios brasileiros foram obrigados a criar um Plano Municipal de Educa\u00e7\u00e3o, no prazo de at\u00e9 um ano. <\/p>\n<p>O que nunca ocorreu na cidade. Um documento-base come\u00e7ou a ser discutido em 2015 e encaminhado para C\u00e2mara em 2016, mas n\u00e3o foi aprovado.<\/p>\n<h4 class=\"wp-block-heading\"><strong>Metas<\/strong><\/h4>\n<p>O Plano Municipal da Educa\u00e7\u00e3o <mark style=\"background-color:#fcb900\" class=\"has-inline-color has-black-color\">estipula 20 metas para o ensino de Ribeir\u00e3o Preto<\/mark> para o per\u00edodo de 10 anos. Entre elas, est\u00e3o:<\/p>\n<ul>\n<li>Oferecer educa\u00e7\u00e3o em tempo integral em, no m\u00ednimo, 50% das escolas p\u00fablicas, de forma a atender, pelo menos, 25% dos alunos da educa\u00e7\u00e3o b\u00e1sica<\/li>\n<\/ul>\n<ul>\n<li>Elevar a escolaridade m\u00e9dia da popula\u00e7\u00e3o com idades entre 18 a 29 anos, de modo a alcan\u00e7ar, no m\u00ednimo, 12 anos de estudos no \u00faltimo ano de vig\u00eancia deste Plano<\/li>\n<\/ul>\n<ul>\n<li>Igualar a escolaridade m\u00e9dia entre pretos e n\u00e3o pretos declarados ao IBGE<\/li>\n<\/ul>\n<ul>\n<li>Elevar a taxa de alfabetiza\u00e7\u00e3o da popula\u00e7\u00e3o com 15 anos ou mais para 97,5% at\u00e9 o 5\u00ba ano de vig\u00eancia deste PME<\/li>\n<\/ul>\n<ul>\n<li>Superar o analfabetismo absoluto e reduzir em pelo menos 50% a taxa de analfabetismo funcional no munic\u00edpio<\/li>\n<\/ul>\n<ul>\n<li>Para dar maior transpar\u00eancia aos atos e despesas das unidades escolares, aprovadas por seus respectivos conselhos e APMs, as unidades escolares dever\u00e3o, com o apoio da comunidade escolar, construir sua p\u00e1gina eletr\u00f4nica.<\/li>\n<\/ul>\n<p>O projeto completo e as emendas apresentadas pelos vereadores podem ser conferidas <a href=\"https:\/\/publico.camararibeiraopreto.sp.gov.br\/sagl\/consultas\/materia\/materia_mostrar_proc?cod_materia=438563\" target=\"_blank\" rel=\"noreferrer noopener nofollow\"><strong>clicando aqui.<\/strong><\/a><\/p>\n<p>SAIBA MAIS<br \/>Caixa abre as inscri\u00e7\u00f5es para concurso p\u00fablico; S\u00e3o 10 vagas em Ribeir\u00e3o Preto<\/p>\n<h4 class=\"wp-block-heading\"><strong>FIQUE ON<\/strong><\/h4>\n<p>Fique ligado em tudo que acontece em Ribeir\u00e3o Preto e regi\u00e3o. Siga os perfis do <strong>acidade on<\/strong> no <a href=\"https:\/\/www.instagram.com\/acidadeonribeirao\" target=\"_blank\" rel=\"noreferrer noopener nofollow\">Instagram<\/a> e no<a href=\"https:\/\/www.facebook.com\/acidadeonribeirao\" target=\"_blank\" rel=\"noreferrer noopener nofollow\"> Facebook<\/a>.<\/p>\n<p>Receba not\u00edcias do <strong>acidade on <\/strong>no WhatsApp.<a href=\"https:\/\/chat.whatsapp.com\/Bnv2w66ZT4VDyZW3oiZ69n\" target=\"_blank\" rel=\"noreferrer noopener nofollow\"> Para entrar no grupo, basta clicar aqui.<\/a><\/p>\n<p>Fa\u00e7a uma den\u00fancia ou sugira uma reportagem sobre Ribeir\u00e3o Preto e regi\u00e3o pelo WhatsApp: 16 99117 7802.<\/p>\n<p>VEJA TAMB\u00c9M<br \/>Que horas vai come\u00e7ar a Prova do L\u00edder no BBB 24?<\/p>\n<p><!-- AI CONTENT END 1 -->\n<\/div>\n<\/div>\n<p><script async src=\"\/\/www.instagram.com\/embed.js\"><\/script><br \/>\n<br \/><br \/>\n<br \/><a href=\"https:\/\/www.acidadeon.com\/ribeiraopreto\/politica\/camara-de-ribeirao-preto-vota-o-plano-municipal-da-educacao-veja-as-metas\/\">Source link <\/a><\/p>\n<div class='code-block code-block-4' style='margin: 8px auto 8px 0; text-align: left; display: block; clear: both;'>\n\ud83d\udce2 Aviso Legal\n\nO site ismaelcolosi.com.br atua apenas como um canal de divulga\u00e7\u00e3o de oportunidades de emprego e n\u00e3o se responsabiliza pelo processo seletivo, contrata\u00e7\u00e3o ou qualquer outra etapa relacionada \u00e0s vagas publicadas. Todas as informa\u00e7\u00f5es s\u00e3o de responsabilidade dos anunciantes.\n\n\u26a0\ufe0f Aten\u00e7\u00e3o! Nunca pague por promessas de emprego nem compre cursos que garantam contrata\u00e7\u00e3o. Desconfie de qualquer cobran\u00e7a para participar de sele\u00e7\u00f5es.\n\n\n\n<\/div>\n<!-- CONTENT END 1 -->\n","protected":false},"excerpt":{"rendered":"<p>A C\u00e2mara de Ribeir\u00e3o Preto vota nesta quinta-feira (29) o projeto de lei que cria o Plano Municipal da Educa\u00e7\u00e3o, encaminhado pelo Executivo. A proposta&#8230;<\/p>\n","protected":false},"author":1,"featured_media":39999,"comment_status":"open","ping_status":"open","sticky":false,"template":"","format":"standard","meta":{"_uag_custom_page_level_css":"","advanced_seo_description":"","jetpack_seo_html_title":"","jetpack_seo_noindex":false,"jetpack_post_was_ever_published":false,"_jetpack_newsletter_access":"","_jetpack_dont_email_post_to_subs":false,"_jetpack_newsletter_tier_id":0,"_jetpack_memberships_contains_paywalled_content":false,"_jetpack_memberships_contains_paid_content":false,"footnotes":"","jetpack_publicize_message":"","jetpack_publicize_feature_enabled":true,"jetpack_social_post_already_shared":true,"jetpack_social_options":{"image_generator_settings":{"template":"highway","default_image_id":0,"font":"","enabled":false},"version":2}},"categories":[11],"tags":[],"class_list":["post-39998","post","type-post","status-publish","format-standard","has-post-thumbnail","hentry","category-noticias-de-ribeirao-preto-sp-e-regiao-ismael-colosi"],"jetpack_publicize_connections":[],"jetpack_featured_media_url":"https:\/\/i0.wp.com\/ismaelcolosi.com.br\/wp-content\/uploads\/2024\/02\/AnyConv.com__educacao-ribeirao-preto.webp.webp?fit=1622%2C1080&ssl=1","uagb_featured_image_src":{"full":["https:\/\/i0.wp.com\/ismaelcolosi.com.br\/wp-content\/uploads\/2024\/02\/AnyConv.com__educacao-ribeirao-preto.webp.webp?fit=1622%2C1080&ssl=1",1622,1080,false],"thumbnail":["https:\/\/i0.wp.com\/ismaelcolosi.com.br\/wp-content\/uploads\/2024\/02\/AnyConv.com__educacao-ribeirao-preto.webp.webp?resize=150%2C150&ssl=1",150,150,true],"medium":["https:\/\/i0.wp.com\/ismaelcolosi.com.br\/wp-content\/uploads\/2024\/02\/AnyConv.com__educacao-ribeirao-preto.webp.webp?fit=300%2C200&ssl=1",300,200,true],"medium_large":["https:\/\/i0.wp.com\/ismaelcolosi.com.br\/wp-content\/uploads\/2024\/02\/AnyConv.com__educacao-ribeirao-preto.webp.webp?fit=768%2C511&ssl=1",768,511,true],"large":["https:\/\/i0.wp.com\/ismaelcolosi.com.br\/wp-content\/uploads\/2024\/02\/AnyConv.com__educacao-ribeirao-preto.webp.webp?fit=1024%2C682&ssl=1",1024,682,true],"1536x1536":["https:\/\/i0.wp.com\/ismaelcolosi.com.br\/wp-content\/uploads\/2024\/02\/AnyConv.com__educacao-ribeirao-preto.webp.webp?fit=1536%2C1023&ssl=1",1536,1023,true],"2048x2048":["https:\/\/i0.wp.com\/ismaelcolosi.com.br\/wp-content\/uploads\/2024\/02\/AnyConv.com__educacao-ribeirao-preto.webp.webp?fit=1622%2C1080&ssl=1",1622,1080,true],"really-simple-thumb":["https:\/\/i0.wp.com\/ismaelcolosi.com.br\/wp-content\/uploads\/2024\/02\/AnyConv.com__educacao-ribeirao-preto.webp.webp?resize=370%2C247&ssl=1",370,247,true]},"uagb_author_info":{"display_name":"ismaelcolosi.com.br","author_link":"https:\/\/ismaelcolosi.com.br\/index.php\/author\/vidareal-online\/"},"uagb_comment_info":0,"uagb_excerpt":"A C\u00e2mara de Ribeir\u00e3o Preto vota nesta quinta-feira (29) o projeto de lei que cria o Plano Municipal da Educa\u00e7\u00e3o, encaminhado pelo Executivo. A proposta...","jetpack-related-posts":[{"id":40162,"url":"https:\/\/ismaelcolosi.com.br\/index.php\/2024\/03\/01\/entenda-a-votacao-polemica-do-plano-municipal-de-educacao-de-ribeirao-preto\/","url_meta":{"origin":39998,"position":0},"title":"Entenda a vota\u00e7\u00e3o pol\u00eamica do Plano Municipal de Educa\u00e7\u00e3o de Ribeir\u00e3o Preto","author":"ismaelcolosi.com.br","date":"1 de March de 2024","format":false,"excerpt":"A C\u00e2mara de Ribeir\u00e3o Preto aprovou na noite da \u00faltima quinta-feira (29) o Plano Municipal de Educa\u00e7\u00e3o, encaminhado pelo Executivo. Os vereadores aprovaram 13 emendas, entre elas, proposta que retira pontos referentes a conte\u00fados sobre diversidade e cursos para professores sobre formas de supera\u00e7\u00e3o do preconceito sobre sexualidade. O texto\u2026","rel":"","context":"In &quot;Not\u00edcias de Ribeir\u00e3o Preto-SP e Regi\u00e3o&quot;","block_context":{"text":"Not\u00edcias de Ribeir\u00e3o Preto-SP e Regi\u00e3o","link":"https:\/\/ismaelcolosi.com.br\/index.php\/category\/noticias-de-ribeirao-preto-sp-e-regiao-ismael-colosi\/"},"img":{"alt_text":"","src":"https:\/\/i0.wp.com\/ismaelcolosi.com.br\/wp-content\/uploads\/2024\/03\/AnyConv.com__camara-ribeirao-preto.webp.webp?fit=1200%2C800&ssl=1&resize=350%2C200","width":350,"height":200,"srcset":"https:\/\/i0.wp.com\/ismaelcolosi.com.br\/wp-content\/uploads\/2024\/03\/AnyConv.com__camara-ribeirao-preto.webp.webp?fit=1200%2C800&ssl=1&resize=350%2C200 1x, https:\/\/i0.wp.com\/ismaelcolosi.com.br\/wp-content\/uploads\/2024\/03\/AnyConv.com__camara-ribeirao-preto.webp.webp?fit=1200%2C800&ssl=1&resize=525%2C300 1.5x, https:\/\/i0.wp.com\/ismaelcolosi.com.br\/wp-content\/uploads\/2024\/03\/AnyConv.com__camara-ribeirao-preto.webp.webp?fit=1200%2C800&ssl=1&resize=700%2C400 2x, https:\/\/i0.wp.com\/ismaelcolosi.com.br\/wp-content\/uploads\/2024\/03\/AnyConv.com__camara-ribeirao-preto.webp.webp?fit=1200%2C800&ssl=1&resize=1050%2C600 3x"},"classes":[]},{"id":40302,"url":"https:\/\/ismaelcolosi.com.br\/index.php\/2024\/03\/02\/vereadores-barram-ideologia-de-genero-na-educacao-municipal\/","url_meta":{"origin":39998,"position":1},"title":"Vereadores barram\u00a0ideologia de g\u00eanero\u00a0na educa\u00e7\u00e3o municipal","author":"ismaelcolosi.com.br","date":"2 de March de 2024","format":false,"excerpt":"2 de mar\u00e7o de 2024 | 10:001 de mar\u00e7o de 2024 | 19:13 0A C\u00e2mara de Ribeir\u00e3o Preto aprovou, na quinta-feira, 29 de fevereiro, projeto do Executivo que cria o Plano Municipal da Educa\u00e7\u00e3o (PME), com 13 emendas da Comiss\u00e3o de Constitui\u00e7\u00e3o, Justi\u00e7a e Reda\u00e7\u00e3o (CCJ). Quinze vereadores votaram pela\u2026","rel":"","context":"In &quot;Not\u00edcias de Ribeir\u00e3o Preto-SP e Regi\u00e3o&quot;","block_context":{"text":"Not\u00edcias de Ribeir\u00e3o Preto-SP e Regi\u00e3o","link":"https:\/\/ismaelcolosi.com.br\/index.php\/category\/noticias-de-ribeirao-preto-sp-e-regiao-ismael-colosi\/"},"img":{"alt_text":"","src":"https:\/\/i0.wp.com\/ismaelcolosi.com.br\/wp-content\/uploads\/2024\/03\/EducaPME-Thaisa-Cororado-Camara-scaled.jpg?fit=1000%2C641&ssl=1&resize=350%2C200","width":350,"height":200,"srcset":"https:\/\/i0.wp.com\/ismaelcolosi.com.br\/wp-content\/uploads\/2024\/03\/EducaPME-Thaisa-Cororado-Camara-scaled.jpg?fit=1000%2C641&ssl=1&resize=350%2C200 1x, https:\/\/i0.wp.com\/ismaelcolosi.com.br\/wp-content\/uploads\/2024\/03\/EducaPME-Thaisa-Cororado-Camara-scaled.jpg?fit=1000%2C641&ssl=1&resize=525%2C300 1.5x, https:\/\/i0.wp.com\/ismaelcolosi.com.br\/wp-content\/uploads\/2024\/03\/EducaPME-Thaisa-Cororado-Camara-scaled.jpg?fit=1000%2C641&ssl=1&resize=700%2C400 2x"},"classes":[]},{"id":43408,"url":"https:\/\/ismaelcolosi.com.br\/index.php\/2024\/03\/21\/17-anos-depois-sancionado-plano-de-educacao\/","url_meta":{"origin":39998,"position":2},"title":"17 anos depois&#8230; Sancionado Plano de Educa\u00e7\u00e3o \u00a0","author":"ismaelcolosi.com.br","date":"21 de March de 2024","format":false,"excerpt":"21 de mar\u00e7o de 2024 | 8:1520 de mar\u00e7o de 2024 | 22:37 0Com 17 anos de atraso, o prefeito Duarte Nogueira (PSDB) sancionou nesta quarta-feira, 20 de mar\u00e7o, a lei que institui o Plano Municipal de Educa\u00e7\u00e3o (PME) de Ribeir\u00e3o Preto. A solenidade ocorreu no Centro Administrativo Prefeito Jos\u00e9\u2026","rel":"","context":"In &quot;Not\u00edcias de Ribeir\u00e3o Preto-SP e Regi\u00e3o&quot;","block_context":{"text":"Not\u00edcias de Ribeir\u00e3o Preto-SP e Regi\u00e3o","link":"https:\/\/ismaelcolosi.com.br\/index.php\/category\/noticias-de-ribeirao-preto-sp-e-regiao-ismael-colosi\/"},"img":{"alt_text":"","src":"https:\/\/i0.wp.com\/ismaelcolosi.com.br\/wp-content\/uploads\/2024\/03\/EducaPME-Alfredo-Risk-scaled.jpg?fit=1000%2C550&ssl=1&resize=350%2C200","width":350,"height":200,"srcset":"https:\/\/i0.wp.com\/ismaelcolosi.com.br\/wp-content\/uploads\/2024\/03\/EducaPME-Alfredo-Risk-scaled.jpg?fit=1000%2C550&ssl=1&resize=350%2C200 1x, https:\/\/i0.wp.com\/ismaelcolosi.com.br\/wp-content\/uploads\/2024\/03\/EducaPME-Alfredo-Risk-scaled.jpg?fit=1000%2C550&ssl=1&resize=525%2C300 1.5x, https:\/\/i0.wp.com\/ismaelcolosi.com.br\/wp-content\/uploads\/2024\/03\/EducaPME-Alfredo-Risk-scaled.jpg?fit=1000%2C550&ssl=1&resize=700%2C400 2x"},"classes":[]},{"id":12058,"url":"https:\/\/ismaelcolosi.com.br\/index.php\/2023\/12\/07\/plano-municipal-de-educacao-chega-ao-legislativo\/","url_meta":{"origin":39998,"position":3},"title":"Plano Municipal de Educa\u00e7\u00e3o chega ao Legislativo","author":"ismaelcolosi.com.br","date":"7 de December de 2023","format":false,"excerpt":"Ap\u00f3s discuss\u00e3o com a sociedade, a Secretaria Municipal da Educa\u00e7\u00e3o encaminhou \u00e0 C\u00e2mara de Vereadores, na ter\u00e7a-feira, 5 de dezembro, o projeto de lei do Plano Municipal de Educa\u00e7\u00e3o de Ribeir\u00e3o Preto. Ap\u00f3s revis\u00e3o e an\u00e1lise do texto por parte dos membros do Conselho Municipal de Educa\u00e7\u00e3o, o anteprojeto de\u2026","rel":"","context":"In &quot;Not\u00edcias de Ribeir\u00e3o Preto-SP e Regi\u00e3o&quot;","block_context":{"text":"Not\u00edcias de Ribeir\u00e3o Preto-SP e Regi\u00e3o","link":"https:\/\/ismaelcolosi.com.br\/index.php\/category\/noticias-de-ribeirao-preto-sp-e-regiao-ismael-colosi\/"},"img":{"alt_text":"","src":"https:\/\/i0.wp.com\/ismaelcolosi.com.br\/wp-content\/uploads\/2023\/12\/educa.jpeg?fit=950%2C645&ssl=1&resize=350%2C200","width":350,"height":200,"srcset":"https:\/\/i0.wp.com\/ismaelcolosi.com.br\/wp-content\/uploads\/2023\/12\/educa.jpeg?fit=950%2C645&ssl=1&resize=350%2C200 1x, https:\/\/i0.wp.com\/ismaelcolosi.com.br\/wp-content\/uploads\/2023\/12\/educa.jpeg?fit=950%2C645&ssl=1&resize=525%2C300 1.5x, https:\/\/i0.wp.com\/ismaelcolosi.com.br\/wp-content\/uploads\/2023\/12\/educa.jpeg?fit=950%2C645&ssl=1&resize=700%2C400 2x"},"classes":[]},{"id":31853,"url":"https:\/\/ismaelcolosi.com.br\/index.php\/2024\/01\/23\/camara-discutira-plano-municipal-de-educacao\/","url_meta":{"origin":39998,"position":4},"title":"C\u00e2mara discutir\u00e1 Plano Municipal de Educa\u00e7\u00e3o\u00a0","author":"ismaelcolosi.com.br","date":"23 de January de 2024","format":false,"excerpt":"A C\u00e2mara de Vereadores, por meio da Comiss\u00e3o Permanente de Educa\u00e7\u00e3o, realizar\u00e1 duas audi\u00eancias p\u00fablicas para analisar e propor sugest\u00f5es ao projeto de lei da prefeitura de Ribeir\u00e3o Preto que institui o Plano Municipal de Educa\u00e7\u00e3o (PME).O projeto foi elaborado pela Secretaria Municipal de Educa\u00e7\u00e3o, com a participa\u00e7\u00e3o do Conselho\u2026","rel":"","context":"In &quot;Not\u00edcias de Ribeir\u00e3o Preto-SP e Regi\u00e3o&quot;","block_context":{"text":"Not\u00edcias de Ribeir\u00e3o Preto-SP e Regi\u00e3o","link":"https:\/\/ismaelcolosi.com.br\/index.php\/category\/noticias-de-ribeirao-preto-sp-e-regiao-ismael-colosi\/"},"img":{"alt_text":"","src":"https:\/\/i0.wp.com\/ismaelcolosi.com.br\/wp-content\/uploads\/2024\/01\/EducaPME-Guilherme-Sircili-scaled.jpg?fit=967%2C645&ssl=1&resize=350%2C200","width":350,"height":200,"srcset":"https:\/\/i0.wp.com\/ismaelcolosi.com.br\/wp-content\/uploads\/2024\/01\/EducaPME-Guilherme-Sircili-scaled.jpg?fit=967%2C645&ssl=1&resize=350%2C200 1x, https:\/\/i0.wp.com\/ismaelcolosi.com.br\/wp-content\/uploads\/2024\/01\/EducaPME-Guilherme-Sircili-scaled.jpg?fit=967%2C645&ssl=1&resize=525%2C300 1.5x, https:\/\/i0.wp.com\/ismaelcolosi.com.br\/wp-content\/uploads\/2024\/01\/EducaPME-Guilherme-Sircili-scaled.jpg?fit=967%2C645&ssl=1&resize=700%2C400 2x"},"classes":[]},{"id":37609,"url":"https:\/\/ismaelcolosi.com.br\/index.php\/2024\/02\/17\/a-educacao-basica-e-a-saga-do-plano-municipal-de-educacao-ii\/","url_meta":{"origin":39998,"position":5},"title":"A educa\u00e7\u00e3o b\u00e1sica e a saga do Plano Municipal de Educa\u00e7\u00e3o II\u00a0","author":"ismaelcolosi.com.br","date":"17 de February de 2024","format":false,"excerpt":"17 de fevereiro de 2024 | 8:1516 de fevereiro de 2024 | 15:51 0Jos\u00e9 Eugenio Ka\u00e7a * \u00a0[email\u00a0protected]\u00a0\u00a0Ap\u00f3s todos os tr\u00e2mites burrocr\u00e1ticos, o Plano Municipal de Educa\u00e7\u00e3o foi entregue em m\u00e3os ao secret\u00e1rio de governo municipal, no m\u00eas de junho de 2015. A partir desta solenidade esperava-se que o Poder\u2026","rel":"","context":"In &quot;Not\u00edcias de Ribeir\u00e3o Preto-SP e Regi\u00e3o&quot;","block_context":{"text":"Not\u00edcias de Ribeir\u00e3o Preto-SP e Regi\u00e3o","link":"https:\/\/ismaelcolosi.com.br\/index.php\/category\/noticias-de-ribeirao-preto-sp-e-regiao-ismael-colosi\/"},"img":{"alt_text":"","src":"https:\/\/i0.wp.com\/ismaelcolosi.com.br\/wp-content\/uploads\/2024\/02\/joseeugeniokaca_jose-eugenio-kaca2.jpg?fit=700%2C450&ssl=1&resize=350%2C200","width":350,"height":200,"srcset":"https:\/\/i0.wp.com\/ismaelcolosi.com.br\/wp-content\/uploads\/2024\/02\/joseeugeniokaca_jose-eugenio-kaca2.jpg?fit=700%2C450&ssl=1&resize=350%2C200 1x, https:\/\/i0.wp.com\/ismaelcolosi.com.br\/wp-content\/uploads\/2024\/02\/joseeugeniokaca_jose-eugenio-kaca2.jpg?fit=700%2C450&ssl=1&resize=525%2C300 1.5x, https:\/\/i0.wp.com\/ismaelcolosi.com.br\/wp-content\/uploads\/2024\/02\/joseeugeniokaca_jose-eugenio-kaca2.jpg?fit=700%2C450&ssl=1&resize=700%2C400 2x"},"classes":[]}],"jetpack_sharing_enabled":true,"jetpack_shortlink":"https:\/\/wp.me\/pfMlyK-ap8","_links":{"self":[{"href":"https:\/\/ismaelcolosi.com.br\/index.php\/wp-json\/wp\/v2\/posts\/39998","targetHints":{"allow":["GET"]}}],"collection":[{"href":"https:\/\/ismaelcolosi.com.br\/index.php\/wp-json\/wp\/v2\/posts"}],"about":[{"href":"https:\/\/ismaelcolosi.com.br\/index.php\/wp-json\/wp\/v2\/types\/post"}],"author":[{"embeddable":true,"href":"https:\/\/ismaelcolosi.com.br\/index.php\/wp-json\/wp\/v2\/users\/1"}],"replies":[{"embeddable":true,"href":"https:\/\/ismaelcolosi.com.br\/index.php\/wp-json\/wp\/v2\/comments?post=39998"}],"version-history":[{"count":0,"href":"https:\/\/ismaelcolosi.com.br\/index.php\/wp-json\/wp\/v2\/posts\/39998\/revisions"}],"wp:featuredmedia":[{"embeddable":true,"href":"https:\/\/ismaelcolosi.com.br\/index.php\/wp-json\/wp\/v2\/media\/39999"}],"wp:attachment":[{"href":"https:\/\/ismaelcolosi.com.br\/index.php\/wp-json\/wp\/v2\/media?parent=39998"}],"wp:term":[{"taxonomy":"category","embeddable":true,"href":"https:\/\/ismaelcolosi.com.br\/index.php\/wp-json\/wp\/v2\/categories?post=39998"},{"taxonomy":"post_tag","embeddable":true,"href":"https:\/\/ismaelcolosi.com.br\/index.php\/wp-json\/wp\/v2\/tags?post=39998"}],"curies":[{"name":"wp","href":"https:\/\/api.w.org\/{rel}","templated":true}]}}