{"id":39996,"date":"2024-02-29T13:05:25","date_gmt":"2024-02-29T16:05:25","guid":{"rendered":"https:\/\/ismaelcolosi.com.br\/index.php\/2024\/02\/29\/policia-investiga-falsos-sequestradores-na-regiao\/"},"modified":"2024-02-29T13:05:25","modified_gmt":"2024-02-29T16:05:25","slug":"policia-investiga-falsos-sequestradores-na-regiao","status":"publish","type":"post","link":"https:\/\/ismaelcolosi.com.br\/index.php\/2024\/02\/29\/policia-investiga-falsos-sequestradores-na-regiao\/","title":{"rendered":"Pol\u00edcia investiga falsos sequestradores na regi\u00e3o"},"content":{"rendered":"<p> <br \/>\n<\/p>\n<div id=\"\">\n<h2 class=\"penci-post-subtitle\">Suspeitos diziam estar com parente de v\u00edtima e exigiam joias; homem que buscava pagamento da extors\u00e3o foi preso<\/h2>\n<p> <span class=\"entry-meta-item penci-posted-on\"><i class=\"fa fa-clock-o\"\/><time class=\"entry-date published updated\" datetime=\"2024-02-29T13:04:34-03:00\">29 de fevereiro de 2024 | 13:04<\/time><\/span><\/p>\n<p> <span class=\"penci-social-buttons penci-social-share-footer\"><a href=\"#\" class=\"penci-post-like penci_post-meta_item  single-like-button penci-social-item like\" data-post_id=\"375460\" title=\"Like\" data-like=\"Like\" data-unlike=\"Unlike\"><i class=\"fa fa-thumbs-o-up\"\/><span class=\"penci-share-number\">0<\/span><\/a><i class=\"fa fa-facebook\"\/><a class=\"penci-social-item twitter\" target=\"_blank\" rel=\"noopener\" title=\"\" href=\"https:\/\/twitter.com\/intent\/tweet?text=Pol\u00edcia%20investiga%20falsos%20sequestradores%20na%20regi\u00e3o%20-%20https:\/\/www.tribunaribeirao.com.br\/site\/policia-investiga-falsos-sequestradores-na-regiao\/\"><i class=\"fa fa-twitter\"\/><\/a><i class=\"fa fa-whatsapp\"\/><\/span><\/div>\n<div>\n<p>Por: Adalberto Luque<\/p><div class='code-block code-block-8' style='margin: 8px auto; text-align: center; display: block; clear: both;'>\n<script>\n  atOptions = {\n    'key' : '66e2e2111ca34da796271819fc334058',\n    'format' : 'iframe',\n    'height' : 250,\n    'width' : 300,\n    'params' : {}\n  };\n<\/script>\n<script src=\"https:\/\/www.highperformanceformat.com\/66e2e2111ca34da796271819fc334058\/invoke.js\"><\/script>\n<\/div>\n\n<p>Um homem foi preso, na manh\u00e3 desta quinta-feira (29), suspeito de envolvimento com um grupo que praticava falsos sequestros e exigiam joias como pagamento de resgate. O homem foi preso na cidade de Sert\u00e3ozinho e trazido para a sede da Delegacia de Investiga\u00e7\u00f5es Gerais da Divis\u00e3o Especializada em Investiga\u00e7\u00f5es Criminais (DIG\/DEIC), que investiga o caso.<\/p>\n<p>Segundo o delegado Targino Donizete Os\u00f3rio, o homem preso seria o respons\u00e1vel por retirar as joias na casa das v\u00edtimas. Os policiais civis chegaram at\u00e9 ele ap\u00f3s identific\u00e1-lo em pelo menos dois casos. Com mandado de busca e apreens\u00e3o, foram at\u00e9 Sert\u00e3ozinho e, al\u00e9m de prenderem o homem, apreenderam joias e bijuterias em sua resid\u00eancia. A a\u00e7\u00e3o foi realizada em conjunto com policiais civis de Sert\u00e3ozinho.<\/p>\n<p>O grupo ligava para uma v\u00edtima informando que haviam sequestrado algum parente e que, se n\u00e3o houvesse o pagamento do resgate, iriam torturar o suposto parente ou at\u00e9 mat\u00e1-lo. Exigiam que o pagamento fosse feito em joias. O homem preso ia at\u00e9 a casa das v\u00edtimas e retirava as joias extorquidas.<\/p>\n<p>Os\u00f3rio informou que em pelo menos tr\u00eas casos ele foi identificado. Um deles ocorreu em 2023, pr\u00f3ximo ao SESI do Jardim Castelo Branco. Durante a madrugada, ligaram para a casa de uma idosa. A cuidadora atendeu e ouviu a exig\u00eancia. Pouco depois um homem foi at\u00e9 a portaria do condom\u00ednio onde a v\u00edtima mora e retirou as joias.<\/p>\n<p>Em janeiro deste ano, nova v\u00edtima em Ribeir\u00e3o Preto. Ligaram para uma mulher informando do sequestro de seu filho. A v\u00edtima da extors\u00e3o desconfiou e entregou apenas bijuterias. Nas duas a\u00e7\u00f5es, ele foi filmado por c\u00e2meras de seguran\u00e7a.<\/p>\n<p>O homem j\u00e1 havia sido preso pela Guarda Civil de Sert\u00e3ozinho em outubro, quando aguardava em uma pra\u00e7a para receber joias de outro caso de extors\u00e3o.<\/p>\n<p>Os policiais querem saber quem s\u00e3o os outros envolvidos. Al\u00e9m do interrogat\u00f3rio v\u00e3o realizar per\u00edcia no celular do suspeito, que foi apreendido, e ver se h\u00e1 mensagens ou contatos que levem aos outros integrantes do grupo que praticava extors\u00e3o. Tamb\u00e9m buscam descobrir se h\u00e1 algum receptador que ficava com as joias e identificar outras poss\u00edveis v\u00edtimas. As investiga\u00e7\u00f5es continuam.<\/p>\n<\/div>\n<p><script async src=\"\/\/platform.twitter.com\/widgets.js\" charset=\"utf-8\"><\/script><br \/>\n<br \/><br \/>\n<br \/><a href=\"https:\/\/www.tribunaribeirao.com.br\/site\/policia-investiga-falsos-sequestradores-na-regiao\/\">Source link <\/a><\/p>\n<div class='code-block code-block-4' style='margin: 8px auto 8px 0; text-align: left; display: block; clear: both;'>\n\ud83d\udce2 Aviso Legal\n\nO site ismaelcolosi.com.br atua apenas como um canal de divulga\u00e7\u00e3o de oportunidades de emprego e n\u00e3o se responsabiliza pelo processo seletivo, contrata\u00e7\u00e3o ou qualquer outra etapa relacionada \u00e0s vagas publicadas. Todas as informa\u00e7\u00f5es s\u00e3o de responsabilidade dos anunciantes.\n\n\u26a0\ufe0f Aten\u00e7\u00e3o! Nunca pague por promessas de emprego nem compre cursos que garantam contrata\u00e7\u00e3o. Desconfie de qualquer cobran\u00e7a para participar de sele\u00e7\u00f5es.\n\n\n\n<\/div>\n<!-- CONTENT END 1 -->\n","protected":false},"excerpt":{"rendered":"<p>Suspeitos diziam estar com parente de v\u00edtima e exigiam joias; homem que buscava pagamento da extors\u00e3o foi preso 29 de fevereiro de 2024 | 13:04&#8230;<\/p>\n","protected":false},"author":1,"featured_media":39997,"comment_status":"open","ping_status":"open","sticky":false,"template":"","format":"standard","meta":{"_uag_custom_page_level_css":"","advanced_seo_description":"","jetpack_seo_html_title":"","jetpack_seo_noindex":false,"jetpack_post_was_ever_published":false,"_jetpack_newsletter_access":"","_jetpack_dont_email_post_to_subs":false,"_jetpack_newsletter_tier_id":0,"_jetpack_memberships_contains_paywalled_content":false,"_jetpack_memberships_contains_paid_content":false,"footnotes":"","jetpack_publicize_message":"","jetpack_publicize_feature_enabled":true,"jetpack_social_post_already_shared":true,"jetpack_social_options":{"image_generator_settings":{"template":"highway","default_image_id":0,"font":"","enabled":false},"version":2}},"categories":[11],"tags":[2177,1231,20,277,2319],"class_list":["post-39996","post","type-post","status-publish","format-standard","has-post-thumbnail","hentry","category-noticias-de-ribeirao-preto-sp-e-regiao-ismael-colosi","tag-falsos","tag-investiga","tag-policia","tag-regiao","tag-sequestradores"],"jetpack_publicize_connections":[],"jetpack_featured_media_url":"https:\/\/i0.wp.com\/ismaelcolosi.com.br\/wp-content\/uploads\/2024\/02\/Policia-Civil-foto-divulgacao-scaled.jpg?fit=1000%2C538&ssl=1","uagb_featured_image_src":{"full":["https:\/\/i0.wp.com\/ismaelcolosi.com.br\/wp-content\/uploads\/2024\/02\/Policia-Civil-foto-divulgacao-scaled.jpg?fit=1000%2C538&ssl=1",1000,538,false],"thumbnail":["https:\/\/i0.wp.com\/ismaelcolosi.com.br\/wp-content\/uploads\/2024\/02\/Policia-Civil-foto-divulgacao-scaled.jpg?resize=150%2C150&ssl=1",150,150,true],"medium":["https:\/\/i0.wp.com\/ismaelcolosi.com.br\/wp-content\/uploads\/2024\/02\/Policia-Civil-foto-divulgacao-scaled.jpg?fit=300%2C161&ssl=1",300,161,true],"medium_large":["https:\/\/i0.wp.com\/ismaelcolosi.com.br\/wp-content\/uploads\/2024\/02\/Policia-Civil-foto-divulgacao-scaled.jpg?fit=768%2C413&ssl=1",768,413,true],"large":["https:\/\/i0.wp.com\/ismaelcolosi.com.br\/wp-content\/uploads\/2024\/02\/Policia-Civil-foto-divulgacao-scaled.jpg?fit=1000%2C538&ssl=1",1000,538,true],"1536x1536":["https:\/\/i0.wp.com\/ismaelcolosi.com.br\/wp-content\/uploads\/2024\/02\/Policia-Civil-foto-divulgacao-scaled.jpg?fit=1000%2C538&ssl=1",1000,538,true],"2048x2048":["https:\/\/i0.wp.com\/ismaelcolosi.com.br\/wp-content\/uploads\/2024\/02\/Policia-Civil-foto-divulgacao-scaled.jpg?fit=1000%2C538&ssl=1",1000,538,true],"really-simple-thumb":["https:\/\/i0.wp.com\/ismaelcolosi.com.br\/wp-content\/uploads\/2024\/02\/Policia-Civil-foto-divulgacao-scaled.jpg?resize=370%2C247&ssl=1",370,247,true]},"uagb_author_info":{"display_name":"ismaelcolosi.com.br","author_link":"https:\/\/ismaelcolosi.com.br\/index.php\/author\/vidareal-online\/"},"uagb_comment_info":0,"uagb_excerpt":"Suspeitos diziam estar com parente de v\u00edtima e exigiam joias; homem que buscava pagamento da extors\u00e3o foi preso 29 de fevereiro de 2024 | 13:04...","jetpack-related-posts":[{"id":17159,"url":"https:\/\/ismaelcolosi.com.br\/index.php\/2023\/12\/17\/sequestradores-de-musico-na-regiao-de-ribeirao-sao-condenados-um-dos-suspeitos-foi-morto\/","url_meta":{"origin":39996,"position":0},"title":"Sequestradores de m\u00fasico na regi\u00e3o de Ribeir\u00e3o s\u00e3o condenados; Um dos suspeitos foi morto","author":"ismaelcolosi.com.br","date":"17 de December de 2023","format":false,"excerpt":"Foram condenados os quatro homens acusados de sequestrarem um m\u00fasico, de 33 anos, em outubro do ano passado, em S\u00e3o Sim\u00e3o, cidade a cerca de 50 quil\u00f4metros de Ribeir\u00e3o Preto. Na \u00e9poca, cinco pessoas participaram do crime, contudo, um dos suspeitos de participa\u00e7\u00e3o foi morto a tiros em confronto com\u2026","rel":"","context":"In &quot;Not\u00edcias de Ribeir\u00e3o Preto-SP e Regi\u00e3o&quot;","block_context":{"text":"Not\u00edcias de Ribeir\u00e3o Preto-SP e Regi\u00e3o","link":"https:\/\/ismaelcolosi.com.br\/index.php\/category\/noticias-de-ribeirao-preto-sp-e-regiao-ismael-colosi\/"},"img":{"alt_text":"","src":"https:\/\/ismaelcolosi.com.br\/wp-content\/uploads\/2023\/12\/whatsapp_image_2022-10-23_at_15_33_49.jpe","width":350,"height":200,"srcset":"https:\/\/ismaelcolosi.com.br\/wp-content\/uploads\/2023\/12\/whatsapp_image_2022-10-23_at_15_33_49.jpe 1x, https:\/\/ismaelcolosi.com.br\/wp-content\/uploads\/2023\/12\/whatsapp_image_2022-10-23_at_15_33_49.jpe 1.5x, https:\/\/ismaelcolosi.com.br\/wp-content\/uploads\/2023\/12\/whatsapp_image_2022-10-23_at_15_33_49.jpe 2x, https:\/\/ismaelcolosi.com.br\/wp-content\/uploads\/2023\/12\/whatsapp_image_2022-10-23_at_15_33_49.jpe 3x"},"classes":[]},{"id":17725,"url":"https:\/\/ismaelcolosi.com.br\/index.php\/2023\/12\/19\/sequestradores-libertam-marcelinho-carioca\/","url_meta":{"origin":39996,"position":1},"title":"Sequestradores libertam Marcelinho Carioca &#8211; Jornal Tribuna Ribeir\u00e3o","author":"ismaelcolosi.com.br","date":"19 de December de 2023","format":false,"excerpt":"18 de dezembro de 2023 | 15:0218 de dezembro de 2023 | 16:22 0Marcelinho Carioca chegou \u00e0 delegacia de Itaquaquecetuba (SP) por volta das 14h30 desta segunda-feira. Ele foi solto pelos criminosos e chegou com o rosto coberto com uma toalha, acompanhado de uma mulher.O ex-jogador de futebol estava desaparecido\u2026","rel":"","context":"In &quot;Not\u00edcias de Ribeir\u00e3o Preto-SP e Regi\u00e3o&quot;","block_context":{"text":"Not\u00edcias de Ribeir\u00e3o Preto-SP e Regi\u00e3o","link":"https:\/\/ismaelcolosi.com.br\/index.php\/category\/noticias-de-ribeirao-preto-sp-e-regiao-ismael-colosi\/"},"img":{"alt_text":"","src":"https:\/\/i0.wp.com\/ismaelcolosi.com.br\/wp-content\/uploads\/2023\/12\/marcelinho-carioca-sequestrado-1-scaled.jpeg?fit=1000%2C500&ssl=1&resize=350%2C200","width":350,"height":200,"srcset":"https:\/\/i0.wp.com\/ismaelcolosi.com.br\/wp-content\/uploads\/2023\/12\/marcelinho-carioca-sequestrado-1-scaled.jpeg?fit=1000%2C500&ssl=1&resize=350%2C200 1x, https:\/\/i0.wp.com\/ismaelcolosi.com.br\/wp-content\/uploads\/2023\/12\/marcelinho-carioca-sequestrado-1-scaled.jpeg?fit=1000%2C500&ssl=1&resize=525%2C300 1.5x, https:\/\/i0.wp.com\/ismaelcolosi.com.br\/wp-content\/uploads\/2023\/12\/marcelinho-carioca-sequestrado-1-scaled.jpeg?fit=1000%2C500&ssl=1&resize=700%2C400 2x"},"classes":[]},{"id":17501,"url":"https:\/\/ismaelcolosi.com.br\/index.php\/2023\/12\/18\/familia-ja-teria-pagado-resgate-de-alto-valor-mas-sequestradores-exigem-muito-mais\/","url_meta":{"origin":39996,"position":2},"title":"Fam\u00edlia j\u00e1 teria pagado resgate de alto valor, mas sequestradores exigem muito mais","author":"ismaelcolosi.com.br","date":"18 de December de 2023","format":false,"excerpt":"Neste domingo, dia 17 de dezembro, diversos canais de comunica\u00e7\u00e3o divulgaram sobre o sequestro do ex-jogador Marcelinho Carioca. E conforme relatos inicias, a fam\u00edlia j\u00e1 teria acionado a pol\u00edcia que confirmou o sequestro.Desde que o ex-atleta foi sequestrado, os criminosos est\u00e3o o mantendo em c\u00e1rcere privado. Al\u00e9m disso, o seu\u2026","rel":"","context":"In &quot;Blog&quot;","block_context":{"text":"Blog","link":"https:\/\/ismaelcolosi.com.br\/index.php\/category\/blog\/"},"img":{"alt_text":"","src":"https:\/\/i0.wp.com\/ismaelcolosi.com.br\/wp-content\/uploads\/2023\/12\/postimg-65807e5ea2f3a4088.jpg?fit=1200%2C628&ssl=1&resize=350%2C200","width":350,"height":200,"srcset":"https:\/\/i0.wp.com\/ismaelcolosi.com.br\/wp-content\/uploads\/2023\/12\/postimg-65807e5ea2f3a4088.jpg?fit=1200%2C628&ssl=1&resize=350%2C200 1x, https:\/\/i0.wp.com\/ismaelcolosi.com.br\/wp-content\/uploads\/2023\/12\/postimg-65807e5ea2f3a4088.jpg?fit=1200%2C628&ssl=1&resize=525%2C300 1.5x, https:\/\/i0.wp.com\/ismaelcolosi.com.br\/wp-content\/uploads\/2023\/12\/postimg-65807e5ea2f3a4088.jpg?fit=1200%2C628&ssl=1&resize=700%2C400 2x, https:\/\/i0.wp.com\/ismaelcolosi.com.br\/wp-content\/uploads\/2023\/12\/postimg-65807e5ea2f3a4088.jpg?fit=1200%2C628&ssl=1&resize=1050%2C600 3x"},"classes":[]},{"id":80225,"url":"https:\/\/ismaelcolosi.com.br\/index.php\/2024\/12\/21\/policia-investiga-morte-de-bebe-durante-confraternizacao-na-regiao-de-ribeirao\/","url_meta":{"origin":39996,"position":3},"title":"Pol\u00edcia investiga morte de beb\u00ea durante confraterniza\u00e7\u00e3o na regi\u00e3o de Ribeir\u00e3o","author":"ismaelcolosi.com.br","date":"21 de December de 2024","format":false,"excerpt":"A Pol\u00edcia Civil investiga a morte de uma beb\u00ea de seis meses durante uma confraterniza\u00e7\u00e3o em Sert\u00e3ozinho, cidade na regi\u00e3o de Ribeir\u00e3o Preto, na manh\u00e3 deste s\u00e1bado (21). Os pais foram detidos e o caso foi registrado como homic\u00eddio culposo, quando n\u00e3o h\u00e1 inten\u00e7\u00e3o de matar. De acordo com o\u2026","rel":"","context":"In &quot;Not\u00edcias de Ribeir\u00e3o Preto-SP e Regi\u00e3o&quot;","block_context":{"text":"Not\u00edcias de Ribeir\u00e3o Preto-SP e Regi\u00e3o","link":"https:\/\/ismaelcolosi.com.br\/index.php\/category\/noticias-de-ribeirao-preto-sp-e-regiao-ismael-colosi\/"},"img":{"alt_text":"","src":"https:\/\/i0.wp.com\/ismaelcolosi.com.br\/wp-content\/uploads\/2024\/12\/giroflex_policia_1024x576_23032020103807.jpg?fit=1024%2C576&ssl=1&resize=350%2C200","width":350,"height":200,"srcset":"https:\/\/i0.wp.com\/ismaelcolosi.com.br\/wp-content\/uploads\/2024\/12\/giroflex_policia_1024x576_23032020103807.jpg?fit=1024%2C576&ssl=1&resize=350%2C200 1x, https:\/\/i0.wp.com\/ismaelcolosi.com.br\/wp-content\/uploads\/2024\/12\/giroflex_policia_1024x576_23032020103807.jpg?fit=1024%2C576&ssl=1&resize=525%2C300 1.5x, https:\/\/i0.wp.com\/ismaelcolosi.com.br\/wp-content\/uploads\/2024\/12\/giroflex_policia_1024x576_23032020103807.jpg?fit=1024%2C576&ssl=1&resize=700%2C400 2x"},"classes":[]},{"id":53094,"url":"https:\/\/ismaelcolosi.com.br\/index.php\/2024\/06\/13\/policia-investiga-morte-de-idosa-encontrada-em-piscina-na-casa-da-filha-na-regiao-de-ribeirao\/","url_meta":{"origin":39996,"position":4},"title":"Pol\u00edcia investiga morte de idosa encontrada em piscina na casa da filha na regi\u00e3o de Ribeir\u00e3o","author":"ismaelcolosi.com.br","date":"13 de June de 2024","format":false,"excerpt":"A Pol\u00edcia Civil investiga a morte de uma mulher de 90 anos, encontrada na noite desta quinta-feira (12) na piscina da casa da filha em um condom\u00ednio de Franca, cidade a aproximadamente 80 quil\u00f4metros de Ribeir\u00e3o Preto. Segundo o boletim de ocorr\u00eancia (BO), os familiares informaram que a idosa havia\u2026","rel":"","context":"In &quot;Not\u00edcias de Ribeir\u00e3o Preto-SP e Regi\u00e3o&quot;","block_context":{"text":"Not\u00edcias de Ribeir\u00e3o Preto-SP e Regi\u00e3o","link":"https:\/\/ismaelcolosi.com.br\/index.php\/category\/noticias-de-ribeirao-preto-sp-e-regiao-ismael-colosi\/"},"img":{"alt_text":"","src":"https:\/\/i0.wp.com\/ismaelcolosi.com.br\/wp-content\/uploads\/2024\/06\/pool-3105769_1920.jpg?fit=1200%2C799&ssl=1&resize=350%2C200","width":350,"height":200,"srcset":"https:\/\/i0.wp.com\/ismaelcolosi.com.br\/wp-content\/uploads\/2024\/06\/pool-3105769_1920.jpg?fit=1200%2C799&ssl=1&resize=350%2C200 1x, https:\/\/i0.wp.com\/ismaelcolosi.com.br\/wp-content\/uploads\/2024\/06\/pool-3105769_1920.jpg?fit=1200%2C799&ssl=1&resize=525%2C300 1.5x, https:\/\/i0.wp.com\/ismaelcolosi.com.br\/wp-content\/uploads\/2024\/06\/pool-3105769_1920.jpg?fit=1200%2C799&ssl=1&resize=700%2C400 2x, https:\/\/i0.wp.com\/ismaelcolosi.com.br\/wp-content\/uploads\/2024\/06\/pool-3105769_1920.jpg?fit=1200%2C799&ssl=1&resize=1050%2C600 3x"},"classes":[]},{"id":52854,"url":"https:\/\/ismaelcolosi.com.br\/index.php\/2024\/06\/11\/policia-investiga-estupro-de-adolescente-a-caminho-de-escola-na-regiao-de-ribeirao-preto\/","url_meta":{"origin":39996,"position":5},"title":"Pol\u00edcia investiga estupro de adolescente a caminho de escola na regi\u00e3o de Ribeir\u00e3o Preto","author":"ismaelcolosi.com.br","date":"11 de June de 2024","format":false,"excerpt":"A Pol\u00edcia Civil investiga o estupro de uma adolescente de 16 anos no in\u00edcio da manh\u00e3 desta segunda-feira (10), quando seguia para escola em Luis Ant\u00f4nio, cidade a aproximadamente 50 quil\u00f4metros de Ribeir\u00e3o Preto. Segundo o boletim de ocorr\u00eancia (BO), a v\u00edtima relatou que um homem aparentemente com 25 anos\u2026","rel":"","context":"In &quot;Not\u00edcias de Ribeir\u00e3o Preto-SP e Regi\u00e3o&quot;","block_context":{"text":"Not\u00edcias de Ribeir\u00e3o Preto-SP e Regi\u00e3o","link":"https:\/\/ismaelcolosi.com.br\/index.php\/category\/noticias-de-ribeirao-preto-sp-e-regiao-ismael-colosi\/"},"img":{"alt_text":"","src":"https:\/\/i0.wp.com\/ismaelcolosi.com.br\/wp-content\/uploads\/2024\/06\/53408978572_b00e8879d4_k.jpg?fit=1200%2C800&ssl=1&resize=350%2C200","width":350,"height":200,"srcset":"https:\/\/i0.wp.com\/ismaelcolosi.com.br\/wp-content\/uploads\/2024\/06\/53408978572_b00e8879d4_k.jpg?fit=1200%2C800&ssl=1&resize=350%2C200 1x, https:\/\/i0.wp.com\/ismaelcolosi.com.br\/wp-content\/uploads\/2024\/06\/53408978572_b00e8879d4_k.jpg?fit=1200%2C800&ssl=1&resize=525%2C300 1.5x, https:\/\/i0.wp.com\/ismaelcolosi.com.br\/wp-content\/uploads\/2024\/06\/53408978572_b00e8879d4_k.jpg?fit=1200%2C800&ssl=1&resize=700%2C400 2x, https:\/\/i0.wp.com\/ismaelcolosi.com.br\/wp-content\/uploads\/2024\/06\/53408978572_b00e8879d4_k.jpg?fit=1200%2C800&ssl=1&resize=1050%2C600 3x"},"classes":[]}],"jetpack_sharing_enabled":true,"jetpack_shortlink":"https:\/\/wp.me\/pfMlyK-ap6","_links":{"self":[{"href":"https:\/\/ismaelcolosi.com.br\/index.php\/wp-json\/wp\/v2\/posts\/39996","targetHints":{"allow":["GET"]}}],"collection":[{"href":"https:\/\/ismaelcolosi.com.br\/index.php\/wp-json\/wp\/v2\/posts"}],"about":[{"href":"https:\/\/ismaelcolosi.com.br\/index.php\/wp-json\/wp\/v2\/types\/post"}],"author":[{"embeddable":true,"href":"https:\/\/ismaelcolosi.com.br\/index.php\/wp-json\/wp\/v2\/users\/1"}],"replies":[{"embeddable":true,"href":"https:\/\/ismaelcolosi.com.br\/index.php\/wp-json\/wp\/v2\/comments?post=39996"}],"version-history":[{"count":0,"href":"https:\/\/ismaelcolosi.com.br\/index.php\/wp-json\/wp\/v2\/posts\/39996\/revisions"}],"wp:featuredmedia":[{"embeddable":true,"href":"https:\/\/ismaelcolosi.com.br\/index.php\/wp-json\/wp\/v2\/media\/39997"}],"wp:attachment":[{"href":"https:\/\/ismaelcolosi.com.br\/index.php\/wp-json\/wp\/v2\/media?parent=39996"}],"wp:term":[{"taxonomy":"category","embeddable":true,"href":"https:\/\/ismaelcolosi.com.br\/index.php\/wp-json\/wp\/v2\/categories?post=39996"},{"taxonomy":"post_tag","embeddable":true,"href":"https:\/\/ismaelcolosi.com.br\/index.php\/wp-json\/wp\/v2\/tags?post=39996"}],"curies":[{"name":"wp","href":"https:\/\/api.w.org\/{rel}","templated":true}]}}