{"id":39825,"date":"2024-02-28T15:32:48","date_gmt":"2024-02-28T18:32:48","guid":{"rendered":"https:\/\/ismaelcolosi.com.br\/index.php\/2024\/02\/28\/veja-quem-podera-comprar-imoveis-populares-construidos-em-ribeirao\/"},"modified":"2024-02-28T15:32:48","modified_gmt":"2024-02-28T18:32:48","slug":"veja-quem-podera-comprar-imoveis-populares-construidos-em-ribeirao","status":"publish","type":"post","link":"https:\/\/ismaelcolosi.com.br\/index.php\/2024\/02\/28\/veja-quem-podera-comprar-imoveis-populares-construidos-em-ribeirao\/","title":{"rendered":"Veja quem poder\u00e1 comprar im\u00f3veis populares constru\u00eddos em Ribeir\u00e3o"},"content":{"rendered":"<p> <br \/>\n<\/p>\n<div>\n<p>Acontece nesta sexta-feira (1\u00ba de mar\u00e7o) uma licita\u00e7\u00e3o para escolher as empresas interessadas na constru\u00e7\u00e3o de <mark style=\"background-color:#fcb900\" class=\"has-inline-color has-black-color\">441 im\u00f3veis populares em <strong>Ribeir\u00e3o Preto<\/strong><\/mark>. Ap\u00f3s a constru\u00e7\u00e3o dos empreendimentos, poder\u00e3o comprar os im\u00f3veis pessoas que se encaixam na<strong> faixa 1 <\/strong>do programa <strong>Minha Casa, Minha Vida<\/strong>, do <strong>Governo Federal<\/strong>.<\/p>\n<p><mark style=\"background-color:#fcb900\" class=\"has-inline-color has-black-color\">Na faixa 1 est\u00e3o as pessoas que t\u00eam renda mensal bruta de at\u00e9 R$ 2.640. <\/mark>Os im\u00f3veis ter\u00e3o valor m\u00e1ximo de R$ 154 mil, caso sejam apartamentos, e R$ 141 mil, caso sejam casas.<\/p><div class='code-block code-block-8' style='margin: 8px auto; text-align: center; display: block; clear: both;'>\n<script>\n  atOptions = {\n    'key' : '66e2e2111ca34da796271819fc334058',\n    'format' : 'iframe',\n    'height' : 250,\n    'width' : 300,\n    'params' : {}\n  };\n<\/script>\n<script src=\"https:\/\/www.highperformanceformat.com\/66e2e2111ca34da796271819fc334058\/invoke.js\"><\/script>\n<\/div>\n\n<p>De acordo com o Governo Federal, as unidades habitacionais precisam ter, no m\u00ednimo, a \u00e1rea \u00fatil de 40 metros quadrados, no caso de casas, e 41,50 metros quadrados, se o im\u00f3vel for um apartamento.<\/p>\n<h4 class=\"wp-block-heading\"><strong>Financiamento<\/strong><\/h4>\n<p>De acordo com a Caixa Econ\u00f4mica Federal, a aquisi\u00e7\u00e3o de novos im\u00f3veis, no programa, ocorre por meio de concess\u00e3o de financiamento, em 60 meses, sob a forma de parcelamento, sem juros, com parcelas m\u00ednimas de R$ 80.<\/p>\n<p>Os benefici\u00e1rios que recebem o <mark style=\"background-color:#fcb900\" class=\"has-inline-color has-black-color\"><strong>Bolsa Fam\u00edlia<\/strong> ou <strong>BPC (Benef\u00edcio de Presta\u00e7\u00e3o Continuada) <\/strong>s\u00e3o isentos do pagamento de presta\u00e7\u00e3o e recebem o im\u00f3vel j\u00e1 quitado<\/mark>, devendo, entretanto, cumprir as obriga\u00e7\u00f5es contratuais.<\/p>\n<h4 class=\"wp-block-heading\"><strong>Localiza\u00e7\u00e3o<\/strong><\/h4>\n<p>As unidades habitacionais ser\u00e3o constru\u00eddas no Jardim Ant\u00f4nio Palocci, na zona Leste, e no Jardim Eug\u00eanio Mendes Lopes, na zona Oeste.<\/p>\n<p>Dos tr\u00eas terrenos que devem ser disponibilizados, dois ficam no Jardim Ant\u00f4nio Palocci, nas ruas Francisco Izidoro da Silva (169 unidades) e Jos\u00e9 Pereira dos Santos (121 unidades). O terceiro im\u00f3vel fica rua Professor Andr\u00e9 Ricciardi (151 unidades), no Jardim Eug\u00eanio Mendes Lopes.<\/p>\n<p>SAIBA MAIS<br \/>Expoflora no interior de SP inicia venda de ingressos; Confira<\/p>\n<h4 class=\"wp-block-heading\"><strong>FIQUE ON<\/strong><\/h4>\n<p>Fique ligado em tudo que acontece em Ribeir\u00e3o Preto e regi\u00e3o. Siga os perfis do <strong>acidade on<\/strong> no <a href=\"https:\/\/www.instagram.com\/acidadeonribeirao\" target=\"_blank\" rel=\"noreferrer noopener nofollow\">Instagram <\/a>e no <a href=\"https:\/\/www.facebook.com\/acidadeonribeirao\" target=\"_blank\" rel=\"noreferrer noopener nofollow\">Facebook<\/a>.<\/p>\n<p>Receba not\u00edcias do <strong>acidade on <\/strong>no WhatsApp. <a href=\"https:\/\/chat.whatsapp.com\/Bnv2w66ZT4VDyZW3oiZ69n\" target=\"_blank\" rel=\"noreferrer noopener nofollow\">Para entrar no grupo, basta clicar aqui.<\/a><\/p>\n<p>Fa\u00e7a uma den\u00fancia ou sugira uma reportagem sobre Ribeir\u00e3o Preto e regi\u00e3o pelo WhatsApp: 16 99117 7802.<\/p>\n<p>VEJA TAMB\u00c9M<br \/>Por que Yasmin Brunet levou puni\u00e7\u00e3o grav\u00edssima no BBB 24?<\/p>\n<p><!-- AI CONTENT END 1 -->\n<\/div>\n<p><script async src=\"\/\/www.instagram.com\/embed.js\"><\/script><br \/>\n<br \/><br \/>\n<br \/><a href=\"https:\/\/www.acidadeon.com\/ribeiraopreto\/politica\/veja-quem-podera-comprar-imoveis-populares-construidos-em-ribeirao\/\">Source link <\/a><\/p>\n<div class='code-block code-block-4' style='margin: 8px auto 8px 0; text-align: left; display: block; clear: both;'>\n\ud83d\udce2 Aviso Legal\n\nO site ismaelcolosi.com.br atua apenas como um canal de divulga\u00e7\u00e3o de oportunidades de emprego e n\u00e3o se responsabiliza pelo processo seletivo, contrata\u00e7\u00e3o ou qualquer outra etapa relacionada \u00e0s vagas publicadas. Todas as informa\u00e7\u00f5es s\u00e3o de responsabilidade dos anunciantes.\n\n\u26a0\ufe0f Aten\u00e7\u00e3o! Nunca pague por promessas de emprego nem compre cursos que garantam contrata\u00e7\u00e3o. Desconfie de qualquer cobran\u00e7a para participar de sele\u00e7\u00f5es.\n\n\n\n<\/div>\n<!-- CONTENT END 1 -->\n","protected":false},"excerpt":{"rendered":"<p>Acontece nesta sexta-feira (1\u00ba de mar\u00e7o) uma licita\u00e7\u00e3o para escolher as empresas interessadas na constru\u00e7\u00e3o de 441 im\u00f3veis populares em Ribeir\u00e3o Preto. Ap\u00f3s a constru\u00e7\u00e3o&#8230;<\/p>\n","protected":false},"author":1,"featured_media":39826,"comment_status":"open","ping_status":"open","sticky":false,"template":"","format":"standard","meta":{"_uag_custom_page_level_css":"","advanced_seo_description":"","jetpack_seo_html_title":"","jetpack_seo_noindex":false,"jetpack_post_was_ever_published":false,"_jetpack_newsletter_access":"","_jetpack_dont_email_post_to_subs":false,"_jetpack_newsletter_tier_id":0,"_jetpack_memberships_contains_paywalled_content":false,"_jetpack_memberships_contains_paid_content":false,"footnotes":"","jetpack_publicize_message":"","jetpack_publicize_feature_enabled":true,"jetpack_social_post_already_shared":true,"jetpack_social_options":{"image_generator_settings":{"template":"highway","default_image_id":0,"font":"","enabled":false},"version":2}},"categories":[11],"tags":[],"class_list":["post-39825","post","type-post","status-publish","format-standard","has-post-thumbnail","hentry","category-noticias-de-ribeirao-preto-sp-e-regiao-ismael-colosi"],"jetpack_publicize_connections":[],"jetpack_featured_media_url":"https:\/\/i0.wp.com\/ismaelcolosi.com.br\/wp-content\/uploads\/2024\/02\/1709145172_minha-casa-minha-vida.jpeg?fit=768%2C441&ssl=1","uagb_featured_image_src":{"full":["https:\/\/i0.wp.com\/ismaelcolosi.com.br\/wp-content\/uploads\/2024\/02\/1709145172_minha-casa-minha-vida.jpeg?fit=768%2C441&ssl=1",768,441,false],"thumbnail":["https:\/\/i0.wp.com\/ismaelcolosi.com.br\/wp-content\/uploads\/2024\/02\/1709145172_minha-casa-minha-vida.jpeg?resize=150%2C150&ssl=1",150,150,true],"medium":["https:\/\/i0.wp.com\/ismaelcolosi.com.br\/wp-content\/uploads\/2024\/02\/1709145172_minha-casa-minha-vida.jpeg?fit=300%2C172&ssl=1",300,172,true],"medium_large":["https:\/\/i0.wp.com\/ismaelcolosi.com.br\/wp-content\/uploads\/2024\/02\/1709145172_minha-casa-minha-vida.jpeg?fit=768%2C441&ssl=1",768,441,true],"large":["https:\/\/i0.wp.com\/ismaelcolosi.com.br\/wp-content\/uploads\/2024\/02\/1709145172_minha-casa-minha-vida.jpeg?fit=768%2C441&ssl=1",768,441,true],"1536x1536":["https:\/\/i0.wp.com\/ismaelcolosi.com.br\/wp-content\/uploads\/2024\/02\/1709145172_minha-casa-minha-vida.jpeg?fit=768%2C441&ssl=1",768,441,true],"2048x2048":["https:\/\/i0.wp.com\/ismaelcolosi.com.br\/wp-content\/uploads\/2024\/02\/1709145172_minha-casa-minha-vida.jpeg?fit=768%2C441&ssl=1",768,441,true],"really-simple-thumb":["https:\/\/i0.wp.com\/ismaelcolosi.com.br\/wp-content\/uploads\/2024\/02\/1709145172_minha-casa-minha-vida.jpeg?resize=370%2C247&ssl=1",370,247,true]},"uagb_author_info":{"display_name":"ismaelcolosi.com.br","author_link":"https:\/\/ismaelcolosi.com.br\/index.php\/author\/vidareal-online\/"},"uagb_comment_info":0,"uagb_excerpt":"Acontece nesta sexta-feira (1\u00ba de mar\u00e7o) uma licita\u00e7\u00e3o para escolher as empresas interessadas na constru\u00e7\u00e3o de 441 im\u00f3veis populares em Ribeir\u00e3o Preto. Ap\u00f3s a constru\u00e7\u00e3o...","jetpack-related-posts":[{"id":72731,"url":"https:\/\/ismaelcolosi.com.br\/index.php\/2024\/10\/23\/441-imoveis-populares-em-ribeirao-preto-faca-sua-inscricao\/","url_meta":{"origin":39825,"position":0},"title":"441 casas populares em Ribeir\u00e3o Preto, fa\u00e7a sua inscri\u00e7\u00e3o agora","author":"ismaelcolosi.com.br","date":"23 de October de 2024","format":false,"excerpt":"\ud83c\udfe1 441 Casas Populares em Ribeir\u00e3o Preto \u2013 Inscreva-se J\u00e1! A Prefeitura de Ribeir\u00e3o Preto est\u00e1 lan\u00e7ando uma oportunidade \u00fanica para fam\u00edlias que sonham em ter a casa pr\u00f3pria. Ser\u00e3o disponibilizadas 441 unidades de habita\u00e7\u00e3o popular, pensadas para oferecer moradia digna e qualidade de vida a quem mais precisa. Esse\u2026","rel":"","context":"In &quot;Blog&quot;","block_context":{"text":"Blog","link":"https:\/\/ismaelcolosi.com.br\/index.php\/category\/blog\/"},"img":{"alt_text":"","src":"https:\/\/i0.wp.com\/ismaelcolosi.com.br\/wp-content\/uploads\/2024\/04\/1712782302_casa-popular.jpg?fit=1160%2C694&ssl=1&resize=350%2C200","width":350,"height":200,"srcset":"https:\/\/i0.wp.com\/ismaelcolosi.com.br\/wp-content\/uploads\/2024\/04\/1712782302_casa-popular.jpg?fit=1160%2C694&ssl=1&resize=350%2C200 1x, https:\/\/i0.wp.com\/ismaelcolosi.com.br\/wp-content\/uploads\/2024\/04\/1712782302_casa-popular.jpg?fit=1160%2C694&ssl=1&resize=525%2C300 1.5x, https:\/\/i0.wp.com\/ismaelcolosi.com.br\/wp-content\/uploads\/2024\/04\/1712782302_casa-popular.jpg?fit=1160%2C694&ssl=1&resize=700%2C400 2x, https:\/\/i0.wp.com\/ismaelcolosi.com.br\/wp-content\/uploads\/2024\/04\/1712782302_casa-popular.jpg?fit=1160%2C694&ssl=1&resize=1050%2C600 3x"},"classes":[]},{"id":44084,"url":"https:\/\/ismaelcolosi.com.br\/index.php\/2024\/03\/25\/definida-empresa-responsavel-pela-construcao-de-441-imoveis-populares-em-rp\/","url_meta":{"origin":39825,"position":1},"title":"Definida empresa respons\u00e1vel pela constru\u00e7\u00e3o de 441 im\u00f3veis populares em RP","author":"ismaelcolosi.com.br","date":"25 de March de 2024","format":false,"excerpt":"25 de mar\u00e7o de 2024 | 17:0025 de mar\u00e7o de 2024 | 13:02 0 A Prefeitura de Ribeir\u00e3o Preto definiu a empresa respons\u00e1vel pela constru\u00e7\u00e3o de 441 unidades habitacionais populares, por meio do programa Minha Casa, Minha Vida, do Governo Federal. O projeto dever\u00e1 ser desenvolvido pela BRNPAR Empreendimentos Imobili\u00e1rios\u2026","rel":"","context":"In &quot;Not\u00edcias de Ribeir\u00e3o Preto-SP e Regi\u00e3o&quot;","block_context":{"text":"Not\u00edcias de Ribeir\u00e3o Preto-SP e Regi\u00e3o","link":"https:\/\/ismaelcolosi.com.br\/index.php\/category\/noticias-de-ribeirao-preto-sp-e-regiao-ismael-colosi\/"},"img":{"alt_text":"","src":"https:\/\/i0.wp.com\/ismaelcolosi.com.br\/wp-content\/uploads\/2024\/03\/3e1aa943-11e3-4f41-ad37-5a26a62aafd3.jpg?fit=848%2C477&ssl=1&resize=350%2C200","width":350,"height":200,"srcset":"https:\/\/i0.wp.com\/ismaelcolosi.com.br\/wp-content\/uploads\/2024\/03\/3e1aa943-11e3-4f41-ad37-5a26a62aafd3.jpg?fit=848%2C477&ssl=1&resize=350%2C200 1x, https:\/\/i0.wp.com\/ismaelcolosi.com.br\/wp-content\/uploads\/2024\/03\/3e1aa943-11e3-4f41-ad37-5a26a62aafd3.jpg?fit=848%2C477&ssl=1&resize=525%2C300 1.5x, https:\/\/i0.wp.com\/ismaelcolosi.com.br\/wp-content\/uploads\/2024\/03\/3e1aa943-11e3-4f41-ad37-5a26a62aafd3.jpg?fit=848%2C477&ssl=1&resize=700%2C400 2x"},"classes":[]},{"id":16246,"url":"https:\/\/ismaelcolosi.com.br\/index.php\/2023\/12\/15\/rp-doa-areas-para-441-moradias\/","url_meta":{"origin":39825,"position":2},"title":"RP doa \u00e1reas para 441 moradias\u00a0","author":"ismaelcolosi.com.br","date":"15 de December de 2023","format":false,"excerpt":"15 de dezembro de 2023 | 8:3014 de dezembro de 2023 | 19:16 0A prefeitura de Ribeir\u00e3o Preto enviou projeto de lei \u00e0 C\u00e2mara de Vereadores propondo a doa\u00e7\u00e3o de tr\u00eas \u00e1reas do munic\u00edpio para a constru\u00e7\u00e3o de 441 im\u00f3veis pelo novo Minha Casa, Minha Vida. Os terrenos, caso a\u2026","rel":"","context":"In &quot;Not\u00edcias de Ribeir\u00e3o Preto-SP e Regi\u00e3o&quot;","block_context":{"text":"Not\u00edcias de Ribeir\u00e3o Preto-SP e Regi\u00e3o","link":"https:\/\/ismaelcolosi.com.br\/index.php\/category\/noticias-de-ribeirao-preto-sp-e-regiao-ismael-colosi\/"},"img":{"alt_text":"","src":"https:\/\/i0.wp.com\/ismaelcolosi.com.br\/wp-content\/uploads\/2023\/12\/prefeitura-scaled.jpg?fit=906%2C645&ssl=1&resize=350%2C200","width":350,"height":200,"srcset":"https:\/\/i0.wp.com\/ismaelcolosi.com.br\/wp-content\/uploads\/2023\/12\/prefeitura-scaled.jpg?fit=906%2C645&ssl=1&resize=350%2C200 1x, https:\/\/i0.wp.com\/ismaelcolosi.com.br\/wp-content\/uploads\/2023\/12\/prefeitura-scaled.jpg?fit=906%2C645&ssl=1&resize=525%2C300 1.5x, https:\/\/i0.wp.com\/ismaelcolosi.com.br\/wp-content\/uploads\/2023\/12\/prefeitura-scaled.jpg?fit=906%2C645&ssl=1&resize=700%2C400 2x"},"classes":[]},{"id":46296,"url":"https:\/\/ismaelcolosi.com.br\/index.php\/2024\/04\/10\/governo-anuncia-mais-de-300-moradias-populares-em-ribeirao-preto\/","url_meta":{"origin":39825,"position":3},"title":"Governo anuncia mais de 300 moradias populares em Ribeir\u00e3o Preto","author":"ismaelcolosi.com.br","date":"10 de April de 2024","format":false,"excerpt":"O Governo Federal anunciou nesta quarta-feira (10) a constru\u00e7\u00e3o de 354 moradias populares em Ribeir\u00e3o Preto, por meio do Minha Casa, Minha Vida Entidades. Os im\u00f3veis s\u00e3o destinados para fam\u00edlias com renda mensal de at\u00e9 R$ 2.640,00, organizadas sob a forma associativa. Al\u00e9m de Ribeir\u00e3o Preto, ser\u00e3o constru\u00eddos 50 im\u00f3veis\u2026","rel":"","context":"In &quot;Not\u00edcias de Ribeir\u00e3o Preto-SP e Regi\u00e3o&quot;","block_context":{"text":"Not\u00edcias de Ribeir\u00e3o Preto-SP e Regi\u00e3o","link":"https:\/\/ismaelcolosi.com.br\/index.php\/category\/noticias-de-ribeirao-preto-sp-e-regiao-ismael-colosi\/"},"img":{"alt_text":"","src":"https:\/\/i0.wp.com\/ismaelcolosi.com.br\/wp-content\/uploads\/2024\/04\/1712782302_casa-popular.jpg?fit=1160%2C694&ssl=1&resize=350%2C200","width":350,"height":200,"srcset":"https:\/\/i0.wp.com\/ismaelcolosi.com.br\/wp-content\/uploads\/2024\/04\/1712782302_casa-popular.jpg?fit=1160%2C694&ssl=1&resize=350%2C200 1x, https:\/\/i0.wp.com\/ismaelcolosi.com.br\/wp-content\/uploads\/2024\/04\/1712782302_casa-popular.jpg?fit=1160%2C694&ssl=1&resize=525%2C300 1.5x, https:\/\/i0.wp.com\/ismaelcolosi.com.br\/wp-content\/uploads\/2024\/04\/1712782302_casa-popular.jpg?fit=1160%2C694&ssl=1&resize=700%2C400 2x, https:\/\/i0.wp.com\/ismaelcolosi.com.br\/wp-content\/uploads\/2024\/04\/1712782302_casa-popular.jpg?fit=1160%2C694&ssl=1&resize=1050%2C600 3x"},"classes":[]},{"id":39956,"url":"https:\/\/ismaelcolosi.com.br\/index.php\/2024\/02\/29\/licitacao-de-441-imoveis-termina-nesta-sexta-feira\/","url_meta":{"origin":39825,"position":4},"title":"Licita\u00e7\u00e3o de 441 im\u00f3veis termina nesta sexta-feira\u00a0","author":"ismaelcolosi.com.br","date":"29 de February de 2024","format":false,"excerpt":"29 de fevereiro de 2024 | 10:0028 de fevereiro de 2024 | 21:11 0A prefeitura de Ribeir\u00e3o Preto vai encerrar nesta sexta-feira, 1\u00ba de mar\u00e7o, a licita\u00e7\u00e3o (chamamento p\u00fablico n\u00famero 06\/2023) para selecionar empresas interessadas na constru\u00e7\u00e3o de 441 unidades habitacionais populares, por meio do Programa Minha Casa, Minha Vida\u2026","rel":"","context":"In &quot;Not\u00edcias de Ribeir\u00e3o Preto-SP e Regi\u00e3o&quot;","block_context":{"text":"Not\u00edcias de Ribeir\u00e3o Preto-SP e Regi\u00e3o","link":"https:\/\/ismaelcolosi.com.br\/index.php\/category\/noticias-de-ribeirao-preto-sp-e-regiao-ismael-colosi\/"},"img":{"alt_text":"","src":"https:\/\/i0.wp.com\/ismaelcolosi.com.br\/wp-content\/uploads\/2024\/02\/Areas-Pal-Google-Maps-02.jpg?fit=584%2C645&ssl=1&resize=350%2C200","width":350,"height":200,"srcset":"https:\/\/i0.wp.com\/ismaelcolosi.com.br\/wp-content\/uploads\/2024\/02\/Areas-Pal-Google-Maps-02.jpg?fit=584%2C645&ssl=1&resize=350%2C200 1x, https:\/\/i0.wp.com\/ismaelcolosi.com.br\/wp-content\/uploads\/2024\/02\/Areas-Pal-Google-Maps-02.jpg?fit=584%2C645&ssl=1&resize=525%2C300 1.5x"},"classes":[]},{"id":53799,"url":"https:\/\/ismaelcolosi.com.br\/index.php\/2024\/06\/19\/ribeirao-tem-mudanca-em-lei-para-construcao-de-casas-populares-veja-os-locais\/","url_meta":{"origin":39825,"position":5},"title":"Ribeir\u00e3o tem mudan\u00e7a em lei para constru\u00e7\u00e3o de casas populares; Veja os locais","author":"ismaelcolosi.com.br","date":"19 de June de 2024","format":false,"excerpt":"A C\u00e2mara Municipal de Ribeir\u00e3o Preto aprovou em primeira discuss\u00e3o, na \u00faltima ter\u00e7a-feira (18), um projeto de lei complementar que muda as regras para venda de im\u00f3veis p\u00fablicos para constru\u00e7\u00e3o de moradias populares na cidade. De acordo com a proposta encaminhada pela prefeitura, a medida foi uma exig\u00eancia da Caixa\u2026","rel":"","context":"In &quot;Not\u00edcias de Ribeir\u00e3o Preto-SP e Regi\u00e3o&quot;","block_context":{"text":"Not\u00edcias de Ribeir\u00e3o Preto-SP e Regi\u00e3o","link":"https:\/\/ismaelcolosi.com.br\/index.php\/category\/noticias-de-ribeirao-preto-sp-e-regiao-ismael-colosi\/"},"img":{"alt_text":"","src":"https:\/\/i0.wp.com\/ismaelcolosi.com.br\/wp-content\/uploads\/2024\/06\/casa-popular.jpg?fit=1160%2C694&ssl=1&resize=350%2C200","width":350,"height":200,"srcset":"https:\/\/i0.wp.com\/ismaelcolosi.com.br\/wp-content\/uploads\/2024\/06\/casa-popular.jpg?fit=1160%2C694&ssl=1&resize=350%2C200 1x, https:\/\/i0.wp.com\/ismaelcolosi.com.br\/wp-content\/uploads\/2024\/06\/casa-popular.jpg?fit=1160%2C694&ssl=1&resize=525%2C300 1.5x, https:\/\/i0.wp.com\/ismaelcolosi.com.br\/wp-content\/uploads\/2024\/06\/casa-popular.jpg?fit=1160%2C694&ssl=1&resize=700%2C400 2x, https:\/\/i0.wp.com\/ismaelcolosi.com.br\/wp-content\/uploads\/2024\/06\/casa-popular.jpg?fit=1160%2C694&ssl=1&resize=1050%2C600 3x"},"classes":[]}],"jetpack_sharing_enabled":true,"jetpack_shortlink":"https:\/\/wp.me\/pfMlyK-aml","_links":{"self":[{"href":"https:\/\/ismaelcolosi.com.br\/index.php\/wp-json\/wp\/v2\/posts\/39825","targetHints":{"allow":["GET"]}}],"collection":[{"href":"https:\/\/ismaelcolosi.com.br\/index.php\/wp-json\/wp\/v2\/posts"}],"about":[{"href":"https:\/\/ismaelcolosi.com.br\/index.php\/wp-json\/wp\/v2\/types\/post"}],"author":[{"embeddable":true,"href":"https:\/\/ismaelcolosi.com.br\/index.php\/wp-json\/wp\/v2\/users\/1"}],"replies":[{"embeddable":true,"href":"https:\/\/ismaelcolosi.com.br\/index.php\/wp-json\/wp\/v2\/comments?post=39825"}],"version-history":[{"count":0,"href":"https:\/\/ismaelcolosi.com.br\/index.php\/wp-json\/wp\/v2\/posts\/39825\/revisions"}],"wp:featuredmedia":[{"embeddable":true,"href":"https:\/\/ismaelcolosi.com.br\/index.php\/wp-json\/wp\/v2\/media\/39826"}],"wp:attachment":[{"href":"https:\/\/ismaelcolosi.com.br\/index.php\/wp-json\/wp\/v2\/media?parent=39825"}],"wp:term":[{"taxonomy":"category","embeddable":true,"href":"https:\/\/ismaelcolosi.com.br\/index.php\/wp-json\/wp\/v2\/categories?post=39825"},{"taxonomy":"post_tag","embeddable":true,"href":"https:\/\/ismaelcolosi.com.br\/index.php\/wp-json\/wp\/v2\/tags?post=39825"}],"curies":[{"name":"wp","href":"https:\/\/api.w.org\/{rel}","templated":true}]}}