{"id":39764,"date":"2024-02-28T09:37:24","date_gmt":"2024-02-28T12:37:24","guid":{"rendered":"https:\/\/ismaelcolosi.com.br\/index.php\/2024\/02\/28\/tribunal-de-justica-mantem-vale-transporte-em-r-5-em-rp\/"},"modified":"2024-02-28T09:37:24","modified_gmt":"2024-02-28T12:37:24","slug":"tribunal-de-justica-mantem-vale-transporte-em-r-5-em-rp","status":"publish","type":"post","link":"https:\/\/ismaelcolosi.com.br\/index.php\/2024\/02\/28\/tribunal-de-justica-mantem-vale-transporte-em-r-5-em-rp\/","title":{"rendered":"Tribunal de Justi\u00e7a mant\u00e9m vale-transporte em R$ 5\u00a0em RP"},"content":{"rendered":"<p> <br \/>\n<\/p>\n<div id=\"\">\n<p> <span class=\"entry-meta-item penci-posted-on\"><i class=\"fa fa-clock-o\"\/><time class=\"entry-date published\" datetime=\"2024-02-28T09:00:21-03:00\">28 de fevereiro de 2024 | 9:00<\/time><time class=\"updated\" datetime=\"2024-02-27T19:40:37-03:00\">27 de fevereiro de 2024 | 19:40<\/time><\/span><\/p>\n<p> <span class=\"penci-social-buttons penci-social-share-footer\"><a href=\"#\" class=\"penci-post-like penci_post-meta_item  single-like-button penci-social-item like\" data-post_id=\"375215\" title=\"Like\" data-like=\"Like\" data-unlike=\"Unlike\"><i class=\"fa fa-thumbs-o-up\"\/><span class=\"penci-share-number\">0<\/span><\/a><i class=\"fa fa-facebook\"\/><a class=\"penci-social-item twitter\" target=\"_blank\" rel=\"noopener\" title=\"\" href=\"https:\/\/twitter.com\/intent\/tweet?text=Tribunal%20de%20Justi\u00e7a%20mant\u00e9m%20vale-transporte%20em%20R$%205\u00a0em%20RP%20-%20https:\/\/www.tribunaribeirao.com.br\/site\/tribunal-de-justica-mantem-vale-transporte-em-r-5-em-rp\/\"><i class=\"fa fa-twitter\"\/><\/a><i class=\"fa fa-whatsapp\"\/><\/span><\/div>\n<div>\n<p><span class=\"TextRun SCXW139683873 BCX0\" lang=\"PT-BR\" xml:lang=\"PT-BR\" data-contrast=\"auto\"><span class=\"NormalTextRun SCXW139683873 BCX0\">O Tribunal de Justi\u00e7a de S\u00e3o Paulo (TJSP) manteve a <\/span><span class=\"NormalTextRun SCXW139683873 BCX0\">liminar <\/span><span class=\"NormalTextRun SCXW139683873 BCX0\">da <\/span><span class=\"NormalTextRun SCXW139683873 BCX0\">ju\u00edza <\/span><span class=\"NormalTextRun SCXW139683873 BCX0\">Lucilene<\/span><span class=\"NormalTextRun SCXW139683873 BCX0\"> Aparecida <\/span><span class=\"NormalTextRun SpellingErrorV2Themed SCXW139683873 BCX0\">Canella<\/span><span class=\"NormalTextRun SCXW139683873 BCX0\"> de Melo, da 2\u00aa Vara da Fazenda P\u00fablica de Ribeir\u00e3o Preto, <\/span><span class=\"NormalTextRun SCXW139683873 BCX0\">que <\/span><span class=\"NormalTextRun SCXW139683873 BCX0\">suspende<\/span><span class=\"NormalTextRun SCXW139683873 BCX0\">u <\/span><span class=\"NormalTextRun SCXW139683873 BCX0\">o reajuste <\/span><span class=\"NormalTextRun SCXW139683873 BCX0\">de 20% no valor do <\/span><span class=\"NormalTextRun SCXW139683873 BCX0\">vale-transporte<\/span><span class=\"NormalTextRun SCXW139683873 BCX0\"> na cidade<\/span><span class=\"NormalTextRun SCXW139683873 BCX0\">. <\/span><span class=\"NormalTextRun SCXW139683873 BCX0\">\u2013<\/span> <span class=\"NormalTextRun ContextualSpellingAndGrammarErrorV2Themed SCXW139683873 BCX0\">passaria<\/span><span class=\"NormalTextRun SCXW139683873 BCX0\"> de R$ 5,00 para R$ 6,00<\/span><span class=\"NormalTextRun SCXW139683873 BCX0\">, aporte de R$ 1,00, <\/span><span class=\"NormalTextRun SCXW139683873 BCX0\">a partir <\/span><span class=\"NormalTextRun SCXW139683873 BCX0\">de<\/span> <span class=\"NormalTextRun SCXW139683873 BCX0\">1<\/span><span class=\"NormalTextRun SCXW139683873 BCX0\">\u00ba<\/span><span class=\"NormalTextRun SCXW139683873 BCX0\"> de fevereiro. <\/span><\/span><span class=\"LineBreakBlob BlobObject DragDrop SCXW139683873 BCX0\"><span class=\"SCXW139683873 BCX0\">\u00a0<\/span><br class=\"SCXW139683873 BCX0\"\/><\/span><span class=\"LineBreakBlob BlobObject DragDrop SCXW139683873 BCX0\"><span class=\"SCXW139683873 BCX0\">\u00a0<\/span><br class=\"SCXW139683873 BCX0\"\/><\/span><span class=\"TextRun SCXW139683873 BCX0\" lang=\"PT-BR\" xml:lang=\"PT-BR\" data-contrast=\"auto\"><span class=\"NormalTextRun SCXW139683873 BCX0\">A prefeitura de Ribeir\u00e3o Preto recorreu ao TJSP e a nova senten\u00e7a foi expedida na segunda-feira, 26 de fevereiro.<\/span><span class=\"NormalTextRun SCXW139683873 BCX0\"> Segundo o desembargador <\/span><span class=\"NormalTextRun SpellingErrorV2Themed SCXW139683873 BCX0\">Ant\u00f4nio<\/span><span class=\"NormalTextRun SCXW139683873 BCX0\"> Celso Aguilar Cortez, da 10\u00aa C\u00e2mara de Direito P\u00fablico e relator do processo, a decis\u00e3o seguiu o entendimento <\/span><span class=\"NormalTextRun SCXW139683873 BCX0\">da Corte Paulista <\/span><span class=\"NormalTextRun SCXW139683873 BCX0\">sobre situa\u00e7\u00f5es parecidas.\u00a0 <\/span><\/span><span class=\"LineBreakBlob BlobObject DragDrop SCXW139683873 BCX0\"><span class=\"SCXW139683873 BCX0\">\u00a0<\/span><br class=\"SCXW139683873 BCX0\"\/><\/span><span class=\"LineBreakBlob BlobObject DragDrop SCXW139683873 BCX0\"><span class=\"SCXW139683873 BCX0\">\u00a0<\/span><br class=\"SCXW139683873 BCX0\"\/><\/span><span class=\"TextRun SCXW139683873 BCX0\" lang=\"PT-BR\" xml:lang=\"PT-BR\" data-contrast=\"auto\"><span class=\"NormalTextRun SCXW139683873 BCX0\">\u201cPor n\u00e3o vislumbrar, em princ\u00edpio, a probabilidade do direito suscitado pelo agravante quanto \u00e0 possibilidade de diferenciar os benefici\u00e1rios do vale-transporte dos demais usu\u00e1rios do sistema de transporte urbano municipal de Ribeir\u00e3o Preto e \u00e0 vista dos casos semelhantes julgados nesta 10\u00aa C\u00e2mara de Direito P\u00fablico\u201d, escreveu na decis\u00e3o.<\/span><\/span><span class=\"LineBreakBlob BlobObject DragDrop SCXW139683873 BCX0\"><span class=\"SCXW139683873 BCX0\">\u00a0<\/span><br class=\"SCXW139683873 BCX0\"\/><\/span><span class=\"LineBreakBlob BlobObject DragDrop SCXW139683873 BCX0\"><span class=\"SCXW139683873 BCX0\">\u00a0<\/span><br class=\"SCXW139683873 BCX0\"\/><\/span><span class=\"TextRun SCXW139683873 BCX0\" lang=\"PT-BR\" xml:lang=\"PT-BR\" data-contrast=\"auto\"><span class=\"NormalTextRun SCXW139683873 BCX0\">Em primeira inst\u00e2ncia, a<\/span> <span class=\"NormalTextRun SCXW139683873 BCX0\">medida cautelar <\/span><span class=\"NormalTextRun SCXW139683873 BCX0\">havia sido <\/span><span class=\"NormalTextRun SCXW139683873 BCX0\">concedida <\/span><span class=\"NormalTextRun SCXW139683873 BCX0\">em 26 de janeiro, <\/span><span class=\"NormalTextRun SCXW139683873 BCX0\">em atendimento \u00e0 a<\/span><span class=\"NormalTextRun SCXW139683873 BCX0\">\u00e7\u00e3o <\/span><span class=\"NormalTextRun SCXW139683873 BCX0\">c<\/span><span class=\"NormalTextRun SCXW139683873 BCX0\">ivil <\/span><span class=\"NormalTextRun SCXW139683873 BCX0\">p<\/span><span class=\"NormalTextRun SCXW139683873 BCX0\">\u00fablica proposta pelo Minist\u00e9rio P\u00fablico de S\u00e3o Paulo (MPSP), por meio do promotor <\/span><span class=\"NormalTextRun SCXW139683873 BCX0\">de Defesa <\/span><span class=\"NormalTextRun SCXW139683873 BCX0\">do Consumidor, Carlos Cezar Barbosa. <\/span><\/span><span class=\"LineBreakBlob BlobObject DragDrop SCXW139683873 BCX0\"><span class=\"SCXW139683873 BCX0\">\u00a0<\/span><br class=\"SCXW139683873 BCX0\"\/><\/span><span class=\"LineBreakBlob BlobObject DragDrop SCXW139683873 BCX0\"><span class=\"SCXW139683873 BCX0\">\u00a0<\/span><br class=\"SCXW139683873 BCX0\"\/><\/span><span class=\"TextRun SCXW139683873 BCX0\" lang=\"PT-BR\" xml:lang=\"PT-BR\" data-contrast=\"auto\"><span class=\"NormalTextRun SCXW139683873 BCX0\">Subs\u00eddio \u2013 <\/span><\/span><span class=\"TextRun SCXW139683873 BCX0\" lang=\"PT-BR\" xml:lang=\"PT-BR\" data-contrast=\"auto\"><span class=\"NormalTextRun SCXW139683873 BCX0\">O reajuste da<\/span> <span class=\"NormalTextRun SCXW139683873 BCX0\">tarifa do vale<\/span><span class=\"NormalTextRun SCXW139683873 BCX0\">\u2013<\/span><span class=\"NormalTextRun SCXW139683873 BCX0\">transporte foi estabelecido pelo Executivo, por meio do decreto <\/span><span class=\"NormalTextRun SCXW139683873 BCX0\">n\u00famero <\/span><span class=\"NormalTextRun SCXW139683873 BCX0\">08\/2024, publicado no Di\u00e1rio Oficial do Munic\u00edpio (DOM) de 12 de janeiro.<\/span> <span class=\"NormalTextRun SCXW139683873 BCX0\">Segundo o decreto, o valor desta modalidade ficaria superior ao da <\/span><span class=\"NormalTextRun SCXW139683873 BCX0\">passagem de \u00f4nibus <\/span><span class=\"NormalTextRun SCXW139683873 BCX0\">comum, mantida em R$ 5,00<\/span><span class=\"NormalTextRun SCXW139683873 BCX0\"> devido ao subs\u00eddio da prefeitura de Ribeir\u00e3o Preto ao Cons\u00f3rcio <\/span><span class=\"NormalTextRun SpellingErrorV2Themed SCXW139683873 BCX0\">Pr\u00f3Urbano<\/span><span class=\"NormalTextRun SCXW139683873 BCX0\">, que <\/span><\/span><span class=\"TextRun SCXW139683873 BCX0\" lang=\"PT-BR\" xml:lang=\"PT-BR\" data-contrast=\"none\"><span class=\"NormalTextRun SCXW139683873 BCX0\">no dia 1\u00ba<\/span><\/span><span class=\"TextRun SCXW139683873 BCX0\" lang=\"PT-BR\" xml:lang=\"PT-BR\" data-contrast=\"auto\"><span class=\"NormalTextRun SCXW139683873 BCX0\"> saltou <\/span><span class=\"NormalTextRun SCXW139683873 BCX0\">de <\/span><\/span><span class=\"TextRun SCXW139683873 BCX0\" lang=\"PT-BR\" xml:lang=\"PT-BR\" data-contrast=\"none\"><span class=\"NormalTextRun SCXW139683873 BCX0\">R$ 2,09 para R$ 3,45, alta de 65,07% e acr\u00e9scimo de R$ 1,36<\/span><\/span><span class=\"LineBreakBlob BlobObject DragDrop SCXW139683873 BCX0\"><span class=\"SCXW139683873 BCX0\">\u00a0<\/span><br class=\"SCXW139683873 BCX0\"\/><\/span><span class=\"LineBreakBlob BlobObject DragDrop SCXW139683873 BCX0\"><span class=\"SCXW139683873 BCX0\">\u00a0<\/span><br class=\"SCXW139683873 BCX0\"\/><\/span><span class=\"TextRun SCXW139683873 BCX0\" lang=\"PT-BR\" xml:lang=\"PT-BR\" data-contrast=\"auto\"><span class=\"NormalTextRun SCXW139683873 BCX0\">\u00c9 a <\/span><span class=\"NormalTextRun SCXW139683873 BCX0\">primeira vez que a prefeitura tent<\/span><span class=\"NormalTextRun SCXW139683873 BCX0\">a<\/span><span class=\"NormalTextRun SCXW139683873 BCX0\"> aumentar de forma diferenciada o valor do <\/span><span class=\"NormalTextRun SCXW139683873 BCX0\">benef\u00edcio <\/span><span class=\"NormalTextRun SCXW139683873 BCX0\">em rela\u00e7\u00e3o ao pre\u00e7o da passagem <\/span><span class=\"NormalTextRun SCXW139683873 BCX0\">de \u00f4nibus <\/span><span class=\"NormalTextRun SCXW139683873 BCX0\">comum.<\/span> <span class=\"NormalTextRun SCXW139683873 BCX0\">Na <\/span><span class=\"NormalTextRun SCXW139683873 BCX0\">a<\/span><span class=\"NormalTextRun SCXW139683873 BCX0\">\u00e7\u00e3o <\/span><span class=\"NormalTextRun SCXW139683873 BCX0\">civil,<\/span> <span class=\"NormalTextRun SCXW139683873 BCX0\">o Minist\u00e9rio P\u00fablico contest<\/span><span class=\"NormalTextRun SCXW139683873 BCX0\">a<\/span><span class=\"NormalTextRun SCXW139683873 BCX0\"> a diferencia\u00e7\u00e3o <\/span><span class=\"NormalTextRun SCXW139683873 BCX0\">de valores. Afirma <\/span><span class=\"NormalTextRun SCXW139683873 BCX0\">que a tentativa de repassar para os consumidores os custos da produ\u00e7\u00e3o do vale<\/span><span class=\"NormalTextRun SCXW139683873 BCX0\">\u2013<\/span><span class=\"NormalTextRun SCXW139683873 BCX0\">transporte atenta conta os interesses patrimoniais dos usu\u00e1rios<\/span><span class=\"NormalTextRun SCXW139683873 BCX0\">,<\/span> <span class=\"NormalTextRun SCXW139683873 BCX0\">\u201ccaracterizando pr\u00e1tica abusiva e criando consider\u00e1vel desvantagem entre consumidores usu\u00e1rios do mesmo servi\u00e7o\u201d.<\/span><\/span><span class=\"LineBreakBlob BlobObject DragDrop SCXW139683873 BCX0\"><span class=\"SCXW139683873 BCX0\">\u00a0<\/span><br class=\"SCXW139683873 BCX0\"\/><\/span><span class=\"LineBreakBlob BlobObject DragDrop SCXW139683873 BCX0\"><span class=\"SCXW139683873 BCX0\">\u00a0<\/span><br class=\"SCXW139683873 BCX0\"\/><\/span><span class=\"TextRun SCXW139683873 BCX0\" lang=\"PT-BR\" xml:lang=\"PT-BR\" data-contrast=\"auto\"><span class=\"NormalTextRun SCXW139683873 BCX0\"><strong>Multa<\/strong> \u2013 <\/span><\/span><span class=\"TextRun SCXW139683873 BCX0\" lang=\"PT-BR\" xml:lang=\"PT-BR\" data-contrast=\"auto\"><span class=\"NormalTextRun SCXW139683873 BCX0\">Na decis\u00e3o, a magistrada determin<\/span><span class=\"NormalTextRun SCXW139683873 BCX0\">a<\/span><span class=\"NormalTextRun SCXW139683873 BCX0\"> que a prefeitura <\/span><span class=\"NormalTextRun SCXW139683873 BCX0\">de Ribeir\u00e3o Preto <\/span><span class=\"NormalTextRun SCXW139683873 BCX0\">e o Cons\u00f3rcio <\/span><span class=\"NormalTextRun SpellingErrorV2Themed SCXW139683873 BCX0\">Pr\u00f3Urbano<\/span> <\/span><span class=\"TextRun SCXW139683873 BCX0\" lang=\"PT-BR\" xml:lang=\"PT-BR\" data-contrast=\"none\"><span class=\"NormalTextRun SCXW139683873 BCX0\">\u2013 grupo concession\u00e1rio do transporte coletivo urbano na cidade, formado <\/span><span class=\"NormalTextRun ContextualSpellingAndGrammarErrorV2Themed SCXW139683873 BCX0\">por R\u00e1pido<\/span><span class=\"NormalTextRun SCXW139683873 BCX0\"> D\u2019Oeste (50%) e <\/span><span class=\"NormalTextRun SpellingErrorV2Themed SCXW139683873 BCX0\">Transcorp<\/span><span class=\"NormalTextRun SCXW139683873 BCX0\"> (50%)<\/span> <span class=\"NormalTextRun SCXW139683873 BCX0\">\u2013<\/span> <\/span><span class=\"LineBreakBlob BlobObject DragDrop SCXW139683873 BCX0\"><span class=\"SCXW139683873 BCX0\">\u00a0<\/span><br class=\"SCXW139683873 BCX0\"\/><\/span><span class=\"TextRun SCXW139683873 BCX0\" lang=\"PT-BR\" xml:lang=\"PT-BR\" data-contrast=\"auto\"><span class=\"NormalTextRun SCXW139683873 BCX0\">se abstenham de majorar <\/span><span class=\"NormalTextRun SCXW139683873 BCX0\">o <\/span><span class=\"NormalTextRun SCXW139683873 BCX0\">vale<\/span><span class=\"NormalTextRun SCXW139683873 BCX0\">\u2013<\/span><span class=\"NormalTextRun SCXW139683873 BCX0\">transporte, sob pena de multa pecuni\u00e1ria no valor de R$ 50,00 por <\/span><span class=\"NormalTextRun SCXW139683873 BCX0\">benef\u00edcio <\/span><span class=\"NormalTextRun SCXW139683873 BCX0\">vendido com valor superior ao permitido. O m\u00e9rito da <\/span><span class=\"NormalTextRun SCXW139683873 BCX0\">a<\/span><span class=\"NormalTextRun SCXW139683873 BCX0\">\u00e7\u00e3o ainda n\u00e3o foi julgado.<\/span><\/span><span class=\"LineBreakBlob BlobObject DragDrop SCXW139683873 BCX0\"><span class=\"SCXW139683873 BCX0\">\u00a0<\/span><br class=\"SCXW139683873 BCX0\"\/><\/span><span class=\"LineBreakBlob BlobObject DragDrop SCXW139683873 BCX0\"><span class=\"SCXW139683873 BCX0\">\u00a0<\/span><br class=\"SCXW139683873 BCX0\"\/><\/span><span class=\"TextRun SCXW139683873 BCX0\" lang=\"PT-BR\" xml:lang=\"PT-BR\" data-contrast=\"auto\"><span class=\"NormalTextRun SCXW139683873 BCX0\">No dia 17 de janeiro, a vereadora <\/span><span class=\"NormalTextRun SpellingErrorV2Themed SCXW139683873 BCX0\">Judeti<\/span> <span class=\"NormalTextRun SCXW139683873 BCX0\">Zilli<\/span><span class=\"NormalTextRun SCXW139683873 BCX0\"> (PT<\/span><span class=\"NormalTextRun SCXW139683873 BCX0\">,<\/span><span class=\"NormalTextRun SCXW139683873 BCX0\"> Coletivo Popular<\/span><span class=\"NormalTextRun SCXW139683873 BCX0\">) <\/span><span class=\"NormalTextRun SCXW139683873 BCX0\">havia protocolado <\/span><span class=\"NormalTextRun SCXW139683873 BCX0\">a<\/span><span class=\"NormalTextRun SCXW139683873 BCX0\">\u00e7\u00e3o <\/span><span class=\"NormalTextRun SCXW139683873 BCX0\">p<\/span><span class=\"NormalTextRun SCXW139683873 BCX0\">opular, na Justi\u00e7a de Ribeir\u00e3o Preto, pedindo a revoga\u00e7\u00e3o da parte do decreto. Segundo a <\/span><span class=\"NormalTextRun SCXW139683873 BCX0\">parlamentar<\/span><span class=\"NormalTextRun SCXW139683873 BCX0\">, esta diferencia\u00e7\u00e3o \u00e9 proibida e est\u00e1 em desacordo com a lei <\/span><span class=\"NormalTextRun SCXW139683873 BCX0\">f<\/span><span class=\"NormalTextRun SCXW139683873 BCX0\">ederal n\u00ba 7.418 que regula o vale<\/span><span class=\"NormalTextRun SCXW139683873 BCX0\">\u2013<\/span><span class=\"NormalTextRun SCXW139683873 BCX0\">transporte <\/span><span class=\"NormalTextRun SCXW139683873 BCX0\">no <\/span><span class=\"NormalTextRun ContextualSpellingAndGrammarErrorV2Themed SCXW139683873 BCX0\">pais<\/span><span class=\"NormalTextRun SCXW139683873 BCX0\">. <\/span><\/span><span class=\"LineBreakBlob BlobObject DragDrop SCXW139683873 BCX0\"><span class=\"SCXW139683873 BCX0\">\u00a0<\/span><br class=\"SCXW139683873 BCX0\"\/><\/span><span class=\"LineBreakBlob BlobObject DragDrop SCXW139683873 BCX0\"><span class=\"SCXW139683873 BCX0\">\u00a0<\/span><br class=\"SCXW139683873 BCX0\"\/><\/span><span class=\"TextRun SCXW139683873 BCX0\" lang=\"PT-BR\" xml:lang=\"PT-BR\" data-contrast=\"auto\"><span class=\"NormalTextRun SCXW139683873 BCX0\">O M<\/span><span class=\"NormalTextRun SCXW139683873 BCX0\">inist\u00e9rio P\u00fablico <\/span><span class=\"NormalTextRun SCXW139683873 BCX0\">deu parecer favor\u00e1vel <\/span><span class=\"NormalTextRun SCXW139683873 BCX0\">\u00e0<\/span><span class=\"NormalTextRun SCXW139683873 BCX0\"> iniciativa, mas a Justi\u00e7a rejeitou a peti\u00e7\u00e3o inicial por considerar que o instrumento juridicamente utilizado para este tipo de a\u00e7\u00e3o n\u00e3o \u00e9 <\/span><span class=\"NormalTextRun SCXW139683873 BCX0\">a<\/span><span class=\"NormalTextRun SCXW139683873 BCX0\">\u00e7\u00e3o <\/span><span class=\"NormalTextRun SCXW139683873 BCX0\">p<\/span><span class=\"NormalTextRun SCXW139683873 BCX0\">opular.<\/span> <span class=\"NormalTextRun SCXW139683873 BCX0\">O <\/span><span class=\"NormalTextRun ContextualSpellingAndGrammarErrorV2Themed SCXW139683873 BCX0\">subsidio<\/span><span class=\"NormalTextRun SCXW139683873 BCX0\"> da passagem d<\/span><span class=\"NormalTextRun SCXW139683873 BCX0\">e \u00f4nibus <\/span><span class=\"NormalTextRun SCXW139683873 BCX0\">come\u00e7ou <\/span><span class=\"NormalTextRun SCXW139683873 BCX0\">a ser pago <\/span><span class=\"NormalTextRun SCXW139683873 BCX0\">no dia 8 de junho do ano passado, com o repasse de R$ 2,09 por passageiro transportado \u2013 n\u00famero de vezes em que a catraca rodar. <\/span><\/span><span class=\"LineBreakBlob BlobObject DragDrop SCXW139683873 BCX0\"><span class=\"SCXW139683873 BCX0\">\u00a0<\/span><br class=\"SCXW139683873 BCX0\"\/><\/span><span class=\"LineBreakBlob BlobObject DragDrop SCXW139683873 BCX0\"><span class=\"SCXW139683873 BCX0\">\u00a0<\/span><br class=\"SCXW139683873 BCX0\"\/><\/span><span class=\"TextRun SCXW139683873 BCX0\" lang=\"PT-BR\" xml:lang=\"PT-BR\" data-contrast=\"auto\"><span class=\"NormalTextRun SCXW139683873 BCX0\"><strong>Socorro<\/strong> \u2013 <\/span><\/span><span class=\"TextRun SCXW139683873 BCX0\" lang=\"PT-BR\" xml:lang=\"PT-BR\" data-contrast=\"auto\"><span class=\"NormalTextRun SCXW139683873 BCX0\">A prefeitura diz que sem o socorro a tarifa custari<\/span><span class=\"NormalTextRun SCXW139683873 BCX0\">a R$ 7,09, \u00e0 \u00e9poca. Agora, passou <\/span><span class=\"NormalTextRun SCXW139683873 BCX0\">para R$ 8,45. Por dia, s\u00e3o realizadas cerca de 170 mil viagens. Ressalta que o reajuste \u00e9 necess\u00e1rio devido aos custos das tarifas de remunera\u00e7\u00e3o operacional e da de remunera\u00e7\u00e3o de investimentos do Cons\u00f3rcio <\/span><span class=\"NormalTextRun SpellingErrorV2Themed SCXW139683873 BCX0\">Pr\u00f3Urbano<\/span><span class=\"NormalTextRun SCXW139683873 BCX0\"> totalizarem este valor. <\/span><\/span><span class=\"LineBreakBlob BlobObject DragDrop SCXW139683873 BCX0\"><span class=\"SCXW139683873 BCX0\">\u00a0<\/span><br class=\"SCXW139683873 BCX0\"\/><\/span><span class=\"LineBreakBlob BlobObject DragDrop SCXW139683873 BCX0\"><span class=\"SCXW139683873 BCX0\">\u00a0<\/span><br class=\"SCXW139683873 BCX0\"\/><\/span><span class=\"TextRun SCXW139683873 BCX0\" lang=\"PT-BR\" xml:lang=\"PT-BR\" data-contrast=\"auto\"><span class=\"NormalTextRun SCXW139683873 BCX0\">Apesar do reajuste, o valor da passagem de \u00f4nibus o usu\u00e1rio continuar\u00e1 em R$ 5,00. O decreto prev\u00ea tamb\u00e9m que os usu\u00e1rios sem cart\u00e3o eletr\u00f4nico do transporte coletivo pagar\u00e3o R$ 7,00. O valor em dinheiro ser\u00e1 pago diretamente ao motorista do \u00f4nibus. <\/span><\/span><span class=\"LineBreakBlob BlobObject DragDrop SCXW139683873 BCX0\"><span class=\"SCXW139683873 BCX0\">\u00a0<\/span><br class=\"SCXW139683873 BCX0\"\/><\/span><span class=\"LineBreakBlob BlobObject DragDrop SCXW139683873 BCX0\"><span class=\"SCXW139683873 BCX0\">\u00a0<\/span><br class=\"SCXW139683873 BCX0\"\/><\/span><span class=\"TextRun SCXW139683873 BCX0\" lang=\"PT-BR\" xml:lang=\"PT-BR\" data-contrast=\"auto\"><span class=\"NormalTextRun SCXW139683873 BCX0\">Deste total, R$ 5,00 s\u00e3o referentes ao valor da passagem e R$ 2,00 pela obten\u00e7\u00e3o do cart\u00e3o magn\u00e9tico. O portador poder\u00e1 recarreg\u00e1-lo para novas viagens ou obter seu reembolso, no valor de R$ 2,00, mediante devolu\u00e7\u00e3o junto aos postos de atendimento do cons\u00f3rcio.<\/span><\/span><span class=\"LineBreakBlob BlobObject DragDrop SCXW139683873 BCX0\"><span class=\"SCXW139683873 BCX0\">\u00a0<\/span><br class=\"SCXW139683873 BCX0\"\/><\/span><span class=\"LineBreakBlob BlobObject DragDrop SCXW139683873 BCX0\"><span class=\"SCXW139683873 BCX0\">\u00a0<\/span><br class=\"SCXW139683873 BCX0\"\/><\/span><span class=\"TextRun SCXW139683873 BCX0\" lang=\"PT-BR\" xml:lang=\"PT-BR\" data-contrast=\"auto\"><span class=\"NormalTextRun SCXW139683873 BCX0\"><strong>Frota<\/strong> \u2013 <\/span><\/span><span class=\"TextRun SCXW139683873 BCX0\" lang=\"PT-BR\" xml:lang=\"PT-BR\" data-contrast=\"auto\"><span class=\"NormalTextRun SCXW139683873 BCX0\">Atualmente, o transporte coletivo de Ribeir\u00e3o Preto tem uma frota de 350 operando 117 rotas. Deste total, 204 s\u00e3o \u00f4nibus novos e <\/span><span class=\"NormalTextRun SCXW139683873 BCX0\">possuem<\/span><span class=\"NormalTextRun SCXW139683873 BCX0\"> ar-condicionado, suspens\u00e3o a ar, <\/span><span class=\"NormalTextRun SpellingErrorV2Themed SCXW139683873 BCX0\">wi-fi<\/span><span class=\"NormalTextRun SCXW139683873 BCX0\"> e carregador de celulares nas poltronas. Entretanto, devido \u00e0 remodela\u00e7\u00e3o das linhas que est\u00e1 sendo realizada pela RP <\/span><span class=\"NormalTextRun SpellingErrorV2Themed SCXW139683873 BCX0\">Mobi<\/span><span class=\"NormalTextRun SCXW139683873 BCX0\"> \u2013 empresa municipal respons\u00e1vel pela gest\u00e3o do setor \u2013, o total de linhas e ve\u00edculos dever\u00e1 diminuir at\u00e9 o final de 2024, passando a ter 306 \u00f4nibus. <\/span><\/span><span class=\"LineBreakBlob BlobObject DragDrop SCXW139683873 BCX0\"><span class=\"SCXW139683873 BCX0\">\u00a0<\/span><br class=\"SCXW139683873 BCX0\"\/><\/span><span class=\"LineBreakBlob BlobObject DragDrop SCXW139683873 BCX0\"><span class=\"SCXW139683873 BCX0\">\u00a0<\/span><br class=\"SCXW139683873 BCX0\"\/><\/span><span class=\"TextRun SCXW139683873 BCX0\" lang=\"PT-BR\" xml:lang=\"PT-BR\" data-contrast=\"auto\"><span class=\"NormalTextRun SCXW139683873 BCX0\">A obrigatoriedade da troca dos ve\u00edculos faz parte da revis\u00e3o do contrato de concess\u00e3o do transporte coletivo aprovada pelos vereadores e sancionada pelo prefeito Duarte Nogueira no ano passado. A repactua\u00e7\u00e3o tamb\u00e9m autorizou o repasse de R$ 70 milh\u00f5es para o Cons\u00f3rcio <\/span><span class=\"NormalTextRun SpellingErrorV2Themed SCXW139683873 BCX0\">Pr\u00f3Urbano<\/span><span class=\"NormalTextRun SCXW139683873 BCX0\">. Em troca, todas as a\u00e7\u00f5es movidas por ambas <\/span><span class=\"NormalTextRun SCXW139683873 BCX0\">as<\/span><span class=\"NormalTextRun SCXW139683873 BCX0\"> partes foram encerradas.<\/span><\/span><span class=\"LineBreakBlob BlobObject DragDrop SCXW139683873 BCX0\"><span class=\"SCXW139683873 BCX0\">\u00a0<\/span><br class=\"SCXW139683873 BCX0\"\/><\/span><span class=\"LineBreakBlob BlobObject DragDrop SCXW139683873 BCX0\"><span class=\"SCXW139683873 BCX0\">\u00a0<\/span><br class=\"SCXW139683873 BCX0\"\/><\/span><span class=\"TextRun SCXW139683873 BCX0\" lang=\"PT-BR\" xml:lang=\"PT-BR\" data-contrast=\"auto\"><span class=\"NormalTextRun SCXW139683873 BCX0\"><strong>Prefeitura<\/strong> \u2013 <\/span><\/span><span class=\"TextRun SCXW139683873 BCX0\" lang=\"PT-BR\" xml:lang=\"PT-BR\" data-contrast=\"auto\"><span class=\"NormalTextRun SCXW139683873 BCX0\">Em janeiro,<\/span><\/span> <span class=\"TextRun SCXW139683873 BCX0\" lang=\"PT-BR\" xml:lang=\"PT-BR\" data-contrast=\"auto\"><span class=\"NormalTextRun SCXW139683873 BCX0\">a <\/span><span class=\"NormalTextRun SCXW139683873 BCX0\">administra\u00e7\u00e3o <\/span><span class=\"NormalTextRun SCXW139683873 BCX0\">enviou uma nota <\/span><span class=\"NormalTextRun SCXW139683873 BCX0\">ao Tribuna<\/span><span class=\"NormalTextRun SCXW139683873 BCX0\">. <\/span><span class=\"NormalTextRun SCXW139683873 BCX0\">\u201c<\/span><span class=\"NormalTextRun SCXW139683873 BCX0\">A <\/span><span class=\"NormalTextRun SCXW139683873 BCX0\">p<\/span><span class=\"NormalTextRun SCXW139683873 BCX0\">refeitura de Ribeir\u00e3o Preto esclarece que para manter a passagem do \u00f4nibus a R$ 5 pelo terceiro ano consecutivo ao passageiro que utiliza o transporte p\u00fablico, seja usu\u00e1rio comum ou usu\u00e1rio que recebe o vale<\/span><span class=\"NormalTextRun SCXW139683873 BCX0\">\u2013<\/span><span class=\"NormalTextRun SCXW139683873 BCX0\">transporte, readequou os subs\u00eddios\u201d.<\/span><\/span><span class=\"LineBreakBlob BlobObject DragDrop SCXW139683873 BCX0\"><span class=\"SCXW139683873 BCX0\">\u00a0<\/span><br class=\"SCXW139683873 BCX0\"\/><\/span><span class=\"LineBreakBlob BlobObject DragDrop SCXW139683873 BCX0\"><span class=\"SCXW139683873 BCX0\">\u00a0<\/span><br class=\"SCXW139683873 BCX0\"\/><\/span><span class=\"TextRun SCXW139683873 BCX0\" lang=\"PT-BR\" xml:lang=\"PT-BR\" data-contrast=\"auto\"><span class=\"NormalTextRun SCXW139683873 BCX0\">\u201c<\/span><span class=\"NormalTextRun SCXW139683873 BCX0\">Informa ainda que a publica\u00e7\u00e3o do decreto n\u00ba 8 de 12 de janeiro de 2024 que designa o valor de R$ 6 a ser pago pelas empresas que fornecem aos funcion\u00e1rios o vale transporte e os repasses j\u00e1 realizados pela Prefeitura de Ribeir\u00e3o Preto ao cons\u00f3rcio respons\u00e1vel pelo transporte p\u00fablico s\u00e3o compostos de parte do acordo de renova\u00e7\u00e3o do contrato de <\/span><span class=\"NormalTextRun SCXW139683873 BCX0\">c<\/span><span class=\"NormalTextRun SCXW139683873 BCX0\">oncess\u00e3o do servi\u00e7o de <\/span><span class=\"NormalTextRun SCXW139683873 BCX0\">t<\/span><span class=\"NormalTextRun SCXW139683873 BCX0\">ransporte <\/span><span class=\"NormalTextRun SCXW139683873 BCX0\">c<\/span><span class=\"NormalTextRun SCXW139683873 BCX0\">oletivo <\/span><span class=\"NormalTextRun SCXW139683873 BCX0\">p<\/span><span class=\"NormalTextRun SCXW139683873 BCX0\">\u00fablico da cidade\u201d, finaliza.<\/span><\/span><span class=\"LineBreakBlob BlobObject DragDrop SCXW139683873 BCX0\"><span class=\"SCXW139683873 BCX0\">\u00a0<\/span><br class=\"SCXW139683873 BCX0\"\/><\/span><span class=\"LineBreakBlob BlobObject DragDrop SCXW139683873 BCX0\"><span class=\"SCXW139683873 BCX0\">\u00a0<\/span><br class=\"SCXW139683873 BCX0\"\/><\/span><\/p><div class='code-block code-block-8' style='margin: 8px auto; text-align: center; display: block; clear: both;'>\n<script>\n  atOptions = {\n    'key' : '66e2e2111ca34da796271819fc334058',\n    'format' : 'iframe',\n    'height' : 250,\n    'width' : 300,\n    'params' : {}\n  };\n<\/script>\n<script src=\"https:\/\/www.highperformanceformat.com\/66e2e2111ca34da796271819fc334058\/invoke.js\"><\/script>\n<\/div>\n\n<\/div>\n<p><script async src=\"\/\/platform.twitter.com\/widgets.js\" charset=\"utf-8\"><\/script><br \/>\n<br \/><br \/>\n<br \/><a href=\"https:\/\/www.tribunaribeirao.com.br\/site\/tribunal-de-justica-mantem-vale-transporte-em-r-5-em-rp\/\">Source link <\/a><\/p>\n<div class='code-block code-block-4' style='margin: 8px auto 8px 0; text-align: left; display: block; clear: both;'>\n\ud83d\udce2 Aviso Legal\n\nO site ismaelcolosi.com.br atua apenas como um canal de divulga\u00e7\u00e3o de oportunidades de emprego e n\u00e3o se responsabiliza pelo processo seletivo, contrata\u00e7\u00e3o ou qualquer outra etapa relacionada \u00e0s vagas publicadas. Todas as informa\u00e7\u00f5es s\u00e3o de responsabilidade dos anunciantes.\n\n\u26a0\ufe0f Aten\u00e7\u00e3o! Nunca pague por promessas de emprego nem compre cursos que garantam contrata\u00e7\u00e3o. Desconfie de qualquer cobran\u00e7a para participar de sele\u00e7\u00f5es.\n\n\n\n<\/div>\n<!-- CONTENT END 1 -->\n","protected":false},"excerpt":{"rendered":"<p>28 de fevereiro de 2024 | 9:0027 de fevereiro de 2024 | 19:40 0 O Tribunal de Justi\u00e7a de S\u00e3o Paulo (TJSP) manteve a liminar&#8230;<\/p>\n","protected":false},"author":1,"featured_media":39765,"comment_status":"open","ping_status":"open","sticky":false,"template":"","format":"standard","meta":{"_uag_custom_page_level_css":"","advanced_seo_description":"","jetpack_seo_html_title":"","jetpack_seo_noindex":false,"jetpack_post_was_ever_published":false,"_jetpack_newsletter_access":"","_jetpack_dont_email_post_to_subs":false,"_jetpack_newsletter_tier_id":0,"_jetpack_memberships_contains_paywalled_content":false,"_jetpack_memberships_contains_paid_content":false,"footnotes":"","jetpack_publicize_message":"","jetpack_publicize_feature_enabled":true,"jetpack_social_post_already_shared":true,"jetpack_social_options":{"image_generator_settings":{"template":"highway","default_image_id":0,"font":"","enabled":false},"version":2}},"categories":[11],"tags":[4588,988,2139,4420,3476],"class_list":["post-39764","post","type-post","status-publish","format-standard","has-post-thumbnail","hentry","category-noticias-de-ribeirao-preto-sp-e-regiao-ismael-colosi","tag-5em","tag-justica","tag-mantem","tag-tribunal","tag-valetransporte"],"jetpack_publicize_connections":[],"jetpack_featured_media_url":"https:\/\/i0.wp.com\/ismaelcolosi.com.br\/wp-content\/uploads\/2024\/02\/OnibusRP-Alfredo-Risk-2-scaled.jpg?fit=1000%2C538&ssl=1","uagb_featured_image_src":{"full":["https:\/\/i0.wp.com\/ismaelcolosi.com.br\/wp-content\/uploads\/2024\/02\/OnibusRP-Alfredo-Risk-2-scaled.jpg?fit=1000%2C538&ssl=1",1000,538,false],"thumbnail":["https:\/\/i0.wp.com\/ismaelcolosi.com.br\/wp-content\/uploads\/2024\/02\/OnibusRP-Alfredo-Risk-2-scaled.jpg?resize=150%2C150&ssl=1",150,150,true],"medium":["https:\/\/i0.wp.com\/ismaelcolosi.com.br\/wp-content\/uploads\/2024\/02\/OnibusRP-Alfredo-Risk-2-scaled.jpg?fit=300%2C161&ssl=1",300,161,true],"medium_large":["https:\/\/i0.wp.com\/ismaelcolosi.com.br\/wp-content\/uploads\/2024\/02\/OnibusRP-Alfredo-Risk-2-scaled.jpg?fit=768%2C413&ssl=1",768,413,true],"large":["https:\/\/i0.wp.com\/ismaelcolosi.com.br\/wp-content\/uploads\/2024\/02\/OnibusRP-Alfredo-Risk-2-scaled.jpg?fit=1000%2C538&ssl=1",1000,538,true],"1536x1536":["https:\/\/i0.wp.com\/ismaelcolosi.com.br\/wp-content\/uploads\/2024\/02\/OnibusRP-Alfredo-Risk-2-scaled.jpg?fit=1000%2C538&ssl=1",1000,538,true],"2048x2048":["https:\/\/i0.wp.com\/ismaelcolosi.com.br\/wp-content\/uploads\/2024\/02\/OnibusRP-Alfredo-Risk-2-scaled.jpg?fit=1000%2C538&ssl=1",1000,538,true],"really-simple-thumb":["https:\/\/i0.wp.com\/ismaelcolosi.com.br\/wp-content\/uploads\/2024\/02\/OnibusRP-Alfredo-Risk-2-scaled.jpg?resize=370%2C247&ssl=1",370,247,true]},"uagb_author_info":{"display_name":"ismaelcolosi.com.br","author_link":"https:\/\/ismaelcolosi.com.br\/index.php\/author\/vidareal-online\/"},"uagb_comment_info":0,"uagb_excerpt":"28 de fevereiro de 2024 | 9:0027 de fevereiro de 2024 | 19:40 0 O Tribunal de Justi\u00e7a de S\u00e3o Paulo (TJSP) manteve a liminar...","jetpack-related-posts":[{"id":37907,"url":"https:\/\/ismaelcolosi.com.br\/index.php\/2024\/02\/19\/tj-mantem-condenacao-por-ataque-de-pitbull-a-pedreiro\/","url_meta":{"origin":39764,"position":0},"title":"TJ mant\u00e9m condena\u00e7\u00e3o por ataque de pitbull a pedreiro","author":"ismaelcolosi.com.br","date":"19 de February de 2024","format":false,"excerpt":"Caso ocorreu em 2016 e dono do animal faleceu durante processo, por\u00e9m indeniza\u00e7\u00e3o deve ser paga pelo esp\u00f3lio 19 de fevereiro de 2024 | 10:49 0Por: Adalberto LuqueO Tribunal de Justi\u00e7a de S\u00e3o Paulo (TJSP) manteve a decis\u00e3o da 5\u00aa Vara C\u00edvel de Ribeir\u00e3o Preto e o dono de um\u2026","rel":"","context":"In &quot;Not\u00edcias de Ribeir\u00e3o Preto-SP e Regi\u00e3o&quot;","block_context":{"text":"Not\u00edcias de Ribeir\u00e3o Preto-SP e Regi\u00e3o","link":"https:\/\/ismaelcolosi.com.br\/index.php\/category\/noticias-de-ribeirao-preto-sp-e-regiao-ismael-colosi\/"},"img":{"alt_text":"","src":"https:\/\/i0.wp.com\/ismaelcolosi.com.br\/wp-content\/uploads\/2024\/02\/00-19-fev-2024-tjsp-condenacao-foto-tjsp.jpg?fit=562%2C375&ssl=1&resize=350%2C200","width":350,"height":200,"srcset":"https:\/\/i0.wp.com\/ismaelcolosi.com.br\/wp-content\/uploads\/2024\/02\/00-19-fev-2024-tjsp-condenacao-foto-tjsp.jpg?fit=562%2C375&ssl=1&resize=350%2C200 1x, https:\/\/i0.wp.com\/ismaelcolosi.com.br\/wp-content\/uploads\/2024\/02\/00-19-fev-2024-tjsp-condenacao-foto-tjsp.jpg?fit=562%2C375&ssl=1&resize=525%2C300 1.5x"},"classes":[]},{"id":38931,"url":"https:\/\/ismaelcolosi.com.br\/index.php\/2024\/02\/22\/tjsp-mantem-condenacao-de-homens-por-discriminar-agente-de-saude-na-regiao\/","url_meta":{"origin":39764,"position":1},"title":"TJSP mant\u00e9m condena\u00e7\u00e3o de homens por discriminar agente de sa\u00fade na regi\u00e3o","author":"ismaelcolosi.com.br","date":"22 de February de 2024","format":false,"excerpt":"Trio foi condenado por transfobia contra uma mulher transg\u00eanero ocorrida em Araraquara, ap\u00f3s decis\u00e3o un\u00e2nime 22 de fevereiro de 2024 | 12:42 0Por: Adalberto LuqueO Tribunal de Justi\u00e7a de S\u00e3o Paulo (TJSP) manteve a condena\u00e7\u00e3o de tr\u00eas homens pelo crime de transfobia. Eles teriam discriminado uma mulher transg\u00eanero que trabalhava\u2026","rel":"","context":"In &quot;Not\u00edcias de Ribeir\u00e3o Preto-SP e Regi\u00e3o&quot;","block_context":{"text":"Not\u00edcias de Ribeir\u00e3o Preto-SP e Regi\u00e3o","link":"https:\/\/ismaelcolosi.com.br\/index.php\/category\/noticias-de-ribeirao-preto-sp-e-regiao-ismael-colosi\/"},"img":{"alt_text":"","src":"https:\/\/i0.wp.com\/ismaelcolosi.com.br\/wp-content\/uploads\/2024\/02\/00-22-fev-2024-condenados-tjsp-foto-divulgacao.jpg?fit=562%2C375&ssl=1&resize=350%2C200","width":350,"height":200,"srcset":"https:\/\/i0.wp.com\/ismaelcolosi.com.br\/wp-content\/uploads\/2024\/02\/00-22-fev-2024-condenados-tjsp-foto-divulgacao.jpg?fit=562%2C375&ssl=1&resize=350%2C200 1x, https:\/\/i0.wp.com\/ismaelcolosi.com.br\/wp-content\/uploads\/2024\/02\/00-22-fev-2024-condenados-tjsp-foto-divulgacao.jpg?fit=562%2C375&ssl=1&resize=525%2C300 1.5x"},"classes":[]},{"id":38887,"url":"https:\/\/ismaelcolosi.com.br\/index.php\/2024\/02\/22\/flavio-dino-toma-posse-no-supremo-tribunal-federal\/","url_meta":{"origin":39764,"position":2},"title":"Flavio Dino toma posse no Supremo Tribunal Federal","author":"ismaelcolosi.com.br","date":"22 de February de 2024","format":false,"excerpt":"22 de fevereiro de 2024 | 9:3022 de fevereiro de 2024 | 8:44 0O ex-ministro da Justi\u00e7a e Seguran\u00e7a P\u00fablica Fl\u00e1vio Dino ser\u00e1 empossado nesta quinta-feira (22) no cargo de ministro do Supremo Tribunal Federal (STF).A cerim\u00f4nia de posse est\u00e1 prevista para come\u00e7ar \u00e0s 16h e contar\u00e1 com a presen\u00e7a\u2026","rel":"","context":"In &quot;Not\u00edcias de Ribeir\u00e3o Preto-SP e Regi\u00e3o&quot;","block_context":{"text":"Not\u00edcias de Ribeir\u00e3o Preto-SP e Regi\u00e3o","link":"https:\/\/ismaelcolosi.com.br\/index.php\/category\/noticias-de-ribeirao-preto-sp-e-regiao-ismael-colosi\/"},"img":{"alt_text":"","src":"https:\/\/i0.wp.com\/ismaelcolosi.com.br\/wp-content\/uploads\/2024\/02\/ebf396ec-b8a4-40ba-aa1c-e659cd648301-scaled.jpg?fit=1000%2C598&ssl=1&resize=350%2C200","width":350,"height":200,"srcset":"https:\/\/i0.wp.com\/ismaelcolosi.com.br\/wp-content\/uploads\/2024\/02\/ebf396ec-b8a4-40ba-aa1c-e659cd648301-scaled.jpg?fit=1000%2C598&ssl=1&resize=350%2C200 1x, https:\/\/i0.wp.com\/ismaelcolosi.com.br\/wp-content\/uploads\/2024\/02\/ebf396ec-b8a4-40ba-aa1c-e659cd648301-scaled.jpg?fit=1000%2C598&ssl=1&resize=525%2C300 1.5x, https:\/\/i0.wp.com\/ismaelcolosi.com.br\/wp-content\/uploads\/2024\/02\/ebf396ec-b8a4-40ba-aa1c-e659cd648301-scaled.jpg?fit=1000%2C598&ssl=1&resize=700%2C400 2x"},"classes":[]},{"id":26953,"url":"https:\/\/ismaelcolosi.com.br\/index.php\/2024\/01\/11\/tj-sp-mantem-valor-passagem-do-onibus-em-ribeirao-preto\/","url_meta":{"origin":39764,"position":3},"title":"TJ-SP mant\u00e9m valor da passagem do \u00f4nibus em Ribeir\u00e3o Preto","author":"ismaelcolosi.com.br","date":"11 de January de 2024","format":false,"excerpt":"O TJ-SP (Tribunal de Justi\u00e7a de S\u00e3o Paulo) aceitou o recurso da Prefeitura de Ribeir\u00e3o Preto e manteve o valor da passagem de \u00f4nibus em R$ 5. O ac\u00f3rd\u00e3o com a decis\u00e3o foi publicado nesta quarta-feira (10). O processo foi julgado pelo plen\u00e1rio virtual da 12\u00aa C\u00e2mara de Direito P\u00fablico\u2026","rel":"","context":"In &quot;Not\u00edcias de Ribeir\u00e3o Preto-SP e Regi\u00e3o&quot;","block_context":{"text":"Not\u00edcias de Ribeir\u00e3o Preto-SP e Regi\u00e3o","link":"https:\/\/ismaelcolosi.com.br\/index.php\/category\/noticias-de-ribeirao-preto-sp-e-regiao-ismael-colosi\/"},"img":{"alt_text":"","src":"https:\/\/i0.wp.com\/ismaelcolosi.com.br\/wp-content\/uploads\/2024\/01\/onibus-ribeirao-preto.jpg?fit=1200%2C675&ssl=1&resize=350%2C200","width":350,"height":200,"srcset":"https:\/\/i0.wp.com\/ismaelcolosi.com.br\/wp-content\/uploads\/2024\/01\/onibus-ribeirao-preto.jpg?fit=1200%2C675&ssl=1&resize=350%2C200 1x, https:\/\/i0.wp.com\/ismaelcolosi.com.br\/wp-content\/uploads\/2024\/01\/onibus-ribeirao-preto.jpg?fit=1200%2C675&ssl=1&resize=525%2C300 1.5x, https:\/\/i0.wp.com\/ismaelcolosi.com.br\/wp-content\/uploads\/2024\/01\/onibus-ribeirao-preto.jpg?fit=1200%2C675&ssl=1&resize=700%2C400 2x, https:\/\/i0.wp.com\/ismaelcolosi.com.br\/wp-content\/uploads\/2024\/01\/onibus-ribeirao-preto.jpg?fit=1200%2C675&ssl=1&resize=1050%2C600 3x"},"classes":[]},{"id":15550,"url":"https:\/\/ismaelcolosi.com.br\/index.php\/2023\/12\/13\/obito-do-filho-flavio-dino-ministro-da-justica-volta-a-tona-e-gera-comocao\/","url_meta":{"origin":39764,"position":4},"title":"\u00d3bito do filho Fl\u00e1vio Dino, \u2018Ministro da Justi\u00e7a\u2019, volta \u00e0 tona e gera como\u00e7\u00e3o","author":"ismaelcolosi.com.br","date":"13 de December de 2023","format":false,"excerpt":"Nomeado para o Supremo Tribunal Federal (STF) pelo presidente Luiz In\u00e1cio Lula da Silva, o ministro da Justi\u00e7a, Fl\u00e1vio Dino, passou por uma sabatina na Comiss\u00e3o de Constitui\u00e7\u00e3o e Justi\u00e7a (CCJ) do Senado Federal nesta quarta-feira (13).Posteriormente, seu nome ser\u00e1 submetido ao plen\u00e1rio, necessitando da aprova\u00e7\u00e3o de pelo menos 41\u2026","rel":"","context":"In &quot;Blog&quot;","block_context":{"text":"Blog","link":"https:\/\/ismaelcolosi.com.br\/index.php\/category\/blog\/"},"img":{"alt_text":"","src":"https:\/\/i0.wp.com\/ismaelcolosi.com.br\/wp-content\/uploads\/2023\/12\/postimg-657a45381cb917467.jpg?fit=1200%2C628&ssl=1&resize=350%2C200","width":350,"height":200,"srcset":"https:\/\/i0.wp.com\/ismaelcolosi.com.br\/wp-content\/uploads\/2023\/12\/postimg-657a45381cb917467.jpg?fit=1200%2C628&ssl=1&resize=350%2C200 1x, https:\/\/i0.wp.com\/ismaelcolosi.com.br\/wp-content\/uploads\/2023\/12\/postimg-657a45381cb917467.jpg?fit=1200%2C628&ssl=1&resize=525%2C300 1.5x, https:\/\/i0.wp.com\/ismaelcolosi.com.br\/wp-content\/uploads\/2023\/12\/postimg-657a45381cb917467.jpg?fit=1200%2C628&ssl=1&resize=700%2C400 2x, https:\/\/i0.wp.com\/ismaelcolosi.com.br\/wp-content\/uploads\/2023\/12\/postimg-657a45381cb917467.jpg?fit=1200%2C628&ssl=1&resize=1050%2C600 3x"},"classes":[]},{"id":27293,"url":"https:\/\/ismaelcolosi.com.br\/index.php\/2024\/01\/11\/ricardo-lewandowski-sera-o-novo-ministro-da-justica\/","url_meta":{"origin":39764,"position":5},"title":"Ricardo Lewandowski ser\u00e1 o novo ministro da Justi\u00e7a \u2013 Folha de Ribeir\u00e3o","author":"ismaelcolosi.com.br","date":"11 de January de 2024","format":false,"excerpt":"O ex-ministro do Supremo Tribunal Federal (STF) Ricardo Lewandowski assumir\u00e1 o Minist\u00e9rio da Justi\u00e7a e Seguran\u00e7a P\u00fablica. O an\u00fancio foi feito nesta quinta-feira (11) pelo presidente Luiz In\u00e1cio Lula da Silva em pronunciamento no Pal\u00e1cio do Planalto. Lewandowski ocupar\u00e1 a vaga deixada por\u00a0Fl\u00e1vio Dino, indicado de Lula ao STF para\u2026","rel":"","context":"In &quot;Not\u00edcias de Ribeir\u00e3o Preto-SP e Regi\u00e3o&quot;","block_context":{"text":"Not\u00edcias de Ribeir\u00e3o Preto-SP e Regi\u00e3o","link":"https:\/\/ismaelcolosi.com.br\/index.php\/category\/noticias-de-ribeirao-preto-sp-e-regiao-ismael-colosi\/"},"img":{"alt_text":"","src":"","width":0,"height":0},"classes":[]}],"jetpack_sharing_enabled":true,"jetpack_shortlink":"https:\/\/wp.me\/pfMlyK-alm","_links":{"self":[{"href":"https:\/\/ismaelcolosi.com.br\/index.php\/wp-json\/wp\/v2\/posts\/39764","targetHints":{"allow":["GET"]}}],"collection":[{"href":"https:\/\/ismaelcolosi.com.br\/index.php\/wp-json\/wp\/v2\/posts"}],"about":[{"href":"https:\/\/ismaelcolosi.com.br\/index.php\/wp-json\/wp\/v2\/types\/post"}],"author":[{"embeddable":true,"href":"https:\/\/ismaelcolosi.com.br\/index.php\/wp-json\/wp\/v2\/users\/1"}],"replies":[{"embeddable":true,"href":"https:\/\/ismaelcolosi.com.br\/index.php\/wp-json\/wp\/v2\/comments?post=39764"}],"version-history":[{"count":0,"href":"https:\/\/ismaelcolosi.com.br\/index.php\/wp-json\/wp\/v2\/posts\/39764\/revisions"}],"wp:featuredmedia":[{"embeddable":true,"href":"https:\/\/ismaelcolosi.com.br\/index.php\/wp-json\/wp\/v2\/media\/39765"}],"wp:attachment":[{"href":"https:\/\/ismaelcolosi.com.br\/index.php\/wp-json\/wp\/v2\/media?parent=39764"}],"wp:term":[{"taxonomy":"category","embeddable":true,"href":"https:\/\/ismaelcolosi.com.br\/index.php\/wp-json\/wp\/v2\/categories?post=39764"},{"taxonomy":"post_tag","embeddable":true,"href":"https:\/\/ismaelcolosi.com.br\/index.php\/wp-json\/wp\/v2\/tags?post=39764"}],"curies":[{"name":"wp","href":"https:\/\/api.w.org\/{rel}","templated":true}]}}