{"id":39716,"date":"2024-02-27T19:44:06","date_gmt":"2024-02-27T22:44:06","guid":{"rendered":"https:\/\/ismaelcolosi.com.br\/index.php\/2024\/02\/27\/nova-diretoria-executiva-do-botafogo-e-empossada\/"},"modified":"2024-02-27T19:44:06","modified_gmt":"2024-02-27T22:44:06","slug":"nova-diretoria-executiva-do-botafogo-e-empossada","status":"publish","type":"post","link":"https:\/\/ismaelcolosi.com.br\/index.php\/2024\/02\/27\/nova-diretoria-executiva-do-botafogo-e-empossada\/","title":{"rendered":"Nova Diretoria Executiva do Botafogo \u00e9 empossada"},"content":{"rendered":"<p> <br \/>\n<\/p>\n<div id=\"post-375206\">\n<header class=\"entry-header penci-entry-header penci-title-center\">\n<p> <span class=\"entry-meta-item penci-posted-on\"><i class=\"fa fa-clock-o\"\/><time class=\"entry-date published updated\" datetime=\"2024-02-27T19:18:26-03:00\">27 de fevereiro de 2024 | 19:18<\/time><\/span><\/p>\n<p> <span class=\"penci-social-buttons penci-social-share-footer\"><a href=\"#\" class=\"penci-post-like penci_post-meta_item  single-like-button penci-social-item like\" data-post_id=\"375206\" title=\"Like\" data-like=\"Like\" data-unlike=\"Unlike\"><i class=\"fa fa-thumbs-o-up\"\/><span class=\"penci-share-number\">0<\/span><\/a><i class=\"fa fa-facebook\"\/><a class=\"penci-social-item twitter\" target=\"_blank\" rel=\"noopener\" title=\"\" href=\"https:\/\/twitter.com\/intent\/tweet?text=Nova%20Diretoria%20Executiva%20do%20Botafogo%20\u00e9%20empossada%20-%20https:\/\/www.tribunaribeirao.com.br\/site\/nova-diretoria-executiva-do-botafogo-e-empossada\/\"><i class=\"fa fa-twitter\"\/><\/a><i class=\"fa fa-whatsapp\"\/><\/span><\/header>\n<div class=\"penci-entry-content entry-content\">\n<p>O presidente executivo do Botafogo FC, Eduardo Esteves, anunciou a nova diretoria executiva para o bi\u00eanio 2024\/2025 em reuni\u00e3o do Conselho Deliberativo realizada no Est\u00e1dio Santa Cruz.<\/p><div class='code-block code-block-8' style='margin: 8px auto; text-align: center; display: block; clear: both;'>\n<script>\n  atOptions = {\n    'key' : '66e2e2111ca34da796271819fc334058',\n    'format' : 'iframe',\n    'height' : 250,\n    'width' : 300,\n    'params' : {}\n  };\n<\/script>\n<script src=\"https:\/\/www.highperformanceformat.com\/66e2e2111ca34da796271819fc334058\/invoke.js\"><\/script>\n<\/div>\n\n<p>Al\u00e9m dele e de seu vice, Jos\u00e9 Hermenegildo De Martin, que foram aclamados em novembro de 2023, a diretoria contar\u00e1 com:<\/p>\n<ul>\n<li><strong>Diretor Jur\u00eddico<\/strong>, Eduardo Vavas<\/li>\n<li><strong>Diretor Financeiro<\/strong>, Vinicius Brino<\/li>\n<li><strong>Gerente de Rela\u00e7\u00f5es Institucionais<\/strong>, Rosalvo Barbosa<\/li>\n<li><strong>Gerente de Futebol<\/strong>, Erickson Avelar Martinho, o \u201cBirinha\u201d, que foi jogador do clube no in\u00edcio dos anos 2000<\/li>\n<li><strong>Gerente de Neg\u00f3cios Internacionais<\/strong>, Bruno Lodi<\/li>\n<\/ul>\n<p>\u201c\u00c9 sempre muito importante ter pessoas que querem trabalhar pelo clube e que sabem da sua import\u00e2ncia. \u00c9 mais uma prova que o BFC est\u00e1 mais vivo do que nunca, diferentemente do que algumas pessoas fazem quest\u00e3o de falar pela cidade. Talvez por pura falta de informa\u00e7\u00e3o\u201d, disse o presidente Eduardo Esteves.<\/p>\n<figure class=\"wp-block-image size-large\"\/>\n<p>Ele ainda revelou que os tr\u00eas principais objetivos dessa nova diretoria s\u00e3o a amplia\u00e7\u00e3o da escola de futebol, a realiza\u00e7\u00e3o de estudos sobre a situa\u00e7\u00e3o financeira da Botafogo SA e as grandes d\u00edvidas contra\u00eddas no passado que o clube vem buscando solu\u00e7\u00f5es.<\/p>\n<p>\u201cNo futebol, temos muita alegria em anunciar que o Birinha reativar\u00e1 o time Master e trabalhar\u00e1 diretamente com os atletas da escola de futebol. J\u00e1 a Ger\u00eancia de Neg\u00f3cios Internacionais nasce para colocarmos em pr\u00e1tica um antigo desejo de abrir uma unidade na Europa\u201d, explicou.<\/p>\n<p>Todos os nomes receberam parecer favor\u00e1vel do Conselho de \u00c9tica e foram aprovados por unanimidade pelos presentes na reuni\u00e3o.<\/p>\n<\/div>\n<footer class=\"penci-entry-footer\"\/><\/div>\n<p><script async src=\"\/\/platform.twitter.com\/widgets.js\" charset=\"utf-8\"><\/script><br \/>\n<br \/><br \/>\n<br \/><a href=\"https:\/\/www.tribunaribeirao.com.br\/site\/nova-diretoria-executiva-do-botafogo-e-empossada\/\">Source link <\/a><\/p>\n<div class='code-block code-block-4' style='margin: 8px auto 8px 0; text-align: left; display: block; clear: both;'>\n\ud83d\udce2 Aviso Legal\n\nO site ismaelcolosi.com.br atua apenas como um canal de divulga\u00e7\u00e3o de oportunidades de emprego e n\u00e3o se responsabiliza pelo processo seletivo, contrata\u00e7\u00e3o ou qualquer outra etapa relacionada \u00e0s vagas publicadas. Todas as informa\u00e7\u00f5es s\u00e3o de responsabilidade dos anunciantes.\n\n\u26a0\ufe0f Aten\u00e7\u00e3o! Nunca pague por promessas de emprego nem compre cursos que garantam contrata\u00e7\u00e3o. Desconfie de qualquer cobran\u00e7a para participar de sele\u00e7\u00f5es.\n\n\n<div data-type=\"_mgwidget\" data-widget-id=\"2000896\">\n<\/div>\n<script>(function(w,q){w[q]=w[q]||[];w[q].push([\"_mgc.load\"])})(window,\"_mgq\");\n<\/script>\n<\/div>\n<!-- CONTENT END 1 -->\n","protected":false},"excerpt":{"rendered":"<p>27 de fevereiro de 2024 | 19:18 0 O presidente executivo do Botafogo FC, Eduardo Esteves, anunciou a nova diretoria executiva para o bi\u00eanio 2024\/2025&#8230;<\/p>\n","protected":false},"author":1,"featured_media":39717,"comment_status":"open","ping_status":"open","sticky":false,"template":"","format":"standard","meta":{"_uag_custom_page_level_css":"","jetpack_post_was_ever_published":false,"_jetpack_newsletter_access":"","_jetpack_dont_email_post_to_subs":false,"_jetpack_newsletter_tier_id":0,"_jetpack_memberships_contains_paywalled_content":false,"_jetpack_memberships_contains_paid_content":false,"footnotes":"","jetpack_publicize_message":"","jetpack_publicize_feature_enabled":true,"jetpack_social_post_already_shared":true,"jetpack_social_options":{"image_generator_settings":{"template":"highway","default_image_id":0,"font":"","enabled":false},"version":2}},"categories":[11],"tags":[52,4580,4582,4581,422],"class_list":["post-39716","post","type-post","status-publish","format-standard","has-post-thumbnail","hentry","category-noticias-de-ribeirao-preto-sp-e-regiao-ismael-colosi","tag-botafogo","tag-diretoria","tag-empossada","tag-executiva","tag-nova"],"aioseo_notices":[],"jetpack_publicize_connections":[],"jetpack_featured_media_url":"https:\/\/i0.wp.com\/ismaelcolosi.com.br\/wp-content\/uploads\/2024\/02\/Presidente-do-Botafogo-Futebol-Clube-Eduardo-Esteves-1536x1155-1.png?fit=858%2C645&ssl=1","uagb_featured_image_src":{"full":["https:\/\/i0.wp.com\/ismaelcolosi.com.br\/wp-content\/uploads\/2024\/02\/Presidente-do-Botafogo-Futebol-Clube-Eduardo-Esteves-1536x1155-1.png?fit=858%2C645&ssl=1",858,645,false],"thumbnail":["https:\/\/i0.wp.com\/ismaelcolosi.com.br\/wp-content\/uploads\/2024\/02\/Presidente-do-Botafogo-Futebol-Clube-Eduardo-Esteves-1536x1155-1.png?resize=150%2C150&ssl=1",150,150,true],"medium":["https:\/\/i0.wp.com\/ismaelcolosi.com.br\/wp-content\/uploads\/2024\/02\/Presidente-do-Botafogo-Futebol-Clube-Eduardo-Esteves-1536x1155-1.png?fit=300%2C226&ssl=1",300,226,true],"medium_large":["https:\/\/i0.wp.com\/ismaelcolosi.com.br\/wp-content\/uploads\/2024\/02\/Presidente-do-Botafogo-Futebol-Clube-Eduardo-Esteves-1536x1155-1.png?fit=768%2C577&ssl=1",768,577,true],"large":["https:\/\/i0.wp.com\/ismaelcolosi.com.br\/wp-content\/uploads\/2024\/02\/Presidente-do-Botafogo-Futebol-Clube-Eduardo-Esteves-1536x1155-1.png?fit=858%2C645&ssl=1",858,645,true],"1536x1536":["https:\/\/i0.wp.com\/ismaelcolosi.com.br\/wp-content\/uploads\/2024\/02\/Presidente-do-Botafogo-Futebol-Clube-Eduardo-Esteves-1536x1155-1.png?fit=858%2C645&ssl=1",858,645,true],"2048x2048":["https:\/\/i0.wp.com\/ismaelcolosi.com.br\/wp-content\/uploads\/2024\/02\/Presidente-do-Botafogo-Futebol-Clube-Eduardo-Esteves-1536x1155-1.png?fit=858%2C645&ssl=1",858,645,true],"really-simple-thumb":["https:\/\/i0.wp.com\/ismaelcolosi.com.br\/wp-content\/uploads\/2024\/02\/Presidente-do-Botafogo-Futebol-Clube-Eduardo-Esteves-1536x1155-1.png?resize=370%2C247&ssl=1",370,247,true]},"uagb_author_info":{"display_name":"ismaelcolosi.com.br","author_link":"https:\/\/ismaelcolosi.com.br\/index.php\/author\/vidareal-online\/"},"uagb_comment_info":0,"uagb_excerpt":"27 de fevereiro de 2024 | 19:18 0 O presidente executivo do Botafogo FC, Eduardo Esteves, anunciou a nova diretoria executiva para o bi\u00eanio 2024\/2025...","jetpack-related-posts":[{"id":18442,"url":"https:\/\/ismaelcolosi.com.br\/index.php\/2023\/12\/20\/botafogo-anuncia-modernizacao-da-iluminacao-do-estadio-santa-cruz\/","url_meta":{"origin":39716,"position":0},"title":"Botafogo anuncia moderniza\u00e7\u00e3o da ilumina\u00e7\u00e3o do est\u00e1dio Santa Cruz","author":"ismaelcolosi.com.br","date":"20 de December de 2023","format":false,"excerpt":"O Botafogo Futebol SA, de Ribeir\u00e3o Preto, anunciou a moderniza\u00e7\u00e3o da ilumina\u00e7\u00e3o do est\u00e1dio Santa Cruz. Nesta ter\u00e7a-feira (19), o Tricolor fechou parceria com a Novvalight, fabricante de lumin\u00e1rias industriais, e ter\u00e1 uma ilumina\u00e7\u00e3o de \u00faltima gera\u00e7\u00e3o. Com a troca no sistema de ilumina\u00e7\u00e3o, o Tricolor se adequar\u00e1 as exig\u00eancias\u2026","rel":"","context":"In &quot;Not\u00edcias de Ribeir\u00e3o Preto-SP e Regi\u00e3o&quot;","block_context":{"text":"Not\u00edcias de Ribeir\u00e3o Preto-SP e Regi\u00e3o","link":"https:\/\/ismaelcolosi.com.br\/index.php\/category\/noticias-de-ribeirao-preto-sp-e-regiao-ismael-colosi\/"},"img":{"alt_text":"","src":"https:\/\/i0.wp.com\/ismaelcolosi.com.br\/wp-content\/uploads\/2023\/12\/WhatsApp-Image-2023-12-20-at-11.55.00.jpeg?fit=1200%2C676&ssl=1&resize=350%2C200","width":350,"height":200,"srcset":"https:\/\/i0.wp.com\/ismaelcolosi.com.br\/wp-content\/uploads\/2023\/12\/WhatsApp-Image-2023-12-20-at-11.55.00.jpeg?fit=1200%2C676&ssl=1&resize=350%2C200 1x, https:\/\/i0.wp.com\/ismaelcolosi.com.br\/wp-content\/uploads\/2023\/12\/WhatsApp-Image-2023-12-20-at-11.55.00.jpeg?fit=1200%2C676&ssl=1&resize=525%2C300 1.5x, https:\/\/i0.wp.com\/ismaelcolosi.com.br\/wp-content\/uploads\/2023\/12\/WhatsApp-Image-2023-12-20-at-11.55.00.jpeg?fit=1200%2C676&ssl=1&resize=700%2C400 2x, https:\/\/i0.wp.com\/ismaelcolosi.com.br\/wp-content\/uploads\/2023\/12\/WhatsApp-Image-2023-12-20-at-11.55.00.jpeg?fit=1200%2C676&ssl=1&resize=1050%2C600 3x"},"classes":[]},{"id":78194,"url":"https:\/\/ismaelcolosi.com.br\/index.php\/2024\/12\/03\/botafogo-sp-atualiza-elenco-principal-com-saidas-e-planeja-novos-reforcos-para-2024\/","url_meta":{"origin":39716,"position":1},"title":"Botafogo-SP Atualiza Elenco Principal com Sa\u00eddas e Planeja Novos Refor\u00e7os para 2024","author":"ismaelcolosi.com.br","date":"3 de December de 2024","format":false,"excerpt":"O Botafogo-SP iniciou um processo de reformula\u00e7\u00e3o no elenco principal, com sa\u00eddas de atletas que fizeram parte da campanha deste ano. A atualiza\u00e7\u00e3o foi divulgada no site oficial do clube, destacando as movimenta\u00e7\u00f5es iniciais do mercado da bola para a temporada 2024. Sa\u00eddas confirmadas Entre os jogadores que deixaram o\u2026","rel":"","context":"In &quot;Not\u00edcias de Ribeir\u00e3o Preto-SP e Regi\u00e3o&quot;","block_context":{"text":"Not\u00edcias de Ribeir\u00e3o Preto-SP e Regi\u00e3o","link":"https:\/\/ismaelcolosi.com.br\/index.php\/category\/noticias-de-ribeirao-preto-sp-e-regiao-ismael-colosi\/"},"img":{"alt_text":"","src":"https:\/\/i0.wp.com\/ismaelcolosi.com.br\/wp-content\/uploads\/2024\/12\/Botafogo-campeao.jpg?fit=1200%2C800&ssl=1&resize=350%2C200","width":350,"height":200,"srcset":"https:\/\/i0.wp.com\/ismaelcolosi.com.br\/wp-content\/uploads\/2024\/12\/Botafogo-campeao.jpg?fit=1200%2C800&ssl=1&resize=350%2C200 1x, https:\/\/i0.wp.com\/ismaelcolosi.com.br\/wp-content\/uploads\/2024\/12\/Botafogo-campeao.jpg?fit=1200%2C800&ssl=1&resize=525%2C300 1.5x, https:\/\/i0.wp.com\/ismaelcolosi.com.br\/wp-content\/uploads\/2024\/12\/Botafogo-campeao.jpg?fit=1200%2C800&ssl=1&resize=700%2C400 2x, https:\/\/i0.wp.com\/ismaelcolosi.com.br\/wp-content\/uploads\/2024\/12\/Botafogo-campeao.jpg?fit=1200%2C800&ssl=1&resize=1050%2C600 3x"},"classes":[]},{"id":25544,"url":"https:\/\/ismaelcolosi.com.br\/index.php\/2024\/01\/07\/com-reforcos-gringos-bota-se-prepara-para-temporada\/","url_meta":{"origin":39716,"position":2},"title":"Com refor\u00e7os gringos, Bota se prepara para temporada\u00a0\u00a0","author":"ismaelcolosi.com.br","date":"7 de January de 2024","format":false,"excerpt":"Ano novo, vida nova e tudo come\u00e7a outra vez. Assim \u00e9 a vida e assim \u00e9 para os clubes de futebol. No Botafogo n\u00e3o \u00e9 diferente e a prepara\u00e7\u00e3o para a temporada de 2024 est\u00e1 a todo vapor. O clube vai participar do Paulist\u00e3o, Copa do Brasil e S\u00e9rie B.\u2026","rel":"","context":"In &quot;Not\u00edcias de Ribeir\u00e3o Preto-SP e Regi\u00e3o&quot;","block_context":{"text":"Not\u00edcias de Ribeir\u00e3o Preto-SP e Regi\u00e3o","link":"https:\/\/ismaelcolosi.com.br\/index.php\/category\/noticias-de-ribeirao-preto-sp-e-regiao-ismael-colosi\/"},"img":{"alt_text":"","src":"https:\/\/i0.wp.com\/ismaelcolosi.com.br\/wp-content\/uploads\/2024\/01\/Botafogo-Leandro-Maciel-1-scaled.jpg?fit=967%2C645&ssl=1&resize=350%2C200","width":350,"height":200,"srcset":"https:\/\/i0.wp.com\/ismaelcolosi.com.br\/wp-content\/uploads\/2024\/01\/Botafogo-Leandro-Maciel-1-scaled.jpg?fit=967%2C645&ssl=1&resize=350%2C200 1x, https:\/\/i0.wp.com\/ismaelcolosi.com.br\/wp-content\/uploads\/2024\/01\/Botafogo-Leandro-Maciel-1-scaled.jpg?fit=967%2C645&ssl=1&resize=525%2C300 1.5x, https:\/\/i0.wp.com\/ismaelcolosi.com.br\/wp-content\/uploads\/2024\/01\/Botafogo-Leandro-Maciel-1-scaled.jpg?fit=967%2C645&ssl=1&resize=700%2C400 2x"},"classes":[]},{"id":20459,"url":"https:\/\/ismaelcolosi.com.br\/index.php\/2023\/12\/25\/cartolas-de-botafogo-e-comercial-avaliam-2023-como-positivo\/","url_meta":{"origin":39716,"position":3},"title":"Cartolas de Botafogo e Comercial avaliam 2023 como positivo\u00a0","author":"ismaelcolosi.com.br","date":"25 de December de 2023","format":false,"excerpt":"Pantera \u2013 Se n\u00e3o foi um ano de vit\u00f3rias, como o anterior, quando garantiram acessos ao Brasileiro da S\u00e9rie B e a A2 Paulista, respectivamente, Botafogo e Comercial tamb\u00e9m n\u00e3o podem reclamar de 2023. Mesmo sem apresentar um futebol brilhante e conquistar os torcedores, a dupla Come-Fogo conseguiu se manter\u2026","rel":"","context":"In &quot;Not\u00edcias de Ribeir\u00e3o Preto-SP e Regi\u00e3o&quot;","block_context":{"text":"Not\u00edcias de Ribeir\u00e3o Preto-SP e Regi\u00e3o","link":"https:\/\/ismaelcolosi.com.br\/index.php\/category\/noticias-de-ribeirao-preto-sp-e-regiao-ismael-colosi\/"},"img":{"alt_text":"","src":"https:\/\/i0.wp.com\/ismaelcolosi.com.br\/wp-content\/uploads\/2023\/12\/melhor-bola-futebol-campo.jpg?fit=967%2C645&ssl=1&resize=350%2C200","width":350,"height":200,"srcset":"https:\/\/i0.wp.com\/ismaelcolosi.com.br\/wp-content\/uploads\/2023\/12\/melhor-bola-futebol-campo.jpg?fit=967%2C645&ssl=1&resize=350%2C200 1x, https:\/\/i0.wp.com\/ismaelcolosi.com.br\/wp-content\/uploads\/2023\/12\/melhor-bola-futebol-campo.jpg?fit=967%2C645&ssl=1&resize=525%2C300 1.5x, https:\/\/i0.wp.com\/ismaelcolosi.com.br\/wp-content\/uploads\/2023\/12\/melhor-bola-futebol-campo.jpg?fit=967%2C645&ssl=1&resize=700%2C400 2x"},"classes":[]},{"id":1695,"url":"https:\/\/ismaelcolosi.com.br\/index.php\/2023\/11\/13\/botafogo-comunica-a-saida-do-tecnico-marcelo-chamusca\/","url_meta":{"origin":39716,"position":4},"title":"Botafogo comunica a sa\u00edda do t\u00e9cnico Marcelo Chamusca","author":"ismaelcolosi.com.br","date":"13 de November de 2023","format":false,"excerpt":"O Botafogo publicou uma nota, na tarde desta segunda-feira (13), comunicando a sa\u00edda do treinador Marcelo Chamusca. De acordo com a diretoria da equipe de Ribeir\u00e3o Preto, o treinador recebeu uma proposta para trabalhar no mundo \u00e1rabe. Al\u00e9m de Marcelo Chamusca, o auxiliar t\u00e9cnico Fl\u00e1vio Tanajura tamb\u00e9m deixa o clube.\u2026","rel":"","context":"In &quot;Not\u00edcias de Ribeir\u00e3o Preto-SP e Regi\u00e3o&quot;","block_context":{"text":"Not\u00edcias de Ribeir\u00e3o Preto-SP e Regi\u00e3o","link":"https:\/\/ismaelcolosi.com.br\/index.php\/category\/noticias-de-ribeirao-preto-sp-e-regiao-ismael-colosi\/"},"img":{"alt_text":"","src":"https:\/\/i0.wp.com\/ismaelcolosi.com.br\/wp-content\/uploads\/2023\/11\/csMolde-Midias-copiar.jpg?fit=960%2C539&ssl=1&resize=350%2C200","width":350,"height":200,"srcset":"https:\/\/i0.wp.com\/ismaelcolosi.com.br\/wp-content\/uploads\/2023\/11\/csMolde-Midias-copiar.jpg?fit=960%2C539&ssl=1&resize=350%2C200 1x, https:\/\/i0.wp.com\/ismaelcolosi.com.br\/wp-content\/uploads\/2023\/11\/csMolde-Midias-copiar.jpg?fit=960%2C539&ssl=1&resize=525%2C300 1.5x, https:\/\/i0.wp.com\/ismaelcolosi.com.br\/wp-content\/uploads\/2023\/11\/csMolde-Midias-copiar.jpg?fit=960%2C539&ssl=1&resize=700%2C400 2x"},"classes":[]},{"id":32844,"url":"https:\/\/ismaelcolosi.com.br\/index.php\/2024\/01\/26\/morre-em-ribeirao-preto-o-radialista-ricardo-tardelli-aos-81-anos\/","url_meta":{"origin":39716,"position":5},"title":"Morre em Ribeir\u00e3o Preto o radialista Ricardo Tardelli, aos 81 anos","author":"ismaelcolosi.com.br","date":"26 de January de 2024","format":false,"excerpt":"Morreu em Ribeir\u00e3o Preto, nesta sexta-feira (26), o radialista e jornalista esportivo Ricardo Tardelli, aos 81 anos. Em mais de 60 anos de carreira, Tardelli trabalhou em diversos ve\u00edculos de comunica\u00e7\u00e3o em Ribeir\u00e3o Preto, como o jornal A Cidade. Al\u00e9m disso, ele passou pelas r\u00e1dios CMN, Colorado, PRA7, Renascen\u00e7a, Clube\u2026","rel":"","context":"In &quot;Not\u00edcias de Ribeir\u00e3o Preto-SP e Regi\u00e3o&quot;","block_context":{"text":"Not\u00edcias de Ribeir\u00e3o Preto-SP e Regi\u00e3o","link":"https:\/\/ismaelcolosi.com.br\/index.php\/category\/noticias-de-ribeirao-preto-sp-e-regiao-ismael-colosi\/"},"img":{"alt_text":"","src":"https:\/\/i0.wp.com\/ismaelcolosi.com.br\/wp-content\/uploads\/2024\/01\/ricardo-tardelli.jpg?fit=1000%2C736&ssl=1&resize=350%2C200","width":350,"height":200,"srcset":"https:\/\/i0.wp.com\/ismaelcolosi.com.br\/wp-content\/uploads\/2024\/01\/ricardo-tardelli.jpg?fit=1000%2C736&ssl=1&resize=350%2C200 1x, https:\/\/i0.wp.com\/ismaelcolosi.com.br\/wp-content\/uploads\/2024\/01\/ricardo-tardelli.jpg?fit=1000%2C736&ssl=1&resize=525%2C300 1.5x, https:\/\/i0.wp.com\/ismaelcolosi.com.br\/wp-content\/uploads\/2024\/01\/ricardo-tardelli.jpg?fit=1000%2C736&ssl=1&resize=700%2C400 2x"},"classes":[]}],"jetpack_sharing_enabled":true,"jetpack_shortlink":"https:\/\/wp.me\/pfMlyK-akA","_links":{"self":[{"href":"https:\/\/ismaelcolosi.com.br\/index.php\/wp-json\/wp\/v2\/posts\/39716","targetHints":{"allow":["GET"]}}],"collection":[{"href":"https:\/\/ismaelcolosi.com.br\/index.php\/wp-json\/wp\/v2\/posts"}],"about":[{"href":"https:\/\/ismaelcolosi.com.br\/index.php\/wp-json\/wp\/v2\/types\/post"}],"author":[{"embeddable":true,"href":"https:\/\/ismaelcolosi.com.br\/index.php\/wp-json\/wp\/v2\/users\/1"}],"replies":[{"embeddable":true,"href":"https:\/\/ismaelcolosi.com.br\/index.php\/wp-json\/wp\/v2\/comments?post=39716"}],"version-history":[{"count":0,"href":"https:\/\/ismaelcolosi.com.br\/index.php\/wp-json\/wp\/v2\/posts\/39716\/revisions"}],"wp:featuredmedia":[{"embeddable":true,"href":"https:\/\/ismaelcolosi.com.br\/index.php\/wp-json\/wp\/v2\/media\/39717"}],"wp:attachment":[{"href":"https:\/\/ismaelcolosi.com.br\/index.php\/wp-json\/wp\/v2\/media?parent=39716"}],"wp:term":[{"taxonomy":"category","embeddable":true,"href":"https:\/\/ismaelcolosi.com.br\/index.php\/wp-json\/wp\/v2\/categories?post=39716"},{"taxonomy":"post_tag","embeddable":true,"href":"https:\/\/ismaelcolosi.com.br\/index.php\/wp-json\/wp\/v2\/tags?post=39716"}],"curies":[{"name":"wp","href":"https:\/\/api.w.org\/{rel}","templated":true}]}}