{"id":39714,"date":"2024-02-27T19:25:17","date_gmt":"2024-02-27T22:25:17","guid":{"rendered":"https:\/\/ismaelcolosi.com.br\/index.php\/2024\/02\/27\/construtora-divulga-datas-para-liberacao-de-trechos-interditados-no-centro-de-ribeirao-confira\/"},"modified":"2024-02-27T19:25:17","modified_gmt":"2024-02-27T22:25:17","slug":"construtora-divulga-datas-para-liberacao-de-trechos-interditados-no-centro-de-ribeirao-confira","status":"publish","type":"post","link":"https:\/\/ismaelcolosi.com.br\/index.php\/2024\/02\/27\/construtora-divulga-datas-para-liberacao-de-trechos-interditados-no-centro-de-ribeirao-confira\/","title":{"rendered":"Construtora divulga datas para libera\u00e7\u00e3o de trechos interditados no Centro de Ribeir\u00e3o; Confira"},"content":{"rendered":"<p> <br \/>\n<\/p>\n<div data-td-block-uid=\"tdi_102\">\n<div class=\"tdb-block-inner td-fix-index\">\n<p>A<strong> Prefeitura de Ribeir\u00e3o Preto<\/strong> divulgou, nesta ter\u00e7a-feira (27), uma nota informando a <strong>previs\u00e3o para libera\u00e7\u00e3o de alguns trechos da rua Bar\u00e3o do Amazonas.<\/strong><\/p>\n<p><mark style=\"background-color:#fcb900\" class=\"has-inline-color\">De acordo com o comunicado, <strong>os prazos<\/strong> <strong>foram informados pela DGB Engenharia<\/strong>, construtora respons\u00e1vel pela obra. <strong>Confira<\/strong>:<\/mark><\/p><div class='code-block code-block-8' style='margin: 8px auto; text-align: center; display: block; clear: both;'>\n<script>\n  atOptions = {\n    'key' : '66e2e2111ca34da796271819fc334058',\n    'format' : 'iframe',\n    'height' : 250,\n    'width' : 300,\n    'params' : {}\n  };\n<\/script>\n<script src=\"https:\/\/www.highperformanceformat.com\/66e2e2111ca34da796271819fc334058\/invoke.js\"><\/script>\n<\/div>\n\n<ul>\n<li><strong>Da rua Campos Sales at\u00e9 a rua Prudente de Morais<\/strong><\/li>\n<\/ul>\n<p>Previs\u00e3o de libera\u00e7\u00e3o at\u00e9 28\/02\/2024<\/p>\n<ul>\n<li><strong>Da rua Prudente de Morais at\u00e9 a rua Lafaiete<\/strong><\/li>\n<\/ul>\n<p>Previs\u00e3o de libera\u00e7\u00e3o at\u00e9 05\/03\/2024<\/p>\n<ul>\n<li><strong>Da rua Lafaiete at\u00e9 a rua Flor\u00eancio de Abreu<\/strong><\/li>\n<\/ul>\n<p>Previs\u00e3o de libera\u00e7\u00e3o at\u00e9 05\/03\/2024<\/p>\n<ul>\n<li><strong>Da Flor\u00eancio de Abreu at\u00e9 a rua Am\u00e9rico Brasiliense<\/strong><\/li>\n<\/ul>\n<p>Previs\u00e3o de libera\u00e7\u00e3o at\u00e9 12\/03\/24<\/p>\n<h4 class=\"wp-block-heading\"><strong>Outras interdi\u00e7\u00f5es<\/strong><\/h4>\n<p>Uma nova interdi\u00e7\u00e3o total tamb\u00e9m ocorrer\u00e1, nesta quarta-feira (28), no cruzamento da rua Bar\u00e3o do Amazonas com a rua S\u00e3o Sebasti\u00e3o, a partir das 9h. <strong>A previs\u00e3o de dura\u00e7\u00e3o \u00e9 de 20 dias.<\/strong><\/p>\n<p>Com essa interven\u00e7\u00e3o vi\u00e1ria, a RP Mobi recomenda aos condutores a utilizar a seguinte rota alternativa:<\/p>\n<ul>\n<li><em>Quem vem da rua Am\u00e9rico Brasiliense em dire\u00e7\u00e3o a rua Bar\u00e3o do Amazonas, deve virar \u00e0 esquerda na rua Comandante Marcondes Salgado, \u00e0 esquerda na rua S\u00e3o Sebasti\u00e3o, \u00e0 direita na rua Bar\u00e3o do Amazonas para seguir ao destino desejado.<\/em><\/li>\n<\/ul>\n<hr class=\"wp-block-separator has-alpha-channel-opacity\"\/>\n<p>SAIBA MAIS<\/p>\n<p>Ribeir\u00e3o Preto ter\u00e1 coleta de eletroeletr\u00f4nicos; Veja o que descartar \u00a0<\/p>\n<h4 class=\"wp-block-heading\"><strong><mark style=\"background-color:#fcb900\" class=\"has-inline-color\">FIQUE ON<\/mark><\/strong><\/h4>\n<p>Fique ligado em tudo que acontece em Ribeir\u00e3o Preto e regi\u00e3o. Siga os perfis do\u00a0<strong>acidade on\u00a0<\/strong>no\u00a0<a href=\"https:\/\/www.instagram.com\/acidadeonribeirao\" target=\"_blank\" rel=\"noreferrer noopener\">Instagram\u00a0<\/a>e no<a href=\"https:\/\/www.facebook.com\/acidadeonribeirao\" target=\"_blank\" rel=\"noreferrer noopener\">\u00a0Facebook<\/a>.<\/p>\n<p>Receba not\u00edcias do\u00a0<strong>acidade on\u00a0<\/strong>no WhatsApp.\u00a0<a href=\"https:\/\/chat.whatsapp.com\/Bnv2w66ZT4VDyZW3oiZ69n\" target=\"_blank\" rel=\"noreferrer noopener\">Para entrar no grupo, basta clicar aqui.<\/a><\/p>\n<p>Fa\u00e7a uma den\u00fancia ou sugira uma reportagem sobre Ribeir\u00e3o Preto e regi\u00e3o pelo WhatsApp: 16 99117 7802.<\/p>\n<p>VEJA MAIS<\/p>\n<p>Arthur Aguiar desabafa sobre ganho de peso e revela quais foram os motivos<\/p>\n<p><!-- AI CONTENT END 1 -->\n<\/div>\n<\/div>\n<p><script async src=\"\/\/www.instagram.com\/embed.js\"><\/script><br \/>\n<br \/><br \/>\n<br \/><a href=\"https:\/\/www.acidadeon.com\/ribeiraopreto\/cotidiano\/construtora-divulga-datas-para-liberacao-de-trechos-interditados-no-centro-de-ribeirao-confira\/\">Source link <\/a><\/p>\n<div class='code-block code-block-4' style='margin: 8px auto 8px 0; text-align: left; display: block; clear: both;'>\n\ud83d\udce2 Aviso Legal\n\nO site ismaelcolosi.com.br atua apenas como um canal de divulga\u00e7\u00e3o de oportunidades de emprego e n\u00e3o se responsabiliza pelo processo seletivo, contrata\u00e7\u00e3o ou qualquer outra etapa relacionada \u00e0s vagas publicadas. Todas as informa\u00e7\u00f5es s\u00e3o de responsabilidade dos anunciantes.\n\n\u26a0\ufe0f Aten\u00e7\u00e3o! Nunca pague por promessas de emprego nem compre cursos que garantam contrata\u00e7\u00e3o. Desconfie de qualquer cobran\u00e7a para participar de sele\u00e7\u00f5es.\n\n\n<div data-type=\"_mgwidget\" data-widget-id=\"2000896\">\n<\/div>\n<script>(function(w,q){w[q]=w[q]||[];w[q].push([\"_mgc.load\"])})(window,\"_mgq\");\n<\/script>\n<\/div>\n<!-- CONTENT END 1 -->\n","protected":false},"excerpt":{"rendered":"<p>A Prefeitura de Ribeir\u00e3o Preto divulgou, nesta ter\u00e7a-feira (27), uma nota informando a previs\u00e3o para libera\u00e7\u00e3o de alguns trechos da rua Bar\u00e3o do Amazonas. De&#8230;<\/p>\n","protected":false},"author":1,"featured_media":39715,"comment_status":"open","ping_status":"open","sticky":false,"template":"","format":"standard","meta":{"_uag_custom_page_level_css":"","jetpack_post_was_ever_published":false,"_jetpack_newsletter_access":"","_jetpack_dont_email_post_to_subs":false,"_jetpack_newsletter_tier_id":0,"_jetpack_memberships_contains_paywalled_content":false,"_jetpack_memberships_contains_paid_content":false,"footnotes":"","jetpack_publicize_message":"","jetpack_publicize_feature_enabled":true,"jetpack_social_post_already_shared":true,"jetpack_social_options":{"image_generator_settings":{"template":"highway","default_image_id":0,"font":"","enabled":false},"version":2}},"categories":[11],"tags":[],"class_list":["post-39714","post","type-post","status-publish","format-standard","has-post-thumbnail","hentry","category-noticias-de-ribeirao-preto-sp-e-regiao-ismael-colosi"],"aioseo_notices":[],"jetpack_publicize_connections":[],"jetpack_featured_media_url":"https:\/\/i0.wp.com\/ismaelcolosi.com.br\/wp-content\/uploads\/2024\/02\/interdicao_barao_amazonas_-_foto_guilherme_sircili_38_-_copia.jpg?fit=1620%2C1080&ssl=1","uagb_featured_image_src":{"full":["https:\/\/i0.wp.com\/ismaelcolosi.com.br\/wp-content\/uploads\/2024\/02\/interdicao_barao_amazonas_-_foto_guilherme_sircili_38_-_copia.jpg?fit=1620%2C1080&ssl=1",1620,1080,false],"thumbnail":["https:\/\/i0.wp.com\/ismaelcolosi.com.br\/wp-content\/uploads\/2024\/02\/interdicao_barao_amazonas_-_foto_guilherme_sircili_38_-_copia.jpg?resize=150%2C150&ssl=1",150,150,true],"medium":["https:\/\/i0.wp.com\/ismaelcolosi.com.br\/wp-content\/uploads\/2024\/02\/interdicao_barao_amazonas_-_foto_guilherme_sircili_38_-_copia.jpg?fit=300%2C200&ssl=1",300,200,true],"medium_large":["https:\/\/i0.wp.com\/ismaelcolosi.com.br\/wp-content\/uploads\/2024\/02\/interdicao_barao_amazonas_-_foto_guilherme_sircili_38_-_copia.jpg?fit=768%2C512&ssl=1",768,512,true],"large":["https:\/\/i0.wp.com\/ismaelcolosi.com.br\/wp-content\/uploads\/2024\/02\/interdicao_barao_amazonas_-_foto_guilherme_sircili_38_-_copia.jpg?fit=1024%2C683&ssl=1",1024,683,true],"1536x1536":["https:\/\/i0.wp.com\/ismaelcolosi.com.br\/wp-content\/uploads\/2024\/02\/interdicao_barao_amazonas_-_foto_guilherme_sircili_38_-_copia.jpg?fit=1536%2C1024&ssl=1",1536,1024,true],"2048x2048":["https:\/\/i0.wp.com\/ismaelcolosi.com.br\/wp-content\/uploads\/2024\/02\/interdicao_barao_amazonas_-_foto_guilherme_sircili_38_-_copia.jpg?fit=1620%2C1080&ssl=1",1620,1080,true],"really-simple-thumb":["https:\/\/i0.wp.com\/ismaelcolosi.com.br\/wp-content\/uploads\/2024\/02\/interdicao_barao_amazonas_-_foto_guilherme_sircili_38_-_copia.jpg?resize=370%2C247&ssl=1",370,247,true]},"uagb_author_info":{"display_name":"ismaelcolosi.com.br","author_link":"https:\/\/ismaelcolosi.com.br\/index.php\/author\/vidareal-online\/"},"uagb_comment_info":0,"uagb_excerpt":"A Prefeitura de Ribeir\u00e3o Preto divulgou, nesta ter\u00e7a-feira (27), uma nota informando a previs\u00e3o para libera\u00e7\u00e3o de alguns trechos da rua Bar\u00e3o do Amazonas. De...","jetpack-related-posts":[{"id":39760,"url":"https:\/\/ismaelcolosi.com.br\/index.php\/2024\/02\/28\/barao-do-amazonas-tera-dois-trechos-interditados-um-deles-sera-por-20-dias\/","url_meta":{"origin":39714,"position":0},"title":"Bar\u00e3o do Amazonas ter\u00e1 dois trechos interditados, um deles ser\u00e1 por 20 dias","author":"ismaelcolosi.com.br","date":"28 de February de 2024","format":false,"excerpt":"28 de fevereiro de 2024 | 8:3027 de fevereiro de 2024 | 19:01 0Com o andamento das obras do corredor de \u00f4nibus do quadril\u00e1tero Central, a partir das 9h desta quarta-feira, dia 28 de fevereiro, haver\u00e1 a interdi\u00e7\u00e3o total do cruzamento da rua Bar\u00e3o do Amazonas com a rua S\u00e3o\u2026","rel":"","context":"In &quot;Not\u00edcias de Ribeir\u00e3o Preto-SP e Regi\u00e3o&quot;","block_context":{"text":"Not\u00edcias de Ribeir\u00e3o Preto-SP e Regi\u00e3o","link":"https:\/\/ismaelcolosi.com.br\/index.php\/category\/noticias-de-ribeirao-preto-sp-e-regiao-ismael-colosi\/"},"img":{"alt_text":"","src":"https:\/\/i0.wp.com\/ismaelcolosi.com.br\/wp-content\/uploads\/2024\/02\/1709120080_bloqueio_barao_do_amazonas_-_foto_fernando_gonzaga_1-scaled.jpg?fit=967%2C645&ssl=1&resize=350%2C200","width":350,"height":200,"srcset":"https:\/\/i0.wp.com\/ismaelcolosi.com.br\/wp-content\/uploads\/2024\/02\/1709120080_bloqueio_barao_do_amazonas_-_foto_fernando_gonzaga_1-scaled.jpg?fit=967%2C645&ssl=1&resize=350%2C200 1x, https:\/\/i0.wp.com\/ismaelcolosi.com.br\/wp-content\/uploads\/2024\/02\/1709120080_bloqueio_barao_do_amazonas_-_foto_fernando_gonzaga_1-scaled.jpg?fit=967%2C645&ssl=1&resize=525%2C300 1.5x, https:\/\/i0.wp.com\/ismaelcolosi.com.br\/wp-content\/uploads\/2024\/02\/1709120080_bloqueio_barao_do_amazonas_-_foto_fernando_gonzaga_1-scaled.jpg?fit=967%2C645&ssl=1&resize=700%2C400 2x"},"classes":[]},{"id":38456,"url":"https:\/\/ismaelcolosi.com.br\/index.php\/2024\/02\/20\/trecho-da-barao-do-amazonas-ficara-interditado-por-20-dias\/","url_meta":{"origin":39714,"position":1},"title":"Trecho da Bar\u00e3o do Amazonas ficar\u00e1 interditado por 20 dias","author":"ismaelcolosi.com.br","date":"20 de February de 2024","format":false,"excerpt":"20 de fevereiro de 2024 | 8:3019 de fevereiro de 2024 | 17:17 0A partir das 13h desta ter\u00e7a-feira, dia 20 de fevereiro, haver\u00e1 a interdi\u00e7\u00e3o total de mais um trecho da rua Bar\u00e3o do Amazonas, da rua Flor\u00eancio de Abreu at\u00e9 a rua Am\u00e9rico Brasiliense, por causa do andamento\u2026","rel":"","context":"In &quot;Not\u00edcias de Ribeir\u00e3o Preto-SP e Regi\u00e3o&quot;","block_context":{"text":"Not\u00edcias de Ribeir\u00e3o Preto-SP e Regi\u00e3o","link":"https:\/\/ismaelcolosi.com.br\/index.php\/category\/noticias-de-ribeirao-preto-sp-e-regiao-ismael-colosi\/"},"img":{"alt_text":"","src":"https:\/\/i0.wp.com\/ismaelcolosi.com.br\/wp-content\/uploads\/2024\/02\/obras_mobilidade_quadrilatero_-_foto_guilherme_sircili_38-scaled.jpg?fit=967%2C645&ssl=1&resize=350%2C200","width":350,"height":200,"srcset":"https:\/\/i0.wp.com\/ismaelcolosi.com.br\/wp-content\/uploads\/2024\/02\/obras_mobilidade_quadrilatero_-_foto_guilherme_sircili_38-scaled.jpg?fit=967%2C645&ssl=1&resize=350%2C200 1x, https:\/\/i0.wp.com\/ismaelcolosi.com.br\/wp-content\/uploads\/2024\/02\/obras_mobilidade_quadrilatero_-_foto_guilherme_sircili_38-scaled.jpg?fit=967%2C645&ssl=1&resize=525%2C300 1.5x, https:\/\/i0.wp.com\/ismaelcolosi.com.br\/wp-content\/uploads\/2024\/02\/obras_mobilidade_quadrilatero_-_foto_guilherme_sircili_38-scaled.jpg?fit=967%2C645&ssl=1&resize=700%2C400 2x"},"classes":[]},{"id":32767,"url":"https:\/\/ismaelcolosi.com.br\/index.php\/2024\/01\/26\/rua-barao-do-amazonas-tem-trecho-interditado-a-partir-desta-sexta-feira-dia-26\/","url_meta":{"origin":39714,"position":2},"title":"Rua Bar\u00e3o do Amazonas tem trecho interditado a partir desta sexta-feira, dia 26 \u2013 Folha de Ribeir\u00e3o","author":"ismaelcolosi.com.br","date":"26 de January de 2024","format":false,"excerpt":"Em raz\u00e3o do andamento das obras do corredor de \u00f4nibus do quadril\u00e1tero Central, a partir da manh\u00e3 desta sexta-feira, dia 28 de janeiro, ser\u00e1 necess\u00e1ria a interdi\u00e7\u00e3o total de mais um trecho da rua Bar\u00e3o do Amazonas, sendo da rua Campos Sales at\u00e9 a rua Lafaiete. Este novo bloqueio ocorrer\u00e1\u2026","rel":"","context":"In &quot;Not\u00edcias de Ribeir\u00e3o Preto-SP e Regi\u00e3o&quot;","block_context":{"text":"Not\u00edcias de Ribeir\u00e3o Preto-SP e Regi\u00e3o","link":"https:\/\/ismaelcolosi.com.br\/index.php\/category\/noticias-de-ribeirao-preto-sp-e-regiao-ismael-colosi\/"},"img":{"alt_text":"","src":"https:\/\/i0.wp.com\/ismaelcolosi.com.br\/wp-content\/uploads\/2024\/01\/interdicao_barao_amazonas.jpg?fit=1200%2C849&ssl=1&resize=350%2C200","width":350,"height":200,"srcset":"https:\/\/i0.wp.com\/ismaelcolosi.com.br\/wp-content\/uploads\/2024\/01\/interdicao_barao_amazonas.jpg?fit=1200%2C849&ssl=1&resize=350%2C200 1x, https:\/\/i0.wp.com\/ismaelcolosi.com.br\/wp-content\/uploads\/2024\/01\/interdicao_barao_amazonas.jpg?fit=1200%2C849&ssl=1&resize=525%2C300 1.5x, https:\/\/i0.wp.com\/ismaelcolosi.com.br\/wp-content\/uploads\/2024\/01\/interdicao_barao_amazonas.jpg?fit=1200%2C849&ssl=1&resize=700%2C400 2x, https:\/\/i0.wp.com\/ismaelcolosi.com.br\/wp-content\/uploads\/2024\/01\/interdicao_barao_amazonas.jpg?fit=1200%2C849&ssl=1&resize=1050%2C600 3x"},"classes":[]},{"id":33048,"url":"https:\/\/ismaelcolosi.com.br\/index.php\/2024\/01\/27\/novo-trecho-no-centro-de-ribeirao-preto-e-interditado-veja-rota-alternativa\/","url_meta":{"origin":39714,"position":3},"title":"Novo trecho no Centro de Ribeir\u00e3o Preto \u00e9 interditado; Veja rota alternativa","author":"ismaelcolosi.com.br","date":"27 de January de 2024","format":false,"excerpt":"A rua Bar\u00e3o do Amazonas est\u00e1 com outro trecho interditado devido as obras do corredor de \u00f4nibus no Centro de Ribeir\u00e3o Preto. Desta vez, a interdi\u00e7\u00e3o acontece da rua Campos Salles at\u00e9 a rua Lafaiete. O bloqueio ocorre de modo gradativo. A DGB Engenharia, construtora respons\u00e1vel pela obra, informou que\u2026","rel":"","context":"In &quot;Not\u00edcias de Ribeir\u00e3o Preto-SP e Regi\u00e3o&quot;","block_context":{"text":"Not\u00edcias de Ribeir\u00e3o Preto-SP e Regi\u00e3o","link":"https:\/\/ismaelcolosi.com.br\/index.php\/category\/noticias-de-ribeirao-preto-sp-e-regiao-ismael-colosi\/"},"img":{"alt_text":"","src":"https:\/\/i0.wp.com\/ismaelcolosi.com.br\/wp-content\/uploads\/2024\/01\/interdicao_barao_amazonas_-_foto_guilherme_sircili_38_-_copia.jpg?fit=1200%2C800&ssl=1&resize=350%2C200","width":350,"height":200,"srcset":"https:\/\/i0.wp.com\/ismaelcolosi.com.br\/wp-content\/uploads\/2024\/01\/interdicao_barao_amazonas_-_foto_guilherme_sircili_38_-_copia.jpg?fit=1200%2C800&ssl=1&resize=350%2C200 1x, https:\/\/i0.wp.com\/ismaelcolosi.com.br\/wp-content\/uploads\/2024\/01\/interdicao_barao_amazonas_-_foto_guilherme_sircili_38_-_copia.jpg?fit=1200%2C800&ssl=1&resize=525%2C300 1.5x, https:\/\/i0.wp.com\/ismaelcolosi.com.br\/wp-content\/uploads\/2024\/01\/interdicao_barao_amazonas_-_foto_guilherme_sircili_38_-_copia.jpg?fit=1200%2C800&ssl=1&resize=700%2C400 2x, https:\/\/i0.wp.com\/ismaelcolosi.com.br\/wp-content\/uploads\/2024\/01\/interdicao_barao_amazonas_-_foto_guilherme_sircili_38_-_copia.jpg?fit=1200%2C800&ssl=1&resize=1050%2C600 3x"},"classes":[]},{"id":1399,"url":"https:\/\/ismaelcolosi.com.br\/index.php\/2023\/11\/12\/novo-trecho-da-visconde-de-inhauma-ficara-interditado-durante-15-dias\/","url_meta":{"origin":39714,"position":4},"title":"Novo trecho da Visconde de Inha\u00fama ficar\u00e1 interditado durante 15 dias","author":"ismaelcolosi.com.br","date":"12 de November de 2023","format":false,"excerpt":"12 de novembro de 2023 | 18:0011 de novembro de 2023 | 18:42 0Na manh\u00e3 da pr\u00f3xima segunda-feira, dia 13 de novembro, ser\u00e1 necess\u00e1ria a interdi\u00e7\u00e3o total de mais um trecho da rua Visconde de Inha\u00fama, entre a rua Am\u00e9rico Brasiliense e a rua Flor\u00eancio de Abreu, ao lado da\u2026","rel":"","context":"In &quot;Not\u00edcias de Ribeir\u00e3o Preto-SP e Regi\u00e3o&quot;","block_context":{"text":"Not\u00edcias de Ribeir\u00e3o Preto-SP e Regi\u00e3o","link":"https:\/\/ismaelcolosi.com.br\/index.php\/category\/noticias-de-ribeirao-preto-sp-e-regiao-ismael-colosi\/"},"img":{"alt_text":"","src":"https:\/\/i0.wp.com\/ismaelcolosi.com.br\/wp-content\/uploads\/2023\/11\/interdicao.jpeg?fit=620%2C351&ssl=1&resize=350%2C200","width":350,"height":200,"srcset":"https:\/\/i0.wp.com\/ismaelcolosi.com.br\/wp-content\/uploads\/2023\/11\/interdicao.jpeg?fit=620%2C351&ssl=1&resize=350%2C200 1x, https:\/\/i0.wp.com\/ismaelcolosi.com.br\/wp-content\/uploads\/2023\/11\/interdicao.jpeg?fit=620%2C351&ssl=1&resize=525%2C300 1.5x"},"classes":[]},{"id":13248,"url":"https:\/\/ismaelcolosi.com.br\/index.php\/2023\/12\/09\/confira-os-12-trechos-com-interdicoes-por-causa-de-obras-em-ribeirao-preto\/","url_meta":{"origin":39714,"position":5},"title":"Confira os 12 trechos com interdi\u00e7\u00f5es por causa de obras em Ribeir\u00e3o Preto","author":"ismaelcolosi.com.br","date":"9 de December de 2023","format":false,"excerpt":"Ribeir\u00e3o Preto tem, neste s\u00e1bado (9), doze trechos de interdi\u00e7\u00f5es por causa de obras. As informa\u00e7\u00f5es constam no site da Prefeitura e s\u00e3o divulgadas pela RP Mobi. A \u00fanica interdi\u00e7\u00e3o parcial \u00e9 no cruzamento da avenida Antonio e Helena Zerrener com S\u00e3o Salvador. O motivo \u00e9 a reconstru\u00e7\u00e3o do talude\u2026","rel":"","context":"In &quot;Not\u00edcias de Ribeir\u00e3o Preto-SP e Regi\u00e3o&quot;","block_context":{"text":"Not\u00edcias de Ribeir\u00e3o Preto-SP e Regi\u00e3o","link":"https:\/\/ismaelcolosi.com.br\/index.php\/category\/noticias-de-ribeirao-preto-sp-e-regiao-ismael-colosi\/"},"img":{"alt_text":"","src":"https:\/\/i0.wp.com\/ismaelcolosi.com.br\/wp-content\/uploads\/2023\/12\/WhatsApp-Image-2023-12-09-at-15.40.47.jpeg?fit=1200%2C675&ssl=1&resize=350%2C200","width":350,"height":200,"srcset":"https:\/\/i0.wp.com\/ismaelcolosi.com.br\/wp-content\/uploads\/2023\/12\/WhatsApp-Image-2023-12-09-at-15.40.47.jpeg?fit=1200%2C675&ssl=1&resize=350%2C200 1x, https:\/\/i0.wp.com\/ismaelcolosi.com.br\/wp-content\/uploads\/2023\/12\/WhatsApp-Image-2023-12-09-at-15.40.47.jpeg?fit=1200%2C675&ssl=1&resize=525%2C300 1.5x, https:\/\/i0.wp.com\/ismaelcolosi.com.br\/wp-content\/uploads\/2023\/12\/WhatsApp-Image-2023-12-09-at-15.40.47.jpeg?fit=1200%2C675&ssl=1&resize=700%2C400 2x, https:\/\/i0.wp.com\/ismaelcolosi.com.br\/wp-content\/uploads\/2023\/12\/WhatsApp-Image-2023-12-09-at-15.40.47.jpeg?fit=1200%2C675&ssl=1&resize=1050%2C600 3x"},"classes":[]}],"jetpack_sharing_enabled":true,"jetpack_shortlink":"https:\/\/wp.me\/pfMlyK-aky","_links":{"self":[{"href":"https:\/\/ismaelcolosi.com.br\/index.php\/wp-json\/wp\/v2\/posts\/39714","targetHints":{"allow":["GET"]}}],"collection":[{"href":"https:\/\/ismaelcolosi.com.br\/index.php\/wp-json\/wp\/v2\/posts"}],"about":[{"href":"https:\/\/ismaelcolosi.com.br\/index.php\/wp-json\/wp\/v2\/types\/post"}],"author":[{"embeddable":true,"href":"https:\/\/ismaelcolosi.com.br\/index.php\/wp-json\/wp\/v2\/users\/1"}],"replies":[{"embeddable":true,"href":"https:\/\/ismaelcolosi.com.br\/index.php\/wp-json\/wp\/v2\/comments?post=39714"}],"version-history":[{"count":0,"href":"https:\/\/ismaelcolosi.com.br\/index.php\/wp-json\/wp\/v2\/posts\/39714\/revisions"}],"wp:featuredmedia":[{"embeddable":true,"href":"https:\/\/ismaelcolosi.com.br\/index.php\/wp-json\/wp\/v2\/media\/39715"}],"wp:attachment":[{"href":"https:\/\/ismaelcolosi.com.br\/index.php\/wp-json\/wp\/v2\/media?parent=39714"}],"wp:term":[{"taxonomy":"category","embeddable":true,"href":"https:\/\/ismaelcolosi.com.br\/index.php\/wp-json\/wp\/v2\/categories?post=39714"},{"taxonomy":"post_tag","embeddable":true,"href":"https:\/\/ismaelcolosi.com.br\/index.php\/wp-json\/wp\/v2\/tags?post=39714"}],"curies":[{"name":"wp","href":"https:\/\/api.w.org\/{rel}","templated":true}]}}