{"id":39698,"date":"2024-02-27T17:42:57","date_gmt":"2024-02-27T20:42:57","guid":{"rendered":"https:\/\/ismaelcolosi.com.br\/index.php\/2024\/02\/27\/ribeirao-preto-tera-coleta-de-eletroeletronicos-veja-o-que-descartar\/"},"modified":"2024-02-27T17:42:57","modified_gmt":"2024-02-27T20:42:57","slug":"ribeirao-preto-tera-coleta-de-eletroeletronicos-veja-o-que-descartar","status":"publish","type":"post","link":"https:\/\/ismaelcolosi.com.br\/index.php\/2024\/02\/27\/ribeirao-preto-tera-coleta-de-eletroeletronicos-veja-o-que-descartar\/","title":{"rendered":"Ribeir\u00e3o Preto ter\u00e1 coleta de eletroeletr\u00f4nicos; Veja o que descartar \u00a0"},"content":{"rendered":"<p> <br \/>\n<\/p>\n<div data-td-block-uid=\"tdi_102\">\n<div class=\"tdb-block-inner td-fix-index\">\n<p>A <strong>segunda<\/strong> <strong>edi\u00e7\u00e3o<\/strong> da <strong>campanha <\/strong>de <strong>arrecada\u00e7\u00e3o<\/strong> de <strong>eletroeletr\u00f4nicos<\/strong> e <strong>eletrodom\u00e9sticos <\/strong>realizada pela Secretaria Municipal de Infraestrutura e a Abree (Associa\u00e7\u00e3o Brasileira de Reciclagem de Eletroeletr\u00f4nicos e Eletrodom\u00e9sticos) <strong>acontece<\/strong> neste <strong>s\u00e1bado<\/strong> (2).<\/p>\n<p>A a\u00e7\u00e3o ser\u00e1 no <strong>Parque Maur\u00edlio Biagi<\/strong>, que fica na avenida Elp\u00eddio Gomes, 327, na Vila Am\u00e9lia, zona Oeste de Ribeir\u00e3o Preto. O hor\u00e1rio do recolhimento dos descartes ser\u00e1 das<strong> 10h \u00e0s 17h<\/strong>, em formato<strong> drive-thru<\/strong>.<\/p><div class='code-block code-block-8' style='margin: 8px auto; text-align: center; display: block; clear: both;'>\n<script>\n  atOptions = {\n    'key' : '66e2e2111ca34da796271819fc334058',\n    'format' : 'iframe',\n    'height' : 250,\n    'width' : 300,\n    'params' : {}\n  };\n<\/script>\n<script src=\"https:\/\/www.highperformanceformat.com\/66e2e2111ca34da796271819fc334058\/invoke.js\"><\/script>\n<\/div>\n\n<p><strong>Confira alguns dos produtos que podem ser descartados<\/strong><\/p>\n<ul>\n<li>Celulares\u00a0\u00a0<\/li>\n<li>Fone de ouvidos\u00a0\u00a0<\/li>\n<li>Geladeiras\u00a0<\/li>\n<li>M\u00e1quinas de lavar<\/li>\n<li>Fog\u00f5es e cooktops\u00a0\u00a0<\/li>\n<li>Televisores\u00a0\u00a0<\/li>\n<li>Secadores\u00a0\u00a0<\/li>\n<li>Batedeiras\u00a0\u00a0<\/li>\n<li>Ar condicionado\u00a0\u00a0<\/li>\n<li>Microondas\u00a0\u00a0<\/li>\n<li>Ferramentas<\/li>\n<li>Equipamentos de inform\u00e1tica<\/li>\n<li>R\u00e1dios<\/li>\n<li>Videogames e consoles<\/li>\n<\/ul>\n<p>O<strong> objetivo<\/strong> da <strong>campanha<\/strong> \u00e9 <strong>conscientizar<\/strong> \u00e0 <strong>popula\u00e7\u00e3o <\/strong>sobre a <strong>import\u00e2ncia<\/strong> do <strong>descarte<\/strong> <strong>correto<\/strong> desses <strong>equipamentos<\/strong>. <\/p>\n<p><strong>Ap\u00f3s<\/strong> o <strong>recolhimento<\/strong> dos produtos, por parte da <strong>Abree<\/strong>, eles ser\u00e3o encaminhados para uma empresa especializada em <strong>manufatura reversa<\/strong>, o que possibilita o processamento correto dos res\u00edduos.<\/p>\n<h4 class=\"wp-block-heading\"><strong>Ecopontos<\/strong><\/h4>\n<p>Mesmo com a realiza\u00e7\u00e3o de campanhas espec\u00edficas como esta de s\u00e1bado, a Secretaria Municipal de Infraestrutura ressalta que o <strong>descarte<\/strong> <strong>adequado<\/strong> pode ser <strong>feito<\/strong> durante <strong>todo o ano<\/strong> em <strong>todos os ecopontos<\/strong> da cidade gratuitamente (<a href=\"https:\/\/www.ribeiraopreto.sp.gov.br\/portal\/coordenadoria-limpeza\/ecopontos\" target=\"_blank\" rel=\"noreferrer noopener nofollow\">veja os locais<\/a>).<\/p>\n<p>De setembro de 2023 at\u00e9 hoje j\u00e1 foram mais de 30 toneladas de res\u00edduos recolhidos.<\/p>\n<p>SAIBA MAIS<br \/>Entenda como s\u00e3o registrados os beb\u00eas nascidos no dia 29 de fevereiro<\/p>\n<h4 class=\"wp-block-heading\"><strong>FIQUE ON<\/strong><\/h4>\n<p>Fique ligado em tudo que acontece em Ribeir\u00e3o Preto e regi\u00e3o. Siga os perfis do\u00a0<strong>acidade on\u00a0<\/strong>no\u00a0<a href=\"https:\/\/www.instagram.com\/acidadeonribeirao\" target=\"_blank\" rel=\"noreferrer noopener\">Instagram\u00a0<\/a>e no<a href=\"https:\/\/www.facebook.com\/acidadeonribeirao\" target=\"_blank\" rel=\"noreferrer noopener\">\u00a0Facebook<\/a>.<\/p>\n<p>Receba not\u00edcias do\u00a0<strong>acidade on\u00a0<\/strong>no WhatsApp.\u00a0<a href=\"https:\/\/chat.whatsapp.com\/Bnv2w66ZT4VDyZW3oiZ69n\" target=\"_blank\" rel=\"noreferrer noopener\">Para entrar no grupo, basta clicar aqui.<\/a><\/p>\n<p>Fa\u00e7a uma den\u00fancia ou sugira uma reportagem sobre Ribeir\u00e3o Preto e regi\u00e3o pelo WhatsApp: 16 99117 7802.<\/p>\n<p>VEJA TAMB\u00c9M<br \/>Arthur Aguiar desabafa sobre ganho de peso e revela quais foram os motivos<\/p>\n<p><!-- AI CONTENT END 1 -->\n<\/div>\n<\/div>\n<p><script async src=\"\/\/www.instagram.com\/embed.js\"><\/script><br \/>\n<br \/><br \/>\n<br \/><a href=\"https:\/\/www.acidadeon.com\/ribeiraopreto\/cotidiano\/ribeirao-preto-tera-coleta-de-eletroeletronicos-veja-o-que-descartar\/\">Source link <\/a><\/p>\n<div class='code-block code-block-4' style='margin: 8px auto 8px 0; text-align: left; display: block; clear: both;'>\n\ud83d\udce2 Aviso Legal\n\nO site ismaelcolosi.com.br atua apenas como um canal de divulga\u00e7\u00e3o de oportunidades de emprego e n\u00e3o se responsabiliza pelo processo seletivo, contrata\u00e7\u00e3o ou qualquer outra etapa relacionada \u00e0s vagas publicadas. Todas as informa\u00e7\u00f5es s\u00e3o de responsabilidade dos anunciantes.\n\n\u26a0\ufe0f Aten\u00e7\u00e3o! Nunca pague por promessas de emprego nem compre cursos que garantam contrata\u00e7\u00e3o. Desconfie de qualquer cobran\u00e7a para participar de sele\u00e7\u00f5es.\n\n\n\n<\/div>\n<!-- CONTENT END 1 -->\n","protected":false},"excerpt":{"rendered":"<p>A segunda edi\u00e7\u00e3o da campanha de arrecada\u00e7\u00e3o de eletroeletr\u00f4nicos e eletrodom\u00e9sticos realizada pela Secretaria Municipal de Infraestrutura e a Abree (Associa\u00e7\u00e3o Brasileira de Reciclagem de&#8230;<\/p>\n","protected":false},"author":1,"featured_media":39699,"comment_status":"open","ping_status":"open","sticky":false,"template":"","format":"standard","meta":{"_uag_custom_page_level_css":"","advanced_seo_description":"","jetpack_seo_html_title":"","jetpack_seo_noindex":false,"jetpack_post_was_ever_published":false,"_jetpack_newsletter_access":"","_jetpack_dont_email_post_to_subs":false,"_jetpack_newsletter_tier_id":0,"_jetpack_memberships_contains_paywalled_content":false,"_jetpack_memberships_contains_paid_content":false,"footnotes":"","jetpack_publicize_message":"","jetpack_publicize_feature_enabled":true,"jetpack_social_post_already_shared":true,"jetpack_social_options":{"image_generator_settings":{"template":"highway","default_image_id":0,"font":"","enabled":false},"version":2}},"categories":[11],"tags":[],"class_list":["post-39698","post","type-post","status-publish","format-standard","has-post-thumbnail","hentry","category-noticias-de-ribeirao-preto-sp-e-regiao-ismael-colosi"],"jetpack_publicize_connections":[],"jetpack_featured_media_url":"https:\/\/i0.wp.com\/ismaelcolosi.com.br\/wp-content\/uploads\/2024\/02\/Copia-de-Copia-de-TAMANHO-EXATO-PARA-FOTOS-NO-SISTEMA-NOVO-18.jpg?fit=1200%2C675&ssl=1","uagb_featured_image_src":{"full":["https:\/\/i0.wp.com\/ismaelcolosi.com.br\/wp-content\/uploads\/2024\/02\/Copia-de-Copia-de-TAMANHO-EXATO-PARA-FOTOS-NO-SISTEMA-NOVO-18.jpg?fit=1200%2C675&ssl=1",1200,675,false],"thumbnail":["https:\/\/i0.wp.com\/ismaelcolosi.com.br\/wp-content\/uploads\/2024\/02\/Copia-de-Copia-de-TAMANHO-EXATO-PARA-FOTOS-NO-SISTEMA-NOVO-18.jpg?resize=150%2C150&ssl=1",150,150,true],"medium":["https:\/\/i0.wp.com\/ismaelcolosi.com.br\/wp-content\/uploads\/2024\/02\/Copia-de-Copia-de-TAMANHO-EXATO-PARA-FOTOS-NO-SISTEMA-NOVO-18.jpg?fit=300%2C169&ssl=1",300,169,true],"medium_large":["https:\/\/i0.wp.com\/ismaelcolosi.com.br\/wp-content\/uploads\/2024\/02\/Copia-de-Copia-de-TAMANHO-EXATO-PARA-FOTOS-NO-SISTEMA-NOVO-18.jpg?fit=768%2C432&ssl=1",768,432,true],"large":["https:\/\/i0.wp.com\/ismaelcolosi.com.br\/wp-content\/uploads\/2024\/02\/Copia-de-Copia-de-TAMANHO-EXATO-PARA-FOTOS-NO-SISTEMA-NOVO-18.jpg?fit=1024%2C576&ssl=1",1024,576,true],"1536x1536":["https:\/\/i0.wp.com\/ismaelcolosi.com.br\/wp-content\/uploads\/2024\/02\/Copia-de-Copia-de-TAMANHO-EXATO-PARA-FOTOS-NO-SISTEMA-NOVO-18.jpg?fit=1200%2C675&ssl=1",1200,675,true],"2048x2048":["https:\/\/i0.wp.com\/ismaelcolosi.com.br\/wp-content\/uploads\/2024\/02\/Copia-de-Copia-de-TAMANHO-EXATO-PARA-FOTOS-NO-SISTEMA-NOVO-18.jpg?fit=1200%2C675&ssl=1",1200,675,true],"really-simple-thumb":["https:\/\/i0.wp.com\/ismaelcolosi.com.br\/wp-content\/uploads\/2024\/02\/Copia-de-Copia-de-TAMANHO-EXATO-PARA-FOTOS-NO-SISTEMA-NOVO-18.jpg?resize=370%2C247&ssl=1",370,247,true]},"uagb_author_info":{"display_name":"ismaelcolosi.com.br","author_link":"https:\/\/ismaelcolosi.com.br\/index.php\/author\/vidareal-online\/"},"uagb_comment_info":0,"uagb_excerpt":"A segunda edi\u00e7\u00e3o da campanha de arrecada\u00e7\u00e3o de eletroeletr\u00f4nicos e eletrodom\u00e9sticos realizada pela Secretaria Municipal de Infraestrutura e a Abree (Associa\u00e7\u00e3o Brasileira de Reciclagem de...","jetpack-related-posts":[{"id":39950,"url":"https:\/\/ismaelcolosi.com.br\/index.php\/2024\/02\/29\/abree-e-prefeitura-rp-realizam-campanha-de-arrecadacao-de-eletroeletronicos\/","url_meta":{"origin":39698,"position":0},"title":"ABREE e Prefeitura RP realizam campanha de arrecada\u00e7\u00e3o de eletroeletr\u00f4nicos","author":"ismaelcolosi.com.br","date":"29 de February de 2024","format":false,"excerpt":"29 de fevereiro de 2024 | 9:3929 de fevereiro de 2024 | 9:41 0No dia 2 de mar\u00e7o, a ABREE \u2013 Associa\u00e7\u00e3o Brasileira de Reciclagem de Eletroeletr\u00f4nicos e Eletrodom\u00e9sticos, em parceria com a Prefeitura de Ribeir\u00e3o Preto, por meio da Secret\u00e1ria da Infraestrutura, promover\u00e1 a segunda edi\u00e7\u00e3o da campanha de\u2026","rel":"","context":"In &quot;Not\u00edcias de Ribeir\u00e3o Preto-SP e Regi\u00e3o&quot;","block_context":{"text":"Not\u00edcias de Ribeir\u00e3o Preto-SP e Regi\u00e3o","link":"https:\/\/ismaelcolosi.com.br\/index.php\/category\/noticias-de-ribeirao-preto-sp-e-regiao-ismael-colosi\/"},"img":{"alt_text":"","src":"https:\/\/i0.wp.com\/ismaelcolosi.com.br\/wp-content\/uploads\/2024\/02\/seminario-internacional-dos-residuos-557x557_557x557-1.jpg?fit=557%2C557&ssl=1&resize=350%2C200","width":350,"height":200,"srcset":"https:\/\/i0.wp.com\/ismaelcolosi.com.br\/wp-content\/uploads\/2024\/02\/seminario-internacional-dos-residuos-557x557_557x557-1.jpg?fit=557%2C557&ssl=1&resize=350%2C200 1x, https:\/\/i0.wp.com\/ismaelcolosi.com.br\/wp-content\/uploads\/2024\/02\/seminario-internacional-dos-residuos-557x557_557x557-1.jpg?fit=557%2C557&ssl=1&resize=525%2C300 1.5x"},"classes":[]},{"id":39862,"url":"https:\/\/ismaelcolosi.com.br\/index.php\/2024\/02\/28\/prefeitura-realizara-2a-edicao-do-drive-thru-de-coleta-de-eletroeletronicos\/","url_meta":{"origin":39698,"position":1},"title":"Prefeitura realizar\u00e1 2\u00aa edi\u00e7\u00e3o do Drive-Thru de Coleta de Eletroeletr\u00f4nicos","author":"ismaelcolosi.com.br","date":"28 de February de 2024","format":false,"excerpt":"28 de fevereiro de 2024 | 18:0027 de fevereiro de 2024 | 19:55 0A Secretaria da Infraestrutura, em parceria com a Associa\u00e7\u00e3o Brasileira de Reciclagem de Eletroeletr\u00f4nicos e Eletrodom\u00e9sticos (ABREE), realizar\u00e1 a 2\u00b0 edi\u00e7\u00e3o da campanha de arrecada\u00e7\u00e3o de eletroeletr\u00f4nicos e eletrodom\u00e9sticos p\u00f3s-consumo, no pr\u00f3ximo s\u00e1bado, 02 de mar\u00e7o, das\u2026","rel":"","context":"In &quot;Not\u00edcias de Ribeir\u00e3o Preto-SP e Regi\u00e3o&quot;","block_context":{"text":"Not\u00edcias de Ribeir\u00e3o Preto-SP e Regi\u00e3o","link":"https:\/\/ismaelcolosi.com.br\/index.php\/category\/noticias-de-ribeirao-preto-sp-e-regiao-ismael-colosi\/"},"img":{"alt_text":"","src":"https:\/\/i0.wp.com\/ismaelcolosi.com.br\/wp-content\/uploads\/2024\/02\/coleta_eletroeletronicos_-_copia-scaled.jpg?fit=873%2C645&ssl=1&resize=350%2C200","width":350,"height":200,"srcset":"https:\/\/i0.wp.com\/ismaelcolosi.com.br\/wp-content\/uploads\/2024\/02\/coleta_eletroeletronicos_-_copia-scaled.jpg?fit=873%2C645&ssl=1&resize=350%2C200 1x, https:\/\/i0.wp.com\/ismaelcolosi.com.br\/wp-content\/uploads\/2024\/02\/coleta_eletroeletronicos_-_copia-scaled.jpg?fit=873%2C645&ssl=1&resize=525%2C300 1.5x, https:\/\/i0.wp.com\/ismaelcolosi.com.br\/wp-content\/uploads\/2024\/02\/coleta_eletroeletronicos_-_copia-scaled.jpg?fit=873%2C645&ssl=1&resize=700%2C400 2x"},"classes":[]},{"id":66442,"url":"https:\/\/ismaelcolosi.com.br\/index.php\/2024\/09\/17\/saiba-como-descartar-eletronicos-e-eletrodomesticos-em-ribeirao-preto\/","url_meta":{"origin":39698,"position":2},"title":"Saiba como descartar eletr\u00f4nicos e eletrodom\u00e9sticos em Ribeir\u00e3o Preto","author":"ismaelcolosi.com.br","date":"17 de September de 2024","format":false,"excerpt":"A Associa\u00e7\u00e3o Brasileira de Reciclagem de Eletroeletr\u00f4nicos e Eletrodom\u00e9sticos (Abree) junto com a Prefeitura de Ribeir\u00e3o Preto realizar\u00e3o, no pr\u00f3ximo s\u00e1bado (21), uma campanha de coleta de eletroeletr\u00f4nicos e eletrodom\u00e9sticos p\u00f3s-consumo. O evento acontecer\u00e1 no Parque das Artes, das 10 \u00e0s 17 horas. A iniciativa visa conscientizar a popula\u00e7\u00e3o a\u2026","rel":"","context":"In &quot;Not\u00edcias de Ribeir\u00e3o Preto-SP e Regi\u00e3o&quot;","block_context":{"text":"Not\u00edcias de Ribeir\u00e3o Preto-SP e Regi\u00e3o","link":"https:\/\/ismaelcolosi.com.br\/index.php\/category\/noticias-de-ribeirao-preto-sp-e-regiao-ismael-colosi\/"},"img":{"alt_text":"","src":"https:\/\/i0.wp.com\/ismaelcolosi.com.br\/wp-content\/uploads\/2024\/09\/Ribeirao-Preto_2024-09-17_18-59-20_jpg_2024-09-17_18-59-20.webp.webp?fit=984%2C738&ssl=1&resize=350%2C200","width":350,"height":200,"srcset":"https:\/\/i0.wp.com\/ismaelcolosi.com.br\/wp-content\/uploads\/2024\/09\/Ribeirao-Preto_2024-09-17_18-59-20_jpg_2024-09-17_18-59-20.webp.webp?fit=984%2C738&ssl=1&resize=350%2C200 1x, https:\/\/i0.wp.com\/ismaelcolosi.com.br\/wp-content\/uploads\/2024\/09\/Ribeirao-Preto_2024-09-17_18-59-20_jpg_2024-09-17_18-59-20.webp.webp?fit=984%2C738&ssl=1&resize=525%2C300 1.5x, https:\/\/i0.wp.com\/ismaelcolosi.com.br\/wp-content\/uploads\/2024\/09\/Ribeirao-Preto_2024-09-17_18-59-20_jpg_2024-09-17_18-59-20.webp.webp?fit=984%2C738&ssl=1&resize=700%2C400 2x"},"classes":[]},{"id":29678,"url":"https:\/\/ismaelcolosi.com.br\/index.php\/2024\/01\/19\/confira-os-locais-dos-ecopontos-em-ribeirao-preto\/","url_meta":{"origin":39698,"position":3},"title":"Confira os locais dos Ecopontos em Ribeir\u00e3o Preto","author":"ismaelcolosi.com.br","date":"19 de January de 2024","format":false,"excerpt":"Se voc\u00ea tem um eletrodom\u00e9stico ou eletroeletr\u00f4nico que n\u00e3o usa mais e n\u00e3o sabe onde descartar, em Ribeir\u00e3o Preto h\u00e1 o programa de Ecopontos. Esse locais recebem esses objetos, res\u00edduos da constru\u00e7\u00e3o civil, recicl\u00e1veis e todo tipo de inserv\u00edveis. O servi\u00e7o \u00e9 de gra\u00e7a e permite o descarte de at\u00e9\u2026","rel":"","context":"In &quot;Not\u00edcias de Ribeir\u00e3o Preto-SP e Regi\u00e3o&quot;","block_context":{"text":"Not\u00edcias de Ribeir\u00e3o Preto-SP e Regi\u00e3o","link":"https:\/\/ismaelcolosi.com.br\/index.php\/category\/noticias-de-ribeirao-preto-sp-e-regiao-ismael-colosi\/"},"img":{"alt_text":"","src":"https:\/\/i0.wp.com\/ismaelcolosi.com.br\/wp-content\/uploads\/2024\/01\/ecoponto.jpeg?fit=1200%2C800&ssl=1&resize=350%2C200","width":350,"height":200,"srcset":"https:\/\/i0.wp.com\/ismaelcolosi.com.br\/wp-content\/uploads\/2024\/01\/ecoponto.jpeg?fit=1200%2C800&ssl=1&resize=350%2C200 1x, https:\/\/i0.wp.com\/ismaelcolosi.com.br\/wp-content\/uploads\/2024\/01\/ecoponto.jpeg?fit=1200%2C800&ssl=1&resize=525%2C300 1.5x, https:\/\/i0.wp.com\/ismaelcolosi.com.br\/wp-content\/uploads\/2024\/01\/ecoponto.jpeg?fit=1200%2C800&ssl=1&resize=700%2C400 2x, https:\/\/i0.wp.com\/ismaelcolosi.com.br\/wp-content\/uploads\/2024\/01\/ecoponto.jpeg?fit=1200%2C800&ssl=1&resize=1050%2C600 3x"},"classes":[]},{"id":36110,"url":"https:\/\/ismaelcolosi.com.br\/index.php\/2024\/02\/08\/ecopontos-recebem-30-toneladas-de-eletronicos-em-cinco-meses\/","url_meta":{"origin":39698,"position":4},"title":"Ecopontos recebem 30 toneladas de eletr\u00f4nicos\u00a0em cinco meses","author":"ismaelcolosi.com.br","date":"8 de February de 2024","format":false,"excerpt":"Para atender \u00e0 popula\u00e7\u00e3o, a prefeitura de Ribeir\u00e3o Preto, em parceria com a Associa\u00e7\u00e3o Brasileira de Reciclagem de Eletroeletr\u00f4nicos e Eletrodom\u00e9sticos (Abree), realiza, desde 23 de setembro do ano passado, a coleta gratuita de eletr\u00f4nicos em todos os ecopontos da cidade.\u00a0 De acordo com a secret\u00e1ria municipal de Infraestrutura, Catherine\u2026","rel":"","context":"In &quot;Not\u00edcias de Ribeir\u00e3o Preto-SP e Regi\u00e3o&quot;","block_context":{"text":"Not\u00edcias de Ribeir\u00e3o Preto-SP e Regi\u00e3o","link":"https:\/\/ismaelcolosi.com.br\/index.php\/category\/noticias-de-ribeirao-preto-sp-e-regiao-ismael-colosi\/"},"img":{"alt_text":"","src":"https:\/\/i0.wp.com\/ismaelcolosi.com.br\/wp-content\/uploads\/2024\/02\/Ecoponto-Divulgacao-01-scaled.jpeg?fit=1000%2C562&ssl=1&resize=350%2C200","width":350,"height":200,"srcset":"https:\/\/i0.wp.com\/ismaelcolosi.com.br\/wp-content\/uploads\/2024\/02\/Ecoponto-Divulgacao-01-scaled.jpeg?fit=1000%2C562&ssl=1&resize=350%2C200 1x, https:\/\/i0.wp.com\/ismaelcolosi.com.br\/wp-content\/uploads\/2024\/02\/Ecoponto-Divulgacao-01-scaled.jpeg?fit=1000%2C562&ssl=1&resize=525%2C300 1.5x, https:\/\/i0.wp.com\/ismaelcolosi.com.br\/wp-content\/uploads\/2024\/02\/Ecoponto-Divulgacao-01-scaled.jpeg?fit=1000%2C562&ssl=1&resize=700%2C400 2x"},"classes":[]},{"id":3206,"url":"https:\/\/ismaelcolosi.com.br\/index.php\/2023\/11\/17\/varejo-deve-faturar-r-464-bi-com-recorde-de-vendas-na-black-friday\/","url_meta":{"origin":39698,"position":5},"title":"Varejo deve faturar R$ 4,64 bi com recorde de vendas na Black Friday","author":"ismaelcolosi.com.br","date":"17 de November de 2023","format":false,"excerpt":"O com\u00e9rcio varejista deve faturar R$ 4,64 bilh\u00f5es na campanha de promo\u00e7\u00f5es da Black Friday deste ano, prev\u00ea a Confedera\u00e7\u00e3o Nacional do Com\u00e9rcio de Bens, Servi\u00e7os e Turismo (CNC). O resultado representa crescimento de 4,3% em rela\u00e7\u00e3o ao ano passado, j\u00e1 descontada a infla\u00e7\u00e3o no per\u00edodo. As vendas alcan\u00e7ar\u00e3o assim\u2026","rel":"","context":"In &quot;Not\u00edcias de Ribeir\u00e3o Preto-SP e Regi\u00e3o&quot;","block_context":{"text":"Not\u00edcias de Ribeir\u00e3o Preto-SP e Regi\u00e3o","link":"https:\/\/ismaelcolosi.com.br\/index.php\/category\/noticias-de-ribeirao-preto-sp-e-regiao-ismael-colosi\/"},"img":{"alt_text":"","src":"https:\/\/i0.wp.com\/ismaelcolosi.com.br\/wp-content\/uploads\/2023\/11\/credit-cards-1583534_1280.jpg?fit=1200%2C800&ssl=1&resize=350%2C200","width":350,"height":200,"srcset":"https:\/\/i0.wp.com\/ismaelcolosi.com.br\/wp-content\/uploads\/2023\/11\/credit-cards-1583534_1280.jpg?fit=1200%2C800&ssl=1&resize=350%2C200 1x, https:\/\/i0.wp.com\/ismaelcolosi.com.br\/wp-content\/uploads\/2023\/11\/credit-cards-1583534_1280.jpg?fit=1200%2C800&ssl=1&resize=525%2C300 1.5x, https:\/\/i0.wp.com\/ismaelcolosi.com.br\/wp-content\/uploads\/2023\/11\/credit-cards-1583534_1280.jpg?fit=1200%2C800&ssl=1&resize=700%2C400 2x, https:\/\/i0.wp.com\/ismaelcolosi.com.br\/wp-content\/uploads\/2023\/11\/credit-cards-1583534_1280.jpg?fit=1200%2C800&ssl=1&resize=1050%2C600 3x"},"classes":[]}],"jetpack_sharing_enabled":true,"jetpack_shortlink":"https:\/\/wp.me\/pfMlyK-aki","_links":{"self":[{"href":"https:\/\/ismaelcolosi.com.br\/index.php\/wp-json\/wp\/v2\/posts\/39698","targetHints":{"allow":["GET"]}}],"collection":[{"href":"https:\/\/ismaelcolosi.com.br\/index.php\/wp-json\/wp\/v2\/posts"}],"about":[{"href":"https:\/\/ismaelcolosi.com.br\/index.php\/wp-json\/wp\/v2\/types\/post"}],"author":[{"embeddable":true,"href":"https:\/\/ismaelcolosi.com.br\/index.php\/wp-json\/wp\/v2\/users\/1"}],"replies":[{"embeddable":true,"href":"https:\/\/ismaelcolosi.com.br\/index.php\/wp-json\/wp\/v2\/comments?post=39698"}],"version-history":[{"count":0,"href":"https:\/\/ismaelcolosi.com.br\/index.php\/wp-json\/wp\/v2\/posts\/39698\/revisions"}],"wp:featuredmedia":[{"embeddable":true,"href":"https:\/\/ismaelcolosi.com.br\/index.php\/wp-json\/wp\/v2\/media\/39699"}],"wp:attachment":[{"href":"https:\/\/ismaelcolosi.com.br\/index.php\/wp-json\/wp\/v2\/media?parent=39698"}],"wp:term":[{"taxonomy":"category","embeddable":true,"href":"https:\/\/ismaelcolosi.com.br\/index.php\/wp-json\/wp\/v2\/categories?post=39698"},{"taxonomy":"post_tag","embeddable":true,"href":"https:\/\/ismaelcolosi.com.br\/index.php\/wp-json\/wp\/v2\/tags?post=39698"}],"curies":[{"name":"wp","href":"https:\/\/api.w.org\/{rel}","templated":true}]}}