{"id":39694,"date":"2024-02-27T17:33:23","date_gmt":"2024-02-27T20:33:23","guid":{"rendered":"https:\/\/ismaelcolosi.com.br\/index.php\/2024\/02\/27\/apesar-de-estreia-com-derrota-fesan-mostra-confianca-no-comercial\/"},"modified":"2024-02-27T17:33:23","modified_gmt":"2024-02-27T20:33:23","slug":"apesar-de-estreia-com-derrota-fesan-mostra-confianca-no-comercial","status":"publish","type":"post","link":"https:\/\/ismaelcolosi.com.br\/index.php\/2024\/02\/27\/apesar-de-estreia-com-derrota-fesan-mostra-confianca-no-comercial\/","title":{"rendered":"Apesar de estreia com derrota, Fesan mostra confian\u00e7a no Comercial"},"content":{"rendered":"<p> <br \/>\n<\/p>\n<div id=\"\">\n<p> <span class=\"entry-meta-item penci-posted-on\"><i class=\"fa fa-clock-o\"\/><time class=\"entry-date published\" datetime=\"2024-02-27T17:30:32-03:00\">27 de fevereiro de 2024 | 17:30<\/time><time class=\"updated\" datetime=\"2024-02-27T10:18:01-03:00\">27 de fevereiro de 2024 | 10:18<\/time><\/span><\/p>\n<p> <span class=\"penci-social-buttons penci-social-share-footer\"><a href=\"#\" class=\"penci-post-like penci_post-meta_item  single-like-button penci-social-item like\" data-post_id=\"375148\" title=\"Like\" data-like=\"Like\" data-unlike=\"Unlike\"><i class=\"fa fa-thumbs-o-up\"\/><span class=\"penci-share-number\">0<\/span><\/a><i class=\"fa fa-facebook\"\/><a class=\"penci-social-item twitter\" target=\"_blank\" rel=\"noopener\" title=\"\" href=\"https:\/\/twitter.com\/intent\/tweet?text=Apesar%20de%20estreia%20com%20derrota,%20Fesan%20mostra%20confian\u00e7a%20no%20Comercial%20-%20https:\/\/www.tribunaribeirao.com.br\/site\/apesar-de-estreia-com-derrota-fesan-mostra-confianca-no-comercial\/\"><i class=\"fa fa-twitter\"\/><\/a><i class=\"fa fa-whatsapp\"\/><\/span><\/div>\n<div>\n<p><span data-contrast=\"auto\">Tentando sobreviver na S\u00e9rie A2, o Comercial n\u00e3o conseguiu vencer na estreia do t\u00e9cnico Ademir Fesan. Diante da Portuguesa Santista, o Le\u00e3o do Norte caiu com o placar de 1 a 0 no final de semana.\u00a0<\/span><span data-ccp-props=\"{&quot;201341983&quot;:0,&quot;335551550&quot;:6,&quot;335551620&quot;:6,&quot;335559739&quot;:200,&quot;335559740&quot;:276}\">\u00a0<\/span><\/p><div class='code-block code-block-8' style='margin: 8px auto; text-align: center; display: block; clear: both;'>\n<script>\n  atOptions = {\n    'key' : '66e2e2111ca34da796271819fc334058',\n    'format' : 'iframe',\n    'height' : 250,\n    'width' : 300,\n    'params' : {}\n  };\n<\/script>\n<script src=\"https:\/\/www.highperformanceformat.com\/66e2e2111ca34da796271819fc334058\/invoke.js\"><\/script>\n<\/div>\n\n<p><span data-contrast=\"auto\">Ap\u00f3s o rev\u00e9s, o Le\u00e3o se prepara para ter uma semana completa de treinos e s\u00f3 volta a atuar no domingo. O per\u00edodo deve ajudar o treinador a conhecer melhor seu elenco e implantar sua ideia de jogo.\u00a0<\/span><span data-ccp-props=\"{&quot;201341983&quot;:0,&quot;335551550&quot;:6,&quot;335551620&quot;:6,&quot;335559739&quot;:200,&quot;335559740&quot;:276}\">\u00a0<\/span><\/p>\n<p><span data-contrast=\"auto\">Ao responder as perguntas dos jornalistas ap\u00f3s o primeiro rev\u00e9s Fesan destacou a dificuldade de n\u00e3o ter iniciado o projeto no Comercial, mas refor\u00e7ou que est\u00e1 confiante em ver seu time dar uma boa resposta.\u00a0<\/span><span data-ccp-props=\"{&quot;201341983&quot;:0,&quot;335551550&quot;:6,&quot;335551620&quot;:6,&quot;335559739&quot;:200,&quot;335559740&quot;:276}\">\u00a0<\/span><\/p>\n<p><span data-contrast=\"auto\">\u201cL\u00f3gico que participar de uma pr\u00e9-temporada, desde o in\u00edcio do processo \u00e9 diferente. Os jogadores poderiam ter outro tipo de est\u00edmulo dentro da minha ideia de jogo, daquilo que acredito, que \u00e9 um jogo ofensivo, agressivo. Nesse momento a cobran\u00e7a \u00e9 maior, pesa mais, e o jogador acaba tomando uma decis\u00e3o err\u00f4nea. Mas acredito nos jogadores, na comiss\u00e3o t\u00e9cnica do clube, na diretoria, que est\u00e1 honrando o que combinou comigo mesmo nessa situa\u00e7\u00e3o. Vamos fazer o m\u00e1ximo poss\u00edvel, dar o nosso m\u00e1ximo (\u2026) A reta final realmente \u00e9 pesada. N\u00e3o \u00e9 f\u00e1cil o calend\u00e1rio, joga quarta, domingo. \u00c9 recuperar, fazer uma semana boa, consistente, recuperar principalmente o lado mental e ir com tudo contra o XV de Piracicaba porque tenho certeza que a gente pode reverter a situa\u00e7\u00e3o\u201d, afirmou Fesan.\u00a0<\/span><span data-ccp-props=\"{&quot;201341983&quot;:0,&quot;335551550&quot;:6,&quot;335551620&quot;:6,&quot;335559739&quot;:200,&quot;335559740&quot;:276}\">\u00a0<\/span><\/p>\n<p><span data-contrast=\"auto\">Fesan tamb\u00e9m garantiu que est\u00e1 fechado com o Comercial at\u00e9 o final da competi\u00e7\u00e3o. Ele \u00e9 o terceiro comandante do Le\u00e3o do Norte nesta edi\u00e7\u00e3o da A2. O time come\u00e7ou com Luiz Carlos Martins e teve tamb\u00e9m, Wagner Lopes.\u00a0<\/span><span data-ccp-props=\"{&quot;201341983&quot;:0,&quot;335551550&quot;:6,&quot;335551620&quot;:6,&quot;335559739&quot;:200,&quot;335559740&quot;:276}\">\u00a0<\/span><\/p>\n<p><span data-contrast=\"auto\">\u201cA impress\u00e3o negativa \u00e9 s\u00f3 a posi\u00e7\u00e3o na competi\u00e7\u00e3o. N\u00e3o participei do processo l\u00e1 atr\u00e1s de montagem, n\u00e3o participei da pr\u00e9-temporada. Tudo isso dificulta muito para n\u00f3s que estamos chegando nesse momento, mas eu vim para c\u00e1 porque acredito. Vou at\u00e9 o final. Tenho certeza que os jogadores v\u00e3o fazer o mesmo, como est\u00e3o fazendo\u201d, disse Fesan.\u00a0<\/span><span data-ccp-props=\"{&quot;201341983&quot;:0,&quot;335551550&quot;:6,&quot;335551620&quot;:6,&quot;335559739&quot;:200,&quot;335559740&quot;:276}\">\u00a0<\/span><\/p>\n<p><span data-contrast=\"auto\">O duelo entre Comercial e XV de Piracicaba \u00e9 no domingo, \u00e0s 11h10, no Palma Travassos. O Le\u00e3o do Norte ainda tem pela frente duelos contra o Juventus (casa, mas no est\u00e1dio Santa Cruz), Taubat\u00e9 (fora) e Monte Azul (casa).<\/span><span data-ccp-props=\"{&quot;201341983&quot;:0,&quot;335551550&quot;:6,&quot;335551620&quot;:6,&quot;335559739&quot;:200,&quot;335559740&quot;:276}\">\u00a0<\/span><\/p>\n<p>\u00a0<\/p>\n<p><span data-contrast=\"auto\">\u00a0<\/span><span data-ccp-props=\"{&quot;201341983&quot;:0,&quot;335551550&quot;:6,&quot;335551620&quot;:6,&quot;335559739&quot;:200,&quot;335559740&quot;:276}\">\u00a0<\/span><\/p>\n<\/div>\n<p><script async src=\"\/\/platform.twitter.com\/widgets.js\" charset=\"utf-8\"><\/script><br \/>\n<br \/><br \/>\n<br \/><a href=\"https:\/\/www.tribunaribeirao.com.br\/site\/apesar-de-estreia-com-derrota-fesan-mostra-confianca-no-comercial\/\">Source link <\/a><\/p>\n<div class='code-block code-block-4' style='margin: 8px auto 8px 0; text-align: left; display: block; clear: both;'>\n\ud83d\udce2 Aviso Legal\n\nO site ismaelcolosi.com.br atua apenas como um canal de divulga\u00e7\u00e3o de oportunidades de emprego e n\u00e3o se responsabiliza pelo processo seletivo, contrata\u00e7\u00e3o ou qualquer outra etapa relacionada \u00e0s vagas publicadas. Todas as informa\u00e7\u00f5es s\u00e3o de responsabilidade dos anunciantes.\n\n\u26a0\ufe0f Aten\u00e7\u00e3o! Nunca pague por promessas de emprego nem compre cursos que garantam contrata\u00e7\u00e3o. Desconfie de qualquer cobran\u00e7a para participar de sele\u00e7\u00f5es.\n\n\n\n<\/div>\n<!-- CONTENT END 1 -->\n","protected":false},"excerpt":{"rendered":"<p>27 de fevereiro de 2024 | 17:3027 de fevereiro de 2024 | 10:18 0 Tentando sobreviver na S\u00e9rie A2, o Comercial n\u00e3o conseguiu vencer na&#8230;<\/p>\n","protected":false},"author":1,"featured_media":39695,"comment_status":"open","ping_status":"open","sticky":false,"template":"","format":"standard","meta":{"_uag_custom_page_level_css":"","advanced_seo_description":"","jetpack_seo_html_title":"","jetpack_seo_noindex":false,"jetpack_post_was_ever_published":false,"_jetpack_newsletter_access":"","_jetpack_dont_email_post_to_subs":false,"_jetpack_newsletter_tier_id":0,"_jetpack_memberships_contains_paywalled_content":false,"_jetpack_memberships_contains_paid_content":false,"footnotes":"","jetpack_publicize_message":"","jetpack_publicize_feature_enabled":true,"jetpack_social_post_already_shared":true,"jetpack_social_options":{"image_generator_settings":{"template":"highway","default_image_id":0,"font":"","enabled":false},"version":2}},"categories":[11],"tags":[4577,705,4578,2999,1785,4432,2737],"class_list":["post-39694","post","type-post","status-publish","format-standard","has-post-thumbnail","hentry","category-noticias-de-ribeirao-preto-sp-e-regiao-ismael-colosi","tag-apesar","tag-comercial","tag-confianca","tag-derrota","tag-estreia","tag-fesan","tag-mostra"],"jetpack_publicize_connections":[],"jetpack_featured_media_url":"https:\/\/i0.wp.com\/ismaelcolosi.com.br\/wp-content\/uploads\/2024\/02\/Comercial-15.jpeg?fit=640%2C424&ssl=1","uagb_featured_image_src":{"full":["https:\/\/i0.wp.com\/ismaelcolosi.com.br\/wp-content\/uploads\/2024\/02\/Comercial-15.jpeg?fit=640%2C424&ssl=1",640,424,false],"thumbnail":["https:\/\/i0.wp.com\/ismaelcolosi.com.br\/wp-content\/uploads\/2024\/02\/Comercial-15.jpeg?resize=150%2C150&ssl=1",150,150,true],"medium":["https:\/\/i0.wp.com\/ismaelcolosi.com.br\/wp-content\/uploads\/2024\/02\/Comercial-15.jpeg?fit=300%2C199&ssl=1",300,199,true],"medium_large":["https:\/\/i0.wp.com\/ismaelcolosi.com.br\/wp-content\/uploads\/2024\/02\/Comercial-15.jpeg?fit=640%2C424&ssl=1",640,424,true],"large":["https:\/\/i0.wp.com\/ismaelcolosi.com.br\/wp-content\/uploads\/2024\/02\/Comercial-15.jpeg?fit=640%2C424&ssl=1",640,424,true],"1536x1536":["https:\/\/i0.wp.com\/ismaelcolosi.com.br\/wp-content\/uploads\/2024\/02\/Comercial-15.jpeg?fit=640%2C424&ssl=1",640,424,true],"2048x2048":["https:\/\/i0.wp.com\/ismaelcolosi.com.br\/wp-content\/uploads\/2024\/02\/Comercial-15.jpeg?fit=640%2C424&ssl=1",640,424,true],"really-simple-thumb":["https:\/\/i0.wp.com\/ismaelcolosi.com.br\/wp-content\/uploads\/2024\/02\/Comercial-15.jpeg?resize=370%2C247&ssl=1",370,247,true]},"uagb_author_info":{"display_name":"ismaelcolosi.com.br","author_link":"https:\/\/ismaelcolosi.com.br\/index.php\/author\/vidareal-online\/"},"uagb_comment_info":0,"uagb_excerpt":"27 de fevereiro de 2024 | 17:3027 de fevereiro de 2024 | 10:18 0 Tentando sobreviver na S\u00e9rie A2, o Comercial n\u00e3o conseguiu vencer na...","jetpack-related-posts":[{"id":39311,"url":"https:\/\/ismaelcolosi.com.br\/index.php\/2024\/02\/24\/comercial-perde-na-estreia-de-ademir-fesan\/","url_meta":{"origin":39694,"position":0},"title":"Comercial perde na estreia de Ademir Fesan","author":"ismaelcolosi.com.br","date":"24 de February de 2024","format":false,"excerpt":"24 de fevereiro de 2024 | 17:13 0N\u00e3o foi a estreia do t\u00e9cnico Ademir Fesan que mudou a hist\u00f3ria de resultados negativos do Comercial FC no Campeonato Paulista da S\u00e9rie A2. O Le\u00e3o do Norte voltou a perder na competi\u00e7\u00e3o, desta vez, neste s\u00e1bado (24), no est\u00e1dio Ulrico Mursa, em\u2026","rel":"","context":"In &quot;Not\u00edcias de Ribeir\u00e3o Preto-SP e Regi\u00e3o&quot;","block_context":{"text":"Not\u00edcias de Ribeir\u00e3o Preto-SP e Regi\u00e3o","link":"https:\/\/ismaelcolosi.com.br\/index.php\/category\/noticias-de-ribeirao-preto-sp-e-regiao-ismael-colosi\/"},"img":{"alt_text":"","src":"https:\/\/i0.wp.com\/ismaelcolosi.com.br\/wp-content\/uploads\/2024\/02\/81dea2c9-9e74-419e-9375-b5d823301732.jpg?fit=640%2C426&ssl=1&resize=350%2C200","width":350,"height":200,"srcset":"https:\/\/i0.wp.com\/ismaelcolosi.com.br\/wp-content\/uploads\/2024\/02\/81dea2c9-9e74-419e-9375-b5d823301732.jpg?fit=640%2C426&ssl=1&resize=350%2C200 1x, https:\/\/i0.wp.com\/ismaelcolosi.com.br\/wp-content\/uploads\/2024\/02\/81dea2c9-9e74-419e-9375-b5d823301732.jpg?fit=640%2C426&ssl=1&resize=525%2C300 1.5x"},"classes":[]},{"id":38953,"url":"https:\/\/ismaelcolosi.com.br\/index.php\/2024\/02\/22\/comercial-anuncia-ademir-fesan-como-novo-treinador\/","url_meta":{"origin":39694,"position":1},"title":"Comercial anuncia Ademir Fesan como novo treinador","author":"ismaelcolosi.com.br","date":"22 de February de 2024","format":false,"excerpt":"22 de fevereiro de 2024 | 13:13 0O Comercial FC anunciou, nesta quinta-feira, dia 22, o nome de Ademir Fesan como novo comandante da equipe. O treinador de 46 anos chega com contrato at\u00e9 o fim da S\u00e9rie A2.Ao longo da carreira, Fesan dirigiu Cascavel (PR), Paran\u00e1 (PR), Primavera (SP),\u2026","rel":"","context":"In &quot;Not\u00edcias de Ribeir\u00e3o Preto-SP e Regi\u00e3o&quot;","block_context":{"text":"Not\u00edcias de Ribeir\u00e3o Preto-SP e Regi\u00e3o","link":"https:\/\/ismaelcolosi.com.br\/index.php\/category\/noticias-de-ribeirao-preto-sp-e-regiao-ismael-colosi\/"},"img":{"alt_text":"","src":"https:\/\/i0.wp.com\/ismaelcolosi.com.br\/wp-content\/uploads\/2024\/02\/bafo-scaled.jpg?fit=967%2C645&ssl=1&resize=350%2C200","width":350,"height":200,"srcset":"https:\/\/i0.wp.com\/ismaelcolosi.com.br\/wp-content\/uploads\/2024\/02\/bafo-scaled.jpg?fit=967%2C645&ssl=1&resize=350%2C200 1x, https:\/\/i0.wp.com\/ismaelcolosi.com.br\/wp-content\/uploads\/2024\/02\/bafo-scaled.jpg?fit=967%2C645&ssl=1&resize=525%2C300 1.5x, https:\/\/i0.wp.com\/ismaelcolosi.com.br\/wp-content\/uploads\/2024\/02\/bafo-scaled.jpg?fit=967%2C645&ssl=1&resize=700%2C400 2x"},"classes":[]},{"id":40158,"url":"https:\/\/ismaelcolosi.com.br\/index.php\/2024\/03\/01\/comercial-pode-ter-retornos-para-encarar-o-xv-no-domingo\/","url_meta":{"origin":39694,"position":2},"title":"Comercial pode ter retornos para encarar o XV no domingo\u00a0\u00a0","author":"ismaelcolosi.com.br","date":"1 de March de 2024","format":false,"excerpt":"1 de mar\u00e7o de 2024 | 12:001 de mar\u00e7o de 2024 | 9:27 0O Comercial pode ter boas noticias para a partida contra o XV de Piracicaba, que acontece no pr\u00f3ximo domingo. Cinco jogadores devem ficar a disposi\u00e7\u00e3o do t\u00e9cnico Ademir Fesan no final de semana.\u00a0\u00a0Alan Lopes cumpriu suspens\u00e3o na\u2026","rel":"","context":"In &quot;Not\u00edcias de Ribeir\u00e3o Preto-SP e Regi\u00e3o&quot;","block_context":{"text":"Not\u00edcias de Ribeir\u00e3o Preto-SP e Regi\u00e3o","link":"https:\/\/ismaelcolosi.com.br\/index.php\/category\/noticias-de-ribeirao-preto-sp-e-regiao-ismael-colosi\/"},"img":{"alt_text":"","src":"https:\/\/i0.wp.com\/ismaelcolosi.com.br\/wp-content\/uploads\/2024\/03\/bafo-scaled.jpg?fit=968%2C645&ssl=1&resize=350%2C200","width":350,"height":200,"srcset":"https:\/\/i0.wp.com\/ismaelcolosi.com.br\/wp-content\/uploads\/2024\/03\/bafo-scaled.jpg?fit=968%2C645&ssl=1&resize=350%2C200 1x, https:\/\/i0.wp.com\/ismaelcolosi.com.br\/wp-content\/uploads\/2024\/03\/bafo-scaled.jpg?fit=968%2C645&ssl=1&resize=525%2C300 1.5x, https:\/\/i0.wp.com\/ismaelcolosi.com.br\/wp-content\/uploads\/2024\/03\/bafo-scaled.jpg?fit=968%2C645&ssl=1&resize=700%2C400 2x"},"classes":[]},{"id":24404,"url":"https:\/\/ismaelcolosi.com.br\/index.php\/2024\/01\/04\/comercial-estreia-com-derrota-na-copa-sao-paulo\/","url_meta":{"origin":39694,"position":3},"title":"Comercial estreia com derrota na Copa S\u00e3o Paulo\u00a0\u00a0","author":"ismaelcolosi.com.br","date":"4 de January de 2024","format":false,"excerpt":"4 de janeiro de 2024 | 9:474 de janeiro de 2024 | 9:50 0O Comercial iniciou sua campanha na Copa S\u00e3o Paulo com derrota. O Le\u00e3o do Norte perdeu para o Novorizontino com o placar de 3 a 1 na tarde desta quarta-feira. O confronto foi realizado no est\u00e1dio Bela\u2026","rel":"","context":"In &quot;Not\u00edcias de Ribeir\u00e3o Preto-SP e Regi\u00e3o&quot;","block_context":{"text":"Not\u00edcias de Ribeir\u00e3o Preto-SP e Regi\u00e3o","link":"https:\/\/ismaelcolosi.com.br\/index.php\/category\/noticias-de-ribeirao-preto-sp-e-regiao-ismael-colosi\/"},"img":{"alt_text":"","src":"https:\/\/i0.wp.com\/ismaelcolosi.com.br\/wp-content\/uploads\/2024\/01\/Comercial-4-scaled.jpeg?fit=970%2C645&ssl=1&resize=350%2C200","width":350,"height":200,"srcset":"https:\/\/i0.wp.com\/ismaelcolosi.com.br\/wp-content\/uploads\/2024\/01\/Comercial-4-scaled.jpeg?fit=970%2C645&ssl=1&resize=350%2C200 1x, https:\/\/i0.wp.com\/ismaelcolosi.com.br\/wp-content\/uploads\/2024\/01\/Comercial-4-scaled.jpeg?fit=970%2C645&ssl=1&resize=525%2C300 1.5x, https:\/\/i0.wp.com\/ismaelcolosi.com.br\/wp-content\/uploads\/2024\/01\/Comercial-4-scaled.jpeg?fit=970%2C645&ssl=1&resize=700%2C400 2x"},"classes":[]},{"id":29308,"url":"https:\/\/ismaelcolosi.com.br\/index.php\/2024\/01\/18\/comercial-joga-mal-e-estreia-com-derrota-na-serie-a2\/","url_meta":{"origin":39694,"position":4},"title":"Comercial joga mal e estreia com derrota na S\u00e9rie A2","author":"ismaelcolosi.com.br","date":"18 de January de 2024","format":false,"excerpt":"Capivariano bateu o Le\u00e3o do Norte com o placar de 2 a 0 na Arena Capivari 17 de janeiro de 2024 | 22:05 0O Comercial come\u00e7ou sua campanha na S\u00e9rie A2 com derrota. O time de Lu\u00eds Carlos Martins n\u00e3o conseguiu segurar o Capivariano, que venceu com o placar de\u2026","rel":"","context":"In &quot;Not\u00edcias de Ribeir\u00e3o Preto-SP e Regi\u00e3o&quot;","block_context":{"text":"Not\u00edcias de Ribeir\u00e3o Preto-SP e Regi\u00e3o","link":"https:\/\/ismaelcolosi.com.br\/index.php\/category\/noticias-de-ribeirao-preto-sp-e-regiao-ismael-colosi\/"},"img":{"alt_text":"","src":"https:\/\/i0.wp.com\/ismaelcolosi.com.br\/wp-content\/uploads\/2024\/01\/Comercial-scaled.jpeg?fit=967%2C645&ssl=1&resize=350%2C200","width":350,"height":200,"srcset":"https:\/\/i0.wp.com\/ismaelcolosi.com.br\/wp-content\/uploads\/2024\/01\/Comercial-scaled.jpeg?fit=967%2C645&ssl=1&resize=350%2C200 1x, https:\/\/i0.wp.com\/ismaelcolosi.com.br\/wp-content\/uploads\/2024\/01\/Comercial-scaled.jpeg?fit=967%2C645&ssl=1&resize=525%2C300 1.5x, https:\/\/i0.wp.com\/ismaelcolosi.com.br\/wp-content\/uploads\/2024\/01\/Comercial-scaled.jpeg?fit=967%2C645&ssl=1&resize=700%2C400 2x"},"classes":[]},{"id":39249,"url":"https:\/\/ismaelcolosi.com.br\/index.php\/2024\/02\/24\/com-novo-treinador-comercial-vista-a-portuguesa-santista\/","url_meta":{"origin":39694,"position":5},"title":"Com novo treinador, Comercial vista a Portuguesa Santista\u00a0\u00a0","author":"ismaelcolosi.com.br","date":"24 de February de 2024","format":false,"excerpt":"O Comercial vive um calv\u00e1rio em 2024. Al\u00e9m dos problemas extracampo, o Le\u00e3o do Norte tem se manter na S\u00e9rie A2 do Campeonato Paulista. O Bafo tem mais oportunidade de tentar sua primeira vit\u00f3ria na competi\u00e7\u00e3o neste s\u00e1bado, diante da Portuguesa Santista. O confronto acontece as 15h, no est\u00e1dio Ulrico\u2026","rel":"","context":"In &quot;Not\u00edcias de Ribeir\u00e3o Preto-SP e Regi\u00e3o&quot;","block_context":{"text":"Not\u00edcias de Ribeir\u00e3o Preto-SP e Regi\u00e3o","link":"https:\/\/ismaelcolosi.com.br\/index.php\/category\/noticias-de-ribeirao-preto-sp-e-regiao-ismael-colosi\/"},"img":{"alt_text":"","src":"https:\/\/i0.wp.com\/ismaelcolosi.com.br\/wp-content\/uploads\/2024\/02\/Comercial-14-scaled.jpeg?fit=967%2C645&ssl=1&resize=350%2C200","width":350,"height":200,"srcset":"https:\/\/i0.wp.com\/ismaelcolosi.com.br\/wp-content\/uploads\/2024\/02\/Comercial-14-scaled.jpeg?fit=967%2C645&ssl=1&resize=350%2C200 1x, https:\/\/i0.wp.com\/ismaelcolosi.com.br\/wp-content\/uploads\/2024\/02\/Comercial-14-scaled.jpeg?fit=967%2C645&ssl=1&resize=525%2C300 1.5x, https:\/\/i0.wp.com\/ismaelcolosi.com.br\/wp-content\/uploads\/2024\/02\/Comercial-14-scaled.jpeg?fit=967%2C645&ssl=1&resize=700%2C400 2x"},"classes":[]}],"jetpack_sharing_enabled":true,"jetpack_shortlink":"https:\/\/wp.me\/pfMlyK-ake","_links":{"self":[{"href":"https:\/\/ismaelcolosi.com.br\/index.php\/wp-json\/wp\/v2\/posts\/39694","targetHints":{"allow":["GET"]}}],"collection":[{"href":"https:\/\/ismaelcolosi.com.br\/index.php\/wp-json\/wp\/v2\/posts"}],"about":[{"href":"https:\/\/ismaelcolosi.com.br\/index.php\/wp-json\/wp\/v2\/types\/post"}],"author":[{"embeddable":true,"href":"https:\/\/ismaelcolosi.com.br\/index.php\/wp-json\/wp\/v2\/users\/1"}],"replies":[{"embeddable":true,"href":"https:\/\/ismaelcolosi.com.br\/index.php\/wp-json\/wp\/v2\/comments?post=39694"}],"version-history":[{"count":0,"href":"https:\/\/ismaelcolosi.com.br\/index.php\/wp-json\/wp\/v2\/posts\/39694\/revisions"}],"wp:featuredmedia":[{"embeddable":true,"href":"https:\/\/ismaelcolosi.com.br\/index.php\/wp-json\/wp\/v2\/media\/39695"}],"wp:attachment":[{"href":"https:\/\/ismaelcolosi.com.br\/index.php\/wp-json\/wp\/v2\/media?parent=39694"}],"wp:term":[{"taxonomy":"category","embeddable":true,"href":"https:\/\/ismaelcolosi.com.br\/index.php\/wp-json\/wp\/v2\/categories?post=39694"},{"taxonomy":"post_tag","embeddable":true,"href":"https:\/\/ismaelcolosi.com.br\/index.php\/wp-json\/wp\/v2\/tags?post=39694"}],"curies":[{"name":"wp","href":"https:\/\/api.w.org\/{rel}","templated":true}]}}