{"id":39604,"date":"2024-02-27T10:30:04","date_gmt":"2024-02-27T13:30:04","guid":{"rendered":"https:\/\/ismaelcolosi.com.br\/index.php\/2024\/02\/27\/banda-natiruts-anuncia-show-em-ribeirao-com-turne-de-despedida\/"},"modified":"2024-02-27T10:30:04","modified_gmt":"2024-02-27T13:30:04","slug":"banda-natiruts-anuncia-show-em-ribeirao-com-turne-de-despedida","status":"publish","type":"post","link":"https:\/\/ismaelcolosi.com.br\/index.php\/2024\/02\/27\/banda-natiruts-anuncia-show-em-ribeirao-com-turne-de-despedida\/","title":{"rendered":"Banda Natiruts anuncia show em Ribeir\u00e3o com turn\u00ea de despedida"},"content":{"rendered":"<p> <br \/>\n<\/p>\n<div data-td-block-uid=\"tdi_102\">\n<div class=\"tdb-block-inner td-fix-index\">\n<p><strong>Nesta segunda-feira (26), a banda de reggae Natiruts anunciou o fim do grupo e tour de despedida, a \u201cLeve Com Voc\u00ea\u201d, com shows confirmados em 18 cidades, <\/strong>entre as quais<strong> Ribeir\u00e3o Preto.<\/strong><\/p>\n<p>Em um <strong>v\u00eddeo <\/strong>nas redes sociais, a <strong>banda <\/strong>disse acreditar que j\u00e1 <strong>cumpriu <\/strong>sua <strong>miss\u00e3o<\/strong>. <\/p><div class='code-block code-block-8' style='margin: 8px auto; text-align: center; display: block; clear: both;'>\n<script>\n  atOptions = {\n    'key' : '66e2e2111ca34da796271819fc334058',\n    'format' : 'iframe',\n    'height' : 250,\n    'width' : 300,\n    'params' : {}\n  };\n<\/script>\n<script src=\"https:\/\/www.highperformanceformat.com\/66e2e2111ca34da796271819fc334058\/invoke.js\"><\/script>\n<\/div>\n\n<p>Formada em <strong>1996<\/strong>, o <strong>grupo <\/strong>soma <strong>28 anos<\/strong> de <strong>trajet\u00f3ria <\/strong>e a sua \u00faltima turn\u00ea vai de junho a dezembro\u00a0deste\u00a0ano. <\/p>\n<p><span style=\"background-color:#f7cc62\" class=\"td_text_highlight_marker\">O show do Natiruts em Ribeir\u00e3o est\u00e1 confirmado para o dia 12 de outubro e acontecer\u00e1 no Est\u00e1dio Palma Travassos (Comercial).<\/span><\/p>\n<p>A <strong>venda<\/strong> de <strong>ingressos <\/strong>para os <strong>shows <\/strong>da <strong>turn\u00ea <\/strong>de <strong>despedida <\/strong>tem <strong>in\u00edcio nesta ter\u00e7a-feira (27)<\/strong>,<strong> \u00e0s 16h20<\/strong>, pela internet (<a href=\"https:\/\/www.levecomvoce.com\/?fbclid=PAAaa7R7aIKdIN5rDdz0KoAxtzlFyiTEPjjSH5ERMGj0mDgb2virC5pEcwYjw_aem_AQ6pssK68o2UDAntpO502ZJWNy8QF7dwIWzmNcWS_NgwPEWD8wHyIkv9nc7gT8gJSEo\" target=\"_blank\" rel=\"noreferrer noopener\">clique aqui<\/a>). <\/p>\n<p>\u00c9 necess\u00e1rio criar um cadastro e, para evitar transtornos, \u00e9 recomendado efetuar o login minutos antes.<\/p>\n<figure class=\"wp-block-embed is-type-video is-provider-youtube wp-block-embed-youtube wp-embed-aspect-16-9 wp-has-aspect-ratio\">\n<div class=\"wp-block-embed__wrapper\">\n<p><iframe loading=\"lazy\" title=\"Natiruts - Ela (Video Oficial)\" width=\"500\" height=\"281\" src=\"https:\/\/www.youtube.com\/embed\/JBx2-E5Kq4s?feature=oembed\" frameborder=\"0\" allow=\"accelerometer; autoplay; clipboard-write; encrypted-media; gyroscope; picture-in-picture; web-share\" referrerpolicy=\"strict-origin-when-cross-origin\" allowfullscreen><\/iframe><\/p>\n<\/div><figcaption class=\"wp-element-caption\">Ela \u2013 Natiruts <\/figcaption><\/figure>\n<p>SAIBA MAIS<br \/>Empres\u00e1rio suspeito de embriaguez \u00e9 liberado ap\u00f3s pagar fian\u00e7a em Ribeir\u00e3o<\/p>\n<h4 class=\"wp-block-heading\"><strong>FIQUE ON<\/strong><\/h4>\n<p>Fique ligado em tudo que acontece em Ribeir\u00e3o Preto e regi\u00e3o. Siga os perfis do <strong>acidade on<\/strong> no <a href=\"https:\/\/www.instagram.com\/acidadeonribeirao\/\" target=\"_blank\" rel=\"noreferrer noopener\">Instagram<\/a> e no <a href=\"https:\/\/www.facebook.com\/acidadeonribeirao\" target=\"_blank\" rel=\"noreferrer noopener\">Facebook<\/a>.<\/p>\n<p>Receba not\u00edcias do acidade on no WhatsApp. Para entrar no grupo, basta <a href=\"https:\/\/chat.whatsapp.com\/Bnv2w66ZT4VDyZW3oiZ69n\" target=\"_blank\" rel=\"noreferrer noopener\">clicar aqui<\/a>.<\/p>\n<p>Fa\u00e7a uma den\u00fancia ou sugira uma reportagem sobre Ribeir\u00e3o Preto e regi\u00e3o pelo WhatsApp: 16 99117 7802.<\/p>\n<p>VEJA TAMB\u00c9M<br \/>Renascer: quem foi Ritinha na primeira vers\u00e3o da novela?<\/p>\n<p><!-- AI CONTENT END 1 -->\n<\/div>\n<\/div>\n<p><script async src=\"\/\/www.instagram.com\/embed.js\"><\/script><br \/>\n<br \/><br \/>\n<br \/><a href=\"https:\/\/www.acidadeon.com\/ribeiraopreto\/lazer-e-cultura\/banda-natiruts-anuncia-show-em-ribeirao-com-turne-de-despedida\/\">Source link <\/a><\/p>\n<div class='code-block code-block-4' style='margin: 8px auto 8px 0; text-align: left; display: block; clear: both;'>\n\ud83d\udce2 Aviso Legal\n\nO site ismaelcolosi.com.br atua apenas como um canal de divulga\u00e7\u00e3o de oportunidades de emprego e n\u00e3o se responsabiliza pelo processo seletivo, contrata\u00e7\u00e3o ou qualquer outra etapa relacionada \u00e0s vagas publicadas. Todas as informa\u00e7\u00f5es s\u00e3o de responsabilidade dos anunciantes.\n\n\u26a0\ufe0f Aten\u00e7\u00e3o! Nunca pague por promessas de emprego nem compre cursos que garantam contrata\u00e7\u00e3o. Desconfie de qualquer cobran\u00e7a para participar de sele\u00e7\u00f5es.\n\n\n\n<\/div>\n<!-- CONTENT END 1 -->\n","protected":false},"excerpt":{"rendered":"<p>Nesta segunda-feira (26), a banda de reggae Natiruts anunciou o fim do grupo e tour de despedida, a \u201cLeve Com Voc\u00ea\u201d, com shows confirmados em&#8230;<\/p>\n","protected":false},"author":1,"featured_media":39605,"comment_status":"open","ping_status":"open","sticky":false,"template":"","format":"standard","meta":{"_uag_custom_page_level_css":"","advanced_seo_description":"","jetpack_seo_html_title":"","jetpack_seo_noindex":false,"jetpack_post_was_ever_published":false,"_jetpack_newsletter_access":"","_jetpack_dont_email_post_to_subs":false,"_jetpack_newsletter_tier_id":0,"_jetpack_memberships_contains_paywalled_content":false,"_jetpack_memberships_contains_paid_content":false,"footnotes":"","jetpack_publicize_message":"","jetpack_publicize_feature_enabled":true,"jetpack_social_post_already_shared":true,"jetpack_social_options":{"image_generator_settings":{"template":"highway","default_image_id":0,"font":"","enabled":false},"version":2}},"categories":[11],"tags":[],"class_list":["post-39604","post","type-post","status-publish","format-standard","has-post-thumbnail","hentry","category-noticias-de-ribeirao-preto-sp-e-regiao-ismael-colosi"],"jetpack_publicize_connections":[],"jetpack_featured_media_url":"https:\/\/i0.wp.com\/ismaelcolosi.com.br\/wp-content\/uploads\/2024\/02\/Capturar-25.jpg?fit=915%2C621&ssl=1","uagb_featured_image_src":{"full":["https:\/\/i0.wp.com\/ismaelcolosi.com.br\/wp-content\/uploads\/2024\/02\/Capturar-25.jpg?fit=915%2C621&ssl=1",915,621,false],"thumbnail":["https:\/\/i0.wp.com\/ismaelcolosi.com.br\/wp-content\/uploads\/2024\/02\/Capturar-25.jpg?resize=150%2C150&ssl=1",150,150,true],"medium":["https:\/\/i0.wp.com\/ismaelcolosi.com.br\/wp-content\/uploads\/2024\/02\/Capturar-25.jpg?fit=300%2C204&ssl=1",300,204,true],"medium_large":["https:\/\/i0.wp.com\/ismaelcolosi.com.br\/wp-content\/uploads\/2024\/02\/Capturar-25.jpg?fit=768%2C521&ssl=1",768,521,true],"large":["https:\/\/i0.wp.com\/ismaelcolosi.com.br\/wp-content\/uploads\/2024\/02\/Capturar-25.jpg?fit=915%2C621&ssl=1",915,621,true],"1536x1536":["https:\/\/i0.wp.com\/ismaelcolosi.com.br\/wp-content\/uploads\/2024\/02\/Capturar-25.jpg?fit=915%2C621&ssl=1",915,621,true],"2048x2048":["https:\/\/i0.wp.com\/ismaelcolosi.com.br\/wp-content\/uploads\/2024\/02\/Capturar-25.jpg?fit=915%2C621&ssl=1",915,621,true],"really-simple-thumb":["https:\/\/i0.wp.com\/ismaelcolosi.com.br\/wp-content\/uploads\/2024\/02\/Capturar-25.jpg?resize=370%2C247&ssl=1",370,247,true]},"uagb_author_info":{"display_name":"ismaelcolosi.com.br","author_link":"https:\/\/ismaelcolosi.com.br\/index.php\/author\/vidareal-online\/"},"uagb_comment_info":0,"uagb_excerpt":"Nesta segunda-feira (26), a banda de reggae Natiruts anunciou o fim do grupo e tour de despedida, a \u201cLeve Com Voc\u00ea\u201d, com shows confirmados em...","jetpack-related-posts":[{"id":56046,"url":"https:\/\/ismaelcolosi.com.br\/index.php\/2024\/07\/08\/turne-de-despedida-da-banda-natiruts-ainda-tem-ingressos-disponiveis-em-ribeirao-preto\/","url_meta":{"origin":39604,"position":0},"title":"Turn\u00ea de despedida da banda Natiruts ainda tem ingressos dispon\u00edveis em Ribeir\u00e3o Preto","author":"ismaelcolosi.com.br","date":"8 de July de 2024","format":false,"excerpt":"Os ingressos para a turn\u00ea \u2018Leve Com Voc\u00ea\u2019, que marca o encerramento da banda de reggae Natiruts, ap\u00f3s 28 anos de trajet\u00f3ria, acontece no dia 12 de outubro em Ribeir\u00e3o Preto. A apresenta\u00e7\u00e3o ser\u00e1 realizada no est\u00e1dio Palma Travassos, na zona Leste da cidade. Os ingressos ainda est\u00e3o dispon\u00edveis e\u2026","rel":"","context":"In &quot;Not\u00edcias de Ribeir\u00e3o Preto-SP e Regi\u00e3o&quot;","block_context":{"text":"Not\u00edcias de Ribeir\u00e3o Preto-SP e Regi\u00e3o","link":"https:\/\/ismaelcolosi.com.br\/index.php\/category\/noticias-de-ribeirao-preto-sp-e-regiao-ismael-colosi\/"},"img":{"alt_text":"","src":"https:\/\/i0.wp.com\/ismaelcolosi.com.br\/wp-content\/uploads\/2024\/07\/Capturar-25.jpg?fit=915%2C621&ssl=1&resize=350%2C200","width":350,"height":200,"srcset":"https:\/\/i0.wp.com\/ismaelcolosi.com.br\/wp-content\/uploads\/2024\/07\/Capturar-25.jpg?fit=915%2C621&ssl=1&resize=350%2C200 1x, https:\/\/i0.wp.com\/ismaelcolosi.com.br\/wp-content\/uploads\/2024\/07\/Capturar-25.jpg?fit=915%2C621&ssl=1&resize=525%2C300 1.5x, https:\/\/i0.wp.com\/ismaelcolosi.com.br\/wp-content\/uploads\/2024\/07\/Capturar-25.jpg?fit=915%2C621&ssl=1&resize=700%2C400 2x"},"classes":[]},{"id":63941,"url":"https:\/\/ismaelcolosi.com.br\/index.php\/2024\/09\/04\/natiruts-em-ribeirao-preto-veja-como-comprar-ingressos\/","url_meta":{"origin":39604,"position":1},"title":"Natiruts em Ribeir\u00e3o Preto: Veja como comprar ingressos","author":"ismaelcolosi.com.br","date":"4 de September de 2024","format":false,"excerpt":"A banda de reggae Natiruts desembarca em Ribeir\u00e3o Preto no dia 12 de outubro com a turn\u00ea \u2018Leve Com Voc\u00ea\u2019, que marca o encerramento do grupo ap\u00f3s 28 anos de trajet\u00f3ria. A apresenta\u00e7\u00e3o acontece no est\u00e1dio do Palma Travassos, no bairro Jardim Paulista, zona Leste do munic\u00edpio. Respons\u00e1vel por grandes\u2026","rel":"","context":"In &quot;Not\u00edcias de Ribeir\u00e3o Preto-SP e Regi\u00e3o&quot;","block_context":{"text":"Not\u00edcias de Ribeir\u00e3o Preto-SP e Regi\u00e3o","link":"https:\/\/ismaelcolosi.com.br\/index.php\/category\/noticias-de-ribeirao-preto-sp-e-regiao-ismael-colosi\/"},"img":{"alt_text":"","src":"https:\/\/i0.wp.com\/ismaelcolosi.com.br\/wp-content\/uploads\/2024\/09\/Copia-de-Copia-de-Copia-de-TAMANHO-EXATO-PARA-FOTOS-NO-SISTEMA-NOVO-29_2024-09-04_18-15-47_png_2024-09-04_18-15-47.webp.webp?fit=1200%2C675&ssl=1&resize=350%2C200","width":350,"height":200,"srcset":"https:\/\/i0.wp.com\/ismaelcolosi.com.br\/wp-content\/uploads\/2024\/09\/Copia-de-Copia-de-Copia-de-TAMANHO-EXATO-PARA-FOTOS-NO-SISTEMA-NOVO-29_2024-09-04_18-15-47_png_2024-09-04_18-15-47.webp.webp?fit=1200%2C675&ssl=1&resize=350%2C200 1x, https:\/\/i0.wp.com\/ismaelcolosi.com.br\/wp-content\/uploads\/2024\/09\/Copia-de-Copia-de-Copia-de-TAMANHO-EXATO-PARA-FOTOS-NO-SISTEMA-NOVO-29_2024-09-04_18-15-47_png_2024-09-04_18-15-47.webp.webp?fit=1200%2C675&ssl=1&resize=525%2C300 1.5x, https:\/\/i0.wp.com\/ismaelcolosi.com.br\/wp-content\/uploads\/2024\/09\/Copia-de-Copia-de-Copia-de-TAMANHO-EXATO-PARA-FOTOS-NO-SISTEMA-NOVO-29_2024-09-04_18-15-47_png_2024-09-04_18-15-47.webp.webp?fit=1200%2C675&ssl=1&resize=700%2C400 2x, https:\/\/i0.wp.com\/ismaelcolosi.com.br\/wp-content\/uploads\/2024\/09\/Copia-de-Copia-de-Copia-de-TAMANHO-EXATO-PARA-FOTOS-NO-SISTEMA-NOVO-29_2024-09-04_18-15-47_png_2024-09-04_18-15-47.webp.webp?fit=1200%2C675&ssl=1&resize=1050%2C600 3x"},"classes":[]},{"id":40068,"url":"https:\/\/ismaelcolosi.com.br\/index.php\/2024\/02\/29\/restart-anuncia-data-de-show-da-turne-de-despedida-em-ribeirao-preto-confira\/","url_meta":{"origin":39604,"position":2},"title":"Restart anuncia data de show da turn\u00ea de despedida em Ribeir\u00e3o Preto; Confira","author":"ismaelcolosi.com.br","date":"29 de February de 2024","format":false,"excerpt":"A banda Restart anunciou, nesta quinta-feira (29), que se apresentar\u00e1 em Ribeir\u00e3o Preto no dia 20 de julho, no Quinta Linda Centro de Eventos, localizado na rodovia Anhanguera. A venda dos ingressos, segundo a organiza\u00e7\u00e3o, come\u00e7a no dia 5 de mar\u00e7o, \u00e0s 12h, atrav\u00e9s da plataforma Articket. Contudo, os valores\u2026","rel":"","context":"In &quot;Not\u00edcias de Ribeir\u00e3o Preto-SP e Regi\u00e3o&quot;","block_context":{"text":"Not\u00edcias de Ribeir\u00e3o Preto-SP e Regi\u00e3o","link":"https:\/\/ismaelcolosi.com.br\/index.php\/category\/noticias-de-ribeirao-preto-sp-e-regiao-ismael-colosi\/"},"img":{"alt_text":"","src":"https:\/\/i0.wp.com\/ismaelcolosi.com.br\/wp-content\/uploads\/2024\/02\/BANDA-RESTART-Rodrigo-Takeshi.jpg?fit=1200%2C746&ssl=1&resize=350%2C200","width":350,"height":200,"srcset":"https:\/\/i0.wp.com\/ismaelcolosi.com.br\/wp-content\/uploads\/2024\/02\/BANDA-RESTART-Rodrigo-Takeshi.jpg?fit=1200%2C746&ssl=1&resize=350%2C200 1x, https:\/\/i0.wp.com\/ismaelcolosi.com.br\/wp-content\/uploads\/2024\/02\/BANDA-RESTART-Rodrigo-Takeshi.jpg?fit=1200%2C746&ssl=1&resize=525%2C300 1.5x, https:\/\/i0.wp.com\/ismaelcolosi.com.br\/wp-content\/uploads\/2024\/02\/BANDA-RESTART-Rodrigo-Takeshi.jpg?fit=1200%2C746&ssl=1&resize=700%2C400 2x, https:\/\/i0.wp.com\/ismaelcolosi.com.br\/wp-content\/uploads\/2024\/02\/BANDA-RESTART-Rodrigo-Takeshi.jpg?fit=1200%2C746&ssl=1&resize=1050%2C600 3x"},"classes":[]},{"id":39679,"url":"https:\/\/ismaelcolosi.com.br\/index.php\/2024\/02\/27\/roberto-carlos-confirma-data-de-show-na-regiao-de-ribeirao-veja-como-comprar-ingressos\/","url_meta":{"origin":39604,"position":3},"title":"Roberto Carlos confirma data de show na regi\u00e3o de Ribeir\u00e3o; Veja como comprar ingressos","author":"ismaelcolosi.com.br","date":"27 de February de 2024","format":false,"excerpt":"O show do cantor Roberto Carlos em Franca, na regi\u00e3o de Ribeir\u00e3o Preto, ser\u00e1 realizado no gin\u00e1sio Pedroc\u00e3o, no dia 12 de abril, \u00e0s 21h. A venda de ingressos come\u00e7a na pr\u00f3xima quinta-feira (29), a partir das 12h. Os ingressos ser\u00e3o vendidos pela internet, no site da Eventim (clique aqui),\u2026","rel":"","context":"In &quot;Not\u00edcias de Ribeir\u00e3o Preto-SP e Regi\u00e3o&quot;","block_context":{"text":"Not\u00edcias de Ribeir\u00e3o Preto-SP e Regi\u00e3o","link":"https:\/\/ismaelcolosi.com.br\/index.php\/category\/noticias-de-ribeirao-preto-sp-e-regiao-ismael-colosi\/"},"img":{"alt_text":"","src":"https:\/\/i0.wp.com\/ismaelcolosi.com.br\/wp-content\/uploads\/2024\/02\/roberto-carlos-cantor.jpg?fit=1200%2C789&ssl=1&resize=350%2C200","width":350,"height":200,"srcset":"https:\/\/i0.wp.com\/ismaelcolosi.com.br\/wp-content\/uploads\/2024\/02\/roberto-carlos-cantor.jpg?fit=1200%2C789&ssl=1&resize=350%2C200 1x, https:\/\/i0.wp.com\/ismaelcolosi.com.br\/wp-content\/uploads\/2024\/02\/roberto-carlos-cantor.jpg?fit=1200%2C789&ssl=1&resize=525%2C300 1.5x, https:\/\/i0.wp.com\/ismaelcolosi.com.br\/wp-content\/uploads\/2024\/02\/roberto-carlos-cantor.jpg?fit=1200%2C789&ssl=1&resize=700%2C400 2x, https:\/\/i0.wp.com\/ismaelcolosi.com.br\/wp-content\/uploads\/2024\/02\/roberto-carlos-cantor.jpg?fit=1200%2C789&ssl=1&resize=1050%2C600 3x"},"classes":[]},{"id":54198,"url":"https:\/\/ismaelcolosi.com.br\/index.php\/2024\/06\/22\/sepultura-zeca-pagodinho-henrique-e-juliano-veja-shows-confirmados-para-o-2o-semestre-em-ribeirao-preto\/","url_meta":{"origin":39604,"position":4},"title":"Sepultura, Zeca Pagodinho, Henrique e Juliano: Veja shows confirmados para o 2\u00ba semestre em Ribeir\u00e3o Preto","author":"ismaelcolosi.com.br","date":"22 de June de 2024","format":false,"excerpt":"Ribeir\u00e3o Preto t\u00eam 18 shows confirmados, at\u00e9 o momento, para o 2\u00ba semestre de 2024. Entre as atra\u00e7\u00f5es, est\u00e3o Sepultura, Zeca Pagodinho, Henrique e Juliano e Natiruts. Julho Dado Villa Lobos e Marcelo Bonfa No dia 5 de julho, o Multiplan Hall, do Ribeir\u00e3oShopping recebe o a turn\u00ea \u201cAs V\u2026","rel":"","context":"In &quot;Not\u00edcias de Ribeir\u00e3o Preto-SP e Regi\u00e3o&quot;","block_context":{"text":"Not\u00edcias de Ribeir\u00e3o Preto-SP e Regi\u00e3o","link":"https:\/\/ismaelcolosi.com.br\/index.php\/category\/noticias-de-ribeirao-preto-sp-e-regiao-ismael-colosi\/"},"img":{"alt_text":"","src":"https:\/\/i0.wp.com\/ismaelcolosi.com.br\/wp-content\/uploads\/2024\/06\/Copia-de-Copia-de-TAMANHO-EXATO-PARA-FOTOS-NO-SISTEMA-NOVO-17_2024-06-22_16-03-43_jpg_2024-06-22_16-03-43.webp.webp?fit=1200%2C675&ssl=1&resize=350%2C200","width":350,"height":200,"srcset":"https:\/\/i0.wp.com\/ismaelcolosi.com.br\/wp-content\/uploads\/2024\/06\/Copia-de-Copia-de-TAMANHO-EXATO-PARA-FOTOS-NO-SISTEMA-NOVO-17_2024-06-22_16-03-43_jpg_2024-06-22_16-03-43.webp.webp?fit=1200%2C675&ssl=1&resize=350%2C200 1x, https:\/\/i0.wp.com\/ismaelcolosi.com.br\/wp-content\/uploads\/2024\/06\/Copia-de-Copia-de-TAMANHO-EXATO-PARA-FOTOS-NO-SISTEMA-NOVO-17_2024-06-22_16-03-43_jpg_2024-06-22_16-03-43.webp.webp?fit=1200%2C675&ssl=1&resize=525%2C300 1.5x, https:\/\/i0.wp.com\/ismaelcolosi.com.br\/wp-content\/uploads\/2024\/06\/Copia-de-Copia-de-TAMANHO-EXATO-PARA-FOTOS-NO-SISTEMA-NOVO-17_2024-06-22_16-03-43_jpg_2024-06-22_16-03-43.webp.webp?fit=1200%2C675&ssl=1&resize=700%2C400 2x, https:\/\/i0.wp.com\/ismaelcolosi.com.br\/wp-content\/uploads\/2024\/06\/Copia-de-Copia-de-TAMANHO-EXATO-PARA-FOTOS-NO-SISTEMA-NOVO-17_2024-06-22_16-03-43_jpg_2024-06-22_16-03-43.webp.webp?fit=1200%2C675&ssl=1&resize=1050%2C600 3x"},"classes":[]},{"id":39620,"url":"https:\/\/ismaelcolosi.com.br\/index.php\/2024\/02\/27\/comeca-pre-venda-de-ingressos-do-joao-rock-em-ribeirao-preto\/","url_meta":{"origin":39604,"position":5},"title":"Come\u00e7a pr\u00e9-venda de ingressos do Jo\u00e3o Rock em Ribeir\u00e3o Preto","author":"ismaelcolosi.com.br","date":"27 de February de 2024","format":false,"excerpt":"Come\u00e7a nesta ter\u00e7a-feira (27), a partir das 12h, a pr\u00e9-venda de ingressos do Festival Jo\u00e3o Rock, que acontece dia 8 de junho, no Parque Permanente de Exposi\u00e7\u00f5es de Ribeir\u00e3o Preto. As vendas s\u00e3o tradicionalmente iniciada antes da divulga\u00e7\u00e3o do line-up do evento. O per\u00edodo promocional vai at\u00e9 dia 4 de\u2026","rel":"","context":"In &quot;Not\u00edcias de Ribeir\u00e3o Preto-SP e Regi\u00e3o&quot;","block_context":{"text":"Not\u00edcias de Ribeir\u00e3o Preto-SP e Regi\u00e3o","link":"https:\/\/ismaelcolosi.com.br\/index.php\/category\/noticias-de-ribeirao-preto-sp-e-regiao-ismael-colosi\/"},"img":{"alt_text":"","src":"https:\/\/i0.wp.com\/ismaelcolosi.com.br\/wp-content\/uploads\/2024\/02\/joao_rock_1200x675_12052022153444.jpg?fit=1200%2C675&ssl=1&resize=350%2C200","width":350,"height":200,"srcset":"https:\/\/i0.wp.com\/ismaelcolosi.com.br\/wp-content\/uploads\/2024\/02\/joao_rock_1200x675_12052022153444.jpg?fit=1200%2C675&ssl=1&resize=350%2C200 1x, https:\/\/i0.wp.com\/ismaelcolosi.com.br\/wp-content\/uploads\/2024\/02\/joao_rock_1200x675_12052022153444.jpg?fit=1200%2C675&ssl=1&resize=525%2C300 1.5x, https:\/\/i0.wp.com\/ismaelcolosi.com.br\/wp-content\/uploads\/2024\/02\/joao_rock_1200x675_12052022153444.jpg?fit=1200%2C675&ssl=1&resize=700%2C400 2x, https:\/\/i0.wp.com\/ismaelcolosi.com.br\/wp-content\/uploads\/2024\/02\/joao_rock_1200x675_12052022153444.jpg?fit=1200%2C675&ssl=1&resize=1050%2C600 3x"},"classes":[]}],"jetpack_sharing_enabled":true,"jetpack_shortlink":"https:\/\/wp.me\/pfMlyK-aiM","_links":{"self":[{"href":"https:\/\/ismaelcolosi.com.br\/index.php\/wp-json\/wp\/v2\/posts\/39604","targetHints":{"allow":["GET"]}}],"collection":[{"href":"https:\/\/ismaelcolosi.com.br\/index.php\/wp-json\/wp\/v2\/posts"}],"about":[{"href":"https:\/\/ismaelcolosi.com.br\/index.php\/wp-json\/wp\/v2\/types\/post"}],"author":[{"embeddable":true,"href":"https:\/\/ismaelcolosi.com.br\/index.php\/wp-json\/wp\/v2\/users\/1"}],"replies":[{"embeddable":true,"href":"https:\/\/ismaelcolosi.com.br\/index.php\/wp-json\/wp\/v2\/comments?post=39604"}],"version-history":[{"count":0,"href":"https:\/\/ismaelcolosi.com.br\/index.php\/wp-json\/wp\/v2\/posts\/39604\/revisions"}],"wp:featuredmedia":[{"embeddable":true,"href":"https:\/\/ismaelcolosi.com.br\/index.php\/wp-json\/wp\/v2\/media\/39605"}],"wp:attachment":[{"href":"https:\/\/ismaelcolosi.com.br\/index.php\/wp-json\/wp\/v2\/media?parent=39604"}],"wp:term":[{"taxonomy":"category","embeddable":true,"href":"https:\/\/ismaelcolosi.com.br\/index.php\/wp-json\/wp\/v2\/categories?post=39604"},{"taxonomy":"post_tag","embeddable":true,"href":"https:\/\/ismaelcolosi.com.br\/index.php\/wp-json\/wp\/v2\/tags?post=39604"}],"curies":[{"name":"wp","href":"https:\/\/api.w.org\/{rel}","templated":true}]}}