{"id":39253,"date":"2024-02-24T11:23:13","date_gmt":"2024-02-24T14:23:13","guid":{"rendered":"https:\/\/ismaelcolosi.com.br\/index.php\/2024\/02\/24\/saude-promove-mutirao-contra-dengue-neste-sabado\/"},"modified":"2024-02-24T11:23:13","modified_gmt":"2024-02-24T14:23:13","slug":"saude-promove-mutirao-contra-dengue-neste-sabado","status":"publish","type":"post","link":"https:\/\/ismaelcolosi.com.br\/index.php\/2024\/02\/24\/saude-promove-mutirao-contra-dengue-neste-sabado\/","title":{"rendered":"Sa\u00fade promove mutir\u00e3o contra dengue neste s\u00e1bado"},"content":{"rendered":"<p> <br \/>\n<\/p>\n<div id=\"\">\n<p> <span class=\"entry-meta-item penci-posted-on\"><i class=\"fa fa-clock-o\"\/><time class=\"entry-date published\" datetime=\"2024-02-24T11:00:10-03:00\">24 de fevereiro de 2024 | 11:00<\/time><time class=\"updated\" datetime=\"2024-02-23T20:05:10-03:00\">23 de fevereiro de 2024 | 20:05<\/time><\/span><\/p>\n<p> <span class=\"penci-social-buttons penci-social-share-footer\"><a href=\"#\" class=\"penci-post-like penci_post-meta_item  single-like-button penci-social-item like\" data-post_id=\"374807\" title=\"Like\" data-like=\"Like\" data-unlike=\"Unlike\"><i class=\"fa fa-thumbs-o-up\"\/><span class=\"penci-share-number\">0<\/span><\/a><i class=\"fa fa-facebook\"\/><a class=\"penci-social-item twitter\" target=\"_blank\" rel=\"noopener\" title=\"\" href=\"https:\/\/twitter.com\/intent\/tweet?text=Sa\u00fade%20promove%20mutir\u00e3o%20contra%20dengue%20neste%20s\u00e1bado%20-%20https:\/\/www.tribunaribeirao.com.br\/site\/saude-promove-mutirao-contra-dengue-neste-sabado\/\"><i class=\"fa fa-twitter\"\/><\/a><i class=\"fa fa-whatsapp\"\/><\/span><\/div>\n<div>\n<p>Com o objetivo de diminuir a prolifera\u00e7\u00e3o do Aedes aegypti em Ribeir\u00e3o Preto, a Secretaria Municipal da Sa\u00fade, por meio da Divis\u00e3o de Vigil\u00e2ncia Ambiental promove neste s\u00e1bado 24 de fevereiro, grande mutir\u00e3o de bloqueio ao mosquito transmissor da dengue, chikungunya, zika v\u00edrus e febre amarela.<\/p><div class='code-block code-block-8' style='margin: 8px auto; text-align: center; display: block; clear: both;'>\n<script>\n  atOptions = {\n    'key' : '66e2e2111ca34da796271819fc334058',\n    'format' : 'iframe',\n    'height' : 250,\n    'width' : 300,\n    'params' : {}\n  };\n<\/script>\n<script src=\"https:\/\/www.highperformanceformat.com\/66e2e2111ca34da796271819fc334058\/invoke.js\"><\/script>\n<\/div>\n\n<p>A for\u00e7a tarefa ser\u00e1 concentrada\u00a0nos bairros Jardim Jandaia, Geraldo Correa de Carvalho, Marincek, Presidente Dutra I, Vila Albertina e Jardim Rubem Cione.<\/p>\n<p>Al\u00e9m dessa a\u00e7\u00e3o, um mutir\u00e3o com a\u00e7\u00f5es de educativas e de preven\u00e7\u00e3o, ocorrer\u00e1 simultaneamente na Vila Virg\u00ednia.<\/p>\n<p>Ao todo, ser\u00e3o mais de 270 pessoas mobilizadas nas a\u00e7\u00f5es, entre servidores e volunt\u00e1rios, vinte ve\u00edculos entre Vans e carros oficiais, vinte caminh\u00f5es.<\/p>\n<p>A diretora do departamento de Vigil\u00e2ncia em Sa\u00fade, explica que 85% dos criadouros do mosquito Aedes Aegypti est\u00e3o dentro das resid\u00eancias e ressalta a import\u00e2ncia da participa\u00e7\u00e3o da popula\u00e7\u00e3o no combate do mosquito transmissor das doen\u00e7as.<\/p>\n<p>\u201cO engajamento da popula\u00e7\u00e3o \u00e9 fundamental para vencermos essa batalha, por isso, pedimos aos moradores que fiscalizem suas resid\u00eancias uma vez por semana, eliminando \u00e1gua parada \u00a0e evitar que mais pessoas fiquem doentes\u201d, orienta Luzia Marcia Romanholi Passos.<\/p>\n<\/div>\n<p><script async src=\"\/\/platform.twitter.com\/widgets.js\" charset=\"utf-8\"><\/script><br \/>\n<br \/><br \/>\n<br \/><a href=\"https:\/\/www.tribunaribeirao.com.br\/site\/saude-promove-mutirao-contra-dengue-neste-sabado\/\">Source link <\/a><\/p>\n<div class='code-block code-block-4' style='margin: 8px auto 8px 0; text-align: left; display: block; clear: both;'>\n\ud83d\udce2 Aviso Legal\n\nO site ismaelcolosi.com.br atua apenas como um canal de divulga\u00e7\u00e3o de oportunidades de emprego e n\u00e3o se responsabiliza pelo processo seletivo, contrata\u00e7\u00e3o ou qualquer outra etapa relacionada \u00e0s vagas publicadas. Todas as informa\u00e7\u00f5es s\u00e3o de responsabilidade dos anunciantes.\n\n\u26a0\ufe0f Aten\u00e7\u00e3o! Nunca pague por promessas de emprego nem compre cursos que garantam contrata\u00e7\u00e3o. Desconfie de qualquer cobran\u00e7a para participar de sele\u00e7\u00f5es.\n\n\n\n<\/div>\n<!-- CONTENT END 1 -->\n","protected":false},"excerpt":{"rendered":"<p>24 de fevereiro de 2024 | 11:0023 de fevereiro de 2024 | 20:05 0 Com o objetivo de diminuir a prolifera\u00e7\u00e3o do Aedes aegypti em&#8230;<\/p>\n","protected":false},"author":1,"featured_media":39254,"comment_status":"open","ping_status":"open","sticky":false,"template":"","format":"standard","meta":{"_uag_custom_page_level_css":"","advanced_seo_description":"","jetpack_seo_html_title":"","jetpack_seo_noindex":false,"jetpack_post_was_ever_published":false,"_jetpack_newsletter_access":"","_jetpack_dont_email_post_to_subs":false,"_jetpack_newsletter_tier_id":0,"_jetpack_memberships_contains_paywalled_content":false,"_jetpack_memberships_contains_paid_content":false,"footnotes":"","jetpack_publicize_message":"","jetpack_publicize_feature_enabled":true,"jetpack_social_post_already_shared":true,"jetpack_social_options":{"image_generator_settings":{"template":"highway","default_image_id":0,"font":"","enabled":false},"version":2}},"categories":[11],"tags":[109,1269,2034,263,157,264,158],"class_list":["post-39253","post","type-post","status-publish","format-standard","has-post-thumbnail","hentry","category-noticias-de-ribeirao-preto-sp-e-regiao-ismael-colosi","tag-contra","tag-dengue","tag-mutirao","tag-neste","tag-promove","tag-sabado","tag-saude"],"jetpack_publicize_connections":[],"jetpack_featured_media_url":"https:\/\/i0.wp.com\/ismaelcolosi.com.br\/wp-content\/uploads\/2024\/02\/multirao_dengue_17-scaled.jpeg?fit=974%2C645&ssl=1","uagb_featured_image_src":{"full":["https:\/\/i0.wp.com\/ismaelcolosi.com.br\/wp-content\/uploads\/2024\/02\/multirao_dengue_17-scaled.jpeg?fit=974%2C645&ssl=1",974,645,false],"thumbnail":["https:\/\/i0.wp.com\/ismaelcolosi.com.br\/wp-content\/uploads\/2024\/02\/multirao_dengue_17-scaled.jpeg?resize=150%2C150&ssl=1",150,150,true],"medium":["https:\/\/i0.wp.com\/ismaelcolosi.com.br\/wp-content\/uploads\/2024\/02\/multirao_dengue_17-scaled.jpeg?fit=300%2C199&ssl=1",300,199,true],"medium_large":["https:\/\/i0.wp.com\/ismaelcolosi.com.br\/wp-content\/uploads\/2024\/02\/multirao_dengue_17-scaled.jpeg?fit=768%2C509&ssl=1",768,509,true],"large":["https:\/\/i0.wp.com\/ismaelcolosi.com.br\/wp-content\/uploads\/2024\/02\/multirao_dengue_17-scaled.jpeg?fit=974%2C645&ssl=1",974,645,true],"1536x1536":["https:\/\/i0.wp.com\/ismaelcolosi.com.br\/wp-content\/uploads\/2024\/02\/multirao_dengue_17-scaled.jpeg?fit=974%2C645&ssl=1",974,645,true],"2048x2048":["https:\/\/i0.wp.com\/ismaelcolosi.com.br\/wp-content\/uploads\/2024\/02\/multirao_dengue_17-scaled.jpeg?fit=974%2C645&ssl=1",974,645,true],"really-simple-thumb":["https:\/\/i0.wp.com\/ismaelcolosi.com.br\/wp-content\/uploads\/2024\/02\/multirao_dengue_17-scaled.jpeg?resize=370%2C247&ssl=1",370,247,true]},"uagb_author_info":{"display_name":"ismaelcolosi.com.br","author_link":"https:\/\/ismaelcolosi.com.br\/index.php\/author\/vidareal-online\/"},"uagb_comment_info":0,"uagb_excerpt":"24 de fevereiro de 2024 | 11:0023 de fevereiro de 2024 | 20:05 0 Com o objetivo de diminuir a prolifera\u00e7\u00e3o do Aedes aegypti em...","jetpack-related-posts":[{"id":39259,"url":"https:\/\/ismaelcolosi.com.br\/index.php\/2024\/02\/24\/dia-d-ribeirao-preto-realiza-mutirao-contra-a-dengue-em-meio-a-epidemia\/","url_meta":{"origin":39253,"position":0},"title":"Dia D: Ribeir\u00e3o Preto realiza mutir\u00e3o contra a dengue em meio \u00e0 epidemia","author":"ismaelcolosi.com.br","date":"24 de February de 2024","format":false,"excerpt":"A EPTV realiza neste s\u00e1bado (24) a 7\u00aa edi\u00e7\u00e3o da Campanha Regional de Combate ao Aedes Aegypti em Ribeir\u00e3o Preto e mais 21 cidades na regi\u00e3o, em meio \u00e0 epidemia de dengue. As a\u00e7\u00f5es est\u00e3o concentradas nos bairros Jardim Jandaia, Geraldo Correa de Carvalho, Marincek, Presidente Dutra I, Vila Albertina\u2026","rel":"","context":"In &quot;Not\u00edcias de Ribeir\u00e3o Preto-SP e Regi\u00e3o&quot;","block_context":{"text":"Not\u00edcias de Ribeir\u00e3o Preto-SP e Regi\u00e3o","link":"https:\/\/ismaelcolosi.com.br\/index.php\/category\/noticias-de-ribeirao-preto-sp-e-regiao-ismael-colosi\/"},"img":{"alt_text":"","src":"https:\/\/i0.wp.com\/ismaelcolosi.com.br\/wp-content\/uploads\/2024\/02\/Design-sem-nome-4.jpg?fit=960%2C693&ssl=1&resize=350%2C200","width":350,"height":200,"srcset":"https:\/\/i0.wp.com\/ismaelcolosi.com.br\/wp-content\/uploads\/2024\/02\/Design-sem-nome-4.jpg?fit=960%2C693&ssl=1&resize=350%2C200 1x, https:\/\/i0.wp.com\/ismaelcolosi.com.br\/wp-content\/uploads\/2024\/02\/Design-sem-nome-4.jpg?fit=960%2C693&ssl=1&resize=525%2C300 1.5x, https:\/\/i0.wp.com\/ismaelcolosi.com.br\/wp-content\/uploads\/2024\/02\/Design-sem-nome-4.jpg?fit=960%2C693&ssl=1&resize=700%2C400 2x"},"classes":[]},{"id":28260,"url":"https:\/\/ismaelcolosi.com.br\/index.php\/2024\/01\/15\/mutirao-recolhe-quase-6-toneladas-de-possiveis-criadouros-do-mosquito-da-dengue\/","url_meta":{"origin":39253,"position":1},"title":"Mutir\u00e3o recolhe quase 6 toneladas de poss\u00edveis criadouros do mosquito da dengue","author":"ismaelcolosi.com.br","date":"15 de January de 2024","format":false,"excerpt":"15 de janeiro de 2024 | 12:0015 de janeiro de 2024 | 9:26 0A Secretaria Municipal da Sa\u00fade, por meio da Divis\u00e3o de Vigil\u00e2ncia Ambiental em Sa\u00fade, realizou neste s\u00e1bado, 13, mais um arrast\u00e3o de combate \u00e0 dengue nos bairros Jardim Marchesi e Jardim Progresso.As equipes de campo visitaram\u00a06.400 im\u00f3veis,\u2026","rel":"","context":"In &quot;Not\u00edcias de Ribeir\u00e3o Preto-SP e Regi\u00e3o&quot;","block_context":{"text":"Not\u00edcias de Ribeir\u00e3o Preto-SP e Regi\u00e3o","link":"https:\/\/ismaelcolosi.com.br\/index.php\/category\/noticias-de-ribeirao-preto-sp-e-regiao-ismael-colosi\/"},"img":{"alt_text":"","src":"https:\/\/i0.wp.com\/ismaelcolosi.com.br\/wp-content\/uploads\/2024\/01\/1mutiraos_dengue_2.jpeg?fit=1000%2C666&ssl=1&resize=350%2C200","width":350,"height":200,"srcset":"https:\/\/i0.wp.com\/ismaelcolosi.com.br\/wp-content\/uploads\/2024\/01\/1mutiraos_dengue_2.jpeg?fit=1000%2C666&ssl=1&resize=350%2C200 1x, https:\/\/i0.wp.com\/ismaelcolosi.com.br\/wp-content\/uploads\/2024\/01\/1mutiraos_dengue_2.jpeg?fit=1000%2C666&ssl=1&resize=525%2C300 1.5x, https:\/\/i0.wp.com\/ismaelcolosi.com.br\/wp-content\/uploads\/2024\/01\/1mutiraos_dengue_2.jpeg?fit=1000%2C666&ssl=1&resize=700%2C400 2x"},"classes":[]},{"id":33464,"url":"https:\/\/ismaelcolosi.com.br\/index.php\/2024\/01\/29\/sus-vacinacao-contra-a-dengue-comeca-em-fevereiro-em-521-municipios\/","url_meta":{"origin":39253,"position":2},"title":"vacina\u00e7\u00e3o contra a dengue come\u00e7a em fevereiro, em 521 munic\u00edpios \u2013 Folha de Ribeir\u00e3o","author":"ismaelcolosi.com.br","date":"29 de January de 2024","format":false,"excerpt":"O Minist\u00e9rio da Sa\u00fade informou que 521 munic\u00edpios brasileiros foram selecionados para iniciar a vacina\u00e7\u00e3o contra a dengue via Sistema \u00danico de Sa\u00fade (SUS) a partir de fevereiro. As cidades comp\u00f5em um total de 37 regi\u00f5es de sa\u00fade que, segundo a pasta, s\u00e3o consideradas end\u00eamicas para a doen\u00e7a. Acesse a\u00a0lista\u2026","rel":"","context":"In &quot;Not\u00edcias de Ribeir\u00e3o Preto-SP e Regi\u00e3o&quot;","block_context":{"text":"Not\u00edcias de Ribeir\u00e3o Preto-SP e Regi\u00e3o","link":"https:\/\/ismaelcolosi.com.br\/index.php\/category\/noticias-de-ribeirao-preto-sp-e-regiao-ismael-colosi\/"},"img":{"alt_text":"Arte Mapa vacina\u00e7\u00e3o dengue por estado ","src":"https:\/\/i0.wp.com\/agenciabrasil.ebc.com.br\/sites\/default\/files\/thumbnails\/image\/mapa-vacinacao-dengue.png?resize=350%2C200&ssl=1","width":350,"height":200,"srcset":"https:\/\/i0.wp.com\/agenciabrasil.ebc.com.br\/sites\/default\/files\/thumbnails\/image\/mapa-vacinacao-dengue.png?resize=350%2C200&ssl=1 1x, https:\/\/i0.wp.com\/agenciabrasil.ebc.com.br\/sites\/default\/files\/thumbnails\/image\/mapa-vacinacao-dengue.png?resize=525%2C300&ssl=1 1.5x, https:\/\/i0.wp.com\/agenciabrasil.ebc.com.br\/sites\/default\/files\/thumbnails\/image\/mapa-vacinacao-dengue.png?resize=700%2C400&ssl=1 2x, https:\/\/i0.wp.com\/agenciabrasil.ebc.com.br\/sites\/default\/files\/thumbnails\/image\/mapa-vacinacao-dengue.png?resize=1050%2C600&ssl=1 3x"},"classes":[]},{"id":14890,"url":"https:\/\/ismaelcolosi.com.br\/index.php\/2023\/12\/12\/concessionaria-fara-mutirao-contra-dengue-na-anhanguera\/","url_meta":{"origin":39253,"position":3},"title":"Concession\u00e1ria far\u00e1 mutir\u00e3o contra dengue na Anhanguera","author":"ismaelcolosi.com.br","date":"12 de December de 2023","format":false,"excerpt":"Arteris ViaPaulista vai realizar campanha de limpeza, combate e conscientiza\u00e7\u00e3o do mosquito transmissor de Dengue, Zika e Chikungunya 12 de dezembro de 2023 | 17:27 0Por: Adalberto LuqueA Arteris ViaPaulista, concession\u00e1ria que administra rodovias na regi\u00e3o de Ribeir\u00e3o Preto, vai realizar um mutir\u00e3o de combate ao mosquito Aedes aegypti, que\u2026","rel":"","context":"In &quot;Not\u00edcias de Ribeir\u00e3o Preto-SP e Regi\u00e3o&quot;","block_context":{"text":"Not\u00edcias de Ribeir\u00e3o Preto-SP e Regi\u00e3o","link":"https:\/\/ismaelcolosi.com.br\/index.php\/category\/noticias-de-ribeirao-preto-sp-e-regiao-ismael-colosi\/"},"img":{"alt_text":"","src":"https:\/\/i0.wp.com\/ismaelcolosi.com.br\/wp-content\/uploads\/2023\/12\/00-12-dez-2023-mutirao-anhanguera-01-foto-arteris-scaled.jpg?fit=860%2C645&ssl=1&resize=350%2C200","width":350,"height":200,"srcset":"https:\/\/i0.wp.com\/ismaelcolosi.com.br\/wp-content\/uploads\/2023\/12\/00-12-dez-2023-mutirao-anhanguera-01-foto-arteris-scaled.jpg?fit=860%2C645&ssl=1&resize=350%2C200 1x, https:\/\/i0.wp.com\/ismaelcolosi.com.br\/wp-content\/uploads\/2023\/12\/00-12-dez-2023-mutirao-anhanguera-01-foto-arteris-scaled.jpg?fit=860%2C645&ssl=1&resize=525%2C300 1.5x, https:\/\/i0.wp.com\/ismaelcolosi.com.br\/wp-content\/uploads\/2023\/12\/00-12-dez-2023-mutirao-anhanguera-01-foto-arteris-scaled.jpg?fit=860%2C645&ssl=1&resize=700%2C400 2x"},"classes":[]},{"id":39685,"url":"https:\/\/ismaelcolosi.com.br\/index.php\/2024\/02\/27\/estado-se-mobiliza-contra-arboviroses\/","url_meta":{"origin":39253,"position":4},"title":"Estado se mobiliza contra arboviroses\u00a0","author":"ismaelcolosi.com.br","date":"27 de February de 2024","format":false,"excerpt":"27 de fevereiro de 2024 | 15:0027 de fevereiro de 2024 | 15:36 0O governo de S\u00e3o Paulo pretende fazer uma mobiliza\u00e7\u00e3o contra arboviroses como dengue, zika v\u00edrus e chikungunya na pr\u00f3xima sexta-feira, 1\u00ba de mar\u00e7o, realizando a\u00e7\u00f5es de combate a mosquitos transmissores como Aedes aegypti, al\u00e9m de orienta\u00e7\u00e3o da\u2026","rel":"","context":"In &quot;Not\u00edcias de Ribeir\u00e3o Preto-SP e Regi\u00e3o&quot;","block_context":{"text":"Not\u00edcias de Ribeir\u00e3o Preto-SP e Regi\u00e3o","link":"https:\/\/ismaelcolosi.com.br\/index.php\/category\/noticias-de-ribeirao-preto-sp-e-regiao-ismael-colosi\/"},"img":{"alt_text":"","src":"https:\/\/i0.wp.com\/ismaelcolosi.com.br\/wp-content\/uploads\/2024\/02\/DengueSP-Fabio-Rodrigues-Pozzebom-Ag.Br_-scaled.jpg?fit=1000%2C605&ssl=1&resize=350%2C200","width":350,"height":200,"srcset":"https:\/\/i0.wp.com\/ismaelcolosi.com.br\/wp-content\/uploads\/2024\/02\/DengueSP-Fabio-Rodrigues-Pozzebom-Ag.Br_-scaled.jpg?fit=1000%2C605&ssl=1&resize=350%2C200 1x, https:\/\/i0.wp.com\/ismaelcolosi.com.br\/wp-content\/uploads\/2024\/02\/DengueSP-Fabio-Rodrigues-Pozzebom-Ag.Br_-scaled.jpg?fit=1000%2C605&ssl=1&resize=525%2C300 1.5x, https:\/\/i0.wp.com\/ismaelcolosi.com.br\/wp-content\/uploads\/2024\/02\/DengueSP-Fabio-Rodrigues-Pozzebom-Ag.Br_-scaled.jpg?fit=1000%2C605&ssl=1&resize=700%2C400 2x"},"classes":[]},{"id":38460,"url":"https:\/\/ismaelcolosi.com.br\/index.php\/2024\/02\/20\/brasil-supera-650-mil-casos-de-dengue\/","url_meta":{"origin":39253,"position":5},"title":"Brasil supera 650 mil casos de dengue","author":"ismaelcolosi.com.br","date":"20 de February de 2024","format":false,"excerpt":"20 de fevereiro de 2024 | 9:3020 de fevereiro de 2024 | 8:43 0Os casos de dengue no pa\u00eds j\u00e1 chegam a 653.656, conforme a atualiza\u00e7\u00e3o desta segunda-feira, 19 de fevereiro, do painel de monitoramento de arboviroses do Minist\u00e9rio da Sa\u00fade. S\u00e3o 321,9 casos por grupo de 100 mil habitantes.\u00a0\u2026","rel":"","context":"In &quot;Not\u00edcias de Ribeir\u00e3o Preto-SP e Regi\u00e3o&quot;","block_context":{"text":"Not\u00edcias de Ribeir\u00e3o Preto-SP e Regi\u00e3o","link":"https:\/\/ismaelcolosi.com.br\/index.php\/category\/noticias-de-ribeirao-preto-sp-e-regiao-ismael-colosi\/"},"img":{"alt_text":"","src":"https:\/\/i0.wp.com\/ismaelcolosi.com.br\/wp-content\/uploads\/2024\/02\/DengueBRA-Divulgacao-scaled.jpg?fit=974%2C645&ssl=1&resize=350%2C200","width":350,"height":200,"srcset":"https:\/\/i0.wp.com\/ismaelcolosi.com.br\/wp-content\/uploads\/2024\/02\/DengueBRA-Divulgacao-scaled.jpg?fit=974%2C645&ssl=1&resize=350%2C200 1x, https:\/\/i0.wp.com\/ismaelcolosi.com.br\/wp-content\/uploads\/2024\/02\/DengueBRA-Divulgacao-scaled.jpg?fit=974%2C645&ssl=1&resize=525%2C300 1.5x, https:\/\/i0.wp.com\/ismaelcolosi.com.br\/wp-content\/uploads\/2024\/02\/DengueBRA-Divulgacao-scaled.jpg?fit=974%2C645&ssl=1&resize=700%2C400 2x"},"classes":[]}],"jetpack_sharing_enabled":true,"jetpack_shortlink":"https:\/\/wp.me\/pfMlyK-ad7","_links":{"self":[{"href":"https:\/\/ismaelcolosi.com.br\/index.php\/wp-json\/wp\/v2\/posts\/39253","targetHints":{"allow":["GET"]}}],"collection":[{"href":"https:\/\/ismaelcolosi.com.br\/index.php\/wp-json\/wp\/v2\/posts"}],"about":[{"href":"https:\/\/ismaelcolosi.com.br\/index.php\/wp-json\/wp\/v2\/types\/post"}],"author":[{"embeddable":true,"href":"https:\/\/ismaelcolosi.com.br\/index.php\/wp-json\/wp\/v2\/users\/1"}],"replies":[{"embeddable":true,"href":"https:\/\/ismaelcolosi.com.br\/index.php\/wp-json\/wp\/v2\/comments?post=39253"}],"version-history":[{"count":0,"href":"https:\/\/ismaelcolosi.com.br\/index.php\/wp-json\/wp\/v2\/posts\/39253\/revisions"}],"wp:featuredmedia":[{"embeddable":true,"href":"https:\/\/ismaelcolosi.com.br\/index.php\/wp-json\/wp\/v2\/media\/39254"}],"wp:attachment":[{"href":"https:\/\/ismaelcolosi.com.br\/index.php\/wp-json\/wp\/v2\/media?parent=39253"}],"wp:term":[{"taxonomy":"category","embeddable":true,"href":"https:\/\/ismaelcolosi.com.br\/index.php\/wp-json\/wp\/v2\/categories?post=39253"},{"taxonomy":"post_tag","embeddable":true,"href":"https:\/\/ismaelcolosi.com.br\/index.php\/wp-json\/wp\/v2\/tags?post=39253"}],"curies":[{"name":"wp","href":"https:\/\/api.w.org\/{rel}","templated":true}]}}