{"id":38953,"date":"2024-02-22T14:50:11","date_gmt":"2024-02-22T17:50:11","guid":{"rendered":"https:\/\/ismaelcolosi.com.br\/index.php\/2024\/02\/22\/comercial-anuncia-ademir-fesan-como-novo-treinador\/"},"modified":"2024-02-22T14:50:11","modified_gmt":"2024-02-22T17:50:11","slug":"comercial-anuncia-ademir-fesan-como-novo-treinador","status":"publish","type":"post","link":"https:\/\/ismaelcolosi.com.br\/index.php\/2024\/02\/22\/comercial-anuncia-ademir-fesan-como-novo-treinador\/","title":{"rendered":"Comercial anuncia Ademir Fesan como novo treinador"},"content":{"rendered":"<p> <br \/>\n<\/p>\n<div id=\"\">\n<p> <span class=\"entry-meta-item penci-posted-on\"><i class=\"fa fa-clock-o\"\/><time class=\"entry-date published updated\" datetime=\"2024-02-22T13:13:41-03:00\">22 de fevereiro de 2024 | 13:13<\/time><\/span><\/p>\n<p> <span class=\"penci-social-buttons penci-social-share-footer\"><a href=\"#\" class=\"penci-post-like penci_post-meta_item  single-like-button penci-social-item like\" data-post_id=\"374617\" title=\"Like\" data-like=\"Like\" data-unlike=\"Unlike\"><i class=\"fa fa-thumbs-o-up\"\/><span class=\"penci-share-number\">0<\/span><\/a><i class=\"fa fa-facebook\"\/><a class=\"penci-social-item twitter\" target=\"_blank\" rel=\"noopener\" title=\"\" href=\"https:\/\/twitter.com\/intent\/tweet?text=Comercial%20anuncia%20Ademir%20Fesan%20como%20novo%20treinador%20-%20https:\/\/www.tribunaribeirao.com.br\/site\/comercial-anuncia-ademir-fesan-como-novo-treinador\/\"><i class=\"fa fa-twitter\"\/><\/a><i class=\"fa fa-whatsapp\"\/><\/span><\/div>\n<div>\n<p>O Comercial FC anunciou, nesta quinta-feira, dia 22, o nome de Ademir Fesan como novo comandante da equipe. O treinador de 46 anos chega com contrato at\u00e9 o fim da S\u00e9rie A2.<\/p><div class='code-block code-block-8' style='margin: 8px auto; text-align: center; display: block; clear: both;'>\n<script>\n  atOptions = {\n    'key' : '66e2e2111ca34da796271819fc334058',\n    'format' : 'iframe',\n    'height' : 250,\n    'width' : 300,\n    'params' : {}\n  };\n<\/script>\n<script src=\"https:\/\/www.highperformanceformat.com\/66e2e2111ca34da796271819fc334058\/invoke.js\"><\/script>\n<\/div>\n\n<p>Ao longo da carreira, Fesan dirigiu Cascavel (PR), Paran\u00e1 (PR), Primavera (SP), Tabo\u00e3o da Serra (SP) e Monte Azul, al\u00e9m do Gr\u00eamio Prudente, clube pelo qual iniciou a temporada de 2024.<\/p>\n<p>O treinador tamb\u00e9m acumula experi\u00eancia como auxiliar t\u00e9cnico de Cear\u00e1 (CE), Guarani (SP), Internacional (RS), Portuguesa Santista (SP), ABC (RN), Joinville (SC), Vit\u00f3ria (BA), Cuiab\u00e1 (MT) e CRB (AL).<\/p>\n<p><strong>Sa\u00edda de Lopes \u2013 <\/strong>Pela manh\u00e3 foi anunciada a sa\u00edda do t\u00e9cnico Wagner Lopes. Na quarta-feira o Le\u00e3o empatou em 1 a 1 com o Oeste, no Est\u00e1dio Palma Travassos, em Ribeir\u00e3o Preto, em jogo pela 10\u00aa rodada da S\u00e9rie A2 do Campeonato Paulista.<\/p>\n<p>O treinador comandou o time em tr\u00eas jogos e n\u00e3o conseguiu nenhuma vit\u00f3ria \u2013 foram duas derrotas em um empate \u2013 perdeu para o Velo Clube por 3 a 1 e o S\u00e3o Jos\u00e9 por 4 a 0, e empatou com o Oeste. O Comercial ocupa o \u00faltimo lugar na tabla da competi\u00e7\u00e3o.<\/p>\n<p>Durante entrevista coletiva, Lopes disse que a sua sa\u00edda havia sido acertada devido \u00e0 recusa do Conselho Deliberativo em transformar neste momento o Comercial em sociedade an\u00f4nima do futebol (SAF).<\/p>\n<p><strong>Martins \u2013<\/strong> Lopes assumiu o posto depois que o clube demitiu Luiz Carlos Martins, que iniciou a temporada pelo clube. Com ele, foram tr\u00eas empates e tr\u00eas derrotas.<\/p>\n<p>\u00a0<\/p>\n<p>\u00a0<\/p>\n<\/div>\n<p><script async src=\"\/\/platform.twitter.com\/widgets.js\" charset=\"utf-8\"><\/script><br \/>\n<br \/><br \/>\n<br \/><a href=\"https:\/\/www.tribunaribeirao.com.br\/site\/comercial-anuncia-ademir-fesan-como-novo-treinador\/\">Source link <\/a><\/p>\n<div class='code-block code-block-4' style='margin: 8px auto 8px 0; text-align: left; display: block; clear: both;'>\n\ud83d\udce2 Aviso Legal\n\nO site ismaelcolosi.com.br atua apenas como um canal de divulga\u00e7\u00e3o de oportunidades de emprego e n\u00e3o se responsabiliza pelo processo seletivo, contrata\u00e7\u00e3o ou qualquer outra etapa relacionada \u00e0s vagas publicadas. Todas as informa\u00e7\u00f5es s\u00e3o de responsabilidade dos anunciantes.\n\n\u26a0\ufe0f Aten\u00e7\u00e3o! Nunca pague por promessas de emprego nem compre cursos que garantam contrata\u00e7\u00e3o. Desconfie de qualquer cobran\u00e7a para participar de sele\u00e7\u00f5es.\n\n\n\n<\/div>\n<!-- CONTENT END 1 -->\n","protected":false},"excerpt":{"rendered":"<p>22 de fevereiro de 2024 | 13:13 0 O Comercial FC anunciou, nesta quinta-feira, dia 22, o nome de Ademir Fesan como novo comandante da&#8230;<\/p>\n","protected":false},"author":1,"featured_media":38954,"comment_status":"open","ping_status":"open","sticky":false,"template":"","format":"standard","meta":{"_uag_custom_page_level_css":"","advanced_seo_description":"","jetpack_seo_html_title":"","jetpack_seo_noindex":false,"jetpack_post_was_ever_published":false,"_jetpack_newsletter_access":"","_jetpack_dont_email_post_to_subs":false,"_jetpack_newsletter_tier_id":0,"_jetpack_memberships_contains_paywalled_content":false,"_jetpack_memberships_contains_paid_content":false,"footnotes":"","jetpack_publicize_message":"","jetpack_publicize_feature_enabled":true,"jetpack_social_post_already_shared":true,"jetpack_social_options":{"image_generator_settings":{"template":"highway","default_image_id":0,"font":"","enabled":false},"version":2}},"categories":[11],"tags":[4431,175,705,265,4432,381,2411],"class_list":["post-38953","post","type-post","status-publish","format-standard","has-post-thumbnail","hentry","category-noticias-de-ribeirao-preto-sp-e-regiao-ismael-colosi","tag-ademir","tag-anuncia","tag-comercial","tag-como","tag-fesan","tag-novo","tag-treinador"],"jetpack_publicize_connections":[],"jetpack_featured_media_url":"https:\/\/i0.wp.com\/ismaelcolosi.com.br\/wp-content\/uploads\/2024\/02\/bafo-scaled.jpg?fit=967%2C645&ssl=1","uagb_featured_image_src":{"full":["https:\/\/i0.wp.com\/ismaelcolosi.com.br\/wp-content\/uploads\/2024\/02\/bafo-scaled.jpg?fit=967%2C645&ssl=1",967,645,false],"thumbnail":["https:\/\/i0.wp.com\/ismaelcolosi.com.br\/wp-content\/uploads\/2024\/02\/bafo-scaled.jpg?resize=150%2C150&ssl=1",150,150,true],"medium":["https:\/\/i0.wp.com\/ismaelcolosi.com.br\/wp-content\/uploads\/2024\/02\/bafo-scaled.jpg?fit=300%2C200&ssl=1",300,200,true],"medium_large":["https:\/\/i0.wp.com\/ismaelcolosi.com.br\/wp-content\/uploads\/2024\/02\/bafo-scaled.jpg?fit=768%2C512&ssl=1",768,512,true],"large":["https:\/\/i0.wp.com\/ismaelcolosi.com.br\/wp-content\/uploads\/2024\/02\/bafo-scaled.jpg?fit=967%2C645&ssl=1",967,645,true],"1536x1536":["https:\/\/i0.wp.com\/ismaelcolosi.com.br\/wp-content\/uploads\/2024\/02\/bafo-scaled.jpg?fit=967%2C645&ssl=1",967,645,true],"2048x2048":["https:\/\/i0.wp.com\/ismaelcolosi.com.br\/wp-content\/uploads\/2024\/02\/bafo-scaled.jpg?fit=967%2C645&ssl=1",967,645,true],"really-simple-thumb":["https:\/\/i0.wp.com\/ismaelcolosi.com.br\/wp-content\/uploads\/2024\/02\/bafo-scaled.jpg?resize=370%2C247&ssl=1",370,247,true]},"uagb_author_info":{"display_name":"ismaelcolosi.com.br","author_link":"https:\/\/ismaelcolosi.com.br\/index.php\/author\/vidareal-online\/"},"uagb_comment_info":0,"uagb_excerpt":"22 de fevereiro de 2024 | 13:13 0 O Comercial FC anunciou, nesta quinta-feira, dia 22, o nome de Ademir Fesan como novo comandante da...","jetpack-related-posts":[{"id":38947,"url":"https:\/\/ismaelcolosi.com.br\/index.php\/2024\/02\/22\/comercial-anuncia-tecnico-para-tentar-escapar-do-rebaixamento-na-serie-a2\/","url_meta":{"origin":38953,"position":0},"title":"Comercial anuncia t\u00e9cnico para tentar escapar do rebaixamento na S\u00e9rie A2","author":"ismaelcolosi.com.br","date":"22 de February de 2024","format":false,"excerpt":"O Comercial anunciou o t\u00e9cnico Ademir Fesan como o novo comandante na disputada do Campeonato Paulista da S\u00e9rie A2. A equipe de Ribeir\u00e3o Preto \u00e9 a lanterna do estadual, com apenas 5 pontos e nenhuma vit\u00f3ria conquistada em 2024. O novo treinador tem 46 anos chega com contrato at\u00e9 o\u2026","rel":"","context":"In &quot;Not\u00edcias de Ribeir\u00e3o Preto-SP e Regi\u00e3o&quot;","block_context":{"text":"Not\u00edcias de Ribeir\u00e3o Preto-SP e Regi\u00e3o","link":"https:\/\/ismaelcolosi.com.br\/index.php\/category\/noticias-de-ribeirao-preto-sp-e-regiao-ismael-colosi\/"},"img":{"alt_text":"","src":"https:\/\/i0.wp.com\/ismaelcolosi.com.br\/wp-content\/uploads\/2024\/02\/ademir-fesan-comercial.jpeg?fit=1080%2C1080&ssl=1&resize=350%2C200","width":350,"height":200,"srcset":"https:\/\/i0.wp.com\/ismaelcolosi.com.br\/wp-content\/uploads\/2024\/02\/ademir-fesan-comercial.jpeg?fit=1080%2C1080&ssl=1&resize=350%2C200 1x, https:\/\/i0.wp.com\/ismaelcolosi.com.br\/wp-content\/uploads\/2024\/02\/ademir-fesan-comercial.jpeg?fit=1080%2C1080&ssl=1&resize=525%2C300 1.5x, https:\/\/i0.wp.com\/ismaelcolosi.com.br\/wp-content\/uploads\/2024\/02\/ademir-fesan-comercial.jpeg?fit=1080%2C1080&ssl=1&resize=700%2C400 2x, https:\/\/i0.wp.com\/ismaelcolosi.com.br\/wp-content\/uploads\/2024\/02\/ademir-fesan-comercial.jpeg?fit=1080%2C1080&ssl=1&resize=1050%2C600 3x"},"classes":[]},{"id":39249,"url":"https:\/\/ismaelcolosi.com.br\/index.php\/2024\/02\/24\/com-novo-treinador-comercial-vista-a-portuguesa-santista\/","url_meta":{"origin":38953,"position":1},"title":"Com novo treinador, Comercial vista a Portuguesa Santista\u00a0\u00a0","author":"ismaelcolosi.com.br","date":"24 de February de 2024","format":false,"excerpt":"O Comercial vive um calv\u00e1rio em 2024. Al\u00e9m dos problemas extracampo, o Le\u00e3o do Norte tem se manter na S\u00e9rie A2 do Campeonato Paulista. O Bafo tem mais oportunidade de tentar sua primeira vit\u00f3ria na competi\u00e7\u00e3o neste s\u00e1bado, diante da Portuguesa Santista. O confronto acontece as 15h, no est\u00e1dio Ulrico\u2026","rel":"","context":"In &quot;Not\u00edcias de Ribeir\u00e3o Preto-SP e Regi\u00e3o&quot;","block_context":{"text":"Not\u00edcias de Ribeir\u00e3o Preto-SP e Regi\u00e3o","link":"https:\/\/ismaelcolosi.com.br\/index.php\/category\/noticias-de-ribeirao-preto-sp-e-regiao-ismael-colosi\/"},"img":{"alt_text":"","src":"https:\/\/i0.wp.com\/ismaelcolosi.com.br\/wp-content\/uploads\/2024\/02\/Comercial-14-scaled.jpeg?fit=967%2C645&ssl=1&resize=350%2C200","width":350,"height":200,"srcset":"https:\/\/i0.wp.com\/ismaelcolosi.com.br\/wp-content\/uploads\/2024\/02\/Comercial-14-scaled.jpeg?fit=967%2C645&ssl=1&resize=350%2C200 1x, https:\/\/i0.wp.com\/ismaelcolosi.com.br\/wp-content\/uploads\/2024\/02\/Comercial-14-scaled.jpeg?fit=967%2C645&ssl=1&resize=525%2C300 1.5x, https:\/\/i0.wp.com\/ismaelcolosi.com.br\/wp-content\/uploads\/2024\/02\/Comercial-14-scaled.jpeg?fit=967%2C645&ssl=1&resize=700%2C400 2x"},"classes":[]},{"id":39311,"url":"https:\/\/ismaelcolosi.com.br\/index.php\/2024\/02\/24\/comercial-perde-na-estreia-de-ademir-fesan\/","url_meta":{"origin":38953,"position":2},"title":"Comercial perde na estreia de Ademir Fesan","author":"ismaelcolosi.com.br","date":"24 de February de 2024","format":false,"excerpt":"24 de fevereiro de 2024 | 17:13 0N\u00e3o foi a estreia do t\u00e9cnico Ademir Fesan que mudou a hist\u00f3ria de resultados negativos do Comercial FC no Campeonato Paulista da S\u00e9rie A2. O Le\u00e3o do Norte voltou a perder na competi\u00e7\u00e3o, desta vez, neste s\u00e1bado (24), no est\u00e1dio Ulrico Mursa, em\u2026","rel":"","context":"In &quot;Not\u00edcias de Ribeir\u00e3o Preto-SP e Regi\u00e3o&quot;","block_context":{"text":"Not\u00edcias de Ribeir\u00e3o Preto-SP e Regi\u00e3o","link":"https:\/\/ismaelcolosi.com.br\/index.php\/category\/noticias-de-ribeirao-preto-sp-e-regiao-ismael-colosi\/"},"img":{"alt_text":"","src":"https:\/\/i0.wp.com\/ismaelcolosi.com.br\/wp-content\/uploads\/2024\/02\/81dea2c9-9e74-419e-9375-b5d823301732.jpg?fit=640%2C426&ssl=1&resize=350%2C200","width":350,"height":200,"srcset":"https:\/\/i0.wp.com\/ismaelcolosi.com.br\/wp-content\/uploads\/2024\/02\/81dea2c9-9e74-419e-9375-b5d823301732.jpg?fit=640%2C426&ssl=1&resize=350%2C200 1x, https:\/\/i0.wp.com\/ismaelcolosi.com.br\/wp-content\/uploads\/2024\/02\/81dea2c9-9e74-419e-9375-b5d823301732.jpg?fit=640%2C426&ssl=1&resize=525%2C300 1.5x"},"classes":[]},{"id":39694,"url":"https:\/\/ismaelcolosi.com.br\/index.php\/2024\/02\/27\/apesar-de-estreia-com-derrota-fesan-mostra-confianca-no-comercial\/","url_meta":{"origin":38953,"position":3},"title":"Apesar de estreia com derrota, Fesan mostra confian\u00e7a no Comercial","author":"ismaelcolosi.com.br","date":"27 de February de 2024","format":false,"excerpt":"27 de fevereiro de 2024 | 17:3027 de fevereiro de 2024 | 10:18 0Tentando sobreviver na S\u00e9rie A2, o Comercial n\u00e3o conseguiu vencer na estreia do t\u00e9cnico Ademir Fesan. Diante da Portuguesa Santista, o Le\u00e3o do Norte caiu com o placar de 1 a 0 no final de semana.\u00a0\u00a0Ap\u00f3s o\u2026","rel":"","context":"In &quot;Not\u00edcias de Ribeir\u00e3o Preto-SP e Regi\u00e3o&quot;","block_context":{"text":"Not\u00edcias de Ribeir\u00e3o Preto-SP e Regi\u00e3o","link":"https:\/\/ismaelcolosi.com.br\/index.php\/category\/noticias-de-ribeirao-preto-sp-e-regiao-ismael-colosi\/"},"img":{"alt_text":"","src":"https:\/\/i0.wp.com\/ismaelcolosi.com.br\/wp-content\/uploads\/2024\/02\/Comercial-15.jpeg?fit=640%2C424&ssl=1&resize=350%2C200","width":350,"height":200,"srcset":"https:\/\/i0.wp.com\/ismaelcolosi.com.br\/wp-content\/uploads\/2024\/02\/Comercial-15.jpeg?fit=640%2C424&ssl=1&resize=350%2C200 1x, https:\/\/i0.wp.com\/ismaelcolosi.com.br\/wp-content\/uploads\/2024\/02\/Comercial-15.jpeg?fit=640%2C424&ssl=1&resize=525%2C300 1.5x"},"classes":[]},{"id":40158,"url":"https:\/\/ismaelcolosi.com.br\/index.php\/2024\/03\/01\/comercial-pode-ter-retornos-para-encarar-o-xv-no-domingo\/","url_meta":{"origin":38953,"position":4},"title":"Comercial pode ter retornos para encarar o XV no domingo\u00a0\u00a0","author":"ismaelcolosi.com.br","date":"1 de March de 2024","format":false,"excerpt":"1 de mar\u00e7o de 2024 | 12:001 de mar\u00e7o de 2024 | 9:27 0O Comercial pode ter boas noticias para a partida contra o XV de Piracicaba, que acontece no pr\u00f3ximo domingo. Cinco jogadores devem ficar a disposi\u00e7\u00e3o do t\u00e9cnico Ademir Fesan no final de semana.\u00a0\u00a0Alan Lopes cumpriu suspens\u00e3o na\u2026","rel":"","context":"In &quot;Not\u00edcias de Ribeir\u00e3o Preto-SP e Regi\u00e3o&quot;","block_context":{"text":"Not\u00edcias de Ribeir\u00e3o Preto-SP e Regi\u00e3o","link":"https:\/\/ismaelcolosi.com.br\/index.php\/category\/noticias-de-ribeirao-preto-sp-e-regiao-ismael-colosi\/"},"img":{"alt_text":"","src":"https:\/\/i0.wp.com\/ismaelcolosi.com.br\/wp-content\/uploads\/2024\/03\/bafo-scaled.jpg?fit=968%2C645&ssl=1&resize=350%2C200","width":350,"height":200,"srcset":"https:\/\/i0.wp.com\/ismaelcolosi.com.br\/wp-content\/uploads\/2024\/03\/bafo-scaled.jpg?fit=968%2C645&ssl=1&resize=350%2C200 1x, https:\/\/i0.wp.com\/ismaelcolosi.com.br\/wp-content\/uploads\/2024\/03\/bafo-scaled.jpg?fit=968%2C645&ssl=1&resize=525%2C300 1.5x, https:\/\/i0.wp.com\/ismaelcolosi.com.br\/wp-content\/uploads\/2024\/03\/bafo-scaled.jpg?fit=968%2C645&ssl=1&resize=700%2C400 2x"},"classes":[]},{"id":40378,"url":"https:\/\/ismaelcolosi.com.br\/index.php\/2024\/03\/03\/tentando-primeira-vitoria-na-a2-comercial-recebe-o-xv-de-piracicaba\/","url_meta":{"origin":38953,"position":5},"title":"Tentando primeira vit\u00f3ria na A2, Comercial recebe o XV de Piracicaba\u00a0\u00a0","author":"ismaelcolosi.com.br","date":"3 de March de 2024","format":false,"excerpt":"Buscando sua primeira vit\u00f3ria na S\u00e9rie A2, o Comercial recebe neste domingo o XV de Piracicaba, \u00e0s 11h10, no Palma Travassos, em Ribeir\u00e3o Preto. Desesperado, o Le\u00e3o do Norte precisa ganhar para se manter vivo na competi\u00e7\u00e3o.\u00a0\u00a0O t\u00e9cnico Ademir Fesan faz sua segunda partida no comando da equipe. Para o\u2026","rel":"","context":"In &quot;Not\u00edcias de Ribeir\u00e3o Preto-SP e Regi\u00e3o&quot;","block_context":{"text":"Not\u00edcias de Ribeir\u00e3o Preto-SP e Regi\u00e3o","link":"https:\/\/ismaelcolosi.com.br\/index.php\/category\/noticias-de-ribeirao-preto-sp-e-regiao-ismael-colosi\/"},"img":{"alt_text":"","src":"https:\/\/i0.wp.com\/ismaelcolosi.com.br\/wp-content\/uploads\/2024\/03\/Comercial-domingo-scaled.jpeg?fit=967%2C645&ssl=1&resize=350%2C200","width":350,"height":200,"srcset":"https:\/\/i0.wp.com\/ismaelcolosi.com.br\/wp-content\/uploads\/2024\/03\/Comercial-domingo-scaled.jpeg?fit=967%2C645&ssl=1&resize=350%2C200 1x, https:\/\/i0.wp.com\/ismaelcolosi.com.br\/wp-content\/uploads\/2024\/03\/Comercial-domingo-scaled.jpeg?fit=967%2C645&ssl=1&resize=525%2C300 1.5x, https:\/\/i0.wp.com\/ismaelcolosi.com.br\/wp-content\/uploads\/2024\/03\/Comercial-domingo-scaled.jpeg?fit=967%2C645&ssl=1&resize=700%2C400 2x"},"classes":[]}],"jetpack_sharing_enabled":true,"jetpack_shortlink":"https:\/\/wp.me\/pfMlyK-a8h","_links":{"self":[{"href":"https:\/\/ismaelcolosi.com.br\/index.php\/wp-json\/wp\/v2\/posts\/38953","targetHints":{"allow":["GET"]}}],"collection":[{"href":"https:\/\/ismaelcolosi.com.br\/index.php\/wp-json\/wp\/v2\/posts"}],"about":[{"href":"https:\/\/ismaelcolosi.com.br\/index.php\/wp-json\/wp\/v2\/types\/post"}],"author":[{"embeddable":true,"href":"https:\/\/ismaelcolosi.com.br\/index.php\/wp-json\/wp\/v2\/users\/1"}],"replies":[{"embeddable":true,"href":"https:\/\/ismaelcolosi.com.br\/index.php\/wp-json\/wp\/v2\/comments?post=38953"}],"version-history":[{"count":0,"href":"https:\/\/ismaelcolosi.com.br\/index.php\/wp-json\/wp\/v2\/posts\/38953\/revisions"}],"wp:featuredmedia":[{"embeddable":true,"href":"https:\/\/ismaelcolosi.com.br\/index.php\/wp-json\/wp\/v2\/media\/38954"}],"wp:attachment":[{"href":"https:\/\/ismaelcolosi.com.br\/index.php\/wp-json\/wp\/v2\/media?parent=38953"}],"wp:term":[{"taxonomy":"category","embeddable":true,"href":"https:\/\/ismaelcolosi.com.br\/index.php\/wp-json\/wp\/v2\/categories?post=38953"},{"taxonomy":"post_tag","embeddable":true,"href":"https:\/\/ismaelcolosi.com.br\/index.php\/wp-json\/wp\/v2\/tags?post=38953"}],"curies":[{"name":"wp","href":"https:\/\/api.w.org\/{rel}","templated":true}]}}