{"id":3894,"date":"2023-11-20T12:02:21","date_gmt":"2023-11-20T15:02:21","guid":{"rendered":"https:\/\/ismaelcolosi.com.br\/index.php\/2023\/11\/20\/semente-ajuda-a-diminuir-ansiedade-e-insonia-segundo-a-medicina\/"},"modified":"2023-11-20T12:02:21","modified_gmt":"2023-11-20T15:02:21","slug":"semente-ajuda-a-diminuir-ansiedade-e-insonia-segundo-a-medicina","status":"publish","type":"post","link":"https:\/\/ismaelcolosi.com.br\/index.php\/2023\/11\/20\/semente-ajuda-a-diminuir-ansiedade-e-insonia-segundo-a-medicina\/","title":{"rendered":"Semente ajuda a diminuir ansiedade e ins\u00f4nia, segundo a medicina"},"content":{"rendered":"<p> [ad_1]<br \/>\n<\/p>\n<div>\n<div id=\"attachment_2312519\" class=\"wp-caption alignnone\">\n<div class=\"d-flex justify-content-center\" data-attachment-id=\"2312519\">\n<div class=\"position-relative d-inline-block\"><img data-recalc-dims=\"1\" data-portal-copyright=\"Getty Images\" decoding=\"async\" fetchpriority=\"high\" class=\"wp-image-2312519 size-full\" src=\"https:\/\/i0.wp.com\/catracalivre.com.br\/wp-content\/uploads\/2023\/11\/istock-1294349033.jpg?resize=1200%2C800&#038;ssl=1\" alt=\"Vale destacar que a semente de girassol n\u00e3o \u00e9 uma cura definitiva para ansiedade e ins\u00f4nia, mas pode contribuir no tratamento. Por isso, busque orienta\u00e7\u00e3o m\u00e9dica para um diagn\u00f3stico ou tratamento \u2013 iStock\/Getty Images\" width=\"1200\" height=\"800\" srcset=\"https:\/\/catracalivre.com.br\/wp-content\/uploads\/2023\/11\/istock-1294349033.jpg 1254w, https:\/\/catracalivre.com.br\/wp-content\/uploads\/2023\/11\/istock-1294349033-450x300.jpg 450w, https:\/\/catracalivre.com.br\/wp-content\/uploads\/2023\/11\/istock-1294349033-768x512.jpg 768w\" sizes=\"(max-width: 1254px) 100vw, 1254px\"\/><\/p>\n<p>Cr\u00e9ditos: Getty Images<\/p>\n<\/div>\n<\/div>\n<p><span class=\"post-imagem__legenda\">Vale destacar que a semente de girassol n\u00e3o \u00e9 uma cura definitiva para ansiedade e ins\u00f4nia, mas pode contribuir no tratamento. Por isso, busque orienta\u00e7\u00e3o m\u00e9dica para um diagn\u00f3stico ou tratamento \u2013 iStock\/Getty Images<\/span><\/p>\n<\/div>\n<p>Aliada no combate \u00e0 ansiedade e ins\u00f4nia, a semente de girassol \u00e9 rica em <strong><a href=\"https:\/\/bvsms.saude.gov.br\/bvs\/publicacoes\/alimentacao_saudavel.pdf\" target=\"_blank\" rel=\"noopener\">gorduras saud\u00e1veis<\/a><\/strong>, prote\u00ednas, fibras e antioxidantes. Origin\u00e1ria da Am\u00e9rica do Norte, os nutrientes da semente oferecem diversos benef\u00edcios \u00e0 sa\u00fade, incluindo a capacidade de promover o relaxamento e melhorar a <strong><a href=\"https:\/\/catracalivre.com.br\/equilibre-se\/neurologista-da-10-dicas-para-melhorar-a-qualidade-do-sono\/\" target=\"_blank\" rel=\"noopener\">qualidade do sono<\/a><\/strong>.<\/p>\n<h2><strong>Propriedades da semente de girassol e seus benef\u00edcios:\u00a0<\/strong><\/h2>\n<p><strong>Magn\u00e9sio<\/strong><\/p>\n<p>A semente de girassol \u00e9 uma excelente fonte de magn\u00e9sio, um mineral que desempenha um papel vital na regula\u00e7\u00e3o do sistema nervoso. O magn\u00e9sio auxilia na redu\u00e7\u00e3o do estresse e ansiedade, contribuindo para uma sensa\u00e7\u00e3o de calma e bem-estar.<\/p>\n<p><strong>Fibras<\/strong><\/p>\n<p>As fibras presentes na semente auxiliam na digest\u00e3o e na sensa\u00e7\u00e3o de saciedade, evitando picos de a\u00e7\u00facar no sangue que podem levar a oscila\u00e7\u00f5es de humor.<\/p>\n<p><strong>Triptofano<\/strong><\/p>\n<p>A semente de girassol cont\u00e9m triptofano, um amino\u00e1cido precursor da serotonina, conhecida como \u201chorm\u00f4nio do prazer\u201d. A serotonina ajuda a regular o humor, reduzindo a ansiedade e promovendo um estado de relaxamento, o que pode contribuir para uma noite de sono mais tranquila.<\/p>\n<p><strong>Vitamina B6<\/strong><\/p>\n<p>A presen\u00e7a da vitamina B6 na semente \u00e9 importante para a produ\u00e7\u00e3o de neurotransmissores, como a serotonina e a melatonina, que s\u00e3o essenciais para regular o sono e o humor.<\/p>\n<h2>Semente de girassol: Como consumir?<\/h2>\n<p>Existem v\u00e1rias formas de incluir a semente de girassol na dieta para aproveitar seus benef\u00edcios. A ingest\u00e3o de 30g da semente por dia \u00e9 o suficiente.<\/p>\n<p>Voc\u00ea pode usar a semente em saladas, cereais, iogurtes, vitaminas, sucos ou massas. Al\u00e9m disso, voc\u00ea pode comer o petisco com frutas ou fazer manteiga e farinha de girassol.<\/p>\n<p>Normalmente, essa semente \u00e9 encontrada em supermercados ou lojas de produtos naturais.<\/p>\n<h2><strong>Evite o consumo excessivo da semente de girassol<\/strong><\/h2>\n<p>Apesar dos diversos benef\u00edcios, o consumo excessivo da semente pode acarretar em alguns problemas de sa\u00fade. Por ser cal\u00f3rica, seu consumo em grandes quantidades pode levar ao ganho de peso.<\/p>\n<p>Al\u00e9m disso, algumas pessoas podem apresentar alergia a sementes oleaginosas, incluindo a semente de girassol. Portanto, \u00e9 preciso ter modera\u00e7\u00e3o e aten\u00e7\u00e3o a poss\u00edveis rea\u00e7\u00f5es adversas.<\/p>\n<\/div>\n<p><script>\n\t\t! function(f, b, e, v, n, t, s) {\n\t\t\tif (f.fbq) return;\n\t\t\tn = f.fbq = function() {\n\t\t\t\tn.callMethod ?\n\t\t\t\t\tn.callMethod.apply(n, arguments) : n.queue.push(arguments)\n\t\t\t};\n\t\t\tif (!f._fbq) f._fbq = n;\n\t\t\tn.push = n;\n\t\t\tn.loaded = !0;\n\t\t\tn.version = '2.0';\n\t\t\tn.queue = [];\n\t\t\tt = b.createElement(e);\n\t\t\tt.async = !0;\n\t\t\tt.src = v;\n\t\t\ts = b.getElementsByTagName(e)[0];\n\t\t\ts.parentNode.insertBefore(t, s)\n\t\t}(window, document, 'script',\n\t\t\t'https:\/\/connect.facebook.net\/en_US\/fbevents.js');\n\t\tfbq('init', '338315473262380');\n\t\tfbq('track', 'PageView');\n\t<\/script><br \/>\n<br \/>[ad_2]<br \/>\n<br \/><a href=\"https:\/\/catracalivre.com.br\/saude-bem-estar\/semente-ajuda-a-diminuir-ansiedade-e-insonia-segundo-a-medicina\/\" target=\"_blank\" rel=\"noopener\">Source link <\/a><\/p>\n<div class='code-block code-block-4' style='margin: 8px auto 8px 0; text-align: left; display: block; clear: both;'>\n\ud83d\udce2 Aviso Legal\n\nO site ismaelcolosi.com.br atua apenas como um canal de divulga\u00e7\u00e3o de oportunidades de emprego e n\u00e3o se responsabiliza pelo processo seletivo, contrata\u00e7\u00e3o ou qualquer outra etapa relacionada \u00e0s vagas publicadas. Todas as informa\u00e7\u00f5es s\u00e3o de responsabilidade dos anunciantes.\n\n\u26a0\ufe0f Aten\u00e7\u00e3o! Nunca pague por promessas de emprego nem compre cursos que garantam contrata\u00e7\u00e3o. Desconfie de qualquer cobran\u00e7a para participar de sele\u00e7\u00f5es.\n\n\n\n<\/div>\n<!-- CONTENT END 1 -->\n","protected":false},"excerpt":{"rendered":"<p>[ad_1] Cr\u00e9ditos: Getty Images Vale destacar que a semente de girassol n\u00e3o \u00e9 uma cura definitiva para ansiedade e ins\u00f4nia, mas pode contribuir no tratamento. Por isso, busque orienta\u00e7\u00e3o m\u00e9dica para um diagn\u00f3stico ou tratamento \u2013 iStock\/Getty Images Aliada no combate \u00e0 ansiedade e ins\u00f4nia, a semente de girassol \u00e9 rica em gorduras saud\u00e1veis, prote\u00ednas,&hellip;&nbsp;<\/p>\n","protected":false},"author":1,"featured_media":3895,"comment_status":"open","ping_status":"open","sticky":false,"template":"","format":"standard","meta":{"_uag_custom_page_level_css":"","neve_meta_sidebar":"","neve_meta_container":"","neve_meta_enable_content_width":"","neve_meta_content_width":0,"neve_meta_title_alignment":"","neve_meta_author_avatar":"","neve_post_elements_order":"","neve_meta_disable_header":"","neve_meta_disable_footer":"","neve_meta_disable_title":"","_jetpack_newsletter_access":"","_jetpack_dont_email_post_to_subs":false,"_jetpack_newsletter_tier_id":0,"_jetpack_memberships_contains_paywalled_content":false,"_jetpack_memberships_contains_paid_content":false,"footnotes":""},"categories":[19],"tags":[],"class_list":["post-3894","post","type-post","status-publish","format-standard","has-post-thumbnail","hentry","category-variedades"],"uagb_featured_image_src":{"full":["https:\/\/i0.wp.com\/ismaelcolosi.com.br\/wp-content\/uploads\/2023\/11\/istock-1294349033.jpg?fit=1200%2C638&ssl=1",1200,638,false],"thumbnail":["https:\/\/i0.wp.com\/ismaelcolosi.com.br\/wp-content\/uploads\/2023\/11\/istock-1294349033.jpg?resize=150%2C150&ssl=1",150,150,true],"medium":["https:\/\/i0.wp.com\/ismaelcolosi.com.br\/wp-content\/uploads\/2023\/11\/istock-1294349033.jpg?fit=300%2C160&ssl=1",300,160,true],"medium_large":["https:\/\/i0.wp.com\/ismaelcolosi.com.br\/wp-content\/uploads\/2023\/11\/istock-1294349033.jpg?fit=768%2C408&ssl=1",768,408,true],"large":["https:\/\/i0.wp.com\/ismaelcolosi.com.br\/wp-content\/uploads\/2023\/11\/istock-1294349033.jpg?fit=1024%2C544&ssl=1",1024,544,true],"1536x1536":["https:\/\/i0.wp.com\/ismaelcolosi.com.br\/wp-content\/uploads\/2023\/11\/istock-1294349033.jpg?fit=1200%2C638&ssl=1",1200,638,true],"2048x2048":["https:\/\/i0.wp.com\/ismaelcolosi.com.br\/wp-content\/uploads\/2023\/11\/istock-1294349033.jpg?fit=1200%2C638&ssl=1",1200,638,true],"neve-blog":["https:\/\/i0.wp.com\/ismaelcolosi.com.br\/wp-content\/uploads\/2023\/11\/istock-1294349033.jpg?resize=930%2C620&ssl=1",930,620,true]},"uagb_author_info":{"display_name":"ismaelcolosi.com.br","author_link":"https:\/\/ismaelcolosi.com.br\/author\/vidareal-online\/"},"uagb_comment_info":0,"uagb_excerpt":"[ad_1] Cr\u00e9ditos: Getty Images Vale destacar que a semente de girassol n\u00e3o \u00e9 uma cura definitiva para ansiedade e ins\u00f4nia, mas pode contribuir no tratamento. Por isso, busque orienta\u00e7\u00e3o m\u00e9dica para um diagn\u00f3stico ou tratamento \u2013 iStock\/Getty Images Aliada no combate \u00e0 ansiedade e ins\u00f4nia, a semente de girassol \u00e9 rica em gorduras saud\u00e1veis, prote\u00ednas,&hellip;&nbsp;","jetpack-related-posts":[{"id":14612,"url":"https:\/\/ismaelcolosi.com.br\/index.php\/2023\/12\/12\/consumo-diario-desta-semente-ajuda-a-emagrecer-veja-beneficios\/","url_meta":{"origin":3894,"position":0},"title":"Consumo di\u00e1rio desta semente ajuda a emagrecer; veja benef\u00edcios","author":"ismaelcolosi.com.br","date":"12 de Dezembro de 2023","format":false,"excerpt":"[ad_1] Cr\u00e9ditos: iStock\/monkeybusinessimagesSemente de ab\u00f3bora ajuda a emagrecer Voc\u00ea j\u00e1 pensou como uma pequena semente pode ter tantas utilidades e benef\u00edcios? Pois \u00e9, a semente de ab\u00f3bora, um alimento corriqueiro e, muitas vezes, subestimado, \u00e9 um verdadeiro tesouro nutricional. Como um ingrediente vers\u00e1til na cozinha, a semente combina bem com\u2026","rel":"","context":"In &quot;Variedades&quot;","block_context":{"text":"Variedades","link":"https:\/\/ismaelcolosi.com.br\/index.php\/category\/variedades\/"},"img":{"alt_text":"","src":"https:\/\/i0.wp.com\/ismaelcolosi.com.br\/wp-content\/uploads\/2023\/12\/istock-171301571.jpg?fit=1200%2C638&ssl=1&resize=350%2C200","width":350,"height":200,"srcset":"https:\/\/i0.wp.com\/ismaelcolosi.com.br\/wp-content\/uploads\/2023\/12\/istock-171301571.jpg?fit=1200%2C638&ssl=1&resize=350%2C200 1x, https:\/\/i0.wp.com\/ismaelcolosi.com.br\/wp-content\/uploads\/2023\/12\/istock-171301571.jpg?fit=1200%2C638&ssl=1&resize=525%2C300 1.5x, https:\/\/i0.wp.com\/ismaelcolosi.com.br\/wp-content\/uploads\/2023\/12\/istock-171301571.jpg?fit=1200%2C638&ssl=1&resize=700%2C400 2x, https:\/\/i0.wp.com\/ismaelcolosi.com.br\/wp-content\/uploads\/2023\/12\/istock-171301571.jpg?fit=1200%2C638&ssl=1&resize=1050%2C600 3x"},"classes":[]},{"id":9623,"url":"https:\/\/ismaelcolosi.com.br\/index.php\/2023\/12\/02\/gergelim-pode-aliviar-artrite-e-prevenir-parkinson-sugere-estudo\/","url_meta":{"origin":3894,"position":1},"title":"Gergelim pode aliviar artrite e prevenir Parkinson, sugere estudo","author":"ismaelcolosi.com.br","date":"2 de Dezembro de 2023","format":false,"excerpt":"[ad_1] Cr\u00e9ditos: Getty Images\/iStockphotoConsumo de regular de gergelim est\u00e1 relacionado a s\u00e9rie de benef\u00edcios para o corpo humano \u2013 iStock\/Getty Images Semente rica em antioxidantes e nutrientes, o gergelim se destaca no card\u00e1pio de op\u00e7\u00f5es ben\u00e9ficas para a promo\u00e7\u00e3o da sa\u00fade e preven\u00e7\u00e3o de doen\u00e7as. Com alto valor nutricional, a\u2026","rel":"","context":"In &quot;Variedades&quot;","block_context":{"text":"Variedades","link":"https:\/\/ismaelcolosi.com.br\/index.php\/category\/variedades\/"},"img":{"alt_text":"","src":"https:\/\/i0.wp.com\/ismaelcolosi.com.br\/wp-content\/uploads\/2023\/12\/istock-1144460223.jpg?fit=1200%2C638&ssl=1&resize=350%2C200","width":350,"height":200,"srcset":"https:\/\/i0.wp.com\/ismaelcolosi.com.br\/wp-content\/uploads\/2023\/12\/istock-1144460223.jpg?fit=1200%2C638&ssl=1&resize=350%2C200 1x, https:\/\/i0.wp.com\/ismaelcolosi.com.br\/wp-content\/uploads\/2023\/12\/istock-1144460223.jpg?fit=1200%2C638&ssl=1&resize=525%2C300 1.5x, https:\/\/i0.wp.com\/ismaelcolosi.com.br\/wp-content\/uploads\/2023\/12\/istock-1144460223.jpg?fit=1200%2C638&ssl=1&resize=700%2C400 2x, https:\/\/i0.wp.com\/ismaelcolosi.com.br\/wp-content\/uploads\/2023\/12\/istock-1144460223.jpg?fit=1200%2C638&ssl=1&resize=1050%2C600 3x"},"classes":[]},{"id":21538,"url":"https:\/\/ismaelcolosi.com.br\/index.php\/2023\/12\/28\/5-habitos-para-dar-adeus-a-prisao-de-ventre\/","url_meta":{"origin":3894,"position":2},"title":"5 h\u00e1bitos para dar adeus \u00e0 pris\u00e3o de ventre","author":"ismaelcolosi.com.br","date":"28 de Dezembro de 2023","format":false,"excerpt":"[ad_1] Cr\u00e9ditos: iStock\/bymuratdenizPris\u00e3o de ventre: Confira algumas dicas para como resolver o problema de constipa\u00e7\u00e3o e regular o intestino \u2013 iStock\/Getty Images Eliminar as fezes \u00e9 essencial para o bem-estar do nosso intestino e, de forma geral, do organismo. Isso porque, de acordo com especialistas, \u00e9 a forma que o\u2026","rel":"","context":"In &quot;Variedades&quot;","block_context":{"text":"Variedades","link":"https:\/\/ismaelcolosi.com.br\/index.php\/category\/variedades\/"},"img":{"alt_text":"","src":"https:\/\/i0.wp.com\/ismaelcolosi.com.br\/wp-content\/uploads\/2023\/12\/istock-1188264368-e1687529217489.jpg?fit=1200%2C638&ssl=1&resize=350%2C200","width":350,"height":200,"srcset":"https:\/\/i0.wp.com\/ismaelcolosi.com.br\/wp-content\/uploads\/2023\/12\/istock-1188264368-e1687529217489.jpg?fit=1200%2C638&ssl=1&resize=350%2C200 1x, https:\/\/i0.wp.com\/ismaelcolosi.com.br\/wp-content\/uploads\/2023\/12\/istock-1188264368-e1687529217489.jpg?fit=1200%2C638&ssl=1&resize=525%2C300 1.5x, https:\/\/i0.wp.com\/ismaelcolosi.com.br\/wp-content\/uploads\/2023\/12\/istock-1188264368-e1687529217489.jpg?fit=1200%2C638&ssl=1&resize=700%2C400 2x, https:\/\/i0.wp.com\/ismaelcolosi.com.br\/wp-content\/uploads\/2023\/12\/istock-1188264368-e1687529217489.jpg?fit=1200%2C638&ssl=1&resize=1050%2C600 3x"},"classes":[]},{"id":88877,"url":"https:\/\/ismaelcolosi.com.br\/index.php\/2026\/01\/15\/10-passos-para-cuidar-da-saude-mental-em-2026\/","url_meta":{"origin":3894,"position":3},"title":"10 Passos para Cuidar da Sa\u00fade Mental em 2026","author":"ismaelcolosi.com.br","date":"15 de Janeiro de 2026","format":false,"excerpt":"[ad_1] \r Getty Images\r Janeiro Branco \u00e9 a campanha nacional voltada ao cuidado com a sa\u00fade mental\r Acessibilidade \r L\r L\r A-\r A+\r \r \u25d0\r \r O in\u00edcio do ano costuma marcar um per\u00edodo de mudan\u00e7as e recome\u00e7os. \u00c9 nesse contexto que a campanha nacional Janeiro Branco abre o calend\u00e1rio\u2026","rel":"","context":"In &quot;Carreira e Sucesso&quot;","block_context":{"text":"Carreira e Sucesso","link":"https:\/\/ismaelcolosi.com.br\/index.php\/category\/carreira-e-sucesso-dicas-para-carreira\/"},"img":{"alt_text":"","src":"https:\/\/i0.wp.com\/ismaelcolosi.com.br\/wp-content\/uploads\/2026\/01\/janeirobranco-saude-mental-1200x675.jpg?fit=1200%2C675&ssl=1&resize=350%2C200","width":350,"height":200,"srcset":"https:\/\/i0.wp.com\/ismaelcolosi.com.br\/wp-content\/uploads\/2026\/01\/janeirobranco-saude-mental-1200x675.jpg?fit=1200%2C675&ssl=1&resize=350%2C200 1x, https:\/\/i0.wp.com\/ismaelcolosi.com.br\/wp-content\/uploads\/2026\/01\/janeirobranco-saude-mental-1200x675.jpg?fit=1200%2C675&ssl=1&resize=525%2C300 1.5x, https:\/\/i0.wp.com\/ismaelcolosi.com.br\/wp-content\/uploads\/2026\/01\/janeirobranco-saude-mental-1200x675.jpg?fit=1200%2C675&ssl=1&resize=700%2C400 2x, https:\/\/i0.wp.com\/ismaelcolosi.com.br\/wp-content\/uploads\/2026\/01\/janeirobranco-saude-mental-1200x675.jpg?fit=1200%2C675&ssl=1&resize=1050%2C600 3x"},"classes":[]},{"id":13078,"url":"https:\/\/ismaelcolosi.com.br\/index.php\/2023\/12\/09\/colesterol-alto-pode-ser-observado-pelo-espelho-saiba-como\/","url_meta":{"origin":3894,"position":4},"title":"Colesterol alto pode ser observado pelo espelho; saiba como","author":"ismaelcolosi.com.br","date":"9 de Dezembro de 2023","format":false,"excerpt":"[ad_1] Cr\u00e9ditos: Getty ImagesEspelho, espelho meu: Les\u00f5es que indicam colesterol alto s\u00e3o uma resposta inflamat\u00f3ria do organismo \u2013 iStock\/Getty Images Pequenos n\u00f3dulos ou placas de cor amarelada que se formam sob a pele ou em outras partes do corpo, como tend\u00f5es, articula\u00e7\u00f5es e outros \u00f3rg\u00e3os, chamados de xantomas, indicam quando\u2026","rel":"","context":"In &quot;Variedades&quot;","block_context":{"text":"Variedades","link":"https:\/\/ismaelcolosi.com.br\/index.php\/category\/variedades\/"},"img":{"alt_text":"","src":"https:\/\/i0.wp.com\/ismaelcolosi.com.br\/wp-content\/uploads\/2023\/12\/istock-1485546668.jpg?fit=1200%2C638&ssl=1&resize=350%2C200","width":350,"height":200,"srcset":"https:\/\/i0.wp.com\/ismaelcolosi.com.br\/wp-content\/uploads\/2023\/12\/istock-1485546668.jpg?fit=1200%2C638&ssl=1&resize=350%2C200 1x, https:\/\/i0.wp.com\/ismaelcolosi.com.br\/wp-content\/uploads\/2023\/12\/istock-1485546668.jpg?fit=1200%2C638&ssl=1&resize=525%2C300 1.5x, https:\/\/i0.wp.com\/ismaelcolosi.com.br\/wp-content\/uploads\/2023\/12\/istock-1485546668.jpg?fit=1200%2C638&ssl=1&resize=700%2C400 2x, https:\/\/i0.wp.com\/ismaelcolosi.com.br\/wp-content\/uploads\/2023\/12\/istock-1485546668.jpg?fit=1200%2C638&ssl=1&resize=1050%2C600 3x"},"classes":[]},{"id":16300,"url":"https:\/\/ismaelcolosi.com.br\/index.php\/2023\/12\/15\/4-alimentos-que-podem-reduzir-o-colesterol-ruim\/","url_meta":{"origin":3894,"position":5},"title":"4 alimentos que podem reduzir o colesterol ruim","author":"ismaelcolosi.com.br","date":"15 de Dezembro de 2023","format":false,"excerpt":"[ad_1] Cr\u00e9ditos: dulezidar\/iStockGorduras insaturadas encontradas no azeite de oliva s\u00e3o indispens\u00e1veis para a redu\u00e7\u00e3o do colesterol ruim \u2013 iStock\/Getty Images Capaz de desempenhar um papel importante na redu\u00e7\u00e3o do colesterol ruim (LDL) e no aumento do colesterol bom (HDL), uma dieta saud\u00e1vel \u00e9 fundamental para melhorar a sa\u00fade cardiovascular. Por\u2026","rel":"","context":"In &quot;Variedades&quot;","block_context":{"text":"Variedades","link":"https:\/\/ismaelcolosi.com.br\/index.php\/category\/variedades\/"},"img":{"alt_text":"","src":"https:\/\/i0.wp.com\/ismaelcolosi.com.br\/wp-content\/uploads\/2023\/12\/azeite-910x607.jpg?fit=1200%2C638&ssl=1&resize=350%2C200","width":350,"height":200,"srcset":"https:\/\/i0.wp.com\/ismaelcolosi.com.br\/wp-content\/uploads\/2023\/12\/azeite-910x607.jpg?fit=1200%2C638&ssl=1&resize=350%2C200 1x, https:\/\/i0.wp.com\/ismaelcolosi.com.br\/wp-content\/uploads\/2023\/12\/azeite-910x607.jpg?fit=1200%2C638&ssl=1&resize=525%2C300 1.5x, https:\/\/i0.wp.com\/ismaelcolosi.com.br\/wp-content\/uploads\/2023\/12\/azeite-910x607.jpg?fit=1200%2C638&ssl=1&resize=700%2C400 2x, https:\/\/i0.wp.com\/ismaelcolosi.com.br\/wp-content\/uploads\/2023\/12\/azeite-910x607.jpg?fit=1200%2C638&ssl=1&resize=1050%2C600 3x"},"classes":[]}],"jetpack_sharing_enabled":true,"jetpack_shortlink":"https:\/\/wp.me\/pfMlyK-10O","jetpack_featured_media_url":"https:\/\/i0.wp.com\/ismaelcolosi.com.br\/wp-content\/uploads\/2023\/11\/istock-1294349033.jpg?fit=1200%2C638&ssl=1","_links":{"self":[{"href":"https:\/\/ismaelcolosi.com.br\/index.php\/wp-json\/wp\/v2\/posts\/3894","targetHints":{"allow":["GET"]}}],"collection":[{"href":"https:\/\/ismaelcolosi.com.br\/index.php\/wp-json\/wp\/v2\/posts"}],"about":[{"href":"https:\/\/ismaelcolosi.com.br\/index.php\/wp-json\/wp\/v2\/types\/post"}],"author":[{"embeddable":true,"href":"https:\/\/ismaelcolosi.com.br\/index.php\/wp-json\/wp\/v2\/users\/1"}],"replies":[{"embeddable":true,"href":"https:\/\/ismaelcolosi.com.br\/index.php\/wp-json\/wp\/v2\/comments?post=3894"}],"version-history":[{"count":0,"href":"https:\/\/ismaelcolosi.com.br\/index.php\/wp-json\/wp\/v2\/posts\/3894\/revisions"}],"wp:featuredmedia":[{"embeddable":true,"href":"https:\/\/ismaelcolosi.com.br\/index.php\/wp-json\/wp\/v2\/media\/3895"}],"wp:attachment":[{"href":"https:\/\/ismaelcolosi.com.br\/index.php\/wp-json\/wp\/v2\/media?parent=3894"}],"wp:term":[{"taxonomy":"category","embeddable":true,"href":"https:\/\/ismaelcolosi.com.br\/index.php\/wp-json\/wp\/v2\/categories?post=3894"},{"taxonomy":"post_tag","embeddable":true,"href":"https:\/\/ismaelcolosi.com.br\/index.php\/wp-json\/wp\/v2\/tags?post=3894"}],"curies":[{"name":"wp","href":"https:\/\/api.w.org\/{rel}","templated":true}]}}