{"id":38807,"date":"2024-02-21T17:33:03","date_gmt":"2024-02-21T20:33:03","guid":{"rendered":"https:\/\/ismaelcolosi.com.br\/index.php\/2024\/02\/21\/o-que-falta-esclarecer-no-caso-do-tiroteio-no-centro-de-ribeirao-preto\/"},"modified":"2024-02-21T17:33:03","modified_gmt":"2024-02-21T20:33:03","slug":"o-que-falta-esclarecer-no-caso-do-tiroteio-no-centro-de-ribeirao-preto","status":"publish","type":"post","link":"https:\/\/ismaelcolosi.com.br\/index.php\/2024\/02\/21\/o-que-falta-esclarecer-no-caso-do-tiroteio-no-centro-de-ribeirao-preto\/","title":{"rendered":"O que falta esclarecer no caso do tiroteio no Centro de Ribeir\u00e3o Preto"},"content":{"rendered":"<p> <br \/>\n<\/p>\n<div>\n<p>O delegado <strong>Targino Os\u00f3rio<\/strong> afirma que a <strong>Pol\u00edcia Civil<\/strong> ainda n\u00e3o recebeu den\u00fancias sobre os envolvidos na tentativa de assalto que terminou com a morte do <strong>policial militar<\/strong> aposentado <strong>Darie Alves Tremura,<\/strong> de 63 anos, no dia 12 de fevereiro.<\/p>\n<p>O respons\u00e1vel pelas investiga\u00e7\u00f5es afirma que uma for\u00e7a-tarefa atua no caso para encontrar os criminosos. \u201cN\u00f3s estamos trabalhando basicamente com as imagens. J\u00e1 trabalhamos v\u00e1rias pesquisas, antecedentes de pessoas, \u00e9 uma for\u00e7a-tarefa que est\u00e1 existindo aqui\u201d, disse \u00e0 <strong>EPTV<\/strong>.<\/p>\n<p>Segundo o delegado, dos suspeitos pode ser do Paran\u00e1 e, por isso, a Pol\u00edcia Civil paranaense foi acionada. \u201cEst\u00e1 muito longe ainda para a gente chegar nesse sujeito\u201d, declarou Targino.<\/p>\n<h4 class=\"wp-block-heading\"><strong>Outro suspeito preso<\/strong><\/h4>\n<p>No dia 13 de fevereiro, um homem de 20 anos foi preso na rodovia Mario Titoto, na \u00e1rea rural de Serrana, suspeito de envolvimento na tentativa de assalto. Essa pessoa foi presa em flagrante \u2013 a pris\u00e3o foi convertida em preventiva.<\/p>\n<p>Segundo o delegado, o prazo para conclus\u00e3o do inqu\u00e9rito vence amanh\u00e3 e, as provas colhidas at\u00e9 o momento, descartariam esse homem estivesse no local do crime. Por isso, ele deve ser colocado em liberdade provis\u00f3ria.<\/p>\n<h4 class=\"wp-block-heading\"><strong>Fam\u00edlia pede informa\u00e7\u00f5es<\/strong><\/h4>\n<p>Em entrevista para<strong> EPTV<\/strong>, a mulher de Darie, Sandra Tremura, pede informa\u00e7\u00f5es sobre os criminosos envolvidos na morte do marido. \u201cEu espero que quem saiba de alguma coisa, que denuncie\u201d, disse.<\/p>\n<p>\u201cEu estou confiando que as pessoas que souberem, denunciem. Porque, vai ser atrav\u00e9s disso que a gente vai chegar nessa organiza\u00e7\u00e3o [criminosa]\u201d, declarou.<\/p>\n<h4 class=\"wp-block-heading\"><strong>O caso<\/strong><\/h4>\n<p>O policial militar reformado Darie Alves Tremura, de 63 anos, foi morto na manh\u00e3 desta segunda-feira (12), no Centro de Ribeir\u00e3o Preto, durante um assalto. O enteado da v\u00edtima, de 36 anos, tamb\u00e9m foi baleado.<\/p>\n<p>O policial militar reformado e o enteado estavam fazendo a retirada de cerca de R$ 23 mil \u2013 de acordo com o <strong>B.O. (boletim de ocorr\u00eancia)<\/strong> \u2013 do posto de recarga para uma empresa de transportes.<\/p>\n<p>Darie Alves Tremura chegou a ser levado para o <strong>HC-UE (Hospital das Cl\u00ednicas \u2013 Unidade de Emerg\u00eancia)<\/strong>, mas n\u00e3o resistiu aos ferimentos. O enteado dele foi levado para um hospital da rede privada e recebeu alta no domingo (18).<\/p>\n<p>SAIBA MAIS<br \/>Veja a regi\u00e3o que concentra o maior n\u00famero de casos de dengue em Ribeir\u00e3o<\/p>\n<h2 class=\"wp-block-heading\"><strong>FIQUE ON<\/strong><\/h2>\n<p>Fique ligado em tudo que acontece em Ribeir\u00e3o Preto e regi\u00e3o. Siga os perfis do <strong>acidade on <\/strong>no <a href=\"https:\/\/www.instagram.com\/acidadeonribeirao\" target=\"_blank\" rel=\"noreferrer noopener nofollow\">Instagram<\/a> e no<a href=\"https:\/\/www.facebook.com\/acidadeonribeirao\" target=\"_blank\" rel=\"noreferrer noopener nofollow\"> Facebook<\/a>.<\/p>\n<p>Receba not\u00edcias do <strong>acidade on <\/strong>no WhatsApp. <a href=\"https:\/\/chat.whatsapp.com\/Bnv2w66ZT4VDyZW3oiZ69n\" target=\"_blank\" rel=\"noreferrer noopener nofollow\">Para entrar no grupo, basta clicar aqui.<\/a><\/p>\n<p>Fa\u00e7a uma den\u00fancia ou sugira uma reportagem sobre Ribeir\u00e3o Preto e regi\u00e3o pelo WhatsApp: 16 99117 7802.<\/p>\n<p>VEJA TAMB\u00c9M<br \/>Qual foi o Pared\u00e3o com mais votos da hist\u00f3ria do BBB?<\/p>\n<p><!-- AI CONTENT END 1 -->\n<\/div>\n<p><script async src=\"\/\/www.instagram.com\/embed.js\"><\/script><br \/>\n<br \/><br \/>\n<br \/><a href=\"https:\/\/www.acidadeon.com\/ribeiraopreto\/cotidiano\/o-que-falta-esclarecer-no-caso-do-tiroteio-no-centro-de-ribeirao-preto\/\">Source link <\/a><\/p>\n<div class='code-block code-block-4' style='margin: 8px auto 8px 0; text-align: left; display: block; clear: both;'>\n\ud83d\udce2 Aviso Legal\n\nO site ismaelcolosi.com.br atua apenas como um canal de divulga\u00e7\u00e3o de oportunidades de emprego e n\u00e3o se responsabiliza pelo processo seletivo, contrata\u00e7\u00e3o ou qualquer outra etapa relacionada \u00e0s vagas publicadas. Todas as informa\u00e7\u00f5es s\u00e3o de responsabilidade dos anunciantes.\n\n\u26a0\ufe0f Aten\u00e7\u00e3o! Nunca pague por promessas de emprego nem compre cursos que garantam contrata\u00e7\u00e3o. Desconfie de qualquer cobran\u00e7a para participar de sele\u00e7\u00f5es.\n\n\n\n<\/div>\n<!-- CONTENT END 1 -->\n","protected":false},"excerpt":{"rendered":"<p>O delegado Targino Os\u00f3rio afirma que a Pol\u00edcia Civil ainda n\u00e3o recebeu den\u00fancias sobre os envolvidos na tentativa de assalto que terminou com a morte&#8230;<\/p>\n","protected":false},"author":1,"featured_media":38808,"comment_status":"open","ping_status":"open","sticky":false,"template":"","format":"standard","meta":{"_uag_custom_page_level_css":"","advanced_seo_description":"","jetpack_seo_html_title":"","jetpack_seo_noindex":false,"jetpack_post_was_ever_published":false,"_jetpack_newsletter_access":"","_jetpack_dont_email_post_to_subs":false,"_jetpack_newsletter_tier_id":0,"_jetpack_memberships_contains_paywalled_content":false,"_jetpack_memberships_contains_paid_content":false,"footnotes":"","jetpack_publicize_message":"","jetpack_publicize_feature_enabled":true,"jetpack_social_post_already_shared":true,"jetpack_social_options":{"image_generator_settings":{"template":"highway","default_image_id":0,"font":"","enabled":false},"version":2}},"categories":[11],"tags":[],"class_list":["post-38807","post","type-post","status-publish","format-standard","has-post-thumbnail","hentry","category-noticias-de-ribeirao-preto-sp-e-regiao-ismael-colosi"],"jetpack_publicize_connections":[],"jetpack_featured_media_url":"https:\/\/i0.wp.com\/ismaelcolosi.com.br\/wp-content\/uploads\/2024\/02\/1708547583_WhatsApp-Image-2024-02-12-at-16.27.00.jpeg?fit=1280%2C720&ssl=1","uagb_featured_image_src":{"full":["https:\/\/i0.wp.com\/ismaelcolosi.com.br\/wp-content\/uploads\/2024\/02\/1708547583_WhatsApp-Image-2024-02-12-at-16.27.00.jpeg?fit=1280%2C720&ssl=1",1280,720,false],"thumbnail":["https:\/\/i0.wp.com\/ismaelcolosi.com.br\/wp-content\/uploads\/2024\/02\/1708547583_WhatsApp-Image-2024-02-12-at-16.27.00.jpeg?resize=150%2C150&ssl=1",150,150,true],"medium":["https:\/\/i0.wp.com\/ismaelcolosi.com.br\/wp-content\/uploads\/2024\/02\/1708547583_WhatsApp-Image-2024-02-12-at-16.27.00.jpeg?fit=300%2C169&ssl=1",300,169,true],"medium_large":["https:\/\/i0.wp.com\/ismaelcolosi.com.br\/wp-content\/uploads\/2024\/02\/1708547583_WhatsApp-Image-2024-02-12-at-16.27.00.jpeg?fit=768%2C432&ssl=1",768,432,true],"large":["https:\/\/i0.wp.com\/ismaelcolosi.com.br\/wp-content\/uploads\/2024\/02\/1708547583_WhatsApp-Image-2024-02-12-at-16.27.00.jpeg?fit=1024%2C576&ssl=1",1024,576,true],"1536x1536":["https:\/\/i0.wp.com\/ismaelcolosi.com.br\/wp-content\/uploads\/2024\/02\/1708547583_WhatsApp-Image-2024-02-12-at-16.27.00.jpeg?fit=1280%2C720&ssl=1",1280,720,true],"2048x2048":["https:\/\/i0.wp.com\/ismaelcolosi.com.br\/wp-content\/uploads\/2024\/02\/1708547583_WhatsApp-Image-2024-02-12-at-16.27.00.jpeg?fit=1280%2C720&ssl=1",1280,720,true],"really-simple-thumb":["https:\/\/i0.wp.com\/ismaelcolosi.com.br\/wp-content\/uploads\/2024\/02\/1708547583_WhatsApp-Image-2024-02-12-at-16.27.00.jpeg?resize=370%2C247&ssl=1",370,247,true]},"uagb_author_info":{"display_name":"ismaelcolosi.com.br","author_link":"https:\/\/ismaelcolosi.com.br\/index.php\/author\/vidareal-online\/"},"uagb_comment_info":0,"uagb_excerpt":"O delegado Targino Os\u00f3rio afirma que a Pol\u00edcia Civil ainda n\u00e3o recebeu den\u00fancias sobre os envolvidos na tentativa de assalto que terminou com a morte...","jetpack-related-posts":[{"id":40559,"url":"https:\/\/ismaelcolosi.com.br\/index.php\/2024\/03\/04\/tres-semanas-apos-morte-de-pm-em-ribeirao-suspeitos-ainda-nao-foram-identificados\/","url_meta":{"origin":38807,"position":0},"title":"Tr\u00eas semanas ap\u00f3s morte de PM em Ribeir\u00e3o, suspeitos ainda n\u00e3o foram identificados","author":"ismaelcolosi.com.br","date":"4 de March de 2024","format":false,"excerpt":"J\u00e1 se passaram tr\u00eas semanas desde que o policial militar reformado Darie Alves Tremura, de 63 anos, morreu no Centro de Ribeir\u00e3o Preto, durante um assalto, e apesar das c\u00e2meras de seguran\u00e7a dispon\u00edveis no local do crime, os suspeitos ainda n\u00e3o foram identificados. De acordo com o delegado Targino Os\u00f3rio,\u2026","rel":"","context":"In &quot;Not\u00edcias de Ribeir\u00e3o Preto-SP e Regi\u00e3o&quot;","block_context":{"text":"Not\u00edcias de Ribeir\u00e3o Preto-SP e Regi\u00e3o","link":"https:\/\/ismaelcolosi.com.br\/index.php\/category\/noticias-de-ribeirao-preto-sp-e-regiao-ismael-colosi\/"},"img":{"alt_text":"","src":"https:\/\/i0.wp.com\/ismaelcolosi.com.br\/wp-content\/uploads\/2024\/03\/AnyConv.com__Copia-de-Copia-de-TAMANHO-EXATO-PARA-FOTOS-NO-SISTEMA-NOVO-61.webp.webp?fit=1200%2C675&ssl=1&resize=350%2C200","width":350,"height":200,"srcset":"https:\/\/i0.wp.com\/ismaelcolosi.com.br\/wp-content\/uploads\/2024\/03\/AnyConv.com__Copia-de-Copia-de-TAMANHO-EXATO-PARA-FOTOS-NO-SISTEMA-NOVO-61.webp.webp?fit=1200%2C675&ssl=1&resize=350%2C200 1x, https:\/\/i0.wp.com\/ismaelcolosi.com.br\/wp-content\/uploads\/2024\/03\/AnyConv.com__Copia-de-Copia-de-TAMANHO-EXATO-PARA-FOTOS-NO-SISTEMA-NOVO-61.webp.webp?fit=1200%2C675&ssl=1&resize=525%2C300 1.5x, https:\/\/i0.wp.com\/ismaelcolosi.com.br\/wp-content\/uploads\/2024\/03\/AnyConv.com__Copia-de-Copia-de-TAMANHO-EXATO-PARA-FOTOS-NO-SISTEMA-NOVO-61.webp.webp?fit=1200%2C675&ssl=1&resize=700%2C400 2x, https:\/\/i0.wp.com\/ismaelcolosi.com.br\/wp-content\/uploads\/2024\/03\/AnyConv.com__Copia-de-Copia-de-TAMANHO-EXATO-PARA-FOTOS-NO-SISTEMA-NOVO-61.webp.webp?fit=1200%2C675&ssl=1&resize=1050%2C600 3x"},"classes":[]},{"id":38615,"url":"https:\/\/ismaelcolosi.com.br\/index.php\/2024\/02\/20\/policia-recupera-celular-de-engenheiro-assassinado\/","url_meta":{"origin":38807,"position":1},"title":"Pol\u00edcia recupera celular de engenheiro assassinado","author":"ismaelcolosi.com.br","date":"20 de February de 2024","format":false,"excerpt":"Telefone havia sido comprado por comerciante em grupo de vendas pela internet 20 de fevereiro de 2024 | 16:4120 de fevereiro de 2024 | 17:03 2Por: Adalberto LuqueO celular do engenheiro Paulo Roberto Carvalho Pena Braga Filho, roubado ap\u00f3s sua morte em um quarto de loca\u00e7\u00e3o de curtas perman\u00eancias na\u2026","rel":"","context":"In &quot;Not\u00edcias de Ribeir\u00e3o Preto-SP e Regi\u00e3o&quot;","block_context":{"text":"Not\u00edcias de Ribeir\u00e3o Preto-SP e Regi\u00e3o","link":"https:\/\/ismaelcolosi.com.br\/index.php\/category\/noticias-de-ribeirao-preto-sp-e-regiao-ismael-colosi\/"},"img":{"alt_text":"","src":"https:\/\/i0.wp.com\/ismaelcolosi.com.br\/wp-content\/uploads\/2024\/02\/00-20-fev-2024-CPJ-luque-foto-alfredo-risk-scaled.jpg?fit=968%2C645&ssl=1&resize=350%2C200","width":350,"height":200,"srcset":"https:\/\/i0.wp.com\/ismaelcolosi.com.br\/wp-content\/uploads\/2024\/02\/00-20-fev-2024-CPJ-luque-foto-alfredo-risk-scaled.jpg?fit=968%2C645&ssl=1&resize=350%2C200 1x, https:\/\/i0.wp.com\/ismaelcolosi.com.br\/wp-content\/uploads\/2024\/02\/00-20-fev-2024-CPJ-luque-foto-alfredo-risk-scaled.jpg?fit=968%2C645&ssl=1&resize=525%2C300 1.5x, https:\/\/i0.wp.com\/ismaelcolosi.com.br\/wp-content\/uploads\/2024\/02\/00-20-fev-2024-CPJ-luque-foto-alfredo-risk-scaled.jpg?fit=968%2C645&ssl=1&resize=700%2C400 2x"},"classes":[]},{"id":40223,"url":"https:\/\/ismaelcolosi.com.br\/index.php\/2024\/03\/01\/o-que-se-sabe-sobre-a-quadrilha-do-falso-sequestro-em-ribeirao-preto-e-regiao\/","url_meta":{"origin":38807,"position":2},"title":"O que se sabe sobre a quadrilha do falso sequestro em Ribeir\u00e3o Preto e regi\u00e3o","author":"ismaelcolosi.com.br","date":"1 de March de 2024","format":false,"excerpt":"Nesta quinta-feira (29), um homem foi preso temporariamente em Sert\u00e3ozinho, cidade na regi\u00e3o de Ribeir\u00e3o Preto, por suspeita de integrar uma quadrilha especializada em aplicar o golpe do falso sequestro, com extors\u00e3o das v\u00edtimas mediante a entrega de joias. O grupo \u00e9 suspeito de aplicar tr\u00eas golpes entre o final\u2026","rel":"","context":"In &quot;Not\u00edcias de Ribeir\u00e3o Preto-SP e Regi\u00e3o&quot;","block_context":{"text":"Not\u00edcias de Ribeir\u00e3o Preto-SP e Regi\u00e3o","link":"https:\/\/ismaelcolosi.com.br\/index.php\/category\/noticias-de-ribeirao-preto-sp-e-regiao-ismael-colosi\/"},"img":{"alt_text":"","src":"https:\/\/i0.wp.com\/ismaelcolosi.com.br\/wp-content\/uploads\/2024\/03\/cpj_1024x576_21012021092745.jpg?fit=1024%2C575&ssl=1&resize=350%2C200","width":350,"height":200,"srcset":"https:\/\/i0.wp.com\/ismaelcolosi.com.br\/wp-content\/uploads\/2024\/03\/cpj_1024x576_21012021092745.jpg?fit=1024%2C575&ssl=1&resize=350%2C200 1x, https:\/\/i0.wp.com\/ismaelcolosi.com.br\/wp-content\/uploads\/2024\/03\/cpj_1024x576_21012021092745.jpg?fit=1024%2C575&ssl=1&resize=525%2C300 1.5x, https:\/\/i0.wp.com\/ismaelcolosi.com.br\/wp-content\/uploads\/2024\/03\/cpj_1024x576_21012021092745.jpg?fit=1024%2C575&ssl=1&resize=700%2C400 2x"},"classes":[]},{"id":40811,"url":"https:\/\/ismaelcolosi.com.br\/index.php\/2024\/03\/05\/policia-conclui-inquerito-do-caso-beto-braga\/","url_meta":{"origin":38807,"position":3},"title":"Pol\u00edcia conclui inqu\u00e9rito do caso Beto Braga","author":"ismaelcolosi.com.br","date":"5 de March de 2024","format":false,"excerpt":"Por: Adalberto LuqueO delegado Targino Donizete Os\u00f3rio encerrou o inqu\u00e9rito que apura a morte do engenheiro Paulo Roberto Carvalho Pena Braga Filho, de 34 anos, morto no dia 29 de dezembro de 2023. O inqu\u00e9rito foi conclu\u00eddo apenas dois meses depois que seu corpo foi encontrado.De acordo com o inqu\u00e9rito,\u2026","rel":"","context":"In &quot;Not\u00edcias de Ribeir\u00e3o Preto-SP e Regi\u00e3o&quot;","block_context":{"text":"Not\u00edcias de Ribeir\u00e3o Preto-SP e Regi\u00e3o","link":"https:\/\/ismaelcolosi.com.br\/index.php\/category\/noticias-de-ribeirao-preto-sp-e-regiao-ismael-colosi\/"},"img":{"alt_text":"","src":"https:\/\/i0.wp.com\/ismaelcolosi.com.br\/wp-content\/uploads\/2024\/03\/00-22-jan-2024-executivo-latrocinio-04-foto-redes-sociais.jpg?fit=768%2C480&ssl=1&resize=350%2C200","width":350,"height":200,"srcset":"https:\/\/i0.wp.com\/ismaelcolosi.com.br\/wp-content\/uploads\/2024\/03\/00-22-jan-2024-executivo-latrocinio-04-foto-redes-sociais.jpg?fit=768%2C480&ssl=1&resize=350%2C200 1x, https:\/\/i0.wp.com\/ismaelcolosi.com.br\/wp-content\/uploads\/2024\/03\/00-22-jan-2024-executivo-latrocinio-04-foto-redes-sociais.jpg?fit=768%2C480&ssl=1&resize=525%2C300 1.5x, https:\/\/i0.wp.com\/ismaelcolosi.com.br\/wp-content\/uploads\/2024\/03\/00-22-jan-2024-executivo-latrocinio-04-foto-redes-sociais.jpg?fit=768%2C480&ssl=1&resize=700%2C400 2x"},"classes":[]},{"id":28935,"url":"https:\/\/ismaelcolosi.com.br\/index.php\/2024\/01\/17\/o-que-se-sabe-sobre-o-acusado-de-matar-engenheiro-em-ribeirao-preto\/","url_meta":{"origin":38807,"position":4},"title":"O que se sabe sobre o acusado de matar engenheiro em Ribeir\u00e3o Preto","author":"ismaelcolosi.com.br","date":"17 de January de 2024","format":false,"excerpt":"O homem que foi preso em Nova Igua\u00e7u, no Rio de Janeiro, acusado de matar o engenheiro Paulo Roberto Carvalho Braga Pena Filho, deve ser transferido para Ribeir\u00e3o Preto at\u00e9 a pr\u00f3xima sexta-feira (19). Ele ainda n\u00e3o prestou depoimento sobre o caso. Gabriel Souza Brito foi detido pela Pol\u00edcia Civil\u2026","rel":"","context":"In &quot;Not\u00edcias de Ribeir\u00e3o Preto-SP e Regi\u00e3o&quot;","block_context":{"text":"Not\u00edcias de Ribeir\u00e3o Preto-SP e Regi\u00e3o","link":"https:\/\/ismaelcolosi.com.br\/index.php\/category\/noticias-de-ribeirao-preto-sp-e-regiao-ismael-colosi\/"},"img":{"alt_text":"","src":"https:\/\/i0.wp.com\/ismaelcolosi.com.br\/wp-content\/uploads\/2024\/01\/1705467672_GABRIEL-SOUZA-BRITO.jpeg?fit=1200%2C675&ssl=1&resize=350%2C200","width":350,"height":200,"srcset":"https:\/\/i0.wp.com\/ismaelcolosi.com.br\/wp-content\/uploads\/2024\/01\/1705467672_GABRIEL-SOUZA-BRITO.jpeg?fit=1200%2C675&ssl=1&resize=350%2C200 1x, https:\/\/i0.wp.com\/ismaelcolosi.com.br\/wp-content\/uploads\/2024\/01\/1705467672_GABRIEL-SOUZA-BRITO.jpeg?fit=1200%2C675&ssl=1&resize=525%2C300 1.5x, https:\/\/i0.wp.com\/ismaelcolosi.com.br\/wp-content\/uploads\/2024\/01\/1705467672_GABRIEL-SOUZA-BRITO.jpeg?fit=1200%2C675&ssl=1&resize=700%2C400 2x, https:\/\/i0.wp.com\/ismaelcolosi.com.br\/wp-content\/uploads\/2024\/01\/1705467672_GABRIEL-SOUZA-BRITO.jpeg?fit=1200%2C675&ssl=1&resize=1050%2C600 3x"},"classes":[]},{"id":34532,"url":"https:\/\/ismaelcolosi.com.br\/index.php\/2024\/02\/02\/acusados-participam-de-reconstituicao-da-morte-de-engenheiro-em-ribeirao\/","url_meta":{"origin":38807,"position":5},"title":"Acusados participam de reconstitui\u00e7\u00e3o da morte de engenheiro em Ribeir\u00e3o","author":"ismaelcolosi.com.br","date":"2 de February de 2024","format":false,"excerpt":"A Pol\u00edcia Civil realiza na manh\u00e3 desta sexta-feira (2) a reconstitui\u00e7\u00e3o da morte do engenheiro Paulo Roberto Carvalho Pena Braga Filho, morto em Ribeir\u00e3o Preto no final de 2023. Os dois acusados, presos pela morte do engenheiro, participam da reconstitui\u00e7\u00e3o, no im\u00f3vel da avenida do Caf\u00e9. \u201c\u00c9 uma esp\u00e9cie de\u2026","rel":"","context":"In &quot;Not\u00edcias de Ribeir\u00e3o Preto-SP e Regi\u00e3o&quot;","block_context":{"text":"Not\u00edcias de Ribeir\u00e3o Preto-SP e Regi\u00e3o","link":"https:\/\/ismaelcolosi.com.br\/index.php\/category\/noticias-de-ribeirao-preto-sp-e-regiao-ismael-colosi\/"},"img":{"alt_text":"","src":"https:\/\/i0.wp.com\/ismaelcolosi.com.br\/wp-content\/uploads\/2024\/02\/reconstituicao-beto-braga-scaled.jpeg?fit=1200%2C900&ssl=1&resize=350%2C200","width":350,"height":200,"srcset":"https:\/\/i0.wp.com\/ismaelcolosi.com.br\/wp-content\/uploads\/2024\/02\/reconstituicao-beto-braga-scaled.jpeg?fit=1200%2C900&ssl=1&resize=350%2C200 1x, https:\/\/i0.wp.com\/ismaelcolosi.com.br\/wp-content\/uploads\/2024\/02\/reconstituicao-beto-braga-scaled.jpeg?fit=1200%2C900&ssl=1&resize=525%2C300 1.5x, https:\/\/i0.wp.com\/ismaelcolosi.com.br\/wp-content\/uploads\/2024\/02\/reconstituicao-beto-braga-scaled.jpeg?fit=1200%2C900&ssl=1&resize=700%2C400 2x, https:\/\/i0.wp.com\/ismaelcolosi.com.br\/wp-content\/uploads\/2024\/02\/reconstituicao-beto-braga-scaled.jpeg?fit=1200%2C900&ssl=1&resize=1050%2C600 3x"},"classes":[]}],"jetpack_sharing_enabled":true,"jetpack_shortlink":"https:\/\/wp.me\/pfMlyK-a5V","_links":{"self":[{"href":"https:\/\/ismaelcolosi.com.br\/index.php\/wp-json\/wp\/v2\/posts\/38807","targetHints":{"allow":["GET"]}}],"collection":[{"href":"https:\/\/ismaelcolosi.com.br\/index.php\/wp-json\/wp\/v2\/posts"}],"about":[{"href":"https:\/\/ismaelcolosi.com.br\/index.php\/wp-json\/wp\/v2\/types\/post"}],"author":[{"embeddable":true,"href":"https:\/\/ismaelcolosi.com.br\/index.php\/wp-json\/wp\/v2\/users\/1"}],"replies":[{"embeddable":true,"href":"https:\/\/ismaelcolosi.com.br\/index.php\/wp-json\/wp\/v2\/comments?post=38807"}],"version-history":[{"count":0,"href":"https:\/\/ismaelcolosi.com.br\/index.php\/wp-json\/wp\/v2\/posts\/38807\/revisions"}],"wp:featuredmedia":[{"embeddable":true,"href":"https:\/\/ismaelcolosi.com.br\/index.php\/wp-json\/wp\/v2\/media\/38808"}],"wp:attachment":[{"href":"https:\/\/ismaelcolosi.com.br\/index.php\/wp-json\/wp\/v2\/media?parent=38807"}],"wp:term":[{"taxonomy":"category","embeddable":true,"href":"https:\/\/ismaelcolosi.com.br\/index.php\/wp-json\/wp\/v2\/categories?post=38807"},{"taxonomy":"post_tag","embeddable":true,"href":"https:\/\/ismaelcolosi.com.br\/index.php\/wp-json\/wp\/v2\/tags?post=38807"}],"curies":[{"name":"wp","href":"https:\/\/api.w.org\/{rel}","templated":true}]}}