{"id":38801,"date":"2024-02-21T17:14:29","date_gmt":"2024-02-21T20:14:29","guid":{"rendered":"https:\/\/ismaelcolosi.com.br\/index.php\/2024\/02\/21\/dividas-renegociadas-no-desenrola-brasil-somam-r-356-bilhoes\/"},"modified":"2024-02-21T17:14:29","modified_gmt":"2024-02-21T20:14:29","slug":"dividas-renegociadas-no-desenrola-brasil-somam-r-356-bilhoes","status":"publish","type":"post","link":"https:\/\/ismaelcolosi.com.br\/index.php\/2024\/02\/21\/dividas-renegociadas-no-desenrola-brasil-somam-r-356-bilhoes\/","title":{"rendered":"D\u00edvidas renegociadas no Desenrola Brasil somam R$ 35,6 bilh\u00f5es"},"content":{"rendered":"<p> <br \/>\n<\/p>\n<div>\n<p>A cerca de 40 dias do fim do prazo, o Desenrola Brasil renegociou R$ 35,6 bilh\u00f5es em d\u00edvidas, divulgou nesta ter\u00e7a-feira (20) o Minist\u00e9rio da Fazenda. Ao todo, 12 milh\u00f5es de brasileiros refinanciaram 17 milh\u00f5es de d\u00e9bitos, que foram retirados de cadastros negativos, reparcelados ou quitados \u00e0 vista.<noscript><img data-recalc-dims=\"1\" decoding=\"async\" src=\"https:\/\/i0.wp.com\/agenciabrasil.ebc.com.br\/ebc.png?ssl=1\"\/><\/noscript><img data-recalc-dims=\"1\" decoding=\"async\" src=\"https:\/\/i0.wp.com\/agenciabrasil.ebc.com.br\/ebc.gif?ssl=1\" class=\"lazyload\"\/><noscript><img data-recalc-dims=\"1\" decoding=\"async\" src=\"https:\/\/i0.wp.com\/agenciabrasil.ebc.com.br\/ebc.gif?ssl=1\"\/><\/noscript><\/p>\n<p>Os dados referem-se at\u00e9 o dia 18 de fevereiro. As negocia\u00e7\u00f5es continuam abertas para a faixa 1, destinada a pessoas com renda de at\u00e9 dois sal\u00e1rios m\u00ednimos ou inscritas no Cadastro \u00danico para Programa Sociais (Cad\u00danico) do governo federal e a d\u00edvidas de at\u00e9 R$ 20 mil.<\/p><div class='code-block code-block-8' style='margin: 8px auto; text-align: center; display: block; clear: both;'>\n<script>\n  atOptions = {\n    'key' : '66e2e2111ca34da796271819fc334058',\n    'format' : 'iframe',\n    'height' : 250,\n    'width' : 300,\n    'params' : {}\n  };\n<\/script>\n<script src=\"https:\/\/www.highperformanceformat.com\/66e2e2111ca34da796271819fc334058\/invoke.js\"><\/script>\n<\/div>\n\n<p>Segundo o Minist\u00e9rio da Fazenda, apenas na faixa 1, 1,6 milh\u00e3o de pessoas renegociaram R$ 9 bilh\u00f5es em d\u00e9bitos. As d\u00edvidas para essa categoria ca\u00edram para R$ 1,2 bilh\u00e3o ap\u00f3s a aplica\u00e7\u00e3o do desconto m\u00e9dio de 87% pelo programa Desenrola.<\/p>\n<p>Do total de R$ 1,2 bilh\u00e3o em d\u00edvidas remanescentes, R$ 222,8 milh\u00f5es foram quitados \u00e0 vista e R$ 977,2 milh\u00f5es foram reparcelados. Ao todo, as renegocia\u00e7\u00f5es na faixa 1 envolveram 3,57 milh\u00f5es de contratos de servi\u00e7os financeiros, eletricidade, com\u00e9rcio varejista, educa\u00e7\u00e3o, telecomunica\u00e7\u00f5es, saneamento, empresas e demais setores.<\/p>\n<p>Em rela\u00e7\u00e3o \u00e0 divis\u00e3o por estados, S\u00e3o Paulo tem o maior volume de\u00a0<a href=\"https:\/\/agenciabrasil.ebc.com.br\/economia\/noticia\/2023-10\/consumidor-pode-renegociar-dividas-na-terceira-fase-do-desenrola\" target=\"_blank\" rel=\"noopener\">renegocia\u00e7\u00f5es na faixa 1<\/a>. Desde outubro do ano passado, quando entraram em vigor os refinanciamentos nessa faixa, 400 mil pessoas no estado renegociaram R$ 2,3 bilh\u00f5es, que se transformaram em R$ 305 milh\u00f5es.<\/p>\n<p>O Rio de Janeiro \u00e9 o segundo estado com mais negocia\u00e7\u00f5es na faixa 1, com 181 mil pessoas renegociando R$ 1 bilh\u00e3o, que se transformaram em R$ 125 milh\u00f5es. Em terceiro, est\u00e1 Minas Gerais, com 135 mil pessoas beneficiadas e R$ 781 milh\u00f5es negociados, que foram reduzidos para R$ 111 milh\u00f5es.<\/p>\n<p>Em rela\u00e7\u00e3o aos munic\u00edpios, 30 cidades respondem por 38% das negocia\u00e7\u00f5es na faixa 1, o equivalente a 614 mil pessoas que viram a d\u00edvida cair para R$ 468 milh\u00f5es ap\u00f3s os descontos.<\/p>\n<p>A capital S\u00e3o Paulo apresentou o maior volume negociado, R$ 100 milh\u00f5es, e 130 mil pessoas. Em seguida aparecem Rio de Janeiro, com R$ 52 milh\u00f5es e 73 mil pessoas; Bras\u00edlia, R$ 31 milh\u00f5es e 39 mil pessoas; Manaus, com R$ 28 milh\u00f5es e 30 mil pessoas, e Fortaleza, R$ 24 milh\u00f5es e 34 mil pessoas.<\/p>\n<p><strong>Mudan\u00e7as<\/strong> \u2013 Na quinta-feira (15), o Desenrola Brasil passou a ser acessado tamb\u00e9m por meio do <a href=\"https:\/\/www.serasa.com.br\/\" target=\"_blank\" rel=\"noopener\">site da Serasa Limpa Nome<\/a>. Com a integra\u00e7\u00e3o entre as plataformas, os usu\u00e1rios logados na plataforma da Serasa j\u00e1 conseguem ser redirecionados para o\u00a0<a href=\"http:\/\/www.desenrola.gov.br\/\" target=\"_blank\" rel=\"noopener\">site do Desenrola<\/a>, onde \u00e9 poss\u00edvel consultar as d\u00edvidas e fazer os pagamentos nas condi\u00e7\u00f5es do programa, sem necessidade de um outro login.<\/p>\n<p>Desde o dia 29 de janeiro, as pessoas com perfil bronze no Portal Gov.br podem parcelar as d\u00edvidas no Desenrola. Antes, quem tinha o conta desse n\u00edvel, que tem menos seguran\u00e7a, podia apenas quitar o valor negociado \u00e0 vista. Com a mudan\u00e7a, a propor\u00e7\u00e3o de usu\u00e1rios com login n\u00edvel bronze subiu de 19% para 40% das negocia\u00e7\u00f5es di\u00e1rias.<\/p>\n<\/div>\n<p><br \/>\n<br \/><a href=\"https:\/\/www.tribunaribeirao.com.br\/site\/dividas-renegociadas-no-desenrola-brasil-somam-r-356-bilhoes\/\">Source link <\/a><\/p>\n<div class='code-block code-block-4' style='margin: 8px auto 8px 0; text-align: left; display: block; clear: both;'>\n\ud83d\udce2 Aviso Legal\n\nO site ismaelcolosi.com.br atua apenas como um canal de divulga\u00e7\u00e3o de oportunidades de emprego e n\u00e3o se responsabiliza pelo processo seletivo, contrata\u00e7\u00e3o ou qualquer outra etapa relacionada \u00e0s vagas publicadas. Todas as informa\u00e7\u00f5es s\u00e3o de responsabilidade dos anunciantes.\n\n\u26a0\ufe0f Aten\u00e7\u00e3o! Nunca pague por promessas de emprego nem compre cursos que garantam contrata\u00e7\u00e3o. Desconfie de qualquer cobran\u00e7a para participar de sele\u00e7\u00f5es.\n\n\n<div data-type=\"_mgwidget\" data-widget-id=\"2000896\">\n<\/div>\n<script>(function(w,q){w[q]=w[q]||[];w[q].push([\"_mgc.load\"])})(window,\"_mgq\");\n<\/script>\n<\/div>\n<!-- CONTENT END 1 -->\n","protected":false},"excerpt":{"rendered":"<p>A cerca de 40 dias do fim do prazo, o Desenrola Brasil renegociou R$ 35,6 bilh\u00f5es em d\u00edvidas, divulgou nesta ter\u00e7a-feira (20) o Minist\u00e9rio da&#8230;<\/p>\n","protected":false},"author":1,"featured_media":38802,"comment_status":"open","ping_status":"open","sticky":false,"template":"","format":"standard","meta":{"om_disable_all_campaigns":false,"_uag_custom_page_level_css":"","jetpack_post_was_ever_published":false,"_jetpack_newsletter_access":"","_jetpack_dont_email_post_to_subs":false,"_jetpack_newsletter_tier_id":0,"_jetpack_memberships_contains_paywalled_content":false,"_jetpack_memberships_contains_paid_content":false,"_joinchat":[],"footnotes":"","jetpack_publicize_message":"","jetpack_publicize_feature_enabled":true,"jetpack_social_post_already_shared":true,"jetpack_social_options":{"image_generator_settings":{"template":"highway","default_image_id":0,"font":"","enabled":false},"version":2}},"categories":[11],"tags":[1979,137,714,2899,4413,4414],"class_list":["post-38801","post","type-post","status-publish","format-standard","has-post-thumbnail","hentry","category-noticias-de-ribeirao-preto-sp-e-regiao-ismael-colosi","tag-bilhoes","tag-brasil","tag-desenrola","tag-dividas","tag-renegociadas","tag-somam"],"aioseo_notices":[],"jetpack_publicize_connections":[],"jetpack_featured_media_url":"https:\/\/i0.wp.com\/ismaelcolosi.com.br\/wp-content\/uploads\/2024\/02\/desenrola-para-empresas-instituto-de-longevidade-meio-min.jpg?fit=800%2C400&ssl=1","uagb_featured_image_src":{"full":["https:\/\/i0.wp.com\/ismaelcolosi.com.br\/wp-content\/uploads\/2024\/02\/desenrola-para-empresas-instituto-de-longevidade-meio-min.jpg?fit=800%2C400&ssl=1",800,400,false],"thumbnail":["https:\/\/i0.wp.com\/ismaelcolosi.com.br\/wp-content\/uploads\/2024\/02\/desenrola-para-empresas-instituto-de-longevidade-meio-min.jpg?resize=150%2C150&ssl=1",150,150,true],"medium":["https:\/\/i0.wp.com\/ismaelcolosi.com.br\/wp-content\/uploads\/2024\/02\/desenrola-para-empresas-instituto-de-longevidade-meio-min.jpg?fit=300%2C150&ssl=1",300,150,true],"medium_large":["https:\/\/i0.wp.com\/ismaelcolosi.com.br\/wp-content\/uploads\/2024\/02\/desenrola-para-empresas-instituto-de-longevidade-meio-min.jpg?fit=768%2C384&ssl=1",768,384,true],"large":["https:\/\/i0.wp.com\/ismaelcolosi.com.br\/wp-content\/uploads\/2024\/02\/desenrola-para-empresas-instituto-de-longevidade-meio-min.jpg?fit=800%2C400&ssl=1",800,400,true],"1536x1536":["https:\/\/i0.wp.com\/ismaelcolosi.com.br\/wp-content\/uploads\/2024\/02\/desenrola-para-empresas-instituto-de-longevidade-meio-min.jpg?fit=800%2C400&ssl=1",800,400,true],"2048x2048":["https:\/\/i0.wp.com\/ismaelcolosi.com.br\/wp-content\/uploads\/2024\/02\/desenrola-para-empresas-instituto-de-longevidade-meio-min.jpg?fit=800%2C400&ssl=1",800,400,true],"really-simple-thumb":["https:\/\/i0.wp.com\/ismaelcolosi.com.br\/wp-content\/uploads\/2024\/02\/desenrola-para-empresas-instituto-de-longevidade-meio-min.jpg?resize=370%2C247&ssl=1",370,247,true]},"uagb_author_info":{"display_name":"ismaelcolosi.com.br","author_link":"https:\/\/ismaelcolosi.com.br\/index.php\/author\/vidareal-online\/"},"uagb_comment_info":0,"uagb_excerpt":"A cerca de 40 dias do fim do prazo, o Desenrola Brasil renegociou R$ 35,6 bilh\u00f5es em d\u00edvidas, divulgou nesta ter\u00e7a-feira (20) o Minist\u00e9rio da...","jetpack-related-posts":[{"id":37335,"url":"https:\/\/ismaelcolosi.com.br\/index.php\/2024\/02\/15\/governo-se-alia-ao-serasa-para-ampliar-alcance-do-desenrola-brasil\/","url_meta":{"origin":38801,"position":0},"title":"Governo se alia ao Serasa para ampliar alcance do Desenrola Brasil","author":"ismaelcolosi.com.br","date":"15 de February de 2024","format":false,"excerpt":"15 de fevereiro de 2024 | 16:04 0O Minist\u00e9rio da Fazenda anunciou hoje (15), em S\u00e3o Paulo, uma parceria com a Serasa para aumentar o alcance e facilitar o acesso ao Desenrola Brasil \u2013 programa para renegocia\u00e7\u00e3o de d\u00edvidas do governo federal.Com essa parceria, em funcionamento desde a \u00faltima sexta-feira\u2026","rel":"","context":"In &quot;Not\u00edcias de Ribeir\u00e3o Preto-SP e Regi\u00e3o&quot;","block_context":{"text":"Not\u00edcias de Ribeir\u00e3o Preto-SP e Regi\u00e3o","link":"https:\/\/ismaelcolosi.com.br\/index.php\/category\/noticias-de-ribeirao-preto-sp-e-regiao-ismael-colosi\/"},"img":{"alt_text":"","src":"https:\/\/i0.wp.com\/ismaelcolosi.com.br\/wp-content\/uploads\/2024\/02\/desenrola-1.jpg?fit=1024%2C683&ssl=1&resize=350%2C200","width":350,"height":200,"srcset":"https:\/\/i0.wp.com\/ismaelcolosi.com.br\/wp-content\/uploads\/2024\/02\/desenrola-1.jpg?fit=1024%2C683&ssl=1&resize=350%2C200 1x, https:\/\/i0.wp.com\/ismaelcolosi.com.br\/wp-content\/uploads\/2024\/02\/desenrola-1.jpg?fit=1024%2C683&ssl=1&resize=525%2C300 1.5x, https:\/\/i0.wp.com\/ismaelcolosi.com.br\/wp-content\/uploads\/2024\/02\/desenrola-1.jpg?fit=1024%2C683&ssl=1&resize=700%2C400 2x"},"classes":[]},{"id":6187,"url":"https:\/\/ismaelcolosi.com.br\/index.php\/2023\/11\/25\/desenrola-renegociou-r-433-mi-no-dia-d\/","url_meta":{"origin":38801,"position":1},"title":"Desenrola renegociou R$ 433 mi no \u2018Dia D\u2019\u00a0","author":"ismaelcolosi.com.br","date":"25 de November de 2023","format":false,"excerpt":"25 de novembro de 2023 | 8:3024 de novembro de 2023 | 20:17 0O Minist\u00e9rio da Fazenda informa que o governo contabilizou R$ 433 milh\u00f5es renegociados pelo Desenrola Brasil na quarta-feira, 22 de novembro, quando foi organizado o chamado \u201cDia D \u2013 Mutir\u00e3o Desenrola\u201d para acelerar e ampliar a cobertura\u2026","rel":"","context":"In &quot;Not\u00edcias de Ribeir\u00e3o Preto-SP e Regi\u00e3o&quot;","block_context":{"text":"Not\u00edcias de Ribeir\u00e3o Preto-SP e Regi\u00e3o","link":"https:\/\/ismaelcolosi.com.br\/index.php\/category\/noticias-de-ribeirao-preto-sp-e-regiao-ismael-colosi\/"},"img":{"alt_text":"","src":"https:\/\/i0.wp.com\/ismaelcolosi.com.br\/wp-content\/uploads\/2023\/11\/Desenrola-2.jpg?fit=1170%2C700&ssl=1&resize=350%2C200","width":350,"height":200,"srcset":"https:\/\/i0.wp.com\/ismaelcolosi.com.br\/wp-content\/uploads\/2023\/11\/Desenrola-2.jpg?fit=1170%2C700&ssl=1&resize=350%2C200 1x, https:\/\/i0.wp.com\/ismaelcolosi.com.br\/wp-content\/uploads\/2023\/11\/Desenrola-2.jpg?fit=1170%2C700&ssl=1&resize=525%2C300 1.5x, https:\/\/i0.wp.com\/ismaelcolosi.com.br\/wp-content\/uploads\/2023\/11\/Desenrola-2.jpg?fit=1170%2C700&ssl=1&resize=700%2C400 2x, https:\/\/i0.wp.com\/ismaelcolosi.com.br\/wp-content\/uploads\/2023\/11\/Desenrola-2.jpg?fit=1170%2C700&ssl=1&resize=1050%2C600 3x"},"classes":[]},{"id":41344,"url":"https:\/\/ismaelcolosi.com.br\/index.php\/2024\/03\/07\/dividas-no-programa-desenrola-podem-ser-negociadas-nos-correios\/","url_meta":{"origin":38801,"position":2},"title":"D\u00edvidas no programa Desenrola podem ser negociadas nos Correios","author":"ismaelcolosi.com.br","date":"7 de March de 2024","format":false,"excerpt":"7 de mar\u00e7o de 2024 | 17:007 de mar\u00e7o de 2024 | 11:16 0A partir desta quinta-feira (7), consumidores podem negociar d\u00edvidas do programa Desenrola Brasil e da Serasa em ag\u00eancias dos Correios. O prazo segue at\u00e9 o pr\u00f3ximo dia 28. A proposta, segundo os Correios, \u00e9 promover uma esp\u00e9cie\u2026","rel":"","context":"In &quot;Not\u00edcias de Ribeir\u00e3o Preto-SP e Regi\u00e3o&quot;","block_context":{"text":"Not\u00edcias de Ribeir\u00e3o Preto-SP e Regi\u00e3o","link":"https:\/\/ismaelcolosi.com.br\/index.php\/category\/noticias-de-ribeirao-preto-sp-e-regiao-ismael-colosi\/"},"img":{"alt_text":"","src":"https:\/\/i0.wp.com\/ismaelcolosi.com.br\/wp-content\/uploads\/2024\/03\/acf711d2-fb22-4c17-b92a-ae4456ddb244-scaled.jpg?fit=1000%2C598&ssl=1&resize=350%2C200","width":350,"height":200,"srcset":"https:\/\/i0.wp.com\/ismaelcolosi.com.br\/wp-content\/uploads\/2024\/03\/acf711d2-fb22-4c17-b92a-ae4456ddb244-scaled.jpg?fit=1000%2C598&ssl=1&resize=350%2C200 1x, https:\/\/i0.wp.com\/ismaelcolosi.com.br\/wp-content\/uploads\/2024\/03\/acf711d2-fb22-4c17-b92a-ae4456ddb244-scaled.jpg?fit=1000%2C598&ssl=1&resize=525%2C300 1.5x, https:\/\/i0.wp.com\/ismaelcolosi.com.br\/wp-content\/uploads\/2024\/03\/acf711d2-fb22-4c17-b92a-ae4456ddb244-scaled.jpg?fit=1000%2C598&ssl=1&resize=700%2C400 2x"},"classes":[]},{"id":14812,"url":"https:\/\/ismaelcolosi.com.br\/index.php\/2023\/12\/12\/programa-desenrola-e-prorrogado-por-tres-meses\/","url_meta":{"origin":38801,"position":3},"title":"Programa Desenrola \u00e9 prorrogado por tr\u00eas meses","author":"ismaelcolosi.com.br","date":"12 de December de 2023","format":false,"excerpt":"12 de dezembro de 2023 | 14:3012 de dezembro de 2023 | 14:12 0O programa Desenrola foi prorrogado at\u00e9 31 de mar\u00e7o de 2024, tr\u00eas meses al\u00e9m do prazo inicial, que seria o fim deste ano. Medida provis\u00f3ria foi publicada nesta ter\u00e7a-feira (12) no\u00a0Di\u00e1rio Oficial da Uni\u00e3o., que altera a\u00a0Lei\u2026","rel":"","context":"In &quot;Not\u00edcias de Ribeir\u00e3o Preto-SP e Regi\u00e3o&quot;","block_context":{"text":"Not\u00edcias de Ribeir\u00e3o Preto-SP e Regi\u00e3o","link":"https:\/\/ismaelcolosi.com.br\/index.php\/category\/noticias-de-ribeirao-preto-sp-e-regiao-ismael-colosi\/"},"img":{"alt_text":"","src":"https:\/\/i0.wp.com\/ismaelcolosi.com.br\/wp-content\/uploads\/2023\/12\/desenrola-2.jpg?fit=940%2C623&ssl=1&resize=350%2C200","width":350,"height":200,"srcset":"https:\/\/i0.wp.com\/ismaelcolosi.com.br\/wp-content\/uploads\/2023\/12\/desenrola-2.jpg?fit=940%2C623&ssl=1&resize=350%2C200 1x, https:\/\/i0.wp.com\/ismaelcolosi.com.br\/wp-content\/uploads\/2023\/12\/desenrola-2.jpg?fit=940%2C623&ssl=1&resize=525%2C300 1.5x, https:\/\/i0.wp.com\/ismaelcolosi.com.br\/wp-content\/uploads\/2023\/12\/desenrola-2.jpg?fit=940%2C623&ssl=1&resize=700%2C400 2x"},"classes":[]},{"id":6914,"url":"https:\/\/ismaelcolosi.com.br\/index.php\/2023\/11\/27\/desenrola-brasil-renegocia-dividas-com-novos-valores\/","url_meta":{"origin":38801,"position":4},"title":"Desenrola Brasil renegocia d\u00edvidas com novos valores","author":"ismaelcolosi.com.br","date":"27 de November de 2023","format":false,"excerpt":"Cr\u00e9ditos: Jos\u00e9 Cruz\/Ag\u00eancia BrasilDesenrola: N\u00e3o perca a chance de negociar d\u00edvida com at\u00e9 99% de desconto O Programa Desenrola Brasil, criado para facilitar a renegocia\u00e7\u00e3o de d\u00edvidas e proporcionar condi\u00e7\u00f5es vantajosas aos devedores, anuncia uma amplia\u00e7\u00e3o significativa. A Faixa 1 do programa, destinada a devedores com renda de at\u00e9 dois\u2026","rel":"","context":"In &quot;Variedades&quot;","block_context":{"text":"Variedades","link":"https:\/\/ismaelcolosi.com.br\/index.php\/category\/variedades\/"},"img":{"alt_text":"","src":"https:\/\/i0.wp.com\/ismaelcolosi.com.br\/wp-content\/uploads\/2023\/11\/1701088625_istock-1158702105-e1688579646196.jpg?fit=1200%2C638&ssl=1&resize=350%2C200","width":350,"height":200,"srcset":"https:\/\/i0.wp.com\/ismaelcolosi.com.br\/wp-content\/uploads\/2023\/11\/1701088625_istock-1158702105-e1688579646196.jpg?fit=1200%2C638&ssl=1&resize=350%2C200 1x, https:\/\/i0.wp.com\/ismaelcolosi.com.br\/wp-content\/uploads\/2023\/11\/1701088625_istock-1158702105-e1688579646196.jpg?fit=1200%2C638&ssl=1&resize=525%2C300 1.5x, https:\/\/i0.wp.com\/ismaelcolosi.com.br\/wp-content\/uploads\/2023\/11\/1701088625_istock-1158702105-e1688579646196.jpg?fit=1200%2C638&ssl=1&resize=700%2C400 2x, https:\/\/i0.wp.com\/ismaelcolosi.com.br\/wp-content\/uploads\/2023\/11\/1701088625_istock-1158702105-e1688579646196.jpg?fit=1200%2C638&ssl=1&resize=1050%2C600 3x"},"classes":[]},{"id":49769,"url":"https:\/\/ismaelcolosi.com.br\/index.php\/2024\/05\/13\/veja-como-participar-do-desenrola-para-meis-e-micro-e-pequenas-empresas\/","url_meta":{"origin":38801,"position":5},"title":"Veja como participar do Desenrola para MEIs e micro e pequenas empresas","author":"ismaelcolosi.com.br","date":"13 de May de 2024","format":false,"excerpt":"Os bancos come\u00e7am a oferecer, a partir desta segunda-feira (13), uma alternativa para renegocia\u00e7\u00e3o de d\u00edvidas banc\u00e1rias de MEI (Microempreendedores Individuais) e micro e pequenas empresas que faturem at\u00e9 R$ 4,8 milh\u00f5es anuais. Ser\u00e3o renegociadas d\u00edvidas n\u00e3o pagas at\u00e9 23 de janeiro de 2024. Essa renegocia\u00e7\u00e3o \u00e9 importante para o\u2026","rel":"","context":"In &quot;Not\u00edcias de Ribeir\u00e3o Preto-SP e Regi\u00e3o&quot;","block_context":{"text":"Not\u00edcias de Ribeir\u00e3o Preto-SP e Regi\u00e3o","link":"https:\/\/ismaelcolosi.com.br\/index.php\/category\/noticias-de-ribeirao-preto-sp-e-regiao-ismael-colosi\/"},"img":{"alt_text":"","src":"https:\/\/i0.wp.com\/ismaelcolosi.com.br\/wp-content\/uploads\/2024\/05\/AnyConv.com__desenrola_2024-05-13_14-03-37.webp.webp?fit=1159%2C691&ssl=1&resize=350%2C200","width":350,"height":200,"srcset":"https:\/\/i0.wp.com\/ismaelcolosi.com.br\/wp-content\/uploads\/2024\/05\/AnyConv.com__desenrola_2024-05-13_14-03-37.webp.webp?fit=1159%2C691&ssl=1&resize=350%2C200 1x, https:\/\/i0.wp.com\/ismaelcolosi.com.br\/wp-content\/uploads\/2024\/05\/AnyConv.com__desenrola_2024-05-13_14-03-37.webp.webp?fit=1159%2C691&ssl=1&resize=525%2C300 1.5x, https:\/\/i0.wp.com\/ismaelcolosi.com.br\/wp-content\/uploads\/2024\/05\/AnyConv.com__desenrola_2024-05-13_14-03-37.webp.webp?fit=1159%2C691&ssl=1&resize=700%2C400 2x, https:\/\/i0.wp.com\/ismaelcolosi.com.br\/wp-content\/uploads\/2024\/05\/AnyConv.com__desenrola_2024-05-13_14-03-37.webp.webp?fit=1159%2C691&ssl=1&resize=1050%2C600 3x"},"classes":[]}],"jetpack_sharing_enabled":true,"jetpack_shortlink":"https:\/\/wp.me\/pfMlyK-a5P","_links":{"self":[{"href":"https:\/\/ismaelcolosi.com.br\/index.php\/wp-json\/wp\/v2\/posts\/38801","targetHints":{"allow":["GET"]}}],"collection":[{"href":"https:\/\/ismaelcolosi.com.br\/index.php\/wp-json\/wp\/v2\/posts"}],"about":[{"href":"https:\/\/ismaelcolosi.com.br\/index.php\/wp-json\/wp\/v2\/types\/post"}],"author":[{"embeddable":true,"href":"https:\/\/ismaelcolosi.com.br\/index.php\/wp-json\/wp\/v2\/users\/1"}],"replies":[{"embeddable":true,"href":"https:\/\/ismaelcolosi.com.br\/index.php\/wp-json\/wp\/v2\/comments?post=38801"}],"version-history":[{"count":0,"href":"https:\/\/ismaelcolosi.com.br\/index.php\/wp-json\/wp\/v2\/posts\/38801\/revisions"}],"wp:featuredmedia":[{"embeddable":true,"href":"https:\/\/ismaelcolosi.com.br\/index.php\/wp-json\/wp\/v2\/media\/38802"}],"wp:attachment":[{"href":"https:\/\/ismaelcolosi.com.br\/index.php\/wp-json\/wp\/v2\/media?parent=38801"}],"wp:term":[{"taxonomy":"category","embeddable":true,"href":"https:\/\/ismaelcolosi.com.br\/index.php\/wp-json\/wp\/v2\/categories?post=38801"},{"taxonomy":"post_tag","embeddable":true,"href":"https:\/\/ismaelcolosi.com.br\/index.php\/wp-json\/wp\/v2\/tags?post=38801"}],"curies":[{"name":"wp","href":"https:\/\/api.w.org\/{rel}","templated":true}]}}