{"id":38797,"date":"2024-02-21T16:39:45","date_gmt":"2024-02-21T19:39:45","guid":{"rendered":"https:\/\/ismaelcolosi.com.br\/index.php\/2024\/02\/21\/mau-tempo-cancela-voo-de-volta-do-botafogo-para-ribeirao-preto\/"},"modified":"2024-02-21T16:39:45","modified_gmt":"2024-02-21T19:39:45","slug":"mau-tempo-cancela-voo-de-volta-do-botafogo-para-ribeirao-preto","status":"publish","type":"post","link":"https:\/\/ismaelcolosi.com.br\/index.php\/2024\/02\/21\/mau-tempo-cancela-voo-de-volta-do-botafogo-para-ribeirao-preto\/","title":{"rendered":"Mau tempo cancela voo de volta do Botafogo para Ribeir\u00e3o Preto"},"content":{"rendered":"<p> <br \/>\n<\/p>\n<div>\n<p>Ap\u00f3s garantir a classifica\u00e7\u00e3o para segunda fase da <strong>Copa do Brasil<\/strong>, diante do<strong> Nova Ven\u00e9cia<\/strong>, no <strong>Esp\u00edrito Santo<\/strong>, o <strong>Botafogo<\/strong> teve que esperar para retornar para<strong> Ribeir\u00e3o Preto<\/strong>, na \u00faltima ter\u00e7a-feira (20). Isso porque, o avi\u00e3o que foi buscar o Pantera, n\u00e3o conseguiu pousar no <strong>aeroporto de Linhares<\/strong>, por conta do <strong>mau tempo<\/strong>. <\/p>\n<p>Por conta disso, o aeroporto precisou ser fechado durante a madrugada desta quarta-feira (21).\u00a0 <mark style=\"background-color:#fcb900\" class=\"has-inline-color has-black-color\">A delega\u00e7\u00e3o do<strong> Botafogo <\/strong>precisou ir de \u00f4nibus at\u00e9 <strong>Vit\u00f3ria<\/strong><\/mark>, onde deve pegar um voo para <strong>S\u00e3o Paulo <\/strong>e, em seguida, retornar para <strong>Ribeir\u00e3o Preto<\/strong>.<\/p>\n<p>\u201cO avi\u00e3o decolou de Ribeir\u00e3o Preto em hor\u00e1rio programado e voou at\u00e9 Linhares, por\u00e9m, diante das condi\u00e7\u00f5es meteorol\u00f3gicas desfavor\u00e1veis, foi orientado a realizar \u00f3rbitas antes de tentar o pouso. Ap\u00f3s tentativas sem sucesso, em respeito \u00e0 seguran\u00e7a e considerando a impossibilidade de pouso seguro a decis\u00e3o foi cancelar o voo\u201d, informa a <strong>VoePass<\/strong>, em comunicado.<\/p>\n<p>\u201cA companhia reitera que a seguran\u00e7a \u00e9 a prioridade absoluta em todas as suas opera\u00e7\u00f5es e lamenta o inconveniente causado pela situa\u00e7\u00e3o\u201d, completa a empresa, que havia sido fretada pelo Botafogo para fazer a viagem.<\/p>\n<p>SAIBA MAIS<br \/>Shopping de Ribeir\u00e3o anuncia shows de Zeca Pagodinho, Tit\u00e3s e atra\u00e7\u00f5es internacionais<\/p>\n<h4 class=\"wp-block-heading\"><strong>FIQUE ON<\/strong><\/h4>\n<p>Fique ligado em tudo que acontece em Ribeir\u00e3o Preto e regi\u00e3o. Siga os perfis do <strong>acidade on <\/strong>no <a href=\"https:\/\/www.instagram.com\/acidadeonribeirao\" target=\"_blank\" rel=\"noreferrer noopener nofollow\">Instagram <\/a>e no<a href=\"https:\/\/www.facebook.com\/acidadeonribeirao\" target=\"_blank\" rel=\"noreferrer noopener nofollow\"> Facebook<\/a>.<\/p>\n<p>Receba not\u00edcias do<strong> acidade on <\/strong>no WhatsApp.<a href=\"https:\/\/chat.whatsapp.com\/Bnv2w66ZT4VDyZW3oiZ69n\" target=\"_blank\" rel=\"noreferrer noopener nofollow\"> Para entrar no grupo, basta clicar aqui.<\/a><\/p>\n<p>Fa\u00e7a uma den\u00fancia ou sugira uma reportagem sobre Ribeir\u00e3o Preto e regi\u00e3o pelo WhatsApp: 16 99117 7802.<\/p>\n<p>VEJA TAMB\u00c9M<br \/>BBB 24: quem \u00e9 o participante mais odiado da edi\u00e7\u00e3o?<\/p>\n<p><!-- AI CONTENT END 1 -->\n<\/div>\n<p><script async src=\"\/\/www.instagram.com\/embed.js\"><\/script><br \/>\n<br \/><br \/>\n<br \/><a href=\"https:\/\/www.acidadeon.com\/ribeiraopreto\/esportes\/mau-tempo-cancela-voo-de-volta-do-botafogo-para-ribeirao-preto\/\">Source link <\/a><\/p>\n<div class='code-block code-block-4' style='margin: 8px auto 8px 0; text-align: left; display: block; clear: both;'>\n\ud83d\udce2 Aviso Legal\n\nO site ismaelcolosi.com.br atua apenas como um canal de divulga\u00e7\u00e3o de oportunidades de emprego e n\u00e3o se responsabiliza pelo processo seletivo, contrata\u00e7\u00e3o ou qualquer outra etapa relacionada \u00e0s vagas publicadas. Todas as informa\u00e7\u00f5es s\u00e3o de responsabilidade dos anunciantes.\n\n\u26a0\ufe0f Aten\u00e7\u00e3o! Nunca pague por promessas de emprego nem compre cursos que garantam contrata\u00e7\u00e3o. Desconfie de qualquer cobran\u00e7a para participar de sele\u00e7\u00f5es.\n\n\n\n<\/div>\n<!-- CONTENT END 1 -->\n","protected":false},"excerpt":{"rendered":"<p>Ap\u00f3s garantir a classifica\u00e7\u00e3o para segunda fase da Copa do Brasil, diante do Nova Ven\u00e9cia, no Esp\u00edrito Santo, o Botafogo teve que esperar para retornar&#8230;<\/p>\n","protected":false},"author":1,"featured_media":38798,"comment_status":"open","ping_status":"open","sticky":false,"template":"","format":"standard","meta":{"_uag_custom_page_level_css":"","advanced_seo_description":"","jetpack_seo_html_title":"","jetpack_seo_noindex":false,"jetpack_post_was_ever_published":false,"_jetpack_newsletter_access":"","_jetpack_dont_email_post_to_subs":false,"_jetpack_newsletter_tier_id":0,"_jetpack_memberships_contains_paywalled_content":false,"_jetpack_memberships_contains_paid_content":false,"footnotes":"","jetpack_publicize_message":"","jetpack_publicize_feature_enabled":true,"jetpack_social_post_already_shared":true,"jetpack_social_options":{"image_generator_settings":{"template":"highway","default_image_id":0,"font":"","enabled":false},"version":2}},"categories":[11],"tags":[],"class_list":["post-38797","post","type-post","status-publish","format-standard","has-post-thumbnail","hentry","category-noticias-de-ribeirao-preto-sp-e-regiao-ismael-colosi"],"jetpack_publicize_connections":[],"jetpack_featured_media_url":"https:\/\/i0.wp.com\/ismaelcolosi.com.br\/wp-content\/uploads\/2024\/02\/botafogo-copa-do-brasil.jpg?fit=1200%2C799&ssl=1","uagb_featured_image_src":{"full":["https:\/\/i0.wp.com\/ismaelcolosi.com.br\/wp-content\/uploads\/2024\/02\/botafogo-copa-do-brasil.jpg?fit=1200%2C799&ssl=1",1200,799,false],"thumbnail":["https:\/\/i0.wp.com\/ismaelcolosi.com.br\/wp-content\/uploads\/2024\/02\/botafogo-copa-do-brasil.jpg?resize=150%2C150&ssl=1",150,150,true],"medium":["https:\/\/i0.wp.com\/ismaelcolosi.com.br\/wp-content\/uploads\/2024\/02\/botafogo-copa-do-brasil.jpg?fit=300%2C200&ssl=1",300,200,true],"medium_large":["https:\/\/i0.wp.com\/ismaelcolosi.com.br\/wp-content\/uploads\/2024\/02\/botafogo-copa-do-brasil.jpg?fit=768%2C511&ssl=1",768,511,true],"large":["https:\/\/i0.wp.com\/ismaelcolosi.com.br\/wp-content\/uploads\/2024\/02\/botafogo-copa-do-brasil.jpg?fit=1024%2C682&ssl=1",1024,682,true],"1536x1536":["https:\/\/i0.wp.com\/ismaelcolosi.com.br\/wp-content\/uploads\/2024\/02\/botafogo-copa-do-brasil.jpg?fit=1200%2C799&ssl=1",1200,799,true],"2048x2048":["https:\/\/i0.wp.com\/ismaelcolosi.com.br\/wp-content\/uploads\/2024\/02\/botafogo-copa-do-brasil.jpg?fit=1200%2C799&ssl=1",1200,799,true],"really-simple-thumb":["https:\/\/i0.wp.com\/ismaelcolosi.com.br\/wp-content\/uploads\/2024\/02\/botafogo-copa-do-brasil.jpg?resize=370%2C247&ssl=1",370,247,true]},"uagb_author_info":{"display_name":"ismaelcolosi.com.br","author_link":"https:\/\/ismaelcolosi.com.br\/index.php\/author\/vidareal-online\/"},"uagb_comment_info":0,"uagb_excerpt":"Ap\u00f3s garantir a classifica\u00e7\u00e3o para segunda fase da Copa do Brasil, diante do Nova Ven\u00e9cia, no Esp\u00edrito Santo, o Botafogo teve que esperar para retornar...","jetpack-related-posts":[{"id":38907,"url":"https:\/\/ismaelcolosi.com.br\/index.php\/2024\/02\/22\/paulo-gomes-elogia-jogadores-do-botafogo\/","url_meta":{"origin":38797,"position":0},"title":"Paulo Gomes elogia jogadores do Botafogo","author":"ismaelcolosi.com.br","date":"22 de February de 2024","format":false,"excerpt":"22 de fevereiro de 2024 | 11:0021 de fevereiro de 2024 | 19:06 0A vit\u00f3ria do Botafogo pela Copa do Brasil colocou muito dinheiro nos cofres do Pantera, mas, al\u00e9m disso, pode acalmar os \u00e2nimos dentro do clube. As quatro derrotas seguidas colocaram o t\u00e9cnico Paulo Gomes no olho do\u2026","rel":"","context":"In &quot;Not\u00edcias de Ribeir\u00e3o Preto-SP e Regi\u00e3o&quot;","block_context":{"text":"Not\u00edcias de Ribeir\u00e3o Preto-SP e Regi\u00e3o","link":"https:\/\/ismaelcolosi.com.br\/index.php\/category\/noticias-de-ribeirao-preto-sp-e-regiao-ismael-colosi\/"},"img":{"alt_text":"","src":"https:\/\/i0.wp.com\/ismaelcolosi.com.br\/wp-content\/uploads\/2024\/02\/Botafogo-2-15-scaled.jpg?fit=967%2C645&ssl=1&resize=350%2C200","width":350,"height":200,"srcset":"https:\/\/i0.wp.com\/ismaelcolosi.com.br\/wp-content\/uploads\/2024\/02\/Botafogo-2-15-scaled.jpg?fit=967%2C645&ssl=1&resize=350%2C200 1x, https:\/\/i0.wp.com\/ismaelcolosi.com.br\/wp-content\/uploads\/2024\/02\/Botafogo-2-15-scaled.jpg?fit=967%2C645&ssl=1&resize=525%2C300 1.5x, https:\/\/i0.wp.com\/ismaelcolosi.com.br\/wp-content\/uploads\/2024\/02\/Botafogo-2-15-scaled.jpg?fit=967%2C645&ssl=1&resize=700%2C400 2x"},"classes":[]},{"id":58433,"url":"https:\/\/ismaelcolosi.com.br\/index.php\/2024\/07\/30\/colisao-de-avioes-em-congonhas-envolveu-delegacao-do-botafogo\/","url_meta":{"origin":38797,"position":1},"title":"Colis\u00e3o de avi\u00f5es em Congonhas envolveu delega\u00e7\u00e3o do Botafogo","author":"ismaelcolosi.com.br","date":"30 de July de 2024","format":false,"excerpt":"A delega\u00e7\u00e3o do Botafogo de Ribeir\u00e3o Preto estava em uma das aeronaves envolvidas em um acidente no p\u00e1tio do Aeroporto de Congonhas, na zona Sul de S\u00e3o Paulo. A colis\u00e3o entre o avi\u00e3o da Gol e o da Latam, aconteceu na tarde de segunda-feira (29). De acordo com a assessoria\u2026","rel":"","context":"In &quot;Not\u00edcias de Ribeir\u00e3o Preto-SP e Regi\u00e3o&quot;","block_context":{"text":"Not\u00edcias de Ribeir\u00e3o Preto-SP e Regi\u00e3o","link":"https:\/\/ismaelcolosi.com.br\/index.php\/category\/noticias-de-ribeirao-preto-sp-e-regiao-ismael-colosi\/"},"img":{"alt_text":"","src":"https:\/\/i0.wp.com\/ismaelcolosi.com.br\/wp-content\/uploads\/2024\/07\/Copia-de-Copia-de-TAMANHO-EXATO-PARA-FOTOS-NO-SISTEMA-NOVO-14_2024-07-30_20-26-32_jpg_2024-07-30_20-26-32.webp.webp?fit=1200%2C675&ssl=1&resize=350%2C200","width":350,"height":200,"srcset":"https:\/\/i0.wp.com\/ismaelcolosi.com.br\/wp-content\/uploads\/2024\/07\/Copia-de-Copia-de-TAMANHO-EXATO-PARA-FOTOS-NO-SISTEMA-NOVO-14_2024-07-30_20-26-32_jpg_2024-07-30_20-26-32.webp.webp?fit=1200%2C675&ssl=1&resize=350%2C200 1x, https:\/\/i0.wp.com\/ismaelcolosi.com.br\/wp-content\/uploads\/2024\/07\/Copia-de-Copia-de-TAMANHO-EXATO-PARA-FOTOS-NO-SISTEMA-NOVO-14_2024-07-30_20-26-32_jpg_2024-07-30_20-26-32.webp.webp?fit=1200%2C675&ssl=1&resize=525%2C300 1.5x, https:\/\/i0.wp.com\/ismaelcolosi.com.br\/wp-content\/uploads\/2024\/07\/Copia-de-Copia-de-TAMANHO-EXATO-PARA-FOTOS-NO-SISTEMA-NOVO-14_2024-07-30_20-26-32_jpg_2024-07-30_20-26-32.webp.webp?fit=1200%2C675&ssl=1&resize=700%2C400 2x, https:\/\/i0.wp.com\/ismaelcolosi.com.br\/wp-content\/uploads\/2024\/07\/Copia-de-Copia-de-TAMANHO-EXATO-PARA-FOTOS-NO-SISTEMA-NOVO-14_2024-07-30_20-26-32_jpg_2024-07-30_20-26-32.webp.webp?fit=1200%2C675&ssl=1&resize=1050%2C600 3x"},"classes":[]},{"id":29921,"url":"https:\/\/ismaelcolosi.com.br\/index.php\/2024\/01\/19\/mau-tempo-impede-voo-de-suspeito-de-homicidio-de-sp-para-rp\/","url_meta":{"origin":38797,"position":2},"title":"Mau tempo impede voo de suspeito de homic\u00eddio de SP para RP","author":"ismaelcolosi.com.br","date":"19 de January de 2024","format":false,"excerpt":"Por: Adalberto LuqueO mau tempo impediu a realiza\u00e7\u00e3o do voo que traria Gabriel Souza Brito, de 28 anos, para Ribeir\u00e3o Preto, nesta sexta-feira (19). A previs\u00e3o era que o avi\u00e3o pousasse no Aeroporto Leite Lopes \u00e0s 13h00. Brito \u00e9 acusado da morte do executivo brasileiro Paulo Roberto Carvalho Pena Braga\u2026","rel":"","context":"In &quot;Not\u00edcias de Ribeir\u00e3o Preto-SP e Regi\u00e3o&quot;","block_context":{"text":"Not\u00edcias de Ribeir\u00e3o Preto-SP e Regi\u00e3o","link":"https:\/\/ismaelcolosi.com.br\/index.php\/category\/noticias-de-ribeirao-preto-sp-e-regiao-ismael-colosi\/"},"img":{"alt_text":"","src":"https:\/\/i0.wp.com\/ismaelcolosi.com.br\/wp-content\/uploads\/2024\/01\/1705695783_00-19-jan-2024-preso-morte-executivo-01-foto-divulgacao-menor.jpg?fit=850%2C393&ssl=1&resize=350%2C200","width":350,"height":200,"srcset":"https:\/\/i0.wp.com\/ismaelcolosi.com.br\/wp-content\/uploads\/2024\/01\/1705695783_00-19-jan-2024-preso-morte-executivo-01-foto-divulgacao-menor.jpg?fit=850%2C393&ssl=1&resize=350%2C200 1x, https:\/\/i0.wp.com\/ismaelcolosi.com.br\/wp-content\/uploads\/2024\/01\/1705695783_00-19-jan-2024-preso-morte-executivo-01-foto-divulgacao-menor.jpg?fit=850%2C393&ssl=1&resize=525%2C300 1.5x, https:\/\/i0.wp.com\/ismaelcolosi.com.br\/wp-content\/uploads\/2024\/01\/1705695783_00-19-jan-2024-preso-morte-executivo-01-foto-divulgacao-menor.jpg?fit=850%2C393&ssl=1&resize=700%2C400 2x"},"classes":[]},{"id":29887,"url":"https:\/\/ismaelcolosi.com.br\/index.php\/2024\/01\/19\/mau-tempo-atrasa-remocao-de-suspeito-de-homicidio-do-rj-para-rp\/","url_meta":{"origin":38797,"position":3},"title":"Mau tempo atrasa remo\u00e7\u00e3o de suspeito de homic\u00eddio do RJ para RP","author":"ismaelcolosi.com.br","date":"19 de January de 2024","format":false,"excerpt":"Homem acusado de matar executivo que morava nos EUA saiu no final da madrugada desta sexta-feira (19) para SP e depois para RP, mas condi\u00e7\u00f5es clim\u00e1ticas impediram avi\u00e3o de prosseguir 19 de janeiro de 2024 | 15:43 0Por: Adalberto LuqueO mau tempo atrasou a chegada de Gabriel Souza Brito, de\u2026","rel":"","context":"In &quot;Not\u00edcias de Ribeir\u00e3o Preto-SP e Regi\u00e3o&quot;","block_context":{"text":"Not\u00edcias de Ribeir\u00e3o Preto-SP e Regi\u00e3o","link":"https:\/\/ismaelcolosi.com.br\/index.php\/category\/noticias-de-ribeirao-preto-sp-e-regiao-ismael-colosi\/"},"img":{"alt_text":"","src":"https:\/\/i0.wp.com\/ismaelcolosi.com.br\/wp-content\/uploads\/2024\/01\/00-19-jan-2024-preso-morte-executivo-01-foto-divulgacao-menor.jpg?fit=850%2C393&ssl=1&resize=350%2C200","width":350,"height":200,"srcset":"https:\/\/i0.wp.com\/ismaelcolosi.com.br\/wp-content\/uploads\/2024\/01\/00-19-jan-2024-preso-morte-executivo-01-foto-divulgacao-menor.jpg?fit=850%2C393&ssl=1&resize=350%2C200 1x, https:\/\/i0.wp.com\/ismaelcolosi.com.br\/wp-content\/uploads\/2024\/01\/00-19-jan-2024-preso-morte-executivo-01-foto-divulgacao-menor.jpg?fit=850%2C393&ssl=1&resize=525%2C300 1.5x, https:\/\/i0.wp.com\/ismaelcolosi.com.br\/wp-content\/uploads\/2024\/01\/00-19-jan-2024-preso-morte-executivo-01-foto-divulgacao-menor.jpg?fit=850%2C393&ssl=1&resize=700%2C400 2x"},"classes":[]},{"id":59607,"url":"https:\/\/ismaelcolosi.com.br\/index.php\/2024\/08\/09\/quem-era-a-vitima-de-ribeirao-preto-que-morreu-em-acidente-de-aviao-no-interior-de-sp\/","url_meta":{"origin":38797,"position":4},"title":"Quem era a v\u00edtima de Ribeir\u00e3o Preto que morreu em acidente de avi\u00e3o no interior de SP","author":"ismaelcolosi.com.br","date":"9 de August de 2024","format":false,"excerpt":"A comiss\u00e1ria de bordo Rubia Silva de Lima, de Ribeir\u00e3o Preto, \u00e9 uma das v\u00edtimas da queda de um avi\u00e3o da Voepass, antiga Passaredo, que aconteceu em Vinhedo, interior de SP, nesta sexta-feira (9). Nas redes sociais, a mulher de 41 anos publicava diversas fotos de viagens que realizou. Em\u2026","rel":"","context":"In &quot;Not\u00edcias de Ribeir\u00e3o Preto-SP e Regi\u00e3o&quot;","block_context":{"text":"Not\u00edcias de Ribeir\u00e3o Preto-SP e Regi\u00e3o","link":"https:\/\/ismaelcolosi.com.br\/index.php\/category\/noticias-de-ribeirao-preto-sp-e-regiao-ismael-colosi\/"},"img":{"alt_text":"","src":"https:\/\/i0.wp.com\/ismaelcolosi.com.br\/wp-content\/uploads\/2024\/08\/Copia-de-Copia-de-TAMANHO-EXATO-PARA-FOTOS-NO-SISTEMA-NOVO-2024-08-09T195802.137_2024-08-09_23-10-34_png_2024-08-09_23-10-34.webp.webp?fit=1200%2C675&ssl=1&resize=350%2C200","width":350,"height":200,"srcset":"https:\/\/i0.wp.com\/ismaelcolosi.com.br\/wp-content\/uploads\/2024\/08\/Copia-de-Copia-de-TAMANHO-EXATO-PARA-FOTOS-NO-SISTEMA-NOVO-2024-08-09T195802.137_2024-08-09_23-10-34_png_2024-08-09_23-10-34.webp.webp?fit=1200%2C675&ssl=1&resize=350%2C200 1x, https:\/\/i0.wp.com\/ismaelcolosi.com.br\/wp-content\/uploads\/2024\/08\/Copia-de-Copia-de-TAMANHO-EXATO-PARA-FOTOS-NO-SISTEMA-NOVO-2024-08-09T195802.137_2024-08-09_23-10-34_png_2024-08-09_23-10-34.webp.webp?fit=1200%2C675&ssl=1&resize=525%2C300 1.5x, https:\/\/i0.wp.com\/ismaelcolosi.com.br\/wp-content\/uploads\/2024\/08\/Copia-de-Copia-de-TAMANHO-EXATO-PARA-FOTOS-NO-SISTEMA-NOVO-2024-08-09T195802.137_2024-08-09_23-10-34_png_2024-08-09_23-10-34.webp.webp?fit=1200%2C675&ssl=1&resize=700%2C400 2x, https:\/\/i0.wp.com\/ismaelcolosi.com.br\/wp-content\/uploads\/2024\/08\/Copia-de-Copia-de-TAMANHO-EXATO-PARA-FOTOS-NO-SISTEMA-NOVO-2024-08-09T195802.137_2024-08-09_23-10-34_png_2024-08-09_23-10-34.webp.webp?fit=1200%2C675&ssl=1&resize=1050%2C600 3x"},"classes":[]},{"id":59759,"url":"https:\/\/ismaelcolosi.com.br\/index.php\/2024\/08\/12\/o-que-se-sabe-sobre-a-situacao-do-aviao-que-caiu-no-interior-de-sp\/","url_meta":{"origin":38797,"position":5},"title":"O que se sabe sobre a situa\u00e7\u00e3o do avi\u00e3o que caiu no interior de SP","author":"ismaelcolosi.com.br","date":"12 de August de 2024","format":false,"excerpt":"O avi\u00e3o ATR-72-500, da Voepass, que caiu em Vinhedo, no interior de S\u00e3o Paulo, na \u00faltima sexta-feira (9), havia passado por manuten\u00e7\u00e3o ap\u00f3s \u201cdano estrutural\u201d, cinco meses antes do acidente. Ao todo, 62 pessoas morreram na trag\u00e9dia, entre passageiros e tripulantes da aeronave. Segundo reportagem do Fant\u00e1stico, da TV Globo\/EPTV,\u2026","rel":"","context":"In &quot;Not\u00edcias de Ribeir\u00e3o Preto-SP e Regi\u00e3o&quot;","block_context":{"text":"Not\u00edcias de Ribeir\u00e3o Preto-SP e Regi\u00e3o","link":"https:\/\/ismaelcolosi.com.br\/index.php\/category\/noticias-de-ribeirao-preto-sp-e-regiao-ismael-colosi\/"},"img":{"alt_text":"","src":"https:\/\/i0.wp.com\/ismaelcolosi.com.br\/wp-content\/uploads\/2024\/08\/aviao-atr-72-500_2024-08-12_15-17-56_jpg_2024-08-12_15-17-57.webp.webp?fit=1200%2C668&ssl=1&resize=350%2C200","width":350,"height":200,"srcset":"https:\/\/i0.wp.com\/ismaelcolosi.com.br\/wp-content\/uploads\/2024\/08\/aviao-atr-72-500_2024-08-12_15-17-56_jpg_2024-08-12_15-17-57.webp.webp?fit=1200%2C668&ssl=1&resize=350%2C200 1x, https:\/\/i0.wp.com\/ismaelcolosi.com.br\/wp-content\/uploads\/2024\/08\/aviao-atr-72-500_2024-08-12_15-17-56_jpg_2024-08-12_15-17-57.webp.webp?fit=1200%2C668&ssl=1&resize=525%2C300 1.5x, https:\/\/i0.wp.com\/ismaelcolosi.com.br\/wp-content\/uploads\/2024\/08\/aviao-atr-72-500_2024-08-12_15-17-56_jpg_2024-08-12_15-17-57.webp.webp?fit=1200%2C668&ssl=1&resize=700%2C400 2x, https:\/\/i0.wp.com\/ismaelcolosi.com.br\/wp-content\/uploads\/2024\/08\/aviao-atr-72-500_2024-08-12_15-17-56_jpg_2024-08-12_15-17-57.webp.webp?fit=1200%2C668&ssl=1&resize=1050%2C600 3x"},"classes":[]}],"jetpack_sharing_enabled":true,"jetpack_shortlink":"https:\/\/wp.me\/pfMlyK-a5L","_links":{"self":[{"href":"https:\/\/ismaelcolosi.com.br\/index.php\/wp-json\/wp\/v2\/posts\/38797","targetHints":{"allow":["GET"]}}],"collection":[{"href":"https:\/\/ismaelcolosi.com.br\/index.php\/wp-json\/wp\/v2\/posts"}],"about":[{"href":"https:\/\/ismaelcolosi.com.br\/index.php\/wp-json\/wp\/v2\/types\/post"}],"author":[{"embeddable":true,"href":"https:\/\/ismaelcolosi.com.br\/index.php\/wp-json\/wp\/v2\/users\/1"}],"replies":[{"embeddable":true,"href":"https:\/\/ismaelcolosi.com.br\/index.php\/wp-json\/wp\/v2\/comments?post=38797"}],"version-history":[{"count":0,"href":"https:\/\/ismaelcolosi.com.br\/index.php\/wp-json\/wp\/v2\/posts\/38797\/revisions"}],"wp:featuredmedia":[{"embeddable":true,"href":"https:\/\/ismaelcolosi.com.br\/index.php\/wp-json\/wp\/v2\/media\/38798"}],"wp:attachment":[{"href":"https:\/\/ismaelcolosi.com.br\/index.php\/wp-json\/wp\/v2\/media?parent=38797"}],"wp:term":[{"taxonomy":"category","embeddable":true,"href":"https:\/\/ismaelcolosi.com.br\/index.php\/wp-json\/wp\/v2\/categories?post=38797"},{"taxonomy":"post_tag","embeddable":true,"href":"https:\/\/ismaelcolosi.com.br\/index.php\/wp-json\/wp\/v2\/tags?post=38797"}],"curies":[{"name":"wp","href":"https:\/\/api.w.org\/{rel}","templated":true}]}}