{"id":38760,"date":"2024-02-21T15:04:59","date_gmt":"2024-02-21T18:04:59","guid":{"rendered":"https:\/\/ismaelcolosi.com.br\/index.php\/2024\/02\/21\/preco-de-repelente-aumenta-1578\/"},"modified":"2024-02-21T15:04:59","modified_gmt":"2024-02-21T18:04:59","slug":"preco-de-repelente-aumenta-1578","status":"publish","type":"post","link":"https:\/\/ismaelcolosi.com.br\/index.php\/2024\/02\/21\/preco-de-repelente-aumenta-1578\/","title":{"rendered":"Pre\u00e7o de repelente aumenta 15,78% \u00a0"},"content":{"rendered":"<p> <br \/>\n<\/p>\n<div id=\"\">\n<p> <span class=\"entry-meta-item penci-posted-on\"><i class=\"fa fa-clock-o\"\/><time class=\"entry-date published\" datetime=\"2024-02-21T15:00:57-03:00\">21 de fevereiro de 2024 | 15:00<\/time><time class=\"updated\" datetime=\"2024-02-21T09:40:17-03:00\">21 de fevereiro de 2024 | 9:40<\/time><\/span><\/p>\n<p> <span class=\"penci-social-buttons penci-social-share-footer\"><a href=\"#\" class=\"penci-post-like penci_post-meta_item  single-like-button penci-social-item like\" data-post_id=\"374437\" title=\"Like\" data-like=\"Like\" data-unlike=\"Unlike\"><i class=\"fa fa-thumbs-o-up\"\/><span class=\"penci-share-number\">0<\/span><\/a><i class=\"fa fa-facebook\"\/><a class=\"penci-social-item twitter\" target=\"_blank\" rel=\"noopener\" title=\"\" href=\"https:\/\/twitter.com\/intent\/tweet?text=Pre\u00e7o%20de%20repelente%20aumenta%2015,78%20\u00a0%20-%20https:\/\/www.tribunaribeirao.com.br\/site\/preco-de-repelente-aumenta-1578\/\"><i class=\"fa fa-twitter\"\/><\/a><i class=\"fa fa-whatsapp\"\/><\/span><\/div>\n<div>\n<p><span class=\"TextRun SCXW84509393 BCX0\" lang=\"PT-BR\" xml:lang=\"PT-BR\" data-contrast=\"auto\"><span class=\"NormalTextRun SCXW84509393 BCX0\">Levantamento sobre pre\u00e7o de repelentes contra insetos, feito pela <\/span><\/span><span class=\"TextRun SCXW84509393 BCX0\" lang=\"PT-BR\" xml:lang=\"PT-BR\" data-contrast=\"none\"><span class=\"NormalTextRun SCXW84509393 BCX0\">Funda\u00e7\u00e3o de Prote\u00e7\u00e3o e Defesa do Consumidor (<\/span><span class=\"NormalTextRun SCXW84509393 BCX0\">Funda\u00e7\u00e3o <\/span><span class=\"NormalTextRun SCXW84509393 BCX0\">Procon<\/span><span class=\"NormalTextRun SCXW84509393 BCX0\">-SP)<\/span><\/span><span class=\"TextRun SCXW84509393 BCX0\" lang=\"PT-BR\" xml:lang=\"PT-BR\" data-contrast=\"auto\"><span class=\"NormalTextRun SCXW84509393 BCX0\">, constatou aumento de 15,78% em m\u00e9dia, com diferen\u00e7as que chegaram a 84,19% para um mesmo produto em estabelecimentos diferentes, entre dezembro do ano passado e fevereiro deste ano.<\/span><\/span><span class=\"LineBreakBlob BlobObject DragDrop SCXW84509393 BCX0\"><span class=\"SCXW84509393 BCX0\">\u00a0<\/span><br class=\"SCXW84509393 BCX0\"\/><\/span><span class=\"LineBreakBlob BlobObject DragDrop SCXW84509393 BCX0\"><span class=\"SCXW84509393 BCX0\">\u00a0<\/span><br class=\"SCXW84509393 BCX0\"\/><\/span><span class=\"TextRun SCXW84509393 BCX0\" lang=\"PT-BR\" xml:lang=\"PT-BR\" data-contrast=\"auto\"><span class=\"NormalTextRun SCXW84509393 BCX0\">A pesquisa foi realizada em cinco sites de drogarias, farm\u00e1cias e mercado. Foram <\/span><span class=\"NormalTextRun SCXW84509393 BCX0\">onze <\/span><span class=\"NormalTextRun SCXW84509393 BCX0\">itens com pre\u00e7os comparados. Segundo o <\/span><span class=\"NormalTextRun SCXW84509393 BCX0\">Procon<\/span><span class=\"NormalTextRun SCXW84509393 BCX0\">-SP, no mesmo per\u00edodo do levantamento, o \u00cdndice de Pre\u00e7os ao Consumidor (IPC-SP) da Funda\u00e7\u00e3o Instituto de Pesquisas Econ\u00f4micas (<\/span><span class=\"NormalTextRun SCXW84509393 BCX0\">Fipe<\/span><span class=\"NormalTextRun SCXW84509393 BCX0\">) teve varia\u00e7\u00e3o de 0,84%.<\/span><\/span><span class=\"LineBreakBlob BlobObject DragDrop SCXW84509393 BCX0\"><span class=\"SCXW84509393 BCX0\">\u00a0<\/span><br class=\"SCXW84509393 BCX0\"\/><\/span><span class=\"LineBreakBlob BlobObject DragDrop SCXW84509393 BCX0\"><span class=\"SCXW84509393 BCX0\">\u00a0<\/span><br class=\"SCXW84509393 BCX0\"\/><\/span><span class=\"TextRun SCXW84509393 BCX0\" lang=\"PT-BR\" xml:lang=\"PT-BR\" data-contrast=\"auto\"><span class=\"NormalTextRun SCXW84509393 BCX0\">A alta dos pre\u00e7os de repelentes ocorre no momento de aumento de casos de dengue, transmitida pelo mosquito <\/span><span class=\"NormalTextRun SCXW84509393 BCX0\">Aedes<\/span> <span class=\"NormalTextRun SCXW84509393 BCX0\">aegypti<\/span><span class=\"NormalTextRun SCXW84509393 BCX0\">, que tamb\u00e9m \u00e9 vetor de transmiss\u00e3o da <\/span><span class=\"NormalTextRun SCXW84509393 BCX0\">zika<\/span><span class=\"NormalTextRun SCXW84509393 BCX0\"> e da <\/span><span class=\"NormalTextRun SCXW84509393 BCX0\">chikungunya<\/span><span class=\"NormalTextRun SCXW84509393 BCX0\">.<\/span> <span class=\"NormalTextRun SCXW84509393 BCX0\">Os casos de dengue no pa\u00eds j\u00e1 chegam a 653.656, conforme a atualiza\u00e7\u00e3o <\/span><span class=\"NormalTextRun SCXW84509393 BCX0\">na <\/span><span class=\"NormalTextRun SCXW84509393 BCX0\">segunda-feira, 19 de fevereiro, do painel de monitoramento de <\/span><span class=\"NormalTextRun SCXW84509393 BCX0\">arboviroses<\/span><span class=\"NormalTextRun SCXW84509393 BCX0\"> do Minist\u00e9rio da Sa\u00fade. <\/span><\/span><span class=\"LineBreakBlob BlobObject DragDrop SCXW84509393 BCX0\"><span class=\"SCXW84509393 BCX0\">\u00a0<\/span><br class=\"SCXW84509393 BCX0\"\/><\/span><span class=\"LineBreakBlob BlobObject DragDrop SCXW84509393 BCX0\"><span class=\"SCXW84509393 BCX0\">\u00a0<\/span><br class=\"SCXW84509393 BCX0\"\/><\/span><span class=\"TextRun SCXW84509393 BCX0\" lang=\"PT-BR\" xml:lang=\"PT-BR\" data-contrast=\"auto\"><span class=\"NormalTextRun SCXW84509393 BCX0\">S\u00e3o 321,9 casos por grupo de 100 mil habitantes.\u00a0 Desde 1\u00ba de janeiro, 113 pessoas morreram em decorr\u00eancia da doen\u00e7a transmitida pelo <\/span><span class=\"NormalTextRun SCXW84509393 BCX0\">Aedes<\/span> <span class=\"NormalTextRun SCXW84509393 BCX0\">aegypti<\/span><span class=\"NormalTextRun SCXW84509393 BCX0\">.\u00a0<\/span> <span class=\"NormalTextRun SCXW84509393 BCX0\">De acordo com o painel de monitoramento de <\/span><span class=\"NormalTextRun SCXW84509393 BCX0\">arboviroses<\/span><span class=\"NormalTextRun SCXW84509393 BCX0\"> do Minist\u00e9rio da Sa\u00fade, h\u00e1 ainda 438 mortes em investiga\u00e7\u00e3o para a doen\u00e7a.<\/span><\/span><span class=\"LineBreakBlob BlobObject DragDrop SCXW84509393 BCX0\"><span class=\"SCXW84509393 BCX0\">\u00a0<\/span><br class=\"SCXW84509393 BCX0\"\/><\/span><span class=\"LineBreakBlob BlobObject DragDrop SCXW84509393 BCX0\"><span class=\"SCXW84509393 BCX0\">\u00a0<\/span><br class=\"SCXW84509393 BCX0\"\/><\/span><span class=\"TextRun SCXW84509393 BCX0\" lang=\"PT-BR\" xml:lang=\"PT-BR\" data-contrast=\"auto\"><span class=\"NormalTextRun SCXW84509393 BCX0\">\u201c<\/span><span class=\"NormalTextRun SCXW84509393 BCX0\">A grande diferen\u00e7a de pre\u00e7os entre estabelecimentos aponta para a necessidade de o consumidor pesquisar bastante antes de comprar seus produtos, ainda mais em um per\u00edodo de elevada demanda e considerando que n\u00e3o h\u00e1 tabelamento de pre\u00e7os no pa\u00eds\u201d, divulgou a entidade, em nota.<\/span><\/span><span class=\"LineBreakBlob BlobObject DragDrop SCXW84509393 BCX0\"><span class=\"SCXW84509393 BCX0\">\u00a0<\/span><br class=\"SCXW84509393 BCX0\"\/><\/span><span class=\"LineBreakBlob BlobObject DragDrop SCXW84509393 BCX0\"><span class=\"SCXW84509393 BCX0\">\u00a0<\/span><br class=\"SCXW84509393 BCX0\"\/><\/span><span class=\"TextRun SCXW84509393 BCX0\" lang=\"PT-BR\" xml:lang=\"PT-BR\" data-contrast=\"none\"><span class=\"NormalTextRun SCXW84509393 BCX0\">Ribeir\u00e3o Preto enfrenta mais uma epidemia de dengue, desta vez de n\u00edvel 2. J\u00e1 s\u00e3o 1.828 casos confirmados em 40 dias<\/span><span class=\"NormalTextRun SCXW84509393 BCX0\"> de 2024<\/span><span class=\"NormalTextRun SCXW84509393 BCX0\">, al\u00e9m de 5.462 sob investiga\u00e7\u00e3o. Uma semana atr\u00e1s eram 1.279. Em sete dias, o <\/span><span class=\"NormalTextRun SCXW84509393 BCX0\">Aedes<\/span> <span class=\"NormalTextRun SCXW84509393 BCX0\">aegypti<\/span><span class=\"NormalTextRun SCXW84509393 BCX0\"> \u2013 vetor da doen\u00e7a, do <\/span><span class=\"NormalTextRun SCXW84509393 BCX0\">zika<\/span><span class=\"NormalTextRun SCXW84509393 BCX0\"> v\u00edrus e da febre <\/span><span class=\"NormalTextRun SCXW84509393 BCX0\">chikungunya<\/span><span class=\"NormalTextRun SCXW84509393 BCX0\"> \u2013 fez mais 549 v\u00edtimas, aumento de 42,92%. <\/span><\/span><span class=\"LineBreakBlob BlobObject DragDrop SCXW84509393 BCX0\"><span class=\"SCXW84509393 BCX0\">\u00a0<\/span><br class=\"SCXW84509393 BCX0\"\/><\/span><span class=\"LineBreakBlob BlobObject DragDrop SCXW84509393 BCX0\"><span class=\"SCXW84509393 BCX0\">\u00a0<\/span><br class=\"SCXW84509393 BCX0\"\/><\/span><span class=\"TextRun SCXW84509393 BCX0\" lang=\"PT-BR\" xml:lang=\"PT-BR\" data-contrast=\"none\"><span class=\"NormalTextRun SCXW84509393 BCX0\">Na semana anterior, a alta havia sido de 431,18%, de 975 para 1.279, com mais 304 v\u00edtimas do vetor. A m\u00e9dia di\u00e1ria neste ano \u00e9 de 47 ocorr\u00eancias, uma a cada 31 minutos, aproximadamente. Os dados s\u00e3o do per\u00edodo entre 1\u00ba de janeiro e <\/span><span class=\"NormalTextRun SCXW84509393 BCX0\">9<\/span><span class=\"NormalTextRun SCXW84509393 BCX0\"> de fevereiro. S\u00e3o 137 notifica\u00e7\u00f5es de casos suspeitos por dia. <\/span><\/span><span class=\"LineBreakBlob BlobObject DragDrop SCXW84509393 BCX0\"><span class=\"SCXW84509393 BCX0\">\u00a0<\/span><br class=\"SCXW84509393 BCX0\"\/><\/span><span class=\"LineBreakBlob BlobObject DragDrop SCXW84509393 BCX0\"><span class=\"SCXW84509393 BCX0\">\u00a0<\/span><br class=\"SCXW84509393 BCX0\"\/><\/span><span class=\"TextRun SCXW84509393 BCX0\" lang=\"PT-BR\" xml:lang=\"PT-BR\" data-contrast=\"none\"><span class=\"NormalTextRun SCXW84509393 BCX0\">S\u00e3o 167 pacientes infectados em fevereiro, quase 19 por dia, um a cada \\uma hora e 16 minutos. S\u00e3o 1.661 em janeiro, ante 768 de dezembro, 893 a mais e alta de 116,28%. Na compara\u00e7\u00e3o com o primeiro m\u00eas de 2023, quando foram 402 pessoas pegaram dengue, o aumento chega a 313,18%. S\u00e3o 1.259 a mais<\/span><\/span><span class=\"LineBreakBlob BlobObject DragDrop SCXW84509393 BCX0\"><span class=\"SCXW84509393 BCX0\">\u00a0<\/span><br class=\"SCXW84509393 BCX0\"\/><\/span><span class=\"LineBreakBlob BlobObject DragDrop SCXW84509393 BCX0\"><span class=\"SCXW84509393 BCX0\">\u00a0<\/span><br class=\"SCXW84509393 BCX0\"\/><\/span><span class=\"TextRun SCXW84509393 BCX0\" lang=\"PT-BR\" xml:lang=\"PT-BR\" data-contrast=\"none\"><span class=\"NormalTextRun SCXW84509393 BCX0\">At\u00e9 agora, segundo a Secretaria Municipal da Sa\u00fade, n\u00e3o h\u00e1 nenhum \u00f3bito confirmado em 2024, mas h\u00e1 uma morte sob investiga\u00e7\u00e3o, de uma idosa que estava com a doen\u00e7a e faleceu.\u00a0 Foram oito falecimentos em decorr\u00eancia da doen\u00e7a em 2023, tr\u00eas em mar\u00e7o, duas em abril, duas em maio e uma em junho. Em 2022 ocorreu um \u00f3bito. <\/span><\/span><span class=\"LineBreakBlob BlobObject DragDrop SCXW84509393 BCX0\"><span class=\"SCXW84509393 BCX0\">\u00a0<\/span><br class=\"SCXW84509393 BCX0\"\/><\/span><\/p><div class='code-block code-block-8' style='margin: 8px auto; text-align: center; display: block; clear: both;'>\n<script>\n  atOptions = {\n    'key' : '66e2e2111ca34da796271819fc334058',\n    'format' : 'iframe',\n    'height' : 250,\n    'width' : 300,\n    'params' : {}\n  };\n<\/script>\n<script src=\"https:\/\/www.highperformanceformat.com\/66e2e2111ca34da796271819fc334058\/invoke.js\"><\/script>\n<\/div>\n\n<\/div>\n<p><script async src=\"\/\/platform.twitter.com\/widgets.js\" charset=\"utf-8\"><\/script><br \/>\n<br \/><br \/>\n<br \/><a href=\"https:\/\/www.tribunaribeirao.com.br\/site\/preco-de-repelente-aumenta-1578\/\">Source link <\/a><\/p>\n<div class='code-block code-block-4' style='margin: 8px auto 8px 0; text-align: left; display: block; clear: both;'>\n\ud83d\udce2 Aviso Legal\n\nO site ismaelcolosi.com.br atua apenas como um canal de divulga\u00e7\u00e3o de oportunidades de emprego e n\u00e3o se responsabiliza pelo processo seletivo, contrata\u00e7\u00e3o ou qualquer outra etapa relacionada \u00e0s vagas publicadas. Todas as informa\u00e7\u00f5es s\u00e3o de responsabilidade dos anunciantes.\n\n\u26a0\ufe0f Aten\u00e7\u00e3o! Nunca pague por promessas de emprego nem compre cursos que garantam contrata\u00e7\u00e3o. Desconfie de qualquer cobran\u00e7a para participar de sele\u00e7\u00f5es.\n\n\n<div data-type=\"_mgwidget\" data-widget-id=\"2000896\">\n<\/div>\n<script>(function(w,q){w[q]=w[q]||[];w[q].push([\"_mgc.load\"])})(window,\"_mgq\");\n<\/script>\n<\/div>\n<!-- CONTENT END 1 -->\n","protected":false},"excerpt":{"rendered":"<p>21 de fevereiro de 2024 | 15:0021 de fevereiro de 2024 | 9:40 0 Levantamento sobre pre\u00e7o de repelentes contra insetos, feito pela Funda\u00e7\u00e3o de&#8230;<\/p>\n","protected":false},"author":1,"featured_media":38761,"comment_status":"open","ping_status":"open","sticky":false,"template":"","format":"standard","meta":{"om_disable_all_campaigns":false,"_uag_custom_page_level_css":"","jetpack_post_was_ever_published":false,"_jetpack_newsletter_access":"","_jetpack_dont_email_post_to_subs":false,"_jetpack_newsletter_tier_id":0,"_jetpack_memberships_contains_paywalled_content":false,"_jetpack_memberships_contains_paid_content":false,"_joinchat":[],"footnotes":"","jetpack_publicize_message":"","jetpack_publicize_feature_enabled":true,"jetpack_social_post_already_shared":true,"jetpack_social_options":{"image_generator_settings":{"template":"highway","default_image_id":0,"font":"","enabled":false},"version":2}},"categories":[11],"tags":[2399,1850,4410],"class_list":["post-38760","post","type-post","status-publish","format-standard","has-post-thumbnail","hentry","category-noticias-de-ribeirao-preto-sp-e-regiao-ismael-colosi","tag-aumenta","tag-preco","tag-repelente"],"aioseo_notices":[],"jetpack_publicize_connections":[],"jetpack_featured_media_url":"https:\/\/i0.wp.com\/ismaelcolosi.com.br\/wp-content\/uploads\/2024\/02\/8b57af96-718e-4883-b560-5086429ed06f.jpg?fit=640%2C427&ssl=1","uagb_featured_image_src":{"full":["https:\/\/i0.wp.com\/ismaelcolosi.com.br\/wp-content\/uploads\/2024\/02\/8b57af96-718e-4883-b560-5086429ed06f.jpg?fit=640%2C427&ssl=1",640,427,false],"thumbnail":["https:\/\/i0.wp.com\/ismaelcolosi.com.br\/wp-content\/uploads\/2024\/02\/8b57af96-718e-4883-b560-5086429ed06f.jpg?resize=150%2C150&ssl=1",150,150,true],"medium":["https:\/\/i0.wp.com\/ismaelcolosi.com.br\/wp-content\/uploads\/2024\/02\/8b57af96-718e-4883-b560-5086429ed06f.jpg?fit=300%2C200&ssl=1",300,200,true],"medium_large":["https:\/\/i0.wp.com\/ismaelcolosi.com.br\/wp-content\/uploads\/2024\/02\/8b57af96-718e-4883-b560-5086429ed06f.jpg?fit=640%2C427&ssl=1",640,427,true],"large":["https:\/\/i0.wp.com\/ismaelcolosi.com.br\/wp-content\/uploads\/2024\/02\/8b57af96-718e-4883-b560-5086429ed06f.jpg?fit=640%2C427&ssl=1",640,427,true],"1536x1536":["https:\/\/i0.wp.com\/ismaelcolosi.com.br\/wp-content\/uploads\/2024\/02\/8b57af96-718e-4883-b560-5086429ed06f.jpg?fit=640%2C427&ssl=1",640,427,true],"2048x2048":["https:\/\/i0.wp.com\/ismaelcolosi.com.br\/wp-content\/uploads\/2024\/02\/8b57af96-718e-4883-b560-5086429ed06f.jpg?fit=640%2C427&ssl=1",640,427,true],"really-simple-thumb":["https:\/\/i0.wp.com\/ismaelcolosi.com.br\/wp-content\/uploads\/2024\/02\/8b57af96-718e-4883-b560-5086429ed06f.jpg?resize=370%2C247&ssl=1",370,247,true]},"uagb_author_info":{"display_name":"ismaelcolosi.com.br","author_link":"https:\/\/ismaelcolosi.com.br\/index.php\/author\/vidareal-online\/"},"uagb_comment_info":0,"uagb_excerpt":"21 de fevereiro de 2024 | 15:0021 de fevereiro de 2024 | 9:40 0 Levantamento sobre pre\u00e7o de repelentes contra insetos, feito pela Funda\u00e7\u00e3o de...","jetpack-related-posts":[{"id":82645,"url":"https:\/\/ismaelcolosi.com.br\/index.php\/2025\/02\/07\/ribeirao-preto-abre-inscricoes-para182-unidades-habitacionais-a-preco-social-inscricoes-devem-ser-realizadas-pela-internet-no-dia-8-de-fevereiro\/","url_meta":{"origin":38760,"position":0},"title":"Ribeir\u00e3o Preto abre inscri\u00e7\u00f5es para 182 unidades habitacionais a pre\u00e7o social; inscri\u00e7\u00f5es devem ser realizadas pela internet no dia 8 de fevereiro","author":"Arthur Tijolo","date":"7 de February de 2025","format":false,"excerpt":"A Secretaria de Planejamento e Desenvolvimento de Ribeir\u00e3o Preto publicou um edital para inscri\u00e7\u00f5es na compra de moradias a pre\u00e7o social. S\u00e3o 182 unidades habitacionais dispon\u00edveis e as inscri\u00e7\u00f5es devem ser feitas no site do Programa Casa Paulista, entre 10h do dia 8 de fevereiro e 18h do dia 10\u2026","rel":"","context":"In &quot;Dicas e Utilidades&quot;","block_context":{"text":"Dicas e Utilidades","link":"https:\/\/ismaelcolosi.com.br\/index.php\/category\/dicas-e-utilidades-publicas\/"},"img":{"alt_text":"","src":"https:\/\/i0.wp.com\/ismaelcolosi.com.br\/wp-content\/uploads\/2025\/02\/WhatsApp-Image-2025-02-07-at-10.03.35.jpeg?fit=1023%2C311&ssl=1&resize=350%2C200","width":350,"height":200,"srcset":"https:\/\/i0.wp.com\/ismaelcolosi.com.br\/wp-content\/uploads\/2025\/02\/WhatsApp-Image-2025-02-07-at-10.03.35.jpeg?fit=1023%2C311&ssl=1&resize=350%2C200 1x, https:\/\/i0.wp.com\/ismaelcolosi.com.br\/wp-content\/uploads\/2025\/02\/WhatsApp-Image-2025-02-07-at-10.03.35.jpeg?fit=1023%2C311&ssl=1&resize=525%2C300 1.5x, https:\/\/i0.wp.com\/ismaelcolosi.com.br\/wp-content\/uploads\/2025\/02\/WhatsApp-Image-2025-02-07-at-10.03.35.jpeg?fit=1023%2C311&ssl=1&resize=700%2C400 2x"},"classes":[]},{"id":34370,"url":"https:\/\/ismaelcolosi.com.br\/index.php\/2024\/02\/01\/petrobras-reduz-preco-do-gas-natural-em-2\/","url_meta":{"origin":38760,"position":1},"title":"Petrobras reduz pre\u00e7o do g\u00e1s natural em 2%","author":"ismaelcolosi.com.br","date":"1 de February de 2024","format":false,"excerpt":"1 de fevereiro de 2024 | 16:301 de fevereiro de 2024 | 14:08 0A Petrobras reduziu, nesta quinta-feira (1\u00ba), o pre\u00e7o do g\u00e1s natural vendido pela estatal \u00e0s distribuidoras em 2%, em m\u00e9dia. Segundo a empresa, os contratos com as distribuidoras preveem atualiza\u00e7\u00f5es trimestrais dos pre\u00e7os do produto.Para o trimestre\u2026","rel":"","context":"In &quot;Not\u00edcias de Ribeir\u00e3o Preto-SP e Regi\u00e3o&quot;","block_context":{"text":"Not\u00edcias de Ribeir\u00e3o Preto-SP e Regi\u00e3o","link":"https:\/\/ismaelcolosi.com.br\/index.php\/category\/noticias-de-ribeirao-preto-sp-e-regiao-ismael-colosi\/"},"img":{"alt_text":"","src":"https:\/\/i0.wp.com\/ismaelcolosi.com.br\/wp-content\/uploads\/2024\/02\/329ce1e5-9385-4ad1-b78c-e6fd35a90fe7-scaled.jpg?fit=1000%2C598&ssl=1&resize=350%2C200","width":350,"height":200,"srcset":"https:\/\/i0.wp.com\/ismaelcolosi.com.br\/wp-content\/uploads\/2024\/02\/329ce1e5-9385-4ad1-b78c-e6fd35a90fe7-scaled.jpg?fit=1000%2C598&ssl=1&resize=350%2C200 1x, https:\/\/i0.wp.com\/ismaelcolosi.com.br\/wp-content\/uploads\/2024\/02\/329ce1e5-9385-4ad1-b78c-e6fd35a90fe7-scaled.jpg?fit=1000%2C598&ssl=1&resize=525%2C300 1.5x, https:\/\/i0.wp.com\/ismaelcolosi.com.br\/wp-content\/uploads\/2024\/02\/329ce1e5-9385-4ad1-b78c-e6fd35a90fe7-scaled.jpg?fit=1000%2C598&ssl=1&resize=700%2C400 2x"},"classes":[]},{"id":35500,"url":"https:\/\/ismaelcolosi.com.br\/index.php\/2024\/02\/06\/cai-preco-de-diaria-na-praia\/","url_meta":{"origin":38760,"position":2},"title":"Cai pre\u00e7o de di\u00e1ria na praia \u00a0","author":"ismaelcolosi.com.br","date":"6 de February de 2024","format":false,"excerpt":"6 de fevereiro de 2024 | 15:006 de fevereiro de 2024 | 8:39 0Os foli\u00f5es j\u00e1 est\u00e3o preparando a fantasia e, no que depender dos valores das di\u00e1rias de loca\u00e7\u00e3o de casas e apartamentos nas praias paulistas, o carnaval deste ano vai ser bem animado, segundo pesquisa feita pelo Conselho\u2026","rel":"","context":"In &quot;Not\u00edcias de Ribeir\u00e3o Preto-SP e Regi\u00e3o&quot;","block_context":{"text":"Not\u00edcias de Ribeir\u00e3o Preto-SP e Regi\u00e3o","link":"https:\/\/ismaelcolosi.com.br\/index.php\/category\/noticias-de-ribeirao-preto-sp-e-regiao-ismael-colosi\/"},"img":{"alt_text":"","src":"https:\/\/i0.wp.com\/ismaelcolosi.com.br\/wp-content\/uploads\/2024\/02\/Praia-Redes-sociais-Reproducao-scaled.jpeg?fit=1000%2C563&ssl=1&resize=350%2C200","width":350,"height":200,"srcset":"https:\/\/i0.wp.com\/ismaelcolosi.com.br\/wp-content\/uploads\/2024\/02\/Praia-Redes-sociais-Reproducao-scaled.jpeg?fit=1000%2C563&ssl=1&resize=350%2C200 1x, https:\/\/i0.wp.com\/ismaelcolosi.com.br\/wp-content\/uploads\/2024\/02\/Praia-Redes-sociais-Reproducao-scaled.jpeg?fit=1000%2C563&ssl=1&resize=525%2C300 1.5x, https:\/\/i0.wp.com\/ismaelcolosi.com.br\/wp-content\/uploads\/2024\/02\/Praia-Redes-sociais-Reproducao-scaled.jpeg?fit=1000%2C563&ssl=1&resize=700%2C400 2x"},"classes":[]},{"id":42502,"url":"https:\/\/ismaelcolosi.com.br\/index.php\/2024\/03\/14\/lula-quer-mecanismos-para-baixar-preco-dos-alimentos\/","url_meta":{"origin":38760,"position":3},"title":"Lula quer mecanismos para baixar pre\u00e7o dos alimentos","author":"ismaelcolosi.com.br","date":"14 de March de 2024","format":false,"excerpt":"Por Sofia AguiarO presidente da Rep\u00fablica, Luiz In\u00e1cio Lula da Silva, afirmou que discutir\u00e1 com integrantes do governo mecanismos para a redu\u00e7\u00e3o do pre\u00e7o dos alimentos. Segundo o chefe do Executivo, a reuni\u00e3o ter\u00e1 como foco a produ\u00e7\u00e3o desses produtos.\u201cAgora pela manh\u00e3 vamos falar sobre a produ\u00e7\u00e3o de alimentos e\u2026","rel":"","context":"In &quot;Not\u00edcias de Ribeir\u00e3o Preto-SP e Regi\u00e3o&quot;","block_context":{"text":"Not\u00edcias de Ribeir\u00e3o Preto-SP e Regi\u00e3o","link":"https:\/\/ismaelcolosi.com.br\/index.php\/category\/noticias-de-ribeirao-preto-sp-e-regiao-ismael-colosi\/"},"img":{"alt_text":"","src":"https:\/\/i0.wp.com\/ismaelcolosi.com.br\/wp-content\/uploads\/2024\/03\/b186d49a-8259-11e9-b84a-00505697492c-wp-660x372-1.jpg?fit=660%2C372&ssl=1&resize=350%2C200","width":350,"height":200,"srcset":"https:\/\/i0.wp.com\/ismaelcolosi.com.br\/wp-content\/uploads\/2024\/03\/b186d49a-8259-11e9-b84a-00505697492c-wp-660x372-1.jpg?fit=660%2C372&ssl=1&resize=350%2C200 1x, https:\/\/i0.wp.com\/ismaelcolosi.com.br\/wp-content\/uploads\/2024\/03\/b186d49a-8259-11e9-b84a-00505697492c-wp-660x372-1.jpg?fit=660%2C372&ssl=1&resize=525%2C300 1.5x"},"classes":[]},{"id":33329,"url":"https:\/\/ismaelcolosi.com.br\/index.php\/2024\/01\/29\/cursinho-pre-vestibular-com-preco-popular-esta-com-inscricoes-abertas-em-ribeirao\/","url_meta":{"origin":38760,"position":4},"title":"Cursinho pr\u00e9-vestibular com pre\u00e7o popular est\u00e1 com inscri\u00e7\u00f5es abertas em Ribeir\u00e3o","author":"ismaelcolosi.com.br","date":"29 de January de 2024","format":false,"excerpt":"O Cape (Centro de Apoio Popular Estudantil) de Ribeir\u00e3o Preto est\u00e1 com inscri\u00e7\u00f5es abertas para o cursinho pr\u00e9-vestibular para jovens de baixa renda que queiram ingressar no ensino superior. S\u00e3o 60 vagas dispon\u00edveis para pr\u00f3xima turma, cujas aulas ter\u00e3o in\u00edcio no dia 19 de fevereiro, de forma presencial, de segunda-feira\u2026","rel":"","context":"In &quot;Not\u00edcias de Ribeir\u00e3o Preto-SP e Regi\u00e3o&quot;","block_context":{"text":"Not\u00edcias de Ribeir\u00e3o Preto-SP e Regi\u00e3o","link":"https:\/\/ismaelcolosi.com.br\/index.php\/category\/noticias-de-ribeirao-preto-sp-e-regiao-ismael-colosi\/"},"img":{"alt_text":"","src":"https:\/\/i0.wp.com\/ismaelcolosi.com.br\/wp-content\/uploads\/2024\/01\/estudante_vestibular_1024x576_18082021083859.jpg?fit=1024%2C576&ssl=1&resize=350%2C200","width":350,"height":200,"srcset":"https:\/\/i0.wp.com\/ismaelcolosi.com.br\/wp-content\/uploads\/2024\/01\/estudante_vestibular_1024x576_18082021083859.jpg?fit=1024%2C576&ssl=1&resize=350%2C200 1x, https:\/\/i0.wp.com\/ismaelcolosi.com.br\/wp-content\/uploads\/2024\/01\/estudante_vestibular_1024x576_18082021083859.jpg?fit=1024%2C576&ssl=1&resize=525%2C300 1.5x, https:\/\/i0.wp.com\/ismaelcolosi.com.br\/wp-content\/uploads\/2024\/01\/estudante_vestibular_1024x576_18082021083859.jpg?fit=1024%2C576&ssl=1&resize=700%2C400 2x"},"classes":[]},{"id":19699,"url":"https:\/\/ismaelcolosi.com.br\/index.php\/2023\/12\/22\/preco-do-etanol-dispara-nas-distribuidoras\/","url_meta":{"origin":38760,"position":5},"title":"Pre\u00e7o do etanol dispara nas distribuidoras\u00a0","author":"ismaelcolosi.com.br","date":"22 de December de 2023","format":false,"excerpt":"22 de dezembro de 2023 | 16:0022 de dezembro de 2023 | 15:24 0Segundo a Central de Monitoramento do N\u00facleo Postos Ribeir\u00e3o Preto, associa\u00e7\u00e3o independente que re\u00fane 85 revendedores de postos de combust\u00edveis da cidade e regi\u00e3o, nas \u00faltimas 24 horas (contando desde a tarde desta quinta-feira, dia 21), o\u2026","rel":"","context":"In &quot;Not\u00edcias de Ribeir\u00e3o Preto-SP e Regi\u00e3o&quot;","block_context":{"text":"Not\u00edcias de Ribeir\u00e3o Preto-SP e Regi\u00e3o","link":"https:\/\/ismaelcolosi.com.br\/index.php\/category\/noticias-de-ribeirao-preto-sp-e-regiao-ismael-colosi\/"},"img":{"alt_text":"","src":"https:\/\/i0.wp.com\/ismaelcolosi.com.br\/wp-content\/uploads\/2023\/12\/1-etanol-scaled.jpg?fit=967%2C645&ssl=1&resize=350%2C200","width":350,"height":200,"srcset":"https:\/\/i0.wp.com\/ismaelcolosi.com.br\/wp-content\/uploads\/2023\/12\/1-etanol-scaled.jpg?fit=967%2C645&ssl=1&resize=350%2C200 1x, https:\/\/i0.wp.com\/ismaelcolosi.com.br\/wp-content\/uploads\/2023\/12\/1-etanol-scaled.jpg?fit=967%2C645&ssl=1&resize=525%2C300 1.5x, https:\/\/i0.wp.com\/ismaelcolosi.com.br\/wp-content\/uploads\/2023\/12\/1-etanol-scaled.jpg?fit=967%2C645&ssl=1&resize=700%2C400 2x"},"classes":[]}],"jetpack_sharing_enabled":true,"jetpack_shortlink":"https:\/\/wp.me\/pfMlyK-a5a","_links":{"self":[{"href":"https:\/\/ismaelcolosi.com.br\/index.php\/wp-json\/wp\/v2\/posts\/38760","targetHints":{"allow":["GET"]}}],"collection":[{"href":"https:\/\/ismaelcolosi.com.br\/index.php\/wp-json\/wp\/v2\/posts"}],"about":[{"href":"https:\/\/ismaelcolosi.com.br\/index.php\/wp-json\/wp\/v2\/types\/post"}],"author":[{"embeddable":true,"href":"https:\/\/ismaelcolosi.com.br\/index.php\/wp-json\/wp\/v2\/users\/1"}],"replies":[{"embeddable":true,"href":"https:\/\/ismaelcolosi.com.br\/index.php\/wp-json\/wp\/v2\/comments?post=38760"}],"version-history":[{"count":0,"href":"https:\/\/ismaelcolosi.com.br\/index.php\/wp-json\/wp\/v2\/posts\/38760\/revisions"}],"wp:featuredmedia":[{"embeddable":true,"href":"https:\/\/ismaelcolosi.com.br\/index.php\/wp-json\/wp\/v2\/media\/38761"}],"wp:attachment":[{"href":"https:\/\/ismaelcolosi.com.br\/index.php\/wp-json\/wp\/v2\/media?parent=38760"}],"wp:term":[{"taxonomy":"category","embeddable":true,"href":"https:\/\/ismaelcolosi.com.br\/index.php\/wp-json\/wp\/v2\/categories?post=38760"},{"taxonomy":"post_tag","embeddable":true,"href":"https:\/\/ismaelcolosi.com.br\/index.php\/wp-json\/wp\/v2\/tags?post=38760"}],"curies":[{"name":"wp","href":"https:\/\/api.w.org\/{rel}","templated":true}]}}