{"id":38606,"date":"2024-02-20T19:23:55","date_gmt":"2024-02-20T22:23:55","guid":{"rendered":"https:\/\/ismaelcolosi.com.br\/index.php\/2024\/02\/20\/video-enteado-de-pm-assassinado-divulga-video-agradecendo-apoio\/"},"modified":"2024-02-20T19:23:55","modified_gmt":"2024-02-20T22:23:55","slug":"video-enteado-de-pm-assassinado-divulga-video-agradecendo-apoio","status":"publish","type":"post","link":"https:\/\/ismaelcolosi.com.br\/index.php\/2024\/02\/20\/video-enteado-de-pm-assassinado-divulga-video-agradecendo-apoio\/","title":{"rendered":"V\u00cdDEO &#8211; Enteado de PM assassinado divulga v\u00eddeo agradecendo apoio"},"content":{"rendered":"<p> <br \/>\n<\/p>\n<div id=\"\">\n<h2 class=\"penci-post-subtitle\">Rafael Bernardes Farias foi ferido durante latroc\u00ednio do policial aposentado e recebeu alta ap\u00f3s interna\u00e7\u00e3o hospitalar por conta de troca de tiros com assaltantes<\/h2>\n<p> <span class=\"entry-meta-item penci-posted-on\"><i class=\"fa fa-clock-o\"\/><time class=\"entry-date published\" datetime=\"2024-02-20T16:47:51-03:00\">20 de fevereiro de 2024 | 16:47<\/time><time class=\"updated\" datetime=\"2024-02-20T16:54:28-03:00\">20 de fevereiro de 2024 | 16:54<\/time><\/span><\/p>\n<p> <span class=\"penci-social-buttons penci-social-share-footer\"><a href=\"#\" class=\"penci-post-like penci_post-meta_item  single-like-button penci-social-item like\" data-post_id=\"374343\" title=\"Like\" data-like=\"Like\" data-unlike=\"Unlike\"><i class=\"fa fa-thumbs-o-up\"\/><span class=\"penci-share-number\">2<\/span><\/a><i class=\"fa fa-facebook\"\/><a class=\"penci-social-item twitter\" target=\"_blank\" rel=\"noopener\" title=\"\" href=\"https:\/\/twitter.com\/intent\/tweet?text=V\u00cdDEO%20-%20Enteado%20de%20PM%20assassinado%20divulga%20v\u00eddeo%20agradecendo%20apoio%20-%20https:\/\/www.tribunaribeirao.com.br\/site\/video-enteado-de-pm-assassinado-divulga-video-agradecendo-apoio\/\"><i class=\"fa fa-twitter\"\/><\/a><i class=\"fa fa-whatsapp\"\/><\/span><\/div>\n<div>\n<p>Por: Adalberto Luque<\/p><div class='code-block code-block-8' style='margin: 8px auto; text-align: center; display: block; clear: both;'>\n<script>\n  atOptions = {\n    'key' : '66e2e2111ca34da796271819fc334058',\n    'format' : 'iframe',\n    'height' : 250,\n    'width' : 300,\n    'params' : {}\n  };\n<\/script>\n<script src=\"https:\/\/www.highperformanceformat.com\/66e2e2111ca34da796271819fc334058\/invoke.js\"><\/script>\n<\/div>\n\n<p>O homem ferido durante tiroteio que resultou na morte do policial militar aposentado Darie Alves Tremura. de 63 anos, recebeu alta neste domingo (18) ap\u00f3s sete dias de interna\u00e7\u00e3o. Rafael Bernardes Farias, de 36 anos, \u00e9 enteado do PM assassinado, a quem chama de pai.<\/p>\n<p>Rafael, ferido na troca de tiros, foi internado, passou por cirurgia e chegou a ir de ambul\u00e2ncia no vel\u00f3rio e enterro do padrasto. Depois do per\u00edodo de interna\u00e7\u00e3o ele recebeu alta e vai seguir a recupera\u00e7\u00e3o em casa. Ele agradeceu ao apoio recebido ap\u00f3s tr\u00eas homens \u2013 pelo menos dois deles armados \u2013 trocarem tiros na tentativa de roubo de um malote de dinheiro.<\/p>\n<p>A Pol\u00edcia Civil segue investigando o caso. Uma pessoa foi presa, no dia seguinte ao crime, na cidade de Serrana. \u00c9 um homem que estava na regi\u00e3o central de Ribeir\u00e3o Preto e teria telefonado para o 190 da Pol\u00edcia Militar dando informa\u00e7\u00f5es falsas para tentar retardar a chegada de viaturas ao local do latroc\u00ednio.<\/p>\n<figure id=\"attachment_374335\" aria-describedby=\"caption-attachment-374335\" style=\"width: 772px\" class=\"wp-caption alignnone\"><noscript><img data-recalc-dims=\"1\" loading=\"lazy\" decoding=\"async\" class=\"size-full wp-image-374335\" src=\"https:\/\/i0.wp.com\/www.tribunaribeirao.com.br\/site\/wp-content\/uploads\/2024\/02\/00-20-fev-2024-latrocinio-pm-aposentato-foto-reproducao.jpg?resize=772%2C542&#038;ssl=1\" alt=\"\" width=\"772\" height=\"542\" srcset=\"https:\/\/www.tribunaribeirao.com.br\/site\/wp-content\/uploads\/2024\/02\/00-20-fev-2024-latrocinio-pm-aposentato-foto-reproducao.jpg 772w, https:\/\/www.tribunaribeirao.com.br\/site\/wp-content\/uploads\/2024\/02\/00-20-fev-2024-latrocinio-pm-aposentato-foto-reproducao-300x211.jpg 300w, https:\/\/www.tribunaribeirao.com.br\/site\/wp-content\/uploads\/2024\/02\/00-20-fev-2024-latrocinio-pm-aposentato-foto-reproducao-768x539.jpg 768w, https:\/\/www.tribunaribeirao.com.br\/site\/wp-content\/uploads\/2024\/02\/00-20-fev-2024-latrocinio-pm-aposentato-foto-reproducao-570x400.jpg 570w, https:\/\/www.tribunaribeirao.com.br\/site\/wp-content\/uploads\/2024\/02\/00-20-fev-2024-latrocinio-pm-aposentato-foto-reproducao-585x411.jpg 585w\" sizes=\"auto, (max-width: 772px) 100vw, 772px\"\/><\/noscript><figcaption id=\"caption-attachment-374335\" class=\"wp-caption-text\">Emocionado, Rafael agradeceu apoio e chamou Darie de pai (Foto: Reprodu\u00e7\u00e3o)<\/figcaption><\/figure>\n<p>A Divis\u00e3o Especializada em Investiga\u00e7\u00f5es Criminais (DEIC) entrou no caso imediatamente e pelo menos tr\u00eas pessoas foram registradas por c\u00e2meras de seguran\u00e7a durante o assalto \u2013 os ladr\u00f5es levaram apenas a arma de Tremura \u2013 e s\u00e3o procuradas. Uma das hip\u00f3teses \u00e9 que o trio de criminosos n\u00e3o seja de Ribeir\u00e3o Preto, raz\u00e3o pela qual ainda n\u00e3o chegaram den\u00fancias.<\/p>\n<p>Um dos homens, vestindo macac\u00e3o verde da limpeza p\u00fablica e outro que estava de camiseta branca durante o assalto tiveram seus rostos mostrados com mais nitidez que o terceiro homem, que estava de macac\u00e3o laranja, tamb\u00e9m usado pela limpeza p\u00fablica da cidade.<\/p>\n<p><span style=\"color: #008080\"><em><strong>Entenda o caso<\/strong><\/em><\/span><\/p>\n<p>Na manh\u00e3 de 12 de fevereiro, O PM aposentado Darie Alves Tremura, de 63 anos, e seu enteado Rafael Bernardes Farias, de 36 anos, recolhiam um malote em um posto de recarga de cart\u00f5es do transporte coletivo, na Rua Tibiri\u00e7\u00e1, quase esquina com Rua Am\u00e9rico Brasiliense, Centro de Ribeir\u00e3o Preto.<\/p>\n<figure id=\"attachment_374337\" aria-describedby=\"caption-attachment-374337\" style=\"width: 729px\" class=\"wp-caption alignnone\"><img data-recalc-dims=\"1\" loading=\"lazy\" decoding=\"async\" alt=\"\" width=\"729\" height=\"589\" srcset=\"https:\/\/www.tribunaribeirao.com.br\/site\/wp-content\/uploads\/2024\/02\/00-12-fev-2024-latrocinio-pm-aposentado-02-foto-reproducao-1.jpg 543w, https:\/\/www.tribunaribeirao.com.br\/site\/wp-content\/uploads\/2024\/02\/00-12-fev-2024-latrocinio-pm-aposentado-02-foto-reproducao-1-300x243.jpg 300w, https:\/\/www.tribunaribeirao.com.br\/site\/wp-content\/uploads\/2024\/02\/00-12-fev-2024-latrocinio-pm-aposentado-02-foto-reproducao-1-495x400.jpg 495w\" src=\"https:\/\/i0.wp.com\/www.tribunaribeirao.com.br\/site\/wp-content\/uploads\/2024\/02\/00-12-fev-2024-latrocinio-pm-aposentado-02-foto-reproducao-1.jpg?resize=729%2C589&#038;ssl=1\" data-sizes=\"(max-width: 729px) 100vw, 729px\" class=\" wp-image-374337 lazyload\"\/><noscript><img data-recalc-dims=\"1\" loading=\"lazy\" decoding=\"async\" class=\" wp-image-374337\" src=\"https:\/\/i0.wp.com\/www.tribunaribeirao.com.br\/site\/wp-content\/uploads\/2024\/02\/00-12-fev-2024-latrocinio-pm-aposentado-02-foto-reproducao-1.jpg?resize=729%2C589&#038;ssl=1\" alt=\"\" width=\"729\" height=\"589\" srcset=\"https:\/\/www.tribunaribeirao.com.br\/site\/wp-content\/uploads\/2024\/02\/00-12-fev-2024-latrocinio-pm-aposentado-02-foto-reproducao-1.jpg 543w, https:\/\/www.tribunaribeirao.com.br\/site\/wp-content\/uploads\/2024\/02\/00-12-fev-2024-latrocinio-pm-aposentado-02-foto-reproducao-1-300x243.jpg 300w, https:\/\/www.tribunaribeirao.com.br\/site\/wp-content\/uploads\/2024\/02\/00-12-fev-2024-latrocinio-pm-aposentado-02-foto-reproducao-1-495x400.jpg 495w\" sizes=\"auto, (max-width: 729px) 100vw, 729px\"\/><\/noscript><figcaption id=\"caption-attachment-374337\" class=\"wp-caption-text\">Pelo menos tr\u00eas homens participaram do latroc\u00ednio e s\u00e3o procurados pela pol\u00edcia (Foto: Reprodu\u00e7\u00e3o)<\/figcaption><\/figure>\n<p>Por volta de 08h10, pelo menos tr\u00eas homens tentaram roubar o malote, que tinha R$ 23 mil. Farias, ao ver o assaltante rendendo o padrasto, teria reagido e houve intensa troca de tiros. Um homem de macac\u00e3o verde disparou v\u00e1rias vezes contra Tremura e Farias e roubou a arma do PM aposentado. Outro homem tamb\u00e9m teria disparado e foi ferido por Farias.<\/p>\n<p>Tremura foi socorrido por PMs que estavam nas proximidades e chegaram rapidamente ao local da ocorr\u00eancia. Ele foi levado para o Hospital das Cl\u00ednicas \u2013 Unidade de Emerg\u00eancia, mas n\u00e3o resistiu aos ferimentos. Farias foi levado para um hospital particular e ficou internado. Ele passou por cirurgia, chegou a ir ao enterro do padrasto de ambul\u00e2ncia e recebeu alta no domingo (18).<\/p>\n<figure id=\"attachment_373603\" aria-describedby=\"caption-attachment-373603\" style=\"width: 1000px\" class=\"wp-caption alignnone\"><img data-recalc-dims=\"1\" loading=\"lazy\" decoding=\"async\" alt=\"\" width=\"1000\" height=\"520\" srcset=\"https:\/\/www.tribunaribeirao.com.br\/site\/wp-content\/uploads\/2024\/02\/00-12-fev-2024-fuga-assaltantes-foto-reproducao-1-scaled.jpg 1000w, https:\/\/www.tribunaribeirao.com.br\/site\/wp-content\/uploads\/2024\/02\/00-12-fev-2024-fuga-assaltantes-foto-reproducao-1-300x156.jpg 300w, https:\/\/www.tribunaribeirao.com.br\/site\/wp-content\/uploads\/2024\/02\/00-12-fev-2024-fuga-assaltantes-foto-reproducao-1-1024x532.jpg 1024w, https:\/\/www.tribunaribeirao.com.br\/site\/wp-content\/uploads\/2024\/02\/00-12-fev-2024-fuga-assaltantes-foto-reproducao-1-768x399.jpg 768w, https:\/\/www.tribunaribeirao.com.br\/site\/wp-content\/uploads\/2024\/02\/00-12-fev-2024-fuga-assaltantes-foto-reproducao-1-1536x798.jpg 1536w, https:\/\/www.tribunaribeirao.com.br\/site\/wp-content\/uploads\/2024\/02\/00-12-fev-2024-fuga-assaltantes-foto-reproducao-1-960x499.jpg 960w, https:\/\/www.tribunaribeirao.com.br\/site\/wp-content\/uploads\/2024\/02\/00-12-fev-2024-fuga-assaltantes-foto-reproducao-1-770x400.jpg 770w, https:\/\/www.tribunaribeirao.com.br\/site\/wp-content\/uploads\/2024\/02\/00-12-fev-2024-fuga-assaltantes-foto-reproducao-1-585x304.jpg 585w\" src=\"https:\/\/i0.wp.com\/www.tribunaribeirao.com.br\/site\/wp-content\/uploads\/2024\/02\/00-12-fev-2024-fuga-assaltantes-foto-reproducao-1-scaled.jpg?resize=1000%2C520&#038;ssl=1\" data-sizes=\"(max-width: 1000px) 100vw, 1000px\" class=\"size-full wp-image-373603 lazyload\"\/><noscript><img data-recalc-dims=\"1\" loading=\"lazy\" decoding=\"async\" class=\"size-full wp-image-373603\" src=\"https:\/\/i0.wp.com\/www.tribunaribeirao.com.br\/site\/wp-content\/uploads\/2024\/02\/00-12-fev-2024-fuga-assaltantes-foto-reproducao-1-scaled.jpg?resize=1000%2C520&#038;ssl=1\" alt=\"\" width=\"1000\" height=\"520\" srcset=\"https:\/\/www.tribunaribeirao.com.br\/site\/wp-content\/uploads\/2024\/02\/00-12-fev-2024-fuga-assaltantes-foto-reproducao-1-scaled.jpg 1000w, https:\/\/www.tribunaribeirao.com.br\/site\/wp-content\/uploads\/2024\/02\/00-12-fev-2024-fuga-assaltantes-foto-reproducao-1-300x156.jpg 300w, https:\/\/www.tribunaribeirao.com.br\/site\/wp-content\/uploads\/2024\/02\/00-12-fev-2024-fuga-assaltantes-foto-reproducao-1-1024x532.jpg 1024w, https:\/\/www.tribunaribeirao.com.br\/site\/wp-content\/uploads\/2024\/02\/00-12-fev-2024-fuga-assaltantes-foto-reproducao-1-768x399.jpg 768w, https:\/\/www.tribunaribeirao.com.br\/site\/wp-content\/uploads\/2024\/02\/00-12-fev-2024-fuga-assaltantes-foto-reproducao-1-1536x798.jpg 1536w, https:\/\/www.tribunaribeirao.com.br\/site\/wp-content\/uploads\/2024\/02\/00-12-fev-2024-fuga-assaltantes-foto-reproducao-1-960x499.jpg 960w, https:\/\/www.tribunaribeirao.com.br\/site\/wp-content\/uploads\/2024\/02\/00-12-fev-2024-fuga-assaltantes-foto-reproducao-1-770x400.jpg 770w, https:\/\/www.tribunaribeirao.com.br\/site\/wp-content\/uploads\/2024\/02\/00-12-fev-2024-fuga-assaltantes-foto-reproducao-1-585x304.jpg 585w\" sizes=\"auto, (max-width: 1000px) 100vw, 1000px\"\/><\/noscript><figcaption id=\"caption-attachment-373603\" class=\"wp-caption-text\">Um dos assaltantes pode ter sido ferido e trocou a camiseta branca por outra preta, fugindo de moto com comparsa (Foto: Reprodu\u00e7\u00e3o)<\/figcaption><\/figure>\n<p>A DEIC entrou imediatamente no caso. C\u00e2meras de seguran\u00e7a gravaram um suspeito fugindo pela Rua Am\u00e9rico Brasiliense, em dire\u00e7\u00e3o \u00e0 Rua \u00c1lvares Cabral. O homem, possivelmente ferido na troca de tiros, trocou de roupa e jogou fora a camiseta com sangue.<\/p>\n<p>Depois fugiu de moto com o homem que vestia um macac\u00e3o verde usado por funcion\u00e1rios da limpeza p\u00fablica de Ribeir\u00e3o Preto. A camiseta foi encontrada e enviada para an\u00e1lise do material gen\u00e9tico, que ser\u00e1 confrontado em um banco nacional. Outro homem com um macac\u00e3o laranja usado por funcion\u00e1rios da coleta p\u00fablica de lixo foi gravado fugindo ap\u00f3s o tiroteio.<\/p>\n<p>Um homem que esteve pr\u00f3ximo ao local do crime e teria telefonado para o 190 da PM passando informa\u00e7\u00f5es falsas foi preso na cidade de Serrana, no dia seguinte ao crime. Dois dos envolvidos no crime s\u00e3o suspeitos de terem assaltado um posto de combust\u00edveis tr\u00eas dias antes, no Ipiranga. O caso segue sendo apurado pela Delegacia de Investiga\u00e7\u00f5es Gerais (DIG), que integra a DEIC. As investiga\u00e7\u00f5es prosseguem.<\/p>\n<\/div>\n<p><script async src=\"\/\/platform.twitter.com\/widgets.js\" charset=\"utf-8\"><\/script><br \/>\n<br \/><br \/>\n<br \/><a href=\"https:\/\/www.tribunaribeirao.com.br\/site\/video-enteado-de-pm-assassinado-divulga-video-agradecendo-apoio\/\">Source link <\/a><\/p>\n<div class='code-block code-block-4' style='margin: 8px auto 8px 0; text-align: left; display: block; clear: both;'>\n\ud83d\udce2 Aviso Legal\n\nO site ismaelcolosi.com.br atua apenas como um canal de divulga\u00e7\u00e3o de oportunidades de emprego e n\u00e3o se responsabiliza pelo processo seletivo, contrata\u00e7\u00e3o ou qualquer outra etapa relacionada \u00e0s vagas publicadas. Todas as informa\u00e7\u00f5es s\u00e3o de responsabilidade dos anunciantes.\n\n\u26a0\ufe0f Aten\u00e7\u00e3o! Nunca pague por promessas de emprego nem compre cursos que garantam contrata\u00e7\u00e3o. Desconfie de qualquer cobran\u00e7a para participar de sele\u00e7\u00f5es.\n\n\n<div data-type=\"_mgwidget\" data-widget-id=\"2000896\">\n<\/div>\n<script>(function(w,q){w[q]=w[q]||[];w[q].push([\"_mgc.load\"])})(window,\"_mgq\");\n<\/script>\n<\/div>\n<!-- CONTENT END 1 -->\n","protected":false},"excerpt":{"rendered":"<p>Rafael Bernardes Farias foi ferido durante latroc\u00ednio do policial aposentado e recebeu alta ap\u00f3s interna\u00e7\u00e3o hospitalar por conta de troca de tiros com assaltantes 20&#8230;<\/p>\n","protected":false},"author":1,"featured_media":38607,"comment_status":"open","ping_status":"open","sticky":false,"template":"","format":"standard","meta":{"om_disable_all_campaigns":false,"_uag_custom_page_level_css":"","jetpack_post_was_ever_published":false,"_jetpack_newsletter_access":"","_jetpack_dont_email_post_to_subs":false,"_jetpack_newsletter_tier_id":0,"_jetpack_memberships_contains_paywalled_content":false,"_jetpack_memberships_contains_paid_content":false,"_joinchat":[],"footnotes":"","jetpack_publicize_message":"","jetpack_publicize_feature_enabled":true,"jetpack_social_post_already_shared":true,"jetpack_social_options":{"image_generator_settings":{"template":"highway","default_image_id":0,"font":"","enabled":false},"version":2}},"categories":[11],"tags":[4390,1995,4389,1250,4388,67],"class_list":["post-38606","post","type-post","status-publish","format-standard","has-post-thumbnail","hentry","category-noticias-de-ribeirao-preto-sp-e-regiao-ismael-colosi","tag-agradecendo","tag-apoio","tag-assassinado","tag-divulga","tag-enteado","tag-video"],"aioseo_notices":[],"jetpack_publicize_connections":[],"jetpack_featured_media_url":"https:\/\/i0.wp.com\/ismaelcolosi.com.br\/wp-content\/uploads\/2024\/02\/00-20-fev-2024-latrocinio-pm-aposentato-foto-reproducao.jpg?fit=772%2C542&ssl=1","uagb_featured_image_src":{"full":["https:\/\/i0.wp.com\/ismaelcolosi.com.br\/wp-content\/uploads\/2024\/02\/00-20-fev-2024-latrocinio-pm-aposentato-foto-reproducao.jpg?fit=772%2C542&ssl=1",772,542,false],"thumbnail":["https:\/\/i0.wp.com\/ismaelcolosi.com.br\/wp-content\/uploads\/2024\/02\/00-20-fev-2024-latrocinio-pm-aposentato-foto-reproducao.jpg?resize=150%2C150&ssl=1",150,150,true],"medium":["https:\/\/i0.wp.com\/ismaelcolosi.com.br\/wp-content\/uploads\/2024\/02\/00-20-fev-2024-latrocinio-pm-aposentato-foto-reproducao.jpg?fit=300%2C211&ssl=1",300,211,true],"medium_large":["https:\/\/i0.wp.com\/ismaelcolosi.com.br\/wp-content\/uploads\/2024\/02\/00-20-fev-2024-latrocinio-pm-aposentato-foto-reproducao.jpg?fit=768%2C539&ssl=1",768,539,true],"large":["https:\/\/i0.wp.com\/ismaelcolosi.com.br\/wp-content\/uploads\/2024\/02\/00-20-fev-2024-latrocinio-pm-aposentato-foto-reproducao.jpg?fit=772%2C542&ssl=1",772,542,true],"1536x1536":["https:\/\/i0.wp.com\/ismaelcolosi.com.br\/wp-content\/uploads\/2024\/02\/00-20-fev-2024-latrocinio-pm-aposentato-foto-reproducao.jpg?fit=772%2C542&ssl=1",772,542,true],"2048x2048":["https:\/\/i0.wp.com\/ismaelcolosi.com.br\/wp-content\/uploads\/2024\/02\/00-20-fev-2024-latrocinio-pm-aposentato-foto-reproducao.jpg?fit=772%2C542&ssl=1",772,542,true],"really-simple-thumb":["https:\/\/i0.wp.com\/ismaelcolosi.com.br\/wp-content\/uploads\/2024\/02\/00-20-fev-2024-latrocinio-pm-aposentato-foto-reproducao.jpg?resize=370%2C247&ssl=1",370,247,true]},"uagb_author_info":{"display_name":"ismaelcolosi.com.br","author_link":"https:\/\/ismaelcolosi.com.br\/index.php\/author\/vidareal-online\/"},"uagb_comment_info":0,"uagb_excerpt":"Rafael Bernardes Farias foi ferido durante latroc\u00ednio do policial aposentado e recebeu alta ap\u00f3s interna\u00e7\u00e3o hospitalar por conta de troca de tiros com assaltantes 20...","jetpack-related-posts":[{"id":37060,"url":"https:\/\/ismaelcolosi.com.br\/index.php\/2024\/02\/14\/homens-que-participaram-do-latrocinio-de-pm-podem-ter-roubado-posto-de-combustiveis\/","url_meta":{"origin":38606,"position":0},"title":"Homens que participaram do latroc\u00ednio de PM podem ter roubado posto de combust\u00edveis","author":"ismaelcolosi.com.br","date":"14 de February de 2024","format":false,"excerpt":"Assalto a posto de abastecimento ocorreu tr\u00eas dias antes do da tentativa de roubo que terminou com o policial aposentado assassinado 14 de fevereiro de 2024 | 8:56 2Por: Adalberto LuqueA Pol\u00edcia Civil est\u00e1 apurando se os homens envolvidos no latroc\u00ednio do policial militar aposentado Darie Alves Tremura, de 63\u2026","rel":"","context":"In &quot;Not\u00edcias de Ribeir\u00e3o Preto-SP e Regi\u00e3o&quot;","block_context":{"text":"Not\u00edcias de Ribeir\u00e3o Preto-SP e Regi\u00e3o","link":"https:\/\/ismaelcolosi.com.br\/index.php\/category\/noticias-de-ribeirao-preto-sp-e-regiao-ismael-colosi\/"},"img":{"alt_text":"","src":"https:\/\/i0.wp.com\/ismaelcolosi.com.br\/wp-content\/uploads\/2024\/02\/00-14-fev-2024-assalto-posto-01-foto-reproducao-scaled.jpg?fit=1000%2C500&ssl=1&resize=350%2C200","width":350,"height":200,"srcset":"https:\/\/i0.wp.com\/ismaelcolosi.com.br\/wp-content\/uploads\/2024\/02\/00-14-fev-2024-assalto-posto-01-foto-reproducao-scaled.jpg?fit=1000%2C500&ssl=1&resize=350%2C200 1x, https:\/\/i0.wp.com\/ismaelcolosi.com.br\/wp-content\/uploads\/2024\/02\/00-14-fev-2024-assalto-posto-01-foto-reproducao-scaled.jpg?fit=1000%2C500&ssl=1&resize=525%2C300 1.5x, https:\/\/i0.wp.com\/ismaelcolosi.com.br\/wp-content\/uploads\/2024\/02\/00-14-fev-2024-assalto-posto-01-foto-reproducao-scaled.jpg?fit=1000%2C500&ssl=1&resize=700%2C400 2x"},"classes":[]},{"id":36932,"url":"https:\/\/ismaelcolosi.com.br\/index.php\/2024\/02\/13\/delegacia-de-homicidios-ja-investiga-latrocinio-de-pm-aposentado\/","url_meta":{"origin":38606,"position":1},"title":"Delegacia de Homic\u00eddios j\u00e1 investiga latroc\u00ednio de PM aposentado","author":"ismaelcolosi.com.br","date":"13 de February de 2024","format":false,"excerpt":"Daniel Alves Tremura foi morto a tiros e seu enteado, Rafael Bernardes Faria foi ferido quando trabalhavam como seguran\u00e7as 12 de fevereiro de 2024 | 13:5312 de fevereiro de 2024 | 13:56 2Por: Adalberto LuqueA Divis\u00e3o Especializada em Investiga\u00e7\u00f5es Criminais (DEIC), j\u00e1 est\u00e1 atuando no caso do latroc\u00ednio do policial\u2026","rel":"","context":"In &quot;Not\u00edcias de Ribeir\u00e3o Preto-SP e Regi\u00e3o&quot;","block_context":{"text":"Not\u00edcias de Ribeir\u00e3o Preto-SP e Regi\u00e3o","link":"https:\/\/ismaelcolosi.com.br\/index.php\/category\/noticias-de-ribeirao-preto-sp-e-regiao-ismael-colosi\/"},"img":{"alt_text":"","src":"https:\/\/i0.wp.com\/ismaelcolosi.com.br\/wp-content\/uploads\/2024\/02\/FOTO-01-Falta-efetivo-Foto-Alfredo-Risk-scaled.jpg?fit=968%2C645&ssl=1&resize=350%2C200","width":350,"height":200,"srcset":"https:\/\/i0.wp.com\/ismaelcolosi.com.br\/wp-content\/uploads\/2024\/02\/FOTO-01-Falta-efetivo-Foto-Alfredo-Risk-scaled.jpg?fit=968%2C645&ssl=1&resize=350%2C200 1x, https:\/\/i0.wp.com\/ismaelcolosi.com.br\/wp-content\/uploads\/2024\/02\/FOTO-01-Falta-efetivo-Foto-Alfredo-Risk-scaled.jpg?fit=968%2C645&ssl=1&resize=525%2C300 1.5x, https:\/\/i0.wp.com\/ismaelcolosi.com.br\/wp-content\/uploads\/2024\/02\/FOTO-01-Falta-efetivo-Foto-Alfredo-Risk-scaled.jpg?fit=968%2C645&ssl=1&resize=700%2C400 2x"},"classes":[]},{"id":40559,"url":"https:\/\/ismaelcolosi.com.br\/index.php\/2024\/03\/04\/tres-semanas-apos-morte-de-pm-em-ribeirao-suspeitos-ainda-nao-foram-identificados\/","url_meta":{"origin":38606,"position":2},"title":"Tr\u00eas semanas ap\u00f3s morte de PM em Ribeir\u00e3o, suspeitos ainda n\u00e3o foram identificados","author":"ismaelcolosi.com.br","date":"4 de March de 2024","format":false,"excerpt":"J\u00e1 se passaram tr\u00eas semanas desde que o policial militar reformado Darie Alves Tremura, de 63 anos, morreu no Centro de Ribeir\u00e3o Preto, durante um assalto, e apesar das c\u00e2meras de seguran\u00e7a dispon\u00edveis no local do crime, os suspeitos ainda n\u00e3o foram identificados. De acordo com o delegado Targino Os\u00f3rio,\u2026","rel":"","context":"In &quot;Not\u00edcias de Ribeir\u00e3o Preto-SP e Regi\u00e3o&quot;","block_context":{"text":"Not\u00edcias de Ribeir\u00e3o Preto-SP e Regi\u00e3o","link":"https:\/\/ismaelcolosi.com.br\/index.php\/category\/noticias-de-ribeirao-preto-sp-e-regiao-ismael-colosi\/"},"img":{"alt_text":"","src":"https:\/\/i0.wp.com\/ismaelcolosi.com.br\/wp-content\/uploads\/2024\/03\/AnyConv.com__Copia-de-Copia-de-TAMANHO-EXATO-PARA-FOTOS-NO-SISTEMA-NOVO-61.webp.webp?fit=1200%2C675&ssl=1&resize=350%2C200","width":350,"height":200,"srcset":"https:\/\/i0.wp.com\/ismaelcolosi.com.br\/wp-content\/uploads\/2024\/03\/AnyConv.com__Copia-de-Copia-de-TAMANHO-EXATO-PARA-FOTOS-NO-SISTEMA-NOVO-61.webp.webp?fit=1200%2C675&ssl=1&resize=350%2C200 1x, https:\/\/i0.wp.com\/ismaelcolosi.com.br\/wp-content\/uploads\/2024\/03\/AnyConv.com__Copia-de-Copia-de-TAMANHO-EXATO-PARA-FOTOS-NO-SISTEMA-NOVO-61.webp.webp?fit=1200%2C675&ssl=1&resize=525%2C300 1.5x, https:\/\/i0.wp.com\/ismaelcolosi.com.br\/wp-content\/uploads\/2024\/03\/AnyConv.com__Copia-de-Copia-de-TAMANHO-EXATO-PARA-FOTOS-NO-SISTEMA-NOVO-61.webp.webp?fit=1200%2C675&ssl=1&resize=700%2C400 2x, https:\/\/i0.wp.com\/ismaelcolosi.com.br\/wp-content\/uploads\/2024\/03\/AnyConv.com__Copia-de-Copia-de-TAMANHO-EXATO-PARA-FOTOS-NO-SISTEMA-NOVO-61.webp.webp?fit=1200%2C675&ssl=1&resize=1050%2C600 3x"},"classes":[]},{"id":38807,"url":"https:\/\/ismaelcolosi.com.br\/index.php\/2024\/02\/21\/o-que-falta-esclarecer-no-caso-do-tiroteio-no-centro-de-ribeirao-preto\/","url_meta":{"origin":38606,"position":3},"title":"O que falta esclarecer no caso do tiroteio no Centro de Ribeir\u00e3o Preto","author":"ismaelcolosi.com.br","date":"21 de February de 2024","format":false,"excerpt":"O delegado Targino Os\u00f3rio afirma que a Pol\u00edcia Civil ainda n\u00e3o recebeu den\u00fancias sobre os envolvidos na tentativa de assalto que terminou com a morte do policial militar aposentado Darie Alves Tremura, de 63 anos, no dia 12 de fevereiro. O respons\u00e1vel pelas investiga\u00e7\u00f5es afirma que uma for\u00e7a-tarefa atua no\u2026","rel":"","context":"In &quot;Not\u00edcias de Ribeir\u00e3o Preto-SP e Regi\u00e3o&quot;","block_context":{"text":"Not\u00edcias de Ribeir\u00e3o Preto-SP e Regi\u00e3o","link":"https:\/\/ismaelcolosi.com.br\/index.php\/category\/noticias-de-ribeirao-preto-sp-e-regiao-ismael-colosi\/"},"img":{"alt_text":"","src":"https:\/\/i0.wp.com\/ismaelcolosi.com.br\/wp-content\/uploads\/2024\/02\/1708547583_WhatsApp-Image-2024-02-12-at-16.27.00.jpeg?fit=1200%2C675&ssl=1&resize=350%2C200","width":350,"height":200,"srcset":"https:\/\/i0.wp.com\/ismaelcolosi.com.br\/wp-content\/uploads\/2024\/02\/1708547583_WhatsApp-Image-2024-02-12-at-16.27.00.jpeg?fit=1200%2C675&ssl=1&resize=350%2C200 1x, https:\/\/i0.wp.com\/ismaelcolosi.com.br\/wp-content\/uploads\/2024\/02\/1708547583_WhatsApp-Image-2024-02-12-at-16.27.00.jpeg?fit=1200%2C675&ssl=1&resize=525%2C300 1.5x, https:\/\/i0.wp.com\/ismaelcolosi.com.br\/wp-content\/uploads\/2024\/02\/1708547583_WhatsApp-Image-2024-02-12-at-16.27.00.jpeg?fit=1200%2C675&ssl=1&resize=700%2C400 2x, https:\/\/i0.wp.com\/ismaelcolosi.com.br\/wp-content\/uploads\/2024\/02\/1708547583_WhatsApp-Image-2024-02-12-at-16.27.00.jpeg?fit=1200%2C675&ssl=1&resize=1050%2C600 3x"},"classes":[]},{"id":38071,"url":"https:\/\/ismaelcolosi.com.br\/index.php\/2024\/02\/19\/vitima-de-tiroteio-no-centro-de-ribeirao-recebe-alta-de-hospital\/","url_meta":{"origin":38606,"position":4},"title":"V\u00edtima de tiroteio no Centro de Ribeir\u00e3o recebe alta de hospital","author":"ismaelcolosi.com.br","date":"19 de February de 2024","format":false,"excerpt":"O enteado do policial militar aposentado Darie Alves Tremura, de 63 anos, que morreu ap\u00f3s ser v\u00edtima de um de assalto no dia 12 de fevereiro, teve alta do hospital, neste domingo (18), em Ribeir\u00e3o Preto. Rafael Bernardes Faria, de 36 anos, foi baleado enquanto ele e o policial aposentado\u2026","rel":"","context":"In &quot;Not\u00edcias de Ribeir\u00e3o Preto-SP e Regi\u00e3o&quot;","block_context":{"text":"Not\u00edcias de Ribeir\u00e3o Preto-SP e Regi\u00e3o","link":"https:\/\/ismaelcolosi.com.br\/index.php\/category\/noticias-de-ribeirao-preto-sp-e-regiao-ismael-colosi\/"},"img":{"alt_text":"","src":"https:\/\/i0.wp.com\/ismaelcolosi.com.br\/wp-content\/uploads\/2024\/02\/1708374250_assalto-ribeirao-preto.jpg?fit=1000%2C813&ssl=1&resize=350%2C200","width":350,"height":200,"srcset":"https:\/\/i0.wp.com\/ismaelcolosi.com.br\/wp-content\/uploads\/2024\/02\/1708374250_assalto-ribeirao-preto.jpg?fit=1000%2C813&ssl=1&resize=350%2C200 1x, https:\/\/i0.wp.com\/ismaelcolosi.com.br\/wp-content\/uploads\/2024\/02\/1708374250_assalto-ribeirao-preto.jpg?fit=1000%2C813&ssl=1&resize=525%2C300 1.5x, https:\/\/i0.wp.com\/ismaelcolosi.com.br\/wp-content\/uploads\/2024\/02\/1708374250_assalto-ribeirao-preto.jpg?fit=1000%2C813&ssl=1&resize=700%2C400 2x"},"classes":[]},{"id":38159,"url":"https:\/\/ismaelcolosi.com.br\/index.php\/2024\/02\/19\/vitima-de-tiroteio-no-centro-de-ribeirao-recebe-alta-de-hospital-2\/","url_meta":{"origin":38606,"position":5},"title":"V\u00edtima de tiroteio no Centro de Ribeir\u00e3o recebe alta de hospital","author":"ismaelcolosi.com.br","date":"19 de February de 2024","format":false,"excerpt":"O enteado do policial militar aposentado Darie Alves Tremura, de 63 anos, que morreu ap\u00f3s ser v\u00edtima de um de assalto no dia 12 de fevereiro, teve alta do hospital, neste domingo (18), em Ribeir\u00e3o Preto. Rafael Bernardes Faria, de 36 anos, foi baleado enquanto ele e o policial aposentado\u2026","rel":"","context":"In &quot;Not\u00edcias de Ribeir\u00e3o Preto-SP e Regi\u00e3o&quot;","block_context":{"text":"Not\u00edcias de Ribeir\u00e3o Preto-SP e Regi\u00e3o","link":"https:\/\/ismaelcolosi.com.br\/index.php\/category\/noticias-de-ribeirao-preto-sp-e-regiao-ismael-colosi\/"},"img":{"alt_text":"","src":"https:\/\/i0.wp.com\/ismaelcolosi.com.br\/wp-content\/uploads\/2024\/02\/1708375695_assalto-ribeirao-preto.jpg?fit=1000%2C813&ssl=1&resize=350%2C200","width":350,"height":200,"srcset":"https:\/\/i0.wp.com\/ismaelcolosi.com.br\/wp-content\/uploads\/2024\/02\/1708375695_assalto-ribeirao-preto.jpg?fit=1000%2C813&ssl=1&resize=350%2C200 1x, https:\/\/i0.wp.com\/ismaelcolosi.com.br\/wp-content\/uploads\/2024\/02\/1708375695_assalto-ribeirao-preto.jpg?fit=1000%2C813&ssl=1&resize=525%2C300 1.5x, https:\/\/i0.wp.com\/ismaelcolosi.com.br\/wp-content\/uploads\/2024\/02\/1708375695_assalto-ribeirao-preto.jpg?fit=1000%2C813&ssl=1&resize=700%2C400 2x"},"classes":[]}],"jetpack_sharing_enabled":true,"jetpack_shortlink":"https:\/\/wp.me\/pfMlyK-a2G","_links":{"self":[{"href":"https:\/\/ismaelcolosi.com.br\/index.php\/wp-json\/wp\/v2\/posts\/38606","targetHints":{"allow":["GET"]}}],"collection":[{"href":"https:\/\/ismaelcolosi.com.br\/index.php\/wp-json\/wp\/v2\/posts"}],"about":[{"href":"https:\/\/ismaelcolosi.com.br\/index.php\/wp-json\/wp\/v2\/types\/post"}],"author":[{"embeddable":true,"href":"https:\/\/ismaelcolosi.com.br\/index.php\/wp-json\/wp\/v2\/users\/1"}],"replies":[{"embeddable":true,"href":"https:\/\/ismaelcolosi.com.br\/index.php\/wp-json\/wp\/v2\/comments?post=38606"}],"version-history":[{"count":0,"href":"https:\/\/ismaelcolosi.com.br\/index.php\/wp-json\/wp\/v2\/posts\/38606\/revisions"}],"wp:featuredmedia":[{"embeddable":true,"href":"https:\/\/ismaelcolosi.com.br\/index.php\/wp-json\/wp\/v2\/media\/38607"}],"wp:attachment":[{"href":"https:\/\/ismaelcolosi.com.br\/index.php\/wp-json\/wp\/v2\/media?parent=38606"}],"wp:term":[{"taxonomy":"category","embeddable":true,"href":"https:\/\/ismaelcolosi.com.br\/index.php\/wp-json\/wp\/v2\/categories?post=38606"},{"taxonomy":"post_tag","embeddable":true,"href":"https:\/\/ismaelcolosi.com.br\/index.php\/wp-json\/wp\/v2\/tags?post=38606"}],"curies":[{"name":"wp","href":"https:\/\/api.w.org\/{rel}","templated":true}]}}