{"id":3856,"date":"2023-11-20T10:52:38","date_gmt":"2023-11-20T13:52:38","guid":{"rendered":"https:\/\/ismaelcolosi.com.br\/index.php\/2023\/11\/20\/um-sinal-silencioso-de-cancer-de-pancreas\/"},"modified":"2023-11-20T10:52:38","modified_gmt":"2023-11-20T13:52:38","slug":"um-sinal-silencioso-de-cancer-de-pancreas","status":"publish","type":"post","link":"https:\/\/ismaelcolosi.com.br\/index.php\/2023\/11\/20\/um-sinal-silencioso-de-cancer-de-pancreas\/","title":{"rendered":"um sinal silencioso de c\u00e2ncer de p\u00e2ncreas"},"content":{"rendered":"<p> <br \/>\n<\/p>\n<div>\n<div id=\"attachment_2289128\" class=\"wp-caption alignnone\">\n<div class=\"d-flex justify-content-center\" data-attachment-id=\"2289128\">\n<div class=\"position-relative d-inline-block\"><img data-recalc-dims=\"1\" data-portal-copyright=\"AlexLMX\/istock\" decoding=\"async\" fetchpriority=\"high\" class=\"size-full wp-image-2289128\" src=\"https:\/\/i0.wp.com\/catracalivre.com.br\/wp-content\/uploads\/2023\/08\/istock-1204704269.jpg?resize=1258%2C833&#038;ssl=1\" alt=\"Conhe\u00e7a os sinais de c\u00e2ncer de p\u00e2ncreas\" width=\"1258\" height=\"833\" srcset=\"https:\/\/catracalivre.com.br\/wp-content\/uploads\/2023\/08\/istock-1204704269.jpg 1258w, https:\/\/catracalivre.com.br\/wp-content\/uploads\/2023\/08\/istock-1204704269-450x298.jpg 450w, https:\/\/catracalivre.com.br\/wp-content\/uploads\/2023\/08\/istock-1204704269-768x509.jpg 768w\" sizes=\"(max-width: 1258px) 100vw, 1258px\"\/><\/p>\n<p>Cr\u00e9ditos: AlexLMX\/istock<\/p><div class='code-block code-block-8' style='margin: 8px auto; text-align: center; display: block; clear: both;'>\n<script>\n  atOptions = {\n    'key' : '66e2e2111ca34da796271819fc334058',\n    'format' : 'iframe',\n    'height' : 250,\n    'width' : 300,\n    'params' : {}\n  };\n<\/script>\n<script src=\"https:\/\/www.highperformanceformat.com\/66e2e2111ca34da796271819fc334058\/invoke.js\"><\/script>\n<\/div>\n\n<\/div>\n<\/div>\n<p><span class=\"post-imagem__legenda\">Conhe\u00e7a os sinais de c\u00e2ncer de p\u00e2ncreas<\/span><\/p>\n<\/div>\n<p>O <a href=\"https:\/\/catracalivre.com.br\/saude-bem-estar\/habitos-de-vida-que-aumentam-o-risco-de-cancer-de-pancreas\/\">c\u00e2ncer de p\u00e2ncreas<\/a>, uma doen\u00e7a notoriamente agressiva e muitas vezes silenciosa, tem um sinal surpreendente: a dor nas costas. <a href=\"https:\/\/www.gov.br\/inca\/pt-br\/assuntos\/cancer\/tipos\/pancreas\">Especialistas<\/a> apontam que essa dor, frequentemente localizada na regi\u00e3o lombar, est\u00e1 relacionada \u00e0 press\u00e3o exercida pelo tumor nos \u00f3rg\u00e3os circundantes e nervos pr\u00f3ximos ao p\u00e2ncreas.<\/p>\n<p>O problema \u00e9 que essa manifesta\u00e7\u00e3o \u00e9 frequentemente subestimada, levando a exames para a coluna que, na maioria das vezes, n\u00e3o revelam claramente o problema subjacente.<\/p>\n<h2>Outros sintomas e sinais de alerta<\/h2>\n<p>A persist\u00eancia da dor nas costas, mesmo ap\u00f3s o tratamento para dores lombares, pode ser um forte ind\u00edcio do c\u00e2ncer de p\u00e2ncreas. No entanto, \u00e9 vital compreender que a dor nas costas pode ter diversas origens e n\u00e3o deve ser automaticamente associada ao c\u00e2ncer de p\u00e2ncreas.<\/p>\n<p>Al\u00e9m da dor nas costas, existem outros sinais que devem ser observados como alertas importantes:<\/p>\n<ul>\n<li>Icter\u00edcia: Colora\u00e7\u00e3o amarelada na pele e mucosas.<\/li>\n<li>Altera\u00e7\u00f5es nas Excre\u00e7\u00f5es: Mudan\u00e7as na cor da urina e das fezes.<\/li>\n<li>Dores Abdominais: Desconforto persistente na regi\u00e3o abdominal.<\/li>\n<li>Perda de Peso Sem Causa Aparente: Perda de peso inexplic\u00e1vel.<\/li>\n<li>N\u00e1useas e V\u00f4mitos: Frequentes epis\u00f3dios de enjoo e v\u00f4mitos.<\/li>\n<li>Indigest\u00e3o: Dificuldade persistente na digest\u00e3o.<\/li>\n<li>Fadiga e Perda de Apetite: Sensa\u00e7\u00e3o cont\u00ednua de cansa\u00e7o e redu\u00e7\u00e3o do apetite.<\/li>\n<li>Aparecimento Repentino de Diabetes: Desenvolvimento s\u00fabito de diabetes, especialmente em pessoas sem hist\u00f3rico da doen\u00e7a.<\/li>\n<\/ul>\n<h2>Forma\u00e7\u00e3o do C\u00e2ncer de P\u00e2ncreas e Fatores de Risco<\/h2>\n<p>O p\u00e2ncreas, situado atr\u00e1s do est\u00f4mago e abaixo do f\u00edgado, desempenha um papel crucial na produ\u00e7\u00e3o de enzimas digestivas e na regula\u00e7\u00e3o dos n\u00edveis de glicose no sangue. O c\u00e2ncer de p\u00e2ncreas surge quando as c\u00e9lulas pancre\u00e1ticas sofrem muta\u00e7\u00f5es em seu DNA, levando a um crescimento descontrolado e \u00e0 sobreviv\u00eancia dessas c\u00e9lulas an\u00f4malas.<\/p>\n<p>Alguns fatores de risco para o c\u00e2ncer de p\u00e2ncreas incluem o tabagismo, obesidade, diabetes tipo 2 e pancreatite cr\u00f4nica. Al\u00e9m disso, a predisposi\u00e7\u00e3o gen\u00e9tica, evidenciada por hist\u00f3rico familiar de c\u00e2ncer de p\u00e2ncreas ou de pancreatite heredit\u00e1ria, tamb\u00e9m \u00e9 uma vari\u00e1vel importante a ser considerada.<\/p>\n<h2>Op\u00e7\u00f5es de tratamento<\/h2>\n<p>O tratamento para o c\u00e2ncer de p\u00e2ncreas depende da extens\u00e3o do tumor e pode envolver cirurgia, quimioterapia, radioterapia ou uma combina\u00e7\u00e3o dessas abordagens. A detec\u00e7\u00e3o precoce, muitas vezes dif\u00edcil devido \u00e0 natureza silenciosa da doen\u00e7a, \u00e9 crucial para um tratamento eficaz.<\/p>\n<\/div>\n<p><script>\n\t\t! function(f, b, e, v, n, t, s) {\n\t\t\tif (f.fbq) return;\n\t\t\tn = f.fbq = function() {\n\t\t\t\tn.callMethod ?\n\t\t\t\t\tn.callMethod.apply(n, arguments) : n.queue.push(arguments)\n\t\t\t};\n\t\t\tif (!f._fbq) f._fbq = n;\n\t\t\tn.push = n;\n\t\t\tn.loaded = !0;\n\t\t\tn.version = '2.0';\n\t\t\tn.queue = [];\n\t\t\tt = b.createElement(e);\n\t\t\tt.async = !0;\n\t\t\tt.src = v;\n\t\t\ts = b.getElementsByTagName(e)[0];\n\t\t\ts.parentNode.insertBefore(t, s)\n\t\t}(window, document, 'script',\n\t\t\t'https:\/\/connect.facebook.net\/en_US\/fbevents.js');\n\t\tfbq('init', '338315473262380');\n\t\tfbq('track', 'PageView');\n\t<\/script><br \/>\n<br \/><br \/>\n<br \/><a href=\"https:\/\/catracalivre.com.br\/saude-bem-estar\/dor-nas-costas-um-sinal-silencioso-de-cancer-de-pancreas\/\">Source link <\/a><\/p>\n<div class='code-block code-block-4' style='margin: 8px auto 8px 0; text-align: left; display: block; clear: both;'>\n\ud83d\udce2 Aviso Legal\n\nO site ismaelcolosi.com.br atua apenas como um canal de divulga\u00e7\u00e3o de oportunidades de emprego e n\u00e3o se responsabiliza pelo processo seletivo, contrata\u00e7\u00e3o ou qualquer outra etapa relacionada \u00e0s vagas publicadas. Todas as informa\u00e7\u00f5es s\u00e3o de responsabilidade dos anunciantes.\n\n\u26a0\ufe0f Aten\u00e7\u00e3o! Nunca pague por promessas de emprego nem compre cursos que garantam contrata\u00e7\u00e3o. Desconfie de qualquer cobran\u00e7a para participar de sele\u00e7\u00f5es.\n\n\n<div data-type=\"_mgwidget\" data-widget-id=\"2000896\">\n<\/div>\n<script>(function(w,q){w[q]=w[q]||[];w[q].push([\"_mgc.load\"])})(window,\"_mgq\");\n<\/script>\n<\/div>\n<!-- CONTENT END 1 -->\n","protected":false},"excerpt":{"rendered":"<p>Cr\u00e9ditos: AlexLMX\/istock Conhe\u00e7a os sinais de c\u00e2ncer de p\u00e2ncreas O c\u00e2ncer de p\u00e2ncreas, uma doen\u00e7a notoriamente agressiva e muitas vezes silenciosa, tem um sinal surpreendente:&#8230;<\/p>\n","protected":false},"author":1,"featured_media":3857,"comment_status":"open","ping_status":"open","sticky":false,"template":"","format":"standard","meta":{"om_disable_all_campaigns":false,"_uag_custom_page_level_css":"","jetpack_post_was_ever_published":false,"_jetpack_newsletter_access":"","_jetpack_dont_email_post_to_subs":false,"_jetpack_newsletter_tier_id":0,"_jetpack_memberships_contains_paywalled_content":false,"_jetpack_memberships_contains_paid_content":false,"_joinchat":[],"footnotes":"","jetpack_publicize_message":"","jetpack_publicize_feature_enabled":true,"jetpack_social_post_already_shared":true,"jetpack_social_options":{"image_generator_settings":{"template":"highway","default_image_id":0,"font":"","enabled":false},"version":2}},"categories":[19],"tags":[],"class_list":["post-3856","post","type-post","status-publish","format-standard","has-post-thumbnail","hentry","category-variedades"],"aioseo_notices":[],"jetpack_publicize_connections":[],"jetpack_featured_media_url":"https:\/\/i0.wp.com\/ismaelcolosi.com.br\/wp-content\/uploads\/2023\/11\/istock-1401150101.jpg?fit=1200%2C638&ssl=1","uagb_featured_image_src":{"full":["https:\/\/i0.wp.com\/ismaelcolosi.com.br\/wp-content\/uploads\/2023\/11\/istock-1401150101.jpg?fit=1200%2C638&ssl=1",1200,638,false],"thumbnail":["https:\/\/i0.wp.com\/ismaelcolosi.com.br\/wp-content\/uploads\/2023\/11\/istock-1401150101.jpg?resize=150%2C150&ssl=1",150,150,true],"medium":["https:\/\/i0.wp.com\/ismaelcolosi.com.br\/wp-content\/uploads\/2023\/11\/istock-1401150101.jpg?fit=300%2C160&ssl=1",300,160,true],"medium_large":["https:\/\/i0.wp.com\/ismaelcolosi.com.br\/wp-content\/uploads\/2023\/11\/istock-1401150101.jpg?fit=768%2C408&ssl=1",768,408,true],"large":["https:\/\/i0.wp.com\/ismaelcolosi.com.br\/wp-content\/uploads\/2023\/11\/istock-1401150101.jpg?fit=1024%2C544&ssl=1",1024,544,true],"1536x1536":["https:\/\/i0.wp.com\/ismaelcolosi.com.br\/wp-content\/uploads\/2023\/11\/istock-1401150101.jpg?fit=1200%2C638&ssl=1",1200,638,true],"2048x2048":["https:\/\/i0.wp.com\/ismaelcolosi.com.br\/wp-content\/uploads\/2023\/11\/istock-1401150101.jpg?fit=1200%2C638&ssl=1",1200,638,true],"really-simple-thumb":["https:\/\/i0.wp.com\/ismaelcolosi.com.br\/wp-content\/uploads\/2023\/11\/istock-1401150101.jpg?resize=370%2C247&ssl=1",370,247,true]},"uagb_author_info":{"display_name":"ismaelcolosi.com.br","author_link":"https:\/\/ismaelcolosi.com.br\/index.php\/author\/vidareal-online\/"},"uagb_comment_info":0,"uagb_excerpt":"Cr\u00e9ditos: AlexLMX\/istock Conhe\u00e7a os sinais de c\u00e2ncer de p\u00e2ncreas O c\u00e2ncer de p\u00e2ncreas, uma doen\u00e7a notoriamente agressiva e muitas vezes silenciosa, tem um sinal surpreendente:...","jetpack-related-posts":[{"id":18911,"url":"https:\/\/ismaelcolosi.com.br\/index.php\/2023\/12\/21\/5-sinais-nas-fezes-que-podem-indicar-cancer-de-pancreas\/","url_meta":{"origin":3856,"position":0},"title":"5 sinais nas fezes que podem indicar c\u00e2ncer de p\u00e2ncreas","author":"ismaelcolosi.com.br","date":"21 de December de 2023","format":false,"excerpt":"Cr\u00e9ditos: iStock\/Rattankun ThongbunSinais de c\u00e2ncer de p\u00e2ncreas podem aparecer nas fezes O c\u00e2ncer de p\u00e2ncreas geralmente n\u00e3o causa sintomas nos est\u00e1gios iniciais, mas \u00e0 medida que o c\u00e2ncer cresce, os sintomas podem come\u00e7ar. Icter\u00edcia, perda de apetite, cansa\u00e7o e temperatura elevada s\u00e3o apenas alguns dos sintomas da doen\u00e7a. Mas tamb\u00e9m\u2026","rel":"","context":"In &quot;Variedades&quot;","block_context":{"text":"Variedades","link":"https:\/\/ismaelcolosi.com.br\/index.php\/category\/variedades\/"},"img":{"alt_text":"","src":"https:\/\/i0.wp.com\/ismaelcolosi.com.br\/wp-content\/uploads\/2023\/12\/istock-1473476794-scaled-e1689172367691.jpg?fit=1200%2C638&ssl=1&resize=350%2C200","width":350,"height":200,"srcset":"https:\/\/i0.wp.com\/ismaelcolosi.com.br\/wp-content\/uploads\/2023\/12\/istock-1473476794-scaled-e1689172367691.jpg?fit=1200%2C638&ssl=1&resize=350%2C200 1x, https:\/\/i0.wp.com\/ismaelcolosi.com.br\/wp-content\/uploads\/2023\/12\/istock-1473476794-scaled-e1689172367691.jpg?fit=1200%2C638&ssl=1&resize=525%2C300 1.5x, https:\/\/i0.wp.com\/ismaelcolosi.com.br\/wp-content\/uploads\/2023\/12\/istock-1473476794-scaled-e1689172367691.jpg?fit=1200%2C638&ssl=1&resize=700%2C400 2x, https:\/\/i0.wp.com\/ismaelcolosi.com.br\/wp-content\/uploads\/2023\/12\/istock-1473476794-scaled-e1689172367691.jpg?fit=1200%2C638&ssl=1&resize=1050%2C600 3x"},"classes":[]},{"id":19321,"url":"https:\/\/ismaelcolosi.com.br\/index.php\/2023\/12\/22\/os-habitos-que-aumentam-o-risco-de-um-dos-tipos-de-cancer-mais-agressivos\/","url_meta":{"origin":3856,"position":1},"title":"Os h\u00e1bitos que aumentam o risco de um dos tipos de c\u00e2ncer mais agressivos","author":"ismaelcolosi.com.br","date":"22 de December de 2023","format":false,"excerpt":"As causas por tr\u00e1s do c\u00e2ncer de p\u00e2ncreas ainda n\u00e3o foram totalmente compreendidas. Contudo, a idade \u00e9 identificada como o fator de risco mais proeminente, com a maioria dos diagn\u00f3sticos ocorrendo entre os 50 e 80 anos. Al\u00e9m disso, h\u00e1bitos de vida t\u00eam sido associados a esse tipo de c\u00e2ncer\u2026","rel":"","context":"In &quot;Variedades&quot;","block_context":{"text":"Variedades","link":"https:\/\/ismaelcolosi.com.br\/index.php\/category\/variedades\/"},"img":{"alt_text":"","src":"https:\/\/i0.wp.com\/ismaelcolosi.com.br\/wp-content\/uploads\/2023\/12\/depositphotos-172187522-l.jpg?fit=1200%2C638&ssl=1&resize=350%2C200","width":350,"height":200,"srcset":"https:\/\/i0.wp.com\/ismaelcolosi.com.br\/wp-content\/uploads\/2023\/12\/depositphotos-172187522-l.jpg?fit=1200%2C638&ssl=1&resize=350%2C200 1x, https:\/\/i0.wp.com\/ismaelcolosi.com.br\/wp-content\/uploads\/2023\/12\/depositphotos-172187522-l.jpg?fit=1200%2C638&ssl=1&resize=525%2C300 1.5x, https:\/\/i0.wp.com\/ismaelcolosi.com.br\/wp-content\/uploads\/2023\/12\/depositphotos-172187522-l.jpg?fit=1200%2C638&ssl=1&resize=700%2C400 2x, https:\/\/i0.wp.com\/ismaelcolosi.com.br\/wp-content\/uploads\/2023\/12\/depositphotos-172187522-l.jpg?fit=1200%2C638&ssl=1&resize=1050%2C600 3x"},"classes":[]},{"id":17391,"url":"https:\/\/ismaelcolosi.com.br\/index.php\/2023\/12\/18\/sinais-que-aparecem-ao-comer-e-podem-indicar-cancer-de-pancreas\/","url_meta":{"origin":3856,"position":2},"title":"Sinais que aparecem ao comer e podem indicar c\u00e2ncer de p\u00e2ncreas","author":"ismaelcolosi.com.br","date":"18 de December de 2023","format":false,"excerpt":"Os est\u00e1gios iniciais do c\u00e2ncer de p\u00e2ncreas podem ser dif\u00edceis de reconhecer simplesmente porque geralmente n\u00e3o h\u00e1 sintomas espec\u00edficos presentes. Como resultado, o diagn\u00f3stico precoce desafiador. No entanto, \u00e0 medida que o tamanho do tumor aumenta, os sintomas tamb\u00e9m tendem a tornar-se mais percept\u00edveis. Dependem de muitos fatores, incluindo o\u2026","rel":"","context":"In &quot;Variedades&quot;","block_context":{"text":"Variedades","link":"https:\/\/ismaelcolosi.com.br\/index.php\/category\/variedades\/"},"img":{"alt_text":"","src":"https:\/\/i0.wp.com\/ismaelcolosi.com.br\/wp-content\/uploads\/2023\/12\/depositphotos-325119004-l.jpg?fit=1200%2C638&ssl=1&resize=350%2C200","width":350,"height":200,"srcset":"https:\/\/i0.wp.com\/ismaelcolosi.com.br\/wp-content\/uploads\/2023\/12\/depositphotos-325119004-l.jpg?fit=1200%2C638&ssl=1&resize=350%2C200 1x, https:\/\/i0.wp.com\/ismaelcolosi.com.br\/wp-content\/uploads\/2023\/12\/depositphotos-325119004-l.jpg?fit=1200%2C638&ssl=1&resize=525%2C300 1.5x, https:\/\/i0.wp.com\/ismaelcolosi.com.br\/wp-content\/uploads\/2023\/12\/depositphotos-325119004-l.jpg?fit=1200%2C638&ssl=1&resize=700%2C400 2x, https:\/\/i0.wp.com\/ismaelcolosi.com.br\/wp-content\/uploads\/2023\/12\/depositphotos-325119004-l.jpg?fit=1200%2C638&ssl=1&resize=1050%2C600 3x"},"classes":[]},{"id":7025,"url":"https:\/\/ismaelcolosi.com.br\/index.php\/2023\/11\/27\/nova-ferramenta-e-capaz-de-detectar-cancer-de-pancreas-precocemente\/","url_meta":{"origin":3856,"position":3},"title":"Nova ferramenta \u00e9 capaz de detectar c\u00e2ncer de p\u00e2ncreas precocemente","author":"ismaelcolosi.com.br","date":"27 de November de 2023","format":false,"excerpt":"Em um estudo recente publicado na revista Nature Medicine, uma equipe de pesquisadores da China, dos Estados Unidos e da Rep\u00fablica Tcheca desenvolveu plataforma de IA (intelig\u00eancia artificial) para detec\u00e7\u00e3o de c\u00e2ncer de p\u00e2ncreas no est\u00e1gio inicial. A ferramenta chamada Panda usa imagens de raios-x sem contraste. Ela pode ampliar\u2026","rel":"","context":"In &quot;Variedades&quot;","block_context":{"text":"Variedades","link":"https:\/\/ismaelcolosi.com.br\/index.php\/category\/variedades\/"},"img":{"alt_text":"","src":"https:\/\/i0.wp.com\/ismaelcolosi.com.br\/wp-content\/uploads\/2023\/11\/istock-904252864.jpg?fit=1200%2C638&ssl=1&resize=350%2C200","width":350,"height":200,"srcset":"https:\/\/i0.wp.com\/ismaelcolosi.com.br\/wp-content\/uploads\/2023\/11\/istock-904252864.jpg?fit=1200%2C638&ssl=1&resize=350%2C200 1x, https:\/\/i0.wp.com\/ismaelcolosi.com.br\/wp-content\/uploads\/2023\/11\/istock-904252864.jpg?fit=1200%2C638&ssl=1&resize=525%2C300 1.5x, https:\/\/i0.wp.com\/ismaelcolosi.com.br\/wp-content\/uploads\/2023\/11\/istock-904252864.jpg?fit=1200%2C638&ssl=1&resize=700%2C400 2x, https:\/\/i0.wp.com\/ismaelcolosi.com.br\/wp-content\/uploads\/2023\/11\/istock-904252864.jpg?fit=1200%2C638&ssl=1&resize=1050%2C600 3x"},"classes":[]},{"id":16786,"url":"https:\/\/ismaelcolosi.com.br\/index.php\/2023\/12\/16\/tres-atividades-fisicas-que-diminuem-as-chances-de-cancer\/","url_meta":{"origin":3856,"position":4},"title":"Tr\u00eas atividades f\u00edsicas que diminuem as chances de c\u00e2ncer","author":"ismaelcolosi.com.br","date":"16 de December de 2023","format":false,"excerpt":"Cr\u00e9ditos: Getty Images\/iStockphotoPr\u00e1tica de atividades f\u00edsicas est\u00e1 associada a menor risco de c\u00e2ncer de cabe\u00e7a e pesco\u00e7o, est\u00f4mago, p\u00e2ncreas, f\u00edgado, intestino, reto, rim, pulm\u00e3o e es\u00f4fago \u2013 iStock\/Getty Images Uma boa forma de reduzir significativamente o risco de c\u00e2ncer \u00e9 praticando determinadas atividades f\u00edsicas, indica estudo publicado no British Journal\u2026","rel":"","context":"In &quot;Variedades&quot;","block_context":{"text":"Variedades","link":"https:\/\/ismaelcolosi.com.br\/index.php\/category\/variedades\/"},"img":{"alt_text":"","src":"https:\/\/i0.wp.com\/ismaelcolosi.com.br\/wp-content\/uploads\/2023\/12\/istock-1209522780.jpg?fit=1200%2C638&ssl=1&resize=350%2C200","width":350,"height":200,"srcset":"https:\/\/i0.wp.com\/ismaelcolosi.com.br\/wp-content\/uploads\/2023\/12\/istock-1209522780.jpg?fit=1200%2C638&ssl=1&resize=350%2C200 1x, https:\/\/i0.wp.com\/ismaelcolosi.com.br\/wp-content\/uploads\/2023\/12\/istock-1209522780.jpg?fit=1200%2C638&ssl=1&resize=525%2C300 1.5x, https:\/\/i0.wp.com\/ismaelcolosi.com.br\/wp-content\/uploads\/2023\/12\/istock-1209522780.jpg?fit=1200%2C638&ssl=1&resize=700%2C400 2x, https:\/\/i0.wp.com\/ismaelcolosi.com.br\/wp-content\/uploads\/2023\/12\/istock-1209522780.jpg?fit=1200%2C638&ssl=1&resize=1050%2C600 3x"},"classes":[]},{"id":9294,"url":"https:\/\/ismaelcolosi.com.br\/index.php\/2023\/12\/01\/sintomas-de-cancer-raro-em-jovem-foram-confundidos-com-alergia\/","url_meta":{"origin":3856,"position":5},"title":"Sintomas de c\u00e2ncer raro em jovem foram confundidos com alergia","author":"ismaelcolosi.com.br","date":"1 de December de 2023","format":false,"excerpt":"O c\u00e2ncer\u00a0raro de um jovem\u00a0foi inicialmente confundido com uma alergia depois que ele sentiu uma coceira intensa. Alex Watson, 34 anos, recebeu prescri\u00e7\u00e3o de cremes antial\u00e9rgicos depois de ir ao m\u00e9dico em julho deste ano, reclamando de coceira na pele e problemas com a urina. Mas apenas tr\u00eas dias depois\u2026","rel":"","context":"In &quot;Variedades&quot;","block_context":{"text":"Variedades","link":"https:\/\/ismaelcolosi.com.br\/index.php\/category\/variedades\/"},"img":{"alt_text":"","src":"https:\/\/i0.wp.com\/ismaelcolosi.com.br\/wp-content\/uploads\/2023\/12\/cancer-alergia.png?fit=1200%2C638&ssl=1&resize=350%2C200","width":350,"height":200,"srcset":"https:\/\/i0.wp.com\/ismaelcolosi.com.br\/wp-content\/uploads\/2023\/12\/cancer-alergia.png?fit=1200%2C638&ssl=1&resize=350%2C200 1x, https:\/\/i0.wp.com\/ismaelcolosi.com.br\/wp-content\/uploads\/2023\/12\/cancer-alergia.png?fit=1200%2C638&ssl=1&resize=525%2C300 1.5x, https:\/\/i0.wp.com\/ismaelcolosi.com.br\/wp-content\/uploads\/2023\/12\/cancer-alergia.png?fit=1200%2C638&ssl=1&resize=700%2C400 2x, https:\/\/i0.wp.com\/ismaelcolosi.com.br\/wp-content\/uploads\/2023\/12\/cancer-alergia.png?fit=1200%2C638&ssl=1&resize=1050%2C600 3x"},"classes":[]}],"jetpack_sharing_enabled":true,"jetpack_shortlink":"https:\/\/wp.me\/pfMlyK-10c","_links":{"self":[{"href":"https:\/\/ismaelcolosi.com.br\/index.php\/wp-json\/wp\/v2\/posts\/3856","targetHints":{"allow":["GET"]}}],"collection":[{"href":"https:\/\/ismaelcolosi.com.br\/index.php\/wp-json\/wp\/v2\/posts"}],"about":[{"href":"https:\/\/ismaelcolosi.com.br\/index.php\/wp-json\/wp\/v2\/types\/post"}],"author":[{"embeddable":true,"href":"https:\/\/ismaelcolosi.com.br\/index.php\/wp-json\/wp\/v2\/users\/1"}],"replies":[{"embeddable":true,"href":"https:\/\/ismaelcolosi.com.br\/index.php\/wp-json\/wp\/v2\/comments?post=3856"}],"version-history":[{"count":0,"href":"https:\/\/ismaelcolosi.com.br\/index.php\/wp-json\/wp\/v2\/posts\/3856\/revisions"}],"wp:featuredmedia":[{"embeddable":true,"href":"https:\/\/ismaelcolosi.com.br\/index.php\/wp-json\/wp\/v2\/media\/3857"}],"wp:attachment":[{"href":"https:\/\/ismaelcolosi.com.br\/index.php\/wp-json\/wp\/v2\/media?parent=3856"}],"wp:term":[{"taxonomy":"category","embeddable":true,"href":"https:\/\/ismaelcolosi.com.br\/index.php\/wp-json\/wp\/v2\/categories?post=3856"},{"taxonomy":"post_tag","embeddable":true,"href":"https:\/\/ismaelcolosi.com.br\/index.php\/wp-json\/wp\/v2\/tags?post=3856"}],"curies":[{"name":"wp","href":"https:\/\/api.w.org\/{rel}","templated":true}]}}