{"id":3850,"date":"2023-11-20T10:41:35","date_gmt":"2023-11-20T13:41:35","guid":{"rendered":"https:\/\/ismaelcolosi.com.br\/index.php\/2023\/11\/20\/reforma-tributaria-pode-reduzir-o-valor-da-cesta-basica\/"},"modified":"2023-11-20T10:41:35","modified_gmt":"2023-11-20T13:41:35","slug":"reforma-tributaria-pode-reduzir-o-valor-da-cesta-basica","status":"publish","type":"post","link":"https:\/\/ismaelcolosi.com.br\/index.php\/2023\/11\/20\/reforma-tributaria-pode-reduzir-o-valor-da-cesta-basica\/","title":{"rendered":"Reforma Tribut\u00e1ria pode reduzir o valor da Cesta B\u00e1sica"},"content":{"rendered":"<p> <br \/>\n<\/p>\n<div>\n<div id=\"attachment_2282061\" class=\"wp-caption alignnone\">\n<div class=\"d-flex justify-content-center\" data-attachment-id=\"2282061\">\n<div class=\"position-relative d-inline-block\"><img data-recalc-dims=\"1\" data-portal-copyright=\"Ag\u00eancia Brasil\/T\u00e2nia Rego\" decoding=\"async\" fetchpriority=\"high\" class=\"size-full wp-image-2282061\" src=\"https:\/\/i0.wp.com\/catracalivre.com.br\/wp-content\/uploads\/2023\/07\/cesta-basica-governo-da-excelente-noticia-sobre-o-preco-de-alimentos-1-scaled.jpg?resize=2560%2C1704&#038;ssl=1\" alt=\"Cesta b\u00e1sica: Governo d\u00e1 not\u00edcia sobre o pre\u00e7o de alimentos\" width=\"2560\" height=\"1704\" srcset=\"https:\/\/catracalivre.com.br\/wp-content\/uploads\/2023\/07\/cesta-basica-governo-da-excelente-noticia-sobre-o-preco-de-alimentos-1-scaled.jpg 2560w, https:\/\/catracalivre.com.br\/wp-content\/uploads\/2023\/07\/cesta-basica-governo-da-excelente-noticia-sobre-o-preco-de-alimentos-1-450x300.jpg 450w, https:\/\/catracalivre.com.br\/wp-content\/uploads\/2023\/07\/cesta-basica-governo-da-excelente-noticia-sobre-o-preco-de-alimentos-1-768x511.jpg 768w\" sizes=\"(max-width: 2560px) 100vw, 2560px\"\/><\/p>\n<p>Cr\u00e9ditos: Ag\u00eancia Brasil\/T\u00e2nia Rego<\/p><div class='code-block code-block-8' style='margin: 8px auto; text-align: center; display: block; clear: both;'>\n<script>\n  atOptions = {\n    'key' : '66e2e2111ca34da796271819fc334058',\n    'format' : 'iframe',\n    'height' : 250,\n    'width' : 300,\n    'params' : {}\n  };\n<\/script>\n<script src=\"https:\/\/www.highperformanceformat.com\/66e2e2111ca34da796271819fc334058\/invoke.js\"><\/script>\n<\/div>\n\n<\/div>\n<\/div>\n<p><span class=\"post-imagem__legenda\">Cesta b\u00e1sica: Governo d\u00e1 not\u00edcia sobre o pre\u00e7o de alimentos<\/span><\/p>\n<\/div>\n<p>O <a href=\"https:\/\/catracalivre.com.br\/cidadania\/proposta-que-veta-aborto-legal-avanca-no-senado-federal\/\">Senado Federal<\/a> aprovou a primeira fase da reforma tribut\u00e1ria, um marco que pode redefinir a tributa\u00e7\u00e3o de produtos de consumo no Brasil. Agora, o texto retorna \u00e0 C\u00e2mara dos Deputados, e a expectativa \u00e9 de mudan\u00e7as substanciais nas rela\u00e7\u00f5es de consumo, especialmente no que diz respeito ao valor da cesta b\u00e1sica, combust\u00edveis e outros itens essenciais.<\/p>\n<h2>Ampla influ\u00eancia setorial na economia<\/h2>\n<p>A reforma tribut\u00e1ria, se aprovada, impactar\u00e1 diversos setores da economia, gerando mudan\u00e7as significativas no cotidiano dos trabalhadores. Um dos pontos cruciais dessa reforma \u00e9 o potencial impacto no valor da cesta b\u00e1sica, composta por itens aliment\u00edcios fundamentais nas resid\u00eancias das fam\u00edlias brasileiras.<\/p>\n<p>As mudan\u00e7as n\u00e3o ficar\u00e3o restritas apenas aos alimentos, atingindo tamb\u00e9m produtos como combust\u00edveis, rem\u00e9dios e at\u00e9 mesmo alguns tipos de patrim\u00f4nio, como ve\u00edculos e heran\u00e7as.<\/p>\n<h2>Reflexos na Cesta B\u00e1sica e os debates no Senado Federal<\/h2>\n<p>A tributa\u00e7\u00e3o proposta gerou debates acalorados no Senado Federal, resultando em ajustes no texto original aprovado na C\u00e2mara dos Deputados. Atendendo a um pedido do Minist\u00e9rio da Fazenda, foram criadas duas listas, categorizando produtos e al\u00edquotas.<\/p>\n<p>Em meio \u00e0s discuss\u00f5es, a Associa\u00e7\u00e3o Brasileira de Supermercados (Abras) apresentou um relat\u00f3rio indicando um poss\u00edvel aumento de 59,83% na cesta b\u00e1sica caso determinadas altera\u00e7\u00f5es fossem efetivadas. Contudo, esse estudo foi contestado por economistas e membros do governo.<\/p>\n<h2>Mudan\u00e7as Aprovadas no Senado e o Futuro da Cesta B\u00e1sica<\/h2>\n<p>Com a aprova\u00e7\u00e3o no Senado Federal, algumas medidas podem ter impacto direto no valor da cesta b\u00e1sica:<\/p>\n<ul>\n<li>Cesta B\u00e1sica Nacional com Al\u00edquota Zero: Itens destinados ao combate da fome poder\u00e3o incluir produtos regionais e contar\u00e3o com al\u00edquota zero.<\/li>\n<li>Cesta B\u00e1sica Estendida: Uma varia\u00e7\u00e3o da cesta b\u00e1sica, com al\u00edquota reduzida para 40% da al\u00edquota-padr\u00e3o, e um mecanismo de cashback (devolu\u00e7\u00e3o parcial de tributos) voltado para fam\u00edlias de baixa renda.<\/li>\n<\/ul>\n<\/div>\n<p><script>\n\t\t! function(f, b, e, v, n, t, s) {\n\t\t\tif (f.fbq) return;\n\t\t\tn = f.fbq = function() {\n\t\t\t\tn.callMethod ?\n\t\t\t\t\tn.callMethod.apply(n, arguments) : n.queue.push(arguments)\n\t\t\t};\n\t\t\tif (!f._fbq) f._fbq = n;\n\t\t\tn.push = n;\n\t\t\tn.loaded = !0;\n\t\t\tn.version = '2.0';\n\t\t\tn.queue = [];\n\t\t\tt = b.createElement(e);\n\t\t\tt.async = !0;\n\t\t\tt.src = v;\n\t\t\ts = b.getElementsByTagName(e)[0];\n\t\t\ts.parentNode.insertBefore(t, s)\n\t\t}(window, document, 'script',\n\t\t\t'https:\/\/connect.facebook.net\/en_US\/fbevents.js');\n\t\tfbq('init', '338315473262380');\n\t\tfbq('track', 'PageView');\n\t<\/script><br \/>\n<br \/><br \/>\n<br \/><a href=\"https:\/\/catracalivre.com.br\/cidadania\/reforma-tributaria-pode-reduzir-o-valor-da-cesta-basica\/\">Source link <\/a><\/p>\n<div class='code-block code-block-4' style='margin: 8px auto 8px 0; text-align: left; display: block; clear: both;'>\n\ud83d\udce2 Aviso Legal\n\nO site ismaelcolosi.com.br atua apenas como um canal de divulga\u00e7\u00e3o de oportunidades de emprego e n\u00e3o se responsabiliza pelo processo seletivo, contrata\u00e7\u00e3o ou qualquer outra etapa relacionada \u00e0s vagas publicadas. Todas as informa\u00e7\u00f5es s\u00e3o de responsabilidade dos anunciantes.\n\n\u26a0\ufe0f Aten\u00e7\u00e3o! Nunca pague por promessas de emprego nem compre cursos que garantam contrata\u00e7\u00e3o. Desconfie de qualquer cobran\u00e7a para participar de sele\u00e7\u00f5es.\n\n\n<div data-type=\"_mgwidget\" data-widget-id=\"2000896\">\n<\/div>\n<script>(function(w,q){w[q]=w[q]||[];w[q].push([\"_mgc.load\"])})(window,\"_mgq\");\n<\/script>\n<\/div>\n<!-- CONTENT END 1 -->\n","protected":false},"excerpt":{"rendered":"<p>Cr\u00e9ditos: Ag\u00eancia Brasil\/T\u00e2nia Rego Cesta b\u00e1sica: Governo d\u00e1 not\u00edcia sobre o pre\u00e7o de alimentos O Senado Federal aprovou a primeira fase da reforma tribut\u00e1ria, um&#8230;<\/p>\n","protected":false},"author":1,"featured_media":3851,"comment_status":"open","ping_status":"open","sticky":false,"template":"","format":"standard","meta":{"om_disable_all_campaigns":false,"_uag_custom_page_level_css":"","jetpack_post_was_ever_published":false,"_jetpack_newsletter_access":"","_jetpack_dont_email_post_to_subs":false,"_jetpack_newsletter_tier_id":0,"_jetpack_memberships_contains_paywalled_content":false,"_jetpack_memberships_contains_paid_content":false,"_joinchat":[],"footnotes":"","jetpack_publicize_message":"","jetpack_publicize_feature_enabled":true,"jetpack_social_post_already_shared":true,"jetpack_social_options":{"image_generator_settings":{"template":"highway","default_image_id":0,"font":"","enabled":false},"version":2}},"categories":[19],"tags":[],"class_list":["post-3850","post","type-post","status-publish","format-standard","has-post-thumbnail","hentry","category-variedades"],"aioseo_notices":[],"jetpack_publicize_connections":[],"jetpack_featured_media_url":"https:\/\/i0.wp.com\/ismaelcolosi.com.br\/wp-content\/uploads\/2023\/11\/cesta-basica-mais-barata-governo-traz-novidades-imperdiveis-sobre-os-alimentos.jpg?fit=1200%2C638&ssl=1","uagb_featured_image_src":{"full":["https:\/\/i0.wp.com\/ismaelcolosi.com.br\/wp-content\/uploads\/2023\/11\/cesta-basica-mais-barata-governo-traz-novidades-imperdiveis-sobre-os-alimentos.jpg?fit=1200%2C638&ssl=1",1200,638,false],"thumbnail":["https:\/\/i0.wp.com\/ismaelcolosi.com.br\/wp-content\/uploads\/2023\/11\/cesta-basica-mais-barata-governo-traz-novidades-imperdiveis-sobre-os-alimentos.jpg?resize=150%2C150&ssl=1",150,150,true],"medium":["https:\/\/i0.wp.com\/ismaelcolosi.com.br\/wp-content\/uploads\/2023\/11\/cesta-basica-mais-barata-governo-traz-novidades-imperdiveis-sobre-os-alimentos.jpg?fit=300%2C160&ssl=1",300,160,true],"medium_large":["https:\/\/i0.wp.com\/ismaelcolosi.com.br\/wp-content\/uploads\/2023\/11\/cesta-basica-mais-barata-governo-traz-novidades-imperdiveis-sobre-os-alimentos.jpg?fit=768%2C408&ssl=1",768,408,true],"large":["https:\/\/i0.wp.com\/ismaelcolosi.com.br\/wp-content\/uploads\/2023\/11\/cesta-basica-mais-barata-governo-traz-novidades-imperdiveis-sobre-os-alimentos.jpg?fit=1024%2C544&ssl=1",1024,544,true],"1536x1536":["https:\/\/i0.wp.com\/ismaelcolosi.com.br\/wp-content\/uploads\/2023\/11\/cesta-basica-mais-barata-governo-traz-novidades-imperdiveis-sobre-os-alimentos.jpg?fit=1200%2C638&ssl=1",1200,638,true],"2048x2048":["https:\/\/i0.wp.com\/ismaelcolosi.com.br\/wp-content\/uploads\/2023\/11\/cesta-basica-mais-barata-governo-traz-novidades-imperdiveis-sobre-os-alimentos.jpg?fit=1200%2C638&ssl=1",1200,638,true],"really-simple-thumb":["https:\/\/i0.wp.com\/ismaelcolosi.com.br\/wp-content\/uploads\/2023\/11\/cesta-basica-mais-barata-governo-traz-novidades-imperdiveis-sobre-os-alimentos.jpg?resize=370%2C247&ssl=1",370,247,true]},"uagb_author_info":{"display_name":"ismaelcolosi.com.br","author_link":"https:\/\/ismaelcolosi.com.br\/index.php\/author\/vidareal-online\/"},"uagb_comment_info":0,"uagb_excerpt":"Cr\u00e9ditos: Ag\u00eancia Brasil\/T\u00e2nia Rego Cesta b\u00e1sica: Governo d\u00e1 not\u00edcia sobre o pre\u00e7o de alimentos O Senado Federal aprovou a primeira fase da reforma tribut\u00e1ria, um...","jetpack-related-posts":[{"id":17642,"url":"https:\/\/ismaelcolosi.com.br\/index.php\/2023\/12\/18\/o-que-muda-com-reforma-tributaria\/","url_meta":{"origin":3850,"position":0},"title":"o que muda com reforma tribut\u00e1ria","author":"ismaelcolosi.com.br","date":"18 de December de 2023","format":false,"excerpt":"Aprovada na sexta-feira, 15, ap\u00f3s 30 anos de discuss\u00e3o, a reforma tribut\u00e1ria simplificar\u00e1 a tributa\u00e7\u00e3o sobre o consumo e provocar\u00e1 mudan\u00e7a na vida dos brasileiros na hora de comprar produtos e servi\u00e7os. Cr\u00e9ditos: istock\/joa_souzaCesta b\u00e1sica, combust\u00edvel, servi\u00e7os: o que muda com reforma tribut\u00e1ria Cesta b\u00e1sica, rem\u00e9dios, combust\u00edveis, servi\u00e7os de internet\u2026","rel":"","context":"In &quot;Variedades&quot;","block_context":{"text":"Variedades","link":"https:\/\/ismaelcolosi.com.br\/index.php\/category\/variedades\/"},"img":{"alt_text":"","src":"https:\/\/i0.wp.com\/ismaelcolosi.com.br\/wp-content\/uploads\/2023\/12\/istock-1344796730.jpg?fit=1200%2C638&ssl=1&resize=350%2C200","width":350,"height":200,"srcset":"https:\/\/i0.wp.com\/ismaelcolosi.com.br\/wp-content\/uploads\/2023\/12\/istock-1344796730.jpg?fit=1200%2C638&ssl=1&resize=350%2C200 1x, https:\/\/i0.wp.com\/ismaelcolosi.com.br\/wp-content\/uploads\/2023\/12\/istock-1344796730.jpg?fit=1200%2C638&ssl=1&resize=525%2C300 1.5x, https:\/\/i0.wp.com\/ismaelcolosi.com.br\/wp-content\/uploads\/2023\/12\/istock-1344796730.jpg?fit=1200%2C638&ssl=1&resize=700%2C400 2x, https:\/\/i0.wp.com\/ismaelcolosi.com.br\/wp-content\/uploads\/2023\/12\/istock-1344796730.jpg?fit=1200%2C638&ssl=1&resize=1050%2C600 3x"},"classes":[]},{"id":17802,"url":"https:\/\/ismaelcolosi.com.br\/index.php\/2023\/12\/19\/veja-o-que-fica-mais-barato-e-o-que-fica-mais-caro\/","url_meta":{"origin":3850,"position":1},"title":"veja o que fica mais barato e o que fica mais caro","author":"ismaelcolosi.com.br","date":"19 de December de 2023","format":false,"excerpt":"Aprovada na sexta-feira, 15, ap\u00f3s 30 anos de discuss\u00e3o, a reforma tribut\u00e1ria simplificar\u00e1 a tributa\u00e7\u00e3o sobre o consumo e provocar\u00e1 mudan\u00e7a na vida dos brasileiros na hora de comprar produtos e servi\u00e7os. Cr\u00e9ditos: Istock\/Edson SouzaReforma tribut\u00e1ria: Veja o que fica mais barato e o que fica mais caro Cesta b\u00e1sica,\u2026","rel":"","context":"In &quot;Variedades&quot;","block_context":{"text":"Variedades","link":"https:\/\/ismaelcolosi.com.br\/index.php\/category\/variedades\/"},"img":{"alt_text":"","src":"https:\/\/i0.wp.com\/ismaelcolosi.com.br\/wp-content\/uploads\/2023\/12\/istock-1379164747.jpg?fit=1200%2C638&ssl=1&resize=350%2C200","width":350,"height":200,"srcset":"https:\/\/i0.wp.com\/ismaelcolosi.com.br\/wp-content\/uploads\/2023\/12\/istock-1379164747.jpg?fit=1200%2C638&ssl=1&resize=350%2C200 1x, https:\/\/i0.wp.com\/ismaelcolosi.com.br\/wp-content\/uploads\/2023\/12\/istock-1379164747.jpg?fit=1200%2C638&ssl=1&resize=525%2C300 1.5x, https:\/\/i0.wp.com\/ismaelcolosi.com.br\/wp-content\/uploads\/2023\/12\/istock-1379164747.jpg?fit=1200%2C638&ssl=1&resize=700%2C400 2x, https:\/\/i0.wp.com\/ismaelcolosi.com.br\/wp-content\/uploads\/2023\/12\/istock-1379164747.jpg?fit=1200%2C638&ssl=1&resize=1050%2C600 3x"},"classes":[]},{"id":774,"url":"https:\/\/ismaelcolosi.com.br\/index.php\/2023\/11\/09\/senado-aprova-texto-da-reforma-tributaria\/","url_meta":{"origin":3850,"position":2},"title":"Senado aprova texto da reforma tribut\u00e1ria","author":"ismaelcolosi.com.br","date":"9 de November de 2023","format":false,"excerpt":"O Senado aprovou nesta quarta-feira, 8 de novembro, em dois turnos, o texto-base da reforma tribut\u00e1ria por 53 votos a 24. A aprova\u00e7\u00e3o se deu por uma margem apertada, j\u00e1 que eram necess\u00e1rios 49 votos para que o texto tivesse a chancela dos senadores. Como passou por modifica\u00e7\u00f5es no Senado\u2026","rel":"","context":"In &quot;Not\u00edcias de Ribeir\u00e3o Preto-SP e Regi\u00e3o&quot;","block_context":{"text":"Not\u00edcias de Ribeir\u00e3o Preto-SP e Regi\u00e3o","link":"https:\/\/ismaelcolosi.com.br\/index.php\/category\/noticias-de-ribeirao-preto-sp-e-regiao-ismael-colosi\/"},"img":{"alt_text":"","src":"https:\/\/i0.wp.com\/ismaelcolosi.com.br\/wp-content\/uploads\/2023\/11\/reformatributaria-1-scaled.jpg?fit=1000%2C598&ssl=1&resize=350%2C200","width":350,"height":200,"srcset":"https:\/\/i0.wp.com\/ismaelcolosi.com.br\/wp-content\/uploads\/2023\/11\/reformatributaria-1-scaled.jpg?fit=1000%2C598&ssl=1&resize=350%2C200 1x, https:\/\/i0.wp.com\/ismaelcolosi.com.br\/wp-content\/uploads\/2023\/11\/reformatributaria-1-scaled.jpg?fit=1000%2C598&ssl=1&resize=525%2C300 1.5x, https:\/\/i0.wp.com\/ismaelcolosi.com.br\/wp-content\/uploads\/2023\/11\/reformatributaria-1-scaled.jpg?fit=1000%2C598&ssl=1&resize=700%2C400 2x"},"classes":[]},{"id":16921,"url":"https:\/\/ismaelcolosi.com.br\/index.php\/2023\/12\/16\/aprovada-reforma-tributaria-historica\/","url_meta":{"origin":3850,"position":3},"title":"Aprovada reforma tribut\u00e1ria hist\u00f3rica\u00a0 &#8211; Jornal Tribuna Ribeir\u00e3o","author":"ismaelcolosi.com.br","date":"16 de December de 2023","format":false,"excerpt":"Ap\u00f3s 30 anos de tentativas frustradas, a C\u00e2mara dos Deputados aprovou, em vota\u00e7\u00e3o hist\u00f3rica nesta sexta-feira, 15 de dezembro, o texto final da Proposta de Emenda \u00e0 Constitui\u00e7\u00e3o (PEC) da Reforma Tribut\u00e1ria. \u00c9 a primeira grande mudan\u00e7a no sistema de tributos desde o fim da ditadura militar no pa\u00eds. \u00a0\u00a0A\u2026","rel":"","context":"In &quot;Not\u00edcias de Ribeir\u00e3o Preto-SP e Regi\u00e3o&quot;","block_context":{"text":"Not\u00edcias de Ribeir\u00e3o Preto-SP e Regi\u00e3o","link":"https:\/\/ismaelcolosi.com.br\/index.php\/category\/noticias-de-ribeirao-preto-sp-e-regiao-ismael-colosi\/"},"img":{"alt_text":"","src":"https:\/\/i0.wp.com\/ismaelcolosi.com.br\/wp-content\/uploads\/2023\/12\/Tributo-Lula-Marques-Ag.Br_-scaled.jpg?fit=1000%2C590&ssl=1&resize=350%2C200","width":350,"height":200,"srcset":"https:\/\/i0.wp.com\/ismaelcolosi.com.br\/wp-content\/uploads\/2023\/12\/Tributo-Lula-Marques-Ag.Br_-scaled.jpg?fit=1000%2C590&ssl=1&resize=350%2C200 1x, https:\/\/i0.wp.com\/ismaelcolosi.com.br\/wp-content\/uploads\/2023\/12\/Tributo-Lula-Marques-Ag.Br_-scaled.jpg?fit=1000%2C590&ssl=1&resize=525%2C300 1.5x, https:\/\/i0.wp.com\/ismaelcolosi.com.br\/wp-content\/uploads\/2023\/12\/Tributo-Lula-Marques-Ag.Br_-scaled.jpg?fit=1000%2C590&ssl=1&resize=700%2C400 2x"},"classes":[]},{"id":4006,"url":"https:\/\/ismaelcolosi.com.br\/index.php\/2023\/11\/20\/caixa-pode-reduzir-valor-do-bolsa-familia\/","url_meta":{"origin":3850,"position":4},"title":"Caixa pode reduzir valor do Bolsa Fam\u00edlia?","author":"ismaelcolosi.com.br","date":"20 de November de 2023","format":false,"excerpt":"Cr\u00e9ditos: Ag\u00eancia Brasil\/Jos\u00e9 CruzLula acaba de definir regras para o Bolsa Fam\u00edlia; ser\u00e1? A partir do m\u00eas de novembro, o valor do Bolsa Fam\u00edlia referente a este m\u00eas ser\u00e1 depositado nas contas dos benefici\u00e1rios. No entanto, alguns podem notar uma redu\u00e7\u00e3o significativa em rela\u00e7\u00e3o aos pagamentos anteriores, o que tem\u2026","rel":"","context":"In &quot;Variedades&quot;","block_context":{"text":"Variedades","link":"https:\/\/ismaelcolosi.com.br\/index.php\/category\/variedades\/"},"img":{"alt_text":"","src":"https:\/\/i0.wp.com\/ismaelcolosi.com.br\/wp-content\/uploads\/2023\/11\/istock-992914674.jpg?fit=1200%2C638&ssl=1&resize=350%2C200","width":350,"height":200,"srcset":"https:\/\/i0.wp.com\/ismaelcolosi.com.br\/wp-content\/uploads\/2023\/11\/istock-992914674.jpg?fit=1200%2C638&ssl=1&resize=350%2C200 1x, https:\/\/i0.wp.com\/ismaelcolosi.com.br\/wp-content\/uploads\/2023\/11\/istock-992914674.jpg?fit=1200%2C638&ssl=1&resize=525%2C300 1.5x, https:\/\/i0.wp.com\/ismaelcolosi.com.br\/wp-content\/uploads\/2023\/11\/istock-992914674.jpg?fit=1200%2C638&ssl=1&resize=700%2C400 2x, https:\/\/i0.wp.com\/ismaelcolosi.com.br\/wp-content\/uploads\/2023\/11\/istock-992914674.jpg?fit=1200%2C638&ssl=1&resize=1050%2C600 3x"},"classes":[]},{"id":20282,"url":"https:\/\/ismaelcolosi.com.br\/index.php\/2023\/12\/24\/entenda-a-reforma-tributaria-promulgada-nesta-semana\/","url_meta":{"origin":3850,"position":5},"title":"Entenda a reforma tribut\u00e1ria promulgada nesta semana\u00a0","author":"ismaelcolosi.com.br","date":"24 de December de 2023","format":false,"excerpt":"Depois de 30 anos de discuss\u00e3o, o Congresso Nacional deu um passo hist\u00f3rico e promulgou, na quarta-feira (20), a reforma tribut\u00e1ria sobre o consumo. No pr\u00f3ximo ano, os parlamentares se debru\u00e7ar\u00e3o sobre os projetos de lei complementar que regulamentar\u00e3o v\u00e1rios pontos da emenda constitucional e iniciar\u00e3o a segunda etapa da\u2026","rel":"","context":"In &quot;Not\u00edcias de Ribeir\u00e3o Preto-SP e Regi\u00e3o&quot;","block_context":{"text":"Not\u00edcias de Ribeir\u00e3o Preto-SP e Regi\u00e3o","link":"https:\/\/ismaelcolosi.com.br\/index.php\/category\/noticias-de-ribeirao-preto-sp-e-regiao-ismael-colosi\/"},"img":{"alt_text":"","src":"https:\/\/i0.wp.com\/ismaelcolosi.com.br\/wp-content\/uploads\/2023\/12\/reforma-b3-domingo-marcello-casal-jr-scaled.jpg?fit=1000%2C598&ssl=1&resize=350%2C200","width":350,"height":200,"srcset":"https:\/\/i0.wp.com\/ismaelcolosi.com.br\/wp-content\/uploads\/2023\/12\/reforma-b3-domingo-marcello-casal-jr-scaled.jpg?fit=1000%2C598&ssl=1&resize=350%2C200 1x, https:\/\/i0.wp.com\/ismaelcolosi.com.br\/wp-content\/uploads\/2023\/12\/reforma-b3-domingo-marcello-casal-jr-scaled.jpg?fit=1000%2C598&ssl=1&resize=525%2C300 1.5x, https:\/\/i0.wp.com\/ismaelcolosi.com.br\/wp-content\/uploads\/2023\/12\/reforma-b3-domingo-marcello-casal-jr-scaled.jpg?fit=1000%2C598&ssl=1&resize=700%2C400 2x"},"classes":[]}],"jetpack_sharing_enabled":true,"jetpack_shortlink":"https:\/\/wp.me\/pfMlyK-106","_links":{"self":[{"href":"https:\/\/ismaelcolosi.com.br\/index.php\/wp-json\/wp\/v2\/posts\/3850","targetHints":{"allow":["GET"]}}],"collection":[{"href":"https:\/\/ismaelcolosi.com.br\/index.php\/wp-json\/wp\/v2\/posts"}],"about":[{"href":"https:\/\/ismaelcolosi.com.br\/index.php\/wp-json\/wp\/v2\/types\/post"}],"author":[{"embeddable":true,"href":"https:\/\/ismaelcolosi.com.br\/index.php\/wp-json\/wp\/v2\/users\/1"}],"replies":[{"embeddable":true,"href":"https:\/\/ismaelcolosi.com.br\/index.php\/wp-json\/wp\/v2\/comments?post=3850"}],"version-history":[{"count":0,"href":"https:\/\/ismaelcolosi.com.br\/index.php\/wp-json\/wp\/v2\/posts\/3850\/revisions"}],"wp:featuredmedia":[{"embeddable":true,"href":"https:\/\/ismaelcolosi.com.br\/index.php\/wp-json\/wp\/v2\/media\/3851"}],"wp:attachment":[{"href":"https:\/\/ismaelcolosi.com.br\/index.php\/wp-json\/wp\/v2\/media?parent=3850"}],"wp:term":[{"taxonomy":"category","embeddable":true,"href":"https:\/\/ismaelcolosi.com.br\/index.php\/wp-json\/wp\/v2\/categories?post=3850"},{"taxonomy":"post_tag","embeddable":true,"href":"https:\/\/ismaelcolosi.com.br\/index.php\/wp-json\/wp\/v2\/tags?post=3850"}],"curies":[{"name":"wp","href":"https:\/\/api.w.org\/{rel}","templated":true}]}}