{"id":38413,"date":"2024-02-19T22:37:54","date_gmt":"2024-02-20T01:37:54","guid":{"rendered":"https:\/\/ismaelcolosi.com.br\/index.php\/2024\/02\/19\/concurso-nacional-unificado-tem-21-milhoes-de-inscritos-confirmados\/"},"modified":"2024-02-19T22:37:54","modified_gmt":"2024-02-20T01:37:54","slug":"concurso-nacional-unificado-tem-21-milhoes-de-inscritos-confirmados","status":"publish","type":"post","link":"https:\/\/ismaelcolosi.com.br\/index.php\/2024\/02\/19\/concurso-nacional-unificado-tem-21-milhoes-de-inscritos-confirmados\/","title":{"rendered":"Concurso Nacional Unificado tem 2,1 milh\u00f5es de inscritos confirmados"},"content":{"rendered":"<p> <br \/>\n<\/p>\n<div id=\"\">\n<p> <span class=\"entry-meta-item penci-posted-on\"><i class=\"fa fa-clock-o\"\/><time class=\"entry-date published\" datetime=\"2024-02-19T15:30:08-03:00\">19 de fevereiro de 2024 | 15:30<\/time><time class=\"updated\" datetime=\"2024-02-19T14:54:59-03:00\">19 de fevereiro de 2024 | 14:54<\/time><\/span><\/p>\n<p> <span class=\"penci-social-buttons penci-social-share-footer\"><a href=\"#\" class=\"penci-post-like penci_post-meta_item  single-like-button penci-social-item like\" data-post_id=\"374219\" title=\"Like\" data-like=\"Like\" data-unlike=\"Unlike\"><i class=\"fa fa-thumbs-o-up\"\/><span class=\"penci-share-number\">0<\/span><\/a><i class=\"fa fa-facebook\"\/><a class=\"penci-social-item twitter\" target=\"_blank\" rel=\"noopener\" title=\"\" href=\"https:\/\/twitter.com\/intent\/tweet?text=Concurso%20Nacional%20Unificado%20tem%202,1%20milh\u00f5es%20de%20inscritos%20confirmados%20-%20https:\/\/www.tribunaribeirao.com.br\/site\/concurso-nacional-unificado-tem-21-milhoes-de-inscritos-confirmados\/\"><i class=\"fa fa-twitter\"\/><\/a><i class=\"fa fa-whatsapp\"\/><\/span><\/div>\n<div>\n<p>O Concurso P\u00fablico Nacional Unificado (CPNU) j\u00e1 registra 2,1 milh\u00f5es de inscri\u00e7\u00f5es confirmadas para este que \u00e9 considerado o maior certame j\u00e1 realizado para o servi\u00e7o p\u00fablico federal. De acordo com o Minist\u00e9rio da Gest\u00e3o e da Inova\u00e7\u00e3o em Servi\u00e7os P\u00fablicos, o n\u00famero abrange tanto os candidatos isentos do pagamento de taxas como aqueles que j\u00e1 tiveram o pagamento confirmado<noscript><img data-recalc-dims=\"1\" decoding=\"async\" src=\"https:\/\/i0.wp.com\/agenciabrasil.ebc.com.br\/ebc.png?ssl=1\"\/><\/noscript><img data-recalc-dims=\"1\" decoding=\"async\" src=\"https:\/\/i0.wp.com\/agenciabrasil.ebc.com.br\/ebc.gif?ssl=1\" class=\"lazyload\"\/><noscript><img data-recalc-dims=\"1\" decoding=\"async\" src=\"https:\/\/i0.wp.com\/agenciabrasil.ebc.com.br\/ebc.gif?ssl=1\"\/><\/noscript><\/p>\n<p>Ao todo, 2,65 milh\u00f5es de pessoas se inscreveram no concurso. Faltam, portanto, cerca de 550 mil inscri\u00e7\u00f5es a serem confirmadas. O prazo para pagamento da taxa, feito por meio de Guia de Recolhimento da Uni\u00e3o (GRU), se encerrou na sexta-feira (16).<\/p>\n<p>Segundo o Minist\u00e9rio, os n\u00fameros ainda s\u00e3o parciais porque foram obtidos durante o final de semana, sem contabilizar algumas compensa\u00e7\u00f5es banc\u00e1rias que podem durar at\u00e9 dois dias \u00fateis. O total de inscritos que pagaram a taxa at\u00e9 o final de semana estava em 1,5 milh\u00e3o. Outros 600 mil candidatos tiveram direito \u00e0 isen\u00e7\u00e3o do pagamento da taxa de inscri\u00e7\u00e3o.<\/p>\n<p>\u201cAp\u00f3s a compensa\u00e7\u00e3o banc\u00e1ria final dos pagamentos, o Minist\u00e9rio da Gest\u00e3o e da Inova\u00e7\u00e3o em Servi\u00e7os P\u00fablicos divulgar\u00e1, entre outros dados, o balan\u00e7o final de inscri\u00e7\u00f5es confirmadas e o n\u00famero total de inscritos por bloco tem\u00e1tico\u201d, informou por meio de nota a pasta.<\/p>\n<p>O chamado Enem dos Concursos vai selecionar 6.640 servidores para 21 \u00f3rg\u00e3os p\u00fablicos federais. A prova, constitu\u00edda de quest\u00f5es objetivas espec\u00edficas e dissertativas, por \u00e1rea de atua\u00e7\u00e3o, ser\u00e1 aplicada no dia 5 de maio em 220 cidades de todas as unidades federativas.<\/p>\n<p>Os inscritos poder\u00e3o verificar os dados finais no dia 29 de fevereiro, por meio do site da Cesgranrio, que \u00e9 banca realizadora do processo seletivo e por onde est\u00e1 sendo realizado o processo de inscri\u00e7\u00e3o, com o uso da conta gov.br.<\/p>\n<p><strong>Local de prova e resultado<\/strong> \u2013 A consulta sobre o local de prova estar\u00e1 dispon\u00edvel a partir do dia 29 de abril. A previs\u00e3o \u00e9 que no dia 3 de junho sejam divulgados os resultados das provas objetivas, e preliminares das provas discursivas e de reda\u00e7\u00e3o. No dia 30 de julho, deve sair o resultado final, indicando a classifica\u00e7\u00e3o dos aprovados.<\/p>\n<p>O concurso foi planejado de forma a promover igualdade de oportunidade de acesso a cargos p\u00fablicos efetivos, zelando pelo princ\u00edpio da impessoalidade na sele\u00e7\u00e3o dos candidatos em todas as fases e etapas do certame.<\/p>\n<p>A elabora\u00e7\u00e3o buscou, tamb\u00e9m, padronizar procedimentos na aplica\u00e7\u00e3o das provas, bem como aprimorar os m\u00e9todos de sele\u00e7\u00e3o de servidores p\u00fablicos, \u201cde modo a priorizar as qualifica\u00e7\u00f5es necess\u00e1rias para o desempenho das atividades inerentes ao setor p\u00fablico\u201d.<\/p>\n<p>O Minist\u00e9rio alerta os candidatos sobre a import\u00e2ncia de estarem cientes do conte\u00fado do edital escolhido. Ao todo, s\u00e3o oito documentos que re\u00fanem as regras para concorrer a uma ou mais carreiras divididas por blocos tem\u00e1ticos.<\/p>\n<\/div>\n<p><script async src=\"\/\/platform.twitter.com\/widgets.js\" charset=\"utf-8\"><\/script><br \/>\n<br \/><br \/>\n<br \/><a href=\"https:\/\/www.tribunaribeirao.com.br\/site\/concurso-nacional-unificado-tem-21-milhoes-de-inscritos-confirmados\/\">Source link <\/a><\/p>\n<div class='code-block code-block-4' style='margin: 8px auto 8px 0; text-align: left; display: block; clear: both;'>\n\ud83d\udce2 Aviso Legal\n\nO site ismaelcolosi.com.br atua apenas como um canal de divulga\u00e7\u00e3o de oportunidades de emprego e n\u00e3o se responsabiliza pelo processo seletivo, contrata\u00e7\u00e3o ou qualquer outra etapa relacionada \u00e0s vagas publicadas. Todas as informa\u00e7\u00f5es s\u00e3o de responsabilidade dos anunciantes.\n\n\u26a0\ufe0f Aten\u00e7\u00e3o! Nunca pague por promessas de emprego nem compre cursos que garantam contrata\u00e7\u00e3o. Desconfie de qualquer cobran\u00e7a para participar de sele\u00e7\u00f5es.\n\n\n\n<\/div>\n<!-- CONTENT END 1 -->\n","protected":false},"excerpt":{"rendered":"<p>19 de fevereiro de 2024 | 15:3019 de fevereiro de 2024 | 14:54 0 O Concurso P\u00fablico Nacional Unificado (CPNU) j\u00e1 registra 2,1 milh\u00f5es de&#8230;<\/p>\n","protected":false},"author":1,"featured_media":38414,"comment_status":"open","ping_status":"open","sticky":false,"template":"","format":"standard","meta":{"_uag_custom_page_level_css":"","advanced_seo_description":"","jetpack_seo_html_title":"","jetpack_seo_noindex":false,"jetpack_post_was_ever_published":false,"_jetpack_newsletter_access":"","_jetpack_dont_email_post_to_subs":false,"_jetpack_newsletter_tier_id":0,"_jetpack_memberships_contains_paywalled_content":false,"_jetpack_memberships_contains_paid_content":false,"footnotes":"","jetpack_publicize_message":"","jetpack_publicize_feature_enabled":true,"jetpack_social_post_already_shared":true,"jetpack_social_options":{"image_generator_settings":{"template":"highway","default_image_id":0,"font":"","enabled":false},"version":2}},"categories":[11],"tags":[567,3512,3350,262,721,162,1358],"class_list":["post-38413","post","type-post","status-publish","format-standard","has-post-thumbnail","hentry","category-noticias-de-ribeirao-preto-sp-e-regiao-ismael-colosi","tag-concurso","tag-confirmados","tag-inscritos","tag-milhoes","tag-nacional","tag-tem","tag-unificado"],"jetpack_publicize_connections":[],"jetpack_featured_media_url":"https:\/\/i0.wp.com\/ismaelcolosi.com.br\/wp-content\/uploads\/2024\/02\/808ac240-0d47-41fa-a0ea-eb2bce24baf7-scaled.jpg?fit=1000%2C598&ssl=1","uagb_featured_image_src":{"full":["https:\/\/i0.wp.com\/ismaelcolosi.com.br\/wp-content\/uploads\/2024\/02\/808ac240-0d47-41fa-a0ea-eb2bce24baf7-scaled.jpg?fit=1000%2C598&ssl=1",1000,598,false],"thumbnail":["https:\/\/i0.wp.com\/ismaelcolosi.com.br\/wp-content\/uploads\/2024\/02\/808ac240-0d47-41fa-a0ea-eb2bce24baf7-scaled.jpg?resize=150%2C150&ssl=1",150,150,true],"medium":["https:\/\/i0.wp.com\/ismaelcolosi.com.br\/wp-content\/uploads\/2024\/02\/808ac240-0d47-41fa-a0ea-eb2bce24baf7-scaled.jpg?fit=300%2C179&ssl=1",300,179,true],"medium_large":["https:\/\/i0.wp.com\/ismaelcolosi.com.br\/wp-content\/uploads\/2024\/02\/808ac240-0d47-41fa-a0ea-eb2bce24baf7-scaled.jpg?fit=768%2C459&ssl=1",768,459,true],"large":["https:\/\/i0.wp.com\/ismaelcolosi.com.br\/wp-content\/uploads\/2024\/02\/808ac240-0d47-41fa-a0ea-eb2bce24baf7-scaled.jpg?fit=1000%2C598&ssl=1",1000,598,true],"1536x1536":["https:\/\/i0.wp.com\/ismaelcolosi.com.br\/wp-content\/uploads\/2024\/02\/808ac240-0d47-41fa-a0ea-eb2bce24baf7-scaled.jpg?fit=1000%2C598&ssl=1",1000,598,true],"2048x2048":["https:\/\/i0.wp.com\/ismaelcolosi.com.br\/wp-content\/uploads\/2024\/02\/808ac240-0d47-41fa-a0ea-eb2bce24baf7-scaled.jpg?fit=1000%2C598&ssl=1",1000,598,true],"really-simple-thumb":["https:\/\/i0.wp.com\/ismaelcolosi.com.br\/wp-content\/uploads\/2024\/02\/808ac240-0d47-41fa-a0ea-eb2bce24baf7-scaled.jpg?resize=370%2C247&ssl=1",370,247,true]},"uagb_author_info":{"display_name":"ismaelcolosi.com.br","author_link":"https:\/\/ismaelcolosi.com.br\/index.php\/author\/vidareal-online\/"},"uagb_comment_info":0,"uagb_excerpt":"19 de fevereiro de 2024 | 15:3019 de fevereiro de 2024 | 14:54 0 O Concurso P\u00fablico Nacional Unificado (CPNU) j\u00e1 registra 2,1 milh\u00f5es de...","jetpack-related-posts":[{"id":36968,"url":"https:\/\/ismaelcolosi.com.br\/index.php\/2024\/02\/13\/concurso-publico-nacional-tem-265-milhoes-de-inscritos\/","url_meta":{"origin":38413,"position":0},"title":"Concurso p\u00fablico nacional tem 2,65 milh\u00f5es de inscritos","author":"ismaelcolosi.com.br","date":"13 de February de 2024","format":false,"excerpt":"13 de fevereiro de 2024 | 10:0013 de fevereiro de 2024 | 9:40 0O Concurso P\u00fablico Nacional Unificado tem 2,65 milh\u00f5es de inscritos. O balan\u00e7o foi divulgado pelo Minist\u00e9rio da Gest\u00e3o e da Inova\u00e7\u00e3o em Servi\u00e7os P\u00fablicos (MGI) ap\u00f3s o fim das inscri\u00e7\u00f5es.De acordo com a pasta, o total de\u2026","rel":"","context":"In &quot;Not\u00edcias de Ribeir\u00e3o Preto-SP e Regi\u00e3o&quot;","block_context":{"text":"Not\u00edcias de Ribeir\u00e3o Preto-SP e Regi\u00e3o","link":"https:\/\/ismaelcolosi.com.br\/index.php\/category\/noticias-de-ribeirao-preto-sp-e-regiao-ismael-colosi\/"},"img":{"alt_text":"","src":"https:\/\/i0.wp.com\/ismaelcolosi.com.br\/wp-content\/uploads\/2024\/02\/concurso-nacional-unificado-1536x1024-1-scaled.jpg?fit=967%2C645&ssl=1&resize=350%2C200","width":350,"height":200,"srcset":"https:\/\/i0.wp.com\/ismaelcolosi.com.br\/wp-content\/uploads\/2024\/02\/concurso-nacional-unificado-1536x1024-1-scaled.jpg?fit=967%2C645&ssl=1&resize=350%2C200 1x, https:\/\/i0.wp.com\/ismaelcolosi.com.br\/wp-content\/uploads\/2024\/02\/concurso-nacional-unificado-1536x1024-1-scaled.jpg?fit=967%2C645&ssl=1&resize=525%2C300 1.5x, https:\/\/i0.wp.com\/ismaelcolosi.com.br\/wp-content\/uploads\/2024\/02\/concurso-nacional-unificado-1536x1024-1-scaled.jpg?fit=967%2C645&ssl=1&resize=700%2C400 2x"},"classes":[]},{"id":39282,"url":"https:\/\/ismaelcolosi.com.br\/index.php\/2024\/02\/24\/mulheres-sao-maioria-dos-candidatos-no-concurso-unificado\/","url_meta":{"origin":38413,"position":1},"title":"Mulheres s\u00e3o maioria dos candidatos no concurso unificado","author":"ismaelcolosi.com.br","date":"24 de February de 2024","format":false,"excerpt":"24 de fevereiro de 2024 | 14:0023 de fevereiro de 2024 | 20:00 0Dos mais de 2,1 milh\u00f5es de candidatos com inscri\u00e7\u00f5es confirmadas no Concurso P\u00fablico Nacional Unificado, 56% s\u00e3o do sexo feminino, o equivalente a 1,2 milh\u00e3o de pessoas. O dado faz parte das informa\u00e7\u00f5es consolidadas divulgadas nesta sexta-feira\u2026","rel":"","context":"In &quot;Not\u00edcias de Ribeir\u00e3o Preto-SP e Regi\u00e3o&quot;","block_context":{"text":"Not\u00edcias de Ribeir\u00e3o Preto-SP e Regi\u00e3o","link":"https:\/\/ismaelcolosi.com.br\/index.php\/category\/noticias-de-ribeirao-preto-sp-e-regiao-ismael-colosi\/"},"img":{"alt_text":"","src":"https:\/\/i0.wp.com\/ismaelcolosi.com.br\/wp-content\/uploads\/2024\/02\/Mulheres-no-mercado-de-trabalho.jpg?fit=614%2C412&ssl=1&resize=350%2C200","width":350,"height":200,"srcset":"https:\/\/i0.wp.com\/ismaelcolosi.com.br\/wp-content\/uploads\/2024\/02\/Mulheres-no-mercado-de-trabalho.jpg?fit=614%2C412&ssl=1&resize=350%2C200 1x, https:\/\/i0.wp.com\/ismaelcolosi.com.br\/wp-content\/uploads\/2024\/02\/Mulheres-no-mercado-de-trabalho.jpg?fit=614%2C412&ssl=1&resize=525%2C300 1.5x"},"classes":[]},{"id":37246,"url":"https:\/\/ismaelcolosi.com.br\/index.php\/2024\/02\/15\/prazo-para-pagar-taxa-do-concurso-nacional-unificado-termina-nesta-sexta\/","url_meta":{"origin":38413,"position":2},"title":"Prazo para pagar taxa do Concurso Nacional Unificado termina nesta sexta","author":"ismaelcolosi.com.br","date":"15 de February de 2024","format":false,"excerpt":"14 de fevereiro de 2024 | 14:0014 de fevereiro de 2024 | 11:42 0Os candidatos ao Concurso P\u00fablico Nacional Unificado que ainda n\u00e3o pagaram a taxa de inscri\u00e7\u00e3o t\u00eam at\u00e9 sexta-feira (16) para quitarem a Guia de Recolhimento da Uni\u00e3o (GRU). O pagamento, no valor de R$ 90 para os\u2026","rel":"","context":"In &quot;Not\u00edcias de Ribeir\u00e3o Preto-SP e Regi\u00e3o&quot;","block_context":{"text":"Not\u00edcias de Ribeir\u00e3o Preto-SP e Regi\u00e3o","link":"https:\/\/ismaelcolosi.com.br\/index.php\/category\/noticias-de-ribeirao-preto-sp-e-regiao-ismael-colosi\/"},"img":{"alt_text":"","src":"https:\/\/i0.wp.com\/ismaelcolosi.com.br\/wp-content\/uploads\/2024\/02\/48bed575-a298-4721-a099-5c82fdec3996.jpg?fit=900%2C600&ssl=1&resize=350%2C200","width":350,"height":200,"srcset":"https:\/\/i0.wp.com\/ismaelcolosi.com.br\/wp-content\/uploads\/2024\/02\/48bed575-a298-4721-a099-5c82fdec3996.jpg?fit=900%2C600&ssl=1&resize=350%2C200 1x, https:\/\/i0.wp.com\/ismaelcolosi.com.br\/wp-content\/uploads\/2024\/02\/48bed575-a298-4721-a099-5c82fdec3996.jpg?fit=900%2C600&ssl=1&resize=525%2C300 1.5x, https:\/\/i0.wp.com\/ismaelcolosi.com.br\/wp-content\/uploads\/2024\/02\/48bed575-a298-4721-a099-5c82fdec3996.jpg?fit=900%2C600&ssl=1&resize=700%2C400 2x"},"classes":[]},{"id":26574,"url":"https:\/\/ismaelcolosi.com.br\/index.php\/2024\/01\/10\/governo-divulga-edital-de-concurso-unificado-nesta-quarta-veja-como-se-inscrever\/","url_meta":{"origin":38413,"position":3},"title":"Governo divulga edital de Concurso Unificado nesta quarta; veja como se inscrever","author":"ismaelcolosi.com.br","date":"10 de January de 2024","format":false,"excerpt":"Da reda\u00e7\u00e3oi Da reda\u00e7\u00e3o 10\/01\/2024 - 10:40 Nesta quarta-feira, 10, o Minist\u00e9rio da Gest\u00e3o e da Inova\u00e7\u00e3o em Servi\u00e7os P\u00fablicos (MGI) vai divulgar os editais do Concurso P\u00fablico Nacional Unificado (CPNU). Os documentos trar\u00e3o informa\u00e7\u00f5es sobre os blocos tem\u00e1ticos, conte\u00fado das provas, crit\u00e9rios de classifica\u00e7\u00e3o e desclassifica\u00e7\u00e3o, validade do certame\u2026","rel":"","context":"In &quot;Vagas de Emprego em Ribeir\u00e3o Preto-SP&quot;","block_context":{"text":"Vagas de Emprego em Ribeir\u00e3o Preto-SP","link":"https:\/\/ismaelcolosi.com.br\/index.php\/category\/empregos-classificados-vagas-trabalho\/vagas-de-empregos-em-ribeirao-preto-regiao-brasil\/"},"img":{"alt_text":"","src":"https:\/\/i0.wp.com\/ismaelcolosi.com.br\/wp-content\/uploads\/2024\/01\/concursos-auditor-fiscal-pixabay.jpeg?fit=880%2C550&ssl=1&resize=350%2C200","width":350,"height":200,"srcset":"https:\/\/i0.wp.com\/ismaelcolosi.com.br\/wp-content\/uploads\/2024\/01\/concursos-auditor-fiscal-pixabay.jpeg?fit=880%2C550&ssl=1&resize=350%2C200 1x, https:\/\/i0.wp.com\/ismaelcolosi.com.br\/wp-content\/uploads\/2024\/01\/concursos-auditor-fiscal-pixabay.jpeg?fit=880%2C550&ssl=1&resize=525%2C300 1.5x, https:\/\/i0.wp.com\/ismaelcolosi.com.br\/wp-content\/uploads\/2024\/01\/concursos-auditor-fiscal-pixabay.jpeg?fit=880%2C550&ssl=1&resize=700%2C400 2x"},"classes":[]},{"id":29088,"url":"https:\/\/ismaelcolosi.com.br\/index.php\/2024\/01\/17\/ibge-oferece-895-vagas-no-concurso-publico-nacional-unificado\/","url_meta":{"origin":38413,"position":4},"title":"IBGE oferece 895 vagas no Concurso P\u00fablico Nacional Unificado \u2013 Folha de Ribeir\u00e3o","author":"ismaelcolosi.com.br","date":"17 de January de 2024","format":false,"excerpt":"O Instituto Brasileiro de Geografia e Estat\u00edstica (IBGE) participa do Concurso P\u00fablico Nacional Unificado com 895 vagas destinadas a variados perfis de profissionais. Trata-se do maior concurso j\u00e1 realizado na hist\u00f3ria do instituto. O Minist\u00e9rio da Gest\u00e3o e da Inova\u00e7\u00e3o em Servi\u00e7os P\u00fablicos divulgou na \u00faltima quarta-feira (10) em Bras\u00edlia,\u2026","rel":"","context":"In &quot;Not\u00edcias de Ribeir\u00e3o Preto-SP e Regi\u00e3o&quot;","block_context":{"text":"Not\u00edcias de Ribeir\u00e3o Preto-SP e Regi\u00e3o","link":"https:\/\/ismaelcolosi.com.br\/index.php\/category\/noticias-de-ribeirao-preto-sp-e-regiao-ismael-colosi\/"},"img":{"alt_text":"","src":"","width":0,"height":0},"classes":[]},{"id":26816,"url":"https:\/\/ismaelcolosi.com.br\/index.php\/2024\/01\/10\/veja-o-edital-do-concurso-publico-nacional-unificado-sao-66-mil-vagas\/","url_meta":{"origin":38413,"position":5},"title":"Veja o edital do Concurso P\u00fablico Nacional Unificado; S\u00e3o 6,6 mil vagas","author":"ismaelcolosi.com.br","date":"10 de January de 2024","format":false,"excerpt":"O Governo Federal divulgou nesta quarta-feira (10) o edital do Concurso P\u00fablico Nacional Unificado, o Enem dos Concursos \u2013 Veja aqui. As provas ser\u00e3o realizadas no dia 5 de maio em 217 cidades brasileiras, incluindo Ribeir\u00e3o Preto \u2013 veja todas cidades aqui. As inscri\u00e7\u00f5es v\u00e3o come\u00e7ar dia 19 de janeiro\u2026","rel":"","context":"In &quot;Not\u00edcias de Ribeir\u00e3o Preto-SP e Regi\u00e3o&quot;","block_context":{"text":"Not\u00edcias de Ribeir\u00e3o Preto-SP e Regi\u00e3o","link":"https:\/\/ismaelcolosi.com.br\/index.php\/category\/noticias-de-ribeirao-preto-sp-e-regiao-ismael-colosi\/"},"img":{"alt_text":"","src":"https:\/\/i0.wp.com\/ismaelcolosi.com.br\/wp-content\/uploads\/2024\/01\/concurso-publico-nacional-unificado-cesgranrio.jpg?fit=1200%2C798&ssl=1&resize=350%2C200","width":350,"height":200,"srcset":"https:\/\/i0.wp.com\/ismaelcolosi.com.br\/wp-content\/uploads\/2024\/01\/concurso-publico-nacional-unificado-cesgranrio.jpg?fit=1200%2C798&ssl=1&resize=350%2C200 1x, https:\/\/i0.wp.com\/ismaelcolosi.com.br\/wp-content\/uploads\/2024\/01\/concurso-publico-nacional-unificado-cesgranrio.jpg?fit=1200%2C798&ssl=1&resize=525%2C300 1.5x, https:\/\/i0.wp.com\/ismaelcolosi.com.br\/wp-content\/uploads\/2024\/01\/concurso-publico-nacional-unificado-cesgranrio.jpg?fit=1200%2C798&ssl=1&resize=700%2C400 2x, https:\/\/i0.wp.com\/ismaelcolosi.com.br\/wp-content\/uploads\/2024\/01\/concurso-publico-nacional-unificado-cesgranrio.jpg?fit=1200%2C798&ssl=1&resize=1050%2C600 3x"},"classes":[]}],"jetpack_sharing_enabled":true,"jetpack_shortlink":"https:\/\/wp.me\/pfMlyK-9Zz","_links":{"self":[{"href":"https:\/\/ismaelcolosi.com.br\/index.php\/wp-json\/wp\/v2\/posts\/38413","targetHints":{"allow":["GET"]}}],"collection":[{"href":"https:\/\/ismaelcolosi.com.br\/index.php\/wp-json\/wp\/v2\/posts"}],"about":[{"href":"https:\/\/ismaelcolosi.com.br\/index.php\/wp-json\/wp\/v2\/types\/post"}],"author":[{"embeddable":true,"href":"https:\/\/ismaelcolosi.com.br\/index.php\/wp-json\/wp\/v2\/users\/1"}],"replies":[{"embeddable":true,"href":"https:\/\/ismaelcolosi.com.br\/index.php\/wp-json\/wp\/v2\/comments?post=38413"}],"version-history":[{"count":0,"href":"https:\/\/ismaelcolosi.com.br\/index.php\/wp-json\/wp\/v2\/posts\/38413\/revisions"}],"wp:featuredmedia":[{"embeddable":true,"href":"https:\/\/ismaelcolosi.com.br\/index.php\/wp-json\/wp\/v2\/media\/38414"}],"wp:attachment":[{"href":"https:\/\/ismaelcolosi.com.br\/index.php\/wp-json\/wp\/v2\/media?parent=38413"}],"wp:term":[{"taxonomy":"category","embeddable":true,"href":"https:\/\/ismaelcolosi.com.br\/index.php\/wp-json\/wp\/v2\/categories?post=38413"},{"taxonomy":"post_tag","embeddable":true,"href":"https:\/\/ismaelcolosi.com.br\/index.php\/wp-json\/wp\/v2\/tags?post=38413"}],"curies":[{"name":"wp","href":"https:\/\/api.w.org\/{rel}","templated":true}]}}