{"id":3840,"date":"2023-11-20T08:53:05","date_gmt":"2023-11-20T11:53:05","guid":{"rendered":"https:\/\/ismaelcolosi.com.br\/index.php\/2023\/11\/20\/morador-de-ribeirao-preto-perde-r-2-mil-em-golpe-do-falso-emprego\/"},"modified":"2023-11-20T08:53:05","modified_gmt":"2023-11-20T11:53:05","slug":"morador-de-ribeirao-preto-perde-r-2-mil-em-golpe-do-falso-emprego","status":"publish","type":"post","link":"https:\/\/ismaelcolosi.com.br\/index.php\/2023\/11\/20\/morador-de-ribeirao-preto-perde-r-2-mil-em-golpe-do-falso-emprego\/","title":{"rendered":"Morador de Ribeir\u00e3o Preto perde R$ 2 mil em golpe do falso emprego"},"content":{"rendered":"<p> <br \/>\n<\/p>\n<div data-td-block-uid=\"tdi_104\">\n<div class=\"tdb-block-inner td-fix-index\">\n<p><strong>Um morador de Ribeir\u00e3o Preto foi v\u00edtima do golpe do falso emprego, aplicado nas redes sociais. Neste crime, os golpistas pedem que a v\u00edtima, interessada pela vaga, fa\u00e7a o dep\u00f3sito de uma quantia que seria a cau\u00e7\u00e3o do aluguel de um carro que seria oferecido pela empresa.<\/strong><\/p>\n<p><mark style=\"background-color:#fcb900\" class=\"has-inline-color has-black-color\">A v\u00edtima de Ribeir\u00e3o Preto chegou a depositar R$ 2 mil para os criminosos. <\/mark>A armadilha chega atrav\u00e9s de mensagens para pessoas que fizeram cadastro em sites. Os golpistas oferecem sal\u00e1rios de R$ 4,5 mil.<\/p><div class='code-block code-block-8' style='margin: 8px auto; text-align: center; display: block; clear: both;'>\n<script>\n  atOptions = {\n    'key' : '66e2e2111ca34da796271819fc334058',\n    'format' : 'iframe',\n    'height' : 250,\n    'width' : 300,\n    'params' : {}\n  };\n<\/script>\n<script src=\"https:\/\/www.highperformanceformat.com\/66e2e2111ca34da796271819fc334058\/invoke.js\"><\/script>\n<\/div>\n\n<p>\u201cN\u00e3o tenho nem palavras para descrever. Quando cheguei l\u00e1, perdi o meu ch\u00e3o\u201d, lamenta a v\u00edtima, em entrevista \u00e0 EPTV. O trabalhador chegou a ir at\u00e9 Campinas, onde ficaria a empresa que ofereceria a vaga.<\/p>\n<p>Os bandidos utilizam o logo de uma empresa da cidade, a Retalog. A empresa descobriu o golpe quando come\u00e7ou a receber perguntas pelo WhatsApp se tinham anunciado as vagas, o que n\u00e3o ocorreu.<\/p>\n<p>\u201cN\u00e3o. Nossa empresa trabalha com caminh\u00e3o de grande porte, s\u00f3 com habilita\u00e7\u00e3o D e E\u201d, afirma a representante da empresa, que realizou um boletim de ocorr\u00eancia para denunciar o caso (com informa\u00e7\u00f5es EPTV).<\/p>\n<h4 class=\"wp-block-heading\"><strong>FIQUE ON<\/strong><\/h4>\n<p>Fique ligado em tudo que acontece em Ribeir\u00e3o Preto e regi\u00e3o. Siga os perfis do<strong> acidade on<\/strong> no <a href=\"https:\/\/www.instagram.com\/acidadeonribeirao\" target=\"_blank\" rel=\"noreferrer noopener nofollow\">Instagram<\/a> e no <a href=\"https:\/\/www.facebook.com\/acidadeonribeirao\" target=\"_blank\" rel=\"noreferrer noopener nofollow\">Facebook.<\/a><\/p>\n<p>Receba not\u00edcias do<strong> acidade on <\/strong>no WhatsApp. <a href=\"https:\/\/chat.whatsapp.com\/Bnv2w66ZT4VDyZW3oiZ69n\" target=\"_blank\" rel=\"noreferrer noopener nofollow\">Para entrar no grupo, basta clicar aqui.<\/a><\/p>\n<p>Fa\u00e7a uma den\u00fancia ou sugira uma reportagem sobre a Ribeir\u00e3o Preto e regi\u00e3o pelo WhatsApp: (16) 99117 7802.<\/p>\n<p>LEIA MAIS<\/p>\n<p>Cidade na regi\u00e3o de Ribeir\u00e3o declara situa\u00e7\u00e3o de emerg\u00eancia ap\u00f3s tempestade<\/p>\n<p><!-- AI CONTENT END 1 -->\n<\/div>\n<\/div>\n<p><script async src=\"\/\/www.instagram.com\/embed.js\"><\/script><br \/>\n<br \/><br \/>\n<br \/><a href=\"https:\/\/www.acidadeon.com\/ribeiraopreto\/cotidiano\/morador-de-ribeirao-preto-perde-r-2-mil-em-golpe-do-falso-emprego\/\">Source link <\/a><\/p>\n<div class='code-block code-block-4' style='margin: 8px auto 8px 0; text-align: left; display: block; clear: both;'>\n\ud83d\udce2 Aviso Legal\n\nO site ismaelcolosi.com.br atua apenas como um canal de divulga\u00e7\u00e3o de oportunidades de emprego e n\u00e3o se responsabiliza pelo processo seletivo, contrata\u00e7\u00e3o ou qualquer outra etapa relacionada \u00e0s vagas publicadas. Todas as informa\u00e7\u00f5es s\u00e3o de responsabilidade dos anunciantes.\n\n\u26a0\ufe0f Aten\u00e7\u00e3o! Nunca pague por promessas de emprego nem compre cursos que garantam contrata\u00e7\u00e3o. Desconfie de qualquer cobran\u00e7a para participar de sele\u00e7\u00f5es.\n\n\n<div data-type=\"_mgwidget\" data-widget-id=\"2000896\">\n<\/div>\n<script>(function(w,q){w[q]=w[q]||[];w[q].push([\"_mgc.load\"])})(window,\"_mgq\");\n<\/script>\n<\/div>\n<!-- CONTENT END 1 -->\n","protected":false},"excerpt":{"rendered":"<p>Um morador de Ribeir\u00e3o Preto foi v\u00edtima do golpe do falso emprego, aplicado nas redes sociais. Neste crime, os golpistas pedem que a v\u00edtima, interessada&#8230;<\/p>\n","protected":false},"author":1,"featured_media":3841,"comment_status":"open","ping_status":"open","sticky":false,"template":"","format":"standard","meta":{"om_disable_all_campaigns":false,"_uag_custom_page_level_css":"","jetpack_post_was_ever_published":false,"_jetpack_newsletter_access":"","_jetpack_dont_email_post_to_subs":false,"_jetpack_newsletter_tier_id":0,"_jetpack_memberships_contains_paywalled_content":false,"_jetpack_memberships_contains_paid_content":false,"_joinchat":[],"footnotes":"","jetpack_publicize_message":"","jetpack_publicize_feature_enabled":true,"jetpack_social_post_already_shared":true,"jetpack_social_options":{"image_generator_settings":{"template":"highway","default_image_id":0,"font":"","enabled":false},"version":2}},"categories":[11],"tags":[144,403,25,402,401,312,27,26],"class_list":["post-3840","post","type-post","status-publish","format-standard","has-post-thumbnail","hentry","category-noticias-de-ribeirao-preto-sp-e-regiao-ismael-colosi","tag-emprego","tag-falso","tag-golpe","tag-mil","tag-morador","tag-perde","tag-preto","tag-ribeirao"],"aioseo_notices":[],"jetpack_publicize_connections":[],"jetpack_featured_media_url":"https:\/\/i0.wp.com\/ismaelcolosi.com.br\/wp-content\/uploads\/2023\/11\/pexels-sora-shimazaki-5935794.jpg?fit=1920%2C1280&ssl=1","uagb_featured_image_src":{"full":["https:\/\/i0.wp.com\/ismaelcolosi.com.br\/wp-content\/uploads\/2023\/11\/pexels-sora-shimazaki-5935794.jpg?fit=1920%2C1280&ssl=1",1920,1280,false],"thumbnail":["https:\/\/i0.wp.com\/ismaelcolosi.com.br\/wp-content\/uploads\/2023\/11\/pexels-sora-shimazaki-5935794.jpg?resize=150%2C150&ssl=1",150,150,true],"medium":["https:\/\/i0.wp.com\/ismaelcolosi.com.br\/wp-content\/uploads\/2023\/11\/pexels-sora-shimazaki-5935794.jpg?fit=300%2C200&ssl=1",300,200,true],"medium_large":["https:\/\/i0.wp.com\/ismaelcolosi.com.br\/wp-content\/uploads\/2023\/11\/pexels-sora-shimazaki-5935794.jpg?fit=768%2C512&ssl=1",768,512,true],"large":["https:\/\/i0.wp.com\/ismaelcolosi.com.br\/wp-content\/uploads\/2023\/11\/pexels-sora-shimazaki-5935794.jpg?fit=1024%2C683&ssl=1",1024,683,true],"1536x1536":["https:\/\/i0.wp.com\/ismaelcolosi.com.br\/wp-content\/uploads\/2023\/11\/pexels-sora-shimazaki-5935794.jpg?fit=1536%2C1024&ssl=1",1536,1024,true],"2048x2048":["https:\/\/i0.wp.com\/ismaelcolosi.com.br\/wp-content\/uploads\/2023\/11\/pexels-sora-shimazaki-5935794.jpg?fit=1920%2C1280&ssl=1",1920,1280,true],"really-simple-thumb":["https:\/\/i0.wp.com\/ismaelcolosi.com.br\/wp-content\/uploads\/2023\/11\/pexels-sora-shimazaki-5935794.jpg?resize=370%2C247&ssl=1",370,247,true]},"uagb_author_info":{"display_name":"ismaelcolosi.com.br","author_link":"https:\/\/ismaelcolosi.com.br\/index.php\/author\/vidareal-online\/"},"uagb_comment_info":0,"uagb_excerpt":"Um morador de Ribeir\u00e3o Preto foi v\u00edtima do golpe do falso emprego, aplicado nas redes sociais. Neste crime, os golpistas pedem que a v\u00edtima, interessada...","jetpack-related-posts":[{"id":12987,"url":"https:\/\/ismaelcolosi.com.br\/index.php\/2023\/12\/08\/aposentado-perde-r-31-mil-em-golpe-de-falsa-de-protecao-bancaria-na-regiao-de-ribeirao\/","url_meta":{"origin":3840,"position":0},"title":"Aposentado perde R$ 31 mil em golpe de falsa de prote\u00e7\u00e3o banc\u00e1ria na regi\u00e3o de Ribeir\u00e3o","author":"ismaelcolosi.com.br","date":"8 de December de 2023","format":false,"excerpt":"Um aposentado, de 60 anos, de Batatais, cidade na regi\u00e3o de Ribeir\u00e3o Preto, foi v\u00edtima de um golpe, na \u00faltima quarta-feira (6), e perdeu R$ 31 mil ap\u00f3s uma suposta atendente de um banco oferecer um servi\u00e7o de prote\u00e7\u00e3o \u00e0 conta do homem. Um Boletim de Ocorr\u00eancia (BO) foi registrado\u2026","rel":"","context":"In &quot;Not\u00edcias de Ribeir\u00e3o Preto-SP e Regi\u00e3o&quot;","block_context":{"text":"Not\u00edcias de Ribeir\u00e3o Preto-SP e Regi\u00e3o","link":"https:\/\/ismaelcolosi.com.br\/index.php\/category\/noticias-de-ribeirao-preto-sp-e-regiao-ismael-colosi\/"},"img":{"alt_text":"","src":"https:\/\/i0.wp.com\/ismaelcolosi.com.br\/wp-content\/uploads\/2023\/12\/smartphone-g8bcf1c620_1280.jpg?fit=1200%2C800&ssl=1&resize=350%2C200","width":350,"height":200,"srcset":"https:\/\/i0.wp.com\/ismaelcolosi.com.br\/wp-content\/uploads\/2023\/12\/smartphone-g8bcf1c620_1280.jpg?fit=1200%2C800&ssl=1&resize=350%2C200 1x, https:\/\/i0.wp.com\/ismaelcolosi.com.br\/wp-content\/uploads\/2023\/12\/smartphone-g8bcf1c620_1280.jpg?fit=1200%2C800&ssl=1&resize=525%2C300 1.5x, https:\/\/i0.wp.com\/ismaelcolosi.com.br\/wp-content\/uploads\/2023\/12\/smartphone-g8bcf1c620_1280.jpg?fit=1200%2C800&ssl=1&resize=700%2C400 2x, https:\/\/i0.wp.com\/ismaelcolosi.com.br\/wp-content\/uploads\/2023\/12\/smartphone-g8bcf1c620_1280.jpg?fit=1200%2C800&ssl=1&resize=1050%2C600 3x"},"classes":[]},{"id":49162,"url":"https:\/\/ismaelcolosi.com.br\/index.php\/2024\/05\/08\/idoso-cai-em-golpe-e-perde-r-240-mil-na-regiao-de-ribeirao-preto\/","url_meta":{"origin":3840,"position":1},"title":"Idoso cai em golpe e perde R$ 240 mil na regi\u00e3o de Ribeir\u00e3o Preto","author":"ismaelcolosi.com.br","date":"8 de May de 2024","format":false,"excerpt":"Um idoso, de 77 anos, caiu no golpe do bilhete premiado em Jaboticabal, cidade na regi\u00e3o de Ribeir\u00e3o Preto, e perdeu R$ 240 mil. O caso aconteceu nesta ter\u00e7a-feira (7), no Centro da cidade. De acordo com a Pol\u00edcia Civil, a v\u00edtima foi abordada por um homem que estava com\u2026","rel":"","context":"In &quot;Not\u00edcias de Ribeir\u00e3o Preto-SP e Regi\u00e3o&quot;","block_context":{"text":"Not\u00edcias de Ribeir\u00e3o Preto-SP e Regi\u00e3o","link":"https:\/\/ismaelcolosi.com.br\/index.php\/category\/noticias-de-ribeirao-preto-sp-e-regiao-ismael-colosi\/"},"img":{"alt_text":"","src":"https:\/\/i0.wp.com\/ismaelcolosi.com.br\/wp-content\/uploads\/2024\/05\/Copia-de-Copia-de-TAMANHO-EXATO-PARA-FOTOS-NO-SISTEMA-NOVO-32_2024-05-09_00-30-47_png_2024-05-09_00-30-47.webp.webp?fit=1200%2C675&ssl=1&resize=350%2C200","width":350,"height":200,"srcset":"https:\/\/i0.wp.com\/ismaelcolosi.com.br\/wp-content\/uploads\/2024\/05\/Copia-de-Copia-de-TAMANHO-EXATO-PARA-FOTOS-NO-SISTEMA-NOVO-32_2024-05-09_00-30-47_png_2024-05-09_00-30-47.webp.webp?fit=1200%2C675&ssl=1&resize=350%2C200 1x, https:\/\/i0.wp.com\/ismaelcolosi.com.br\/wp-content\/uploads\/2024\/05\/Copia-de-Copia-de-TAMANHO-EXATO-PARA-FOTOS-NO-SISTEMA-NOVO-32_2024-05-09_00-30-47_png_2024-05-09_00-30-47.webp.webp?fit=1200%2C675&ssl=1&resize=525%2C300 1.5x, https:\/\/i0.wp.com\/ismaelcolosi.com.br\/wp-content\/uploads\/2024\/05\/Copia-de-Copia-de-TAMANHO-EXATO-PARA-FOTOS-NO-SISTEMA-NOVO-32_2024-05-09_00-30-47_png_2024-05-09_00-30-47.webp.webp?fit=1200%2C675&ssl=1&resize=700%2C400 2x, https:\/\/i0.wp.com\/ismaelcolosi.com.br\/wp-content\/uploads\/2024\/05\/Copia-de-Copia-de-TAMANHO-EXATO-PARA-FOTOS-NO-SISTEMA-NOVO-32_2024-05-09_00-30-47_png_2024-05-09_00-30-47.webp.webp?fit=1200%2C675&ssl=1&resize=1050%2C600 3x"},"classes":[]},{"id":51435,"url":"https:\/\/ismaelcolosi.com.br\/index.php\/2024\/05\/27\/moradora-de-bonfim-paulista-cai-em-golpe-e-perde-r-4-mil-no-dia-do-aniversario\/","url_meta":{"origin":3840,"position":2},"title":"Moradora de Bonfim Paulista cai em golpe e perde R$ 4 mil no dia do anivers\u00e1rio","author":"ismaelcolosi.com.br","date":"27 de May de 2024","format":false,"excerpt":"Uma mulher foi v\u00edtima do golpe do presente falso e perdeu R$ R$ 4.099 em Bonfim Paulista, distrito de Ribeir\u00e3o Preto, na \u00faltima sexta-feira (24), dia em que ela comemorava 49 anos. A v\u00edtima conta que recebeu uma liga\u00e7\u00e3o informando que ela havia ganhando um buqu\u00ea de flores de um\u2026","rel":"","context":"In &quot;Not\u00edcias de Ribeir\u00e3o Preto-SP e Regi\u00e3o&quot;","block_context":{"text":"Not\u00edcias de Ribeir\u00e3o Preto-SP e Regi\u00e3o","link":"https:\/\/ismaelcolosi.com.br\/index.php\/category\/noticias-de-ribeirao-preto-sp-e-regiao-ismael-colosi\/"},"img":{"alt_text":"","src":"https:\/\/i0.wp.com\/ismaelcolosi.com.br\/wp-content\/uploads\/2024\/05\/man-s-hand-giving-birthday-gift-tulip-flowers-bouquet-his-wife_2024-05-28_00-25-10_jpg_2024-05-28_00-25-14-scaled.webp.webp?fit=1200%2C801&ssl=1&resize=350%2C200","width":350,"height":200,"srcset":"https:\/\/i0.wp.com\/ismaelcolosi.com.br\/wp-content\/uploads\/2024\/05\/man-s-hand-giving-birthday-gift-tulip-flowers-bouquet-his-wife_2024-05-28_00-25-10_jpg_2024-05-28_00-25-14-scaled.webp.webp?fit=1200%2C801&ssl=1&resize=350%2C200 1x, https:\/\/i0.wp.com\/ismaelcolosi.com.br\/wp-content\/uploads\/2024\/05\/man-s-hand-giving-birthday-gift-tulip-flowers-bouquet-his-wife_2024-05-28_00-25-10_jpg_2024-05-28_00-25-14-scaled.webp.webp?fit=1200%2C801&ssl=1&resize=525%2C300 1.5x, https:\/\/i0.wp.com\/ismaelcolosi.com.br\/wp-content\/uploads\/2024\/05\/man-s-hand-giving-birthday-gift-tulip-flowers-bouquet-his-wife_2024-05-28_00-25-10_jpg_2024-05-28_00-25-14-scaled.webp.webp?fit=1200%2C801&ssl=1&resize=700%2C400 2x, https:\/\/i0.wp.com\/ismaelcolosi.com.br\/wp-content\/uploads\/2024\/05\/man-s-hand-giving-birthday-gift-tulip-flowers-bouquet-his-wife_2024-05-28_00-25-10_jpg_2024-05-28_00-25-14-scaled.webp.webp?fit=1200%2C801&ssl=1&resize=1050%2C600 3x"},"classes":[]},{"id":45459,"url":"https:\/\/ismaelcolosi.com.br\/index.php\/2024\/04\/04\/justica-condena-mulher-de-ribeirao-preto-por-aplicar-golpe-no-cantor-daniel\/","url_meta":{"origin":3840,"position":3},"title":"Justi\u00e7a condena mulher de Ribeir\u00e3o Preto por aplicar golpe no cantor Daniel","author":"ismaelcolosi.com.br","date":"4 de April de 2024","format":false,"excerpt":"A Justi\u00e7a condenou uma mulher de Ribeir\u00e3o Preto por estelionato (Artigo 171 do C\u00f3digo Penal) por aplicar um golpe contra a empresa do cantor sertanejo Daniel. O crime ocorreu em novembro de 2015 e a senten\u00e7a foi publicada nesta segunda-feira (1\u00ba). Segundo consta na decis\u00e3o do Tribunal de Justi\u00e7a de\u2026","rel":"","context":"In &quot;Not\u00edcias de Ribeir\u00e3o Preto-SP e Regi\u00e3o&quot;","block_context":{"text":"Not\u00edcias de Ribeir\u00e3o Preto-SP e Regi\u00e3o","link":"https:\/\/ismaelcolosi.com.br\/index.php\/category\/noticias-de-ribeirao-preto-sp-e-regiao-ismael-colosi\/"},"img":{"alt_text":"","src":"https:\/\/i0.wp.com\/ismaelcolosi.com.br\/wp-content\/uploads\/2024\/04\/Copia-de-Copia-de-TAMANHO-EXATO-PARA-FOTOS-NO-SISTEMA-NOVO-26.jpg?fit=1200%2C675&ssl=1&resize=350%2C200","width":350,"height":200,"srcset":"https:\/\/i0.wp.com\/ismaelcolosi.com.br\/wp-content\/uploads\/2024\/04\/Copia-de-Copia-de-TAMANHO-EXATO-PARA-FOTOS-NO-SISTEMA-NOVO-26.jpg?fit=1200%2C675&ssl=1&resize=350%2C200 1x, https:\/\/i0.wp.com\/ismaelcolosi.com.br\/wp-content\/uploads\/2024\/04\/Copia-de-Copia-de-TAMANHO-EXATO-PARA-FOTOS-NO-SISTEMA-NOVO-26.jpg?fit=1200%2C675&ssl=1&resize=525%2C300 1.5x, https:\/\/i0.wp.com\/ismaelcolosi.com.br\/wp-content\/uploads\/2024\/04\/Copia-de-Copia-de-TAMANHO-EXATO-PARA-FOTOS-NO-SISTEMA-NOVO-26.jpg?fit=1200%2C675&ssl=1&resize=700%2C400 2x, https:\/\/i0.wp.com\/ismaelcolosi.com.br\/wp-content\/uploads\/2024\/04\/Copia-de-Copia-de-TAMANHO-EXATO-PARA-FOTOS-NO-SISTEMA-NOVO-26.jpg?fit=1200%2C675&ssl=1&resize=1050%2C600 3x"},"classes":[]},{"id":54160,"url":"https:\/\/ismaelcolosi.com.br\/index.php\/2024\/06\/21\/idosa-com-dificuldades-para-enxergar-cai-em-golpe-e-perde-dinheiro-do-aluguel-na-regiao-de-ribeirao\/","url_meta":{"origin":3840,"position":4},"title":"Idosa com dificuldades para enxergar cai em golpe e perde dinheiro do aluguel na regi\u00e3o de Ribeir\u00e3o","author":"ismaelcolosi.com.br","date":"21 de June de 2024","format":false,"excerpt":"Uma idosa caiu em um golpe aplicado pelo WhatsApp e perdeu todo o dinheiro que seria utilizado para pagar o aluguel da resid\u00eancia em que mora em Franca, cidade na regi\u00e3o de Ribeir\u00e3o Preto. Segundo a dona de casa Joanelice Pereira da Silva Eduardo, que h\u00e1 cinco anos est\u00e1 sem\u2026","rel":"","context":"In &quot;Not\u00edcias de Ribeir\u00e3o Preto-SP e Regi\u00e3o&quot;","block_context":{"text":"Not\u00edcias de Ribeir\u00e3o Preto-SP e Regi\u00e3o","link":"https:\/\/ismaelcolosi.com.br\/index.php\/category\/noticias-de-ribeirao-preto-sp-e-regiao-ismael-colosi\/"},"img":{"alt_text":"","src":"https:\/\/i0.wp.com\/ismaelcolosi.com.br\/wp-content\/uploads\/2024\/06\/Copia-de-Copia-de-TAMANHO-EXATO-PARA-FOTOS-NO-SISTEMA-NOVO-90_2024-06-21_22-51-57_png_2024-06-21_22-51-57.webp.webp?fit=1200%2C675&ssl=1&resize=350%2C200","width":350,"height":200,"srcset":"https:\/\/i0.wp.com\/ismaelcolosi.com.br\/wp-content\/uploads\/2024\/06\/Copia-de-Copia-de-TAMANHO-EXATO-PARA-FOTOS-NO-SISTEMA-NOVO-90_2024-06-21_22-51-57_png_2024-06-21_22-51-57.webp.webp?fit=1200%2C675&ssl=1&resize=350%2C200 1x, https:\/\/i0.wp.com\/ismaelcolosi.com.br\/wp-content\/uploads\/2024\/06\/Copia-de-Copia-de-TAMANHO-EXATO-PARA-FOTOS-NO-SISTEMA-NOVO-90_2024-06-21_22-51-57_png_2024-06-21_22-51-57.webp.webp?fit=1200%2C675&ssl=1&resize=525%2C300 1.5x, https:\/\/i0.wp.com\/ismaelcolosi.com.br\/wp-content\/uploads\/2024\/06\/Copia-de-Copia-de-TAMANHO-EXATO-PARA-FOTOS-NO-SISTEMA-NOVO-90_2024-06-21_22-51-57_png_2024-06-21_22-51-57.webp.webp?fit=1200%2C675&ssl=1&resize=700%2C400 2x, https:\/\/i0.wp.com\/ismaelcolosi.com.br\/wp-content\/uploads\/2024\/06\/Copia-de-Copia-de-TAMANHO-EXATO-PARA-FOTOS-NO-SISTEMA-NOVO-90_2024-06-21_22-51-57_png_2024-06-21_22-51-57.webp.webp?fit=1200%2C675&ssl=1&resize=1050%2C600 3x"},"classes":[]},{"id":40223,"url":"https:\/\/ismaelcolosi.com.br\/index.php\/2024\/03\/01\/o-que-se-sabe-sobre-a-quadrilha-do-falso-sequestro-em-ribeirao-preto-e-regiao\/","url_meta":{"origin":3840,"position":5},"title":"O que se sabe sobre a quadrilha do falso sequestro em Ribeir\u00e3o Preto e regi\u00e3o","author":"ismaelcolosi.com.br","date":"1 de March de 2024","format":false,"excerpt":"Nesta quinta-feira (29), um homem foi preso temporariamente em Sert\u00e3ozinho, cidade na regi\u00e3o de Ribeir\u00e3o Preto, por suspeita de integrar uma quadrilha especializada em aplicar o golpe do falso sequestro, com extors\u00e3o das v\u00edtimas mediante a entrega de joias. O grupo \u00e9 suspeito de aplicar tr\u00eas golpes entre o final\u2026","rel":"","context":"In &quot;Not\u00edcias de Ribeir\u00e3o Preto-SP e Regi\u00e3o&quot;","block_context":{"text":"Not\u00edcias de Ribeir\u00e3o Preto-SP e Regi\u00e3o","link":"https:\/\/ismaelcolosi.com.br\/index.php\/category\/noticias-de-ribeirao-preto-sp-e-regiao-ismael-colosi\/"},"img":{"alt_text":"","src":"https:\/\/i0.wp.com\/ismaelcolosi.com.br\/wp-content\/uploads\/2024\/03\/cpj_1024x576_21012021092745.jpg?fit=1024%2C575&ssl=1&resize=350%2C200","width":350,"height":200,"srcset":"https:\/\/i0.wp.com\/ismaelcolosi.com.br\/wp-content\/uploads\/2024\/03\/cpj_1024x576_21012021092745.jpg?fit=1024%2C575&ssl=1&resize=350%2C200 1x, https:\/\/i0.wp.com\/ismaelcolosi.com.br\/wp-content\/uploads\/2024\/03\/cpj_1024x576_21012021092745.jpg?fit=1024%2C575&ssl=1&resize=525%2C300 1.5x, https:\/\/i0.wp.com\/ismaelcolosi.com.br\/wp-content\/uploads\/2024\/03\/cpj_1024x576_21012021092745.jpg?fit=1024%2C575&ssl=1&resize=700%2C400 2x"},"classes":[]}],"jetpack_sharing_enabled":true,"jetpack_shortlink":"https:\/\/wp.me\/pfMlyK-ZW","_links":{"self":[{"href":"https:\/\/ismaelcolosi.com.br\/index.php\/wp-json\/wp\/v2\/posts\/3840","targetHints":{"allow":["GET"]}}],"collection":[{"href":"https:\/\/ismaelcolosi.com.br\/index.php\/wp-json\/wp\/v2\/posts"}],"about":[{"href":"https:\/\/ismaelcolosi.com.br\/index.php\/wp-json\/wp\/v2\/types\/post"}],"author":[{"embeddable":true,"href":"https:\/\/ismaelcolosi.com.br\/index.php\/wp-json\/wp\/v2\/users\/1"}],"replies":[{"embeddable":true,"href":"https:\/\/ismaelcolosi.com.br\/index.php\/wp-json\/wp\/v2\/comments?post=3840"}],"version-history":[{"count":0,"href":"https:\/\/ismaelcolosi.com.br\/index.php\/wp-json\/wp\/v2\/posts\/3840\/revisions"}],"wp:featuredmedia":[{"embeddable":true,"href":"https:\/\/ismaelcolosi.com.br\/index.php\/wp-json\/wp\/v2\/media\/3841"}],"wp:attachment":[{"href":"https:\/\/ismaelcolosi.com.br\/index.php\/wp-json\/wp\/v2\/media?parent=3840"}],"wp:term":[{"taxonomy":"category","embeddable":true,"href":"https:\/\/ismaelcolosi.com.br\/index.php\/wp-json\/wp\/v2\/categories?post=3840"},{"taxonomy":"post_tag","embeddable":true,"href":"https:\/\/ismaelcolosi.com.br\/index.php\/wp-json\/wp\/v2\/tags?post=3840"}],"curies":[{"name":"wp","href":"https:\/\/api.w.org\/{rel}","templated":true}]}}