{"id":37937,"date":"2024-02-19T13:17:19","date_gmt":"2024-02-19T16:17:19","guid":{"rendered":"https:\/\/ismaelcolosi.com.br\/index.php\/2024\/02\/19\/carrefour-cargos-de-abilio-diniz-ficarao-vagos-por-ora\/"},"modified":"2024-02-19T13:17:19","modified_gmt":"2024-02-19T16:17:19","slug":"carrefour-cargos-de-abilio-diniz-ficarao-vagos-por-ora","status":"publish","type":"post","link":"https:\/\/ismaelcolosi.com.br\/index.php\/2024\/02\/19\/carrefour-cargos-de-abilio-diniz-ficarao-vagos-por-ora\/","title":{"rendered":"Carrefour: cargos de Abilio Diniz ficar\u00e3o vagos por ora"},"content":{"rendered":"<p> <br \/>\n<\/p>\n<div>\n<div id=\"attachment_595996\" class=\"wp-caption alignnone style=\" max-width:=\"\"><img data-recalc-dims=\"1\" fetchpriority=\"high\" decoding=\"async\" class=\"alignnone wp-image-595996 size-full\" src=\"https:\/\/i0.wp.com\/forbes.com.br\/wp-content\/uploads\/2024\/02\/money-abilio-diniz-carrefour-768x512.jpg?resize=678%2C452&#038;ssl=1\" http:=\"\" alt=\"abilio diniz\" width=\"678\" height=\"452\" data-lazy-src=\"https:\/\/forbes.com.br\/wp-content\/uploads\/2024\/02\/money-abilio-diniz-carrefour-768x512.jpg\"\/><noscript><img data-recalc-dims=\"1\" fetchpriority=\"high\" decoding=\"async\" class=\"alignnone wp-image-595996 size-full\" src=\"https:\/\/i0.wp.com\/forbes.com.br\/wp-content\/uploads\/2024\/02\/money-abilio-diniz-carrefour-768x512.jpg?resize=678%2C452&#038;ssl=1\" alt=\"abilio diniz\" width=\"678\" height=\"452\"\/><\/noscript><\/p>\n<p>Paulo Whitaker\/Reuters<\/p>\n<p class=\"wp-caption-text\">Abilio Diniz, fundador do Grupo P\u00e3o de A\u00e7\u00facar, foi um dos empres\u00e1rios mais importantes do pa\u00eds<\/p>\n<\/div>\n<p>O Carrefour Brasil afirmou na noite do domingo (18) que os cargos ocupados pelo empres\u00e1rio Abilio Diniz, que morreu neste fim de semana aos 87 anos, ficar\u00e3o vagos momentaneamente, at\u00e9 que o conselho de administra\u00e7\u00e3o da rede varejista tome decis\u00e3o sobre seus sucessores.<\/p>\n<p>Diniz morreu v\u00edtima de insufici\u00eancia respirat\u00f3ria em fun\u00e7\u00e3o de uma pneumonite. O empres\u00e1rio estava internado no hospital Albert Einstein em S\u00e3o Paulo h\u00e1 alguns dias. O executivo era um dos principais acionistas do grupo Carrefour Brasil, e do franc\u00eas Carrefour, por meio de sua holding de investimentos Pen\u00ednsula.<\/p>\n<ul>\n<li><b>Siga a<\/b><a href=\"https:\/\/whatsapp.com\/channel\/0029Va9gQKwBFLgM96cJnu0u\"> <b>Forbes<\/b><\/a><b> no WhatsApp e receba as principais not\u00edcias sobre neg\u00f3cios, carreira, tecnologia e estilo de vida<\/b><\/li>\n<\/ul>\n<p>No Carrefour Brasil, Diniz ocupava a vice-presid\u00eancia do conselho de administra\u00e7\u00e3o da empresa, maior rede de varejo alimentar do pa\u00eds. O empres\u00e1rio tamb\u00e9m presidia o comit\u00ea de talentos, cultura e integra\u00e7\u00e3o da rede.<\/p>\n<p>As a\u00e7\u00f5es do Carrefour Brasil estavam entre as principais perdas do Ibovespa nesta segunda-feira (19), exibindo queda de mais de 2% \u00e0s 11h17, enquanto o \u00edndice marcava baixa de 0,4%.<\/p>\n<p>Procurada na manh\u00e3 desta segunda-feira no Brasil, a Pen\u00ednsula n\u00e3o p\u00f4de comentar de imediato como fica o plano de sucess\u00e3o na holding e seus investimentos no grupo Carrefour.<\/p>\n<p>Em Paris, a Pen\u00ednsula afirmou \u201ccompromisso de longo prazo\u201d com o grupo Carrefour. A holding que administra os investimentos da fam\u00edlia do empres\u00e1rio \u00e9 a segunda maior acionista do Carrefour.<\/p>\n<p>A Pen\u00ednsula, que possui 7,3% do Carrefour Brasil, citou ainda que continuar\u00e1 a trazer para o Carrefour apoio de sua equipe e seu conhecimento setorial.<\/p>\n<p>Questionado em 10 de janeiro por jornalistas da CNN Brasil, onde mantinha um programa de entrevistas, sobre planos de sucess\u00e3o, Diniz respondeu que \u201cnunca me preocupei com o legado, eu gosto do aqui e agora\u201d.<\/p>\n<p>Analistas do JPMorgan afirmam em relat\u00f3rio a clientes nesta segunda-feira que a morte de Diniz deve \u201cprovavelmente trazer mais volatilidade\u201d para as a\u00e7\u00f5es do Carrefour Brasil.<\/p>\n<p>\u201cAcreditamos que ele (Diniz) vinha sendo uma voz importante em recentes mudan\u00e7as na gest\u00e3o (do Carrefour Brasil), trazendo mais independ\u00eancia da Fran\u00e7a para os neg\u00f3cios locais, principalmente para o Atacad\u00e3o, e na mudan\u00e7a de estrat\u00e9gia para acelerar iniciativas de reestrutura\u00e7\u00e3o, incluindo fechamento de lojas\u201d, afirmaram os analistas.<\/p>\n<p>\u201cAcreditamos que o infeliz falecimento vai levantar quest\u00f5es entre os investidores se as mudan\u00e7as ser\u00e3o preservadas na aus\u00eancia de sua forte voz no conselho (de administra\u00e7\u00e3o do Carrefour Brasil)\u201d, escreveram os analistas do JPMorgan.<\/p>\n<p>O Carrefour Brasil divulga resultados de quarto trimestre de 2023 ap\u00f3s o fechamento dos mercados nesta segunda-feira e executivos da companhia discorrer\u00e3o na ter\u00e7a-feira sobre os dados e perspectivas da companhia.<\/p>\n<h2>Naouri lamenta morte de Abilio Diniz<\/h2>\n<p>O presidente do Grupo Casino Guichard-Perrachon, Jean-Charles Naouri, com quem Diniz travou no in\u00edcio da d\u00e9cada passada uma intensa disputa pelo controle do ent\u00e3o Grupo P\u00e3o de A\u00e7\u00facar, hoje GPA, vencida pelo empres\u00e1rio franco-argelino, lamentou a morte do brasileiro nesta segunda-feira.<\/p>\n<p>\u201cAbilio foi um empreendedor incans\u00e1vel e que acima de tudo jamais abandonou seu otimismo com o Brasil. Seu legado ser\u00e1 sempre lembrado como um dos maiores nomes do varejo alimentar no mundo\u201d, afirmou Naouri em comunicado \u00e0 imprensa.<\/p>\n<p>J\u00e1 o GPA afirmou que Diniz teve uma \u201csignificativa contribui\u00e7\u00e3o para o crescimento e consolida\u00e7\u00e3o do varejo brasileiro\u201d e que \u201csua lideran\u00e7a e inova\u00e7\u00f5es moldaram o setor, impactando positivamente a economia nacional\u201d.<\/p>\n<p>Por sua vez, o grupo Casas Bahia, anteriormente chamado de Via Varejo e parte do GPA at\u00e9 2019, tamb\u00e9m lamentou a morte do empres\u00e1rio e afirmou que Diniz \u201cajudou a construir a hist\u00f3ria da nossa marca. Que o legado dele perdure como inspira\u00e7\u00e3o para todos n\u00f3s\u201d.<\/p>\n<\/div>\n<p><script type=\"rocketlazyloadscript\">\n\t\t\t\t(function(d, s, id){\n\t\t\t\t\tvar js, fjs = d.getElementsByTagName(s)[0];\n\t\t\t\t\tif (d.getElementById(id)) return;\n\t\t\t\t\tjs = d.createElement(s); js.id = id;\n\t\t\t\t\tjs.src = \"\/\/connect.facebook.net\/pt_BR\/sdk.js#xfbml=1&version=v2.9\";\n\t\t\t\t\tfjs.parentNode.insertBefore(js, fjs);\n\t\t\t\t}(document, 'script', 'facebook-jssdk'));\n\t\t\t<\/script><br \/>\n<br \/><br \/>\n<br \/><a href=\"https:\/\/forbes.com.br\/forbes-money\/2024\/02\/carrefour-diz-que-cargos-de-abilio-diniz-ficarao-vagos-momentaneamente\/\">Source link <\/a><\/p>\n<div class='code-block code-block-4' style='margin: 8px auto 8px 0; text-align: left; display: block; clear: both;'>\n\ud83d\udce2 Aviso Legal\n\nO site ismaelcolosi.com.br atua apenas como um canal de divulga\u00e7\u00e3o de oportunidades de emprego e n\u00e3o se responsabiliza pelo processo seletivo, contrata\u00e7\u00e3o ou qualquer outra etapa relacionada \u00e0s vagas publicadas. Todas as informa\u00e7\u00f5es s\u00e3o de responsabilidade dos anunciantes.\n\n\u26a0\ufe0f Aten\u00e7\u00e3o! Nunca pague por promessas de emprego nem compre cursos que garantam contrata\u00e7\u00e3o. Desconfie de qualquer cobran\u00e7a para participar de sele\u00e7\u00f5es.\n\n\n\n<\/div>\n<!-- CONTENT END 1 -->\n","protected":false},"excerpt":{"rendered":"<p>Paulo Whitaker\/Reuters Abilio Diniz, fundador do Grupo P\u00e3o de A\u00e7\u00facar, foi um dos empres\u00e1rios mais importantes do pa\u00eds O Carrefour Brasil afirmou na noite do&#8230;<\/p>\n","protected":false},"author":1,"featured_media":37938,"comment_status":"open","ping_status":"open","sticky":false,"template":"","format":"standard","meta":{"_uag_custom_page_level_css":"","advanced_seo_description":"","jetpack_seo_html_title":"","jetpack_seo_noindex":false,"jetpack_post_was_ever_published":false,"_jetpack_newsletter_access":"","_jetpack_dont_email_post_to_subs":false,"_jetpack_newsletter_tier_id":0,"_jetpack_memberships_contains_paywalled_content":false,"_jetpack_memberships_contains_paid_content":false,"footnotes":"","jetpack_publicize_message":"","jetpack_publicize_feature_enabled":true,"jetpack_social_post_already_shared":true,"jetpack_social_options":{"image_generator_settings":{"template":"highway","default_image_id":0,"font":"","enabled":false},"version":2}},"categories":[1964],"tags":[],"class_list":["post-37937","post","type-post","status-publish","format-standard","has-post-thumbnail","hentry","category-carreira-e-sucesso-dicas-para-carreira"],"jetpack_publicize_connections":[],"jetpack_featured_media_url":"https:\/\/i0.wp.com\/ismaelcolosi.com.br\/wp-content\/uploads\/2024\/02\/money-abilio-diniz-carrefour-1024x683.jpg?fit=1024%2C683&ssl=1","uagb_featured_image_src":{"full":["https:\/\/i0.wp.com\/ismaelcolosi.com.br\/wp-content\/uploads\/2024\/02\/money-abilio-diniz-carrefour-1024x683.jpg?fit=1024%2C683&ssl=1",1024,683,false],"thumbnail":["https:\/\/i0.wp.com\/ismaelcolosi.com.br\/wp-content\/uploads\/2024\/02\/money-abilio-diniz-carrefour-1024x683.jpg?resize=150%2C150&ssl=1",150,150,true],"medium":["https:\/\/i0.wp.com\/ismaelcolosi.com.br\/wp-content\/uploads\/2024\/02\/money-abilio-diniz-carrefour-1024x683.jpg?fit=300%2C200&ssl=1",300,200,true],"medium_large":["https:\/\/i0.wp.com\/ismaelcolosi.com.br\/wp-content\/uploads\/2024\/02\/money-abilio-diniz-carrefour-1024x683.jpg?fit=768%2C512&ssl=1",768,512,true],"large":["https:\/\/i0.wp.com\/ismaelcolosi.com.br\/wp-content\/uploads\/2024\/02\/money-abilio-diniz-carrefour-1024x683.jpg?fit=1024%2C683&ssl=1",1024,683,true],"1536x1536":["https:\/\/i0.wp.com\/ismaelcolosi.com.br\/wp-content\/uploads\/2024\/02\/money-abilio-diniz-carrefour-1024x683.jpg?fit=1024%2C683&ssl=1",1024,683,true],"2048x2048":["https:\/\/i0.wp.com\/ismaelcolosi.com.br\/wp-content\/uploads\/2024\/02\/money-abilio-diniz-carrefour-1024x683.jpg?fit=1024%2C683&ssl=1",1024,683,true],"really-simple-thumb":["https:\/\/i0.wp.com\/ismaelcolosi.com.br\/wp-content\/uploads\/2024\/02\/money-abilio-diniz-carrefour-1024x683.jpg?resize=370%2C247&ssl=1",370,247,true]},"uagb_author_info":{"display_name":"ismaelcolosi.com.br","author_link":"https:\/\/ismaelcolosi.com.br\/index.php\/author\/vidareal-online\/"},"uagb_comment_info":0,"uagb_excerpt":"Paulo Whitaker\/Reuters Abilio Diniz, fundador do Grupo P\u00e3o de A\u00e7\u00facar, foi um dos empres\u00e1rios mais importantes do pa\u00eds O Carrefour Brasil afirmou na noite do...","jetpack-related-posts":[{"id":37957,"url":"https:\/\/ismaelcolosi.com.br\/index.php\/2024\/02\/19\/5-licoes-de-abilio-diniz-para-os-negocios-e-para-a-vida\/","url_meta":{"origin":37937,"position":0},"title":"5 li\u00e7\u00f5es de Abilio Diniz para os neg\u00f3cios e para a vida","author":"ismaelcolosi.com.br","date":"19 de February de 2024","format":false,"excerpt":"Let\u00edcia MoreiraAos 87 anos, Abilio Diniz ainda era um dos principais acionistas do grupo Carrefour Brasil, ocupando a vice-presid\u00eancia do colegiado da varejista Fundador do Grupo P\u00e3o de A\u00e7\u00facar e um dos empres\u00e1rios mais importantes do Brasil, Abilio Diniz morreu no \u00faltimo domingo (18), aos 87 anos. O empres\u00e1rio estava\u2026","rel":"","context":"In &quot;Carreira e Sucesso&quot;","block_context":{"text":"Carreira e Sucesso","link":"https:\/\/ismaelcolosi.com.br\/index.php\/category\/carreira-e-sucesso-dicas-para-carreira\/"},"img":{"alt_text":"","src":"https:\/\/i0.wp.com\/ismaelcolosi.com.br\/wp-content\/uploads\/2024\/02\/carreira-abilio-diniz-1024x683.jpg?fit=1024%2C683&ssl=1&resize=350%2C200","width":350,"height":200,"srcset":"https:\/\/i0.wp.com\/ismaelcolosi.com.br\/wp-content\/uploads\/2024\/02\/carreira-abilio-diniz-1024x683.jpg?fit=1024%2C683&ssl=1&resize=350%2C200 1x, https:\/\/i0.wp.com\/ismaelcolosi.com.br\/wp-content\/uploads\/2024\/02\/carreira-abilio-diniz-1024x683.jpg?fit=1024%2C683&ssl=1&resize=525%2C300 1.5x, https:\/\/i0.wp.com\/ismaelcolosi.com.br\/wp-content\/uploads\/2024\/02\/carreira-abilio-diniz-1024x683.jpg?fit=1024%2C683&ssl=1&resize=700%2C400 2x"},"classes":[]},{"id":39167,"url":"https:\/\/ismaelcolosi.com.br\/index.php\/2024\/02\/23\/kelly-diniz-presidente-da-brasilux-destaca-o-potencial-da-industria-do-interior-em-evento-de-lideres-em-sao-paulo\/","url_meta":{"origin":37937,"position":1},"title":"Kelly Diniz, presidente da Brasilux, destaca o potencial da ind\u00fastria do interior em evento de l\u00edderes em S\u00e3o Paulo","author":"ismaelcolosi.com.br","date":"23 de February de 2024","format":false,"excerpt":"23 de fevereiro de 2024 | 14:4423 de fevereiro de 2024 | 14:56 0Sab I CEO reuniu 50 CEOs das principais companhias brasileirasKelly Diniz, presidente da\u00a0Brasilux, foi uma das executivas de destaque no evento Sab | CEO, ocorrido de 31 de janeiro a 2 de fevereiro, em Ces\u00e1rio Lange, S\u00e3o\u2026","rel":"","context":"In &quot;Not\u00edcias de Ribeir\u00e3o Preto-SP e Regi\u00e3o&quot;","block_context":{"text":"Not\u00edcias de Ribeir\u00e3o Preto-SP e Regi\u00e3o","link":"https:\/\/ismaelcolosi.com.br\/index.php\/category\/noticias-de-ribeirao-preto-sp-e-regiao-ismael-colosi\/"},"img":{"alt_text":"","src":"https:\/\/i0.wp.com\/ismaelcolosi.com.br\/wp-content\/uploads\/2024\/02\/KellyDiniz-2-scaled-e1708710950853.jpg?fit=200%2C300&ssl=1&resize=350%2C200","width":350,"height":200},"classes":[]},{"id":21690,"url":"https:\/\/ismaelcolosi.com.br\/index.php\/2023\/12\/28\/fernando-diniz-e-abel-ferreira-disputam-com-tecnicos-argentinos-o-premio-de-rei-da-america\/","url_meta":{"origin":37937,"position":2},"title":"Fernando Diniz e Abel Ferreira disputam com t\u00e9cnicos argentinos o pr\u00eamio de &#8216;Rei da Am\u00e9rica&#8217;","author":"ismaelcolosi.com.br","date":"28 de December de 2023","format":false,"excerpt":"28 de dezembro de 2023 | 10:0027 de dezembro de 2023 | 15:40 0O treinador brasileiro Fernando Diniz e o portugu\u00eas Abel Ferreira v\u00e3o disputar domingo o 38\u00ba pr\u00eamio \u2018Rei da Am\u00e9rica\u2019 do jornal uruguaio \u2018El Pa\u00eds\u2019, juntamente com os argentinos Lionel Scaloni, Marcelo Bielsa e Luis Zubeld\u00eda.T\u00e9cnico da sele\u00e7\u00e3o\u2026","rel":"","context":"In &quot;Not\u00edcias de Ribeir\u00e3o Preto-SP e Regi\u00e3o&quot;","block_context":{"text":"Not\u00edcias de Ribeir\u00e3o Preto-SP e Regi\u00e3o","link":"https:\/\/ismaelcolosi.com.br\/index.php\/category\/noticias-de-ribeirao-preto-sp-e-regiao-ismael-colosi\/"},"img":{"alt_text":"","src":"https:\/\/i0.wp.com\/ismaelcolosi.com.br\/wp-content\/uploads\/2023\/12\/Fernando-Diniz-e-Abel-Ferreira-disputam-o-premio-d0016090300202312271314-750x375-1.jpg?fit=750%2C375&ssl=1&resize=350%2C200","width":350,"height":200,"srcset":"https:\/\/i0.wp.com\/ismaelcolosi.com.br\/wp-content\/uploads\/2023\/12\/Fernando-Diniz-e-Abel-Ferreira-disputam-o-premio-d0016090300202312271314-750x375-1.jpg?fit=750%2C375&ssl=1&resize=350%2C200 1x, https:\/\/i0.wp.com\/ismaelcolosi.com.br\/wp-content\/uploads\/2023\/12\/Fernando-Diniz-e-Abel-Ferreira-disputam-o-premio-d0016090300202312271314-750x375-1.jpg?fit=750%2C375&ssl=1&resize=525%2C300 1.5x, https:\/\/i0.wp.com\/ismaelcolosi.com.br\/wp-content\/uploads\/2023\/12\/Fernando-Diniz-e-Abel-Ferreira-disputam-o-premio-d0016090300202312271314-750x375-1.jpg?fit=750%2C375&ssl=1&resize=700%2C400 2x"},"classes":[]},{"id":7308,"url":"https:\/\/ismaelcolosi.com.br\/index.php\/2023\/11\/27\/maior-navio-da-temporada-msc-grandiosa-faz-sua-estreia-no-brasil\/","url_meta":{"origin":37937,"position":3},"title":"Maior navio da temporada, MSC Grandiosa faz sua estreia no Brasil","author":"ismaelcolosi.com.br","date":"27 de November de 2023","format":false,"excerpt":"Maior navio de passageiros a navegar em \u00e1guas brasileiras, o MSC Grandiosa fez sua viagem inaugural na temporada brasileira de cruzeiros 2023\/2024 neste domingo, 26. Durante sua temporada pelo Brasil, o MSC Grandiosa far\u00e1 roteiros de 6 e 7 noites, com embarques em Santos e escalas alternadas em B\u00fazios, Ilha\u2026","rel":"","context":"In &quot;Variedades&quot;","block_context":{"text":"Variedades","link":"https:\/\/ismaelcolosi.com.br\/index.php\/category\/variedades\/"},"img":{"alt_text":"","src":"https:\/\/i0.wp.com\/ismaelcolosi.com.br\/wp-content\/uploads\/2023\/11\/msc-grandiosa-promenade1-scaled.jpg?fit=1200%2C638&ssl=1&resize=350%2C200","width":350,"height":200,"srcset":"https:\/\/i0.wp.com\/ismaelcolosi.com.br\/wp-content\/uploads\/2023\/11\/msc-grandiosa-promenade1-scaled.jpg?fit=1200%2C638&ssl=1&resize=350%2C200 1x, https:\/\/i0.wp.com\/ismaelcolosi.com.br\/wp-content\/uploads\/2023\/11\/msc-grandiosa-promenade1-scaled.jpg?fit=1200%2C638&ssl=1&resize=525%2C300 1.5x, https:\/\/i0.wp.com\/ismaelcolosi.com.br\/wp-content\/uploads\/2023\/11\/msc-grandiosa-promenade1-scaled.jpg?fit=1200%2C638&ssl=1&resize=700%2C400 2x, https:\/\/i0.wp.com\/ismaelcolosi.com.br\/wp-content\/uploads\/2023\/11\/msc-grandiosa-promenade1-scaled.jpg?fit=1200%2C638&ssl=1&resize=1050%2C600 3x"},"classes":[]},{"id":15471,"url":"https:\/\/ismaelcolosi.com.br\/index.php\/2023\/12\/13\/parque-tematico-no-maranhao-vai-ganhar-resort-com-160-quartos\/","url_meta":{"origin":37937,"position":4},"title":"Parque tem\u00e1tico no Maranh\u00e3o vai ganhar resort com 160 quartos","author":"ismaelcolosi.com.br","date":"13 de December de 2023","format":false,"excerpt":"O maior parque aqu\u00e1tico do Maranh\u00e3o, o Valpara\u00edso Adventure Park, em Pa\u00e7o do Lumiar, munic\u00edpio vizinho a capital S\u00e3o Lu\u00eds, vai ganhar um complexo hoteleiro com 160 quartos. O an\u00fancio foi feito na \u00faltima sexta-feira, 8, por Carlos Madeira, idealizar do complexo de lazer maranhense que em 2024 completa 18\u2026","rel":"","context":"In &quot;Variedades&quot;","block_context":{"text":"Variedades","link":"https:\/\/ismaelcolosi.com.br\/index.php\/category\/variedades\/"},"img":{"alt_text":"","src":"https:\/\/i0.wp.com\/ismaelcolosi.com.br\/wp-content\/uploads\/2023\/12\/20231208-123133-scaled.jpg?fit=1200%2C638&ssl=1&resize=350%2C200","width":350,"height":200,"srcset":"https:\/\/i0.wp.com\/ismaelcolosi.com.br\/wp-content\/uploads\/2023\/12\/20231208-123133-scaled.jpg?fit=1200%2C638&ssl=1&resize=350%2C200 1x, https:\/\/i0.wp.com\/ismaelcolosi.com.br\/wp-content\/uploads\/2023\/12\/20231208-123133-scaled.jpg?fit=1200%2C638&ssl=1&resize=525%2C300 1.5x, https:\/\/i0.wp.com\/ismaelcolosi.com.br\/wp-content\/uploads\/2023\/12\/20231208-123133-scaled.jpg?fit=1200%2C638&ssl=1&resize=700%2C400 2x, https:\/\/i0.wp.com\/ismaelcolosi.com.br\/wp-content\/uploads\/2023\/12\/20231208-123133-scaled.jpg?fit=1200%2C638&ssl=1&resize=1050%2C600 3x"},"classes":[]},{"id":86560,"url":"https:\/\/ismaelcolosi.com.br\/index.php\/2025\/07\/08\/quem-e-o-novo-ceo-do-carrefour\/","url_meta":{"origin":37937,"position":5},"title":"Quem \u00e9 o Novo CEO do Carrefour","author":"ismaelcolosi.com.br","date":"8 de July de 2025","format":false,"excerpt":"\r Divulga\u00e7\u00e3o\/Romeo Campos_Abelha Digital\r Pablo Lorenzo, novo CEO do Carrefour na Am\u00e9rica Latina, come\u00e7ou na empresa como estagi\u00e1rio \r Acessibilidade \r L\r L\r A-\r A+\r \r \u25d0\r \r \u00a0 A partir de 14 de julho, Pablo Lorenzo assume como novo CEO do Carrefour na Am\u00e9rica Latina, substituindo St\u00e9phane Maquaire, que\u2026","rel":"","context":"In &quot;Carreira e Sucesso&quot;","block_context":{"text":"Carreira e Sucesso","link":"https:\/\/ismaelcolosi.com.br\/index.php\/category\/carreira-e-sucesso-dicas-para-carreira\/"},"img":{"alt_text":"","src":"https:\/\/i0.wp.com\/ismaelcolosi.com.br\/wp-content\/uploads\/2025\/07\/forbes-carrefour-pablo-lorenzo-1200x675.jpg?fit=1200%2C675&ssl=1&resize=350%2C200","width":350,"height":200,"srcset":"https:\/\/i0.wp.com\/ismaelcolosi.com.br\/wp-content\/uploads\/2025\/07\/forbes-carrefour-pablo-lorenzo-1200x675.jpg?fit=1200%2C675&ssl=1&resize=350%2C200 1x, https:\/\/i0.wp.com\/ismaelcolosi.com.br\/wp-content\/uploads\/2025\/07\/forbes-carrefour-pablo-lorenzo-1200x675.jpg?fit=1200%2C675&ssl=1&resize=525%2C300 1.5x, https:\/\/i0.wp.com\/ismaelcolosi.com.br\/wp-content\/uploads\/2025\/07\/forbes-carrefour-pablo-lorenzo-1200x675.jpg?fit=1200%2C675&ssl=1&resize=700%2C400 2x, https:\/\/i0.wp.com\/ismaelcolosi.com.br\/wp-content\/uploads\/2025\/07\/forbes-carrefour-pablo-lorenzo-1200x675.jpg?fit=1200%2C675&ssl=1&resize=1050%2C600 3x"},"classes":[]}],"jetpack_sharing_enabled":true,"jetpack_shortlink":"https:\/\/wp.me\/pfMlyK-9RT","_links":{"self":[{"href":"https:\/\/ismaelcolosi.com.br\/index.php\/wp-json\/wp\/v2\/posts\/37937","targetHints":{"allow":["GET"]}}],"collection":[{"href":"https:\/\/ismaelcolosi.com.br\/index.php\/wp-json\/wp\/v2\/posts"}],"about":[{"href":"https:\/\/ismaelcolosi.com.br\/index.php\/wp-json\/wp\/v2\/types\/post"}],"author":[{"embeddable":true,"href":"https:\/\/ismaelcolosi.com.br\/index.php\/wp-json\/wp\/v2\/users\/1"}],"replies":[{"embeddable":true,"href":"https:\/\/ismaelcolosi.com.br\/index.php\/wp-json\/wp\/v2\/comments?post=37937"}],"version-history":[{"count":0,"href":"https:\/\/ismaelcolosi.com.br\/index.php\/wp-json\/wp\/v2\/posts\/37937\/revisions"}],"wp:featuredmedia":[{"embeddable":true,"href":"https:\/\/ismaelcolosi.com.br\/index.php\/wp-json\/wp\/v2\/media\/37938"}],"wp:attachment":[{"href":"https:\/\/ismaelcolosi.com.br\/index.php\/wp-json\/wp\/v2\/media?parent=37937"}],"wp:term":[{"taxonomy":"category","embeddable":true,"href":"https:\/\/ismaelcolosi.com.br\/index.php\/wp-json\/wp\/v2\/categories?post=37937"},{"taxonomy":"post_tag","embeddable":true,"href":"https:\/\/ismaelcolosi.com.br\/index.php\/wp-json\/wp\/v2\/tags?post=37937"}],"curies":[{"name":"wp","href":"https:\/\/api.w.org\/{rel}","templated":true}]}}