{"id":37935,"date":"2024-02-19T13:11:18","date_gmt":"2024-02-19T16:11:18","guid":{"rendered":"https:\/\/ismaelcolosi.com.br\/index.php\/2024\/02\/19\/hemocentro-e-faepa-tem-vagas-de-emprego-em-ribeirao-preto-confira\/"},"modified":"2024-02-19T13:11:18","modified_gmt":"2024-02-19T16:11:18","slug":"hemocentro-e-faepa-tem-vagas-de-emprego-em-ribeirao-preto-confira","status":"publish","type":"post","link":"https:\/\/ismaelcolosi.com.br\/index.php\/2024\/02\/19\/hemocentro-e-faepa-tem-vagas-de-emprego-em-ribeirao-preto-confira\/","title":{"rendered":"Hemocentro e Faepa t\u00eam vagas de emprego em Ribeir\u00e3o Preto; Confira"},"content":{"rendered":"<p> <br \/>\n<\/p>\n<p>O<strong><a href=\"https:\/\/www.hemocentro.fmrp.usp.br\/\" target=\"_blank\" rel=\"noreferrer noopener nofollow\"> Hemocentro de Ribeir\u00e3o Preto<\/a><\/strong> e a<strong><a href=\"https:\/\/faepa.br\/\" target=\"_blank\" rel=\"noreferrer noopener nofollow\"> Faepa (Funda\u00e7\u00e3o DE Apoio ao Ensino, Pesquisa e Assist\u00eancia do Hospital das Cl\u00ednicas de Ribeir\u00e3o Preto)<\/a><\/strong> contam com tr\u00eas vagas de emprego dispon\u00edveis nesta segunda-feira (19).<\/p>\n<p>Os interessados devem fazer as inscri\u00e7\u00f5es nos processos seletivos pela internet. Veja como participar:<\/p>\n<h4 class=\"wp-block-heading\"><strong>Hemocentro<\/strong><\/h4>\n<p>O <strong>Hemocentro de Ribeir\u00e3o Preto<\/strong> conta com uma vaga para t\u00e9cnico em seguran\u00e7a do trabalho Jr. <mark style=\"background-color:#fcb900\" class=\"has-inline-color has-black-color\">Os sal\u00e1rios para fun\u00e7\u00e3o s\u00e3o de R$ 3.950<\/mark>, al\u00e9m de vale alimenta\u00e7\u00e3o de R$ 1 mil mensais.<\/p>\n<p>As inscri\u00e7\u00f5es devem ser realizadas pela internet <a href=\"https:\/\/www.hemocentro.fmrp.usp.br\/\" target=\"_blank\" rel=\"noreferrer noopener nofollow\">(clique aqui)<\/a> at\u00e9 as 23h59 do dia 22 de fevereiro. A taxa de inscri\u00e7\u00e3o custa R$ 40.<\/p>\n<h4 class=\"wp-block-heading\"><strong>Faepa<\/strong><\/h4>\n<p>J\u00e1<strong> Faepa <\/strong>conta com duas vagas dispon\u00edveis. A primeira \u00e9 para contrata\u00e7\u00e3o de t\u00e9cnico em refrigera\u00e7\u00e3o, com <mark style=\"background-color:#fcb900\" class=\"has-inline-color has-black-color\">sal\u00e1rios de R$ 2.354,20<\/mark>, al\u00e9m de aux\u00edlio-alimenta\u00e7\u00e3o de R$ 120.<\/p>\n<p>As inscri\u00e7\u00f5es devem ser realizadas pela internet (<a href=\"https:\/\/faepa.br\/processos-seletivos\/#1670877807395-173853a9-a269\" target=\"_blank\" rel=\"noreferrer noopener nofollow\">clique aqui<\/a>) at\u00e9 as 14h desta segunda-feira (19). O valor da taxa de inscri\u00e7\u00e3o custa R$ 45.<\/p>\n<p>A outra vaga dispon\u00edvel \u00e9 para o cargo de m\u00e9dico nefrologista para o Hospital das Cl\u00ednicas. As inscri\u00e7\u00f5es devem ser realizadas pela internet (<a href=\"https:\/\/faepa.br\/processos-seletivos\/#1670877807395-173853a9-a269\" target=\"_blank\" rel=\"noreferrer noopener nofollow\">clique aqui<\/a>) at\u00e9 as 14h do dia 23 de fevereiro.<\/p>\n<p><mark style=\"background-color:#fcb900\" class=\"has-inline-color has-black-color\">Os sal\u00e1rios s\u00e3o de R$ 9.118,97<\/mark>, al\u00e9m de aux\u00edlio alimenta\u00e7\u00e3o de R$ 120. A taxa de inscri\u00e7\u00e3o custa R$ 65.<\/p>\n<p>SAIBA MAIS<br \/>Alerta de chuvas intensas \u00e9 mantido no estado de S\u00e3o Paulo; Confira<\/p>\n<h4 class=\"wp-block-heading\"><strong>FIQUE ON<\/strong><\/h4>\n<p>Fique ligado em tudo que acontece em Ribeir\u00e3o Preto e regi\u00e3o. Siga os perfis do<strong> acidade on <\/strong>no <a href=\"https:\/\/www.instagram.com\/acidadeonribeirao\" target=\"_blank\" rel=\"noreferrer noopener nofollow\">Instagram<\/a> e no <a href=\"https:\/\/www.facebook.com\/acidadeonribeirao\" target=\"_blank\" rel=\"noreferrer noopener nofollow\">Facebook<\/a>.<\/p>\n<p>Receba not\u00edcias do<strong> acidade on<\/strong> no WhatsApp. <a href=\"https:\/\/chat.whatsapp.com\/Bnv2w66ZT4VDyZW3oiZ69n\" target=\"_blank\" rel=\"noreferrer noopener nofollow\">Para entrar no grupo, basta clicar aqui.<\/a><\/p>\n<p>Fa\u00e7a uma den\u00fancia ou sugira uma reportagem sobre Ribeir\u00e3o Preto e regi\u00e3o pelo WhatsApp: 16 99117 7802.<\/p>\n<p>VEJA TAMB\u00c9M<br \/>Quem vai ser eliminado do BBB 24? Parcial aponta nona eliminada<\/p>\n<p>O post Hemocentro e Faepa t\u00eam vagas de emprego em Ribeir\u00e3o Preto; Confira apareceu primeiro em ACidade ON Ribeir\u00e3o Preto.<\/p>\n<p><script async src=\"\/\/www.instagram.com\/embed.js\"><\/script><br \/>\n<br \/><br \/>\n<br \/><a href=\"https:\/\/www.acidadeon.com\/ribeiraopreto\/economia\/hemocentro-e-faepa-tem-vagas-de-emprego-em-ribeirao-preto-confira\/\">Source link <\/a><\/p>\n<div class='code-block code-block-4' style='margin: 8px auto 8px 0; text-align: left; display: block; clear: both;'>\n\ud83d\udce2 Aviso Legal\n\nO site ismaelcolosi.com.br atua apenas como um canal de divulga\u00e7\u00e3o de oportunidades de emprego e n\u00e3o se responsabiliza pelo processo seletivo, contrata\u00e7\u00e3o ou qualquer outra etapa relacionada \u00e0s vagas publicadas. Todas as informa\u00e7\u00f5es s\u00e3o de responsabilidade dos anunciantes.\n\n\u26a0\ufe0f Aten\u00e7\u00e3o! Nunca pague por promessas de emprego nem compre cursos que garantam contrata\u00e7\u00e3o. Desconfie de qualquer cobran\u00e7a para participar de sele\u00e7\u00f5es.\n\n\n\n<\/div>\n<!-- CONTENT END 1 -->\n","protected":false},"excerpt":{"rendered":"<p>O Hemocentro de Ribeir\u00e3o Preto e a Faepa (Funda\u00e7\u00e3o DE Apoio ao Ensino, Pesquisa e Assist\u00eancia do Hospital das Cl\u00ednicas de Ribeir\u00e3o Preto) contam com&#8230;<\/p>\n","protected":false},"author":1,"featured_media":37936,"comment_status":"open","ping_status":"open","sticky":false,"template":"","format":"standard","meta":{"_uag_custom_page_level_css":"","advanced_seo_description":"","jetpack_seo_html_title":"","jetpack_seo_noindex":false,"jetpack_post_was_ever_published":false,"_jetpack_newsletter_access":"","_jetpack_dont_email_post_to_subs":false,"_jetpack_newsletter_tier_id":0,"_jetpack_memberships_contains_paywalled_content":false,"_jetpack_memberships_contains_paid_content":false,"footnotes":"","jetpack_publicize_message":"","jetpack_publicize_feature_enabled":true,"jetpack_social_post_already_shared":true,"jetpack_social_options":{"image_generator_settings":{"template":"highway","default_image_id":0,"font":"","enabled":false},"version":2}},"categories":[11],"tags":[],"class_list":["post-37935","post","type-post","status-publish","format-standard","has-post-thumbnail","hentry","category-noticias-de-ribeirao-preto-sp-e-regiao-ismael-colosi"],"jetpack_publicize_connections":[],"jetpack_featured_media_url":"https:\/\/i0.wp.com\/ismaelcolosi.com.br\/wp-content\/uploads\/2024\/02\/hemocentro.png?fit=800%2C420&ssl=1","uagb_featured_image_src":{"full":["https:\/\/i0.wp.com\/ismaelcolosi.com.br\/wp-content\/uploads\/2024\/02\/hemocentro.png?fit=800%2C420&ssl=1",800,420,false],"thumbnail":["https:\/\/i0.wp.com\/ismaelcolosi.com.br\/wp-content\/uploads\/2024\/02\/hemocentro.png?resize=150%2C150&ssl=1",150,150,true],"medium":["https:\/\/i0.wp.com\/ismaelcolosi.com.br\/wp-content\/uploads\/2024\/02\/hemocentro.png?fit=300%2C158&ssl=1",300,158,true],"medium_large":["https:\/\/i0.wp.com\/ismaelcolosi.com.br\/wp-content\/uploads\/2024\/02\/hemocentro.png?fit=768%2C403&ssl=1",768,403,true],"large":["https:\/\/i0.wp.com\/ismaelcolosi.com.br\/wp-content\/uploads\/2024\/02\/hemocentro.png?fit=800%2C420&ssl=1",800,420,true],"1536x1536":["https:\/\/i0.wp.com\/ismaelcolosi.com.br\/wp-content\/uploads\/2024\/02\/hemocentro.png?fit=800%2C420&ssl=1",800,420,true],"2048x2048":["https:\/\/i0.wp.com\/ismaelcolosi.com.br\/wp-content\/uploads\/2024\/02\/hemocentro.png?fit=800%2C420&ssl=1",800,420,true],"really-simple-thumb":["https:\/\/i0.wp.com\/ismaelcolosi.com.br\/wp-content\/uploads\/2024\/02\/hemocentro.png?resize=370%2C247&ssl=1",370,247,true]},"uagb_author_info":{"display_name":"ismaelcolosi.com.br","author_link":"https:\/\/ismaelcolosi.com.br\/index.php\/author\/vidareal-online\/"},"uagb_comment_info":0,"uagb_excerpt":"O Hemocentro de Ribeir\u00e3o Preto e a Faepa (Funda\u00e7\u00e3o DE Apoio ao Ensino, Pesquisa e Assist\u00eancia do Hospital das Cl\u00ednicas de Ribeir\u00e3o Preto) contam com...","jetpack-related-posts":[{"id":49497,"url":"https:\/\/ismaelcolosi.com.br\/index.php\/2024\/05\/10\/hemocentro-de-ribeirao-preto-abre-processo-seletivo-com-salario-de-r-45-mil\/","url_meta":{"origin":37935,"position":0},"title":"Hemocentro de Ribeir\u00e3o Preto abre processo seletivo com sal\u00e1rio de R$ 4,5 mil","author":"ismaelcolosi.com.br","date":"10 de May de 2024","format":false,"excerpt":"O Hemocentro de Ribeir\u00e3o Preto abriu processo seletivo para o cargo de T\u00e9cnico de Produ\u00e7\u00e3o. O sal\u00e1rio para fun\u00e7\u00e3o \u00e9 de R$ 4.560, al\u00e9m dos benef\u00edcios, como o vale-alimenta\u00e7\u00e3o de R$ 1 mil mensais. As inscri\u00e7\u00f5es ser\u00e3o abertas na segunda-feira (13) a partir das 10h e seguem at\u00e9 \u00e0s 23h\u2026","rel":"","context":"In &quot;Not\u00edcias de Ribeir\u00e3o Preto-SP e Regi\u00e3o&quot;","block_context":{"text":"Not\u00edcias de Ribeir\u00e3o Preto-SP e Regi\u00e3o","link":"https:\/\/ismaelcolosi.com.br\/index.php\/category\/noticias-de-ribeirao-preto-sp-e-regiao-ismael-colosi\/"},"img":{"alt_text":"","src":"https:\/\/i0.wp.com\/ismaelcolosi.com.br\/wp-content\/uploads\/2024\/05\/hemocentro.png?fit=800%2C420&ssl=1&resize=350%2C200","width":350,"height":200,"srcset":"https:\/\/i0.wp.com\/ismaelcolosi.com.br\/wp-content\/uploads\/2024\/05\/hemocentro.png?fit=800%2C420&ssl=1&resize=350%2C200 1x, https:\/\/i0.wp.com\/ismaelcolosi.com.br\/wp-content\/uploads\/2024\/05\/hemocentro.png?fit=800%2C420&ssl=1&resize=525%2C300 1.5x, https:\/\/i0.wp.com\/ismaelcolosi.com.br\/wp-content\/uploads\/2024\/05\/hemocentro.png?fit=800%2C420&ssl=1&resize=700%2C400 2x"},"classes":[]},{"id":16130,"url":"https:\/\/ismaelcolosi.com.br\/index.php\/2023\/12\/15\/hemocentro-de-ribeirao-preto-tem-processo-seletivo-com-salarios-de-r-6-mil\/","url_meta":{"origin":37935,"position":1},"title":"Hemocentro de Ribeir\u00e3o Preto tem processo seletivo com sal\u00e1rios de R$ 6 mil","author":"ismaelcolosi.com.br","date":"15 de December de 2023","format":false,"excerpt":"A Funda\u00e7\u00e3o Hemocentro de Ribeir\u00e3o Preto publicou 5 editais de processo seletivo com 15 vagas dispon\u00edveis. As oportunidades s\u00e3o de n\u00edvel t\u00e9cnico e superior e os sal\u00e1rios variam entre R$ 4.560 e R$ 6.500. As inscri\u00e7\u00f5es devem ser realizadas pela internet, no site do Hemocentro de Ribeir\u00e3o Preto, at\u00e9 as\u2026","rel":"","context":"In &quot;Not\u00edcias de Ribeir\u00e3o Preto-SP e Regi\u00e3o&quot;","block_context":{"text":"Not\u00edcias de Ribeir\u00e3o Preto-SP e Regi\u00e3o","link":"https:\/\/ismaelcolosi.com.br\/index.php\/category\/noticias-de-ribeirao-preto-sp-e-regiao-ismael-colosi\/"},"img":{"alt_text":"","src":"https:\/\/i0.wp.com\/ismaelcolosi.com.br\/wp-content\/uploads\/2023\/12\/hemocentro.png?fit=800%2C420&ssl=1&resize=350%2C200","width":350,"height":200,"srcset":"https:\/\/i0.wp.com\/ismaelcolosi.com.br\/wp-content\/uploads\/2023\/12\/hemocentro.png?fit=800%2C420&ssl=1&resize=350%2C200 1x, https:\/\/i0.wp.com\/ismaelcolosi.com.br\/wp-content\/uploads\/2023\/12\/hemocentro.png?fit=800%2C420&ssl=1&resize=525%2C300 1.5x, https:\/\/i0.wp.com\/ismaelcolosi.com.br\/wp-content\/uploads\/2023\/12\/hemocentro.png?fit=800%2C420&ssl=1&resize=700%2C400 2x"},"classes":[]},{"id":31817,"url":"https:\/\/ismaelcolosi.com.br\/index.php\/2024\/01\/23\/hemocentro-de-ribeirao-tem-processo-seletivo-com-salarios-de-r-29-mil\/","url_meta":{"origin":37935,"position":2},"title":"Hemocentro de Ribeir\u00e3o tem processo seletivo com sal\u00e1rios de R$ 2,9 mil","author":"ismaelcolosi.com.br","date":"23 de January de 2024","format":false,"excerpt":"A Funda\u00e7\u00e3o Hemocentro de Ribeir\u00e3o Preto est\u00e1 com tr\u00eas processos seletivos abertos com sal\u00e1rios entre R$ 1,7 mil e R$ 2,9 mil. As vagas s\u00e3o para profissionais de n\u00edvel m\u00e9dio, t\u00e9cnico e superior. As inscri\u00e7\u00f5es devem ser realizadas pela internet, no site do Hemocentro, at\u00e9 as 23h59 do dia 25\u2026","rel":"","context":"In &quot;Not\u00edcias de Ribeir\u00e3o Preto-SP e Regi\u00e3o&quot;","block_context":{"text":"Not\u00edcias de Ribeir\u00e3o Preto-SP e Regi\u00e3o","link":"https:\/\/ismaelcolosi.com.br\/index.php\/category\/noticias-de-ribeirao-preto-sp-e-regiao-ismael-colosi\/"},"img":{"alt_text":"","src":"https:\/\/i0.wp.com\/ismaelcolosi.com.br\/wp-content\/uploads\/2024\/01\/hemocentro.png?fit=800%2C420&ssl=1&resize=350%2C200","width":350,"height":200,"srcset":"https:\/\/i0.wp.com\/ismaelcolosi.com.br\/wp-content\/uploads\/2024\/01\/hemocentro.png?fit=800%2C420&ssl=1&resize=350%2C200 1x, https:\/\/i0.wp.com\/ismaelcolosi.com.br\/wp-content\/uploads\/2024\/01\/hemocentro.png?fit=800%2C420&ssl=1&resize=525%2C300 1.5x, https:\/\/i0.wp.com\/ismaelcolosi.com.br\/wp-content\/uploads\/2024\/01\/hemocentro.png?fit=800%2C420&ssl=1&resize=700%2C400 2x"},"classes":[]},{"id":55867,"url":"https:\/\/ismaelcolosi.com.br\/index.php\/2024\/07\/06\/hemocentro-de-ribeirao-preto-abre-novo-processo-seletivo-veja-vagas-disponiveis\/","url_meta":{"origin":37935,"position":3},"title":"Hemocentro de Ribeir\u00e3o Preto abre novo processo seletivo; Veja vagas dispon\u00edveis","author":"ismaelcolosi.com.br","date":"6 de July de 2024","format":false,"excerpt":"O Hemocentro de Ribeir\u00e3o Preto abriu processo seletivo para zelador e cadastro reserva para motorista. Os sal\u00e1rios para os cargos variam entre R$ 1,6 mil e R$ 2,2 mil, al\u00e9m de benef\u00edcios, como o vale-alimenta\u00e7\u00e3o de R$ 1 mil mensais. As inscri\u00e7\u00f5es ser\u00e3o abertas na segunda-feira (8) a partir das\u2026","rel":"","context":"In &quot;Not\u00edcias de Ribeir\u00e3o Preto-SP e Regi\u00e3o&quot;","block_context":{"text":"Not\u00edcias de Ribeir\u00e3o Preto-SP e Regi\u00e3o","link":"https:\/\/ismaelcolosi.com.br\/index.php\/category\/noticias-de-ribeirao-preto-sp-e-regiao-ismael-colosi\/"},"img":{"alt_text":"","src":"https:\/\/i0.wp.com\/ismaelcolosi.com.br\/wp-content\/uploads\/2024\/07\/hemocentro.png?fit=800%2C420&ssl=1&resize=350%2C200","width":350,"height":200,"srcset":"https:\/\/i0.wp.com\/ismaelcolosi.com.br\/wp-content\/uploads\/2024\/07\/hemocentro.png?fit=800%2C420&ssl=1&resize=350%2C200 1x, https:\/\/i0.wp.com\/ismaelcolosi.com.br\/wp-content\/uploads\/2024\/07\/hemocentro.png?fit=800%2C420&ssl=1&resize=525%2C300 1.5x, https:\/\/i0.wp.com\/ismaelcolosi.com.br\/wp-content\/uploads\/2024\/07\/hemocentro.png?fit=800%2C420&ssl=1&resize=700%2C400 2x"},"classes":[]},{"id":50715,"url":"https:\/\/ismaelcolosi.com.br\/index.php\/2024\/05\/18\/hemocentro-de-ribeirao-abre-processo-seletivo-com-salarios-de-ate-r-37-mil\/","url_meta":{"origin":37935,"position":4},"title":"Hemocentro de Ribeir\u00e3o abre processo seletivo com sal\u00e1rios de at\u00e9 R$ 3,7 mil","author":"ismaelcolosi.com.br","date":"18 de May de 2024","format":false,"excerpt":"O Hemocentro de Ribeir\u00e3o Preto abriu novo processo seletivo com quatro vagas de n\u00edvel m\u00e9dio, t\u00e9cnico e superior. Os sal\u00e1rios para os cargos dispon\u00edveis variam entre R$ 1,7 mil e R$ 3,7 mil. Veja as vagas \u00a0 Edital 13\/2024 1 vaga para assistente social Jr-IA. Requisitos: ensino superior completo em\u2026","rel":"","context":"In &quot;Not\u00edcias de Ribeir\u00e3o Preto-SP e Regi\u00e3o&quot;","block_context":{"text":"Not\u00edcias de Ribeir\u00e3o Preto-SP e Regi\u00e3o","link":"https:\/\/ismaelcolosi.com.br\/index.php\/category\/noticias-de-ribeirao-preto-sp-e-regiao-ismael-colosi\/"},"img":{"alt_text":"","src":"https:\/\/i0.wp.com\/ismaelcolosi.com.br\/wp-content\/uploads\/2024\/05\/1716047315_Capturar-1.jpg?fit=950%2C628&ssl=1&resize=350%2C200","width":350,"height":200,"srcset":"https:\/\/i0.wp.com\/ismaelcolosi.com.br\/wp-content\/uploads\/2024\/05\/1716047315_Capturar-1.jpg?fit=950%2C628&ssl=1&resize=350%2C200 1x, https:\/\/i0.wp.com\/ismaelcolosi.com.br\/wp-content\/uploads\/2024\/05\/1716047315_Capturar-1.jpg?fit=950%2C628&ssl=1&resize=525%2C300 1.5x, https:\/\/i0.wp.com\/ismaelcolosi.com.br\/wp-content\/uploads\/2024\/05\/1716047315_Capturar-1.jpg?fit=950%2C628&ssl=1&resize=700%2C400 2x"},"classes":[]},{"id":56036,"url":"https:\/\/ismaelcolosi.com.br\/index.php\/2024\/07\/08\/abertas-inscricoes-para-processo-seletivo-do-hemocentro-de-ribeirao-veja-como-participar\/","url_meta":{"origin":37935,"position":5},"title":"Abertas inscri\u00e7\u00f5es para processo seletivo do Hemocentro de Ribeir\u00e3o; Veja como participar","author":"ismaelcolosi.com.br","date":"8 de July de 2024","format":false,"excerpt":"O Hemocentro de Ribeir\u00e3o Preto abriu, nesta segunda-feira (8), as inscri\u00e7\u00f5es para o processo seletivo de zelador e cadastro reserva para motorista. Os sal\u00e1rios variam entre R$ 1,6 mil e R$ 2,2 mil, al\u00e9m de benef\u00edcios, como o vale-alimenta\u00e7\u00e3o de R$ 1 mil mensais. A contrata\u00e7\u00e3o ser\u00e1 sob o regime\u2026","rel":"","context":"In &quot;Not\u00edcias de Ribeir\u00e3o Preto-SP e Regi\u00e3o&quot;","block_context":{"text":"Not\u00edcias de Ribeir\u00e3o Preto-SP e Regi\u00e3o","link":"https:\/\/ismaelcolosi.com.br\/index.php\/category\/noticias-de-ribeirao-preto-sp-e-regiao-ismael-colosi\/"},"img":{"alt_text":"","src":"https:\/\/i0.wp.com\/ismaelcolosi.com.br\/wp-content\/uploads\/2024\/07\/closeup-of-person-filling-out-questionary-form-scaled.jpg?fit=1200%2C800&ssl=1&resize=350%2C200","width":350,"height":200,"srcset":"https:\/\/i0.wp.com\/ismaelcolosi.com.br\/wp-content\/uploads\/2024\/07\/closeup-of-person-filling-out-questionary-form-scaled.jpg?fit=1200%2C800&ssl=1&resize=350%2C200 1x, https:\/\/i0.wp.com\/ismaelcolosi.com.br\/wp-content\/uploads\/2024\/07\/closeup-of-person-filling-out-questionary-form-scaled.jpg?fit=1200%2C800&ssl=1&resize=525%2C300 1.5x, https:\/\/i0.wp.com\/ismaelcolosi.com.br\/wp-content\/uploads\/2024\/07\/closeup-of-person-filling-out-questionary-form-scaled.jpg?fit=1200%2C800&ssl=1&resize=700%2C400 2x, https:\/\/i0.wp.com\/ismaelcolosi.com.br\/wp-content\/uploads\/2024\/07\/closeup-of-person-filling-out-questionary-form-scaled.jpg?fit=1200%2C800&ssl=1&resize=1050%2C600 3x"},"classes":[]}],"jetpack_sharing_enabled":true,"jetpack_shortlink":"https:\/\/wp.me\/pfMlyK-9RR","_links":{"self":[{"href":"https:\/\/ismaelcolosi.com.br\/index.php\/wp-json\/wp\/v2\/posts\/37935","targetHints":{"allow":["GET"]}}],"collection":[{"href":"https:\/\/ismaelcolosi.com.br\/index.php\/wp-json\/wp\/v2\/posts"}],"about":[{"href":"https:\/\/ismaelcolosi.com.br\/index.php\/wp-json\/wp\/v2\/types\/post"}],"author":[{"embeddable":true,"href":"https:\/\/ismaelcolosi.com.br\/index.php\/wp-json\/wp\/v2\/users\/1"}],"replies":[{"embeddable":true,"href":"https:\/\/ismaelcolosi.com.br\/index.php\/wp-json\/wp\/v2\/comments?post=37935"}],"version-history":[{"count":0,"href":"https:\/\/ismaelcolosi.com.br\/index.php\/wp-json\/wp\/v2\/posts\/37935\/revisions"}],"wp:featuredmedia":[{"embeddable":true,"href":"https:\/\/ismaelcolosi.com.br\/index.php\/wp-json\/wp\/v2\/media\/37936"}],"wp:attachment":[{"href":"https:\/\/ismaelcolosi.com.br\/index.php\/wp-json\/wp\/v2\/media?parent=37935"}],"wp:term":[{"taxonomy":"category","embeddable":true,"href":"https:\/\/ismaelcolosi.com.br\/index.php\/wp-json\/wp\/v2\/categories?post=37935"},{"taxonomy":"post_tag","embeddable":true,"href":"https:\/\/ismaelcolosi.com.br\/index.php\/wp-json\/wp\/v2\/tags?post=37935"}],"curies":[{"name":"wp","href":"https:\/\/api.w.org\/{rel}","templated":true}]}}