{"id":37929,"date":"2024-02-19T12:28:30","date_gmt":"2024-02-19T15:28:30","guid":{"rendered":"https:\/\/ismaelcolosi.com.br\/index.php\/2024\/02\/19\/trabalho-de-jovem-aprendiz-conquiste-sua-vaga-de-emprego\/"},"modified":"2024-02-19T12:28:30","modified_gmt":"2024-02-19T15:28:30","slug":"trabalho-de-jovem-aprendiz-conquiste-sua-vaga-de-emprego","status":"publish","type":"post","link":"https:\/\/ismaelcolosi.com.br\/index.php\/2024\/02\/19\/trabalho-de-jovem-aprendiz-conquiste-sua-vaga-de-emprego\/","title":{"rendered":"Trabalho de Jovem Aprendiz: conquiste sua vaga de emprego!"},"content":{"rendered":"<p> <br \/>\n<\/p>\n<div>\n<p>Ingressar no mercado de trabalho nem sempre \u00e9 f\u00e1cil, afinal, muitas empresas pedem experi\u00eancia profissional, qualifica\u00e7\u00f5es e resultados comprovados para contratar novos talentos. Por isso, existem programas que facilitam a conquista do primeiro emprego, como o Jovem Aprendiz.<\/p>\n<p>O programa oferece oportunidades em v\u00e1rios setores e atividades para que esse novo funcion\u00e1rio consiga adquirir experi\u00eancia e aprendizados sobre a rotina da empresa, o mercado de trabalho e mais. Se voc\u00ea tem interesse em conquistar uma vaga dessas, continue a leitura abaixo e veja como.<\/p>\n<nav class=\"toc-container  active\">\n<hr\/>\n<\/nav>\n<h2 class=\"wp-block-heading\" id=\"Como_funciona_o_trabalho_de_Jovem_Aprendiz\">Como funciona o trabalho de Jovem Aprendiz?<\/h2>\n<p>Voc\u00ea sabe\u00a0o que \u00e9 um Jovem Aprendiz? De forma resumida, \u00e9 uma modalidade de emprego que procura inserir jovens entre 14 a 24 anos no mercado de trabalho de modo que n\u00e3o afete seus estudos, o que \u00e9 obrigat\u00f3rio. <\/p>\n<p>Por isso, a carga hor\u00e1ria de trabalho \u00e9 menor se comparada a outros trabalhadores, de quatro a seis horas, podendo atuar tamb\u00e9m nos finais de semana.<\/p>\n<p>O trabalho de Jovem Aprendiz \u00e9 regido pela Consolida\u00e7\u00e3o das Leis Trabalhistas (CLT), que estipula a carga hor\u00e1ria, as obriga\u00e7\u00f5es e os direitos entre o estudante e a empresa contratante. <\/p>\n<p>Um exemplo \u00e9 que as regras de contrato n\u00e3o podem ser renovadas nem prorrogadas,\u00a0<strong>caso a empresa queira empregar o funcion\u00e1rio, deve realizar um contrato de v\u00ednculo empregat\u00edcio<\/strong>.<\/p>\n<h2 class=\"wp-block-heading\" id=\"Quais_sao_os_trabalhos_de_um_Jovem_Aprendiz\">Quais s\u00e3o os trabalhos de um Jovem Aprendiz?<\/h2>\n<p>Esse estudante pode trabalhar executando fun\u00e7\u00f5es como atendimento ao cliente, controle de documentos e planilhas, repositor de mercadorias e mais. Os setores em que pode atuar s\u00e3o:<\/p>\n<ul>\n<li>Log\u00edstica;<\/li>\n<li>Com\u00e9rcio;<\/li>\n<li>Financeiro;<\/li>\n<li>Banc\u00e1rio;<\/li>\n<li>Administrativo;<\/li>\n<li>Art\u00edstico.<\/li>\n<\/ul>\n<h2 class=\"wp-block-heading\" id=\"Jovem_Aprendiz_Estagio_qual_a_diferenca\">Jovem Aprendiz \u00d7 Est\u00e1gio: qual a diferen\u00e7a?<\/h2>\n<p>O Jovem Aprendiz \u00e9 um funcion\u00e1rio que pode executar tarefas diversas, deve estar devidamente matriculado em uma institui\u00e7\u00e3o de ensino e ter a idade de 14 a 24 anos.<\/p>\n<p>J\u00e1 o estagi\u00e1rio precisa estar matriculado em um curso de ensino superior ou de educa\u00e7\u00e3o profissional, ter mais de 16 anos e a fun\u00e7\u00e3o a ser executada precisa estar relacionada com sua futura forma\u00e7\u00e3o. Al\u00e9m disso,<strong>\u00a0o estagi\u00e1rio deve ter a supervis\u00e3o de um especialista no local de trabalho<\/strong>.<\/p>\n<blockquote class=\"wp-block-quote\">\n<p>\ud83d\udca1 Confira tamb\u00e9m o que vale a pena: ser Jovem Aprendiz ou fazer est\u00e1gio?<\/p>\n<\/blockquote>\n<h2 class=\"wp-block-heading\" id=\"Como_se_tornar_um_Jovem_Aprendiz\">Como se tornar um Jovem Aprendiz?<\/h2>\n<p>Para se tornar um Jovem Aprendiz, \u00e9 preciso procurar vagas de empregos espec\u00edficas para esses estudantes. As empresas de m\u00e9dio ou grande porte s\u00e3o obrigadas a contratar jovens nessa modalidade, que devem compor de 5 a 15% do total do quadro de funcion\u00e1rios.<\/p>\n<p>Al\u00e9m disso, para ingressar no programa de Jovem Aprendiz, \u00e9 preciso participar do processo seletivo, incluindo o envio do curr\u00edculo, a realiza\u00e7\u00e3o da entrevista de emprego e as demais etapas que existirem.<\/p>\n<p>\ud83d\udce3 Conhe\u00e7a milhares de vagas para jovem aprendiz no site da Catho sem custo algum! <\/p>\n<h2 class=\"wp-block-heading\" id=\"Como_fazer_o_curriculo_perfeito\">Como fazer o curr\u00edculo perfeito?<\/h2>\n<p>O\u00a0curr\u00edculo para Jovem Aprendiz\u00a0pode ser o primeiro contato que voc\u00ea faz com a empresa que deseja trabalhar, por isso, \u00e9 importante que seja claro, objetivo e que demonstre suas qualifica\u00e7\u00f5es, experi\u00eancias e compet\u00eancias.<\/p>\n<p>\u00c9 comum que um estudante tenha pouca ou nenhuma experi\u00eancia profissional, nesse caso,\u00a0<strong>procure destacar atividades extracurriculares, trabalho volunt\u00e1rio, cursos livres, idiomas<\/strong>\u00a0e mais. Ainda, tenha cuidado com a escrita para n\u00e3o ter erros gramaticais e ortogr\u00e1ficos.<\/p>\n<h2 class=\"wp-block-heading\" id=\"Como_se_preparar_para_a_entrevista_de_emprego\">Como se preparar para a entrevista de emprego?<\/h2>\n<p>Uma das etapas que mais preocupa as pessoas que n\u00e3o possuem experi\u00eancia profissional \u00e9 a entrevista de emprego. Comece estudando todos os detalhes do an\u00fancio da vaga, assim como o fit cultural do local, dessa forma, voc\u00ea consegue compreender o que eles esperam de um funcion\u00e1rio.<\/p>\n<p>Al\u00e9m disso, confira\u00a0dicas para sua primeira entrevista de emprego, o que falar e evitar, como responder \u00e0s perguntas mais dif\u00edceis, como se vestir e como se comportar para se destacar e ser aprovado.<\/p>\n<h2 class=\"wp-block-heading\" id=\"Beneficios_de_participar_do_programa\">Benef\u00edcios de participar do programa<\/h2>\n<p>Participar do programa Jovem Aprendiz pode ser muito ben\u00e9fico para sua carreira profissional. Al\u00e9m de receber pelo seu trabalho, voc\u00ea adquire experi\u00eancia pr\u00e1tica, come\u00e7a um bom networking e ainda tem a possibilidade de ser efetivado na empresa.<\/p>\n<h2 class=\"wp-block-heading\" id=\"Entenda_como_nao_perder_a_vaga_conquistada\">Entenda como n\u00e3o perder a vaga conquistada<\/h2>\n<p>Se voc\u00ea passou por todas as etapas do processo seletivo e conquistou a vaga de emprego, saiba que<strong>\u00a0o contrato de trabalho pode ser rescindido antes do prazo de 2 anos<\/strong>\u00a0por alguns motivos previstos na CLT, como:<\/p>\n<ul>\n<li>Aus\u00eancia escolar sem justificativa;<\/li>\n<li>Desempenho no trabalho insatisfat\u00f3rio;<\/li>\n<li>Desrespeito \u00e0s regras da empresa;<\/li>\n<li>Quando o aprendiz pede a rescis\u00e3o do contrato.<\/li>\n<\/ul>\n<p>Por fim, entendemos que o Jovem Aprendiz \u00e9 um estudante que est\u00e1 em busca da primeira experi\u00eancia profissional, desde que n\u00e3o atrapalhe seus estudos. <\/p>\n<p>As leis trabalhistas garantem remunera\u00e7\u00e3o, carga hor\u00e1ria menor que a de outros profissionais e outros direitos. Participar do programa pode te oferecer boas oportunidades no in\u00edcio da sua carreira, al\u00e9m da possibilidade de efetiva\u00e7\u00e3o na empresa.<\/p>\n<p>Confira outros artigos para se preparar em todas as etapas do processo seletivo, veja tamb\u00e9m:\u00a09 dicas para conseguir um emprego sem experi\u00eancia em 2024. <\/p>\n<p>Agora que voc\u00ea aprendeu como \u00e9 o trabalho de jovem aprendiz, que tal compartilhar o conte\u00fado com seus amigos? Aproveite e deixe um coment\u00e1rio no post. At\u00e9 a pr\u00f3xima!<\/p>\n<div id=\"banner_bottom\"><img data-recalc-dims=\"1\" decoding=\"async\" style=\"with:100%\" data-gtm-event-category=\"catho:lp-carreira-sucesso\" data-gtm-event-action=\"carreira-sucesso:banner-artigo\" data-gtm-event-label=\"botao:banner\" src=\"https:\/\/i0.wp.com\/s24534.pcdn.co\/carreira-sucesso\/wp-content\/uploads\/sites\/3\/2024\/02\/Banner-Pos-Carnaval-de-970x250-1.jpeg?ssl=1\"\/><noscript><img data-recalc-dims=\"1\" decoding=\"async\" src=\"https:\/\/i0.wp.com\/s24534.pcdn.co\/carreira-sucesso\/wp-content\/uploads\/sites\/3\/2024\/02\/Banner-Pos-Carnaval-de-970x250-1.jpeg?ssl=1\" style=\"with:100%\" data-gtm-event-category=\"catho:lp-carreira-sucesso\" data-gtm-event-action=\"carreira-sucesso:banner-artigo\" data-gtm-event-label=\"botao:banner\"\/><\/noscript><\/div>\n<\/p><\/div>\n<p><br \/>\n<br \/><a href=\"https:\/\/www.catho.com.br\/carreira-sucesso\/trabalho-jovem-aprendiz\/\">Source link <\/a><\/p>\n<div class='code-block code-block-4' style='margin: 8px auto 8px 0; text-align: left; display: block; clear: both;'>\n\ud83d\udce2 Aviso Legal\n\nO site ismaelcolosi.com.br atua apenas como um canal de divulga\u00e7\u00e3o de oportunidades de emprego e n\u00e3o se responsabiliza pelo processo seletivo, contrata\u00e7\u00e3o ou qualquer outra etapa relacionada \u00e0s vagas publicadas. Todas as informa\u00e7\u00f5es s\u00e3o de responsabilidade dos anunciantes.\n\n\u26a0\ufe0f Aten\u00e7\u00e3o! Nunca pague por promessas de emprego nem compre cursos que garantam contrata\u00e7\u00e3o. Desconfie de qualquer cobran\u00e7a para participar de sele\u00e7\u00f5es.\n\n\n\n<\/div>\n<!-- CONTENT END 1 -->\n","protected":false},"excerpt":{"rendered":"<p>Ingressar no mercado de trabalho nem sempre \u00e9 f\u00e1cil, afinal, muitas empresas pedem experi\u00eancia profissional, qualifica\u00e7\u00f5es e resultados comprovados para contratar novos talentos. Por isso,&#8230;<\/p>\n","protected":false},"author":1,"featured_media":37930,"comment_status":"open","ping_status":"open","sticky":false,"template":"","format":"standard","meta":{"_uag_custom_page_level_css":"","advanced_seo_description":"","jetpack_seo_html_title":"","jetpack_seo_noindex":false,"jetpack_post_was_ever_published":false,"_jetpack_newsletter_access":"","_jetpack_dont_email_post_to_subs":false,"_jetpack_newsletter_tier_id":0,"_jetpack_memberships_contains_paywalled_content":false,"_jetpack_memberships_contains_paid_content":false,"footnotes":"","jetpack_publicize_message":"","jetpack_publicize_feature_enabled":true,"jetpack_social_post_already_shared":true,"jetpack_social_options":{"image_generator_settings":{"template":"highway","default_image_id":0,"font":"","enabled":false},"version":2}},"categories":[1964],"tags":[],"class_list":["post-37929","post","type-post","status-publish","format-standard","has-post-thumbnail","hentry","category-carreira-e-sucesso-dicas-para-carreira"],"jetpack_publicize_connections":[],"jetpack_featured_media_url":"https:\/\/i0.wp.com\/ismaelcolosi.com.br\/wp-content\/uploads\/2024\/02\/trabalho-de-jovem-aprendiz.jpg?fit=1200%2C675&ssl=1","uagb_featured_image_src":{"full":["https:\/\/i0.wp.com\/ismaelcolosi.com.br\/wp-content\/uploads\/2024\/02\/trabalho-de-jovem-aprendiz.jpg?fit=1200%2C675&ssl=1",1200,675,false],"thumbnail":["https:\/\/i0.wp.com\/ismaelcolosi.com.br\/wp-content\/uploads\/2024\/02\/trabalho-de-jovem-aprendiz.jpg?resize=150%2C150&ssl=1",150,150,true],"medium":["https:\/\/i0.wp.com\/ismaelcolosi.com.br\/wp-content\/uploads\/2024\/02\/trabalho-de-jovem-aprendiz.jpg?fit=300%2C169&ssl=1",300,169,true],"medium_large":["https:\/\/i0.wp.com\/ismaelcolosi.com.br\/wp-content\/uploads\/2024\/02\/trabalho-de-jovem-aprendiz.jpg?fit=768%2C432&ssl=1",768,432,true],"large":["https:\/\/i0.wp.com\/ismaelcolosi.com.br\/wp-content\/uploads\/2024\/02\/trabalho-de-jovem-aprendiz.jpg?fit=1024%2C576&ssl=1",1024,576,true],"1536x1536":["https:\/\/i0.wp.com\/ismaelcolosi.com.br\/wp-content\/uploads\/2024\/02\/trabalho-de-jovem-aprendiz.jpg?fit=1200%2C675&ssl=1",1200,675,true],"2048x2048":["https:\/\/i0.wp.com\/ismaelcolosi.com.br\/wp-content\/uploads\/2024\/02\/trabalho-de-jovem-aprendiz.jpg?fit=1200%2C675&ssl=1",1200,675,true],"really-simple-thumb":["https:\/\/i0.wp.com\/ismaelcolosi.com.br\/wp-content\/uploads\/2024\/02\/trabalho-de-jovem-aprendiz.jpg?resize=370%2C247&ssl=1",370,247,true]},"uagb_author_info":{"display_name":"ismaelcolosi.com.br","author_link":"https:\/\/ismaelcolosi.com.br\/index.php\/author\/vidareal-online\/"},"uagb_comment_info":0,"uagb_excerpt":"Ingressar no mercado de trabalho nem sempre \u00e9 f\u00e1cil, afinal, muitas empresas pedem experi\u00eancia profissional, qualifica\u00e7\u00f5es e resultados comprovados para contratar novos talentos. Por isso,...","jetpack-related-posts":[{"id":59665,"url":"https:\/\/ismaelcolosi.com.br\/index.php\/2024\/08\/10\/confira-as-novas-vagas-de-emprego-para-trabalhar-de-casa-trabalho-home-office-com-salarios-de-1-500-ate-3-mil-clique-e-confira-agora-36\/","url_meta":{"origin":37929,"position":0},"title":"Confira as novas vagas de emprego para trabalhar de casa. Trabalho home office, com sal\u00e1rios de 1.500 at\u00e9 3 mil, clique e confira agora","author":"ismaelcolosi.com.br","date":"10 de August de 2024","format":false,"excerpt":"Home Office Assistente Administrativo Financeiro HOME OFFICE com Sal\u00e1rio de R$ 2.500,00 Home Office Trabalhe de Casa como Mensageiro Digital com sal\u00e1rio de R$ 1.500 mil na OBF Neg\u00f3cios Digitais Home Office N\u00edvel M\u00e9dio ou Superior! ALLOSTECH abriu vagas HOME OFFICE para Assistente Cadastro Home Office Contabilizei contrata Pessoas com\u2026","rel":"","context":"In &quot;Vagas de Emprego Remoto - Home Office&quot;","block_context":{"text":"Vagas de Emprego Remoto - Home Office","link":"https:\/\/ismaelcolosi.com.br\/index.php\/category\/empregos-classificados-vagas-trabalho\/vagas-de-empregos-em-ribeirao-preto-regiao-brasil\/vagas-de-emprego-para-trabalhar-de-casa-home-office-remoto\/"},"img":{"alt_text":"Programa Aprendiz Record 2\u00ba Semestre de 2024: Inscri\u00e7\u00f5es abertas para N\u00edvel M\u00e9dio de 06 horas por dia","src":"https:\/\/i0.wp.com\/www.capitalvagas.com.br\/wp-content\/uploads\/2024\/08\/APRENDIZ-RECORD-761x492.webp?resize=350%2C200&ssl=1","width":350,"height":200,"srcset":"https:\/\/i0.wp.com\/www.capitalvagas.com.br\/wp-content\/uploads\/2024\/08\/APRENDIZ-RECORD-761x492.webp?resize=350%2C200&ssl=1 1x, https:\/\/i0.wp.com\/www.capitalvagas.com.br\/wp-content\/uploads\/2024\/08\/APRENDIZ-RECORD-761x492.webp?resize=525%2C300&ssl=1 1.5x, https:\/\/i0.wp.com\/www.capitalvagas.com.br\/wp-content\/uploads\/2024\/08\/APRENDIZ-RECORD-761x492.webp?resize=700%2C400&ssl=1 2x"},"classes":[]},{"id":59700,"url":"https:\/\/ismaelcolosi.com.br\/index.php\/2024\/08\/11\/confira-as-novas-vagas-de-emprego-para-trabalhar-de-casa-trabalho-home-office-com-salarios-de-1-500-ate-3-mil-clique-e-confira-agora-37\/","url_meta":{"origin":37929,"position":1},"title":"Confira as novas vagas de emprego para trabalhar de casa. Trabalho home office, com sal\u00e1rios de 1.500 at\u00e9 3 mil, clique e confira agora","author":"ismaelcolosi.com.br","date":"11 de August de 2024","format":false,"excerpt":"Home Office Assistente Administrativo Financeiro HOME OFFICE com Sal\u00e1rio de R$ 2.500,00 Home Office Trabalhe de Casa como Mensageiro Digital com sal\u00e1rio de R$ 1.500 mil na OBF Neg\u00f3cios Digitais Home Office N\u00edvel M\u00e9dio ou Superior! ALLOSTECH abriu vagas HOME OFFICE para Assistente Cadastro Home Office Contabilizei contrata Pessoas com\u2026","rel":"","context":"In &quot;Vagas de Emprego Remoto - Home Office&quot;","block_context":{"text":"Vagas de Emprego Remoto - Home Office","link":"https:\/\/ismaelcolosi.com.br\/index.php\/category\/empregos-classificados-vagas-trabalho\/vagas-de-empregos-em-ribeirao-preto-regiao-brasil\/vagas-de-emprego-para-trabalhar-de-casa-home-office-remoto\/"},"img":{"alt_text":"Programa Aprendiz Record 2\u00ba Semestre de 2024: Inscri\u00e7\u00f5es abertas para N\u00edvel M\u00e9dio de 06 horas por dia","src":"https:\/\/i0.wp.com\/www.capitalvagas.com.br\/wp-content\/uploads\/2024\/08\/APRENDIZ-RECORD-761x492.webp?resize=350%2C200&ssl=1","width":350,"height":200,"srcset":"https:\/\/i0.wp.com\/www.capitalvagas.com.br\/wp-content\/uploads\/2024\/08\/APRENDIZ-RECORD-761x492.webp?resize=350%2C200&ssl=1 1x, https:\/\/i0.wp.com\/www.capitalvagas.com.br\/wp-content\/uploads\/2024\/08\/APRENDIZ-RECORD-761x492.webp?resize=525%2C300&ssl=1 1.5x, https:\/\/i0.wp.com\/www.capitalvagas.com.br\/wp-content\/uploads\/2024\/08\/APRENDIZ-RECORD-761x492.webp?resize=700%2C400&ssl=1 2x"},"classes":[]},{"id":59467,"url":"https:\/\/ismaelcolosi.com.br\/index.php\/2024\/08\/08\/confira-as-novas-vagas-de-emprego-para-trabalhar-de-casa-trabalho-home-office-com-salarios-de-1-500-ate-3-mil-clique-e-confira-agora-34\/","url_meta":{"origin":37929,"position":2},"title":"Confira as novas vagas de emprego para trabalhar de casa. Trabalho home office, com sal\u00e1rios de 1.500 at\u00e9 3 mil, clique e confira agora","author":"ismaelcolosi.com.br","date":"8 de August de 2024","format":false,"excerpt":"Home Office Trabalhe de Casa como Mensageiro Digital com sal\u00e1rio de R$ 1.500 mil na OBF Neg\u00f3cios Digitais Home Office N\u00edvel M\u00e9dio ou Superior! ALLOSTECH abriu vagas HOME OFFICE para Assistente Cadastro Home Office Contabilizei contrata Pessoas com Disponibilidade de trabalhar modelo\u00a0Remoto no Brasil! Assistente de Atendimento diretamente de Casa!\u2026","rel":"","context":"In &quot;Vagas de Emprego Remoto - Home Office&quot;","block_context":{"text":"Vagas de Emprego Remoto - Home Office","link":"https:\/\/ismaelcolosi.com.br\/index.php\/category\/empregos-classificados-vagas-trabalho\/vagas-de-empregos-em-ribeirao-preto-regiao-brasil\/vagas-de-emprego-para-trabalhar-de-casa-home-office-remoto\/"},"img":{"alt_text":"Trabalhe de Casa como Mensageiro Digital com sal\u00e1rio de R$ 1.500 mil na OBF Neg\u00f3cios Digitais","src":"https:\/\/i0.wp.com\/www.capitalvagas.com.br\/wp-content\/uploads\/2024\/08\/Mensageiro-Digital-761x492.webp?resize=350%2C200&ssl=1","width":350,"height":200,"srcset":"https:\/\/i0.wp.com\/www.capitalvagas.com.br\/wp-content\/uploads\/2024\/08\/Mensageiro-Digital-761x492.webp?resize=350%2C200&ssl=1 1x, https:\/\/i0.wp.com\/www.capitalvagas.com.br\/wp-content\/uploads\/2024\/08\/Mensageiro-Digital-761x492.webp?resize=525%2C300&ssl=1 1.5x, https:\/\/i0.wp.com\/www.capitalvagas.com.br\/wp-content\/uploads\/2024\/08\/Mensageiro-Digital-761x492.webp?resize=700%2C400&ssl=1 2x"},"classes":[]},{"id":59590,"url":"https:\/\/ismaelcolosi.com.br\/index.php\/2024\/08\/09\/confira-as-novas-vagas-de-emprego-para-trabalhar-de-casa-trabalho-home-office-com-salarios-de-1-500-ate-3-mil-clique-e-confira-agora-35\/","url_meta":{"origin":37929,"position":3},"title":"Confira as novas vagas de emprego para trabalhar de casa. Trabalho home office, com sal\u00e1rios de 1.500 at\u00e9 3 mil, clique e confira agora","author":"ismaelcolosi.com.br","date":"9 de August de 2024","format":false,"excerpt":"Home Office Assistente Administrativo Financeiro HOME OFFICE com Sal\u00e1rio de R$ 2.500,00 Home Office Trabalhe de Casa como Mensageiro Digital com sal\u00e1rio de R$ 1.500 mil na OBF Neg\u00f3cios Digitais Home Office N\u00edvel M\u00e9dio ou Superior! ALLOSTECH abriu vagas HOME OFFICE para Assistente Cadastro Home Office Contabilizei contrata Pessoas com\u2026","rel":"","context":"In &quot;Vagas de Emprego Remoto - Home Office&quot;","block_context":{"text":"Vagas de Emprego Remoto - Home Office","link":"https:\/\/ismaelcolosi.com.br\/index.php\/category\/empregos-classificados-vagas-trabalho\/vagas-de-empregos-em-ribeirao-preto-regiao-brasil\/vagas-de-emprego-para-trabalhar-de-casa-home-office-remoto\/"},"img":{"alt_text":"Assistente Administrativo Financeiro HOME OFFICE com Sal\u00e1rio de R$ 2.500,00","src":"https:\/\/i0.wp.com\/www.capitalvagas.com.br\/wp-content\/uploads\/2024\/08\/home-office-761x492.webp?resize=350%2C200&ssl=1","width":350,"height":200,"srcset":"https:\/\/i0.wp.com\/www.capitalvagas.com.br\/wp-content\/uploads\/2024\/08\/home-office-761x492.webp?resize=350%2C200&ssl=1 1x, https:\/\/i0.wp.com\/www.capitalvagas.com.br\/wp-content\/uploads\/2024\/08\/home-office-761x492.webp?resize=525%2C300&ssl=1 1.5x, https:\/\/i0.wp.com\/www.capitalvagas.com.br\/wp-content\/uploads\/2024\/08\/home-office-761x492.webp?resize=700%2C400&ssl=1 2x"},"classes":[]},{"id":89889,"url":"https:\/\/ismaelcolosi.com.br\/index.php\/2026\/04\/17\/se-voce-tem-de-14-ate-23-anos-inscreva-se-gratuitamente-no-programa-jovem-aprendiz\/","url_meta":{"origin":37929,"position":4},"title":"Se voc\u00ea tem de 14 at\u00e9 23 anos: Inscreva-se Gratuitamente no Programa Jovem Aprendiz!","author":"ismaelcolosi.com.br","date":"17 de April de 2026","format":false,"excerpt":"Voc\u00ea, jovem entre 14 e 24 anos, est\u00e1 em busca de uma oportunidade para impulsionar sua carreira? O Programa Aprendiz da RASC \u2013 Rede de Assist\u00eancia Social Crist\u00e3 \u00e9 a chance que voc\u00ea estava esperando, e o melhor: \u00e9 tudo gratuito! O que \u00e9 o Programa Aprendiz? O Programa Aprendiz\u2026","rel":"","context":"In &quot;Vagas de Emprego em Ribeir\u00e3o Preto-SP&quot;","block_context":{"text":"Vagas de Emprego em Ribeir\u00e3o Preto-SP","link":"https:\/\/ismaelcolosi.com.br\/index.php\/category\/empregos-classificados-vagas-trabalho\/vagas-de-empregos-em-ribeirao-preto-regiao-brasil\/"},"img":{"alt_text":"","src":"https:\/\/i0.wp.com\/ismaelcolosi.com.br\/wp-content\/uploads\/2024\/10\/1729799219_URGENTE2BTEMOS2BVAGAS2BPARA2BJOVEM2BAPRENDIZ.jpg?fit=570%2C355&ssl=1&resize=350%2C200","width":350,"height":200,"srcset":"https:\/\/i0.wp.com\/ismaelcolosi.com.br\/wp-content\/uploads\/2024\/10\/1729799219_URGENTE2BTEMOS2BVAGAS2BPARA2BJOVEM2BAPRENDIZ.jpg?fit=570%2C355&ssl=1&resize=350%2C200 1x, https:\/\/i0.wp.com\/ismaelcolosi.com.br\/wp-content\/uploads\/2024\/10\/1729799219_URGENTE2BTEMOS2BVAGAS2BPARA2BJOVEM2BAPRENDIZ.jpg?fit=570%2C355&ssl=1&resize=525%2C300 1.5x"},"classes":[]},{"id":84863,"url":"https:\/\/ismaelcolosi.com.br\/index.php\/2025\/04\/28\/vaga-para-jovem-aprendiz-para-o-periodo-da-manha-e-da-tarde-com-salario-de-r71200-vale-transporte\/","url_meta":{"origin":37929,"position":5},"title":"Entrevista dia 29\/04 e 02\/05, para Jovem Aprendiz para o per\u00edodo da manh\u00e3 e da tarde com Salario de R$712,00 + vale transporte.","author":"Arthur Tijolo","date":"28 de April de 2025","format":false,"excerpt":"O programa Jovem Aprendiz \u00e9 um ponto de partida essencial para construir uma carreira de sucesso. Aqui est\u00e3o algumas raz\u00f5es pelas quais ele \u00e9 importante: Primeira Experi\u00eancia Profissional: Oferece aos jovens a oportunidade de ingressar no mercado de trabalho, muitas vezes pela primeira vez, em um ambiente supervisionado e estruturado.\u2026","rel":"","context":"In &quot;Vagas de Emprego em Ribeir\u00e3o Preto-SP&quot;","block_context":{"text":"Vagas de Emprego em Ribeir\u00e3o Preto-SP","link":"https:\/\/ismaelcolosi.com.br\/index.php\/category\/empregos-classificados-vagas-trabalho\/vagas-de-empregos-em-ribeirao-preto-regiao-brasil\/"},"img":{"alt_text":"","src":"https:\/\/i0.wp.com\/ismaelcolosi.com.br\/wp-content\/uploads\/2025\/04\/smiled-brunette-young-woman-black-glasses-walking-with-work-stuff-laptop-library-clever-student-university-life-smiling-scaled.jpg?fit=1200%2C800&ssl=1&resize=350%2C200","width":350,"height":200,"srcset":"https:\/\/i0.wp.com\/ismaelcolosi.com.br\/wp-content\/uploads\/2025\/04\/smiled-brunette-young-woman-black-glasses-walking-with-work-stuff-laptop-library-clever-student-university-life-smiling-scaled.jpg?fit=1200%2C800&ssl=1&resize=350%2C200 1x, https:\/\/i0.wp.com\/ismaelcolosi.com.br\/wp-content\/uploads\/2025\/04\/smiled-brunette-young-woman-black-glasses-walking-with-work-stuff-laptop-library-clever-student-university-life-smiling-scaled.jpg?fit=1200%2C800&ssl=1&resize=525%2C300 1.5x, https:\/\/i0.wp.com\/ismaelcolosi.com.br\/wp-content\/uploads\/2025\/04\/smiled-brunette-young-woman-black-glasses-walking-with-work-stuff-laptop-library-clever-student-university-life-smiling-scaled.jpg?fit=1200%2C800&ssl=1&resize=700%2C400 2x, https:\/\/i0.wp.com\/ismaelcolosi.com.br\/wp-content\/uploads\/2025\/04\/smiled-brunette-young-woman-black-glasses-walking-with-work-stuff-laptop-library-clever-student-university-life-smiling-scaled.jpg?fit=1200%2C800&ssl=1&resize=1050%2C600 3x"},"classes":[]}],"jetpack_sharing_enabled":true,"jetpack_shortlink":"https:\/\/wp.me\/pfMlyK-9RL","_links":{"self":[{"href":"https:\/\/ismaelcolosi.com.br\/index.php\/wp-json\/wp\/v2\/posts\/37929","targetHints":{"allow":["GET"]}}],"collection":[{"href":"https:\/\/ismaelcolosi.com.br\/index.php\/wp-json\/wp\/v2\/posts"}],"about":[{"href":"https:\/\/ismaelcolosi.com.br\/index.php\/wp-json\/wp\/v2\/types\/post"}],"author":[{"embeddable":true,"href":"https:\/\/ismaelcolosi.com.br\/index.php\/wp-json\/wp\/v2\/users\/1"}],"replies":[{"embeddable":true,"href":"https:\/\/ismaelcolosi.com.br\/index.php\/wp-json\/wp\/v2\/comments?post=37929"}],"version-history":[{"count":0,"href":"https:\/\/ismaelcolosi.com.br\/index.php\/wp-json\/wp\/v2\/posts\/37929\/revisions"}],"wp:featuredmedia":[{"embeddable":true,"href":"https:\/\/ismaelcolosi.com.br\/index.php\/wp-json\/wp\/v2\/media\/37930"}],"wp:attachment":[{"href":"https:\/\/ismaelcolosi.com.br\/index.php\/wp-json\/wp\/v2\/media?parent=37929"}],"wp:term":[{"taxonomy":"category","embeddable":true,"href":"https:\/\/ismaelcolosi.com.br\/index.php\/wp-json\/wp\/v2\/categories?post=37929"},{"taxonomy":"post_tag","embeddable":true,"href":"https:\/\/ismaelcolosi.com.br\/index.php\/wp-json\/wp\/v2\/tags?post=37929"}],"curies":[{"name":"wp","href":"https:\/\/api.w.org\/{rel}","templated":true}]}}