{"id":37927,"date":"2024-02-19T12:21:04","date_gmt":"2024-02-19T15:21:04","guid":{"rendered":"https:\/\/ismaelcolosi.com.br\/index.php\/2024\/02\/19\/pedreiro-vai-receber-r-13-mil-apos-ser-atacado-por-pitbull-em-ribeirao-preto\/"},"modified":"2024-02-19T12:21:04","modified_gmt":"2024-02-19T15:21:04","slug":"pedreiro-vai-receber-r-13-mil-apos-ser-atacado-por-pitbull-em-ribeirao-preto","status":"publish","type":"post","link":"https:\/\/ismaelcolosi.com.br\/index.php\/2024\/02\/19\/pedreiro-vai-receber-r-13-mil-apos-ser-atacado-por-pitbull-em-ribeirao-preto\/","title":{"rendered":"Pedreiro vai receber R$ 13 mil ap\u00f3s ser atacado por pitbull em Ribeir\u00e3o Preto"},"content":{"rendered":"<p> <br \/>\n<\/p>\n<div data-td-block-uid=\"tdi_102\">\n<div class=\"tdb-block-inner td-fix-index\">\n<p>Um pedreiro vai ser indenizado em R$ 13 mil ap\u00f3s ter sido atacado por um c\u00e3o da ra\u00e7a<strong> pitbull<\/strong>, em <strong>Ribeir\u00e3o Preto<\/strong>. O caso aconteceu em 2016, mas s\u00f3 foi julgado pelo<strong> TJ-SP (Tribunal de Justi\u00e7a de S\u00e3o Paulo) <\/strong>no \u00faltimo m\u00eas de janeiro.<\/p>\n<p><mark style=\"background-color:#fcb900\" class=\"has-inline-color has-black-color\">A v\u00edtima foi atacada quando a v\u00edtima estava indo trabalhar, na rua Benjamim Elm\u00f4r, no<strong> Parque dos Flamboyans. <\/strong><\/mark><\/p>\n<p>O pedreiro foi mordido nos bra\u00e7os e nas m\u00e3os, inclusive, sofrendo fratura exposta. O ataque s\u00f3 foi interrompido com a ajuda de um vizinho, que socorreu a v\u00edtima at\u00e9 a <strong>UPA (Unidade de Pronto Atendimento) da Treze de Maio<\/strong>.<\/p>\n<p>Em seguida, a v\u00edtima precisou ser encaminhada para o <strong>Hospital das Cl\u00ednicas<\/strong>, onde ficou internada por tr\u00eas dias. Por conta dos ferimentos, o pedreiro precisou ficar afastado do trabalho por 60 dias.<\/p>\n<p>O pagamento dever\u00e1 ser realizado pelo tutor do pitbull, dividido entre repara\u00e7\u00e3o por danos materiais, em R$ 7 mil, e o ressarcimento por danos morais, por R$ 6 mil.\u00a0<\/p>\n<p>SAIBA MAIS<br \/>Idosa fica ferida ap\u00f3s \u00f4nibus ser atacado com pedra na zona Norte de Ribeir\u00e3o<\/p>\n<h4 class=\"wp-block-heading\"><strong>FIQUE ON<\/strong><\/h4>\n<p>Fique ligado em tudo que acontece em Ribeir\u00e3o Preto e regi\u00e3o. Siga os perfis do <strong>acidade on<\/strong> no <a href=\"https:\/\/www.instagram.com\/acidadeonribeirao\" target=\"_blank\" rel=\"noreferrer noopener nofollow\">Instagram <\/a>e no <a href=\"https:\/\/www.facebook.com\/acidadeonribeirao\" target=\"_blank\" rel=\"noreferrer noopener nofollow\">Facebook<\/a>.<\/p>\n<p>Receba not\u00edcias do<strong> acidade on <\/strong>no WhatsApp. <a href=\"https:\/\/chat.whatsapp.com\/Bnv2w66ZT4VDyZW3oiZ69n\" target=\"_blank\" rel=\"noreferrer noopener nofollow\">Para entrar no grupo, basta clicar aqui.<\/a><\/p>\n<p>Fa\u00e7a uma den\u00fancia ou sugira uma reportagem sobre Ribeir\u00e3o Preto e regi\u00e3o pelo WhatsApp: 16 99117 7802.<\/p>\n<p>VEJA TAMB\u00c9M<br \/>Madrugada tem Bin Laden revoltado e div\u00f3rcio; veja resumo do BBB<\/p>\n<p><!-- AI CONTENT END 1 -->\n<\/div>\n<\/div>\n<p><script async src=\"\/\/www.instagram.com\/embed.js\"><\/script><br \/>\n<br \/><br \/>\n<br \/><a href=\"https:\/\/www.acidadeon.com\/ribeiraopreto\/cotidiano\/pedreiro-vai-receber-r-13-mil-apos-ser-atacado-por-pitbull-em-ribeirao-preto\/\">Source link <\/a><\/p>\n<div class='code-block code-block-4' style='margin: 8px auto 8px 0; text-align: left; display: block; clear: both;'>\n\ud83d\udce2 Aviso Legal\n\nO site ismaelcolosi.com.br atua apenas como um canal de divulga\u00e7\u00e3o de oportunidades de emprego e n\u00e3o se responsabiliza pelo processo seletivo, contrata\u00e7\u00e3o ou qualquer outra etapa relacionada \u00e0s vagas publicadas. Todas as informa\u00e7\u00f5es s\u00e3o de responsabilidade dos anunciantes.\n\n\u26a0\ufe0f Aten\u00e7\u00e3o! Nunca pague por promessas de emprego nem compre cursos que garantam contrata\u00e7\u00e3o. Desconfie de qualquer cobran\u00e7a para participar de sele\u00e7\u00f5es.\n\n\n\n<\/div>\n<!-- CONTENT END 1 -->\n","protected":false},"excerpt":{"rendered":"<p>Um pedreiro vai ser indenizado em R$ 13 mil ap\u00f3s ter sido atacado por um c\u00e3o da ra\u00e7a pitbull, em Ribeir\u00e3o Preto. O caso aconteceu&#8230;<\/p>\n","protected":false},"author":1,"featured_media":37928,"comment_status":"open","ping_status":"open","sticky":false,"template":"","format":"standard","meta":{"_uag_custom_page_level_css":"","advanced_seo_description":"","jetpack_seo_html_title":"","jetpack_seo_noindex":false,"jetpack_post_was_ever_published":false,"_jetpack_newsletter_access":"","_jetpack_dont_email_post_to_subs":false,"_jetpack_newsletter_tier_id":0,"_jetpack_memberships_contains_paywalled_content":false,"_jetpack_memberships_contains_paid_content":false,"footnotes":"","jetpack_publicize_message":"","jetpack_publicize_feature_enabled":true,"jetpack_social_post_already_shared":true,"jetpack_social_options":{"image_generator_settings":{"template":"highway","default_image_id":0,"font":"","enabled":false},"version":2}},"categories":[11],"tags":[],"class_list":["post-37927","post","type-post","status-publish","format-standard","has-post-thumbnail","hentry","category-noticias-de-ribeirao-preto-sp-e-regiao-ismael-colosi"],"jetpack_publicize_connections":[],"jetpack_featured_media_url":"https:\/\/i0.wp.com\/ismaelcolosi.com.br\/wp-content\/uploads\/2024\/02\/homem-atacado-pitbull.jpg?fit=1500%2C998&ssl=1","uagb_featured_image_src":{"full":["https:\/\/i0.wp.com\/ismaelcolosi.com.br\/wp-content\/uploads\/2024\/02\/homem-atacado-pitbull.jpg?fit=1500%2C998&ssl=1",1500,998,false],"thumbnail":["https:\/\/i0.wp.com\/ismaelcolosi.com.br\/wp-content\/uploads\/2024\/02\/homem-atacado-pitbull.jpg?resize=150%2C150&ssl=1",150,150,true],"medium":["https:\/\/i0.wp.com\/ismaelcolosi.com.br\/wp-content\/uploads\/2024\/02\/homem-atacado-pitbull.jpg?fit=300%2C200&ssl=1",300,200,true],"medium_large":["https:\/\/i0.wp.com\/ismaelcolosi.com.br\/wp-content\/uploads\/2024\/02\/homem-atacado-pitbull.jpg?fit=768%2C511&ssl=1",768,511,true],"large":["https:\/\/i0.wp.com\/ismaelcolosi.com.br\/wp-content\/uploads\/2024\/02\/homem-atacado-pitbull.jpg?fit=1024%2C681&ssl=1",1024,681,true],"1536x1536":["https:\/\/i0.wp.com\/ismaelcolosi.com.br\/wp-content\/uploads\/2024\/02\/homem-atacado-pitbull.jpg?fit=1500%2C998&ssl=1",1500,998,true],"2048x2048":["https:\/\/i0.wp.com\/ismaelcolosi.com.br\/wp-content\/uploads\/2024\/02\/homem-atacado-pitbull.jpg?fit=1500%2C998&ssl=1",1500,998,true],"really-simple-thumb":["https:\/\/i0.wp.com\/ismaelcolosi.com.br\/wp-content\/uploads\/2024\/02\/homem-atacado-pitbull.jpg?resize=370%2C247&ssl=1",370,247,true]},"uagb_author_info":{"display_name":"ismaelcolosi.com.br","author_link":"https:\/\/ismaelcolosi.com.br\/index.php\/author\/vidareal-online\/"},"uagb_comment_info":0,"uagb_excerpt":"Um pedreiro vai ser indenizado em R$ 13 mil ap\u00f3s ter sido atacado por um c\u00e3o da ra\u00e7a pitbull, em Ribeir\u00e3o Preto. O caso aconteceu...","jetpack-related-posts":[{"id":37907,"url":"https:\/\/ismaelcolosi.com.br\/index.php\/2024\/02\/19\/tj-mantem-condenacao-por-ataque-de-pitbull-a-pedreiro\/","url_meta":{"origin":37927,"position":0},"title":"TJ mant\u00e9m condena\u00e7\u00e3o por ataque de pitbull a pedreiro","author":"ismaelcolosi.com.br","date":"19 de February de 2024","format":false,"excerpt":"Caso ocorreu em 2016 e dono do animal faleceu durante processo, por\u00e9m indeniza\u00e7\u00e3o deve ser paga pelo esp\u00f3lio 19 de fevereiro de 2024 | 10:49 0Por: Adalberto LuqueO Tribunal de Justi\u00e7a de S\u00e3o Paulo (TJSP) manteve a decis\u00e3o da 5\u00aa Vara C\u00edvel de Ribeir\u00e3o Preto e o dono de um\u2026","rel":"","context":"In &quot;Not\u00edcias de Ribeir\u00e3o Preto-SP e Regi\u00e3o&quot;","block_context":{"text":"Not\u00edcias de Ribeir\u00e3o Preto-SP e Regi\u00e3o","link":"https:\/\/ismaelcolosi.com.br\/index.php\/category\/noticias-de-ribeirao-preto-sp-e-regiao-ismael-colosi\/"},"img":{"alt_text":"","src":"https:\/\/i0.wp.com\/ismaelcolosi.com.br\/wp-content\/uploads\/2024\/02\/00-19-fev-2024-tjsp-condenacao-foto-tjsp.jpg?fit=562%2C375&ssl=1&resize=350%2C200","width":350,"height":200,"srcset":"https:\/\/i0.wp.com\/ismaelcolosi.com.br\/wp-content\/uploads\/2024\/02\/00-19-fev-2024-tjsp-condenacao-foto-tjsp.jpg?fit=562%2C375&ssl=1&resize=350%2C200 1x, https:\/\/i0.wp.com\/ismaelcolosi.com.br\/wp-content\/uploads\/2024\/02\/00-19-fev-2024-tjsp-condenacao-foto-tjsp.jpg?fit=562%2C375&ssl=1&resize=525%2C300 1.5x"},"classes":[]},{"id":72886,"url":"https:\/\/ismaelcolosi.com.br\/index.php\/2024\/10\/23\/idosa-fica-ferida-apos-sofrer-ataque-de-pitbull-na-regiao-de-ribeirao\/","url_meta":{"origin":37927,"position":1},"title":"Idosa fica ferida ap\u00f3s sofrer ataque de pitbull na regi\u00e3o de Ribeir\u00e3o","author":"ismaelcolosi.com.br","date":"23 de October de 2024","format":false,"excerpt":"Uma idosa de 72 anos ficou ferida ap\u00f3s ser atacada por um c\u00e3o da ra\u00e7a Pitbull, em Santa Rosa de Viterbo, na regi\u00e3o de Ribeir\u00e3o Preto. De acordo com o Boletim de Ocorr\u00eancia, a v\u00edtima estava na esquina da rua Rio Grande do Sul, a caminho da padaria, quando sofreu\u2026","rel":"","context":"In &quot;Not\u00edcias de Ribeir\u00e3o Preto-SP e Regi\u00e3o&quot;","block_context":{"text":"Not\u00edcias de Ribeir\u00e3o Preto-SP e Regi\u00e3o","link":"https:\/\/ismaelcolosi.com.br\/index.php\/category\/noticias-de-ribeirao-preto-sp-e-regiao-ismael-colosi\/"},"img":{"alt_text":"","src":"https:\/\/i0.wp.com\/ismaelcolosi.com.br\/wp-content\/uploads\/2024\/10\/Copia-de-Copia-de-Copia-de-TAMANHO-EXATO-PARA-FOTOS-NO-SISTEMA-NOVO-39_2024-10-23_22-28-24_png_2024-10-23_22-28-24.webp.webp?fit=1200%2C675&ssl=1&resize=350%2C200","width":350,"height":200,"srcset":"https:\/\/i0.wp.com\/ismaelcolosi.com.br\/wp-content\/uploads\/2024\/10\/Copia-de-Copia-de-Copia-de-TAMANHO-EXATO-PARA-FOTOS-NO-SISTEMA-NOVO-39_2024-10-23_22-28-24_png_2024-10-23_22-28-24.webp.webp?fit=1200%2C675&ssl=1&resize=350%2C200 1x, https:\/\/i0.wp.com\/ismaelcolosi.com.br\/wp-content\/uploads\/2024\/10\/Copia-de-Copia-de-Copia-de-TAMANHO-EXATO-PARA-FOTOS-NO-SISTEMA-NOVO-39_2024-10-23_22-28-24_png_2024-10-23_22-28-24.webp.webp?fit=1200%2C675&ssl=1&resize=525%2C300 1.5x, https:\/\/i0.wp.com\/ismaelcolosi.com.br\/wp-content\/uploads\/2024\/10\/Copia-de-Copia-de-Copia-de-TAMANHO-EXATO-PARA-FOTOS-NO-SISTEMA-NOVO-39_2024-10-23_22-28-24_png_2024-10-23_22-28-24.webp.webp?fit=1200%2C675&ssl=1&resize=700%2C400 2x, https:\/\/i0.wp.com\/ismaelcolosi.com.br\/wp-content\/uploads\/2024\/10\/Copia-de-Copia-de-Copia-de-TAMANHO-EXATO-PARA-FOTOS-NO-SISTEMA-NOVO-39_2024-10-23_22-28-24_png_2024-10-23_22-28-24.webp.webp?fit=1200%2C675&ssl=1&resize=1050%2C600 3x"},"classes":[]},{"id":51813,"url":"https:\/\/ismaelcolosi.com.br\/index.php\/2024\/05\/31\/homem-morre-apos-ser-agredido-em-briga-por-causa-de-cachorro-em-ribeirao-preto\/","url_meta":{"origin":37927,"position":2},"title":"Homem morre ap\u00f3s ser agredido em briga por causa de cachorro em Ribeir\u00e3o Preto","author":"ismaelcolosi.com.br","date":"31 de May de 2024","format":false,"excerpt":"Um homem de 39 anos morreu na \u00faltima quarta-feira (29), depois de ser agredido durante uma briga na Vila Albertina, zona Norte de Ribeir\u00e3o Preto. Segundo o boletim de ocorr\u00eancia (BO), um amigo da v\u00edtima afirmou \u00e0 pol\u00edcia que a confus\u00e3o ocorreu por causa de um cachorro no \u00faltimo dia\u2026","rel":"","context":"In &quot;Not\u00edcias de Ribeir\u00e3o Preto-SP e Regi\u00e3o&quot;","block_context":{"text":"Not\u00edcias de Ribeir\u00e3o Preto-SP e Regi\u00e3o","link":"https:\/\/ismaelcolosi.com.br\/index.php\/category\/noticias-de-ribeirao-preto-sp-e-regiao-ismael-colosi\/"},"img":{"alt_text":"","src":"https:\/\/ismaelcolosi.com.br\/wp-content\/uploads\/2024\/02\/whatsapp_image_2022-08-14_at_12_10_03.jpe","width":350,"height":200,"srcset":"https:\/\/ismaelcolosi.com.br\/wp-content\/uploads\/2024\/02\/whatsapp_image_2022-08-14_at_12_10_03.jpe 1x, https:\/\/ismaelcolosi.com.br\/wp-content\/uploads\/2024\/02\/whatsapp_image_2022-08-14_at_12_10_03.jpe 1.5x, https:\/\/ismaelcolosi.com.br\/wp-content\/uploads\/2024\/02\/whatsapp_image_2022-08-14_at_12_10_03.jpe 2x, https:\/\/ismaelcolosi.com.br\/wp-content\/uploads\/2024\/02\/whatsapp_image_2022-08-14_at_12_10_03.jpe 3x"},"classes":[]},{"id":51816,"url":"https:\/\/ismaelcolosi.com.br\/index.php\/2024\/05\/31\/homem-morre-apos-ser-agredido-por-causa-de-cachorro-em-ribeirao-preto\/","url_meta":{"origin":37927,"position":3},"title":"Homem morre ap\u00f3s ser agredido por causa de cachorro em Ribeir\u00e3o Preto","author":"ismaelcolosi.com.br","date":"31 de May de 2024","format":false,"excerpt":"Um homem de 39 anos morreu na \u00faltima quarta-feira (29), depois de ser agredido na Vila Albertina, zona Norte de Ribeir\u00e3o Preto. Segundo o boletim de ocorr\u00eancia (BO), um amigo da v\u00edtima afirmou \u00e0 pol\u00edcia que a confus\u00e3o ocorreu por causa de um cachorro no \u00faltimo dia 17 de mar\u00e7o.\u2026","rel":"","context":"In &quot;Not\u00edcias de Ribeir\u00e3o Preto-SP e Regi\u00e3o&quot;","block_context":{"text":"Not\u00edcias de Ribeir\u00e3o Preto-SP e Regi\u00e3o","link":"https:\/\/ismaelcolosi.com.br\/index.php\/category\/noticias-de-ribeirao-preto-sp-e-regiao-ismael-colosi\/"},"img":{"alt_text":"","src":"https:\/\/ismaelcolosi.com.br\/wp-content\/uploads\/2024\/02\/whatsapp_image_2022-08-14_at_12_10_03.jpe","width":350,"height":200,"srcset":"https:\/\/ismaelcolosi.com.br\/wp-content\/uploads\/2024\/02\/whatsapp_image_2022-08-14_at_12_10_03.jpe 1x, https:\/\/ismaelcolosi.com.br\/wp-content\/uploads\/2024\/02\/whatsapp_image_2022-08-14_at_12_10_03.jpe 1.5x, https:\/\/ismaelcolosi.com.br\/wp-content\/uploads\/2024\/02\/whatsapp_image_2022-08-14_at_12_10_03.jpe 2x, https:\/\/ismaelcolosi.com.br\/wp-content\/uploads\/2024\/02\/whatsapp_image_2022-08-14_at_12_10_03.jpe 3x"},"classes":[]},{"id":39241,"url":"https:\/\/ismaelcolosi.com.br\/index.php\/2024\/02\/24\/bebe-morre-apos-ser-atacado-por-cachorro-na-regiao-de-ribeirao-preto\/","url_meta":{"origin":37927,"position":4},"title":"Beb\u00ea morre ap\u00f3s ser atacado por cachorro na regi\u00e3o de Ribeir\u00e3o Preto","author":"ismaelcolosi.com.br","date":"24 de February de 2024","format":false,"excerpt":"Um beb\u00ea de apenas 11 meses morreu ap\u00f3s ser atacado por um cachorro na noite da \u00faltima sexta-feira (23), em Bebedouro, na regi\u00e3o de Ribeir\u00e3o Preto. A crian\u00e7a chegou a ser levada para UPA (Unidade de Pronto Atendimento) da cidade, mas n\u00e3o resistiu aos ferimentos. De acordo com a Guarda\u2026","rel":"","context":"In &quot;Not\u00edcias de Ribeir\u00e3o Preto-SP e Regi\u00e3o&quot;","block_context":{"text":"Not\u00edcias de Ribeir\u00e3o Preto-SP e Regi\u00e3o","link":"https:\/\/ismaelcolosi.com.br\/index.php\/category\/noticias-de-ribeirao-preto-sp-e-regiao-ismael-colosi\/"},"img":{"alt_text":"","src":"https:\/\/i0.wp.com\/ismaelcolosi.com.br\/wp-content\/uploads\/2024\/02\/WhatsApp-Image-2023-10-16-at-09.34.32-1.jpeg?fit=1080%2C1080&ssl=1&resize=350%2C200","width":350,"height":200,"srcset":"https:\/\/i0.wp.com\/ismaelcolosi.com.br\/wp-content\/uploads\/2024\/02\/WhatsApp-Image-2023-10-16-at-09.34.32-1.jpeg?fit=1080%2C1080&ssl=1&resize=350%2C200 1x, https:\/\/i0.wp.com\/ismaelcolosi.com.br\/wp-content\/uploads\/2024\/02\/WhatsApp-Image-2023-10-16-at-09.34.32-1.jpeg?fit=1080%2C1080&ssl=1&resize=525%2C300 1.5x, https:\/\/i0.wp.com\/ismaelcolosi.com.br\/wp-content\/uploads\/2024\/02\/WhatsApp-Image-2023-10-16-at-09.34.32-1.jpeg?fit=1080%2C1080&ssl=1&resize=700%2C400 2x, https:\/\/i0.wp.com\/ismaelcolosi.com.br\/wp-content\/uploads\/2024\/02\/WhatsApp-Image-2023-10-16-at-09.34.32-1.jpeg?fit=1080%2C1080&ssl=1&resize=1050%2C600 3x"},"classes":[]},{"id":51030,"url":"https:\/\/ismaelcolosi.com.br\/index.php\/2024\/05\/22\/homem-e-morto-apos-ser-atraido-para-encontro-com-mulher-na-regiao-de-ribeirao-preto\/","url_meta":{"origin":37927,"position":5},"title":"Homem \u00e9 morto ap\u00f3s ser atra\u00eddo para encontro com mulher na regi\u00e3o de Ribeir\u00e3o Preto","author":"ismaelcolosi.com.br","date":"22 de May de 2024","format":false,"excerpt":"Um homem de 57 anos foi morto a facadas na tarde desta ter\u00e7a-feira (21), depois de ser atra\u00eddo para um encontro com uma mulher, em Bebedouro, cidade a aproximadamente 80 quil\u00f4metros de Ribeir\u00e3o Preto. Segundo o boletim de ocorr\u00eancia (BO), a mulher, de 24 anos, acabou presa e o namorado\u2026","rel":"","context":"In &quot;Not\u00edcias de Ribeir\u00e3o Preto-SP e Regi\u00e3o&quot;","block_context":{"text":"Not\u00edcias de Ribeir\u00e3o Preto-SP e Regi\u00e3o","link":"https:\/\/ismaelcolosi.com.br\/index.php\/category\/noticias-de-ribeirao-preto-sp-e-regiao-ismael-colosi\/"},"img":{"alt_text":"","src":"https:\/\/i0.wp.com\/ismaelcolosi.com.br\/wp-content\/uploads\/2024\/05\/1716394610_20220620_114539075_policia_qru_1024x576_25052021184749_jpg_715985292.jpg?fit=1200%2C606&ssl=1&resize=350%2C200","width":350,"height":200,"srcset":"https:\/\/i0.wp.com\/ismaelcolosi.com.br\/wp-content\/uploads\/2024\/05\/1716394610_20220620_114539075_policia_qru_1024x576_25052021184749_jpg_715985292.jpg?fit=1200%2C606&ssl=1&resize=350%2C200 1x, https:\/\/i0.wp.com\/ismaelcolosi.com.br\/wp-content\/uploads\/2024\/05\/1716394610_20220620_114539075_policia_qru_1024x576_25052021184749_jpg_715985292.jpg?fit=1200%2C606&ssl=1&resize=525%2C300 1.5x, https:\/\/i0.wp.com\/ismaelcolosi.com.br\/wp-content\/uploads\/2024\/05\/1716394610_20220620_114539075_policia_qru_1024x576_25052021184749_jpg_715985292.jpg?fit=1200%2C606&ssl=1&resize=700%2C400 2x, https:\/\/i0.wp.com\/ismaelcolosi.com.br\/wp-content\/uploads\/2024\/05\/1716394610_20220620_114539075_policia_qru_1024x576_25052021184749_jpg_715985292.jpg?fit=1200%2C606&ssl=1&resize=1050%2C600 3x"},"classes":[]}],"jetpack_sharing_enabled":true,"jetpack_shortlink":"https:\/\/wp.me\/pfMlyK-9RJ","_links":{"self":[{"href":"https:\/\/ismaelcolosi.com.br\/index.php\/wp-json\/wp\/v2\/posts\/37927","targetHints":{"allow":["GET"]}}],"collection":[{"href":"https:\/\/ismaelcolosi.com.br\/index.php\/wp-json\/wp\/v2\/posts"}],"about":[{"href":"https:\/\/ismaelcolosi.com.br\/index.php\/wp-json\/wp\/v2\/types\/post"}],"author":[{"embeddable":true,"href":"https:\/\/ismaelcolosi.com.br\/index.php\/wp-json\/wp\/v2\/users\/1"}],"replies":[{"embeddable":true,"href":"https:\/\/ismaelcolosi.com.br\/index.php\/wp-json\/wp\/v2\/comments?post=37927"}],"version-history":[{"count":0,"href":"https:\/\/ismaelcolosi.com.br\/index.php\/wp-json\/wp\/v2\/posts\/37927\/revisions"}],"wp:featuredmedia":[{"embeddable":true,"href":"https:\/\/ismaelcolosi.com.br\/index.php\/wp-json\/wp\/v2\/media\/37928"}],"wp:attachment":[{"href":"https:\/\/ismaelcolosi.com.br\/index.php\/wp-json\/wp\/v2\/media?parent=37927"}],"wp:term":[{"taxonomy":"category","embeddable":true,"href":"https:\/\/ismaelcolosi.com.br\/index.php\/wp-json\/wp\/v2\/categories?post=37927"},{"taxonomy":"post_tag","embeddable":true,"href":"https:\/\/ismaelcolosi.com.br\/index.php\/wp-json\/wp\/v2\/tags?post=37927"}],"curies":[{"name":"wp","href":"https:\/\/api.w.org\/{rel}","templated":true}]}}