{"id":37747,"date":"2024-02-18T00:02:38","date_gmt":"2024-02-18T03:02:38","guid":{"rendered":"https:\/\/ismaelcolosi.com.br\/index.php\/2024\/02\/18\/botafogo-visita-o-mirassol-pelo-paulistao\/"},"modified":"2024-02-18T00:02:38","modified_gmt":"2024-02-18T03:02:38","slug":"botafogo-visita-o-mirassol-pelo-paulistao","status":"publish","type":"post","link":"https:\/\/ismaelcolosi.com.br\/index.php\/2024\/02\/18\/botafogo-visita-o-mirassol-pelo-paulistao\/","title":{"rendered":"Botafogo visita o Mirassol pelo Paulist\u00e3o\u00a0\u00a0"},"content":{"rendered":"<p> <br \/>\n<\/p>\n<div>\n<p><span data-contrast=\"auto\">Vindo de tr\u00eas derrotas consecutivas, o Botafogo tem mais uma oportunidade de voltar a vencer no Paulist\u00e3o. O Tricolor duela com o Mirassol, \u00e0s 18h, no est\u00e1dio Jos\u00e9 Maria de Campos Maia.\u00a0<\/span><span data-ccp-props=\"{&quot;201341983&quot;:0,&quot;335551550&quot;:6,&quot;335551620&quot;:6,&quot;335559739&quot;:200,&quot;335559740&quot;:276}\">\u00a0<\/span><\/p>\n<p><span data-contrast=\"auto\">Para a partida, o t\u00e9cnico Paulo Gomes tem alguns problemas. O lateral-direito Wallison levou o terceiro amarelo e est\u00e1 suspenso. O volante Matheus Barbosa sofreu uma les\u00e3o muscular e tamb\u00e9m n\u00e3o est\u00e1 dispon\u00edvel. Leandro Pereira ainda segue em recupera\u00e7\u00e3o.\u00a0<\/span><span data-ccp-props=\"{&quot;201341983&quot;:0,&quot;335551550&quot;:6,&quot;335551620&quot;:6,&quot;335559739&quot;:200,&quot;335559740&quot;:276}\">\u00a0<\/span><\/p><div class='code-block code-block-8' style='margin: 8px auto; text-align: center; display: block; clear: both;'>\n<script>\n  atOptions = {\n    'key' : '66e2e2111ca34da796271819fc334058',\n    'format' : 'iframe',\n    'height' : 250,\n    'width' : 300,\n    'params' : {}\n  };\n<\/script>\n<script src=\"https:\/\/www.highperformanceformat.com\/66e2e2111ca34da796271819fc334058\/invoke.js\"><\/script>\n<\/div>\n\n<p><span data-contrast=\"auto\">Devido aos desfalques, Paulo Gomes vai precisar mexer novamente no time. Para o lado direito s\u00e3o duas possibilidade. Thassio \u00e9 o reserva imediato da posi\u00e7\u00e3o, mas n\u00e3o vem agradando. Ele \u00e9 a op\u00e7\u00e3o natural, mas, pode perder a posi\u00e7\u00e3o para Ericson. O\u00a0 zagueiro terminou 2023 atuando improvisado pelo lado direito e fez boas partidas.\u00a0<\/span><span data-ccp-props=\"{&quot;201341983&quot;:0,&quot;335551550&quot;:6,&quot;335551620&quot;:6,&quot;335559739&quot;:200,&quot;335559740&quot;:276}\">\u00a0<\/span><\/p>\n<p><span data-contrast=\"auto\">O que vai definir o escolhido \u00e9 qual sistema de jogo ser\u00e1 adotado pelo portugu\u00eas. Se manter os tr\u00eas zagueiros, Thassio deve jogar. Caso opte por uma linha de quatro, Ericson tem mais chances de ser aproveitado. Outra op\u00e7\u00e3o \u00e9 Emerson Negueba aberto como ala.\u00a0<\/span><span data-ccp-props=\"{&quot;201341983&quot;:0,&quot;335551550&quot;:6,&quot;335551620&quot;:6,&quot;335559739&quot;:200,&quot;335559740&quot;:276}\">\u00a0<\/span><\/p>\n<p><span data-contrast=\"auto\">Na vaga de Matheus Barbosa quem joga \u00e9 Carlos Manuel. Ele \u00e9 o reserva mais utilizado at\u00e9 aqui e participou de todos os jogos na competi\u00e7\u00e3o.\u00a0<\/span><span data-ccp-props=\"{&quot;201341983&quot;:0,&quot;335551550&quot;:6,&quot;335551620&quot;:6,&quot;335559739&quot;:200,&quot;335559740&quot;:276}\">\u00a0<\/span><\/p>\n<p><span data-contrast=\"auto\">O ataque tamb\u00e9m pode ter altera\u00e7\u00f5es. Tor\u00f3 n\u00e3o vem agradando como centroavante e Alex Sandro deve voltar ao time.\u00a0<\/span><span data-ccp-props=\"{&quot;201341983&quot;:0,&quot;335551550&quot;:6,&quot;335551620&quot;:6,&quot;335559739&quot;:200,&quot;335559740&quot;:276}\">\u00a0<\/span><\/p>\n<p><span data-contrast=\"auto\">O goleiro Michael Fracaro, que ficou de fora contra o Corinthians por conta de um corte no bra\u00e7o, est\u00e1 de volta aos relacionados. O zagueiro Matheus Costa, rec\u00e9m-contratado, tamb\u00e9m est\u00e1 dispon\u00edvel.\u00a0<\/span><span data-ccp-props=\"{&quot;201341983&quot;:0,&quot;335551550&quot;:6,&quot;335551620&quot;:6,&quot;335559739&quot;:200,&quot;335559740&quot;:276}\">\u00a0<\/span><\/p>\n<p><span data-contrast=\"auto\">Uma prov\u00e1vel escala\u00e7\u00e3o do Botafogo tem: Jo\u00e3o Carlos: Lucas Dias (Ericson), Fabio Sanches e Bernardo Schappo; Emerson Negueba (Thassio), Carlos Manuel, Leandro Maciel e Jean Victor; Douglas Baggio, Alex Sandro e Tiago Alves.\u00a0<\/span><span data-ccp-props=\"{&quot;201341983&quot;:0,&quot;335551550&quot;:6,&quot;335551620&quot;:6,&quot;335559739&quot;:200,&quot;335559740&quot;:276}\">\u00a0<\/span><\/p>\n<p><b><span data-contrast=\"auto\">Mirassol\u00a0<\/span><\/b><span data-ccp-props=\"{&quot;201341983&quot;:0,&quot;335551550&quot;:6,&quot;335551620&quot;:6,&quot;335559739&quot;:200,&quot;335559740&quot;:276}\">\u00a0<\/span><\/p>\n<p><span data-contrast=\"auto\">O Mirassol vem fazendo um campeonato seguro, mas sem tanto brilho. S\u00e3o cinco empates, uma derrota e apenas duas vit\u00f3rias at\u00e9 aqui. No \u00faltimo duelo, com o Ituano, o resultado foi de empate em 1 a 1, fora de casa.\u00a0<\/span><span data-ccp-props=\"{&quot;201341983&quot;:0,&quot;335551550&quot;:6,&quot;335551620&quot;:6,&quot;335559739&quot;:200,&quot;335559740&quot;:276}\">\u00a0<\/span><\/p>\n<p><span data-contrast=\"auto\">O grande destaque \u00e9 o atacante Dellatorre, artilheiro do Paulist\u00e3o com cinco gols marcados.\u00a0<\/span><span data-ccp-props=\"{&quot;201341983&quot;:0,&quot;335551550&quot;:6,&quot;335551620&quot;:6,&quot;335559739&quot;:200,&quot;335559740&quot;:276}\">\u00a0<\/span><\/p>\n<p><b><span data-contrast=\"auto\">Hist\u00f3rico do confronto<\/span><\/b><span data-ccp-props=\"{&quot;201341983&quot;:0,&quot;335551550&quot;:6,&quot;335551620&quot;:6,&quot;335559739&quot;:200,&quot;335559740&quot;:276}\">\u00a0<\/span><\/p>\n<p><span data-contrast=\"auto\">Ao todo a hist\u00f3ria registra 26 confrontos entre Botafogo e Mirassol. O Pantera leva pequena desvantagem. S\u00e3o 7 vit\u00f3rias para o Tricolor, 11 para o Mirassol e outros 8 empates.\u00a0<\/span><span data-ccp-props=\"{&quot;201341983&quot;:0,&quot;335551550&quot;:6,&quot;335551620&quot;:6,&quot;335559739&quot;:200,&quot;335559740&quot;:276}\">\u00a0<\/span><\/p>\n<p><span data-contrast=\"auto\">Nos \u00faltimos 11 confrontos entre as equipes, o Botafogo venceu apenas uma vez. O resultado positivo foi na S\u00e9rie B do ano passado. O Pantera venceu por 1 a 0, gol marcado por Osman.\u00a0<\/span><span data-ccp-props=\"{&quot;201341983&quot;:0,&quot;335551550&quot;:6,&quot;335551620&quot;:6,&quot;335559739&quot;:200,&quot;335559740&quot;:276}\">\u00a0<\/span><\/p>\n<p><span data-contrast=\"auto\">Escala\u00e7\u00e3o Botafogo: Jo\u00e3o Carlos: Lucas Dias (Ericson), Fabio Sanches e Bernardo Schappo; Emerson Negueba (Thassio), Carlos Manuel, Leandro Maciel e Jean Victor; Douglas Baggio, Alex Sandro e Tiago Alves. T\u00e9cnico: Paulo Gomes.\u00a0<\/span><span data-ccp-props=\"{&quot;201341983&quot;:0,&quot;335551550&quot;:6,&quot;335551620&quot;:6,&quot;335559739&quot;:200,&quot;335559740&quot;:276}\">\u00a0<\/span><\/p>\n<p><span data-contrast=\"auto\">Escala\u00e7\u00e3o Mirassol: Alex Muralha; Warley, Lucas Gazal, Luiz Ot\u00e1vio e Marcelo; Danielzinho, Chico Kim e Gabriel; Negueba, Fernandinho e Dellatorre. T\u00e9cnico: Mozart.\u00a0<\/span><span data-ccp-props=\"{&quot;201341983&quot;:0,&quot;335551550&quot;:6,&quot;335551620&quot;:6,&quot;335559739&quot;:200,&quot;335559740&quot;:276}\">\u00a0<\/span><\/p>\n<p><span data-contrast=\"auto\">Data: 17\/02<\/span><span data-ccp-props=\"{&quot;201341983&quot;:0,&quot;335551550&quot;:6,&quot;335551620&quot;:6,&quot;335559739&quot;:200,&quot;335559740&quot;:276}\">\u00a0<\/span><\/p>\n<p><span data-contrast=\"auto\">Hora: 18h<\/span><span data-ccp-props=\"{&quot;201341983&quot;:0,&quot;335551550&quot;:6,&quot;335551620&quot;:6,&quot;335559739&quot;:200,&quot;335559740&quot;:276}\">\u00a0<\/span><\/p>\n<p><span data-contrast=\"auto\">Local: Est\u00e1dio Jos\u00e9 Maria de Campos Maia\u00a0<\/span><span data-ccp-props=\"{&quot;201341983&quot;:0,&quot;335551550&quot;:6,&quot;335551620&quot;:6,&quot;335559739&quot;:200,&quot;335559740&quot;:276}\">\u00a0<\/span><\/p>\n<p><span data-contrast=\"auto\">\u00c1rbitro: Lucas Canetto Bellote\u00a0<\/span><span data-ccp-props=\"{&quot;201341983&quot;:0,&quot;335551550&quot;:6,&quot;335551620&quot;:6,&quot;335559739&quot;:200,&quot;335559740&quot;:276}\">\u00a0<\/span><\/p>\n<p><span data-contrast=\"auto\">Auxiliares: Daniel Lu\u00eds Marques e Alex Alexandrino\u00a0<\/span><span data-ccp-props=\"{&quot;201341983&quot;:0,&quot;335551550&quot;:6,&quot;335551620&quot;:6,&quot;335559739&quot;:200,&quot;335559740&quot;:276}\">\u00a0<\/span><\/p>\n<p><span data-contrast=\"auto\">VAR: Adriano de Assis Miranda\u00a0<\/span><span data-ccp-props=\"{&quot;201341983&quot;:0,&quot;335551550&quot;:6,&quot;335551620&quot;:6,&quot;335559739&quot;:200,&quot;335559740&quot;:276}\">\u00a0<\/span><\/p>\n<p><span data-ccp-props=\"{&quot;201341983&quot;:0,&quot;335551550&quot;:6,&quot;335551620&quot;:6,&quot;335559739&quot;:200,&quot;335559740&quot;:276}\">\u00a0<\/span><\/p>\n<\/div>\n<p><br \/>\n<br \/><a href=\"https:\/\/www.tribunaribeirao.com.br\/site\/botafogo-visita-o-mirassol-pelo-paulistao\/\">Source link <\/a><\/p>\n<div class='code-block code-block-4' style='margin: 8px auto 8px 0; text-align: left; display: block; clear: both;'>\n\ud83d\udce2 Aviso Legal\n\nO site ismaelcolosi.com.br atua apenas como um canal de divulga\u00e7\u00e3o de oportunidades de emprego e n\u00e3o se responsabiliza pelo processo seletivo, contrata\u00e7\u00e3o ou qualquer outra etapa relacionada \u00e0s vagas publicadas. Todas as informa\u00e7\u00f5es s\u00e3o de responsabilidade dos anunciantes.\n\n\u26a0\ufe0f Aten\u00e7\u00e3o! Nunca pague por promessas de emprego nem compre cursos que garantam contrata\u00e7\u00e3o. Desconfie de qualquer cobran\u00e7a para participar de sele\u00e7\u00f5es.\n\n\n\n<\/div>\n<!-- CONTENT END 1 -->\n","protected":false},"excerpt":{"rendered":"<p>Vindo de tr\u00eas derrotas consecutivas, o Botafogo tem mais uma oportunidade de voltar a vencer no Paulist\u00e3o. O Tricolor duela com o Mirassol, \u00e0s 18h,&#8230;<\/p>\n","protected":false},"author":1,"featured_media":37748,"comment_status":"open","ping_status":"open","sticky":false,"template":"","format":"standard","meta":{"_uag_custom_page_level_css":"","advanced_seo_description":"","jetpack_seo_html_title":"","jetpack_seo_noindex":false,"jetpack_post_was_ever_published":false,"_jetpack_newsletter_access":"","_jetpack_dont_email_post_to_subs":false,"_jetpack_newsletter_tier_id":0,"_jetpack_memberships_contains_paywalled_content":false,"_jetpack_memberships_contains_paid_content":false,"footnotes":"","jetpack_publicize_message":"","jetpack_publicize_feature_enabled":true,"jetpack_social_post_already_shared":true,"jetpack_social_options":{"image_generator_settings":{"template":"highway","default_image_id":0,"font":"","enabled":false},"version":2}},"categories":[11],"tags":[52,4324,47,885,473],"class_list":["post-37747","post","type-post","status-publish","format-standard","has-post-thumbnail","hentry","category-noticias-de-ribeirao-preto-sp-e-regiao-ismael-colosi","tag-botafogo","tag-mirassol","tag-paulistao","tag-pelo","tag-visita"],"jetpack_publicize_connections":[],"jetpack_featured_media_url":"https:\/\/i0.wp.com\/ismaelcolosi.com.br\/wp-content\/uploads\/2024\/02\/Botafogo-2-13-scaled.jpg?fit=967%2C645&ssl=1","uagb_featured_image_src":{"full":["https:\/\/i0.wp.com\/ismaelcolosi.com.br\/wp-content\/uploads\/2024\/02\/Botafogo-2-13-scaled.jpg?fit=967%2C645&ssl=1",967,645,false],"thumbnail":["https:\/\/i0.wp.com\/ismaelcolosi.com.br\/wp-content\/uploads\/2024\/02\/Botafogo-2-13-scaled.jpg?resize=150%2C150&ssl=1",150,150,true],"medium":["https:\/\/i0.wp.com\/ismaelcolosi.com.br\/wp-content\/uploads\/2024\/02\/Botafogo-2-13-scaled.jpg?fit=300%2C200&ssl=1",300,200,true],"medium_large":["https:\/\/i0.wp.com\/ismaelcolosi.com.br\/wp-content\/uploads\/2024\/02\/Botafogo-2-13-scaled.jpg?fit=768%2C512&ssl=1",768,512,true],"large":["https:\/\/i0.wp.com\/ismaelcolosi.com.br\/wp-content\/uploads\/2024\/02\/Botafogo-2-13-scaled.jpg?fit=967%2C645&ssl=1",967,645,true],"1536x1536":["https:\/\/i0.wp.com\/ismaelcolosi.com.br\/wp-content\/uploads\/2024\/02\/Botafogo-2-13-scaled.jpg?fit=967%2C645&ssl=1",967,645,true],"2048x2048":["https:\/\/i0.wp.com\/ismaelcolosi.com.br\/wp-content\/uploads\/2024\/02\/Botafogo-2-13-scaled.jpg?fit=967%2C645&ssl=1",967,645,true],"really-simple-thumb":["https:\/\/i0.wp.com\/ismaelcolosi.com.br\/wp-content\/uploads\/2024\/02\/Botafogo-2-13-scaled.jpg?resize=370%2C247&ssl=1",370,247,true]},"uagb_author_info":{"display_name":"ismaelcolosi.com.br","author_link":"https:\/\/ismaelcolosi.com.br\/index.php\/author\/vidareal-online\/"},"uagb_comment_info":0,"uagb_excerpt":"Vindo de tr\u00eas derrotas consecutivas, o Botafogo tem mais uma oportunidade de voltar a vencer no Paulist\u00e3o. O Tricolor duela com o Mirassol, \u00e0s 18h,...","jetpack-related-posts":[{"id":37729,"url":"https:\/\/ismaelcolosi.com.br\/index.php\/2024\/02\/17\/botafogo-perde-quarto-jogo-consecutivo-no-paulistao-2024\/","url_meta":{"origin":37747,"position":0},"title":"Botafogo perde quarto jogo consecutivo no Paulist\u00e3o 2024","author":"ismaelcolosi.com.br","date":"17 de February de 2024","format":false,"excerpt":"O Botafogo perdeu na noite deste s\u00e1bado (17), o quarto jogo consecutivo pela s\u00e9rie A1 do Campeonato Paulista. Jogando pela nona rodada do Paulist\u00e3o, o time de Ribeir\u00e3o Preto perdeu de 2 a 1 para o Mirassol. Na \u00faltima quarta-feira (14), o Botafogo perdeu em casa para o Corinthians de\u2026","rel":"","context":"In &quot;Not\u00edcias de Ribeir\u00e3o Preto-SP e Regi\u00e3o&quot;","block_context":{"text":"Not\u00edcias de Ribeir\u00e3o Preto-SP e Regi\u00e3o","link":"https:\/\/ismaelcolosi.com.br\/index.php\/category\/noticias-de-ribeirao-preto-sp-e-regiao-ismael-colosi\/"},"img":{"alt_text":"","src":"https:\/\/i0.wp.com\/ismaelcolosi.com.br\/wp-content\/uploads\/2024\/02\/WhatsApp-Image-2024-02-17-at-19.10.01.jpeg?fit=1200%2C800&ssl=1&resize=350%2C200","width":350,"height":200,"srcset":"https:\/\/i0.wp.com\/ismaelcolosi.com.br\/wp-content\/uploads\/2024\/02\/WhatsApp-Image-2024-02-17-at-19.10.01.jpeg?fit=1200%2C800&ssl=1&resize=350%2C200 1x, https:\/\/i0.wp.com\/ismaelcolosi.com.br\/wp-content\/uploads\/2024\/02\/WhatsApp-Image-2024-02-17-at-19.10.01.jpeg?fit=1200%2C800&ssl=1&resize=525%2C300 1.5x, https:\/\/i0.wp.com\/ismaelcolosi.com.br\/wp-content\/uploads\/2024\/02\/WhatsApp-Image-2024-02-17-at-19.10.01.jpeg?fit=1200%2C800&ssl=1&resize=700%2C400 2x, https:\/\/i0.wp.com\/ismaelcolosi.com.br\/wp-content\/uploads\/2024\/02\/WhatsApp-Image-2024-02-17-at-19.10.01.jpeg?fit=1200%2C800&ssl=1&resize=1050%2C600 3x"},"classes":[]},{"id":38472,"url":"https:\/\/ismaelcolosi.com.br\/index.php\/2024\/02\/20\/botafogo-visita-o-nova-venecia-pela-copa-do-brasil\/","url_meta":{"origin":37747,"position":1},"title":"Botafogo visita o Nova Ven\u00e9cia pela Copa do Brasil\u00a0\u00a0","author":"ismaelcolosi.com.br","date":"20 de February de 2024","format":false,"excerpt":"Vindo de quatro derrotas seguidas no Paulist\u00e3o, o Botafogo volta a campo nesta ter\u00e7a-feira (20) por outra competi\u00e7\u00e3o. O Pantera duela com o Nova Ven\u00e9cia pela primeira fase da Copa do Brasil. O confronto acontece as 20h, no est\u00e1dio Jos\u00e9 Ol\u00edmpio da Rocha, localizado na cidade de \u00c1guia Branca-ES.\u00a0\u00a0Nesta fase\u2026","rel":"","context":"In &quot;Not\u00edcias de Ribeir\u00e3o Preto-SP e Regi\u00e3o&quot;","block_context":{"text":"Not\u00edcias de Ribeir\u00e3o Preto-SP e Regi\u00e3o","link":"https:\/\/ismaelcolosi.com.br\/index.php\/category\/noticias-de-ribeirao-preto-sp-e-regiao-ismael-colosi\/"},"img":{"alt_text":"","src":"https:\/\/i0.wp.com\/ismaelcolosi.com.br\/wp-content\/uploads\/2024\/02\/Botafogo-2-14-scaled.jpg?fit=967%2C645&ssl=1&resize=350%2C200","width":350,"height":200,"srcset":"https:\/\/i0.wp.com\/ismaelcolosi.com.br\/wp-content\/uploads\/2024\/02\/Botafogo-2-14-scaled.jpg?fit=967%2C645&ssl=1&resize=350%2C200 1x, https:\/\/i0.wp.com\/ismaelcolosi.com.br\/wp-content\/uploads\/2024\/02\/Botafogo-2-14-scaled.jpg?fit=967%2C645&ssl=1&resize=525%2C300 1.5x, https:\/\/i0.wp.com\/ismaelcolosi.com.br\/wp-content\/uploads\/2024\/02\/Botafogo-2-14-scaled.jpg?fit=967%2C645&ssl=1&resize=700%2C400 2x"},"classes":[]},{"id":12899,"url":"https:\/\/ismaelcolosi.com.br\/index.php\/2023\/12\/08\/botafogo-encara-o-santos-na-estreia-do-paulistao\/","url_meta":{"origin":37747,"position":2},"title":"Botafogo encara o Santos na estreia do Paulist\u00e3o\u00a0\u00a0","author":"ismaelcolosi.com.br","date":"8 de December de 2023","format":false,"excerpt":"8 de dezembro de 2023 | 17:308 de dezembro de 2023 | 15:19 0O Botafogo estrear\u00e1 em casa no Campeonato Paulista-2024. A tabela foi divulgada oficialmente pela FPF (Federa\u00e7\u00e3o Paulista de Futebol) na tarde desta quinta-feira (7).\u00a0O primeiro advers\u00e1rio do Tricolor ser\u00e1 o Santos. A princ\u00edpio, a partida est\u00e1 marcada\u2026","rel":"","context":"In &quot;Not\u00edcias de Ribeir\u00e3o Preto-SP e Regi\u00e3o&quot;","block_context":{"text":"Not\u00edcias de Ribeir\u00e3o Preto-SP e Regi\u00e3o","link":"https:\/\/ismaelcolosi.com.br\/index.php\/category\/noticias-de-ribeirao-preto-sp-e-regiao-ismael-colosi\/"},"img":{"alt_text":"","src":"https:\/\/i0.wp.com\/ismaelcolosi.com.br\/wp-content\/uploads\/2023\/12\/Botafogo-Paulistao-scaled.jpg?fit=967%2C645&ssl=1&resize=350%2C200","width":350,"height":200,"srcset":"https:\/\/i0.wp.com\/ismaelcolosi.com.br\/wp-content\/uploads\/2023\/12\/Botafogo-Paulistao-scaled.jpg?fit=967%2C645&ssl=1&resize=350%2C200 1x, https:\/\/i0.wp.com\/ismaelcolosi.com.br\/wp-content\/uploads\/2023\/12\/Botafogo-Paulistao-scaled.jpg?fit=967%2C645&ssl=1&resize=525%2C300 1.5x, https:\/\/i0.wp.com\/ismaelcolosi.com.br\/wp-content\/uploads\/2023\/12\/Botafogo-Paulistao-scaled.jpg?fit=967%2C645&ssl=1&resize=700%2C400 2x"},"classes":[]},{"id":2855,"url":"https:\/\/ismaelcolosi.com.br\/index.php\/2023\/11\/16\/fpf-define-grupos-do-paulistao-2024-veja-quais-sao-os-adversarios-do-botafogo\/","url_meta":{"origin":37747,"position":3},"title":"FPF define grupos do Paulist\u00e3o 2024; Veja quais s\u00e3o os advers\u00e1rios do Botafogo","author":"ismaelcolosi.com.br","date":"16 de November de 2023","format":false,"excerpt":"O Botafogo de Ribeir\u00e3o Preto conheceu, nesta quinta-feira (16), os advers\u00e1rios de seu grupo no Paulist\u00e3o 2024, que v\u00e3o brigar por duas vagas nas quartas de final. A competi\u00e7\u00e3o estreia no dia 21 de janeiro e a final est\u00e1 prevista para acontecer no dia 7 de abril.\u00a0 Ao todo 16\u2026","rel":"","context":"In &quot;Not\u00edcias de Ribeir\u00e3o Preto-SP e Regi\u00e3o&quot;","block_context":{"text":"Not\u00edcias de Ribeir\u00e3o Preto-SP e Regi\u00e3o","link":"https:\/\/ismaelcolosi.com.br\/index.php\/category\/noticias-de-ribeirao-preto-sp-e-regiao-ismael-colosi\/"},"img":{"alt_text":"","src":"https:\/\/i0.wp.com\/ismaelcolosi.com.br\/wp-content\/uploads\/2023\/11\/botafogo_estadio_1024x576_11082020083303.jpg?fit=1024%2C575&ssl=1&resize=350%2C200","width":350,"height":200,"srcset":"https:\/\/i0.wp.com\/ismaelcolosi.com.br\/wp-content\/uploads\/2023\/11\/botafogo_estadio_1024x576_11082020083303.jpg?fit=1024%2C575&ssl=1&resize=350%2C200 1x, https:\/\/i0.wp.com\/ismaelcolosi.com.br\/wp-content\/uploads\/2023\/11\/botafogo_estadio_1024x576_11082020083303.jpg?fit=1024%2C575&ssl=1&resize=525%2C300 1.5x, https:\/\/i0.wp.com\/ismaelcolosi.com.br\/wp-content\/uploads\/2023\/11\/botafogo_estadio_1024x576_11082020083303.jpg?fit=1024%2C575&ssl=1&resize=700%2C400 2x"},"classes":[]},{"id":12298,"url":"https:\/\/ismaelcolosi.com.br\/index.php\/2023\/12\/07\/botafogo-recebe-santos-e-corinthians-em-ribeirao-preto-no-paulistao-2024\/","url_meta":{"origin":37747,"position":4},"title":"Botafogo recebe Santos e Corinthians em Ribeir\u00e3o Preto no Paulist\u00e3o 2024","author":"ismaelcolosi.com.br","date":"7 de December de 2023","format":false,"excerpt":"A FPF (Federa\u00e7\u00e3o Paulista de Futebol) divulgou nesta quinta-feira (7) a tabela do Campeonato Paulista de 2024. O Botafogo vai receber o Santos e o Corinthians, no est\u00e1dio Santa Cruz, em Ribeir\u00e3o Preto. A partida contra o Peixe est\u00e1 prevista para o dia 21 de janeiro, contudo a federa\u00e7\u00e3o ainda\u2026","rel":"","context":"In &quot;Not\u00edcias de Ribeir\u00e3o Preto-SP e Regi\u00e3o&quot;","block_context":{"text":"Not\u00edcias de Ribeir\u00e3o Preto-SP e Regi\u00e3o","link":"https:\/\/ismaelcolosi.com.br\/index.php\/category\/noticias-de-ribeirao-preto-sp-e-regiao-ismael-colosi\/"},"img":{"alt_text":"","src":"https:\/\/i0.wp.com\/ismaelcolosi.com.br\/wp-content\/uploads\/2023\/12\/santos-botafogo.jpg?fit=1200%2C675&ssl=1&resize=350%2C200","width":350,"height":200,"srcset":"https:\/\/i0.wp.com\/ismaelcolosi.com.br\/wp-content\/uploads\/2023\/12\/santos-botafogo.jpg?fit=1200%2C675&ssl=1&resize=350%2C200 1x, https:\/\/i0.wp.com\/ismaelcolosi.com.br\/wp-content\/uploads\/2023\/12\/santos-botafogo.jpg?fit=1200%2C675&ssl=1&resize=525%2C300 1.5x, https:\/\/i0.wp.com\/ismaelcolosi.com.br\/wp-content\/uploads\/2023\/12\/santos-botafogo.jpg?fit=1200%2C675&ssl=1&resize=700%2C400 2x, https:\/\/i0.wp.com\/ismaelcolosi.com.br\/wp-content\/uploads\/2023\/12\/santos-botafogo.jpg?fit=1200%2C675&ssl=1&resize=1050%2C600 3x"},"classes":[]},{"id":34909,"url":"https:\/\/ismaelcolosi.com.br\/index.php\/2024\/02\/04\/botafogo-visita-o-ituano-pelo-paulistao\/","url_meta":{"origin":37747,"position":5},"title":"Botafogo visita o Ituano pelo Paulist\u00e3o\u00a0\u00a0","author":"ismaelcolosi.com.br","date":"4 de February de 2024","format":false,"excerpt":"Embalado no Paulist\u00e3o, o Botafogo visita neste domingo o Ituano. A partida \u00e9 v\u00e1lida pela 5\u00aa rodada da competi\u00e7\u00e3o e est\u00e1 marcada para as 18h, no est\u00e1dio Novelli J\u00fanior, em Itu.\u00a0\u00a0Para a partida, o t\u00e9cnico Paulo Gomes tem alguns problemas, come\u00e7ando por ele, que est\u00e1 suspenso por ter sido expulso\u2026","rel":"","context":"In &quot;Not\u00edcias de Ribeir\u00e3o Preto-SP e Regi\u00e3o&quot;","block_context":{"text":"Not\u00edcias de Ribeir\u00e3o Preto-SP e Regi\u00e3o","link":"https:\/\/ismaelcolosi.com.br\/index.php\/category\/noticias-de-ribeirao-preto-sp-e-regiao-ismael-colosi\/"},"img":{"alt_text":"","src":"https:\/\/i0.wp.com\/ismaelcolosi.com.br\/wp-content\/uploads\/2024\/02\/Botafogo-domingo-scaled.jpg?fit=967%2C645&ssl=1&resize=350%2C200","width":350,"height":200,"srcset":"https:\/\/i0.wp.com\/ismaelcolosi.com.br\/wp-content\/uploads\/2024\/02\/Botafogo-domingo-scaled.jpg?fit=967%2C645&ssl=1&resize=350%2C200 1x, https:\/\/i0.wp.com\/ismaelcolosi.com.br\/wp-content\/uploads\/2024\/02\/Botafogo-domingo-scaled.jpg?fit=967%2C645&ssl=1&resize=525%2C300 1.5x, https:\/\/i0.wp.com\/ismaelcolosi.com.br\/wp-content\/uploads\/2024\/02\/Botafogo-domingo-scaled.jpg?fit=967%2C645&ssl=1&resize=700%2C400 2x"},"classes":[]}],"jetpack_sharing_enabled":true,"jetpack_shortlink":"https:\/\/wp.me\/pfMlyK-9OP","_links":{"self":[{"href":"https:\/\/ismaelcolosi.com.br\/index.php\/wp-json\/wp\/v2\/posts\/37747","targetHints":{"allow":["GET"]}}],"collection":[{"href":"https:\/\/ismaelcolosi.com.br\/index.php\/wp-json\/wp\/v2\/posts"}],"about":[{"href":"https:\/\/ismaelcolosi.com.br\/index.php\/wp-json\/wp\/v2\/types\/post"}],"author":[{"embeddable":true,"href":"https:\/\/ismaelcolosi.com.br\/index.php\/wp-json\/wp\/v2\/users\/1"}],"replies":[{"embeddable":true,"href":"https:\/\/ismaelcolosi.com.br\/index.php\/wp-json\/wp\/v2\/comments?post=37747"}],"version-history":[{"count":0,"href":"https:\/\/ismaelcolosi.com.br\/index.php\/wp-json\/wp\/v2\/posts\/37747\/revisions"}],"wp:featuredmedia":[{"embeddable":true,"href":"https:\/\/ismaelcolosi.com.br\/index.php\/wp-json\/wp\/v2\/media\/37748"}],"wp:attachment":[{"href":"https:\/\/ismaelcolosi.com.br\/index.php\/wp-json\/wp\/v2\/media?parent=37747"}],"wp:term":[{"taxonomy":"category","embeddable":true,"href":"https:\/\/ismaelcolosi.com.br\/index.php\/wp-json\/wp\/v2\/categories?post=37747"},{"taxonomy":"post_tag","embeddable":true,"href":"https:\/\/ismaelcolosi.com.br\/index.php\/wp-json\/wp\/v2\/tags?post=37747"}],"curies":[{"name":"wp","href":"https:\/\/api.w.org\/{rel}","templated":true}]}}