{"id":37729,"date":"2024-02-17T21:01:55","date_gmt":"2024-02-18T00:01:55","guid":{"rendered":"https:\/\/ismaelcolosi.com.br\/index.php\/2024\/02\/17\/botafogo-perde-quarto-jogo-consecutivo-no-paulistao-2024\/"},"modified":"2024-02-17T21:01:55","modified_gmt":"2024-02-18T00:01:55","slug":"botafogo-perde-quarto-jogo-consecutivo-no-paulistao-2024","status":"publish","type":"post","link":"https:\/\/ismaelcolosi.com.br\/index.php\/2024\/02\/17\/botafogo-perde-quarto-jogo-consecutivo-no-paulistao-2024\/","title":{"rendered":"Botafogo perde quarto jogo consecutivo no Paulist\u00e3o 2024"},"content":{"rendered":"<p> <br \/>\n<\/p>\n<div data-td-block-uid=\"tdi_102\">\n<div class=\"tdb-block-inner td-fix-index\">\n<p>O <strong>Botafogo<\/strong> <strong>perdeu<\/strong> na noite deste <strong>s\u00e1bado <\/strong>(17), o quarto <strong>jogo<\/strong> <strong>consecutivo<\/strong> pela s\u00e9rie A1 do <strong>Campeonato Paulista<\/strong>.<\/p>\n<p>Jogando pela <strong>nona rodada do Paulist\u00e3o<\/strong>, o <strong>time<\/strong> de Ribeir\u00e3o Preto <strong>perdeu<\/strong> de <strong>2 a 1<\/strong> para o <strong>Mirassol<\/strong>. Na \u00faltima quarta-feira (14), o<strong> Botafogo<\/strong> <strong>perdeu<\/strong> em casa para o <strong>Corinthians<\/strong> de 4 a 1.<\/p>\n<p>A partida deste s\u00e1bado aconteceu no est\u00e1dio Mai\u00e3o, em Mirassol, e teve um p\u00fablico de 2.206 torcedores.<\/p>\n<p>O placar foi aberto com o gol do Mirassol. Em seguida, saiu o gol do Pantera, marcado pelo camisa seis Jean Victor. Mas, no segundo tempo, o Mirassol marcou o segundo gol e venceu.<\/p>\n<p>Com mais essa derrota, o <strong>Botafogo<\/strong> <strong>segue<\/strong> como <strong>lanterna<\/strong> do <strong>Grupo D<\/strong> do campeonato, com nove pontos.<\/p>\n<h4 class=\"wp-block-heading\"><strong>Pr\u00f3ximo jogo do Pantera pelo Paulist\u00e3o<\/strong><\/h4>\n<p>O Botafogo volta ao campo pelo Paulist\u00e3o no pr\u00f3ximo domingo (25), \u00e0s 18h, no est\u00e1dio Santa Cruz \u2013 Arena Nicnet. O jogo ser\u00e1 contra a Portuguesa.<\/p>\n<p>SAIBA MAIS<br \/>Emicida se apresenta no Sesc Ribeir\u00e3o; Veja como comprar ingressos<\/p>\n<h4 class=\"wp-block-heading\"><strong>FIQUE ON<\/strong><\/h4>\n<p>Fique ligado em tudo que acontece em Ribeir\u00e3o Preto e regi\u00e3o. Siga os perfis do\u00a0<strong>acidade on\u00a0<\/strong>no\u00a0<a href=\"https:\/\/www.instagram.com\/acidadeonribeirao\" target=\"_blank\" rel=\"noreferrer noopener\">Instagram\u00a0<\/a>e no\u00a0<a href=\"https:\/\/www.facebook.com\/acidadeonribeirao\" target=\"_blank\" rel=\"noreferrer noopener\">Facebook<\/a>.<\/p>\n<p>Receba not\u00edcias do acidade on no WhatsApp. Para entrar no grupo, basta\u00a0<a href=\"https:\/\/chat.whatsapp.com\/Bnv2w66ZT4VDyZW3oiZ69n\" target=\"_blank\" rel=\"noreferrer noopener\">clicar aqui<\/a>.<\/p>\n<p>Fa\u00e7a uma den\u00fancia ou sugira uma reportagem sobre Ribeir\u00e3o Preto e regi\u00e3o pelo WhatsApp: 16 99117 7802.<\/p>\n<p>VEJA TAMB\u00c9M<br \/>Ana Hickmann e Edu Guedes est\u00e3o juntos?<\/p>\n<p><!-- AI CONTENT END 1 -->\n<\/div>\n<\/div>\n<p><script async src=\"\/\/www.instagram.com\/embed.js\"><\/script><br \/>\n<br \/><br \/>\n<br \/><a href=\"https:\/\/www.acidadeon.com\/ribeiraopreto\/esportes\/botafogo-perde-quarto-jogo-consecutivo-no-paulistao-2024\/\">Source link <\/a><\/p>\n<div class='code-block code-block-4' style='margin: 8px auto 8px 0; text-align: left; display: block; clear: both;'>\n\ud83d\udce2 Aviso Legal\n\nO site ismaelcolosi.com.br atua apenas como um canal de divulga\u00e7\u00e3o de oportunidades de emprego e n\u00e3o se responsabiliza pelo processo seletivo, contrata\u00e7\u00e3o ou qualquer outra etapa relacionada \u00e0s vagas publicadas. Todas as informa\u00e7\u00f5es s\u00e3o de responsabilidade dos anunciantes.\n\n\u26a0\ufe0f Aten\u00e7\u00e3o! Nunca pague por promessas de emprego nem compre cursos que garantam contrata\u00e7\u00e3o. Desconfie de qualquer cobran\u00e7a para participar de sele\u00e7\u00f5es.\n\n\n\n<\/div>\n<!-- CONTENT END 1 -->\n","protected":false},"excerpt":{"rendered":"<p>O Botafogo perdeu na noite deste s\u00e1bado (17), o quarto jogo consecutivo pela s\u00e9rie A1 do Campeonato Paulista. Jogando pela nona rodada do Paulist\u00e3o, o&#8230;<\/p>\n","protected":false},"author":1,"featured_media":37730,"comment_status":"open","ping_status":"open","sticky":false,"template":"","format":"standard","meta":{"_uag_custom_page_level_css":"","advanced_seo_description":"","jetpack_seo_html_title":"","jetpack_seo_noindex":false,"jetpack_post_was_ever_published":false,"_jetpack_newsletter_access":"","_jetpack_dont_email_post_to_subs":false,"_jetpack_newsletter_tier_id":0,"_jetpack_memberships_contains_paywalled_content":false,"_jetpack_memberships_contains_paid_content":false,"footnotes":"","jetpack_publicize_message":"","jetpack_publicize_feature_enabled":true,"jetpack_social_post_already_shared":true,"jetpack_social_options":{"image_generator_settings":{"template":"highway","default_image_id":0,"font":"","enabled":false},"version":2}},"categories":[11],"tags":[],"class_list":["post-37729","post","type-post","status-publish","format-standard","has-post-thumbnail","hentry","category-noticias-de-ribeirao-preto-sp-e-regiao-ismael-colosi"],"jetpack_publicize_connections":[],"jetpack_featured_media_url":"https:\/\/i0.wp.com\/ismaelcolosi.com.br\/wp-content\/uploads\/2024\/02\/WhatsApp-Image-2024-02-17-at-19.10.01.jpeg?fit=1600%2C1066&ssl=1","uagb_featured_image_src":{"full":["https:\/\/i0.wp.com\/ismaelcolosi.com.br\/wp-content\/uploads\/2024\/02\/WhatsApp-Image-2024-02-17-at-19.10.01.jpeg?fit=1600%2C1066&ssl=1",1600,1066,false],"thumbnail":["https:\/\/i0.wp.com\/ismaelcolosi.com.br\/wp-content\/uploads\/2024\/02\/WhatsApp-Image-2024-02-17-at-19.10.01.jpeg?resize=150%2C150&ssl=1",150,150,true],"medium":["https:\/\/i0.wp.com\/ismaelcolosi.com.br\/wp-content\/uploads\/2024\/02\/WhatsApp-Image-2024-02-17-at-19.10.01.jpeg?fit=300%2C200&ssl=1",300,200,true],"medium_large":["https:\/\/i0.wp.com\/ismaelcolosi.com.br\/wp-content\/uploads\/2024\/02\/WhatsApp-Image-2024-02-17-at-19.10.01.jpeg?fit=768%2C512&ssl=1",768,512,true],"large":["https:\/\/i0.wp.com\/ismaelcolosi.com.br\/wp-content\/uploads\/2024\/02\/WhatsApp-Image-2024-02-17-at-19.10.01.jpeg?fit=1024%2C682&ssl=1",1024,682,true],"1536x1536":["https:\/\/i0.wp.com\/ismaelcolosi.com.br\/wp-content\/uploads\/2024\/02\/WhatsApp-Image-2024-02-17-at-19.10.01.jpeg?fit=1536%2C1023&ssl=1",1536,1023,true],"2048x2048":["https:\/\/i0.wp.com\/ismaelcolosi.com.br\/wp-content\/uploads\/2024\/02\/WhatsApp-Image-2024-02-17-at-19.10.01.jpeg?fit=1600%2C1066&ssl=1",1600,1066,true],"really-simple-thumb":["https:\/\/i0.wp.com\/ismaelcolosi.com.br\/wp-content\/uploads\/2024\/02\/WhatsApp-Image-2024-02-17-at-19.10.01.jpeg?resize=370%2C247&ssl=1",370,247,true]},"uagb_author_info":{"display_name":"ismaelcolosi.com.br","author_link":"https:\/\/ismaelcolosi.com.br\/index.php\/author\/vidareal-online\/"},"uagb_comment_info":0,"uagb_excerpt":"O Botafogo perdeu na noite deste s\u00e1bado (17), o quarto jogo consecutivo pela s\u00e9rie A1 do Campeonato Paulista. Jogando pela nona rodada do Paulist\u00e3o, o...","jetpack-related-posts":[{"id":37248,"url":"https:\/\/ismaelcolosi.com.br\/index.php\/2024\/02\/15\/botafogo-perde-para-o-corinthians-em-jogo-realizado-em-ribeirao-preto\/","url_meta":{"origin":37729,"position":0},"title":"Botafogo perde para o Corinthians em jogo realizado em Ribeir\u00e3o Preto","author":"ismaelcolosi.com.br","date":"15 de February de 2024","format":false,"excerpt":"O Botafogo perdeu por 4 a 1 para o Corinthians, em jogo realizado na noite desta quarta-feira (14), pela oitava rodada do Campeonato Paulista. \u00a0 A disputa foi realizada no est\u00e1dio Santa Cruz Arena NicNet, em Ribeir\u00e3o Preto. Essa \u00e9 a terceira derrota consecutiva do Botafogo no Paulist\u00e3o.\u00a0 O tim\u00e3o\u2026","rel":"","context":"In &quot;Not\u00edcias de Ribeir\u00e3o Preto-SP e Regi\u00e3o&quot;","block_context":{"text":"Not\u00edcias de Ribeir\u00e3o Preto-SP e Regi\u00e3o","link":"https:\/\/ismaelcolosi.com.br\/index.php\/category\/noticias-de-ribeirao-preto-sp-e-regiao-ismael-colosi\/"},"img":{"alt_text":"","src":"https:\/\/i0.wp.com\/ismaelcolosi.com.br\/wp-content\/uploads\/2024\/02\/8e1e7c29-2555-4026-ac9e-8cea070dabff-scaled.jpeg?fit=1200%2C800&ssl=1&resize=350%2C200","width":350,"height":200,"srcset":"https:\/\/i0.wp.com\/ismaelcolosi.com.br\/wp-content\/uploads\/2024\/02\/8e1e7c29-2555-4026-ac9e-8cea070dabff-scaled.jpeg?fit=1200%2C800&ssl=1&resize=350%2C200 1x, https:\/\/i0.wp.com\/ismaelcolosi.com.br\/wp-content\/uploads\/2024\/02\/8e1e7c29-2555-4026-ac9e-8cea070dabff-scaled.jpeg?fit=1200%2C800&ssl=1&resize=525%2C300 1.5x, https:\/\/i0.wp.com\/ismaelcolosi.com.br\/wp-content\/uploads\/2024\/02\/8e1e7c29-2555-4026-ac9e-8cea070dabff-scaled.jpeg?fit=1200%2C800&ssl=1&resize=700%2C400 2x, https:\/\/i0.wp.com\/ismaelcolosi.com.br\/wp-content\/uploads\/2024\/02\/8e1e7c29-2555-4026-ac9e-8cea070dabff-scaled.jpeg?fit=1200%2C800&ssl=1&resize=1050%2C600 3x"},"classes":[]},{"id":47740,"url":"https:\/\/ismaelcolosi.com.br\/index.php\/2024\/04\/27\/botafogo-empata-fora-de-casa-mesmo-com-um-jogador-a-mais-pela-serie-b-do-brasileiro\/","url_meta":{"origin":37729,"position":1},"title":"Botafogo empata fora de casa mesmo com um jogador a mais pela S\u00e9rie B do Brasileiro","author":"ismaelcolosi.com.br","date":"27 de April de 2024","format":false,"excerpt":"O Botafogo empatou em 1 a 1 com o Paysandu em jogo pela segunda rodada da S\u00e9rie B do Campeonato Brasileiro. A disputa, que ocorreu no est\u00e1dio Mangueir\u00e3o, em Bel\u00e9m (PA), aconteceu na tarde deste s\u00e1bado (27). Mesmo com um primeiro tempo movimentado e com chances de gol para os\u2026","rel":"","context":"In &quot;Not\u00edcias de Ribeir\u00e3o Preto-SP e Regi\u00e3o&quot;","block_context":{"text":"Not\u00edcias de Ribeir\u00e3o Preto-SP e Regi\u00e3o","link":"https:\/\/ismaelcolosi.com.br\/index.php\/category\/noticias-de-ribeirao-preto-sp-e-regiao-ismael-colosi\/"},"img":{"alt_text":"","src":"https:\/\/i0.wp.com\/ismaelcolosi.com.br\/wp-content\/uploads\/2024\/04\/Copia-de-Copia-de-TAMANHO-EXATO-PARA-FOTOS-NO-SISTEMA-NOVO-15-1_2024-04-27_22-16-36_jpg.webp.webp?fit=1200%2C675&ssl=1&resize=350%2C200","width":350,"height":200,"srcset":"https:\/\/i0.wp.com\/ismaelcolosi.com.br\/wp-content\/uploads\/2024\/04\/Copia-de-Copia-de-TAMANHO-EXATO-PARA-FOTOS-NO-SISTEMA-NOVO-15-1_2024-04-27_22-16-36_jpg.webp.webp?fit=1200%2C675&ssl=1&resize=350%2C200 1x, https:\/\/i0.wp.com\/ismaelcolosi.com.br\/wp-content\/uploads\/2024\/04\/Copia-de-Copia-de-TAMANHO-EXATO-PARA-FOTOS-NO-SISTEMA-NOVO-15-1_2024-04-27_22-16-36_jpg.webp.webp?fit=1200%2C675&ssl=1&resize=525%2C300 1.5x, https:\/\/i0.wp.com\/ismaelcolosi.com.br\/wp-content\/uploads\/2024\/04\/Copia-de-Copia-de-TAMANHO-EXATO-PARA-FOTOS-NO-SISTEMA-NOVO-15-1_2024-04-27_22-16-36_jpg.webp.webp?fit=1200%2C675&ssl=1&resize=700%2C400 2x, https:\/\/i0.wp.com\/ismaelcolosi.com.br\/wp-content\/uploads\/2024\/04\/Copia-de-Copia-de-TAMANHO-EXATO-PARA-FOTOS-NO-SISTEMA-NOVO-15-1_2024-04-27_22-16-36_jpg.webp.webp?fit=1200%2C675&ssl=1&resize=1050%2C600 3x"},"classes":[]},{"id":37747,"url":"https:\/\/ismaelcolosi.com.br\/index.php\/2024\/02\/18\/botafogo-visita-o-mirassol-pelo-paulistao\/","url_meta":{"origin":37729,"position":2},"title":"Botafogo visita o Mirassol pelo Paulist\u00e3o\u00a0\u00a0","author":"ismaelcolosi.com.br","date":"18 de February de 2024","format":false,"excerpt":"Vindo de tr\u00eas derrotas consecutivas, o Botafogo tem mais uma oportunidade de voltar a vencer no Paulist\u00e3o. O Tricolor duela com o Mirassol, \u00e0s 18h, no est\u00e1dio Jos\u00e9 Maria de Campos Maia.\u00a0\u00a0Para a partida, o t\u00e9cnico Paulo Gomes tem alguns problemas. O lateral-direito Wallison levou o terceiro amarelo e est\u00e1\u2026","rel":"","context":"In &quot;Not\u00edcias de Ribeir\u00e3o Preto-SP e Regi\u00e3o&quot;","block_context":{"text":"Not\u00edcias de Ribeir\u00e3o Preto-SP e Regi\u00e3o","link":"https:\/\/ismaelcolosi.com.br\/index.php\/category\/noticias-de-ribeirao-preto-sp-e-regiao-ismael-colosi\/"},"img":{"alt_text":"","src":"https:\/\/i0.wp.com\/ismaelcolosi.com.br\/wp-content\/uploads\/2024\/02\/Botafogo-2-13-scaled.jpg?fit=967%2C645&ssl=1&resize=350%2C200","width":350,"height":200,"srcset":"https:\/\/i0.wp.com\/ismaelcolosi.com.br\/wp-content\/uploads\/2024\/02\/Botafogo-2-13-scaled.jpg?fit=967%2C645&ssl=1&resize=350%2C200 1x, https:\/\/i0.wp.com\/ismaelcolosi.com.br\/wp-content\/uploads\/2024\/02\/Botafogo-2-13-scaled.jpg?fit=967%2C645&ssl=1&resize=525%2C300 1.5x, https:\/\/i0.wp.com\/ismaelcolosi.com.br\/wp-content\/uploads\/2024\/02\/Botafogo-2-13-scaled.jpg?fit=967%2C645&ssl=1&resize=700%2C400 2x"},"classes":[]},{"id":61469,"url":"https:\/\/ismaelcolosi.com.br\/index.php\/2024\/08\/21\/de-virada-botafogo-vence-mirassol-fora-de-casa-pela-serie-b\/","url_meta":{"origin":37729,"position":3},"title":"De virada: Botafogo vence Mirassol fora de casa pela S\u00e9rie B","author":"ismaelcolosi.com.br","date":"21 de August de 2024","format":false,"excerpt":"O Botafogo venceu o Mirassol, de virada, por 2 a 1, na noite desta quarta-feira (21), pela 22\u00aa rodada do Campeonato Brasileiro da S\u00e9rie B. A partida foi realizada no est\u00e1dio Jos\u00e9 Maria de Campos Maia, em Mirassol. Os gols O Mirassol abriu o placar com Fernandinho, aos 15 minutos\u2026","rel":"","context":"In &quot;Not\u00edcias de Ribeir\u00e3o Preto-SP e Regi\u00e3o&quot;","block_context":{"text":"Not\u00edcias de Ribeir\u00e3o Preto-SP e Regi\u00e3o","link":"https:\/\/ismaelcolosi.com.br\/index.php\/category\/noticias-de-ribeirao-preto-sp-e-regiao-ismael-colosi\/"},"img":{"alt_text":"","src":"https:\/\/i0.wp.com\/ismaelcolosi.com.br\/wp-content\/uploads\/2024\/08\/botafogo-mirassol_2024-08-21_23-49-08_jpeg_2024-08-21_23-49-09.webp.webp?fit=1200%2C800&ssl=1&resize=350%2C200","width":350,"height":200,"srcset":"https:\/\/i0.wp.com\/ismaelcolosi.com.br\/wp-content\/uploads\/2024\/08\/botafogo-mirassol_2024-08-21_23-49-08_jpeg_2024-08-21_23-49-09.webp.webp?fit=1200%2C800&ssl=1&resize=350%2C200 1x, https:\/\/i0.wp.com\/ismaelcolosi.com.br\/wp-content\/uploads\/2024\/08\/botafogo-mirassol_2024-08-21_23-49-08_jpeg_2024-08-21_23-49-09.webp.webp?fit=1200%2C800&ssl=1&resize=525%2C300 1.5x, https:\/\/i0.wp.com\/ismaelcolosi.com.br\/wp-content\/uploads\/2024\/08\/botafogo-mirassol_2024-08-21_23-49-08_jpeg_2024-08-21_23-49-09.webp.webp?fit=1200%2C800&ssl=1&resize=700%2C400 2x, https:\/\/i0.wp.com\/ismaelcolosi.com.br\/wp-content\/uploads\/2024\/08\/botafogo-mirassol_2024-08-21_23-49-08_jpeg_2024-08-21_23-49-09.webp.webp?fit=1200%2C800&ssl=1&resize=1050%2C600 3x"},"classes":[]},{"id":55034,"url":"https:\/\/ismaelcolosi.com.br\/index.php\/2024\/06\/29\/botafogo-empata-em-ribeirao-preto-com-gol-de-penalti-do-sport-nos-acrescimos-do-2o-tempo\/","url_meta":{"origin":37729,"position":4},"title":"Botafogo empata em Ribeir\u00e3o Preto com gol de p\u00eanalti do Sport nos acr\u00e9scimos do 2\u00ba tempo","author":"ismaelcolosi.com.br","date":"29 de June de 2024","format":false,"excerpt":"O Botafogo deixou escapar a vit\u00f3ria contra o Sport (PE) na prorroga\u00e7\u00e3o do segundo tempo do jogo, que aconteceu na tarde deste s\u00e1bado (29), no est\u00e1dio Santa Cruz Arena Nicnet em Ribeir\u00e3o Preto. A partida pela 13\u00aa rodada da S\u00e9rie B do Campeonato Brasileiro teve o placar aberto logo aos\u2026","rel":"","context":"In &quot;Not\u00edcias de Ribeir\u00e3o Preto-SP e Regi\u00e3o&quot;","block_context":{"text":"Not\u00edcias de Ribeir\u00e3o Preto-SP e Regi\u00e3o","link":"https:\/\/ismaelcolosi.com.br\/index.php\/category\/noticias-de-ribeirao-preto-sp-e-regiao-ismael-colosi\/"},"img":{"alt_text":"","src":"https:\/\/i0.wp.com\/ismaelcolosi.com.br\/wp-content\/uploads\/2024\/06\/WhatsApp-Image-2024-06-29-at-19.00.11_2024-06-29_22-18-37_jpeg_2024-06-29_22-18-37.webp.webp?fit=1200%2C800&ssl=1&resize=350%2C200","width":350,"height":200,"srcset":"https:\/\/i0.wp.com\/ismaelcolosi.com.br\/wp-content\/uploads\/2024\/06\/WhatsApp-Image-2024-06-29-at-19.00.11_2024-06-29_22-18-37_jpeg_2024-06-29_22-18-37.webp.webp?fit=1200%2C800&ssl=1&resize=350%2C200 1x, https:\/\/i0.wp.com\/ismaelcolosi.com.br\/wp-content\/uploads\/2024\/06\/WhatsApp-Image-2024-06-29-at-19.00.11_2024-06-29_22-18-37_jpeg_2024-06-29_22-18-37.webp.webp?fit=1200%2C800&ssl=1&resize=525%2C300 1.5x, https:\/\/i0.wp.com\/ismaelcolosi.com.br\/wp-content\/uploads\/2024\/06\/WhatsApp-Image-2024-06-29-at-19.00.11_2024-06-29_22-18-37_jpeg_2024-06-29_22-18-37.webp.webp?fit=1200%2C800&ssl=1&resize=700%2C400 2x, https:\/\/i0.wp.com\/ismaelcolosi.com.br\/wp-content\/uploads\/2024\/06\/WhatsApp-Image-2024-06-29-at-19.00.11_2024-06-29_22-18-37_jpeg_2024-06-29_22-18-37.webp.webp?fit=1200%2C800&ssl=1&resize=1050%2C600 3x"},"classes":[]},{"id":49014,"url":"https:\/\/ismaelcolosi.com.br\/index.php\/2024\/05\/08\/tudo-zerado-botafogo-e-mirassol-empatam-em-ribeirao-preto\/","url_meta":{"origin":37729,"position":5},"title":"Tudo zerado: Botafogo e Mirassol empatam em Ribeir\u00e3o Preto","author":"ismaelcolosi.com.br","date":"8 de May de 2024","format":false,"excerpt":"O Botafogo empatou em 0 a 0 com o Mirassol, na noite dessa ter\u00e7a-feira (7), pela terceira rodada do Campeonato Brasileiro S\u00e9rie B.\u00a0 A disputa aconteceu no est\u00e1dio Santa Cruz Arena Nicnet, em Ribeir\u00e3o Preto. O duelo dessa ter\u00e7a marcou o terceiro empate do Tricolor na competi\u00e7\u00e3o. Antes a equipe\u2026","rel":"","context":"In &quot;Not\u00edcias de Ribeir\u00e3o Preto-SP e Regi\u00e3o&quot;","block_context":{"text":"Not\u00edcias de Ribeir\u00e3o Preto-SP e Regi\u00e3o","link":"https:\/\/ismaelcolosi.com.br\/index.php\/category\/noticias-de-ribeirao-preto-sp-e-regiao-ismael-colosi\/"},"img":{"alt_text":"","src":"https:\/\/i0.wp.com\/ismaelcolosi.com.br\/wp-content\/uploads\/2024\/05\/WhatsApp-Image-2024-05-07-at-22.02.06_2024-05-08_02-13-25_jpeg_2024-05-08_02-13-25.webp.webp?fit=1200%2C800&ssl=1&resize=350%2C200","width":350,"height":200,"srcset":"https:\/\/i0.wp.com\/ismaelcolosi.com.br\/wp-content\/uploads\/2024\/05\/WhatsApp-Image-2024-05-07-at-22.02.06_2024-05-08_02-13-25_jpeg_2024-05-08_02-13-25.webp.webp?fit=1200%2C800&ssl=1&resize=350%2C200 1x, https:\/\/i0.wp.com\/ismaelcolosi.com.br\/wp-content\/uploads\/2024\/05\/WhatsApp-Image-2024-05-07-at-22.02.06_2024-05-08_02-13-25_jpeg_2024-05-08_02-13-25.webp.webp?fit=1200%2C800&ssl=1&resize=525%2C300 1.5x, https:\/\/i0.wp.com\/ismaelcolosi.com.br\/wp-content\/uploads\/2024\/05\/WhatsApp-Image-2024-05-07-at-22.02.06_2024-05-08_02-13-25_jpeg_2024-05-08_02-13-25.webp.webp?fit=1200%2C800&ssl=1&resize=700%2C400 2x, https:\/\/i0.wp.com\/ismaelcolosi.com.br\/wp-content\/uploads\/2024\/05\/WhatsApp-Image-2024-05-07-at-22.02.06_2024-05-08_02-13-25_jpeg_2024-05-08_02-13-25.webp.webp?fit=1200%2C800&ssl=1&resize=1050%2C600 3x"},"classes":[]}],"jetpack_sharing_enabled":true,"jetpack_shortlink":"https:\/\/wp.me\/pfMlyK-9Ox","_links":{"self":[{"href":"https:\/\/ismaelcolosi.com.br\/index.php\/wp-json\/wp\/v2\/posts\/37729","targetHints":{"allow":["GET"]}}],"collection":[{"href":"https:\/\/ismaelcolosi.com.br\/index.php\/wp-json\/wp\/v2\/posts"}],"about":[{"href":"https:\/\/ismaelcolosi.com.br\/index.php\/wp-json\/wp\/v2\/types\/post"}],"author":[{"embeddable":true,"href":"https:\/\/ismaelcolosi.com.br\/index.php\/wp-json\/wp\/v2\/users\/1"}],"replies":[{"embeddable":true,"href":"https:\/\/ismaelcolosi.com.br\/index.php\/wp-json\/wp\/v2\/comments?post=37729"}],"version-history":[{"count":0,"href":"https:\/\/ismaelcolosi.com.br\/index.php\/wp-json\/wp\/v2\/posts\/37729\/revisions"}],"wp:featuredmedia":[{"embeddable":true,"href":"https:\/\/ismaelcolosi.com.br\/index.php\/wp-json\/wp\/v2\/media\/37730"}],"wp:attachment":[{"href":"https:\/\/ismaelcolosi.com.br\/index.php\/wp-json\/wp\/v2\/media?parent=37729"}],"wp:term":[{"taxonomy":"category","embeddable":true,"href":"https:\/\/ismaelcolosi.com.br\/index.php\/wp-json\/wp\/v2\/categories?post=37729"},{"taxonomy":"post_tag","embeddable":true,"href":"https:\/\/ismaelcolosi.com.br\/index.php\/wp-json\/wp\/v2\/tags?post=37729"}],"curies":[{"name":"wp","href":"https:\/\/api.w.org\/{rel}","templated":true}]}}