{"id":37615,"date":"2024-02-17T10:09:38","date_gmt":"2024-02-17T13:09:38","guid":{"rendered":"https:\/\/ismaelcolosi.com.br\/index.php\/2024\/02\/17\/saiba-quais-sao-os-blocos-de-carnaval-em-ribeirao-preto-neste-final-de-semana\/"},"modified":"2024-02-17T10:09:38","modified_gmt":"2024-02-17T13:09:38","slug":"saiba-quais-sao-os-blocos-de-carnaval-em-ribeirao-preto-neste-final-de-semana","status":"publish","type":"post","link":"https:\/\/ismaelcolosi.com.br\/index.php\/2024\/02\/17\/saiba-quais-sao-os-blocos-de-carnaval-em-ribeirao-preto-neste-final-de-semana\/","title":{"rendered":"Saiba quais s\u00e3o os blocos de Carnaval em Ribeir\u00e3o Preto neste final de semana"},"content":{"rendered":"<p> <br \/>\n<\/p>\n<div data-td-block-uid=\"tdi_102\">\n<div class=\"tdb-block-inner td-fix-index\">\n<p><strong>O Carnaval ainda n\u00e3o acabou em Ribeir\u00e3o Preto! <\/strong>Neste final de semana, a cidade conta com mais <strong>duas atividades gratuitas para a alegria dos foli\u00f5es.<\/strong><\/p>\n<p>Neste <strong>s\u00e1bado (17)<\/strong>, quem comanda a festa \u00e9 o <strong>Bloco do Fub\u00e1<\/strong>, que retorna ao distrito de Bonfim Paulista com muita m\u00fasica e alegria para todas as idades, <strong>das 15h \u00e0s 21h.<\/strong><\/p><div class='code-block code-block-8' style='margin: 8px auto; text-align: center; display: block; clear: both;'>\n<script>\n  atOptions = {\n    'key' : '66e2e2111ca34da796271819fc334058',\n    'format' : 'iframe',\n    'height' : 250,\n    'width' : 300,\n    'params' : {}\n  };\n<\/script>\n<script src=\"https:\/\/www.highperformanceformat.com\/66e2e2111ca34da796271819fc334058\/invoke.js\"><\/script>\n<\/div>\n\n<blockquote class=\"wp-block-quote\">\n<p class=\"has-text-align-left\">\u201cO carnaval em Ribeir\u00e3o \u00e9 uma constru\u00e7\u00e3o conjunta e temos muito a agradecer a integra\u00e7\u00e3o entre m\u00fasicos, produtores, empres\u00e1rios, artistas, fazedores e profissionais da cultura e artes carnavalescas junto conosco da Secretaria da Cultura e Turismo\u201d, disse Pedro Le\u00e3o, secret\u00e1rio da Cultura e Turismo.<\/p>\n<\/blockquote>\n<p>J\u00e1 no <strong>domingo (18)<\/strong>, o \u00faltimo dia de festa ser\u00e1 com o <strong>1\u00ba Carnadiversidade<\/strong>, no Centro de Ribeir\u00e3o Preto. Neste ano, o munic\u00edpio contou com mais de 30 atividades gratuitas e um p\u00fablico de<strong> 50 mil pessoas<\/strong>, de acordo com a Prefeitura da cidade.<\/p>\n<h4 class=\"wp-block-heading\"><strong>Servi\u00e7o<\/strong><\/h4>\n<p>Data: 17\/02 (s\u00e1bado)<\/p>\n<p>Hor\u00e1rio: 15h \u00e0s 21h<\/p>\n<p>Local: Bonfim Paulista \u2013 Rua Professor Felisberto Almada, entre os n\u00fameros 511 e 601<\/p>\n<p>Data: 18\/02 (domingo)<\/p>\n<p>Hor\u00e1rio: 16h \u00e0s 22h<\/p>\n<p>Local: Rua Visconde do Rio Branco, 1346 \u2013 Centro de Ribeir\u00e3o Preto<\/p>\n<p>SAIBA MAIS<\/p>\n<p>Pra\u00e7a de Ribeir\u00e3o Preto tem feira com artesanato e exposi\u00e7\u00e3o de carros antigos<\/p>\n<h4 class=\"wp-block-heading\"><strong><mark style=\"background-color:#fcb900\" class=\"has-inline-color\">FIQUE ON<\/mark><\/strong><\/h4>\n<p>Fique ligado em tudo que acontece em Ribeir\u00e3o Preto e regi\u00e3o. Siga os perfis do<strong>\u00a0acidade on<\/strong>\u00a0no\u00a0<a href=\"https:\/\/www.instagram.com\/acidadeonribeirao\" target=\"_blank\" rel=\"noreferrer noopener\">Instagram<\/a>\u00a0e no\u00a0<a href=\"https:\/\/www.facebook.com\/acidadeonribeirao\" target=\"_blank\" rel=\"noreferrer noopener\">Facebook<\/a>.<\/p>\n<p>Receba not\u00edcias do<strong>\u00a0acidade on<\/strong>\u00a0no WhatsApp.\u00a0<a href=\"https:\/\/chat.whatsapp.com\/Bnv2w66ZT4VDyZW3oiZ69n\" target=\"_blank\" rel=\"noreferrer noopener\">Para entrar no grupo, basta clicar aqui.<\/a><\/p>\n<p>Fa\u00e7a uma den\u00fancia ou sugira uma reportagem sobre Ribeir\u00e3o Preto e regi\u00e3o pelo WhatsApp: 16 99117 7802.<\/p>\n<p>VEJA TAMB\u00c9M<\/p>\n<p>BBB 24: Giovanna Pitel se emociona ao falar do pai<\/p>\n<p><!-- AI CONTENT END 1 -->\n<\/div>\n<\/div>\n<p><script async src=\"\/\/www.instagram.com\/embed.js\"><\/script><br \/>\n<br \/><br \/>\n<br \/><a href=\"https:\/\/www.acidadeon.com\/ribeiraopreto\/lazer-e-cultura\/saiba-quais-sao-os-blocos-de-carnaval-em-ribeirao-preto-neste-final-de-semana\/\">Source link <\/a><\/p>\n<div class='code-block code-block-4' style='margin: 8px auto 8px 0; text-align: left; display: block; clear: both;'>\n\ud83d\udce2 Aviso Legal\n\nO site ismaelcolosi.com.br atua apenas como um canal de divulga\u00e7\u00e3o de oportunidades de emprego e n\u00e3o se responsabiliza pelo processo seletivo, contrata\u00e7\u00e3o ou qualquer outra etapa relacionada \u00e0s vagas publicadas. Todas as informa\u00e7\u00f5es s\u00e3o de responsabilidade dos anunciantes.\n\n\u26a0\ufe0f Aten\u00e7\u00e3o! Nunca pague por promessas de emprego nem compre cursos que garantam contrata\u00e7\u00e3o. Desconfie de qualquer cobran\u00e7a para participar de sele\u00e7\u00f5es.\n\n\n<div data-type=\"_mgwidget\" data-widget-id=\"2000896\">\n<\/div>\n<script>(function(w,q){w[q]=w[q]||[];w[q].push([\"_mgc.load\"])})(window,\"_mgq\");\n<\/script>\n<\/div>\n<!-- CONTENT END 1 -->\n","protected":false},"excerpt":{"rendered":"<p>O Carnaval ainda n\u00e3o acabou em Ribeir\u00e3o Preto! Neste final de semana, a cidade conta com mais duas atividades gratuitas para a alegria dos foli\u00f5es&#8230;.<\/p>\n","protected":false},"author":1,"featured_media":37616,"comment_status":"open","ping_status":"open","sticky":false,"template":"","format":"standard","meta":{"_uag_custom_page_level_css":"","jetpack_post_was_ever_published":false,"_jetpack_newsletter_access":"","_jetpack_dont_email_post_to_subs":false,"_jetpack_newsletter_tier_id":0,"_jetpack_memberships_contains_paywalled_content":false,"_jetpack_memberships_contains_paid_content":false,"footnotes":"","jetpack_publicize_message":"","jetpack_publicize_feature_enabled":true,"jetpack_social_post_already_shared":true,"jetpack_social_options":{"image_generator_settings":{"template":"highway","default_image_id":0,"font":"","enabled":false},"version":2}},"categories":[11],"tags":[],"class_list":["post-37615","post","type-post","status-publish","format-standard","has-post-thumbnail","hentry","category-noticias-de-ribeirao-preto-sp-e-regiao-ismael-colosi"],"aioseo_notices":[],"jetpack_publicize_connections":[],"jetpack_featured_media_url":"https:\/\/i0.wp.com\/ismaelcolosi.com.br\/wp-content\/uploads\/2024\/02\/ultimas_do_carnaval_.jpeg?fit=1389%2C1080&ssl=1","uagb_featured_image_src":{"full":["https:\/\/i0.wp.com\/ismaelcolosi.com.br\/wp-content\/uploads\/2024\/02\/ultimas_do_carnaval_.jpeg?fit=1389%2C1080&ssl=1",1389,1080,false],"thumbnail":["https:\/\/i0.wp.com\/ismaelcolosi.com.br\/wp-content\/uploads\/2024\/02\/ultimas_do_carnaval_.jpeg?resize=150%2C150&ssl=1",150,150,true],"medium":["https:\/\/i0.wp.com\/ismaelcolosi.com.br\/wp-content\/uploads\/2024\/02\/ultimas_do_carnaval_.jpeg?fit=300%2C233&ssl=1",300,233,true],"medium_large":["https:\/\/i0.wp.com\/ismaelcolosi.com.br\/wp-content\/uploads\/2024\/02\/ultimas_do_carnaval_.jpeg?fit=768%2C597&ssl=1",768,597,true],"large":["https:\/\/i0.wp.com\/ismaelcolosi.com.br\/wp-content\/uploads\/2024\/02\/ultimas_do_carnaval_.jpeg?fit=1024%2C796&ssl=1",1024,796,true],"1536x1536":["https:\/\/i0.wp.com\/ismaelcolosi.com.br\/wp-content\/uploads\/2024\/02\/ultimas_do_carnaval_.jpeg?fit=1389%2C1080&ssl=1",1389,1080,true],"2048x2048":["https:\/\/i0.wp.com\/ismaelcolosi.com.br\/wp-content\/uploads\/2024\/02\/ultimas_do_carnaval_.jpeg?fit=1389%2C1080&ssl=1",1389,1080,true],"really-simple-thumb":["https:\/\/i0.wp.com\/ismaelcolosi.com.br\/wp-content\/uploads\/2024\/02\/ultimas_do_carnaval_.jpeg?resize=370%2C247&ssl=1",370,247,true]},"uagb_author_info":{"display_name":"ismaelcolosi.com.br","author_link":"https:\/\/ismaelcolosi.com.br\/index.php\/author\/vidareal-online\/"},"uagb_comment_info":0,"uagb_excerpt":"O Carnaval ainda n\u00e3o acabou em Ribeir\u00e3o Preto! Neste final de semana, a cidade conta com mais duas atividades gratuitas para a alegria dos foli\u00f5es....","jetpack-related-posts":[{"id":32307,"url":"https:\/\/ismaelcolosi.com.br\/index.php\/2024\/01\/24\/monobloco-agita-pre-carnaval-em-ribeirao-neste-final-de-semana-ingressos-ainda-estao-disponiveis\/","url_meta":{"origin":37615,"position":0},"title":"Monobloco agita pr\u00e9-carnaval em Ribeir\u00e3o neste final de semana; Ingressos ainda est\u00e3o dispon\u00edveis","author":"ismaelcolosi.com.br","date":"24 de January de 2024","format":false,"excerpt":"Al\u00f4, Ribeir\u00e3o Preto! Para a alegria dos foli\u00f5es, neste domingo (28), o munic\u00edpio recebe o grupo carnavalesco Monobloco, no pr\u00e9-carnaval do Kauai Sports, a partir das 12 horas. Os ingressos para a apresenta\u00e7\u00e3o ainda est\u00e3o dispon\u00edveis e podem ser adquiridos de forma on-line atrav\u00e9s do site (clique aqui). Os pre\u00e7os\u2026","rel":"","context":"In &quot;Not\u00edcias de Ribeir\u00e3o Preto-SP e Regi\u00e3o&quot;","block_context":{"text":"Not\u00edcias de Ribeir\u00e3o Preto-SP e Regi\u00e3o","link":"https:\/\/ismaelcolosi.com.br\/index.php\/category\/noticias-de-ribeirao-preto-sp-e-regiao-ismael-colosi\/"},"img":{"alt_text":"","src":"https:\/\/i0.wp.com\/ismaelcolosi.com.br\/wp-content\/uploads\/2024\/01\/1706135756_monobloco.jpg?fit=1200%2C799&ssl=1&resize=350%2C200","width":350,"height":200,"srcset":"https:\/\/i0.wp.com\/ismaelcolosi.com.br\/wp-content\/uploads\/2024\/01\/1706135756_monobloco.jpg?fit=1200%2C799&ssl=1&resize=350%2C200 1x, https:\/\/i0.wp.com\/ismaelcolosi.com.br\/wp-content\/uploads\/2024\/01\/1706135756_monobloco.jpg?fit=1200%2C799&ssl=1&resize=525%2C300 1.5x, https:\/\/i0.wp.com\/ismaelcolosi.com.br\/wp-content\/uploads\/2024\/01\/1706135756_monobloco.jpg?fit=1200%2C799&ssl=1&resize=700%2C400 2x, https:\/\/i0.wp.com\/ismaelcolosi.com.br\/wp-content\/uploads\/2024\/01\/1706135756_monobloco.jpg?fit=1200%2C799&ssl=1&resize=1050%2C600 3x"},"classes":[]},{"id":37033,"url":"https:\/\/ismaelcolosi.com.br\/index.php\/2024\/02\/13\/ainda-nao-acabou-ribeirao-tem-mais-dois-blocos-de-carnaval-veja-quando\/","url_meta":{"origin":37615,"position":1},"title":"Ainda n\u00e3o acabou! Ribeir\u00e3o t\u00eam mais dois blocos de Carnaval; Veja quando","author":"ismaelcolosi.com.br","date":"13 de February de 2024","format":false,"excerpt":"O Carnaval em Ribeir\u00e3o Preto ainda n\u00e3o acabou de acordo com a programa\u00e7\u00e3o de atra\u00e7\u00f5es divulgadas pela Secretaria de Cultura de Ribeir\u00e3o Preto, no dia 5 de fevereiro. Entre os dias 8 e 13 de fevereiro, a cidade teve mais de 25 blocos de rua que fizeram a alegria de\u2026","rel":"","context":"In &quot;Not\u00edcias de Ribeir\u00e3o Preto-SP e Regi\u00e3o&quot;","block_context":{"text":"Not\u00edcias de Ribeir\u00e3o Preto-SP e Regi\u00e3o","link":"https:\/\/ismaelcolosi.com.br\/index.php\/category\/noticias-de-ribeirao-preto-sp-e-regiao-ismael-colosi\/"},"img":{"alt_text":"","src":"https:\/\/i0.wp.com\/ismaelcolosi.com.br\/wp-content\/uploads\/2024\/02\/bloco-carnaval.webp.webp?fit=1024%2C768&ssl=1&resize=350%2C200","width":350,"height":200,"srcset":"https:\/\/i0.wp.com\/ismaelcolosi.com.br\/wp-content\/uploads\/2024\/02\/bloco-carnaval.webp.webp?fit=1024%2C768&ssl=1&resize=350%2C200 1x, https:\/\/i0.wp.com\/ismaelcolosi.com.br\/wp-content\/uploads\/2024\/02\/bloco-carnaval.webp.webp?fit=1024%2C768&ssl=1&resize=525%2C300 1.5x, https:\/\/i0.wp.com\/ismaelcolosi.com.br\/wp-content\/uploads\/2024\/02\/bloco-carnaval.webp.webp?fit=1024%2C768&ssl=1&resize=700%2C400 2x"},"classes":[]},{"id":36219,"url":"https:\/\/ismaelcolosi.com.br\/index.php\/2024\/02\/08\/ribeirao-preto-tem-opcao-gratuita-de-carnaval-infantil-veja-onde-sera-a-folia\/","url_meta":{"origin":37615,"position":2},"title":"Ribeir\u00e3o Preto tem op\u00e7\u00e3o gratuita de carnaval infantil; Veja onde ser\u00e1 a folia","author":"ismaelcolosi.com.br","date":"8 de February de 2024","format":false,"excerpt":"A folia para a crian\u00e7ada est\u00e1 garantida no \u201cCarnavalzinho no Vila Tecnol\u00f3gica\u201d. A festa gratuita acontece neste s\u00e1bado (10), das 9h \u00e0s 17h, no Centro Cultural Vila Tecnol\u00f3gica, na zona Norte de Ribeir\u00e3o Preto. De acordo com a Prefeitura de Ribeir\u00e3o Preto, as crian\u00e7as que participarem do evento poder\u00e3o se\u2026","rel":"","context":"In &quot;Not\u00edcias de Ribeir\u00e3o Preto-SP e Regi\u00e3o&quot;","block_context":{"text":"Not\u00edcias de Ribeir\u00e3o Preto-SP e Regi\u00e3o","link":"https:\/\/ismaelcolosi.com.br\/index.php\/category\/noticias-de-ribeirao-preto-sp-e-regiao-ismael-colosi\/"},"img":{"alt_text":"","src":"https:\/\/i0.wp.com\/ismaelcolosi.com.br\/wp-content\/uploads\/2024\/02\/img_3244_0-scaled.jpg?fit=1200%2C881&ssl=1&resize=350%2C200","width":350,"height":200,"srcset":"https:\/\/i0.wp.com\/ismaelcolosi.com.br\/wp-content\/uploads\/2024\/02\/img_3244_0-scaled.jpg?fit=1200%2C881&ssl=1&resize=350%2C200 1x, https:\/\/i0.wp.com\/ismaelcolosi.com.br\/wp-content\/uploads\/2024\/02\/img_3244_0-scaled.jpg?fit=1200%2C881&ssl=1&resize=525%2C300 1.5x, https:\/\/i0.wp.com\/ismaelcolosi.com.br\/wp-content\/uploads\/2024\/02\/img_3244_0-scaled.jpg?fit=1200%2C881&ssl=1&resize=700%2C400 2x, https:\/\/i0.wp.com\/ismaelcolosi.com.br\/wp-content\/uploads\/2024\/02\/img_3244_0-scaled.jpg?fit=1200%2C881&ssl=1&resize=1050%2C600 3x"},"classes":[]},{"id":20943,"url":"https:\/\/ismaelcolosi.com.br\/index.php\/2023\/12\/26\/prefeitura-de-ribeirao-preto-abre-inscricoes-para-o-carnaval-2024\/","url_meta":{"origin":37615,"position":3},"title":"Prefeitura de Ribeir\u00e3o Preto abre inscri\u00e7\u00f5es para o Carnaval 2024","author":"ismaelcolosi.com.br","date":"26 de December de 2023","format":false,"excerpt":"A Prefeitura de Ribeir\u00e3o Preto abriu cadastro para os grupos de Carnaval interessados em realizar suas atividades durante a folia de 2024, entre os dias 10 e 13 de fevereiro, em espa\u00e7os p\u00fablicos. Os organizadores respons\u00e1veis pelas escolas de samba, blocos, afox\u00e9s, maracatus, grupos art\u00edsticos e culturais t\u00eam at\u00e9 o\u2026","rel":"","context":"In &quot;Not\u00edcias de Ribeir\u00e3o Preto-SP e Regi\u00e3o&quot;","block_context":{"text":"Not\u00edcias de Ribeir\u00e3o Preto-SP e Regi\u00e3o","link":"https:\/\/ismaelcolosi.com.br\/index.php\/category\/noticias-de-ribeirao-preto-sp-e-regiao-ismael-colosi\/"},"img":{"alt_text":"","src":"https:\/\/i0.wp.com\/ismaelcolosi.com.br\/wp-content\/uploads\/2023\/12\/mask-1155808_1280.jpg?fit=1200%2C800&ssl=1&resize=350%2C200","width":350,"height":200,"srcset":"https:\/\/i0.wp.com\/ismaelcolosi.com.br\/wp-content\/uploads\/2023\/12\/mask-1155808_1280.jpg?fit=1200%2C800&ssl=1&resize=350%2C200 1x, https:\/\/i0.wp.com\/ismaelcolosi.com.br\/wp-content\/uploads\/2023\/12\/mask-1155808_1280.jpg?fit=1200%2C800&ssl=1&resize=525%2C300 1.5x, https:\/\/i0.wp.com\/ismaelcolosi.com.br\/wp-content\/uploads\/2023\/12\/mask-1155808_1280.jpg?fit=1200%2C800&ssl=1&resize=700%2C400 2x, https:\/\/i0.wp.com\/ismaelcolosi.com.br\/wp-content\/uploads\/2023\/12\/mask-1155808_1280.jpg?fit=1200%2C800&ssl=1&resize=1050%2C600 3x"},"classes":[]},{"id":34817,"url":"https:\/\/ismaelcolosi.com.br\/index.php\/2024\/02\/03\/veja-cinco-opcoes-para-comemorar-o-carnaval-na-regiao-de-ribeirao-preto\/","url_meta":{"origin":37615,"position":4},"title":"Veja cinco op\u00e7\u00f5es para comemorar o Carnaval na regi\u00e3o de Ribeir\u00e3o Preto","author":"ismaelcolosi.com.br","date":"3 de February de 2024","format":false,"excerpt":"Al\u00e9m de Ribeir\u00e3o Preto, que contar\u00e1 com diversos blocos de Carnaval na pr\u00f3xima semana, outras cidades da regi\u00e3o tamb\u00e9m contar\u00e3o com festas. Confira cinco op\u00e7\u00f5es para comemorar o Carnaval: 1. Bloco Batat\u00e3o em Taquaritinga O bloco \u2018Batat\u00e3o\u2018 \u00e9 tradicional em Taquaritinga e est\u00e1 confirmado nos cinco dias de folia durante\u2026","rel":"","context":"In &quot;Not\u00edcias de Ribeir\u00e3o Preto-SP e Regi\u00e3o&quot;","block_context":{"text":"Not\u00edcias de Ribeir\u00e3o Preto-SP e Regi\u00e3o","link":"https:\/\/ismaelcolosi.com.br\/index.php\/category\/noticias-de-ribeirao-preto-sp-e-regiao-ismael-colosi\/"},"img":{"alt_text":"","src":"https:\/\/i0.wp.com\/ismaelcolosi.com.br\/wp-content\/uploads\/2024\/02\/batatao.jpg?fit=736%2C382&ssl=1&resize=350%2C200","width":350,"height":200,"srcset":"https:\/\/i0.wp.com\/ismaelcolosi.com.br\/wp-content\/uploads\/2024\/02\/batatao.jpg?fit=736%2C382&ssl=1&resize=350%2C200 1x, https:\/\/i0.wp.com\/ismaelcolosi.com.br\/wp-content\/uploads\/2024\/02\/batatao.jpg?fit=736%2C382&ssl=1&resize=525%2C300 1.5x, https:\/\/i0.wp.com\/ismaelcolosi.com.br\/wp-content\/uploads\/2024\/02\/batatao.jpg?fit=736%2C382&ssl=1&resize=700%2C400 2x"},"classes":[]},{"id":34482,"url":"https:\/\/ismaelcolosi.com.br\/index.php\/2024\/02\/02\/pre-carnaval-agita-o-fim-de-semana-em-ribeirao-preto-confira-os-eventos\/","url_meta":{"origin":37615,"position":5},"title":"Pr\u00e9-carnaval agita o fim de semana em Ribeir\u00e3o Preto; Confira os eventos","author":"ismaelcolosi.com.br","date":"2 de February de 2024","format":false,"excerpt":"O fim de semana est\u00e1 repleto de eventos de pr\u00e9-carnaval em Ribeir\u00e3o Preto. S\u00e3o blocos, atividades tem\u00e1ticas, shows em bares e muito mais na programa\u00e7\u00e3o, que promete agitar a cidade antes do in\u00edcio oficial da maior festa popular do Brasil. Confira: Pr\u00e9-Carnaval Happy Hour do Ipanema Nesta sexta-feira (2), o\u2026","rel":"","context":"In &quot;Not\u00edcias de Ribeir\u00e3o Preto-SP e Regi\u00e3o&quot;","block_context":{"text":"Not\u00edcias de Ribeir\u00e3o Preto-SP e Regi\u00e3o","link":"https:\/\/ismaelcolosi.com.br\/index.php\/category\/noticias-de-ribeirao-preto-sp-e-regiao-ismael-colosi\/"},"img":{"alt_text":"","src":"https:\/\/i0.wp.com\/ismaelcolosi.com.br\/wp-content\/uploads\/2024\/02\/Copia-de-Copia-de-TAMANHO-EXATO-PARA-FOTOS-NO-SISTEMA-NOVO-1.jpg?fit=1200%2C675&ssl=1&resize=350%2C200","width":350,"height":200,"srcset":"https:\/\/i0.wp.com\/ismaelcolosi.com.br\/wp-content\/uploads\/2024\/02\/Copia-de-Copia-de-TAMANHO-EXATO-PARA-FOTOS-NO-SISTEMA-NOVO-1.jpg?fit=1200%2C675&ssl=1&resize=350%2C200 1x, https:\/\/i0.wp.com\/ismaelcolosi.com.br\/wp-content\/uploads\/2024\/02\/Copia-de-Copia-de-TAMANHO-EXATO-PARA-FOTOS-NO-SISTEMA-NOVO-1.jpg?fit=1200%2C675&ssl=1&resize=525%2C300 1.5x, https:\/\/i0.wp.com\/ismaelcolosi.com.br\/wp-content\/uploads\/2024\/02\/Copia-de-Copia-de-TAMANHO-EXATO-PARA-FOTOS-NO-SISTEMA-NOVO-1.jpg?fit=1200%2C675&ssl=1&resize=700%2C400 2x, https:\/\/i0.wp.com\/ismaelcolosi.com.br\/wp-content\/uploads\/2024\/02\/Copia-de-Copia-de-TAMANHO-EXATO-PARA-FOTOS-NO-SISTEMA-NOVO-1.jpg?fit=1200%2C675&ssl=1&resize=1050%2C600 3x"},"classes":[]}],"jetpack_sharing_enabled":true,"jetpack_shortlink":"https:\/\/wp.me\/pfMlyK-9MH","_links":{"self":[{"href":"https:\/\/ismaelcolosi.com.br\/index.php\/wp-json\/wp\/v2\/posts\/37615","targetHints":{"allow":["GET"]}}],"collection":[{"href":"https:\/\/ismaelcolosi.com.br\/index.php\/wp-json\/wp\/v2\/posts"}],"about":[{"href":"https:\/\/ismaelcolosi.com.br\/index.php\/wp-json\/wp\/v2\/types\/post"}],"author":[{"embeddable":true,"href":"https:\/\/ismaelcolosi.com.br\/index.php\/wp-json\/wp\/v2\/users\/1"}],"replies":[{"embeddable":true,"href":"https:\/\/ismaelcolosi.com.br\/index.php\/wp-json\/wp\/v2\/comments?post=37615"}],"version-history":[{"count":0,"href":"https:\/\/ismaelcolosi.com.br\/index.php\/wp-json\/wp\/v2\/posts\/37615\/revisions"}],"wp:featuredmedia":[{"embeddable":true,"href":"https:\/\/ismaelcolosi.com.br\/index.php\/wp-json\/wp\/v2\/media\/37616"}],"wp:attachment":[{"href":"https:\/\/ismaelcolosi.com.br\/index.php\/wp-json\/wp\/v2\/media?parent=37615"}],"wp:term":[{"taxonomy":"category","embeddable":true,"href":"https:\/\/ismaelcolosi.com.br\/index.php\/wp-json\/wp\/v2\/categories?post=37615"},{"taxonomy":"post_tag","embeddable":true,"href":"https:\/\/ismaelcolosi.com.br\/index.php\/wp-json\/wp\/v2\/tags?post=37615"}],"curies":[{"name":"wp","href":"https:\/\/api.w.org\/{rel}","templated":true}]}}