{"id":37579,"date":"2024-02-16T20:23:51","date_gmt":"2024-02-16T23:23:51","guid":{"rendered":"https:\/\/ismaelcolosi.com.br\/index.php\/2024\/02\/16\/lula-critica-corte-de-verba-humanitaria\/"},"modified":"2024-02-16T20:23:51","modified_gmt":"2024-02-16T23:23:51","slug":"lula-critica-corte-de-verba-humanitaria","status":"publish","type":"post","link":"https:\/\/ismaelcolosi.com.br\/index.php\/2024\/02\/16\/lula-critica-corte-de-verba-humanitaria\/","title":{"rendered":"Lula critica corte de verba humanit\u00e1ria"},"content":{"rendered":"<p> <br \/>\n<\/p>\n<div id=\"post-373874\">\n<header class=\"entry-header penci-entry-header penci-title-center\">\n<p> <span class=\"entry-meta-item penci-posted-on\"><i class=\"fa fa-clock-o\"\/><time class=\"entry-date published\" datetime=\"2024-02-16T17:00:45-03:00\">16 de fevereiro de 2024 | 17:00<\/time><time class=\"updated\" datetime=\"2024-02-16T08:46:31-03:00\">16 de fevereiro de 2024 | 8:46<\/time><\/span><\/p>\n<p> <span class=\"penci-social-buttons penci-social-share-footer\"><a href=\"#\" class=\"penci-post-like penci_post-meta_item  single-like-button penci-social-item like\" data-post_id=\"373874\" title=\"Like\" data-like=\"Like\" data-unlike=\"Unlike\"><i class=\"fa fa-thumbs-o-up\"\/><span class=\"penci-share-number\">0<\/span><\/a><i class=\"fa fa-facebook\"\/><a class=\"penci-social-item twitter\" target=\"_blank\" rel=\"noopener\" title=\"\" href=\"https:\/\/twitter.com\/intent\/tweet?text=Lula%20critica%20corte%20de%20verba%20humanit\u00e1ria%20-%20https:\/\/www.tribunaribeirao.com.br\/site\/lula-critica-corte-de-verba-humanitaria\/\"><i class=\"fa fa-twitter\"\/><\/a><i class=\"fa fa-whatsapp\"\/><\/span><\/header>\n<div class=\"penci-entry-content entry-content\">\n<p><span class=\"TextRun SCXW176884104 BCX0\" lang=\"PT-BR\" xml:lang=\"PT-BR\" data-contrast=\"auto\"><span class=\"NormalTextRun SCXW176884104 BCX0\">O presidente Luiz In\u00e1cio Lula da Silva classificou nesta quinta-feira, 15<\/span><span class=\"NormalTextRun SCXW176884104 BCX0\"> de fevereiro<\/span><span class=\"NormalTextRun SCXW176884104 BCX0\">, como \u201cdesumanidade\u201d e \u201ccovardia\u201d contra o povo palestino, a decis\u00e3o de \u201cpa\u00edses ricos\u201d, entre eles os Estados Unidos, de cortar as contribui\u00e7\u00f5es milion\u00e1rias \u00e0 Ag\u00eancia das Na\u00e7\u00f5es Unidas para Refugiados Palestinos (UNRWA). <\/span><\/span><span class=\"LineBreakBlob BlobObject DragDrop SCXW176884104 BCX0\"><span class=\"SCXW176884104 BCX0\">\u00a0<\/span><br class=\"SCXW176884104 BCX0\"\/><\/span><span class=\"LineBreakBlob BlobObject DragDrop SCXW176884104 BCX0\"><span class=\"SCXW176884104 BCX0\">\u00a0<\/span><br class=\"SCXW176884104 BCX0\"\/><\/span><span class=\"TextRun SCXW176884104 BCX0\" lang=\"PT-BR\" xml:lang=\"PT-BR\" data-contrast=\"auto\"><span class=\"NormalTextRun SCXW176884104 BCX0\">O \u00f3rg\u00e3o foi acusado governo de Israel de colabora\u00e7\u00e3o com o grupo terrorista Hamas.<\/span> <span class=\"NormalTextRun SCXW176884104 BCX0\">O presidente alertou que a incurs\u00e3o terrestre das For\u00e7as de Defesa de Israel em <\/span><span class=\"NormalTextRun SCXW176884104 BCX0\">Rafah<\/span><span class=\"NormalTextRun SCXW176884104 BCX0\">, ao Sul de Gaza, para onde fugiram <\/span><span class=\"NormalTextRun SCXW176884104 BCX0\">1,4 milh\u00e3o<\/span><span class=\"NormalTextRun SCXW176884104 BCX0\"> de refugiados, prenuncia uma calamidade e contraria decis\u00e3o da Corte Internacional de Justi\u00e7a (CIJ) para que o pa\u00eds evitasse atos de genoc\u00eddio na guerra.<\/span><\/span><span class=\"LineBreakBlob BlobObject DragDrop SCXW176884104 BCX0\"><span class=\"SCXW176884104 BCX0\">\u00a0<\/span><br class=\"SCXW176884104 BCX0\"\/><\/span><span class=\"LineBreakBlob BlobObject DragDrop SCXW176884104 BCX0\"><span class=\"SCXW176884104 BCX0\">\u00a0<\/span><br class=\"SCXW176884104 BCX0\"\/><\/span><span class=\"TextRun SCXW176884104 BCX0\" lang=\"PT-BR\" xml:lang=\"PT-BR\" data-contrast=\"auto\"><span class=\"NormalTextRun SCXW176884104 BCX0\">\u201cNo momento em que o povo palestino mais precisa de apoio, os pa\u00edses ricos decidem cortar a ajuda humanit\u00e1ria \u00e0 ag\u00eancia da ONU para refugiados palestinos. \u00c9 preciso <\/span><span class=\"NormalTextRun ContextualSpellingAndGrammarErrorV2Themed SCXW176884104 BCX0\">por<\/span><span class=\"NormalTextRun SCXW176884104 BCX0\"> fim a essa desumanidade e covardia. Basta de puni\u00e7\u00e3o coletiva\u201d, disse Lula, em discurso na Liga dos Estados \u00c1rabes, perante embaixadores representantes dos 22 pa\u00edses.<\/span><\/span><span class=\"LineBreakBlob BlobObject DragDrop SCXW176884104 BCX0\"><span class=\"SCXW176884104 BCX0\">\u00a0<\/span><br class=\"SCXW176884104 BCX0\"\/><\/span><span class=\"LineBreakBlob BlobObject DragDrop SCXW176884104 BCX0\"><span class=\"SCXW176884104 BCX0\">\u00a0<\/span><br class=\"SCXW176884104 BCX0\"\/><\/span><span class=\"TextRun SCXW176884104 BCX0\" lang=\"PT-BR\" xml:lang=\"PT-BR\" data-contrast=\"auto\"><span class=\"NormalTextRun SCXW176884104 BCX0\">Lula voltou a prometer, novamente sem citar valores, que vai refor\u00e7ar as doa\u00e7\u00f5es do Brasil ao \u00f3rg\u00e3o da <\/span><span class=\"NormalTextRun SCXW176884104 BCX0\">Organiza\u00e7\u00e3o das Na\u00e7\u00f5es Unidas (<\/span><span class=\"NormalTextRun SCXW176884104 BCX0\">ONU<\/span><span class=\"NormalTextRun SCXW176884104 BCX0\">)<\/span><span class=\"NormalTextRun SCXW176884104 BCX0\"> encarregado de a\u00e7\u00f5es humanit\u00e1rias, como distribui\u00e7\u00e3o de alimentos, \u00e1gua, atendimento m\u00e9dico e escolar aos palestinos. \u201cMeu governo far\u00e1 novo aporte \u00e0 UNRWA e exortamos todos os pa\u00edses a manter e refor\u00e7ar suas contribui\u00e7\u00f5es\u201d<\/span><span class=\"NormalTextRun SCXW176884104 BCX0\">, assegurou<\/span><span class=\"NormalTextRun SCXW176884104 BCX0\"> o presidente.<\/span><\/span><span class=\"LineBreakBlob BlobObject DragDrop SCXW176884104 BCX0\"><span class=\"SCXW176884104 BCX0\">\u00a0<\/span><br class=\"SCXW176884104 BCX0\"\/><\/span><span class=\"LineBreakBlob BlobObject DragDrop SCXW176884104 BCX0\"><span class=\"SCXW176884104 BCX0\">\u00a0<\/span><br class=\"SCXW176884104 BCX0\"\/><\/span><span class=\"TextRun SCXW176884104 BCX0\" lang=\"PT-BR\" xml:lang=\"PT-BR\" data-contrast=\"auto\"><span class=\"NormalTextRun SCXW176884104 BCX0\">Israel acusou <\/span><span class=\"NormalTextRun SCXW176884104 BCX0\">doze<\/span><span class=\"NormalTextRun SCXW176884104 BCX0\"> funcion\u00e1rios da ag\u00eancia de participa\u00e7\u00e3o nos ataques terroristas do Hamas em 7 de outubro de 2023. O massacre deflagrou a guerra em curso na regi\u00e3o. A intelig\u00eancia israelense apontou ainda milit\u00e2ncia dupla e supostos v\u00ednculos de outros 190 colaboradores da ag\u00eancia com radicais do Hamas e <\/span><span class=\"NormalTextRun SCXW176884104 BCX0\">da Jihad<\/span><span class=\"NormalTextRun SCXW176884104 BCX0\"> Isl\u00e2mica. <\/span><\/span><span class=\"LineBreakBlob BlobObject DragDrop SCXW176884104 BCX0\"><span class=\"SCXW176884104 BCX0\">\u00a0<\/span><br class=\"SCXW176884104 BCX0\"\/><\/span><span class=\"LineBreakBlob BlobObject DragDrop SCXW176884104 BCX0\"><span class=\"SCXW176884104 BCX0\">\u00a0<\/span><br class=\"SCXW176884104 BCX0\"\/><\/span><span class=\"TextRun SCXW176884104 BCX0\" lang=\"PT-BR\" xml:lang=\"PT-BR\" data-contrast=\"auto\"><span class=\"NormalTextRun SCXW176884104 BCX0\">Depois, ainda afirmou que uma sede da UNRWA em Gaza ocultaria t\u00faneis e seria usada para fornecer energia a <\/span><span class=\"NormalTextRun SCXW176884104 BCX0\">infraestruturas<\/span><span class=\"NormalTextRun SCXW176884104 BCX0\"> terroristas.<\/span> <span class=\"NormalTextRun SCXW176884104 BCX0\">A ONU demitiu funcion\u00e1rios e abriu uma investiga\u00e7\u00e3o sobre o caso Ant\u00f3nio <\/span><span class=\"NormalTextRun SCXW176884104 BCX0\">Guterres<\/span><span class=\"NormalTextRun SCXW176884104 BCX0\">, secret\u00e1rio-geral da ONU, chegou a falar em \u201cinfiltra\u00e7\u00e3o\u201d do Hamas e prometeu agir imediatamente em caso de novas den\u00fancias, mas pediu a retomada das doa\u00e7\u00f5es.<\/span><\/span><span class=\"LineBreakBlob BlobObject DragDrop SCXW176884104 BCX0\"><span class=\"SCXW176884104 BCX0\">\u00a0<\/span><br class=\"SCXW176884104 BCX0\"\/><\/span><span class=\"LineBreakBlob BlobObject DragDrop SCXW176884104 BCX0\"><span class=\"SCXW176884104 BCX0\">\u00a0<\/span><br class=\"SCXW176884104 BCX0\"\/><\/span><span class=\"TextRun SCXW176884104 BCX0\" lang=\"PT-BR\" xml:lang=\"PT-BR\" data-contrast=\"auto\"><span class=\"NormalTextRun SCXW176884104 BCX0\">A ag\u00eancia depende de contribui\u00e7\u00f5es volunt\u00e1rias. <\/span><span class=\"NormalTextRun SCXW176884104 BCX0\">Cerca de 95<\/span><span class=\"NormalTextRun SCXW176884104 BCX0\">% do or\u00e7amento <\/span><span class=\"NormalTextRun SCXW176884104 BCX0\">vem de transfer\u00eancias governamentais. Conforme balan\u00e7os recentes, a UNRWA teve or\u00e7amento de US$ 1,17 bilh\u00e3o, em 2022. Os maiores doadores foram pa\u00edses membros da Uni\u00e3o <\/span><span class=\"NormalTextRun SCXW176884104 BCX0\">Europeia<\/span><span class=\"NormalTextRun SCXW176884104 BCX0\"> (US$ 520 milh\u00f5es) e os Estados Unidos (US$ 344 milh\u00f5es). O Brasil transferiu apenas US$ 75 mil.<\/span><\/span><span class=\"LineBreakBlob BlobObject DragDrop SCXW176884104 BCX0\"><span class=\"SCXW176884104 BCX0\">\u00a0<\/span><br class=\"SCXW176884104 BCX0\"\/><\/span><span class=\"LineBreakBlob BlobObject DragDrop SCXW176884104 BCX0\"><span class=\"SCXW176884104 BCX0\">\u00a0<\/span><br class=\"SCXW176884104 BCX0\"\/><\/span><span class=\"TextRun SCXW176884104 BCX0\" lang=\"PT-BR\" xml:lang=\"PT-BR\" data-contrast=\"auto\"><span class=\"NormalTextRun SCXW176884104 BCX0\">\u201c<\/span><span class=\"NormalTextRun SCXW176884104 BCX0\">As recentes den\u00fancias contra funcion\u00e1rios da ag\u00eancia precisam ser devidamente investigadas, mas n\u00e3o podem paralis\u00e1-la\u201d, disse Lula aos embaixadores \u00e1rabes. Segundo ele, a situa\u00e7\u00e3o na Cisjord\u00e2nia \u201cest\u00e1 se tornando insustent\u00e1vel\u201d e os efeitos do conflito prolongado em Gaza levam a cen\u00e1rios \u201cimprevis\u00edveis e catastr\u00f3ficos muito al\u00e9m do Oriente M\u00e9dio\u201d.<\/span><\/span><span class=\"LineBreakBlob BlobObject DragDrop SCXW176884104 BCX0\"><span class=\"SCXW176884104 BCX0\">\u00a0<\/span><br class=\"SCXW176884104 BCX0\"\/><\/span><span class=\"LineBreakBlob BlobObject DragDrop SCXW176884104 BCX0\"><span class=\"SCXW176884104 BCX0\">\u00a0<\/span><br class=\"SCXW176884104 BCX0\"\/><\/span><span class=\"TextRun SCXW176884104 BCX0\" lang=\"PT-BR\" xml:lang=\"PT-BR\" data-contrast=\"auto\"><span class=\"NormalTextRun SCXW176884104 BCX0\">D<\/span><span class=\"NormalTextRun SCXW176884104 BCX0\">urante a viagem ao Cairo, o presidente brasileiro fez um pronunciamento em sess\u00e3o extraordin\u00e1ria na Liga \u00c1rabe e conversou com o secret\u00e1rio-geral da entidade, o ex-chanceler eg\u00edpcio Ahmed <\/span><span class=\"NormalTextRun SpellingErrorV2Themed SCXW176884104 BCX0\">Gheit<\/span><span class=\"NormalTextRun SCXW176884104 BCX0\">. Antes, tamb\u00e9m no Cairo, ele fez uma reuni\u00e3o com o presidente eg\u00edpcio, <\/span><span class=\"NormalTextRun SCXW176884104 BCX0\">Abdel<\/span> <span class=\"NormalTextRun SCXW176884104 BCX0\">Fattah<\/span> <span class=\"NormalTextRun SCXW176884104 BCX0\">El-Sissi<\/span><span class=\"NormalTextRun SCXW176884104 BCX0\">.<\/span><\/span><span class=\"LineBreakBlob BlobObject DragDrop SCXW176884104 BCX0\"><span class=\"SCXW176884104 BCX0\">\u00a0<\/span><br class=\"SCXW176884104 BCX0\"\/><\/span><span class=\"LineBreakBlob BlobObject DragDrop SCXW176884104 BCX0\"><span class=\"SCXW176884104 BCX0\">\u00a0<\/span><br class=\"SCXW176884104 BCX0\"\/><\/span><\/p>\n<\/div>\n<footer class=\"penci-entry-footer\"\/><\/div>\n<p><script async src=\"\/\/platform.twitter.com\/widgets.js\" charset=\"utf-8\"><\/script><br \/>\n<br \/><br \/>\n<br \/><a href=\"https:\/\/www.tribunaribeirao.com.br\/site\/lula-critica-corte-de-verba-humanitaria\/\">Source link <\/a><\/p>\n<div class='code-block code-block-4' style='margin: 8px auto 8px 0; text-align: left; display: block; clear: both;'>\n\ud83d\udce2 Aviso Legal\n\nO site ismaelcolosi.com.br atua apenas como um canal de divulga\u00e7\u00e3o de oportunidades de emprego e n\u00e3o se responsabiliza pelo processo seletivo, contrata\u00e7\u00e3o ou qualquer outra etapa relacionada \u00e0s vagas publicadas. Todas as informa\u00e7\u00f5es s\u00e3o de responsabilidade dos anunciantes.\n\n\u26a0\ufe0f Aten\u00e7\u00e3o! Nunca pague por promessas de emprego nem compre cursos que garantam contrata\u00e7\u00e3o. Desconfie de qualquer cobran\u00e7a para participar de sele\u00e7\u00f5es.\n\n\n\n<\/div>\n<!-- CONTENT END 1 -->\n","protected":false},"excerpt":{"rendered":"<p>16 de fevereiro de 2024 | 17:0016 de fevereiro de 2024 | 8:46 0 O presidente Luiz In\u00e1cio Lula da Silva classificou nesta quinta-feira, 15&#8230;<\/p>\n","protected":false},"author":1,"featured_media":37580,"comment_status":"open","ping_status":"open","sticky":false,"template":"","format":"standard","meta":{"_uag_custom_page_level_css":"","advanced_seo_description":"","jetpack_seo_html_title":"","jetpack_seo_noindex":false,"jetpack_post_was_ever_published":false,"_jetpack_newsletter_access":"","_jetpack_dont_email_post_to_subs":false,"_jetpack_newsletter_tier_id":0,"_jetpack_memberships_contains_paywalled_content":false,"_jetpack_memberships_contains_paid_content":false,"footnotes":"","jetpack_publicize_message":"","jetpack_publicize_feature_enabled":true,"jetpack_social_post_already_shared":true,"jetpack_social_options":{"image_generator_settings":{"template":"highway","default_image_id":0,"font":"","enabled":false},"version":2}},"categories":[11],"tags":[1085,2402,2301,750,3735],"class_list":["post-37579","post","type-post","status-publish","format-standard","has-post-thumbnail","hentry","category-noticias-de-ribeirao-preto-sp-e-regiao-ismael-colosi","tag-corte","tag-critica","tag-humanitaria","tag-lula","tag-verba"],"jetpack_publicize_connections":[],"jetpack_featured_media_url":"https:\/\/i0.wp.com\/ismaelcolosi.com.br\/wp-content\/uploads\/2024\/02\/Lula-Ricardo-Stuckert-PR-1-scaled.jpg?fit=1000%2C623&ssl=1","uagb_featured_image_src":{"full":["https:\/\/i0.wp.com\/ismaelcolosi.com.br\/wp-content\/uploads\/2024\/02\/Lula-Ricardo-Stuckert-PR-1-scaled.jpg?fit=1000%2C623&ssl=1",1000,623,false],"thumbnail":["https:\/\/i0.wp.com\/ismaelcolosi.com.br\/wp-content\/uploads\/2024\/02\/Lula-Ricardo-Stuckert-PR-1-scaled.jpg?resize=150%2C150&ssl=1",150,150,true],"medium":["https:\/\/i0.wp.com\/ismaelcolosi.com.br\/wp-content\/uploads\/2024\/02\/Lula-Ricardo-Stuckert-PR-1-scaled.jpg?fit=300%2C187&ssl=1",300,187,true],"medium_large":["https:\/\/i0.wp.com\/ismaelcolosi.com.br\/wp-content\/uploads\/2024\/02\/Lula-Ricardo-Stuckert-PR-1-scaled.jpg?fit=768%2C478&ssl=1",768,478,true],"large":["https:\/\/i0.wp.com\/ismaelcolosi.com.br\/wp-content\/uploads\/2024\/02\/Lula-Ricardo-Stuckert-PR-1-scaled.jpg?fit=1000%2C623&ssl=1",1000,623,true],"1536x1536":["https:\/\/i0.wp.com\/ismaelcolosi.com.br\/wp-content\/uploads\/2024\/02\/Lula-Ricardo-Stuckert-PR-1-scaled.jpg?fit=1000%2C623&ssl=1",1000,623,true],"2048x2048":["https:\/\/i0.wp.com\/ismaelcolosi.com.br\/wp-content\/uploads\/2024\/02\/Lula-Ricardo-Stuckert-PR-1-scaled.jpg?fit=1000%2C623&ssl=1",1000,623,true],"really-simple-thumb":["https:\/\/i0.wp.com\/ismaelcolosi.com.br\/wp-content\/uploads\/2024\/02\/Lula-Ricardo-Stuckert-PR-1-scaled.jpg?resize=370%2C247&ssl=1",370,247,true]},"uagb_author_info":{"display_name":"ismaelcolosi.com.br","author_link":"https:\/\/ismaelcolosi.com.br\/index.php\/author\/vidareal-online\/"},"uagb_comment_info":0,"uagb_excerpt":"16 de fevereiro de 2024 | 17:0016 de fevereiro de 2024 | 8:46 0 O presidente Luiz In\u00e1cio Lula da Silva classificou nesta quinta-feira, 15...","jetpack-related-posts":[{"id":17030,"url":"https:\/\/ismaelcolosi.com.br\/index.php\/2023\/12\/17\/ribeirao-recebe-repasse-por-ter-recebido-refugiados-de-crise-humanitaria\/","url_meta":{"origin":37579,"position":0},"title":"Ribeir\u00e3o recebe repasse por ter recebido refugiados de crise humanit\u00e1ria","author":"ismaelcolosi.com.br","date":"17 de December de 2023","format":false,"excerpt":"O Minist\u00e9rio de Desenvolvimento e Assist\u00eancia Social repassou para Ribeir\u00e3o Preto uma verba de R$ 175.200, em raz\u00e3o de o munic\u00edpio ter recebido migrantes e refugiados oriundos de fluxo migrat\u00f3rio provocado por crise humanit\u00e1ria. Segundo a Secretaria de Assist\u00eancia Social de Ribeir\u00e3o Preto, a cidade recebeu 73 refugiados venezuelanos, da\u2026","rel":"","context":"In &quot;Not\u00edcias de Ribeir\u00e3o Preto-SP e Regi\u00e3o&quot;","block_context":{"text":"Not\u00edcias de Ribeir\u00e3o Preto-SP e Regi\u00e3o","link":"https:\/\/ismaelcolosi.com.br\/index.php\/category\/noticias-de-ribeirao-preto-sp-e-regiao-ismael-colosi\/"},"img":{"alt_text":"","src":"https:\/\/i0.wp.com\/ismaelcolosi.com.br\/wp-content\/uploads\/2023\/12\/refugiados.jpg?fit=1000%2C681&ssl=1&resize=350%2C200","width":350,"height":200,"srcset":"https:\/\/i0.wp.com\/ismaelcolosi.com.br\/wp-content\/uploads\/2023\/12\/refugiados.jpg?fit=1000%2C681&ssl=1&resize=350%2C200 1x, https:\/\/i0.wp.com\/ismaelcolosi.com.br\/wp-content\/uploads\/2023\/12\/refugiados.jpg?fit=1000%2C681&ssl=1&resize=525%2C300 1.5x, https:\/\/i0.wp.com\/ismaelcolosi.com.br\/wp-content\/uploads\/2023\/12\/refugiados.jpg?fit=1000%2C681&ssl=1&resize=700%2C400 2x"},"classes":[]},{"id":38535,"url":"https:\/\/ismaelcolosi.com.br\/index.php\/2024\/02\/20\/apos-as-falas-de-lula-luciano-huck-parte-pra-cima-dele-e-dispara-voce-vai-mo-ver-mais\/","url_meta":{"origin":37579,"position":1},"title":"Ap\u00f3s as falas de Lula, Luciano Huck \u2018Parte Pra Cima\u2019 dele e dispara; \u2018Voc\u00ea vai mo\u2026 Ver Mais","author":"ismaelcolosi.com.br","date":"20 de February de 2024","format":false,"excerpt":"Luciano Huck, apresentador bastante conhecido, noticiou cr\u00edticas em rela\u00e7\u00e3o ao presidente da Rep\u00fablica, Luiz In\u00e1cio Lula da Silva. As cr\u00edticas foram feitas como resposta a uma declara\u00e7\u00e3o pronunciada pelo atual presidente, na qual Lula fez compara\u00e7\u00e3o as invas\u00f5es de Israel na Faixa de Gaza, territ\u00f3rio palestino, \u00e0s a\u00e7\u00f5es da Alemanha\u2026","rel":"","context":"In &quot;Variedades&quot;","block_context":{"text":"Variedades","link":"https:\/\/ismaelcolosi.com.br\/index.php\/category\/variedades\/"},"img":{"alt_text":"","src":"https:\/\/i0.wp.com\/ismaelcolosi.com.br\/wp-content\/uploads\/2024\/02\/Captura-de-tela-2024-02-20-091416.webp.webp?fit=992%2C580&ssl=1&resize=350%2C200","width":350,"height":200,"srcset":"https:\/\/i0.wp.com\/ismaelcolosi.com.br\/wp-content\/uploads\/2024\/02\/Captura-de-tela-2024-02-20-091416.webp.webp?fit=992%2C580&ssl=1&resize=350%2C200 1x, https:\/\/i0.wp.com\/ismaelcolosi.com.br\/wp-content\/uploads\/2024\/02\/Captura-de-tela-2024-02-20-091416.webp.webp?fit=992%2C580&ssl=1&resize=525%2C300 1.5x, https:\/\/i0.wp.com\/ismaelcolosi.com.br\/wp-content\/uploads\/2024\/02\/Captura-de-tela-2024-02-20-091416.webp.webp?fit=992%2C580&ssl=1&resize=700%2C400 2x"},"classes":[]},{"id":27293,"url":"https:\/\/ismaelcolosi.com.br\/index.php\/2024\/01\/11\/ricardo-lewandowski-sera-o-novo-ministro-da-justica\/","url_meta":{"origin":37579,"position":2},"title":"Ricardo Lewandowski ser\u00e1 o novo ministro da Justi\u00e7a \u2013 Folha de Ribeir\u00e3o","author":"ismaelcolosi.com.br","date":"11 de January de 2024","format":false,"excerpt":"O ex-ministro do Supremo Tribunal Federal (STF) Ricardo Lewandowski assumir\u00e1 o Minist\u00e9rio da Justi\u00e7a e Seguran\u00e7a P\u00fablica. O an\u00fancio foi feito nesta quinta-feira (11) pelo presidente Luiz In\u00e1cio Lula da Silva em pronunciamento no Pal\u00e1cio do Planalto. Lewandowski ocupar\u00e1 a vaga deixada por\u00a0Fl\u00e1vio Dino, indicado de Lula ao STF para\u2026","rel":"","context":"In &quot;Not\u00edcias de Ribeir\u00e3o Preto-SP e Regi\u00e3o&quot;","block_context":{"text":"Not\u00edcias de Ribeir\u00e3o Preto-SP e Regi\u00e3o","link":"https:\/\/ismaelcolosi.com.br\/index.php\/category\/noticias-de-ribeirao-preto-sp-e-regiao-ismael-colosi\/"},"img":{"alt_text":"","src":"","width":0,"height":0},"classes":[]},{"id":38887,"url":"https:\/\/ismaelcolosi.com.br\/index.php\/2024\/02\/22\/flavio-dino-toma-posse-no-supremo-tribunal-federal\/","url_meta":{"origin":37579,"position":3},"title":"Flavio Dino toma posse no Supremo Tribunal Federal","author":"ismaelcolosi.com.br","date":"22 de February de 2024","format":false,"excerpt":"22 de fevereiro de 2024 | 9:3022 de fevereiro de 2024 | 8:44 0O ex-ministro da Justi\u00e7a e Seguran\u00e7a P\u00fablica Fl\u00e1vio Dino ser\u00e1 empossado nesta quinta-feira (22) no cargo de ministro do Supremo Tribunal Federal (STF).A cerim\u00f4nia de posse est\u00e1 prevista para come\u00e7ar \u00e0s 16h e contar\u00e1 com a presen\u00e7a\u2026","rel":"","context":"In &quot;Not\u00edcias de Ribeir\u00e3o Preto-SP e Regi\u00e3o&quot;","block_context":{"text":"Not\u00edcias de Ribeir\u00e3o Preto-SP e Regi\u00e3o","link":"https:\/\/ismaelcolosi.com.br\/index.php\/category\/noticias-de-ribeirao-preto-sp-e-regiao-ismael-colosi\/"},"img":{"alt_text":"","src":"https:\/\/i0.wp.com\/ismaelcolosi.com.br\/wp-content\/uploads\/2024\/02\/ebf396ec-b8a4-40ba-aa1c-e659cd648301-scaled.jpg?fit=1000%2C598&ssl=1&resize=350%2C200","width":350,"height":200,"srcset":"https:\/\/i0.wp.com\/ismaelcolosi.com.br\/wp-content\/uploads\/2024\/02\/ebf396ec-b8a4-40ba-aa1c-e659cd648301-scaled.jpg?fit=1000%2C598&ssl=1&resize=350%2C200 1x, https:\/\/i0.wp.com\/ismaelcolosi.com.br\/wp-content\/uploads\/2024\/02\/ebf396ec-b8a4-40ba-aa1c-e659cd648301-scaled.jpg?fit=1000%2C598&ssl=1&resize=525%2C300 1.5x, https:\/\/i0.wp.com\/ismaelcolosi.com.br\/wp-content\/uploads\/2024\/02\/ebf396ec-b8a4-40ba-aa1c-e659cd648301-scaled.jpg?fit=1000%2C598&ssl=1&resize=700%2C400 2x"},"classes":[]},{"id":30196,"url":"https:\/\/ismaelcolosi.com.br\/index.php\/2024\/01\/20\/ponte-na-via-norte-depende-de-verba\/","url_meta":{"origin":37579,"position":4},"title":"Ponte na Via Norte depende de verba","author":"ismaelcolosi.com.br","date":"20 de January de 2024","format":false,"excerpt":"20 de janeiro de 2024 | 16:0020 de janeiro de 2024 | 10:11 0A constru\u00e7\u00e3o de uma ponte sobre o c\u00f3rrego Retiro Saudoso, na avenida Eduardo Andrea Matarazzo, a popular Via Norte, para interligar as ruas Dom Pedro II, no bairro Campos El\u00edseos, com a S\u00e3o Francisco, no Ipiranga, ainda\u2026","rel":"","context":"In &quot;Not\u00edcias de Ribeir\u00e3o Preto-SP e Regi\u00e3o&quot;","block_context":{"text":"Not\u00edcias de Ribeir\u00e3o Preto-SP e Regi\u00e3o","link":"https:\/\/ismaelcolosi.com.br\/index.php\/category\/noticias-de-ribeirao-preto-sp-e-regiao-ismael-colosi\/"},"img":{"alt_text":"","src":"https:\/\/i0.wp.com\/ismaelcolosi.com.br\/wp-content\/uploads\/2024\/01\/PonteIPI-Alfredo-Risk-scaled.jpg?fit=1000%2C563&ssl=1&resize=350%2C200","width":350,"height":200,"srcset":"https:\/\/i0.wp.com\/ismaelcolosi.com.br\/wp-content\/uploads\/2024\/01\/PonteIPI-Alfredo-Risk-scaled.jpg?fit=1000%2C563&ssl=1&resize=350%2C200 1x, https:\/\/i0.wp.com\/ismaelcolosi.com.br\/wp-content\/uploads\/2024\/01\/PonteIPI-Alfredo-Risk-scaled.jpg?fit=1000%2C563&ssl=1&resize=525%2C300 1.5x, https:\/\/i0.wp.com\/ismaelcolosi.com.br\/wp-content\/uploads\/2024\/01\/PonteIPI-Alfredo-Risk-scaled.jpg?fit=1000%2C563&ssl=1&resize=700%2C400 2x"},"classes":[]},{"id":37312,"url":"https:\/\/ismaelcolosi.com.br\/index.php\/2024\/02\/15\/lula-chega-a-29-paises-visitados\/","url_meta":{"origin":37579,"position":5},"title":"Lula chega a 29\u00a0pa\u00edses visitados \u00a0","author":"ismaelcolosi.com.br","date":"15 de February de 2024","format":false,"excerpt":"O presidente Luiz In\u00e1cio Lula da Silva chegou na madrugada desta quarta-feira, 14 de fevereiro, no hor\u00e1rio de Bras\u00edlia, ao Cairo, capital do Egito. Sua agenda mostra um dia sem compromissos oficiais, que devem come\u00e7ar nesta quinta-feira (15). O perfil oficial de Lula no Instagram publicou imagens dele e da\u2026","rel":"","context":"In &quot;Not\u00edcias de Ribeir\u00e3o Preto-SP e Regi\u00e3o&quot;","block_context":{"text":"Not\u00edcias de Ribeir\u00e3o Preto-SP e Regi\u00e3o","link":"https:\/\/ismaelcolosi.com.br\/index.php\/category\/noticias-de-ribeirao-preto-sp-e-regiao-ismael-colosi\/"},"img":{"alt_text":"","src":"https:\/\/i0.wp.com\/ismaelcolosi.com.br\/wp-content\/uploads\/2024\/02\/Lula-Ricardo-Stuckert-PR-scaled.jpg?fit=1000%2C537&ssl=1&resize=350%2C200","width":350,"height":200,"srcset":"https:\/\/i0.wp.com\/ismaelcolosi.com.br\/wp-content\/uploads\/2024\/02\/Lula-Ricardo-Stuckert-PR-scaled.jpg?fit=1000%2C537&ssl=1&resize=350%2C200 1x, https:\/\/i0.wp.com\/ismaelcolosi.com.br\/wp-content\/uploads\/2024\/02\/Lula-Ricardo-Stuckert-PR-scaled.jpg?fit=1000%2C537&ssl=1&resize=525%2C300 1.5x, https:\/\/i0.wp.com\/ismaelcolosi.com.br\/wp-content\/uploads\/2024\/02\/Lula-Ricardo-Stuckert-PR-scaled.jpg?fit=1000%2C537&ssl=1&resize=700%2C400 2x"},"classes":[]}],"jetpack_sharing_enabled":true,"jetpack_shortlink":"https:\/\/wp.me\/pfMlyK-9M7","_links":{"self":[{"href":"https:\/\/ismaelcolosi.com.br\/index.php\/wp-json\/wp\/v2\/posts\/37579","targetHints":{"allow":["GET"]}}],"collection":[{"href":"https:\/\/ismaelcolosi.com.br\/index.php\/wp-json\/wp\/v2\/posts"}],"about":[{"href":"https:\/\/ismaelcolosi.com.br\/index.php\/wp-json\/wp\/v2\/types\/post"}],"author":[{"embeddable":true,"href":"https:\/\/ismaelcolosi.com.br\/index.php\/wp-json\/wp\/v2\/users\/1"}],"replies":[{"embeddable":true,"href":"https:\/\/ismaelcolosi.com.br\/index.php\/wp-json\/wp\/v2\/comments?post=37579"}],"version-history":[{"count":0,"href":"https:\/\/ismaelcolosi.com.br\/index.php\/wp-json\/wp\/v2\/posts\/37579\/revisions"}],"wp:featuredmedia":[{"embeddable":true,"href":"https:\/\/ismaelcolosi.com.br\/index.php\/wp-json\/wp\/v2\/media\/37580"}],"wp:attachment":[{"href":"https:\/\/ismaelcolosi.com.br\/index.php\/wp-json\/wp\/v2\/media?parent=37579"}],"wp:term":[{"taxonomy":"category","embeddable":true,"href":"https:\/\/ismaelcolosi.com.br\/index.php\/wp-json\/wp\/v2\/categories?post=37579"},{"taxonomy":"post_tag","embeddable":true,"href":"https:\/\/ismaelcolosi.com.br\/index.php\/wp-json\/wp\/v2\/tags?post=37579"}],"curies":[{"name":"wp","href":"https:\/\/api.w.org\/{rel}","templated":true}]}}