{"id":37569,"date":"2024-02-16T19:18:30","date_gmt":"2024-02-16T22:18:30","guid":{"rendered":"https:\/\/ismaelcolosi.com.br\/index.php\/2024\/02\/16\/nike-cortara-2-da-forca-de-trabalho-para-reduzir-custos\/"},"modified":"2024-02-16T19:18:30","modified_gmt":"2024-02-16T22:18:30","slug":"nike-cortara-2-da-forca-de-trabalho-para-reduzir-custos","status":"publish","type":"post","link":"https:\/\/ismaelcolosi.com.br\/index.php\/2024\/02\/16\/nike-cortara-2-da-forca-de-trabalho-para-reduzir-custos\/","title":{"rendered":"Nike cortar\u00e1 2% da for\u00e7a de trabalho para reduzir custos"},"content":{"rendered":"<p> <br \/>\n<\/p>\n<div>\n<div id=\"attachment_595756\" class=\"wp-caption alignnone style=\" max-width:=\"\"><img data-recalc-dims=\"1\" fetchpriority=\"high\" decoding=\"async\" class=\"alignnone alignnone size-full wp-image-595756\" src=\"https:\/\/i0.wp.com\/forbes.com.br\/wp-content\/uploads\/2024\/02\/Carreira_Nike-768x512.jpg?resize=678%2C452&#038;ssl=1\" http:=\"\" alt=\"Floren\u00e7a Lo\/Reuters\" width=\"678\" height=\"452\" data-lazy-src=\"https:\/\/forbes.com.br\/wp-content\/uploads\/2024\/02\/Carreira_Nike-768x512.jpg\"\/><noscript><img data-recalc-dims=\"1\" fetchpriority=\"high\" decoding=\"async\" class=\"alignnone alignnone size-full wp-image-595756\" src=\"https:\/\/i0.wp.com\/forbes.com.br\/wp-content\/uploads\/2024\/02\/Carreira_Nike-768x512.jpg?resize=678%2C452&#038;ssl=1\" alt=\"Floren\u00e7a Lo\/Reuters\" width=\"678\" height=\"452\"\/><\/noscript><\/p>\n<p>Floren\u00e7a Lo\/Reuters<\/p>\n<p class=\"wp-caption-text\">A Nike tinha cerca de 83.700 funcion\u00e1rios at\u00e9 31 de maio de 2023<\/p>\n<\/div>\n<p>A <strong>Nike<\/strong> cortar\u00e1 cerca de 2% de sua for\u00e7a de trabalho total, ou mais de 1.600 empregos, disse a gigante do vestu\u00e1rio esportivo na noite de quinta-feira (15), visando reduzir despesas \u00e0 medida que a demanda por seus cal\u00e7ados fica sob press\u00e3o.<\/p>\n<p>Alugu\u00e9is e juros mais elevados t\u00eam levado \u00e0 redu\u00e7\u00e3o dos gastos de consumidores com produtos de alto pre\u00e7o, fazendo com que empresas de roupas esportivas como a Nike e a Adidas alertem sobre uma diminui\u00e7\u00e3o de encomendas por varejistas por meio de canais de atacado.<\/p>\n<ul>\n<li>\n<h4>Siga o canal da <a href=\"https:\/\/whatsapp.com\/channel\/0029Va9gQKwBFLgM96cJnu0u\" target=\"_blank\" rel=\"noopener\">Forbes<\/a> e de <a href=\"https:\/\/whatsapp.com\/channel\/0029VaAZk57JuyA9F4UwQc2I\" target=\"_blank\" rel=\"noopener\">Forbes Money<\/a> no WhatsApp e receba as principais not\u00edcias sobre neg\u00f3cios, carreira, tecnologia e estilo de vida<\/h4>\n<\/li>\n<\/ul>\n<p>Em dezembro, a Nike delineou um plano de economia de US$ 2 bilh\u00f5es ao longo dos pr\u00f3ximos tr\u00eas anos, que inclu\u00eda o aperto na oferta de alguns produtos e a redu\u00e7\u00e3o de camadas de gest\u00e3o.<\/p>\n<p>As redu\u00e7\u00f5es de custos incluiriam cerca de US$ 400 milh\u00f5es a US$ 450 milh\u00f5es com custos de rescis\u00e3o de trabalhadores no terceiro trimestre, disse a empresa. A Nike tinha cerca de 83.700 funcion\u00e1rios at\u00e9 31 de maio de 2023.<\/p>\n<p>Os cortes de pessoal mostram uma Nike antecipando o receio de que a demanda \u201cpossa enfraquecer ainda mais\u201d, disse o diretor-gerente da GlobalData, Neil Saunders.<\/p>\n<p>A Nike tamb\u00e9m tem perdido espa\u00e7o nas prateleiras do varejo para marcas mais novas, como Hoka, da Decker Outdoors, e On Holding.<\/p>\n<p>\u201cA Nike tamb\u00e9m quer investir mais em \u00e1reas como a de corrida, para poder ganhar participa\u00e7\u00e3o de mercado. Para isso, ela precisa equilibrar as despesas adicionais com algumas redu\u00e7\u00f5es em outros locais\u201d, disse Saunders.<\/p>\n<p>O Wall Street Journal, que divulgou primeiro a not\u00edcia, disse que os cortes devem come\u00e7ar nesta sexta-feira (16) e uma segunda fase ser\u00e1 conclu\u00edda at\u00e9 o final deste trimestre.<\/p>\n<p>N\u00e3o se espera que as demiss\u00f5es em massa afetem funcion\u00e1rios de lojas e centros de distribui\u00e7\u00e3o ou da equipe de inova\u00e7\u00e3o, segundo a reportagem.<\/p>\n<\/div>\n<p><script type=\"rocketlazyloadscript\">\n\t\t\t\t(function(d, s, id){\n\t\t\t\t\tvar js, fjs = d.getElementsByTagName(s)[0];\n\t\t\t\t\tif (d.getElementById(id)) return;\n\t\t\t\t\tjs = d.createElement(s); js.id = id;\n\t\t\t\t\tjs.src = \"\/\/connect.facebook.net\/pt_BR\/sdk.js#xfbml=1&version=v2.9\";\n\t\t\t\t\tfjs.parentNode.insertBefore(js, fjs);\n\t\t\t\t}(document, 'script', 'facebook-jssdk'));\n\t\t\t<\/script><br \/>\n<br \/><br \/>\n<br \/><a href=\"https:\/\/forbes.com.br\/carreira\/2024\/02\/nike-cortara-2-da-forca-de-trabalho-para-reduzir-custos-diante-de-menor-demanda\/\">Source link <\/a><\/p>\n<div class='code-block code-block-4' style='margin: 8px auto 8px 0; text-align: left; display: block; clear: both;'>\n\ud83d\udce2 Aviso Legal\n\nO site ismaelcolosi.com.br atua apenas como um canal de divulga\u00e7\u00e3o de oportunidades de emprego e n\u00e3o se responsabiliza pelo processo seletivo, contrata\u00e7\u00e3o ou qualquer outra etapa relacionada \u00e0s vagas publicadas. Todas as informa\u00e7\u00f5es s\u00e3o de responsabilidade dos anunciantes.\n\n\u26a0\ufe0f Aten\u00e7\u00e3o! Nunca pague por promessas de emprego nem compre cursos que garantam contrata\u00e7\u00e3o. Desconfie de qualquer cobran\u00e7a para participar de sele\u00e7\u00f5es.\n\n\n\n<\/div>\n<!-- CONTENT END 1 -->\n","protected":false},"excerpt":{"rendered":"<p>Floren\u00e7a Lo\/Reuters A Nike tinha cerca de 83.700 funcion\u00e1rios at\u00e9 31 de maio de 2023 A Nike cortar\u00e1 cerca de 2% de sua for\u00e7a de&#8230;<\/p>\n","protected":false},"author":1,"featured_media":37570,"comment_status":"open","ping_status":"open","sticky":false,"template":"","format":"standard","meta":{"_uag_custom_page_level_css":"","advanced_seo_description":"","jetpack_seo_html_title":"","jetpack_seo_noindex":false,"jetpack_post_was_ever_published":false,"_jetpack_newsletter_access":"","_jetpack_dont_email_post_to_subs":false,"_jetpack_newsletter_tier_id":0,"_jetpack_memberships_contains_paywalled_content":false,"_jetpack_memberships_contains_paid_content":false,"footnotes":"","jetpack_publicize_message":"","jetpack_publicize_feature_enabled":true,"jetpack_social_post_already_shared":true,"jetpack_social_options":{"image_generator_settings":{"template":"highway","default_image_id":0,"font":"","enabled":false},"version":2}},"categories":[1964],"tags":[],"class_list":["post-37569","post","type-post","status-publish","format-standard","has-post-thumbnail","hentry","category-carreira-e-sucesso-dicas-para-carreira"],"jetpack_publicize_connections":[],"jetpack_featured_media_url":"https:\/\/i0.wp.com\/ismaelcolosi.com.br\/wp-content\/uploads\/2024\/02\/Carreira_Nike-1024x683.jpg?fit=1024%2C683&ssl=1","uagb_featured_image_src":{"full":["https:\/\/i0.wp.com\/ismaelcolosi.com.br\/wp-content\/uploads\/2024\/02\/Carreira_Nike-1024x683.jpg?fit=1024%2C683&ssl=1",1024,683,false],"thumbnail":["https:\/\/i0.wp.com\/ismaelcolosi.com.br\/wp-content\/uploads\/2024\/02\/Carreira_Nike-1024x683.jpg?resize=150%2C150&ssl=1",150,150,true],"medium":["https:\/\/i0.wp.com\/ismaelcolosi.com.br\/wp-content\/uploads\/2024\/02\/Carreira_Nike-1024x683.jpg?fit=300%2C200&ssl=1",300,200,true],"medium_large":["https:\/\/i0.wp.com\/ismaelcolosi.com.br\/wp-content\/uploads\/2024\/02\/Carreira_Nike-1024x683.jpg?fit=768%2C512&ssl=1",768,512,true],"large":["https:\/\/i0.wp.com\/ismaelcolosi.com.br\/wp-content\/uploads\/2024\/02\/Carreira_Nike-1024x683.jpg?fit=1024%2C683&ssl=1",1024,683,true],"1536x1536":["https:\/\/i0.wp.com\/ismaelcolosi.com.br\/wp-content\/uploads\/2024\/02\/Carreira_Nike-1024x683.jpg?fit=1024%2C683&ssl=1",1024,683,true],"2048x2048":["https:\/\/i0.wp.com\/ismaelcolosi.com.br\/wp-content\/uploads\/2024\/02\/Carreira_Nike-1024x683.jpg?fit=1024%2C683&ssl=1",1024,683,true],"really-simple-thumb":["https:\/\/i0.wp.com\/ismaelcolosi.com.br\/wp-content\/uploads\/2024\/02\/Carreira_Nike-1024x683.jpg?resize=370%2C247&ssl=1",370,247,true]},"uagb_author_info":{"display_name":"ismaelcolosi.com.br","author_link":"https:\/\/ismaelcolosi.com.br\/index.php\/author\/vidareal-online\/"},"uagb_comment_info":0,"uagb_excerpt":"Floren\u00e7a Lo\/Reuters A Nike tinha cerca de 83.700 funcion\u00e1rios at\u00e9 31 de maio de 2023 A Nike cortar\u00e1 cerca de 2% de sua for\u00e7a de...","jetpack-related-posts":[{"id":88067,"url":"https:\/\/ismaelcolosi.com.br\/index.php\/2025\/10\/28\/amazon-cortara-cerca-de-14-mil-cargos-corporativos\/","url_meta":{"origin":37569,"position":0},"title":"Amazon Cortar\u00e1 Cerca de 14 Mil Cargos Corporativos","author":"ismaelcolosi.com.br","date":"28 de October de 2025","format":false,"excerpt":"\r \r \r \r Gigante da tecnologia diminui camadas operacionais para limitar custos em meio a investimentos crescentes em IA \r \r \r \r Brendan McDermid\/Reuters\r A Amazon tinha mais de 1,5 milh\u00e3o de funcion\u00e1rios em tempo integral e parcial no fim do ano passado\r Acessibilidade \r L\r L\r A-\r\u2026","rel":"","context":"In &quot;Carreira e Sucesso&quot;","block_context":{"text":"Carreira e Sucesso","link":"https:\/\/ismaelcolosi.com.br\/index.php\/category\/carreira-e-sucesso-dicas-para-carreira\/"},"img":{"alt_text":"","src":"https:\/\/i0.wp.com\/ismaelcolosi.com.br\/wp-content\/uploads\/2025\/10\/money_amazon_logo-1200x675.jpg?fit=1200%2C675&ssl=1&resize=350%2C200","width":350,"height":200,"srcset":"https:\/\/i0.wp.com\/ismaelcolosi.com.br\/wp-content\/uploads\/2025\/10\/money_amazon_logo-1200x675.jpg?fit=1200%2C675&ssl=1&resize=350%2C200 1x, https:\/\/i0.wp.com\/ismaelcolosi.com.br\/wp-content\/uploads\/2025\/10\/money_amazon_logo-1200x675.jpg?fit=1200%2C675&ssl=1&resize=525%2C300 1.5x, https:\/\/i0.wp.com\/ismaelcolosi.com.br\/wp-content\/uploads\/2025\/10\/money_amazon_logo-1200x675.jpg?fit=1200%2C675&ssl=1&resize=700%2C400 2x, https:\/\/i0.wp.com\/ismaelcolosi.com.br\/wp-content\/uploads\/2025\/10\/money_amazon_logo-1200x675.jpg?fit=1200%2C675&ssl=1&resize=1050%2C600 3x"},"classes":[]},{"id":32197,"url":"https:\/\/ismaelcolosi.com.br\/index.php\/2024\/01\/24\/ebay-cortara-mil-empregos-e-reduzira-contratos\/","url_meta":{"origin":37569,"position":1},"title":"eBay cortar\u00e1 mil empregos e reduzir\u00e1 contratos","author":"ismaelcolosi.com.br","date":"24 de January de 2024","format":false,"excerpt":"GettyImages\/ SOPA ImagesAl\u00e9m dos cortes de pessoal, a empresa tamb\u00e9m reduzir\u00e1 o n\u00famero de contratos em sua for\u00e7a de trabalho alternativa nos pr\u00f3ximos meses O eBay Inc cortar\u00e1 cerca de mil cargos, ou cerca de 9% de sua for\u00e7a de trabalho atual, informou a companhia de com\u00e9rcio eletr\u00f4nico na \u00faltima\u2026","rel":"","context":"In &quot;Carreira e Sucesso&quot;","block_context":{"text":"Carreira e Sucesso","link":"https:\/\/ismaelcolosi.com.br\/index.php\/category\/carreira-e-sucesso-dicas-para-carreira\/"},"img":{"alt_text":"","src":"https:\/\/i0.wp.com\/ismaelcolosi.com.br\/wp-content\/uploads\/2024\/01\/Money_eBay-Classificados-Onine_18junho2021_Getty-1024x683.jpg?fit=1024%2C683&ssl=1&resize=350%2C200","width":350,"height":200,"srcset":"https:\/\/i0.wp.com\/ismaelcolosi.com.br\/wp-content\/uploads\/2024\/01\/Money_eBay-Classificados-Onine_18junho2021_Getty-1024x683.jpg?fit=1024%2C683&ssl=1&resize=350%2C200 1x, https:\/\/i0.wp.com\/ismaelcolosi.com.br\/wp-content\/uploads\/2024\/01\/Money_eBay-Classificados-Onine_18junho2021_Getty-1024x683.jpg?fit=1024%2C683&ssl=1&resize=525%2C300 1.5x, https:\/\/i0.wp.com\/ismaelcolosi.com.br\/wp-content\/uploads\/2024\/01\/Money_eBay-Classificados-Onine_18junho2021_Getty-1024x683.jpg?fit=1024%2C683&ssl=1&resize=700%2C400 2x"},"classes":[]},{"id":34269,"url":"https:\/\/ismaelcolosi.com.br\/index.php\/2024\/02\/01\/deutsche-bank-cortara-3-500-empregos\/","url_meta":{"origin":37569,"position":2},"title":"Deutsche Bank cortar\u00e1 3.500 empregos","author":"ismaelcolosi.com.br","date":"1 de February de 2024","format":false,"excerpt":"O n\u00famero de redu\u00e7\u00e3o de pessoal equivale a pouco menos de 4% de sua for\u00e7a de trabalho global O Deutsche Bank anunciou nesta quinta-feira que cortar\u00e1 3.500 empregos, recomprar\u00e1 a\u00e7\u00f5es e pagar\u00e1 dividendos, na mais recente demonstra\u00e7\u00e3o aos investidores de que a recupera\u00e7\u00e3o de seu desempenho continua nos trilhos. \u00a0Siga\u2026","rel":"","context":"In &quot;Carreira e Sucesso&quot;","block_context":{"text":"Carreira e Sucesso","link":"https:\/\/ismaelcolosi.com.br\/index.php\/category\/carreira-e-sucesso-dicas-para-carreira\/"},"img":{"alt_text":"","src":"https:\/\/i0.wp.com\/ismaelcolosi.com.br\/wp-content\/uploads\/2024\/02\/Deutsche-BankiStock-520263281-1-1024x678.jpg?fit=1024%2C678&ssl=1&resize=350%2C200","width":350,"height":200,"srcset":"https:\/\/i0.wp.com\/ismaelcolosi.com.br\/wp-content\/uploads\/2024\/02\/Deutsche-BankiStock-520263281-1-1024x678.jpg?fit=1024%2C678&ssl=1&resize=350%2C200 1x, https:\/\/i0.wp.com\/ismaelcolosi.com.br\/wp-content\/uploads\/2024\/02\/Deutsche-BankiStock-520263281-1-1024x678.jpg?fit=1024%2C678&ssl=1&resize=525%2C300 1.5x, https:\/\/i0.wp.com\/ismaelcolosi.com.br\/wp-content\/uploads\/2024\/02\/Deutsche-BankiStock-520263281-1-1024x678.jpg?fit=1024%2C678&ssl=1&resize=700%2C400 2x"},"classes":[]},{"id":87284,"url":"https:\/\/ismaelcolosi.com.br\/index.php\/2025\/08\/29\/nike-vai-cortar-empregos-corporativos-em-meio-a-esforco-de-reestruturacao\/","url_meta":{"origin":37569,"position":3},"title":"Nike Vai Cortar Empregos Corporativos em Meio a Esfor\u00e7o de Reestrutura\u00e7\u00e3o","author":"ismaelcolosi.com.br","date":"29 de August de 2025","format":false,"excerpt":"\r Floren\u00e7a Lo\/Reuters\r At\u00e9 31 de maio, a Nike contava com cerca de 77.800 funcion\u00e1rios em todo o mundo, incluindo trabalhadores de varejo e de meio per\u00edodo\r Acessibilidade \r L\r L\r A-\r A+\r \r \u25d0\r \r A Nike anunciou na quinta-feira (28) que planeja reduzir menos de 1% de sua\u2026","rel":"","context":"In &quot;Carreira e Sucesso&quot;","block_context":{"text":"Carreira e Sucesso","link":"https:\/\/ismaelcolosi.com.br\/index.php\/category\/carreira-e-sucesso-dicas-para-carreira\/"},"img":{"alt_text":"","src":"https:\/\/i0.wp.com\/ismaelcolosi.com.br\/wp-content\/uploads\/2025\/08\/Carreira_Nike-1200x675.jpg?fit=1200%2C675&ssl=1&resize=350%2C200","width":350,"height":200,"srcset":"https:\/\/i0.wp.com\/ismaelcolosi.com.br\/wp-content\/uploads\/2025\/08\/Carreira_Nike-1200x675.jpg?fit=1200%2C675&ssl=1&resize=350%2C200 1x, https:\/\/i0.wp.com\/ismaelcolosi.com.br\/wp-content\/uploads\/2025\/08\/Carreira_Nike-1200x675.jpg?fit=1200%2C675&ssl=1&resize=525%2C300 1.5x, https:\/\/i0.wp.com\/ismaelcolosi.com.br\/wp-content\/uploads\/2025\/08\/Carreira_Nike-1200x675.jpg?fit=1200%2C675&ssl=1&resize=700%2C400 2x, https:\/\/i0.wp.com\/ismaelcolosi.com.br\/wp-content\/uploads\/2025\/08\/Carreira_Nike-1200x675.jpg?fit=1200%2C675&ssl=1&resize=1050%2C600 3x"},"classes":[]},{"id":84646,"url":"https:\/\/ismaelcolosi.com.br\/index.php\/2025\/04\/18\/volvo-cortara-ate-800-postos-de-trabalho-nos-eua-por-impacto-de-tarifas-de-trump\/","url_meta":{"origin":37569,"position":4},"title":"Volvo Cortar\u00e1 at\u00e9 800 Postos de Trabalho nos EUA por Impacto de Tarifas de Trump","author":"ismaelcolosi.com.br","date":"18 de April de 2025","format":false,"excerpt":"\r \r \r \r Cortes na montadora refletem impacto das tarifas sobre pe\u00e7as automotivas, que elevam os custos de produ\u00e7\u00e3o no setor \r \r \r \r REUTERS\/Andrew Kelly\r Empresa, subsidi\u00e1ria da sueca AB Volvo, emprega cerca de 20 mil pessoas na Am\u00e9rica do Norte, segundo dados do site oficial\r Acessibilidade\u2026","rel":"","context":"In &quot;Carreira e Sucesso&quot;","block_context":{"text":"Carreira e Sucesso","link":"https:\/\/ismaelcolosi.com.br\/index.php\/category\/carreira-e-sucesso-dicas-para-carreira\/"},"img":{"alt_text":"","src":"https:\/\/i0.wp.com\/ismaelcolosi.com.br\/wp-content\/uploads\/2025\/04\/2025-04-18T192801Z_1_LYNXMPEL3H0HE_RTROPTP_4_AUTOS-VOLVO-DEMITEEUA-TARIFAS-1200x675.jpg?fit=1200%2C675&ssl=1&resize=350%2C200","width":350,"height":200,"srcset":"https:\/\/i0.wp.com\/ismaelcolosi.com.br\/wp-content\/uploads\/2025\/04\/2025-04-18T192801Z_1_LYNXMPEL3H0HE_RTROPTP_4_AUTOS-VOLVO-DEMITEEUA-TARIFAS-1200x675.jpg?fit=1200%2C675&ssl=1&resize=350%2C200 1x, https:\/\/i0.wp.com\/ismaelcolosi.com.br\/wp-content\/uploads\/2025\/04\/2025-04-18T192801Z_1_LYNXMPEL3H0HE_RTROPTP_4_AUTOS-VOLVO-DEMITEEUA-TARIFAS-1200x675.jpg?fit=1200%2C675&ssl=1&resize=525%2C300 1.5x, https:\/\/i0.wp.com\/ismaelcolosi.com.br\/wp-content\/uploads\/2025\/04\/2025-04-18T192801Z_1_LYNXMPEL3H0HE_RTROPTP_4_AUTOS-VOLVO-DEMITEEUA-TARIFAS-1200x675.jpg?fit=1200%2C675&ssl=1&resize=700%2C400 2x, https:\/\/i0.wp.com\/ismaelcolosi.com.br\/wp-content\/uploads\/2025\/04\/2025-04-18T192801Z_1_LYNXMPEL3H0HE_RTROPTP_4_AUTOS-VOLVO-DEMITEEUA-TARIFAS-1200x675.jpg?fit=1200%2C675&ssl=1&resize=1050%2C600 3x"},"classes":[]},{"id":86450,"url":"https:\/\/ismaelcolosi.com.br\/index.php\/2025\/07\/02\/microsoft-demite-4-dos-funcionarios-enquanto-aposta-alto-em-ia\/","url_meta":{"origin":37569,"position":5},"title":"Microsoft Demite 4% dos Funcion\u00e1rios Enquanto Aposta Alto em IA","author":"ismaelcolosi.com.br","date":"2 de July de 2025","format":false,"excerpt":"\r Reuters\r Microsoft pretende reduzir camadas organizacionais, com menos gerentes\r Acessibilidade \r L\r L\r A-\r A+\r \r \u25d0\r \r \u00a0 A Microsoft anunciou nesta quarta-feira (2) que demitir\u00e1 quase 4% de seus funcion\u00e1rios, no mais recente corte de empregos enquanto a gigante da tecnologia busca conter custos em meio a\u2026","rel":"","context":"In &quot;Carreira e Sucesso&quot;","block_context":{"text":"Carreira e Sucesso","link":"https:\/\/ismaelcolosi.com.br\/index.php\/category\/carreira-e-sucesso-dicas-para-carreira\/"},"img":{"alt_text":"","src":"https:\/\/i0.wp.com\/ismaelcolosi.com.br\/wp-content\/uploads\/2025\/07\/tech-microsoft-fachada-1200x675.jpg?fit=1200%2C675&ssl=1&resize=350%2C200","width":350,"height":200,"srcset":"https:\/\/i0.wp.com\/ismaelcolosi.com.br\/wp-content\/uploads\/2025\/07\/tech-microsoft-fachada-1200x675.jpg?fit=1200%2C675&ssl=1&resize=350%2C200 1x, https:\/\/i0.wp.com\/ismaelcolosi.com.br\/wp-content\/uploads\/2025\/07\/tech-microsoft-fachada-1200x675.jpg?fit=1200%2C675&ssl=1&resize=525%2C300 1.5x, https:\/\/i0.wp.com\/ismaelcolosi.com.br\/wp-content\/uploads\/2025\/07\/tech-microsoft-fachada-1200x675.jpg?fit=1200%2C675&ssl=1&resize=700%2C400 2x, https:\/\/i0.wp.com\/ismaelcolosi.com.br\/wp-content\/uploads\/2025\/07\/tech-microsoft-fachada-1200x675.jpg?fit=1200%2C675&ssl=1&resize=1050%2C600 3x"},"classes":[]}],"jetpack_sharing_enabled":true,"jetpack_shortlink":"https:\/\/wp.me\/pfMlyK-9LX","_links":{"self":[{"href":"https:\/\/ismaelcolosi.com.br\/index.php\/wp-json\/wp\/v2\/posts\/37569","targetHints":{"allow":["GET"]}}],"collection":[{"href":"https:\/\/ismaelcolosi.com.br\/index.php\/wp-json\/wp\/v2\/posts"}],"about":[{"href":"https:\/\/ismaelcolosi.com.br\/index.php\/wp-json\/wp\/v2\/types\/post"}],"author":[{"embeddable":true,"href":"https:\/\/ismaelcolosi.com.br\/index.php\/wp-json\/wp\/v2\/users\/1"}],"replies":[{"embeddable":true,"href":"https:\/\/ismaelcolosi.com.br\/index.php\/wp-json\/wp\/v2\/comments?post=37569"}],"version-history":[{"count":0,"href":"https:\/\/ismaelcolosi.com.br\/index.php\/wp-json\/wp\/v2\/posts\/37569\/revisions"}],"wp:featuredmedia":[{"embeddable":true,"href":"https:\/\/ismaelcolosi.com.br\/index.php\/wp-json\/wp\/v2\/media\/37570"}],"wp:attachment":[{"href":"https:\/\/ismaelcolosi.com.br\/index.php\/wp-json\/wp\/v2\/media?parent=37569"}],"wp:term":[{"taxonomy":"category","embeddable":true,"href":"https:\/\/ismaelcolosi.com.br\/index.php\/wp-json\/wp\/v2\/categories?post=37569"},{"taxonomy":"post_tag","embeddable":true,"href":"https:\/\/ismaelcolosi.com.br\/index.php\/wp-json\/wp\/v2\/tags?post=37569"}],"curies":[{"name":"wp","href":"https:\/\/api.w.org\/{rel}","templated":true}]}}