{"id":37565,"date":"2024-02-16T19:13:00","date_gmt":"2024-02-16T22:13:00","guid":{"rendered":"https:\/\/ismaelcolosi.com.br\/index.php\/2024\/02\/16\/8-vagas-em-ribeirao-preto-sp\/"},"modified":"2024-02-16T19:13:00","modified_gmt":"2024-02-16T22:13:00","slug":"8-vagas-em-ribeirao-preto-sp","status":"publish","type":"post","link":"https:\/\/ismaelcolosi.com.br\/index.php\/2024\/02\/16\/8-vagas-em-ribeirao-preto-sp\/","title":{"rendered":"8 vagas em Ribeir\u00e3o Preto\/SP"},"content":{"rendered":"<div data-reactid=\".2awpjr9h7iw.2.0.2.0\"><noscript data-reactid=\".2awpjr9h7iw.2.0.2.0.0\"><\/noscript><\/p>\n<div id=\"job-alert-box\" class=\"section-group\" data-reactid=\".2awpjr9h7iw.2.0.2.0.1\"><noscript data-reactid=\".2awpjr9h7iw.2.0.2.0.1.0\"><\/noscript><\/div>\n<div class=\"spaced-bottom-sm\" data-reactid=\".2awpjr9h7iw.2.0.2.0.2\">\n<h1 style=\"font-size:1rem;\" data-reactid=\".2awpjr9h7iw.2.0.2.0.2.0\">8 vagas em Ribeir\u00e3o Preto\/SP<\/h1>\n<\/div>\n<div class=\"card-clickable\" data-reactid=\".2awpjr9h7iw.2.0.2.0.3:$job--NjSWyWUsuW5IL7Vt2y0\">\n<div data-reactid=\".2awpjr9h7iw.2.0.2.0.3:$job--NjSWyWUsuW5IL7Vt2y0.0\">\n<h2 class=\"job-card-title\" data-reactid=\".2awpjr9h7iw.2.0.2.0.3:$job--NjSWyWUsuW5IL7Vt2y0.0.0\"><a href=\"https:\/\/www.recrutasimples.com.br\/vaga\/comprador-tecnico\/ribeirao-preto-sp\/-NjSWyWUsuW5IL7Vt2y0\" data-reactid=\".2awpjr9h7iw.2.0.2.0.3:$job--NjSWyWUsuW5IL7Vt2y0.0.0.0\">COMPRADOR TECNICO<\/a><\/h2>\n<\/div>\n<div class=\"job-card-info\" data-reactid=\".2awpjr9h7iw.2.0.2.0.3:$job--NjSWyWUsuW5IL7Vt2y0.1\"><a href=\"https:\/\/www.recrutasimples.com.br\/vagas\/ribeirao-preto-sp\" data-reactid=\".2awpjr9h7iw.2.0.2.0.3:$job--NjSWyWUsuW5IL7Vt2y0.1.1\"><span data-reactid=\".2awpjr9h7iw.2.0.2.0.3:$job--NjSWyWUsuW5IL7Vt2y0.1.1.0\"><i class=\"zmdi zmdi-pin\" data-reactid=\".2awpjr9h7iw.2.0.2.0.3:$job--NjSWyWUsuW5IL7Vt2y0.1.1.0.0\"><\/i><span class=\"spaced-left-sm\" data-reactid=\".2awpjr9h7iw.2.0.2.0.3:$job--NjSWyWUsuW5IL7Vt2y0.1.1.0.1\">Ribeir\u00e3o Preto, SP<\/span><\/span><\/a><\/div>\n<div class=\"job-card-details\" data-reactid=\".2awpjr9h7iw.2.0.2.0.3:$job--NjSWyWUsuW5IL7Vt2y0.2\">\n<div data-reactid=\".2awpjr9h7iw.2.0.2.0.3:$job--NjSWyWUsuW5IL7Vt2y0.2.0\"><span class=\"secondary-label\" data-reactid=\".2awpjr9h7iw.2.0.2.0.3:$job--NjSWyWUsuW5IL7Vt2y0.2.0.0\">Sal\u00e1rio<\/span><span class=\"spaced-left-sm\" data-reactid=\".2awpjr9h7iw.2.0.2.0.3:$job--NjSWyWUsuW5IL7Vt2y0.2.0.1\">A combinar<\/span><\/div>\n<div data-reactid=\".2awpjr9h7iw.2.0.2.0.3:$job--NjSWyWUsuW5IL7Vt2y0.2.2\"><span class=\"secondary-label\" data-reactid=\".2awpjr9h7iw.2.0.2.0.3:$job--NjSWyWUsuW5IL7Vt2y0.2.2.0\">Contrato<\/span><span class=\"spaced-left-sm\" data-reactid=\".2awpjr9h7iw.2.0.2.0.3:$job--NjSWyWUsuW5IL7Vt2y0.2.2.1\">CLT (Efetivo)<\/span><\/div>\n<\/div>\n<div class=\"secondary-label spaced-top-sm\" data-reactid=\".2awpjr9h7iw.2.0.2.0.3:$job--NjSWyWUsuW5IL7Vt2y0.3\">COMPRAS TECNICAS PARA INDUSTRIA DE FABRICACAO DE EQUIPAMENTOS<br \/>\nFOLLOW UP EM FORNECEDORES<br \/>\nDESENVOLVIMENTOS DE NOVOS FORNECEDORES<\/div>\n<\/div>\n<div class=\"card-clickable\" data-reactid=\".2awpjr9h7iw.2.0.2.0.3:$job--NVF2JNWo16zHUXI8a2q\">\n<div data-reactid=\".2awpjr9h7iw.2.0.2.0.3:$job--NVF2JNWo16zHUXI8a2q.0\">\n<h2 class=\"job-card-title\" data-reactid=\".2awpjr9h7iw.2.0.2.0.3:$job--NVF2JNWo16zHUXI8a2q.0.0\"><a href=\"https:\/\/www.recrutasimples.com.br\/vaga\/tecnico-em-eletrica\/ribeirao-preto-sp\/-NVF2JNWo16zHUXI8a2q\" data-reactid=\".2awpjr9h7iw.2.0.2.0.3:$job--NVF2JNWo16zHUXI8a2q.0.0.0\">T\u00e9cnico em El\u00e9trica<\/a><\/h2>\n<\/div>\n<div class=\"job-card-info\" data-reactid=\".2awpjr9h7iw.2.0.2.0.3:$job--NVF2JNWo16zHUXI8a2q.1\"><a href=\"https:\/\/www.recrutasimples.com.br\/vagas\/ribeirao-preto-sp\" data-reactid=\".2awpjr9h7iw.2.0.2.0.3:$job--NVF2JNWo16zHUXI8a2q.1.1\"><span data-reactid=\".2awpjr9h7iw.2.0.2.0.3:$job--NVF2JNWo16zHUXI8a2q.1.1.0\"><i class=\"zmdi zmdi-pin\" data-reactid=\".2awpjr9h7iw.2.0.2.0.3:$job--NVF2JNWo16zHUXI8a2q.1.1.0.0\"><\/i><span class=\"spaced-left-sm\" data-reactid=\".2awpjr9h7iw.2.0.2.0.3:$job--NVF2JNWo16zHUXI8a2q.1.1.0.1\">Ribeir\u00e3o Preto, SP<\/span><\/span><\/a><\/div>\n<div class=\"job-card-details\" data-reactid=\".2awpjr9h7iw.2.0.2.0.3:$job--NVF2JNWo16zHUXI8a2q.2\">\n<div data-reactid=\".2awpjr9h7iw.2.0.2.0.3:$job--NVF2JNWo16zHUXI8a2q.2.0\"><span class=\"secondary-label\" data-reactid=\".2awpjr9h7iw.2.0.2.0.3:$job--NVF2JNWo16zHUXI8a2q.2.0.0\">Sal\u00e1rio<\/span><span class=\"spaced-left-sm\" data-reactid=\".2awpjr9h7iw.2.0.2.0.3:$job--NVF2JNWo16zHUXI8a2q.2.0.1\">A combinar<\/span><\/div>\n<div data-reactid=\".2awpjr9h7iw.2.0.2.0.3:$job--NVF2JNWo16zHUXI8a2q.2.2\"><span class=\"secondary-label\" data-reactid=\".2awpjr9h7iw.2.0.2.0.3:$job--NVF2JNWo16zHUXI8a2q.2.2.0\">Contrato<\/span><span class=\"spaced-left-sm\" data-reactid=\".2awpjr9h7iw.2.0.2.0.3:$job--NVF2JNWo16zHUXI8a2q.2.2.1\">CLT (Efetivo)<\/span><\/div>\n<\/div>\n<div class=\"secondary-label spaced-top-sm\" data-reactid=\".2awpjr9h7iw.2.0.2.0.3:$job--NVF2JNWo16zHUXI8a2q.3\"># Tecnico eletrica<br \/>\n# montar paineis<br \/>\n# clp<br \/>\n#comandos eletricos<\/div>\n<\/div>\n<div class=\"card-clickable\" data-reactid=\".2awpjr9h7iw.2.0.2.0.3:$job--NhmQhrY5m0j7Fe1wC-h\">\n<div data-reactid=\".2awpjr9h7iw.2.0.2.0.3:$job--NhmQhrY5m0j7Fe1wC-h.0\">\n<h2 class=\"job-card-title\" data-reactid=\".2awpjr9h7iw.2.0.2.0.3:$job--NhmQhrY5m0j7Fe1wC-h.0.0\"><a href=\"https:\/\/www.recrutasimples.com.br\/vaga\/supervisor-de-caldeiraria\/ribeirao-preto-sp\/-NhmQhrY5m0j7Fe1wC-h\" data-reactid=\".2awpjr9h7iw.2.0.2.0.3:$job--NhmQhrY5m0j7Fe1wC-h.0.0.0\">Supervisor de Caldeiraria<\/a><\/h2>\n<\/div>\n<div class=\"job-card-info\" data-reactid=\".2awpjr9h7iw.2.0.2.0.3:$job--NhmQhrY5m0j7Fe1wC-h.1\"><a href=\"https:\/\/www.recrutasimples.com.br\/vagas\/ribeirao-preto-sp\" data-reactid=\".2awpjr9h7iw.2.0.2.0.3:$job--NhmQhrY5m0j7Fe1wC-h.1.1\"><span data-reactid=\".2awpjr9h7iw.2.0.2.0.3:$job--NhmQhrY5m0j7Fe1wC-h.1.1.0\"><i class=\"zmdi zmdi-pin\" data-reactid=\".2awpjr9h7iw.2.0.2.0.3:$job--NhmQhrY5m0j7Fe1wC-h.1.1.0.0\"><\/i><span class=\"spaced-left-sm\" data-reactid=\".2awpjr9h7iw.2.0.2.0.3:$job--NhmQhrY5m0j7Fe1wC-h.1.1.0.1\">Ribeir\u00e3o Preto, SP<\/span><\/span><\/a><\/div>\n<div class=\"job-card-details\" data-reactid=\".2awpjr9h7iw.2.0.2.0.3:$job--NhmQhrY5m0j7Fe1wC-h.2\">\n<div data-reactid=\".2awpjr9h7iw.2.0.2.0.3:$job--NhmQhrY5m0j7Fe1wC-h.2.0\"><span class=\"secondary-label\" data-reactid=\".2awpjr9h7iw.2.0.2.0.3:$job--NhmQhrY5m0j7Fe1wC-h.2.0.0\">Sal\u00e1rio<\/span><span class=\"spaced-left-sm\" data-reactid=\".2awpjr9h7iw.2.0.2.0.3:$job--NhmQhrY5m0j7Fe1wC-h.2.0.1\">A combinar<\/span><\/div>\n<div data-reactid=\".2awpjr9h7iw.2.0.2.0.3:$job--NhmQhrY5m0j7Fe1wC-h.2.2\"><span class=\"secondary-label\" data-reactid=\".2awpjr9h7iw.2.0.2.0.3:$job--NhmQhrY5m0j7Fe1wC-h.2.2.0\">Contrato<\/span><span class=\"spaced-left-sm\" data-reactid=\".2awpjr9h7iw.2.0.2.0.3:$job--NhmQhrY5m0j7Fe1wC-h.2.2.1\">CLT (Efetivo)<\/span><\/div>\n<\/div>\n<div class=\"secondary-label spaced-top-sm\" data-reactid=\".2awpjr9h7iw.2.0.2.0.3:$job--NhmQhrY5m0j7Fe1wC-h.3\">Estamos em busca de um Supervisor de Caldeira altamente qualificado e motivado para liderar<\/p>\n<p>Responsabilidades:<\/p>\n<p>Liderar e supervisionar a equipe de caldeiraria, distribuindo tarefas e garantindo o cumprimento dos prazos de produ\u00e7\u00e3o.<br \/>\nCertifique-se de que todos os procedimentos de seguran\u00e7a sejam rigorosamente seguidos.<br \/>\nCoordenar e melhorar os processos de fabrica\u00e7\u00e3o e manuten\u00e7\u00e3o de equipamentos, garantindo a qualidade do trabalho.<br \/>\nTreinar e desenvolver uma equipe, identificando necessidades de c &#8230;<\/p><\/div>\n<\/div>\n<div class=\"card-clickable\" data-reactid=\".2awpjr9h7iw.2.0.2.0.3:$job--NoWb8cKe8S0fYj9BsYa\">\n<div data-reactid=\".2awpjr9h7iw.2.0.2.0.3:$job--NoWb8cKe8S0fYj9BsYa.0\">\n<h2 class=\"job-card-title\" data-reactid=\".2awpjr9h7iw.2.0.2.0.3:$job--NoWb8cKe8S0fYj9BsYa.0.0\"><a href=\"https:\/\/www.recrutasimples.com.br\/vaga\/analista-suprimentos\/ribeirao-preto-sp\/-NoWb8cKe8S0fYj9BsYa\" data-reactid=\".2awpjr9h7iw.2.0.2.0.3:$job--NoWb8cKe8S0fYj9BsYa.0.0.0\">analista suprimentos<\/a><\/h2>\n<\/div>\n<div class=\"job-card-info\" data-reactid=\".2awpjr9h7iw.2.0.2.0.3:$job--NoWb8cKe8S0fYj9BsYa.1\"><a href=\"https:\/\/www.recrutasimples.com.br\/vagas\/ribeirao-preto-sp\" data-reactid=\".2awpjr9h7iw.2.0.2.0.3:$job--NoWb8cKe8S0fYj9BsYa.1.1\"><span data-reactid=\".2awpjr9h7iw.2.0.2.0.3:$job--NoWb8cKe8S0fYj9BsYa.1.1.0\"><i class=\"zmdi zmdi-pin\" data-reactid=\".2awpjr9h7iw.2.0.2.0.3:$job--NoWb8cKe8S0fYj9BsYa.1.1.0.0\"><\/i><span class=\"spaced-left-sm\" data-reactid=\".2awpjr9h7iw.2.0.2.0.3:$job--NoWb8cKe8S0fYj9BsYa.1.1.0.1\">Ribeir\u00e3o Preto, SP<\/span><\/span><\/a><\/div>\n<div class=\"job-card-details\" data-reactid=\".2awpjr9h7iw.2.0.2.0.3:$job--NoWb8cKe8S0fYj9BsYa.2\">\n<div data-reactid=\".2awpjr9h7iw.2.0.2.0.3:$job--NoWb8cKe8S0fYj9BsYa.2.0\"><span class=\"secondary-label\" data-reactid=\".2awpjr9h7iw.2.0.2.0.3:$job--NoWb8cKe8S0fYj9BsYa.2.0.0\">Sal\u00e1rio<\/span><span class=\"spaced-left-sm\" data-reactid=\".2awpjr9h7iw.2.0.2.0.3:$job--NoWb8cKe8S0fYj9BsYa.2.0.1\">A combinar<\/span><\/div>\n<div data-reactid=\".2awpjr9h7iw.2.0.2.0.3:$job--NoWb8cKe8S0fYj9BsYa.2.1\"><span class=\"secondary-label\" data-reactid=\".2awpjr9h7iw.2.0.2.0.3:$job--NoWb8cKe8S0fYj9BsYa.2.1.0\">Benef\u00edcios<\/span><span class=\"spaced-left-sm\" data-reactid=\".2awpjr9h7iw.2.0.2.0.3:$job--NoWb8cKe8S0fYj9BsYa.2.1.1\">Vale Transporte<\/span><\/div>\n<div data-reactid=\".2awpjr9h7iw.2.0.2.0.3:$job--NoWb8cKe8S0fYj9BsYa.2.2\"><span class=\"secondary-label\" data-reactid=\".2awpjr9h7iw.2.0.2.0.3:$job--NoWb8cKe8S0fYj9BsYa.2.2.0\">Contrato<\/span><span class=\"spaced-left-sm\" data-reactid=\".2awpjr9h7iw.2.0.2.0.3:$job--NoWb8cKe8S0fYj9BsYa.2.2.1\">CLT (Efetivo)<\/span><\/div>\n<\/div>\n<div class=\"secondary-label spaced-top-sm\" data-reactid=\".2awpjr9h7iw.2.0.2.0.3:$job--NoWb8cKe8S0fYj9BsYa.3\">COMPRA DE MATERIA PRIMAS<br \/>\nCOMPRA DE INSUMOS<br \/>\nANALISE REELATORIOS JUNTO A DIRETORIA<\/div>\n<\/div>\n<div class=\"card-clickable\" data-reactid=\".2awpjr9h7iw.2.0.2.0.3:$job--NqXYYARb9_X9g3q8KAY\">\n<div data-reactid=\".2awpjr9h7iw.2.0.2.0.3:$job--NqXYYARb9_X9g3q8KAY.0\">\n<h2 class=\"job-card-title\" data-reactid=\".2awpjr9h7iw.2.0.2.0.3:$job--NqXYYARb9_X9g3q8KAY.0.0\"><a href=\"https:\/\/www.recrutasimples.com.br\/vaga\/mecanico-de-manutencao\/ribeirao-preto-sp\/-NqXYYARb9_X9g3q8KAY\" data-reactid=\".2awpjr9h7iw.2.0.2.0.3:$job--NqXYYARb9_X9g3q8KAY.0.0.0\">MECANICO DE MANUTENCAO<\/a><\/h2>\n<\/div>\n<div class=\"job-card-info\" data-reactid=\".2awpjr9h7iw.2.0.2.0.3:$job--NqXYYARb9_X9g3q8KAY.1\"><a href=\"https:\/\/www.recrutasimples.com.br\/vagas\/ribeirao-preto-sp\" data-reactid=\".2awpjr9h7iw.2.0.2.0.3:$job--NqXYYARb9_X9g3q8KAY.1.1\"><span data-reactid=\".2awpjr9h7iw.2.0.2.0.3:$job--NqXYYARb9_X9g3q8KAY.1.1.0\"><i class=\"zmdi zmdi-pin\" data-reactid=\".2awpjr9h7iw.2.0.2.0.3:$job--NqXYYARb9_X9g3q8KAY.1.1.0.0\"><\/i><span class=\"spaced-left-sm\" data-reactid=\".2awpjr9h7iw.2.0.2.0.3:$job--NqXYYARb9_X9g3q8KAY.1.1.0.1\">Ribeir\u00e3o Preto, SP<\/span><\/span><\/a><\/div>\n<div class=\"job-card-details\" data-reactid=\".2awpjr9h7iw.2.0.2.0.3:$job--NqXYYARb9_X9g3q8KAY.2\">\n<div data-reactid=\".2awpjr9h7iw.2.0.2.0.3:$job--NqXYYARb9_X9g3q8KAY.2.0\"><span class=\"secondary-label\" data-reactid=\".2awpjr9h7iw.2.0.2.0.3:$job--NqXYYARb9_X9g3q8KAY.2.0.0\">Sal\u00e1rio<\/span><span class=\"spaced-left-sm\" data-reactid=\".2awpjr9h7iw.2.0.2.0.3:$job--NqXYYARb9_X9g3q8KAY.2.0.1\">A combinar<\/span><\/div>\n<div data-reactid=\".2awpjr9h7iw.2.0.2.0.3:$job--NqXYYARb9_X9g3q8KAY.2.1\"><span class=\"secondary-label\" data-reactid=\".2awpjr9h7iw.2.0.2.0.3:$job--NqXYYARb9_X9g3q8KAY.2.1.0\">Benef\u00edcios<\/span><span class=\"spaced-left-sm\" data-reactid=\".2awpjr9h7iw.2.0.2.0.3:$job--NqXYYARb9_X9g3q8KAY.2.1.1\">Vale Transporte, Vale Refei\u00e7\u00e3o<\/span><\/div>\n<div data-reactid=\".2awpjr9h7iw.2.0.2.0.3:$job--NqXYYARb9_X9g3q8KAY.2.2\"><span class=\"secondary-label\" data-reactid=\".2awpjr9h7iw.2.0.2.0.3:$job--NqXYYARb9_X9g3q8KAY.2.2.0\">Contrato<\/span><span class=\"spaced-left-sm\" data-reactid=\".2awpjr9h7iw.2.0.2.0.3:$job--NqXYYARb9_X9g3q8KAY.2.2.1\">CLT (Efetivo)<\/span><\/div>\n<\/div>\n<div class=\"secondary-label spaced-top-sm\" data-reactid=\".2awpjr9h7iw.2.0.2.0.3:$job--NqXYYARb9_X9g3q8KAY.3\">MONTAGEM MECANICA<br \/>\nASSISTENCIA TECNICA<br \/>\nMONTAGEM  TECNICA<\/div>\n<\/div>\n<div class=\"card-clickable\" data-reactid=\".2awpjr9h7iw.2.0.2.0.3:$job--NqcJPOpR-M0eOzTYTd-\">\n<div data-reactid=\".2awpjr9h7iw.2.0.2.0.3:$job--NqcJPOpR-M0eOzTYTd-.0\">\n<h2 class=\"job-card-title\" data-reactid=\".2awpjr9h7iw.2.0.2.0.3:$job--NqcJPOpR-M0eOzTYTd-.0.0\"><a href=\"https:\/\/www.recrutasimples.com.br\/vaga\/analista-fiscal-senior\/ribeirao-preto-sp\/-NqcJPOpR-M0eOzTYTd-\" data-reactid=\".2awpjr9h7iw.2.0.2.0.3:$job--NqcJPOpR-M0eOzTYTd-.0.0.0\">Analista Fiscal S\u00eanior<\/a><\/h2>\n<\/div>\n<div class=\"job-card-info\" data-reactid=\".2awpjr9h7iw.2.0.2.0.3:$job--NqcJPOpR-M0eOzTYTd-.1\"><a href=\"https:\/\/www.recrutasimples.com.br\/vagas\/ribeirao-preto-sp\" data-reactid=\".2awpjr9h7iw.2.0.2.0.3:$job--NqcJPOpR-M0eOzTYTd-.1.1\"><span data-reactid=\".2awpjr9h7iw.2.0.2.0.3:$job--NqcJPOpR-M0eOzTYTd-.1.1.0\"><i class=\"zmdi zmdi-pin\" data-reactid=\".2awpjr9h7iw.2.0.2.0.3:$job--NqcJPOpR-M0eOzTYTd-.1.1.0.0\"><\/i><span class=\"spaced-left-sm\" data-reactid=\".2awpjr9h7iw.2.0.2.0.3:$job--NqcJPOpR-M0eOzTYTd-.1.1.0.1\">Ribeir\u00e3o Preto, SP<\/span><\/span><\/a><\/div>\n<div class=\"job-card-details\" data-reactid=\".2awpjr9h7iw.2.0.2.0.3:$job--NqcJPOpR-M0eOzTYTd-.2\">\n<div data-reactid=\".2awpjr9h7iw.2.0.2.0.3:$job--NqcJPOpR-M0eOzTYTd-.2.0\"><span class=\"secondary-label\" data-reactid=\".2awpjr9h7iw.2.0.2.0.3:$job--NqcJPOpR-M0eOzTYTd-.2.0.0\">Sal\u00e1rio<\/span><span class=\"spaced-left-sm\" data-reactid=\".2awpjr9h7iw.2.0.2.0.3:$job--NqcJPOpR-M0eOzTYTd-.2.0.1\">A combinar<\/span><\/div>\n<div data-reactid=\".2awpjr9h7iw.2.0.2.0.3:$job--NqcJPOpR-M0eOzTYTd-.2.1\"><span class=\"secondary-label\" data-reactid=\".2awpjr9h7iw.2.0.2.0.3:$job--NqcJPOpR-M0eOzTYTd-.2.1.0\">Benef\u00edcios<\/span><span class=\"spaced-left-sm\" data-reactid=\".2awpjr9h7iw.2.0.2.0.3:$job--NqcJPOpR-M0eOzTYTd-.2.1.1\">Vale Transporte, Vale Refei\u00e7\u00e3o, Vale Alimenta\u00e7\u00e3o, Assist\u00eancia M\u00e9dica, Assist\u00eancia Odontol\u00f3gica, Seguro de Vida<\/span><\/div>\n<div data-reactid=\".2awpjr9h7iw.2.0.2.0.3:$job--NqcJPOpR-M0eOzTYTd-.2.2\"><span class=\"secondary-label\" data-reactid=\".2awpjr9h7iw.2.0.2.0.3:$job--NqcJPOpR-M0eOzTYTd-.2.2.0\">Contrato<\/span><span class=\"spaced-left-sm\" data-reactid=\".2awpjr9h7iw.2.0.2.0.3:$job--NqcJPOpR-M0eOzTYTd-.2.2.1\">CLT (Efetivo)<\/span><\/div>\n<\/div>\n<div class=\"secondary-label spaced-top-sm\" data-reactid=\".2awpjr9h7iw.2.0.2.0.3:$job--NqcJPOpR-M0eOzTYTd-.3\">&#8211; Atuar em processos de rotinas fiscais e confer\u00eancia de notas fiscais de de entrada e de sa\u00edda.<br \/>\n&#8211; Realizar o c\u00e1lculo de apura\u00e7\u00e3o e recolhimento de impostos diretos e indiretos<br \/>\n&#8211; Respons\u00e1vel pela entrega das obriga\u00e7\u00f5es acess\u00f3rias<br \/>\n&#8211; Fazer a escritura\u00e7\u00e3o fiscal e reten\u00e7\u00f5es na fonte<\/div>\n<\/div>\n<div class=\"card-clickable\" data-reactid=\".2awpjr9h7iw.2.0.2.0.3:$job--Npzd2Wfxan4XGWvloQG\">\n<div data-reactid=\".2awpjr9h7iw.2.0.2.0.3:$job--Npzd2Wfxan4XGWvloQG.0\">\n<h2 class=\"job-card-title\" data-reactid=\".2awpjr9h7iw.2.0.2.0.3:$job--Npzd2Wfxan4XGWvloQG.0.0\"><a href=\"https:\/\/www.recrutasimples.com.br\/vaga\/gerente-de-frotas\/ribeirao-preto-sp\/-Npzd2Wfxan4XGWvloQG\" data-reactid=\".2awpjr9h7iw.2.0.2.0.3:$job--Npzd2Wfxan4XGWvloQG.0.0.0\">Gerente de Frotas<\/a><\/h2>\n<\/div>\n<div class=\"job-card-info\" data-reactid=\".2awpjr9h7iw.2.0.2.0.3:$job--Npzd2Wfxan4XGWvloQG.1\"><a href=\"https:\/\/www.recrutasimples.com.br\/vagas\/ribeirao-preto-sp\" data-reactid=\".2awpjr9h7iw.2.0.2.0.3:$job--Npzd2Wfxan4XGWvloQG.1.1\"><span data-reactid=\".2awpjr9h7iw.2.0.2.0.3:$job--Npzd2Wfxan4XGWvloQG.1.1.0\"><i class=\"zmdi zmdi-pin\" data-reactid=\".2awpjr9h7iw.2.0.2.0.3:$job--Npzd2Wfxan4XGWvloQG.1.1.0.0\"><\/i><span class=\"spaced-left-sm\" data-reactid=\".2awpjr9h7iw.2.0.2.0.3:$job--Npzd2Wfxan4XGWvloQG.1.1.0.1\">Ribeir\u00e3o Preto, SP<\/span><\/span><\/a><\/div>\n<div class=\"job-card-details\" data-reactid=\".2awpjr9h7iw.2.0.2.0.3:$job--Npzd2Wfxan4XGWvloQG.2\">\n<div data-reactid=\".2awpjr9h7iw.2.0.2.0.3:$job--Npzd2Wfxan4XGWvloQG.2.0\"><span class=\"secondary-label\" data-reactid=\".2awpjr9h7iw.2.0.2.0.3:$job--Npzd2Wfxan4XGWvloQG.2.0.0\">Sal\u00e1rio<\/span><span class=\"spaced-left-sm\" data-reactid=\".2awpjr9h7iw.2.0.2.0.3:$job--Npzd2Wfxan4XGWvloQG.2.0.1\">de R$6000,00 at\u00e9 R$8000,00<\/span><\/div>\n<div data-reactid=\".2awpjr9h7iw.2.0.2.0.3:$job--Npzd2Wfxan4XGWvloQG.2.1\"><span class=\"secondary-label\" data-reactid=\".2awpjr9h7iw.2.0.2.0.3:$job--Npzd2Wfxan4XGWvloQG.2.1.0\">Benef\u00edcios<\/span><span class=\"spaced-left-sm\" data-reactid=\".2awpjr9h7iw.2.0.2.0.3:$job--Npzd2Wfxan4XGWvloQG.2.1.1\">Vale Alimenta\u00e7\u00e3o, Seguro de Vida, Assist\u00eancia Odontol\u00f3gica, Ginastica laboral, Premia\u00e7\u00e3o por tempo de servi\u00e7o <\/span><\/div>\n<div data-reactid=\".2awpjr9h7iw.2.0.2.0.3:$job--Npzd2Wfxan4XGWvloQG.2.2\"><span class=\"secondary-label\" data-reactid=\".2awpjr9h7iw.2.0.2.0.3:$job--Npzd2Wfxan4XGWvloQG.2.2.0\">Contrato<\/span><span class=\"spaced-left-sm\" data-reactid=\".2awpjr9h7iw.2.0.2.0.3:$job--Npzd2Wfxan4XGWvloQG.2.2.1\">CLT (Efetivo)<\/span><\/div>\n<\/div>\n<div class=\"secondary-label spaced-top-sm\" data-reactid=\".2awpjr9h7iw.2.0.2.0.3:$job--Npzd2Wfxan4XGWvloQG.3\">Estamos buscando um Gerente de Frotas em Ribeir\u00e3o Preto SP<\/p>\n<p>Responsabilidades<\/p>\n<p>Gerenciar a frota de ve\u00edculos leves e pesados da empresa, garantindo que estejam sempre em bom estado e dentro das regulamenta\u00e7\u00f5es de tr\u00e2nsito;<br \/>\nCoordenar a manuten\u00e7\u00e3o preventiva e corretiva, assegurando que os ve\u00edculos estejam em conformidade com regulamenta\u00e7\u00f5es governamentais e padr\u00f5es de seguran\u00e7a.<br \/>\nAcompanhar o desempenho dos ve\u00edculos, analisando dados de manuten\u00e7\u00e3o para identificar tend\u00eancias, problemas recorrentes &#8230;<\/p><\/div>\n<\/div>\n<div class=\"card-clickable\" data-reactid=\".2awpjr9h7iw.2.0.2.0.3:$job--NY3n6hkQ406fd6Ynpjm\">\n<div data-reactid=\".2awpjr9h7iw.2.0.2.0.3:$job--NY3n6hkQ406fd6Ynpjm.0\">\n<h2 class=\"job-card-title\" data-reactid=\".2awpjr9h7iw.2.0.2.0.3:$job--NY3n6hkQ406fd6Ynpjm.0.0\"><a href=\"https:\/\/www.recrutasimples.com.br\/vaga\/programa-de-trainees-2023-ribeirao-preto\/ribeirao-preto-sp\/-NY3n6hkQ406fd6Ynpjm\" data-reactid=\".2awpjr9h7iw.2.0.2.0.3:$job--NY3n6hkQ406fd6Ynpjm.0.0.0\">Programa de Trainees 2023 &#8211; Ribeir\u00e3o Preto<\/a><\/h2>\n<\/div>\n<div class=\"job-card-info\" data-reactid=\".2awpjr9h7iw.2.0.2.0.3:$job--NY3n6hkQ406fd6Ynpjm.1\"><a href=\"https:\/\/www.recrutasimples.com.br\/vagas\/e\/grant-thornton-brasil\/-MvZAZNjtFDrnGvZgOtZ\" data-reactid=\".2awpjr9h7iw.2.0.2.0.3:$job--NY3n6hkQ406fd6Ynpjm.1.0\"><span data-reactid=\".2awpjr9h7iw.2.0.2.0.3:$job--NY3n6hkQ406fd6Ynpjm.1.0.0\"><i class=\"zmdi zmdi-store\" data-reactid=\".2awpjr9h7iw.2.0.2.0.3:$job--NY3n6hkQ406fd6Ynpjm.1.0.0.0\"><\/i><span class=\"spaced-left-sm\" data-reactid=\".2awpjr9h7iw.2.0.2.0.3:$job--NY3n6hkQ406fd6Ynpjm.1.0.0.1\">Grant Thornton Brasil<\/span><\/span><\/a><a href=\"https:\/\/www.recrutasimples.com.br\/vagas\/ribeirao-preto-sp\" data-reactid=\".2awpjr9h7iw.2.0.2.0.3:$job--NY3n6hkQ406fd6Ynpjm.1.1\"><span data-reactid=\".2awpjr9h7iw.2.0.2.0.3:$job--NY3n6hkQ406fd6Ynpjm.1.1.0\"><i class=\"zmdi zmdi-pin\" data-reactid=\".2awpjr9h7iw.2.0.2.0.3:$job--NY3n6hkQ406fd6Ynpjm.1.1.0.0\"><\/i><span class=\"spaced-left-sm\" data-reactid=\".2awpjr9h7iw.2.0.2.0.3:$job--NY3n6hkQ406fd6Ynpjm.1.1.0.1\">Ribeir\u00e3o Preto, SP<\/span><\/span><\/a><\/div>\n<div class=\"job-card-details\" data-reactid=\".2awpjr9h7iw.2.0.2.0.3:$job--NY3n6hkQ406fd6Ynpjm.2\">\n<div data-reactid=\".2awpjr9h7iw.2.0.2.0.3:$job--NY3n6hkQ406fd6Ynpjm.2.0\"><span class=\"secondary-label\" data-reactid=\".2awpjr9h7iw.2.0.2.0.3:$job--NY3n6hkQ406fd6Ynpjm.2.0.0\">Sal\u00e1rio<\/span><span class=\"spaced-left-sm\" data-reactid=\".2awpjr9h7iw.2.0.2.0.3:$job--NY3n6hkQ406fd6Ynpjm.2.0.1\">A combinar<\/span><\/div>\n<div data-reactid=\".2awpjr9h7iw.2.0.2.0.3:$job--NY3n6hkQ406fd6Ynpjm.2.1\"><span class=\"secondary-label\" data-reactid=\".2awpjr9h7iw.2.0.2.0.3:$job--NY3n6hkQ406fd6Ynpjm.2.1.0\">Benef\u00edcios<\/span><span class=\"spaced-left-sm\" data-reactid=\".2awpjr9h7iw.2.0.2.0.3:$job--NY3n6hkQ406fd6Ynpjm.2.1.1\">Vale Transporte, Vale Refei\u00e7\u00e3o, Vale Alimenta\u00e7\u00e3o, Assist\u00eancia M\u00e9dica, Assist\u00eancia Odontol\u00f3gica, Seguro de Vida, Gympass, Gympass &#8211; Wellz<\/span><\/div>\n<div data-reactid=\".2awpjr9h7iw.2.0.2.0.3:$job--NY3n6hkQ406fd6Ynpjm.2.2\"><span class=\"secondary-label\" data-reactid=\".2awpjr9h7iw.2.0.2.0.3:$job--NY3n6hkQ406fd6Ynpjm.2.2.0\">Contrato<\/span><span class=\"spaced-left-sm\" data-reactid=\".2awpjr9h7iw.2.0.2.0.3:$job--NY3n6hkQ406fd6Ynpjm.2.2.1\">Trainee<\/span><\/div>\n<\/div>\n<div class=\"secondary-label spaced-top-sm\" data-reactid=\".2awpjr9h7iw.2.0.2.0.3:$job--NY3n6hkQ406fd6Ynpjm.3\">Seja um #NewPurple na Grant Thornton Brasil!<\/p>\n<p>O Programa de Trainees \u00e9 o primeiro passo para voc\u00ea construir uma carreira consistente e de sucesso. Aqui voc\u00ea ter\u00e1 uma rede de apoio e oportunidades de aprender na pr\u00e1tica, trabalhando diretamente com profissionais de refer\u00eancia no mercado. Somos uma empresa colaborativa, \u00e1gil e din\u00e2mica que oferece servi\u00e7os diferenciados em Auditoria, Consultoria e Tributos. O nosso maior diferencial \u00e9 o jeito Grant Thornton de cuidar das nossas pessoas.<br \/>\nVenha cono &#8230;<\/p><\/div>\n<\/div>\n<div class=\"text-center\" data-reactid=\".2awpjr9h7iw.2.0.2.0.7\">\n<h5 data-reactid=\".2awpjr9h7iw.2.0.2.0.7.0\">Curta a nossa p\u00e1gina do Facebook e receba alerta de novas vagas de interesse!<\/h5>\n<div class=\"fb-page\" data-href=\"https:\/\/www.facebook.com\/oportunidadesevagasdeemprego\/\" data-small-header=\"false\" data-adapt-container-width=\"true\" data-hide-cover=\"false\" data-show-facepile=\"true\" data-reactid=\".2awpjr9h7iw.2.0.2.0.7.1\">\n<blockquote class=\"fb-xfbml-parse-ignore\" data-reactid=\".2awpjr9h7iw.2.0.2.0.7.1.0\"><p><a href=\"https:\/\/www.facebook.com\/oportunidadesevagasdeemprego\/\" data-reactid=\".2awpjr9h7iw.2.0.2.0.7.1.0.0\">Recruta Simples Vagas<\/a><\/p><\/blockquote>\n<\/div>\n<\/div>\n<p><noscript data-reactid=\".2awpjr9h7iw.2.0.2.0.8\"><\/noscript><\/div>\n<div class='code-block code-block-4' style='margin: 8px auto 8px 0; text-align: left; display: block; clear: both;'>\n\ud83d\udce2 Aviso Legal\n\nO site ismaelcolosi.com.br atua apenas como um canal de divulga\u00e7\u00e3o de oportunidades de emprego e n\u00e3o se responsabiliza pelo processo seletivo, contrata\u00e7\u00e3o ou qualquer outra etapa relacionada \u00e0s vagas publicadas. Todas as informa\u00e7\u00f5es s\u00e3o de responsabilidade dos anunciantes.\n\n\u26a0\ufe0f Aten\u00e7\u00e3o! Nunca pague por promessas de emprego nem compre cursos que garantam contrata\u00e7\u00e3o. Desconfie de qualquer cobran\u00e7a para participar de sele\u00e7\u00f5es.\n\n\n\n<\/div>\n<!-- CONTENT END 1 -->\n","protected":false},"excerpt":{"rendered":"<p>8 vagas em Ribeir\u00e3o Preto\/SP COMPRADOR TECNICO Ribeir\u00e3o Preto, SP Sal\u00e1rioA combinar ContratoCLT (Efetivo) COMPRAS TECNICAS PARA INDUSTRIA DE FABRICACAO DE EQUIPAMENTOS FOLLOW UP EM&#8230;<\/p>\n","protected":false},"author":1,"featured_media":37566,"comment_status":"open","ping_status":"open","sticky":false,"template":"","format":"standard","meta":{"_uag_custom_page_level_css":"","advanced_seo_description":"","jetpack_seo_html_title":"","jetpack_seo_noindex":false,"jetpack_post_was_ever_published":false,"_jetpack_newsletter_access":"","_jetpack_dont_email_post_to_subs":false,"_jetpack_newsletter_tier_id":0,"_jetpack_memberships_contains_paywalled_content":false,"_jetpack_memberships_contains_paid_content":false,"footnotes":"","jetpack_publicize_message":"","jetpack_publicize_feature_enabled":true,"jetpack_social_post_already_shared":true,"jetpack_social_options":{"image_generator_settings":{"template":"highway","default_image_id":0,"font":"","enabled":false},"version":2}},"categories":[7],"tags":[],"class_list":["post-37565","post","type-post","status-publish","format-standard","has-post-thumbnail","hentry","category-vagas-de-empregos-em-ribeirao-preto-regiao-brasil"],"jetpack_publicize_connections":[],"jetpack_featured_media_url":"https:\/\/i0.wp.com\/ismaelcolosi.com.br\/wp-content\/uploads\/2024\/02\/1708121585_a3e97088f30f8acd4c21ea69ffbecb43.jpg?fit=1080%2C981&ssl=1","uagb_featured_image_src":{"full":["https:\/\/i0.wp.com\/ismaelcolosi.com.br\/wp-content\/uploads\/2024\/02\/1708121585_a3e97088f30f8acd4c21ea69ffbecb43.jpg?fit=1080%2C981&ssl=1",1080,981,false],"thumbnail":["https:\/\/i0.wp.com\/ismaelcolosi.com.br\/wp-content\/uploads\/2024\/02\/1708121585_a3e97088f30f8acd4c21ea69ffbecb43.jpg?resize=150%2C150&ssl=1",150,150,true],"medium":["https:\/\/i0.wp.com\/ismaelcolosi.com.br\/wp-content\/uploads\/2024\/02\/1708121585_a3e97088f30f8acd4c21ea69ffbecb43.jpg?fit=300%2C273&ssl=1",300,273,true],"medium_large":["https:\/\/i0.wp.com\/ismaelcolosi.com.br\/wp-content\/uploads\/2024\/02\/1708121585_a3e97088f30f8acd4c21ea69ffbecb43.jpg?fit=768%2C698&ssl=1",768,698,true],"large":["https:\/\/i0.wp.com\/ismaelcolosi.com.br\/wp-content\/uploads\/2024\/02\/1708121585_a3e97088f30f8acd4c21ea69ffbecb43.jpg?fit=1024%2C930&ssl=1",1024,930,true],"1536x1536":["https:\/\/i0.wp.com\/ismaelcolosi.com.br\/wp-content\/uploads\/2024\/02\/1708121585_a3e97088f30f8acd4c21ea69ffbecb43.jpg?fit=1080%2C981&ssl=1",1080,981,true],"2048x2048":["https:\/\/i0.wp.com\/ismaelcolosi.com.br\/wp-content\/uploads\/2024\/02\/1708121585_a3e97088f30f8acd4c21ea69ffbecb43.jpg?fit=1080%2C981&ssl=1",1080,981,true],"really-simple-thumb":["https:\/\/i0.wp.com\/ismaelcolosi.com.br\/wp-content\/uploads\/2024\/02\/1708121585_a3e97088f30f8acd4c21ea69ffbecb43.jpg?resize=370%2C247&ssl=1",370,247,true]},"uagb_author_info":{"display_name":"ismaelcolosi.com.br","author_link":"https:\/\/ismaelcolosi.com.br\/index.php\/author\/vidareal-online\/"},"uagb_comment_info":0,"uagb_excerpt":"8 vagas em Ribeir\u00e3o Preto\/SP COMPRADOR TECNICO Ribeir\u00e3o Preto, SP Sal\u00e1rioA combinar ContratoCLT (Efetivo) COMPRAS TECNICAS PARA INDUSTRIA DE FABRICACAO DE EQUIPAMENTOS FOLLOW UP EM...","jetpack-related-posts":[{"id":54014,"url":"https:\/\/ismaelcolosi.com.br\/index.php\/2024\/06\/20\/vagas-de-empregos-na-microset-tecnologia-para-trabalhar-em-ribeirao-preto-sp-8\/","url_meta":{"origin":37565,"position":0},"title":"Vagas de empregos na Microset Tecnologia  para trabalhar em Ribeir\u00e3o Preto-SP","author":"ismaelcolosi.com.br","date":"20 de June de 2024","format":false,"excerpt":"Analista Fiscal Ribeir\u00e3o Preto - SPEfetivo T\u00e9cnico de Inform\u00e1ticaRibeir\u00e3o Preto - SPEfetivo Microset Tecnologia Analista Fiscal Ribeir\u00e3o Preto - SPEfetivo V\u00eddeos","rel":"","context":"In &quot;Vagas de Emprego em Ribeir\u00e3o Preto-SP&quot;","block_context":{"text":"Vagas de Emprego em Ribeir\u00e3o Preto-SP","link":"https:\/\/ismaelcolosi.com.br\/index.php\/category\/empregos-classificados-vagas-trabalho\/vagas-de-empregos-em-ribeirao-preto-regiao-brasil\/"},"img":{"alt_text":"","src":"https:\/\/i0.wp.com\/ismaelcolosi.com.br\/wp-content\/uploads\/2024\/06\/2023-03-15_13-45_bannerUrl.png?fit=1080%2C327&ssl=1&resize=350%2C200","width":350,"height":200,"srcset":"https:\/\/i0.wp.com\/ismaelcolosi.com.br\/wp-content\/uploads\/2024\/06\/2023-03-15_13-45_bannerUrl.png?fit=1080%2C327&ssl=1&resize=350%2C200 1x, https:\/\/i0.wp.com\/ismaelcolosi.com.br\/wp-content\/uploads\/2024\/06\/2023-03-15_13-45_bannerUrl.png?fit=1080%2C327&ssl=1&resize=525%2C300 1.5x, https:\/\/i0.wp.com\/ismaelcolosi.com.br\/wp-content\/uploads\/2024\/06\/2023-03-15_13-45_bannerUrl.png?fit=1080%2C327&ssl=1&resize=700%2C400 2x, https:\/\/i0.wp.com\/ismaelcolosi.com.br\/wp-content\/uploads\/2024\/06\/2023-03-15_13-45_bannerUrl.png?fit=1080%2C327&ssl=1&resize=1050%2C600 3x"},"classes":[]},{"id":60271,"url":"https:\/\/ismaelcolosi.com.br\/index.php\/2024\/08\/15\/confira-mais-de-400-vagas-disponiveis\/","url_meta":{"origin":37565,"position":1},"title":"Confira mais de 400 vagas dispon\u00edveis.","author":"ismaelcolosi.com.br","date":"15 de August de 2024","format":false,"excerpt":"Confira mais de 400 vagas dispon\u00edveis.Vagas por cidadeTodas(326)Campo Largo(127)Irati(102)Ribeir\u00e3o Preto(49)Monte Alto(17)Nova Lima(8)Mat\u00e3o(5)Vagas por \u00e1reaTodas(401)Transporte Terrestre(148)Industrial(101)Finan\u00e7as(53)Produ\u00e7\u00e3o\/Fabrica\u00e7\u00e3o(25)Industrial,Produ\u00e7\u00e3o...(10)Atend. a cliente(9)Vagas por cargoTodas(401)Operador de Produ\u00e7\u00e3o(100)Ajudante Geral(97)Operador de Arrecada\u00e7\u00e3o(52)Motorista L\u00edder de...(25)Inspetor de Tr\u00e2nsito(20)Auxiliar de Produ\u00e7\u00e3o(13) Vagas recentes1 vaga para Estagi\u00e1rio (a) de PCP em Ribeir\u00e3o Preto - SPh\u00e1 1 hora1 vaga para Estagi\u00e1rio (a) da\u2026","rel":"","context":"In &quot;Vagas de Emprego em Ribeir\u00e3o Preto-SP&quot;","block_context":{"text":"Vagas de Emprego em Ribeir\u00e3o Preto-SP","link":"https:\/\/ismaelcolosi.com.br\/index.php\/category\/empregos-classificados-vagas-trabalho\/vagas-de-empregos-em-ribeirao-preto-regiao-brasil\/"},"img":{"alt_text":"","src":"","width":0,"height":0},"classes":[]},{"id":12492,"url":"https:\/\/ismaelcolosi.com.br\/index.php\/2023\/12\/08\/30-novas-vagas-de-emprego-em-ribeirao-preto-sp-8\/","url_meta":{"origin":37565,"position":2},"title":"30 novas vagas de emprego em Ribeir\u00e3o Preto-SP","author":"ismaelcolosi.com.br","date":"8 de December de 2023","format":false,"excerpt":"Atendente e SAC Ribeir\u00e3o Preto (SP)View JobGerente de Marketing e Relacionamento Ribeir\u00e3o Preto e Regi\u00e3o View JobGerente Industrial \/ Produ\u00e7\u00e3o Regi\u00e3o do ABC \u2013 S\u00e3o Paulo View JobGerente de Vendas Externo S\u00e3o Paulo Capital e Grande S\u00e3o PauloView JobDIRETOR(A) DE SUSTENBALIDADE Ribeir\u00e3o Preto (SP)View JobCONTROLLER \u2013 INGL\u00caS FLUENTERibeir\u00e3o Preto (SP)View\u2026","rel":"","context":"In &quot;Vagas de Emprego em Ribeir\u00e3o Preto-SP&quot;","block_context":{"text":"Vagas de Emprego em Ribeir\u00e3o Preto-SP","link":"https:\/\/ismaelcolosi.com.br\/index.php\/category\/empregos-classificados-vagas-trabalho\/vagas-de-empregos-em-ribeirao-preto-regiao-brasil\/"},"img":{"alt_text":"","src":"","width":0,"height":0},"classes":[]},{"id":69488,"url":"https:\/\/ismaelcolosi.com.br\/index.php\/2024\/10\/06\/vagas-de-emprego-para-atendente-em-ribeirao-preto-sp-8\/","url_meta":{"origin":37565,"position":3},"title":"Vagas de emprego para Atendente em Ribeir\u00e3o Preto-SP","author":"ismaelcolosi.com.br","date":"6 de October de 2024","format":false,"excerpt":"AME RP: Agente de PORTARIA Hospitalar Atendente ATENDENTE REPOSITOR Atendente de Loja Atendente de Farm\u00e1cia - Ribeir\u00e3o Preto\/SP (RIBEIR\u00c3O PRETO AD) Atendente de Recep\u00e7\u00e3o\/ Comercial - Ribeir\u00e3o Preto Atendente de Farm\u00e1cia - Ribeir\u00e3o Preto\/SP (RIBEIR\u00c3O PRETO AD) Atendente de Farm\u00e1cia - Ribeir\u00e3o Preto\/SP (RIBEIR\u00c3O PRETO AD)","rel":"","context":"In &quot;Vagas de Emprego em Ribeir\u00e3o Preto-SP&quot;","block_context":{"text":"Vagas de Emprego em Ribeir\u00e3o Preto-SP","link":"https:\/\/ismaelcolosi.com.br\/index.php\/category\/empregos-classificados-vagas-trabalho\/vagas-de-empregos-em-ribeirao-preto-regiao-brasil\/"},"img":{"alt_text":"","src":"https:\/\/i0.wp.com\/ismaelcolosi.com.br\/wp-content\/uploads\/2024\/10\/latest.jpeg?fit=1200%2C675&ssl=1&resize=350%2C200","width":350,"height":200,"srcset":"https:\/\/i0.wp.com\/ismaelcolosi.com.br\/wp-content\/uploads\/2024\/10\/latest.jpeg?fit=1200%2C675&ssl=1&resize=350%2C200 1x, https:\/\/i0.wp.com\/ismaelcolosi.com.br\/wp-content\/uploads\/2024\/10\/latest.jpeg?fit=1200%2C675&ssl=1&resize=525%2C300 1.5x, https:\/\/i0.wp.com\/ismaelcolosi.com.br\/wp-content\/uploads\/2024\/10\/latest.jpeg?fit=1200%2C675&ssl=1&resize=700%2C400 2x, https:\/\/i0.wp.com\/ismaelcolosi.com.br\/wp-content\/uploads\/2024\/10\/latest.jpeg?fit=1200%2C675&ssl=1&resize=1050%2C600 3x"},"classes":[]},{"id":32487,"url":"https:\/\/ismaelcolosi.com.br\/index.php\/2024\/01\/25\/30-novas-vagas-de-emprego-em-ribeirao-preto-sp-92\/","url_meta":{"origin":37565,"position":4},"title":"30 novas vagas de emprego em Ribeir\u00e3o Preto-SP","author":"ismaelcolosi.com.br","date":"25 de January de 2024","format":false,"excerpt":"Atendente de CafeteriaRibeir\u00e3o PretoView JobDiretor IndustrialRegi\u00e3o de Ribeir\u00e3o Preto\/SPView JobExecutivo de ContasRibeir\u00e3o Preto (SP)View JobT\u00e9cnico Eletr\u00f4nico (Bancada) Ribeir\u00e3o Preto (SP)View JobT\u00e9cnico Eletr\u00f4nico JRS\u00e3o Paulo - SPView JobT\u00e9cnico de Manuten\u00e7\u00e3o de Compressores de ar ParafusoRibeir\u00e3o Preto (SP)View JobAnalista Desenvolvedor TOTVS Protheus PlenoRibeir\u00e3o Preto - SPView Job Diretor Industrial","rel":"","context":"In &quot;Vagas de Emprego em Ribeir\u00e3o Preto-SP&quot;","block_context":{"text":"Vagas de Emprego em Ribeir\u00e3o Preto-SP","link":"https:\/\/ismaelcolosi.com.br\/index.php\/category\/empregos-classificados-vagas-trabalho\/vagas-de-empregos-em-ribeirao-preto-regiao-brasil\/"},"img":{"alt_text":"","src":"","width":0,"height":0},"classes":[]},{"id":88267,"url":"https:\/\/ismaelcolosi.com.br\/index.php\/2025\/11\/17\/vagas-de-emprego-na-nova-bene-complexo-hospitalar-ribeirao-preto-em-ribeirao-preto-sp-21\/","url_meta":{"origin":37565,"position":5},"title":"Vagas de emprego na Nova Ben\u00ea Complexo Hospitalar Ribeir\u00e3o Preto em Ribeir\u00e3o Preto-SP","author":"ismaelcolosi.com.br","date":"17 de November de 2025","format":false,"excerpt":"T\u00e9cnico em Nutri\u00e7\u00e3o Get notified about new Nova Ben\u00ea Complexo Hospitalar Ribeir\u00e3o Preto jobs in Ribeir\u00e3o Preto. Sign in to create job alert 1 Nova Ben\u00ea Complexo Hospitalar Ribeir\u00e3o Preto Jobs in Ribeir\u00e3o Preto T\u00e9cnico em Nutri\u00e7\u00e3o T\u00e9cnico em Nutri\u00e7\u00e3o Nova Ben\u00ea Complexo Hospitalar Ribeir\u00e3o Preto Ribeir\u00e3o Preto, S\u00e3o Paulo,\u2026","rel":"","context":"In &quot;Vagas de Emprego em Ribeir\u00e3o Preto-SP&quot;","block_context":{"text":"Vagas de Emprego em Ribeir\u00e3o Preto-SP","link":"https:\/\/ismaelcolosi.com.br\/index.php\/category\/empregos-classificados-vagas-trabalho\/vagas-de-empregos-em-ribeirao-preto-regiao-brasil\/"},"img":{"alt_text":"","src":"https:\/\/i0.wp.com\/ismaelcolosi.com.br\/wp-content\/uploads\/2025\/11\/HOSPITAL_VA.jpg?fit=540%2C540&ssl=1&resize=350%2C200","width":350,"height":200,"srcset":"https:\/\/i0.wp.com\/ismaelcolosi.com.br\/wp-content\/uploads\/2025\/11\/HOSPITAL_VA.jpg?fit=540%2C540&ssl=1&resize=350%2C200 1x, https:\/\/i0.wp.com\/ismaelcolosi.com.br\/wp-content\/uploads\/2025\/11\/HOSPITAL_VA.jpg?fit=540%2C540&ssl=1&resize=525%2C300 1.5x"},"classes":[]}],"jetpack_sharing_enabled":true,"jetpack_shortlink":"https:\/\/wp.me\/pfMlyK-9LT","_links":{"self":[{"href":"https:\/\/ismaelcolosi.com.br\/index.php\/wp-json\/wp\/v2\/posts\/37565","targetHints":{"allow":["GET"]}}],"collection":[{"href":"https:\/\/ismaelcolosi.com.br\/index.php\/wp-json\/wp\/v2\/posts"}],"about":[{"href":"https:\/\/ismaelcolosi.com.br\/index.php\/wp-json\/wp\/v2\/types\/post"}],"author":[{"embeddable":true,"href":"https:\/\/ismaelcolosi.com.br\/index.php\/wp-json\/wp\/v2\/users\/1"}],"replies":[{"embeddable":true,"href":"https:\/\/ismaelcolosi.com.br\/index.php\/wp-json\/wp\/v2\/comments?post=37565"}],"version-history":[{"count":0,"href":"https:\/\/ismaelcolosi.com.br\/index.php\/wp-json\/wp\/v2\/posts\/37565\/revisions"}],"wp:featuredmedia":[{"embeddable":true,"href":"https:\/\/ismaelcolosi.com.br\/index.php\/wp-json\/wp\/v2\/media\/37566"}],"wp:attachment":[{"href":"https:\/\/ismaelcolosi.com.br\/index.php\/wp-json\/wp\/v2\/media?parent=37565"}],"wp:term":[{"taxonomy":"category","embeddable":true,"href":"https:\/\/ismaelcolosi.com.br\/index.php\/wp-json\/wp\/v2\/categories?post=37565"},{"taxonomy":"post_tag","embeddable":true,"href":"https:\/\/ismaelcolosi.com.br\/index.php\/wp-json\/wp\/v2\/tags?post=37565"}],"curies":[{"name":"wp","href":"https:\/\/api.w.org\/{rel}","templated":true}]}}