{"id":37415,"date":"2024-02-16T00:18:52","date_gmt":"2024-02-16T03:18:52","guid":{"rendered":"https:\/\/ismaelcolosi.com.br\/index.php\/2024\/02\/16\/vagas-de-estagios-e-jovem-aprendiz-classificados-tribuna-ribeirao-3\/"},"modified":"2024-02-16T00:18:52","modified_gmt":"2024-02-16T03:18:52","slug":"vagas-de-estagios-e-jovem-aprendiz-classificados-tribuna-ribeirao-3","status":"publish","type":"post","link":"https:\/\/ismaelcolosi.com.br\/index.php\/2024\/02\/16\/vagas-de-estagios-e-jovem-aprendiz-classificados-tribuna-ribeirao-3\/","title":{"rendered":"Vagas de Est\u00e1gios e Jovem Aprendiz &#8211; Classificados Tribuna Ribeir\u00e3o"},"content":{"rendered":"<div>\n<a href=\"https:\/\/www.tribunaribeirao.com.br\/classificadostribuna\/index.php?page=item&amp;id=3238\" class=\"title\" title=\"EST\u00c1GIO \u2013 ADMINISTRATIVA - TRIBUNAL DE JUSTI\u00c7A\/F\u00d3RUM\">EST\u00c1GIO \u2013 ADMINISTRATIVA &#8211; TRIBUNAL DE JUSTI\u00c7A\/F\u00d3RUM<\/a><\/p>\n<p>\n<span class=\"category\">Est\u00e1gios<\/span> &#8211;<br \/>\n<span class=\"location\"> <\/span> <span class=\"g-hide\">&#8211;<\/span> 19\/12\/2023 <\/p>\n<p>EST\u00c1GIO \u2013 ADMINISTRATIVA &#8211; TRIBUNAL DE JUSTI\u00c7A\/F\u00d3RUM Hor\u00e1rio: 9h \u00e0s 13h ou 13h \u00e0s 17h, valor da bolsa\/sal\u00e1rio R$ 600,00 reais. Cursando: Cursando: Ensino M\u00e9dio Semestre\/ano: 1\u00b0 ao 2\u00b0 ano Cidade de: \u00a0RIBEIR\u00c3O PRETO, BEBEDOURO, BRODOWSKI, CAJURU, COLIN&#8230;<\/p><div class='code-block code-block-8' style='margin: 8px auto; text-align: center; display: block; clear: both;'>\n<script>\n  atOptions = {\n    'key' : '66e2e2111ca34da796271819fc334058',\n    'format' : 'iframe',\n    'height' : 250,\n    'width' : 300,\n    'params' : {}\n  };\n<\/script>\n<script src=\"https:\/\/www.highperformanceformat.com\/66e2e2111ca34da796271819fc334058\/invoke.js\"><\/script>\n<\/div>\n\n<\/div>\n<div class='code-block code-block-4' style='margin: 8px auto 8px 0; text-align: left; display: block; clear: both;'>\n\ud83d\udce2 Aviso Legal\n\nO site ismaelcolosi.com.br atua apenas como um canal de divulga\u00e7\u00e3o de oportunidades de emprego e n\u00e3o se responsabiliza pelo processo seletivo, contrata\u00e7\u00e3o ou qualquer outra etapa relacionada \u00e0s vagas publicadas. Todas as informa\u00e7\u00f5es s\u00e3o de responsabilidade dos anunciantes.\n\n\u26a0\ufe0f Aten\u00e7\u00e3o! Nunca pague por promessas de emprego nem compre cursos que garantam contrata\u00e7\u00e3o. Desconfie de qualquer cobran\u00e7a para participar de sele\u00e7\u00f5es.\n\n\n<div data-type=\"_mgwidget\" data-widget-id=\"2000896\">\n<\/div>\n<script>(function(w,q){w[q]=w[q]||[];w[q].push([\"_mgc.load\"])})(window,\"_mgq\");\n<\/script>\n<\/div>\n<!-- CONTENT END 1 -->\n","protected":false},"excerpt":{"rendered":"<p>EST\u00c1GIO \u2013 ADMINISTRATIVA &#8211; TRIBUNAL DE JUSTI\u00c7A\/F\u00d3RUM Est\u00e1gios &#8211; &#8211; 19\/12\/2023 EST\u00c1GIO \u2013 ADMINISTRATIVA &#8211; TRIBUNAL DE JUSTI\u00c7A\/F\u00d3RUM Hor\u00e1rio: 9h \u00e0s 13h ou 13h \u00e0s&#8230;<\/p>\n","protected":false},"author":1,"featured_media":0,"comment_status":"open","ping_status":"open","sticky":false,"template":"","format":"standard","meta":{"_uag_custom_page_level_css":"","jetpack_post_was_ever_published":false,"_jetpack_newsletter_access":"","_jetpack_dont_email_post_to_subs":false,"_jetpack_newsletter_tier_id":0,"_jetpack_memberships_contains_paywalled_content":false,"_jetpack_memberships_contains_paid_content":false,"footnotes":"","jetpack_publicize_message":"","jetpack_publicize_feature_enabled":true,"jetpack_social_post_already_shared":true,"jetpack_social_options":{"image_generator_settings":{"template":"highway","default_image_id":0,"font":"","enabled":false},"version":2}},"categories":[7],"tags":[],"class_list":["post-37415","post","type-post","status-publish","format-standard","hentry","category-vagas-de-empregos-em-ribeirao-preto-regiao-brasil"],"aioseo_notices":[],"jetpack_publicize_connections":[],"jetpack_featured_media_url":"","uagb_featured_image_src":{"full":false,"thumbnail":false,"medium":false,"medium_large":false,"large":false,"1536x1536":false,"2048x2048":false,"really-simple-thumb":false},"uagb_author_info":{"display_name":"ismaelcolosi.com.br","author_link":"https:\/\/ismaelcolosi.com.br\/index.php\/author\/vidareal-online\/"},"uagb_comment_info":0,"uagb_excerpt":"EST\u00c1GIO \u2013 ADMINISTRATIVA &#8211; TRIBUNAL DE JUSTI\u00c7A\/F\u00d3RUM Est\u00e1gios &#8211; &#8211; 19\/12\/2023 EST\u00c1GIO \u2013 ADMINISTRATIVA &#8211; TRIBUNAL DE JUSTI\u00c7A\/F\u00d3RUM Hor\u00e1rio: 9h \u00e0s 13h ou 13h \u00e0s...","jetpack-related-posts":[{"id":18676,"url":"https:\/\/ismaelcolosi.com.br\/index.php\/2023\/12\/20\/vagas-de-estagios-e-jovem-aprendiz-classificados-tribuna-ribeirao-2\/","url_meta":{"origin":37415,"position":0},"title":"Vagas de Est\u00e1gios e Jovem Aprendiz &#8211; Classificados Tribuna Ribeir\u00e3o","author":"ismaelcolosi.com.br","date":"20 de December de 2023","format":false,"excerpt":"An\u00fancios EST\u00c1GIO - EDUCA\u00c7\u00c3O Est\u00e1gios - - 19\/12\/2023 EST\u00c1GIO - EDUCA\u00c7\u00c3O Hor\u00e1rio:\u00a0de segunda \u00e0 sexta - das 07:00 - 13:00 \u2013 valor bolsa\/ sal\u00e1rio R$ 1000,00. Cursando:\u00a0Superior na \u00e1rea de\u00a0Pedagogia e Letras Ano\/semestre: a partir do 1\u00ba semestre. Empresa localizada na cidade de:\u00a0Jardim Jos\u00e9 Sampaio J\u00fanior,... EST\u00c1GIO \u2013 PRODU\u00c7\u00c3O Est\u00e1gios\u2026","rel":"","context":"In &quot;Vagas de Emprego em Ribeir\u00e3o Preto-SP&quot;","block_context":{"text":"Vagas de Emprego em Ribeir\u00e3o Preto-SP","link":"https:\/\/ismaelcolosi.com.br\/index.php\/category\/empregos-classificados-vagas-trabalho\/vagas-de-empregos-em-ribeirao-preto-regiao-brasil\/"},"img":{"alt_text":"","src":"https:\/\/i0.wp.com\/ismaelcolosi.com.br\/wp-content\/uploads\/2023\/12\/3726_prancheta-2.png?fit=1200%2C675&ssl=1&resize=350%2C200","width":350,"height":200,"srcset":"https:\/\/i0.wp.com\/ismaelcolosi.com.br\/wp-content\/uploads\/2023\/12\/3726_prancheta-2.png?fit=1200%2C675&ssl=1&resize=350%2C200 1x, https:\/\/i0.wp.com\/ismaelcolosi.com.br\/wp-content\/uploads\/2023\/12\/3726_prancheta-2.png?fit=1200%2C675&ssl=1&resize=525%2C300 1.5x, https:\/\/i0.wp.com\/ismaelcolosi.com.br\/wp-content\/uploads\/2023\/12\/3726_prancheta-2.png?fit=1200%2C675&ssl=1&resize=700%2C400 2x, https:\/\/i0.wp.com\/ismaelcolosi.com.br\/wp-content\/uploads\/2023\/12\/3726_prancheta-2.png?fit=1200%2C675&ssl=1&resize=1050%2C600 3x"},"classes":[]},{"id":2169,"url":"https:\/\/ismaelcolosi.com.br\/index.php\/2023\/11\/14\/estagios-classificados-tribuna-ribeirao\/","url_meta":{"origin":37415,"position":1},"title":"Est\u00e1gios &#8211; Classificados Tribuna Ribeir\u00e3o","author":"ismaelcolosi.com.br","date":"14 de November de 2023","format":false,"excerpt":"An\u00fancios VAGA DE EST\u00c1GIO - PROJETOS Est\u00e1gios - - 14\/11\/2023 Cursando: Superior em Engenharia Mec\u00e2nicaSemestre\/ano:\u00a0do 6\u00ba ao 8\u00ba semestre Empresa localizada na cidade -\u00a0\u00a0Vila Carvalho, Ribeir\u00e3o Preto - SPHor\u00e1rio:\u00a0das 12:30 - 18:30Valor da Bolsa Aux\u00edlio:\u00a0R$ 1.700,00 reaisBenef\u00edcios: Aux\u00edlio Transporte - a combin... VAGA DE EST\u00c1GIO - PRODU\u00c7\u00c3O Est\u00e1gios - -\u2026","rel":"","context":"In &quot;Vagas de Emprego em Ribeir\u00e3o Preto-SP&quot;","block_context":{"text":"Vagas de Emprego em Ribeir\u00e3o Preto-SP","link":"https:\/\/ismaelcolosi.com.br\/index.php\/category\/empregos-classificados-vagas-trabalho\/vagas-de-empregos-em-ribeirao-preto-regiao-brasil\/"},"img":{"alt_text":"VAGA DE EST\u00c1GIO - PROJETOS","src":"https:\/\/i0.wp.com\/www.tribunaribeirao.com.br\/classificadostribuna\/oc-content\/uploads\/31\/3541_thumbnail.jpg?resize=350%2C200&ssl=1","width":350,"height":200},"classes":[]},{"id":9731,"url":"https:\/\/ismaelcolosi.com.br\/index.php\/2023\/12\/02\/vagas-de-estagios-e-jovem-aprendiz-classificados-tribuna-ribeirao\/","url_meta":{"origin":37415,"position":2},"title":"Vagas de Est\u00e1gios e Jovem Aprendiz &#8211; Classificados Tribuna Ribeir\u00e3o","author":"ismaelcolosi.com.br","date":"2 de December de 2023","format":false,"excerpt":"An\u00fancios Vaga de Est\u00e1gio - Projetos Est\u00e1gios - - 14\/11\/2023 Cursando: Superior em Engenharia Mec\u00e2nicaSemestre\/ano: do 6\u00ba ao 8\u00ba semestreEmpresa localizada na cidade - \u00a0Vila Carvalho, Ribeir\u00e3o Preto - SPHor\u00e1rio: das 12:30 - 18:30Valor da Bolsa Aux\u00edlio: R$ 1.700,00 reaisBenef\u00edcios: Aux\u00edlio Transporte - a combina... Vaga de Est\u00e1gio - PRODU\u00c7\u00c3O\u2026","rel":"","context":"In &quot;Vagas de Emprego em Ribeir\u00e3o Preto-SP&quot;","block_context":{"text":"Vagas de Emprego em Ribeir\u00e3o Preto-SP","link":"https:\/\/ismaelcolosi.com.br\/index.php\/category\/empregos-classificados-vagas-trabalho\/vagas-de-empregos-em-ribeirao-preto-regiao-brasil\/"},"img":{"alt_text":"Vaga de Est\u00e1gio -   Projetos","src":"https:\/\/i0.wp.com\/www.tribunaribeirao.com.br\/classificadostribuna\/oc-content\/uploads\/31\/3529_thumbnail.jpg?resize=350%2C200&ssl=1","width":350,"height":200},"classes":[]},{"id":2861,"url":"https:\/\/ismaelcolosi.com.br\/index.php\/2023\/11\/16\/estagios-classificados-tribuna-ribeirao-2\/","url_meta":{"origin":37415,"position":3},"title":"Est\u00e1gios &#8211; Classificados Tribuna Ribeir\u00e3o","author":"ismaelcolosi.com.br","date":"16 de November de 2023","format":false,"excerpt":"An\u00fancios Vaga de Est\u00e1gio - Projetos Est\u00e1gios - - 14\/11\/2023 Cursando: Superior em Engenharia Mec\u00e2nicaSemestre\/ano: do 6\u00ba ao 8\u00ba semestreEmpresa localizada na cidade - \u00a0Vila Carvalho, Ribeir\u00e3o Preto - SPHor\u00e1rio: das 12:30 - 18:30Valor da Bolsa Aux\u00edlio: R$ 1.700,00 reaisBenef\u00edcios: Aux\u00edlio Transporte - a combina... Vaga de Est\u00e1gio - PRODU\u00c7\u00c3O\u2026","rel":"","context":"In &quot;Vagas de Emprego em Ribeir\u00e3o Preto-SP&quot;","block_context":{"text":"Vagas de Emprego em Ribeir\u00e3o Preto-SP","link":"https:\/\/ismaelcolosi.com.br\/index.php\/category\/empregos-classificados-vagas-trabalho\/vagas-de-empregos-em-ribeirao-preto-regiao-brasil\/"},"img":{"alt_text":"Vaga de Est\u00e1gio -   Projetos","src":"https:\/\/i0.wp.com\/www.tribunaribeirao.com.br\/classificadostribuna\/oc-content\/uploads\/31\/3529_thumbnail.jpg?resize=350%2C200&ssl=1","width":350,"height":200},"classes":[]},{"id":85409,"url":"https:\/\/ismaelcolosi.com.br\/index.php\/2025\/05\/21\/vagas-de-estagios-e-jovem-aprendiz-classificados-tribuna-ribeirao-19\/","url_meta":{"origin":37415,"position":4},"title":"Vagas de Est\u00e1gios e Jovem Aprendiz &#8211; Classificados Tribuna Ribeir\u00e3o","author":"ismaelcolosi.com.br","date":"21 de May de 2025","format":false,"excerpt":"An\u00fancios Vaga de Est\u00e1gio - ENSINO M\u00c9DIO Est\u00e1gios - - 12\/05\/2025 C\u00f3digo da Vaga: 5614538Programa: Est\u00e1gioVaga para o Curso: Ensino m\u00e9dio, do 1\u00b0 ao 3\u00b0 ano(estar cursando) Idade:\u00a0A partir dos 16 anos.Hor\u00e1rio da Vaga:\u00a0Das 12h01 \u00e0s 18h01\u00c1rea de Atua\u00e7\u00e3o: Ensino m\u00e9dioLocal da Vaga:\u00a0Jardim Anhanguera, Ribeir\u00e3o Preto - SP... VAGA EST\u00c1GIO\u2026","rel":"","context":"In &quot;Vagas de Emprego em Ribeir\u00e3o Preto-SP&quot;","block_context":{"text":"Vagas de Emprego em Ribeir\u00e3o Preto-SP","link":"https:\/\/ismaelcolosi.com.br\/index.php\/category\/empregos-classificados-vagas-trabalho\/vagas-de-empregos-em-ribeirao-preto-regiao-brasil\/"},"img":{"alt_text":"Vaga de Est\u00e1gio - ENSINO M\u00c9DIO","src":"https:\/\/i0.wp.com\/tribunaribeirao.com.br\/classificadostribuna\/oc-content\/uploads\/48\/5479_thumbnail.jpg?resize=350%2C200&ssl=1","width":350,"height":200},"classes":[]},{"id":84631,"url":"https:\/\/ismaelcolosi.com.br\/index.php\/2025\/04\/17\/vagas-de-estagios-e-jovem-aprendiz-classificados-tribuna-ribeirao-18\/","url_meta":{"origin":37415,"position":5},"title":"Vagas de Est\u00e1gios e Jovem Aprendiz &#8211; Classificados Tribuna Ribeir\u00e3o","author":"ismaelcolosi.com.br","date":"17 de April de 2025","format":false,"excerpt":"An\u00fancios VAGA EST\u00c1GIO ENSINO M\u00c9DIO TRIBUNAL DE JUSTI\u00c7A Est\u00e1gios - - 15\/04\/2025 Programa:\u00a0Est\u00e1gio\u00c1rea de Atua\u00e7\u00e3o:\u00a0AdministrativaEscolaridade:\u00a0Ensino M\u00e9dioAno ou Semestre da Vaga:\u00a0Do 1\u00ba ao 2\u00ba anoLocal da Vaga:\u00a0Ribeir\u00e3o Preto e regi\u00e3oHor\u00e1rio da Vaga:\u00a09h - 13h ou 13h - 17hValor da Bolsa ou Sal\u00e1rio:\u00a0R$ 600,00Benef\u00edcios:\u00a0R$ 185,27Pro... VAGA EST\u00c1GIO QU\u00cdMICA Est\u00e1gios - - 15\/04\/2025\u2026","rel":"","context":"In &quot;Vagas de Emprego em Ribeir\u00e3o Preto-SP&quot;","block_context":{"text":"Vagas de Emprego em Ribeir\u00e3o Preto-SP","link":"https:\/\/ismaelcolosi.com.br\/index.php\/category\/empregos-classificados-vagas-trabalho\/vagas-de-empregos-em-ribeirao-preto-regiao-brasil\/"},"img":{"alt_text":"VAGA EST\u00c1GIO ENSINO M\u00c9DIO TRIBUNAL DE JUSTI\u00c7A","src":"https:\/\/i0.wp.com\/tribunaribeirao.com.br\/classificadostribuna\/oc-content\/uploads\/47\/5356_thumbnail.jpg?resize=350%2C200&ssl=1","width":350,"height":200},"classes":[]}],"jetpack_sharing_enabled":true,"jetpack_shortlink":"https:\/\/wp.me\/pfMlyK-9Jt","_links":{"self":[{"href":"https:\/\/ismaelcolosi.com.br\/index.php\/wp-json\/wp\/v2\/posts\/37415","targetHints":{"allow":["GET"]}}],"collection":[{"href":"https:\/\/ismaelcolosi.com.br\/index.php\/wp-json\/wp\/v2\/posts"}],"about":[{"href":"https:\/\/ismaelcolosi.com.br\/index.php\/wp-json\/wp\/v2\/types\/post"}],"author":[{"embeddable":true,"href":"https:\/\/ismaelcolosi.com.br\/index.php\/wp-json\/wp\/v2\/users\/1"}],"replies":[{"embeddable":true,"href":"https:\/\/ismaelcolosi.com.br\/index.php\/wp-json\/wp\/v2\/comments?post=37415"}],"version-history":[{"count":0,"href":"https:\/\/ismaelcolosi.com.br\/index.php\/wp-json\/wp\/v2\/posts\/37415\/revisions"}],"wp:attachment":[{"href":"https:\/\/ismaelcolosi.com.br\/index.php\/wp-json\/wp\/v2\/media?parent=37415"}],"wp:term":[{"taxonomy":"category","embeddable":true,"href":"https:\/\/ismaelcolosi.com.br\/index.php\/wp-json\/wp\/v2\/categories?post=37415"},{"taxonomy":"post_tag","embeddable":true,"href":"https:\/\/ismaelcolosi.com.br\/index.php\/wp-json\/wp\/v2\/tags?post=37415"}],"curies":[{"name":"wp","href":"https:\/\/api.w.org\/{rel}","templated":true}]}}