{"id":37405,"date":"2024-02-15T22:25:15","date_gmt":"2024-02-16T01:25:15","guid":{"rendered":"https:\/\/ismaelcolosi.com.br\/index.php\/2024\/02\/15\/ribeirao-tera-novos-cursos-de-pos-graduacao-em-medicina\/"},"modified":"2024-02-15T22:25:15","modified_gmt":"2024-02-16T01:25:15","slug":"ribeirao-tera-novos-cursos-de-pos-graduacao-em-medicina","status":"publish","type":"post","link":"https:\/\/ismaelcolosi.com.br\/index.php\/2024\/02\/15\/ribeirao-tera-novos-cursos-de-pos-graduacao-em-medicina\/","title":{"rendered":"Ribeir\u00e3o ter\u00e1 novos cursos de p\u00f3s-gradua\u00e7\u00e3o em medicina"},"content":{"rendered":"<p> <br \/>\n<\/p>\n<div id=\"\">\n<p> <span class=\"entry-meta-item penci-posted-on\"><i class=\"fa fa-clock-o\"\/><time class=\"entry-date published updated\" datetime=\"2024-02-15T17:19:11-03:00\">15 de fevereiro de 2024 | 17:19<\/time><\/span><\/p>\n<p> <span class=\"penci-social-buttons penci-social-share-footer\"><a href=\"#\" class=\"penci-post-like penci_post-meta_item  single-like-button penci-social-item like\" data-post_id=\"373810\" title=\"Like\" data-like=\"Like\" data-unlike=\"Unlike\"><i class=\"fa fa-thumbs-o-up\"\/><span class=\"penci-share-number\">0<\/span><\/a><i class=\"fa fa-facebook\"\/><a class=\"penci-social-item twitter\" target=\"_blank\" rel=\"noopener\" title=\"\" href=\"https:\/\/twitter.com\/intent\/tweet?text=Ribeir\u00e3o%20ter\u00e1%20novos%20cursos%20de%20p\u00f3s-gradua\u00e7\u00e3o%20em%20medicina%20-%20https:\/\/www.tribunaribeirao.com.br\/site\/ribeirao-tera-novos-cursos-de-pos-graduacao-em-medicina\/\"><i class=\"fa fa-twitter\"\/><\/a><i class=\"fa fa-whatsapp\"\/><\/span><\/div>\n<div>\n<p>Ribeir\u00e3o Preto passa a contar com um centro de p\u00f3s-gradua\u00e7\u00e3o em medicina da Afya, a primeira unidade no interior de S\u00e3o Paulo. A institui\u00e7\u00e3o \u00e9 definida por um ecossistema de inova\u00e7\u00e3o que integra, de forma estrat\u00e9gica e intencional, educa\u00e7\u00e3o, tecnologia e sa\u00fade.<br aria-hidden=\"true\"\/><\/p>\n<p>Reconhecida como o maior hub de educa\u00e7\u00e3o e solu\u00e7\u00f5es digitais m\u00e9dicas do pa\u00eds, a Afya \u00e9 refer\u00eancia em gradua\u00e7\u00e3o de medicina e ensino continuado oferecendo p\u00f3s-gradua\u00e7\u00e3o, especializa\u00e7\u00e3o e aperfei\u00e7oamento m\u00e9dico, para formar especialistas em diversas disciplinas da \u00e1rea de sa\u00fade e acompanha-los por toda a jornada profissional. A Afya tamb\u00e9m \u00e9 refer\u00eancia em solu\u00e7\u00f5es digitais para o dia a dia do m\u00e9dico com as ferramentas Afya Whitebook, Afya iClinic, Afya Papers, entre outras.<br aria-hidden=\"true\"\/><\/p>\n<p>Em ambiente moderno e aconchegante, instalada no complexo Dabi Business Park, na Lagoinha, a Afya abre suas portas j\u00e1 com os cursos de p\u00f3s-gradua\u00e7\u00e3o em Dermatologia, Endocrinologia, Psiquiatria e Pediatria. Suas amplas instala\u00e7\u00f5es contam com salas de aulas modernas, consult\u00f3rios, espa\u00e7o de conviv\u00eancia, espa\u00e7o de descompress\u00e3o e sala de discuss\u00e3o de caso, permitindo o desenvolvimento de at\u00e9 seis turmas simultaneamente.<br aria-hidden=\"true\"\/><\/p>\n<p>\u201cDisponibilizamos o que h\u00e1 de melhor em infraestrutura e qualidade, para proporcionar a melhor viv\u00eancia pr\u00e1tica aos nossos alunos\u201d, diz Rodrigo Volpato, diretor da Afya Educa\u00e7\u00e3o M\u00e9dica \u2013 unidade Ribeir\u00e3o Preto.<br aria-hidden=\"true\"\/><\/p>\n<p>Os cursos de p\u00f3s-gradua\u00e7\u00e3o da Afya Educa\u00e7\u00e3o M\u00e9dica s\u00e3o oferecidos pela modalidade lato sensu em mais de 70 especialidades m\u00e9dicas e multiprofissionais \u2013 em todas as suas 15 unidades distribu\u00eddas pelo pa\u00eds \u2013, de curta e longa dura\u00e7\u00e3o, com aulas em ambulat\u00f3rios pr\u00f3prios, instala\u00e7\u00f5es modernas e equipamentos de ponta.<br aria-hidden=\"true\"\/><\/p>\n<p>Em sua forma de atua\u00e7\u00e3o, a institui\u00e7\u00e3o mant\u00e9m parcerias com as mais importantes sociedades m\u00e9dicas e centenas de hospitais em mais de 40 munic\u00edpios, no entorno de suas 15 unidades, entre cl\u00ednicas, laborat\u00f3rios e demais espa\u00e7os especializados para pr\u00e1ticas de forma\u00e7\u00e3o m\u00e9dica, e aulas com turmas reduzidas, concentradas em menos dias da semana \u2013 sextas e s\u00e1bados, para facilitar a rotina do m\u00e9dico.<br aria-hidden=\"true\"\/><\/p>\n<p>Segundo Rodrigo Volpato, a escolha da cidade foi estrat\u00e9gica: \u201cRibeir\u00e3o Preto \u00e9 um polo que se destaca na \u00e1rea de sa\u00fade, especialmente em medicina, por suas faculdades conceituadas, hospitais e profissionais m\u00e9dicos que s\u00e3o refer\u00eancias nacionais. Estamos somando a excel\u00eancia m\u00e9dica da Afya para \u2018transformar a sa\u00fade em conjunto com quem tem a Medicina como voca\u00e7\u00e3o\u2019, esse \u00e9 nosso prop\u00f3sito\u201d, conclui o executivo.<\/p>\n<p><strong>Servi\u00e7o:<\/strong><\/p>\n<p><strong>AFYA EDUCA\u00c7\u00c3O M\u00c9DICA<\/strong><\/p>\n<p><strong>Endere\u00e7o:<\/strong>\u00a0Av. Presidente Castelo Branco, 2525 \u2013 Lagoinha, Ribeir\u00e3o Preto \u2013 Dabi Business Park<\/p>\n<p><strong>Telefone (atendimento para alunos):<\/strong>\u00a016 99738-7656<\/p>\n<p><strong>Inscri\u00e7\u00f5es abertas para os cursos de p\u00f3s-gradua\u00e7\u00e3o em: Dermatologia, Psiquiatria, Pediatria e Endocrinologia<\/strong><\/p>\n<\/div>\n<p><script async src=\"\/\/platform.twitter.com\/widgets.js\" charset=\"utf-8\"><\/script><br \/>\n<br \/><br \/>\n<br \/><a href=\"https:\/\/www.tribunaribeirao.com.br\/site\/ribeirao-tera-novos-cursos-de-pos-graduacao-em-medicina\/\">Source link <\/a><\/p>\n<div class='code-block code-block-4' style='margin: 8px auto 8px 0; text-align: left; display: block; clear: both;'>\n\ud83d\udce2 Aviso Legal\n\nO site ismaelcolosi.com.br atua apenas como um canal de divulga\u00e7\u00e3o de oportunidades de emprego e n\u00e3o se responsabiliza pelo processo seletivo, contrata\u00e7\u00e3o ou qualquer outra etapa relacionada \u00e0s vagas publicadas. Todas as informa\u00e7\u00f5es s\u00e3o de responsabilidade dos anunciantes.\n\n\u26a0\ufe0f Aten\u00e7\u00e3o! Nunca pague por promessas de emprego nem compre cursos que garantam contrata\u00e7\u00e3o. Desconfie de qualquer cobran\u00e7a para participar de sele\u00e7\u00f5es.\n\n\n\n<\/div>\n<!-- CONTENT END 1 -->\n","protected":false},"excerpt":{"rendered":"<p>15 de fevereiro de 2024 | 17:19 0 Ribeir\u00e3o Preto passa a contar com um centro de p\u00f3s-gradua\u00e7\u00e3o em medicina da Afya, a primeira unidade&#8230;<\/p>\n","protected":false},"author":1,"featured_media":37406,"comment_status":"open","ping_status":"open","sticky":false,"template":"","format":"standard","meta":{"_uag_custom_page_level_css":"","advanced_seo_description":"","jetpack_seo_html_title":"","jetpack_seo_noindex":false,"jetpack_post_was_ever_published":false,"_jetpack_newsletter_access":"","_jetpack_dont_email_post_to_subs":false,"_jetpack_newsletter_tier_id":0,"_jetpack_memberships_contains_paywalled_content":false,"_jetpack_memberships_contains_paid_content":false,"footnotes":"","jetpack_publicize_message":"","jetpack_publicize_feature_enabled":true,"jetpack_social_post_already_shared":true,"jetpack_social_options":{"image_generator_settings":{"template":"highway","default_image_id":0,"font":"","enabled":false},"version":2}},"categories":[11],"tags":[213,1083,520,4287,26,679],"class_list":["post-37405","post","type-post","status-publish","format-standard","has-post-thumbnail","hentry","category-noticias-de-ribeirao-preto-sp-e-regiao-ismael-colosi","tag-cursos","tag-medicina","tag-novos","tag-posgraduacao","tag-ribeirao","tag-tera"],"jetpack_publicize_connections":[],"jetpack_featured_media_url":"https:\/\/i0.wp.com\/ismaelcolosi.com.br\/wp-content\/uploads\/2024\/02\/47560e0c3abab2b6406ecac95fcd29b2-scaled.jpeg?fit=967%2C645&ssl=1","uagb_featured_image_src":{"full":["https:\/\/i0.wp.com\/ismaelcolosi.com.br\/wp-content\/uploads\/2024\/02\/47560e0c3abab2b6406ecac95fcd29b2-scaled.jpeg?fit=967%2C645&ssl=1",967,645,false],"thumbnail":["https:\/\/i0.wp.com\/ismaelcolosi.com.br\/wp-content\/uploads\/2024\/02\/47560e0c3abab2b6406ecac95fcd29b2-scaled.jpeg?resize=150%2C150&ssl=1",150,150,true],"medium":["https:\/\/i0.wp.com\/ismaelcolosi.com.br\/wp-content\/uploads\/2024\/02\/47560e0c3abab2b6406ecac95fcd29b2-scaled.jpeg?fit=300%2C200&ssl=1",300,200,true],"medium_large":["https:\/\/i0.wp.com\/ismaelcolosi.com.br\/wp-content\/uploads\/2024\/02\/47560e0c3abab2b6406ecac95fcd29b2-scaled.jpeg?fit=768%2C512&ssl=1",768,512,true],"large":["https:\/\/i0.wp.com\/ismaelcolosi.com.br\/wp-content\/uploads\/2024\/02\/47560e0c3abab2b6406ecac95fcd29b2-scaled.jpeg?fit=967%2C645&ssl=1",967,645,true],"1536x1536":["https:\/\/i0.wp.com\/ismaelcolosi.com.br\/wp-content\/uploads\/2024\/02\/47560e0c3abab2b6406ecac95fcd29b2-scaled.jpeg?fit=967%2C645&ssl=1",967,645,true],"2048x2048":["https:\/\/i0.wp.com\/ismaelcolosi.com.br\/wp-content\/uploads\/2024\/02\/47560e0c3abab2b6406ecac95fcd29b2-scaled.jpeg?fit=967%2C645&ssl=1",967,645,true],"really-simple-thumb":["https:\/\/i0.wp.com\/ismaelcolosi.com.br\/wp-content\/uploads\/2024\/02\/47560e0c3abab2b6406ecac95fcd29b2-scaled.jpeg?resize=370%2C247&ssl=1",370,247,true]},"uagb_author_info":{"display_name":"ismaelcolosi.com.br","author_link":"https:\/\/ismaelcolosi.com.br\/index.php\/author\/vidareal-online\/"},"uagb_comment_info":0,"uagb_excerpt":"15 de fevereiro de 2024 | 17:19 0 Ribeir\u00e3o Preto passa a contar com um centro de p\u00f3s-gradua\u00e7\u00e3o em medicina da Afya, a primeira unidade...","jetpack-related-posts":[{"id":41596,"url":"https:\/\/ismaelcolosi.com.br\/index.php\/2024\/03\/09\/fuvest-anuncia-mudancas-no-vestibular-de-medicina-da-usp-entenda\/","url_meta":{"origin":37405,"position":0},"title":"Fuvest anuncia mudan\u00e7as no vestibular de Medicina da USP; Entenda","author":"ismaelcolosi.com.br","date":"9 de March de 2024","format":false,"excerpt":"A partir de 2025, o vestibular da Funda\u00e7\u00e3o Universit\u00e1ria para o Vestibular (Fuvest) ter\u00e1 mudan\u00e7as para a \u00e1rea de Medicina. De acordo com informa\u00e7\u00f5es divulgadas nesta sexta-feira (8), pela Pr\u00f3-Reitoria de Gradua\u00e7\u00e3o da Universidade de S\u00e3o Paulo (USP), os cursos das tr\u00eas unidades ter\u00e3o ingresso unificado na mesma carreira. Desta\u2026","rel":"","context":"In &quot;Not\u00edcias de Ribeir\u00e3o Preto-SP e Regi\u00e3o&quot;","block_context":{"text":"Not\u00edcias de Ribeir\u00e3o Preto-SP e Regi\u00e3o","link":"https:\/\/ismaelcolosi.com.br\/index.php\/category\/noticias-de-ribeirao-preto-sp-e-regiao-ismael-colosi\/"},"img":{"alt_text":"","src":"https:\/\/i0.wp.com\/ismaelcolosi.com.br\/wp-content\/uploads\/2024\/03\/usp_ribeirao_500x320_26072019111611.jpg?fit=500%2C322&ssl=1&resize=350%2C200","width":350,"height":200},"classes":[]},{"id":56452,"url":"https:\/\/ismaelcolosi.com.br\/index.php\/2024\/07\/11\/faculdade-de-medicina-de-ribeirao-preto-da-usp-esta-com-inscricoes-abertas-para-pos-graduacao\/","url_meta":{"origin":37405,"position":1},"title":"Faculdade de Medicina de Ribeir\u00e3o Preto da USP est\u00e1 com inscri\u00e7\u00f5es abertas para p\u00f3s-gradua\u00e7\u00e3o","author":"ismaelcolosi.com.br","date":"11 de July de 2024","format":false,"excerpt":"A Faculdade de Medicina de Ribeir\u00e3o Preto da USP (FMRP-USP) est\u00e1 com inscri\u00e7\u00f5es abertas, at\u00e9 o dia 16 de agosto, para o processo seletivo dos programas de p\u00f3s-gradua\u00e7\u00e3o. Ao todo, s\u00e3o 16 vagas, sendo 12 em ampla concorr\u00eancia e quatro para a\u00e7\u00f5es afirmativas. Os interessados podem se inscrever, exclusivamente, pelo\u2026","rel":"","context":"In &quot;Not\u00edcias de Ribeir\u00e3o Preto-SP e Regi\u00e3o&quot;","block_context":{"text":"Not\u00edcias de Ribeir\u00e3o Preto-SP e Regi\u00e3o","link":"https:\/\/ismaelcolosi.com.br\/index.php\/category\/noticias-de-ribeirao-preto-sp-e-regiao-ismael-colosi\/"},"img":{"alt_text":"","src":"https:\/\/i0.wp.com\/ismaelcolosi.com.br\/wp-content\/uploads\/2024\/07\/fmrp4jpg_2024-07-11_23-52-20_jpg_2024-07-11_23-52-21.webp.webp?fit=1200%2C675&ssl=1&resize=350%2C200","width":350,"height":200,"srcset":"https:\/\/i0.wp.com\/ismaelcolosi.com.br\/wp-content\/uploads\/2024\/07\/fmrp4jpg_2024-07-11_23-52-20_jpg_2024-07-11_23-52-21.webp.webp?fit=1200%2C675&ssl=1&resize=350%2C200 1x, https:\/\/i0.wp.com\/ismaelcolosi.com.br\/wp-content\/uploads\/2024\/07\/fmrp4jpg_2024-07-11_23-52-20_jpg_2024-07-11_23-52-21.webp.webp?fit=1200%2C675&ssl=1&resize=525%2C300 1.5x, https:\/\/i0.wp.com\/ismaelcolosi.com.br\/wp-content\/uploads\/2024\/07\/fmrp4jpg_2024-07-11_23-52-20_jpg_2024-07-11_23-52-21.webp.webp?fit=1200%2C675&ssl=1&resize=700%2C400 2x, https:\/\/i0.wp.com\/ismaelcolosi.com.br\/wp-content\/uploads\/2024\/07\/fmrp4jpg_2024-07-11_23-52-20_jpg_2024-07-11_23-52-21.webp.webp?fit=1200%2C675&ssl=1&resize=1050%2C600 3x"},"classes":[]},{"id":52422,"url":"https:\/\/ismaelcolosi.com.br\/index.php\/2024\/06\/06\/polo-ribeirao-preto-da-anhembi-morumbi-on-line-ensino-inovador\/","url_meta":{"origin":37405,"position":2},"title":"Polo Ribeir\u00e3o Preto da Anhembi Morumbi On-line: ensino inovador","author":"ismaelcolosi.com.br","date":"6 de June de 2024","format":false,"excerpt":"Imagine um cen\u00e1rio em que a aprendizagem vai al\u00e9m das salas de aula tradicionais, preparando os alunos n\u00e3o apenas para os desafios te\u00f3ricos, mas tamb\u00e9m para as exig\u00eancias pr\u00e1ticas do mundo profissional? Imagine ent\u00e3o que isso acontece num ambiente virtual, acess\u00edvel e intuitivo, para estudar no seu ritmo, de acordo\u2026","rel":"","context":"In &quot;Not\u00edcias de Ribeir\u00e3o Preto-SP e Regi\u00e3o&quot;","block_context":{"text":"Not\u00edcias de Ribeir\u00e3o Preto-SP e Regi\u00e3o","link":"https:\/\/ismaelcolosi.com.br\/index.php\/category\/noticias-de-ribeirao-preto-sp-e-regiao-ismael-colosi\/"},"img":{"alt_text":"","src":"https:\/\/i0.wp.com\/ismaelcolosi.com.br\/wp-content\/uploads\/2024\/06\/2_2024-06-06_16-32-58_png_2024-06-06_16-32-58.webp.webp?fit=820%2C524&ssl=1&resize=350%2C200","width":350,"height":200,"srcset":"https:\/\/i0.wp.com\/ismaelcolosi.com.br\/wp-content\/uploads\/2024\/06\/2_2024-06-06_16-32-58_png_2024-06-06_16-32-58.webp.webp?fit=820%2C524&ssl=1&resize=350%2C200 1x, https:\/\/i0.wp.com\/ismaelcolosi.com.br\/wp-content\/uploads\/2024\/06\/2_2024-06-06_16-32-58_png_2024-06-06_16-32-58.webp.webp?fit=820%2C524&ssl=1&resize=525%2C300 1.5x, https:\/\/i0.wp.com\/ismaelcolosi.com.br\/wp-content\/uploads\/2024\/06\/2_2024-06-06_16-32-58_png_2024-06-06_16-32-58.webp.webp?fit=820%2C524&ssl=1&resize=700%2C400 2x"},"classes":[]},{"id":73028,"url":"https:\/\/ismaelcolosi.com.br\/index.php\/2024\/10\/24\/cursos-na-usp-ribeirao-preto-estao-entre-os-mais-concorridos-da-fuvest\/","url_meta":{"origin":37405,"position":3},"title":"Cursos na USP Ribeir\u00e3o Preto est\u00e3o entre os mais concorridos da Fuvest","author":"ismaelcolosi.com.br","date":"24 de October de 2024","format":false,"excerpt":"A Fuvest divulgou nesta quinta-feira (24) os cursos mais concorridos do vestibular de acesso \u00e0 USP (Universidade de S\u00e3o Paulo). Os cursos de Medicina e Psicologia, oferecidos em Ribeir\u00e3o Preto, est\u00e3o entre as carreiras mais concorridas nesta edi\u00e7\u00e3o. Os inscritos na Fuvest j\u00e1 podem consultar a rela\u00e7\u00e3o de candidatos por\u2026","rel":"","context":"In &quot;Not\u00edcias de Ribeir\u00e3o Preto-SP e Regi\u00e3o&quot;","block_context":{"text":"Not\u00edcias de Ribeir\u00e3o Preto-SP e Regi\u00e3o","link":"https:\/\/ismaelcolosi.com.br\/index.php\/category\/noticias-de-ribeirao-preto-sp-e-regiao-ismael-colosi\/"},"img":{"alt_text":"","src":"https:\/\/i0.wp.com\/ismaelcolosi.com.br\/wp-content\/uploads\/2024\/10\/1729786425_CAMPUS-DA-USP-DE-RIBEIRAO-PRETO-1024x683.jpg?fit=1024%2C683&ssl=1&resize=350%2C200","width":350,"height":200,"srcset":"https:\/\/i0.wp.com\/ismaelcolosi.com.br\/wp-content\/uploads\/2024\/10\/1729786425_CAMPUS-DA-USP-DE-RIBEIRAO-PRETO-1024x683.jpg?fit=1024%2C683&ssl=1&resize=350%2C200 1x, https:\/\/i0.wp.com\/ismaelcolosi.com.br\/wp-content\/uploads\/2024\/10\/1729786425_CAMPUS-DA-USP-DE-RIBEIRAO-PRETO-1024x683.jpg?fit=1024%2C683&ssl=1&resize=525%2C300 1.5x, https:\/\/i0.wp.com\/ismaelcolosi.com.br\/wp-content\/uploads\/2024\/10\/1729786425_CAMPUS-DA-USP-DE-RIBEIRAO-PRETO-1024x683.jpg?fit=1024%2C683&ssl=1&resize=700%2C400 2x"},"classes":[]},{"id":53240,"url":"https:\/\/ismaelcolosi.com.br\/index.php\/2024\/06\/14\/ministerio-publico-do-trabalho-abre-inscricoes-para-estagio-no-interior-de-sao-paulo\/","url_meta":{"origin":37405,"position":4},"title":"Minist\u00e9rio P\u00fablico do Trabalho abre inscri\u00e7\u00f5es para est\u00e1gio no interior de S\u00e3o Paulo","author":"ismaelcolosi.com.br","date":"14 de June de 2024","format":false,"excerpt":"O MPT (Minist\u00e9rio P\u00fablico do Trabalho) est\u00e1 com inscri\u00e7\u00f5es abertas para est\u00e1gios em nove cidades do interior de S\u00e3o Paulo, entre elas, Ribeir\u00e3o Preto (veja abaixo). As oportunidades s\u00e3o para as \u00e1reas de direito (gradua\u00e7\u00e3o e p\u00f3s-gradua\u00e7\u00e3o) e rela\u00e7\u00f5es p\u00fablicas (gradua\u00e7\u00e3o). Os interessados podem se inscrever at\u00e9 \u00e0s 23h30 do\u2026","rel":"","context":"In &quot;Not\u00edcias de Ribeir\u00e3o Preto-SP e Regi\u00e3o&quot;","block_context":{"text":"Not\u00edcias de Ribeir\u00e3o Preto-SP e Regi\u00e3o","link":"https:\/\/ismaelcolosi.com.br\/index.php\/category\/noticias-de-ribeirao-preto-sp-e-regiao-ismael-colosi\/"},"img":{"alt_text":"","src":"https:\/\/i0.wp.com\/ismaelcolosi.com.br\/wp-content\/uploads\/2024\/06\/instrutor-explicando-software-corporativo-especifico-para-estagiario_2024-06-14_18-52-13_jpg_2024-06-14_18-52-14-scaled.webp.webp?fit=1200%2C800&ssl=1&resize=350%2C200","width":350,"height":200,"srcset":"https:\/\/i0.wp.com\/ismaelcolosi.com.br\/wp-content\/uploads\/2024\/06\/instrutor-explicando-software-corporativo-especifico-para-estagiario_2024-06-14_18-52-13_jpg_2024-06-14_18-52-14-scaled.webp.webp?fit=1200%2C800&ssl=1&resize=350%2C200 1x, https:\/\/i0.wp.com\/ismaelcolosi.com.br\/wp-content\/uploads\/2024\/06\/instrutor-explicando-software-corporativo-especifico-para-estagiario_2024-06-14_18-52-13_jpg_2024-06-14_18-52-14-scaled.webp.webp?fit=1200%2C800&ssl=1&resize=525%2C300 1.5x, https:\/\/i0.wp.com\/ismaelcolosi.com.br\/wp-content\/uploads\/2024\/06\/instrutor-explicando-software-corporativo-especifico-para-estagiario_2024-06-14_18-52-13_jpg_2024-06-14_18-52-14-scaled.webp.webp?fit=1200%2C800&ssl=1&resize=700%2C400 2x, https:\/\/i0.wp.com\/ismaelcolosi.com.br\/wp-content\/uploads\/2024\/06\/instrutor-explicando-software-corporativo-especifico-para-estagiario_2024-06-14_18-52-13_jpg_2024-06-14_18-52-14-scaled.webp.webp?fit=1200%2C800&ssl=1&resize=1050%2C600 3x"},"classes":[]},{"id":67031,"url":"https:\/\/ismaelcolosi.com.br\/index.php\/2024\/09\/20\/multinacional-oferece-vagas-em-programa-de-trainee-veja-como-participar\/","url_meta":{"origin":37405,"position":5},"title":"Multinacional oferece vagas em programa de trainee; Veja como participar","author":"ismaelcolosi.com.br","date":"20 de September de 2024","format":false,"excerpt":"A Multinacional Nestl\u00e9 est\u00e1 com vagas abertas para o seu programa de trainee 2025, inclusive em Ribeir\u00e3o Preto. Podem participar pessoas com forma\u00e7\u00e3o entre dezembro de 2020 e dezembro de 2024, em qualquer curso de gradua\u00e7\u00e3o reconhecido pelo MEC (Minist\u00e9rio da Educa\u00e7\u00e3o) \u2013 bacharelado, licenciatura ou tecn\u00f3logo. As inscri\u00e7\u00f5es devem\u2026","rel":"","context":"In &quot;Not\u00edcias de Ribeir\u00e3o Preto-SP e Regi\u00e3o&quot;","block_context":{"text":"Not\u00edcias de Ribeir\u00e3o Preto-SP e Regi\u00e3o","link":"https:\/\/ismaelcolosi.com.br\/index.php\/category\/noticias-de-ribeirao-preto-sp-e-regiao-ismael-colosi\/"},"img":{"alt_text":"","src":"https:\/\/i0.wp.com\/ismaelcolosi.com.br\/wp-content\/uploads\/2024\/06\/Copia-de-Copia-de-TAMANHO-EXATO-PARA-FOTOS-NO-SISTEMA-NOVO-6_2024-06-11_13-40-15_jpg_2024-06-11_13-40-15.webp.webp?fit=1200%2C675&ssl=1&resize=350%2C200","width":350,"height":200,"srcset":"https:\/\/i0.wp.com\/ismaelcolosi.com.br\/wp-content\/uploads\/2024\/06\/Copia-de-Copia-de-TAMANHO-EXATO-PARA-FOTOS-NO-SISTEMA-NOVO-6_2024-06-11_13-40-15_jpg_2024-06-11_13-40-15.webp.webp?fit=1200%2C675&ssl=1&resize=350%2C200 1x, https:\/\/i0.wp.com\/ismaelcolosi.com.br\/wp-content\/uploads\/2024\/06\/Copia-de-Copia-de-TAMANHO-EXATO-PARA-FOTOS-NO-SISTEMA-NOVO-6_2024-06-11_13-40-15_jpg_2024-06-11_13-40-15.webp.webp?fit=1200%2C675&ssl=1&resize=525%2C300 1.5x, https:\/\/i0.wp.com\/ismaelcolosi.com.br\/wp-content\/uploads\/2024\/06\/Copia-de-Copia-de-TAMANHO-EXATO-PARA-FOTOS-NO-SISTEMA-NOVO-6_2024-06-11_13-40-15_jpg_2024-06-11_13-40-15.webp.webp?fit=1200%2C675&ssl=1&resize=700%2C400 2x, https:\/\/i0.wp.com\/ismaelcolosi.com.br\/wp-content\/uploads\/2024\/06\/Copia-de-Copia-de-TAMANHO-EXATO-PARA-FOTOS-NO-SISTEMA-NOVO-6_2024-06-11_13-40-15_jpg_2024-06-11_13-40-15.webp.webp?fit=1200%2C675&ssl=1&resize=1050%2C600 3x"},"classes":[]}],"jetpack_sharing_enabled":true,"jetpack_shortlink":"https:\/\/wp.me\/pfMlyK-9Jj","_links":{"self":[{"href":"https:\/\/ismaelcolosi.com.br\/index.php\/wp-json\/wp\/v2\/posts\/37405","targetHints":{"allow":["GET"]}}],"collection":[{"href":"https:\/\/ismaelcolosi.com.br\/index.php\/wp-json\/wp\/v2\/posts"}],"about":[{"href":"https:\/\/ismaelcolosi.com.br\/index.php\/wp-json\/wp\/v2\/types\/post"}],"author":[{"embeddable":true,"href":"https:\/\/ismaelcolosi.com.br\/index.php\/wp-json\/wp\/v2\/users\/1"}],"replies":[{"embeddable":true,"href":"https:\/\/ismaelcolosi.com.br\/index.php\/wp-json\/wp\/v2\/comments?post=37405"}],"version-history":[{"count":0,"href":"https:\/\/ismaelcolosi.com.br\/index.php\/wp-json\/wp\/v2\/posts\/37405\/revisions"}],"wp:featuredmedia":[{"embeddable":true,"href":"https:\/\/ismaelcolosi.com.br\/index.php\/wp-json\/wp\/v2\/media\/37406"}],"wp:attachment":[{"href":"https:\/\/ismaelcolosi.com.br\/index.php\/wp-json\/wp\/v2\/media?parent=37405"}],"wp:term":[{"taxonomy":"category","embeddable":true,"href":"https:\/\/ismaelcolosi.com.br\/index.php\/wp-json\/wp\/v2\/categories?post=37405"},{"taxonomy":"post_tag","embeddable":true,"href":"https:\/\/ismaelcolosi.com.br\/index.php\/wp-json\/wp\/v2\/tags?post=37405"}],"curies":[{"name":"wp","href":"https:\/\/api.w.org\/{rel}","templated":true}]}}