{"id":37400,"date":"2024-02-15T21:50:18","date_gmt":"2024-02-16T00:50:18","guid":{"rendered":"https:\/\/ismaelcolosi.com.br\/index.php\/2024\/02\/15\/usinas-na-regiao-de-ribeirao-preto-estao-com-12-mil-oportunidades-veja-as-vagas\/"},"modified":"2024-02-15T21:50:18","modified_gmt":"2024-02-16T00:50:18","slug":"usinas-na-regiao-de-ribeirao-preto-estao-com-12-mil-oportunidades-veja-as-vagas","status":"publish","type":"post","link":"https:\/\/ismaelcolosi.com.br\/index.php\/2024\/02\/15\/usinas-na-regiao-de-ribeirao-preto-estao-com-12-mil-oportunidades-veja-as-vagas\/","title":{"rendered":"Usinas na regi\u00e3o de Ribeir\u00e3o Preto est\u00e3o com 1,2 mil oportunidades; Veja as vagas"},"content":{"rendered":"<p> <br \/>\n<\/p>\n<div>\n<p>Duas usinas da <strong>regi\u00e3o de Ribeir\u00e3o Preto<\/strong> est\u00e3o com <strong>1,2 mil vagas de emprego<\/strong> dispon\u00edveis para atuar na safra 2024\/2025. <strong>Os cargos s\u00e3o para safristas, no entanto, tamb\u00e9m existem vagas efetivas.<\/strong><\/p>\n<p>As oportunidades s\u00e3o para a <strong>Tereo <\/strong>e a <strong>Viralcool<\/strong>, e est\u00e3o dividas nas <strong>\u00e1reas da ind\u00fastria<\/strong>, <strong>automotiva<\/strong> e <strong>agr\u00edcola<\/strong>. A safra de cana-de-a\u00e7\u00facar est\u00e1 se aproximando e o cen\u00e1rio para produ\u00e7\u00e3o \u00e9 positivo.<\/p>\n<h4 class=\"wp-block-heading\"><strong>Como se candidatar?<\/strong><\/h4>\n<h4 class=\"wp-block-heading\"><strong>Viralcool<\/strong><\/h4>\n<p>O grupo <strong>Viralcool <\/strong>est\u00e1 com <strong>700 oportunidades<\/strong> \u2013 inclusive para Pessoas com Defici\u00eancia (PCD) \u2013 \u00a0para a unidade de <strong>Pitangueiras<\/strong>. Os interessados devem encaminhar o curr\u00edculo para o e-mail recrutamento.pitangueiras@viracool.com.br, com o t\u00edtulo \u2018Vaga\u2019.<\/p>\n<p><mark style=\"background-color:#fcb900\" class=\"has-inline-color\">O documento tamb\u00e9m pode ser entregue na portaria do departamento de recursos humanos da usina.<\/mark><\/p>\n<p>Borracheiro motorista<\/p>\n<p>Eletricista automotivo<\/p>\n<p>Mec\u00e2nico de colhedora<\/p>\n<p>Mec\u00e2nico de m\u00e1quinas agr\u00edcolas<\/p>\n<p>Mec\u00e2nico de autom\u00f3veis<\/p>\n<p>Soldador automotivo<\/p>\n<p>Motorista II e III (Carteira Nacional de Habilita\u00e7\u00e3o D e E)<\/p>\n<p>Motorista defensivos agr\u00edcolas<\/p>\n<p>Operador de colhedora (Carteira Nacional de Habilita\u00e7\u00e3o C e D)<\/p>\n<p>Tratorista\/Operador de transbordo (Carteira Nacional de Habilita\u00e7\u00e3o C)<\/p>\n<p>Operador de patrola (Carteira Nacional de Habilita\u00e7\u00e3o C, D e E)<\/p>\n<p>Operador de m\u00e1quinas pesadas (Carteira Nacional de Habilita\u00e7\u00e3o C, D e E)<\/p>\n<p>Soldador industrial<\/p>\n<p>Caldeireiro de manuten\u00e7\u00e3o industrial<\/p>\n<p>Mec\u00e2nico industrial II e III<\/p>\n<p>Eletricista industrial<\/p>\n<p>Operador de caldeira<\/p>\n<p>Operador de empilhadeira<\/p>\n<h4 class=\"wp-block-heading\"><strong>Tereos<\/strong><\/h4>\n<p>A Tereos est\u00e1 oferecendo<strong> 500 oportunidades de emprego<\/strong> em seis unidades, sendo Colina, Gua\u00edra e Pitangueiras na regi\u00e3o de Ribeir\u00e3o Preto.<\/p>\n<p>Para se candidatar o interessado deve residir em Pitangueiras, Barretos, Ibiti\u00fava, Gua\u00edra, Colina, Jaborandi, Ol\u00edmpia, Sever\u00ednia, Bagua\u00e7u, Cajobi, Guapia\u00e7u, Guaraci, Altair, Ic\u00e9m, Nova Granada, Palestina, B\u00e1lsamo, Tanabi e Monte Apraz\u00edvel.<\/p>\n<p><strong>Os interessados devem enviar o curr\u00edculo por e-mail at\u00e9 o dia 29 de fevereiro para:<\/strong><\/p>\n<p><strong>Unidade Andrade (Pitangueiras): <\/strong>recrutamento.andrade@tereos.com<\/p>\n<p><strong>Unidade Mandu (Gua\u00edra):<\/strong> recrutamento.mandu.br@tereos.com<\/p>\n<p><strong>Unidade S\u00e3o Jos\u00e9 (Colina):<\/strong> recrutamento.saojose.br@tereos.com<\/p>\n<p><strong><mark style=\"background-color:#fcb900\" class=\"has-inline-color\">\u00c1rea industrial<\/mark><\/strong><\/p>\n<p>Operador de produ\u00e7\u00e3o de a\u00e7\u00facar<\/p>\n<p>Operador de destilaria<\/p>\n<p>Operador de extra\u00e7\u00e3o<\/p>\n<p>Operador de utilidades<\/p>\n<p>Analista de laborat\u00f3rio j\u00fanior<\/p>\n<p>Operador de sistemas el\u00e9tricos<\/p>\n<p>Auxiliar de laborat\u00f3rio<\/p>\n<p>Operador de movimenta\u00e7\u00e3o de a\u00e7\u00facar<\/p>\n<p>Operador de log\u00edstica<\/p>\n<p>Auxiliar industrial<\/p>\n<p>Auxiliar de servi\u00e7os gerais<\/p>\n<p>Balanceiro<\/p>\n<p><strong><mark style=\"background-color:#fcb900\" class=\"has-inline-color\">\u00c1rea automotiva<\/mark><\/strong><\/p>\n<p>Mec\u00e2nico automotivo<\/p>\n<p>Lubrificador<\/p>\n<p>Motorista de comboio<\/p>\n<p>Motorista borracheiro<\/p>\n<p><strong><mark style=\"background-color:#fcb900\" class=\"has-inline-color\">\u00c1rea agr\u00edcola<\/mark><\/strong><\/p>\n<p>Tratorista<\/p>\n<p>Motorista<\/p>\n<p>Tratorista especializado<\/p>\n<p>Operador de motobomba<\/p>\n<p>Motorista especializado<\/p>\n<p>SAIBA MAIS<\/p>\n<p>Pol\u00edcia investiga hostilidade contra menina em est\u00e1dio de Ribeir\u00e3o Preto<\/p>\n<h4 class=\"wp-block-heading\"><strong><mark style=\"background-color:#fcb900\" class=\"has-inline-color\">FIQUE ON<\/mark><\/strong><\/h4>\n<p>Fique ligado em tudo que acontece em Ribeir\u00e3o Preto e regi\u00e3o. Siga os perfis do<strong>\u00a0acidade on\u00a0<\/strong>no\u00a0<a href=\"https:\/\/www.instagram.com\/acidadeonribeirao\" target=\"_blank\" rel=\"noreferrer noopener\">Instagram<\/a>\u00a0e no\u00a0<a href=\"https:\/\/www.facebook.com\/acidadeonribeirao\" target=\"_blank\" rel=\"noreferrer noopener\">Facebook.<\/a><\/p>\n<p>Receba not\u00edcias do\u00a0<strong>acidade on<\/strong>\u00a0no WhatsApp.\u00a0<a href=\"https:\/\/chat.whatsapp.com\/Bnv2w66ZT4VDyZW3oiZ69n\" target=\"_blank\" rel=\"noreferrer noopener\">Para entrar no grupo, basta clicar aqui.<\/a><\/p>\n<p>Fa\u00e7a uma den\u00fancia ou sugira uma reportagem sobre Ribeir\u00e3o Preto e regi\u00e3o pelo WhatsApp: 16 99117 7802.<\/p>\n<p>VEJA TAMB\u00c9M<\/p>\n<p>Bolinho de chuva de ma\u00e7\u00e3: veja como fazer<\/p>\n<p><!-- AI CONTENT END 1 -->\n<\/div>\n<p><script async src=\"\/\/www.instagram.com\/embed.js\"><\/script><br \/>\n<br \/><br \/>\n<br \/><a href=\"https:\/\/www.acidadeon.com\/ribeiraopreto\/economia\/usinas-na-regiao-de-ribeirao-preto-estao-com-12-mil-oportunidades-veja-as-vagas\/\">Source link <\/a><\/p>\n<div class='code-block code-block-4' style='margin: 8px auto 8px 0; text-align: left; display: block; clear: both;'>\n\ud83d\udce2 Aviso Legal\n\nO site ismaelcolosi.com.br atua apenas como um canal de divulga\u00e7\u00e3o de oportunidades de emprego e n\u00e3o se responsabiliza pelo processo seletivo, contrata\u00e7\u00e3o ou qualquer outra etapa relacionada \u00e0s vagas publicadas. Todas as informa\u00e7\u00f5es s\u00e3o de responsabilidade dos anunciantes.\n\n\u26a0\ufe0f Aten\u00e7\u00e3o! Nunca pague por promessas de emprego nem compre cursos que garantam contrata\u00e7\u00e3o. Desconfie de qualquer cobran\u00e7a para participar de sele\u00e7\u00f5es.\n\n\n\n<\/div>\n<!-- CONTENT END 1 -->\n","protected":false},"excerpt":{"rendered":"<p>Duas usinas da regi\u00e3o de Ribeir\u00e3o Preto est\u00e3o com 1,2 mil vagas de emprego dispon\u00edveis para atuar na safra 2024\/2025. Os cargos s\u00e3o para safristas,&#8230;<\/p>\n","protected":false},"author":1,"featured_media":37401,"comment_status":"open","ping_status":"open","sticky":false,"template":"","format":"standard","meta":{"_uag_custom_page_level_css":"","advanced_seo_description":"","jetpack_seo_html_title":"","jetpack_seo_noindex":false,"jetpack_post_was_ever_published":false,"_jetpack_newsletter_access":"","_jetpack_dont_email_post_to_subs":false,"_jetpack_newsletter_tier_id":0,"_jetpack_memberships_contains_paywalled_content":false,"_jetpack_memberships_contains_paid_content":false,"footnotes":"","jetpack_publicize_message":"","jetpack_publicize_feature_enabled":true,"jetpack_social_post_already_shared":true,"jetpack_social_options":{"image_generator_settings":{"template":"highway","default_image_id":0,"font":"","enabled":false},"version":2}},"categories":[11],"tags":[],"class_list":["post-37400","post","type-post","status-publish","format-standard","has-post-thumbnail","hentry","category-noticias-de-ribeirao-preto-sp-e-regiao-ismael-colosi"],"jetpack_publicize_connections":[],"jetpack_featured_media_url":"https:\/\/i0.wp.com\/ismaelcolosi.com.br\/wp-content\/uploads\/2024\/02\/canadeacucar__1200x675_29042022090641.jpg?fit=1200%2C675&ssl=1","uagb_featured_image_src":{"full":["https:\/\/i0.wp.com\/ismaelcolosi.com.br\/wp-content\/uploads\/2024\/02\/canadeacucar__1200x675_29042022090641.jpg?fit=1200%2C675&ssl=1",1200,675,false],"thumbnail":["https:\/\/i0.wp.com\/ismaelcolosi.com.br\/wp-content\/uploads\/2024\/02\/canadeacucar__1200x675_29042022090641.jpg?resize=150%2C150&ssl=1",150,150,true],"medium":["https:\/\/i0.wp.com\/ismaelcolosi.com.br\/wp-content\/uploads\/2024\/02\/canadeacucar__1200x675_29042022090641.jpg?fit=300%2C169&ssl=1",300,169,true],"medium_large":["https:\/\/i0.wp.com\/ismaelcolosi.com.br\/wp-content\/uploads\/2024\/02\/canadeacucar__1200x675_29042022090641.jpg?fit=768%2C432&ssl=1",768,432,true],"large":["https:\/\/i0.wp.com\/ismaelcolosi.com.br\/wp-content\/uploads\/2024\/02\/canadeacucar__1200x675_29042022090641.jpg?fit=1024%2C576&ssl=1",1024,576,true],"1536x1536":["https:\/\/i0.wp.com\/ismaelcolosi.com.br\/wp-content\/uploads\/2024\/02\/canadeacucar__1200x675_29042022090641.jpg?fit=1200%2C675&ssl=1",1200,675,true],"2048x2048":["https:\/\/i0.wp.com\/ismaelcolosi.com.br\/wp-content\/uploads\/2024\/02\/canadeacucar__1200x675_29042022090641.jpg?fit=1200%2C675&ssl=1",1200,675,true],"really-simple-thumb":["https:\/\/i0.wp.com\/ismaelcolosi.com.br\/wp-content\/uploads\/2024\/02\/canadeacucar__1200x675_29042022090641.jpg?resize=370%2C247&ssl=1",370,247,true]},"uagb_author_info":{"display_name":"ismaelcolosi.com.br","author_link":"https:\/\/ismaelcolosi.com.br\/index.php\/author\/vidareal-online\/"},"uagb_comment_info":0,"uagb_excerpt":"Duas usinas da regi\u00e3o de Ribeir\u00e3o Preto est\u00e3o com 1,2 mil vagas de emprego dispon\u00edveis para atuar na safra 2024\/2025. Os cargos s\u00e3o para safristas,...","jetpack-related-posts":[{"id":81583,"url":"https:\/\/ismaelcolosi.com.br\/index.php\/2025\/01\/13\/usina-na-regiao-de-ribeirao-preto-tem-mais-de-400-oportunidades-de-emprego-veja-vagas\/","url_meta":{"origin":37400,"position":0},"title":"Usina na regi\u00e3o de Ribeir\u00e3o Preto tem mais de 400 oportunidades de emprego; Veja vagas","author":"Arthur Tijolo","date":"13 de January de 2025","format":false,"excerpt":"A\u00a0Tereos, empresa que atua na produ\u00e7\u00e3o de a\u00e7\u00facar, etanol e bioenergia, est\u00e1 com mais de\u00a0400 vagas de emprego\u00a0para a safra 25\/26.\u00a0As oportunidades s\u00e3o para seis unidades do grupo, inclusive para as usinas de\u00a0Pitangueiras,\u00a0Gua\u00edra\u00a0e Colina,\u00a0na regi\u00e3o de Ribeir\u00e3o Preto. Confira as oportunidades Na\u00a0ind\u00fastria, a empresa est\u00e1 contratando para as fun\u00e7\u00f5es de\u00a0Operador\u2026","rel":"","context":"In &quot;Not\u00edcias de Ribeir\u00e3o Preto-SP e Regi\u00e3o&quot;","block_context":{"text":"Not\u00edcias de Ribeir\u00e3o Preto-SP e Regi\u00e3o","link":"https:\/\/ismaelcolosi.com.br\/index.php\/category\/noticias-de-ribeirao-preto-sp-e-regiao-ismael-colosi\/"},"img":{"alt_text":"","src":"https:\/\/i0.wp.com\/ismaelcolosi.com.br\/wp-content\/uploads\/2025\/01\/tractor-plowing-scaled.jpg?fit=1200%2C945&ssl=1&resize=350%2C200","width":350,"height":200,"srcset":"https:\/\/i0.wp.com\/ismaelcolosi.com.br\/wp-content\/uploads\/2025\/01\/tractor-plowing-scaled.jpg?fit=1200%2C945&ssl=1&resize=350%2C200 1x, https:\/\/i0.wp.com\/ismaelcolosi.com.br\/wp-content\/uploads\/2025\/01\/tractor-plowing-scaled.jpg?fit=1200%2C945&ssl=1&resize=525%2C300 1.5x, https:\/\/i0.wp.com\/ismaelcolosi.com.br\/wp-content\/uploads\/2025\/01\/tractor-plowing-scaled.jpg?fit=1200%2C945&ssl=1&resize=700%2C400 2x, https:\/\/i0.wp.com\/ismaelcolosi.com.br\/wp-content\/uploads\/2025\/01\/tractor-plowing-scaled.jpg?fit=1200%2C945&ssl=1&resize=1050%2C600 3x"},"classes":[]},{"id":37407,"url":"https:\/\/ismaelcolosi.com.br\/index.php\/2024\/02\/15\/apostas-de-ribeirao-e-regiao-faturam-na-mega-sena-e-na-quina-veja-os-numeros-sorteados\/","url_meta":{"origin":37400,"position":1},"title":"Apostas de Ribeir\u00e3o e regi\u00e3o faturam na Mega-Sena e na Quina; Veja os n\u00fameros sorteados","author":"ismaelcolosi.com.br","date":"15 de February de 2024","format":false,"excerpt":"Uma aposta de Ribeir\u00e3o Preto acertou cinco n\u00fameros no sorteio da Mega-Sena, realizado na noite desta quinta-feira (15), no espa\u00e7o da Sorte, em S\u00e3o Paulo, e vai receber R$ 34.625,31. De acordo com a Caixa, a aposta foi realizada Lot\u00e9rica Leste Ribeir\u00e3o Preto. O pr\u00eamio principal, por\u00e9m, n\u00e3o teve ganhador\u2026","rel":"","context":"In &quot;Not\u00edcias de Ribeir\u00e3o Preto-SP e Regi\u00e3o&quot;","block_context":{"text":"Not\u00edcias de Ribeir\u00e3o Preto-SP e Regi\u00e3o","link":"https:\/\/ismaelcolosi.com.br\/index.php\/category\/noticias-de-ribeirao-preto-sp-e-regiao-ismael-colosi\/"},"img":{"alt_text":"","src":"https:\/\/i0.wp.com\/ismaelcolosi.com.br\/wp-content\/uploads\/2024\/02\/sorteio_da_1200x675_16012022122353.jpg?fit=1200%2C675&ssl=1&resize=350%2C200","width":350,"height":200,"srcset":"https:\/\/i0.wp.com\/ismaelcolosi.com.br\/wp-content\/uploads\/2024\/02\/sorteio_da_1200x675_16012022122353.jpg?fit=1200%2C675&ssl=1&resize=350%2C200 1x, https:\/\/i0.wp.com\/ismaelcolosi.com.br\/wp-content\/uploads\/2024\/02\/sorteio_da_1200x675_16012022122353.jpg?fit=1200%2C675&ssl=1&resize=525%2C300 1.5x, https:\/\/i0.wp.com\/ismaelcolosi.com.br\/wp-content\/uploads\/2024\/02\/sorteio_da_1200x675_16012022122353.jpg?fit=1200%2C675&ssl=1&resize=700%2C400 2x, https:\/\/i0.wp.com\/ismaelcolosi.com.br\/wp-content\/uploads\/2024\/02\/sorteio_da_1200x675_16012022122353.jpg?fit=1200%2C675&ssl=1&resize=1050%2C600 3x"},"classes":[]},{"id":68557,"url":"https:\/\/ismaelcolosi.com.br\/index.php\/2024\/09\/30\/varejista-tem-36-mil-vagas-temporarias-abertas-ha-oportunidades-para-ribeirao-e-franca\/","url_meta":{"origin":37400,"position":2},"title":"Varejista tem 3,6 mil vagas tempor\u00e1rias abertas; H\u00e1 oportunidades para Ribeir\u00e3o e Franca","author":"ismaelcolosi.com.br","date":"30 de September de 2024","format":false,"excerpt":"O Magalu est\u00e1 com 3.600 vagas tempor\u00e1rias abertas para trabalhar durante a Black Friday, Natal e queima de estoque realizada no come\u00e7o de 2025. As oportunidades est\u00e3o espalhadas por 34 cidades, incluindo, Franca e Ribeir\u00e3o Preto. Conforme a empresa, os contratados v\u00e3o refor\u00e7ar a opera\u00e7\u00e3o log\u00edstica da companhia durante as\u2026","rel":"","context":"In &quot;Not\u00edcias de Ribeir\u00e3o Preto-SP e Regi\u00e3o&quot;","block_context":{"text":"Not\u00edcias de Ribeir\u00e3o Preto-SP e Regi\u00e3o","link":"https:\/\/ismaelcolosi.com.br\/index.php\/category\/noticias-de-ribeirao-preto-sp-e-regiao-ismael-colosi\/"},"img":{"alt_text":"","src":"https:\/\/i0.wp.com\/ismaelcolosi.com.br\/wp-content\/uploads\/2024\/07\/Copia-de-Copia-de-TAMANHO-EXATO-PARA-FOTOS-NO-SISTEMA-NOVO-4_2024-07-22_17-22-00_jpg_2024-07-22_17-22-00.webp.webp?fit=1200%2C675&ssl=1&resize=350%2C200","width":350,"height":200,"srcset":"https:\/\/i0.wp.com\/ismaelcolosi.com.br\/wp-content\/uploads\/2024\/07\/Copia-de-Copia-de-TAMANHO-EXATO-PARA-FOTOS-NO-SISTEMA-NOVO-4_2024-07-22_17-22-00_jpg_2024-07-22_17-22-00.webp.webp?fit=1200%2C675&ssl=1&resize=350%2C200 1x, https:\/\/i0.wp.com\/ismaelcolosi.com.br\/wp-content\/uploads\/2024\/07\/Copia-de-Copia-de-TAMANHO-EXATO-PARA-FOTOS-NO-SISTEMA-NOVO-4_2024-07-22_17-22-00_jpg_2024-07-22_17-22-00.webp.webp?fit=1200%2C675&ssl=1&resize=525%2C300 1.5x, https:\/\/i0.wp.com\/ismaelcolosi.com.br\/wp-content\/uploads\/2024\/07\/Copia-de-Copia-de-TAMANHO-EXATO-PARA-FOTOS-NO-SISTEMA-NOVO-4_2024-07-22_17-22-00_jpg_2024-07-22_17-22-00.webp.webp?fit=1200%2C675&ssl=1&resize=700%2C400 2x, https:\/\/i0.wp.com\/ismaelcolosi.com.br\/wp-content\/uploads\/2024\/07\/Copia-de-Copia-de-TAMANHO-EXATO-PARA-FOTOS-NO-SISTEMA-NOVO-4_2024-07-22_17-22-00_jpg_2024-07-22_17-22-00.webp.webp?fit=1200%2C675&ssl=1&resize=1050%2C600 3x"},"classes":[]},{"id":44077,"url":"https:\/\/ismaelcolosi.com.br\/index.php\/2024\/03\/25\/ribeirao-e-regiao-tem-mais-de-mil-bolsas-de-estudos-100-gratuitas-para-cursos-tecnicos-e-livres\/","url_meta":{"origin":37400,"position":3},"title":"Ribeir\u00e3o e regi\u00e3o tem mais de mil bolsas de estudos 100% gratuitas para cursos t\u00e9cnicos e livres","author":"ismaelcolosi.com.br","date":"25 de March de 2024","format":false,"excerpt":"Al\u00e9m das 960 vagas que o Senac est\u00e1 oferecendo em Ribeir\u00e3o Preto, a institui\u00e7\u00e3o tamb\u00e9m est\u00e1 com oportunidades para as unidades de Barretos, Bebedouro, Franca e Jaboticabal, totalizando mais de mil bolsas de estudo gratuitas nas cinco unidades. As oportunidades s\u00e3o v\u00e1lidas para os meses de mar\u00e7o, abril e maio\u2026","rel":"","context":"In &quot;Not\u00edcias de Ribeir\u00e3o Preto-SP e Regi\u00e3o&quot;","block_context":{"text":"Not\u00edcias de Ribeir\u00e3o Preto-SP e Regi\u00e3o","link":"https:\/\/ismaelcolosi.com.br\/index.php\/category\/noticias-de-ribeirao-preto-sp-e-regiao-ismael-colosi\/"},"img":{"alt_text":"","src":"","width":0,"height":0},"classes":[]},{"id":71024,"url":"https:\/\/ismaelcolosi.com.br\/index.php\/2024\/10\/14\/mutirao-com-mais-de-12-mil-vagas-de-emprego-acontece-em-ribeirao-preto\/","url_meta":{"origin":37400,"position":4},"title":"Mutir\u00e3o com mais de 1,2 mil vagas de emprego acontece em Ribeir\u00e3o Preto","author":"ismaelcolosi.com.br","date":"14 de October de 2024","format":false,"excerpt":"Um mutir\u00e3o do emprego com mais de 1,2 mil vagas acontece nesta quarta-feira (16), das 9h \u00e0s 12h, no Terminal Rodovi\u00e1rio de Ribeir\u00e3o Preto, regi\u00e3o central do munic\u00edpio. Ser\u00e3o disponibilizadas oportunidades para aqueles que buscam ingressar ou se recolocar no mercado de trabalho. A iniciativa tem parceria com empresas de\u2026","rel":"","context":"In &quot;Not\u00edcias de Ribeir\u00e3o Preto-SP e Regi\u00e3o&quot;","block_context":{"text":"Not\u00edcias de Ribeir\u00e3o Preto-SP e Regi\u00e3o","link":"https:\/\/ismaelcolosi.com.br\/index.php\/category\/noticias-de-ribeirao-preto-sp-e-regiao-ismael-colosi\/"},"img":{"alt_text":"","src":"https:\/\/i0.wp.com\/ismaelcolosi.com.br\/wp-content\/uploads\/2024\/10\/WhatsApp-Image-2023-12-21-at-16.11.23.jpeg?fit=1200%2C800&ssl=1&resize=350%2C200","width":350,"height":200,"srcset":"https:\/\/i0.wp.com\/ismaelcolosi.com.br\/wp-content\/uploads\/2024\/10\/WhatsApp-Image-2023-12-21-at-16.11.23.jpeg?fit=1200%2C800&ssl=1&resize=350%2C200 1x, https:\/\/i0.wp.com\/ismaelcolosi.com.br\/wp-content\/uploads\/2024\/10\/WhatsApp-Image-2023-12-21-at-16.11.23.jpeg?fit=1200%2C800&ssl=1&resize=525%2C300 1.5x, https:\/\/i0.wp.com\/ismaelcolosi.com.br\/wp-content\/uploads\/2024\/10\/WhatsApp-Image-2023-12-21-at-16.11.23.jpeg?fit=1200%2C800&ssl=1&resize=700%2C400 2x, https:\/\/i0.wp.com\/ismaelcolosi.com.br\/wp-content\/uploads\/2024\/10\/WhatsApp-Image-2023-12-21-at-16.11.23.jpeg?fit=1200%2C800&ssl=1&resize=1050%2C600 3x"},"classes":[]},{"id":70828,"url":"https:\/\/ismaelcolosi.com.br\/index.php\/2024\/10\/13\/veja-cinco-concursos-publicos-com-mais-de-110-vagas-no-interior-de-sp\/","url_meta":{"origin":37400,"position":5},"title":"Veja cinco concursos p\u00fablicos com mais de 110 vagas no interior de SP","author":"ismaelcolosi.com.br","date":"13 de October de 2024","format":false,"excerpt":"Os interessados em concorrer a uma vaga em concurso p\u00fablico contam com mais de 110 oportunidades em cinco editais dispon\u00edveis no interior de S\u00e3o Paulo. As oportunidades s\u00e3o para cargos de n\u00edvel m\u00e9dio, t\u00e9cnico e superior. Os sal\u00e1rios variam entre R$ 2,1 mil e R$ 12,6 mil. Confira a lista\u2026","rel":"","context":"In &quot;Not\u00edcias de Ribeir\u00e3o Preto-SP e Regi\u00e3o&quot;","block_context":{"text":"Not\u00edcias de Ribeir\u00e3o Preto-SP e Regi\u00e3o","link":"https:\/\/ismaelcolosi.com.br\/index.php\/category\/noticias-de-ribeirao-preto-sp-e-regiao-ismael-colosi\/"},"img":{"alt_text":"","src":"https:\/\/i0.wp.com\/ismaelcolosi.com.br\/wp-content\/uploads\/2024\/07\/Copia-de-Copia-de-TAMANHO-EXATO-PARA-FOTOS-NO-SISTEMA-NOVO-22_2024-07-24_20-00-55_jpg_2024-07-24_20-00-55.webp.webp?fit=1200%2C675&ssl=1&resize=350%2C200","width":350,"height":200,"srcset":"https:\/\/i0.wp.com\/ismaelcolosi.com.br\/wp-content\/uploads\/2024\/07\/Copia-de-Copia-de-TAMANHO-EXATO-PARA-FOTOS-NO-SISTEMA-NOVO-22_2024-07-24_20-00-55_jpg_2024-07-24_20-00-55.webp.webp?fit=1200%2C675&ssl=1&resize=350%2C200 1x, https:\/\/i0.wp.com\/ismaelcolosi.com.br\/wp-content\/uploads\/2024\/07\/Copia-de-Copia-de-TAMANHO-EXATO-PARA-FOTOS-NO-SISTEMA-NOVO-22_2024-07-24_20-00-55_jpg_2024-07-24_20-00-55.webp.webp?fit=1200%2C675&ssl=1&resize=525%2C300 1.5x, https:\/\/i0.wp.com\/ismaelcolosi.com.br\/wp-content\/uploads\/2024\/07\/Copia-de-Copia-de-TAMANHO-EXATO-PARA-FOTOS-NO-SISTEMA-NOVO-22_2024-07-24_20-00-55_jpg_2024-07-24_20-00-55.webp.webp?fit=1200%2C675&ssl=1&resize=700%2C400 2x, https:\/\/i0.wp.com\/ismaelcolosi.com.br\/wp-content\/uploads\/2024\/07\/Copia-de-Copia-de-TAMANHO-EXATO-PARA-FOTOS-NO-SISTEMA-NOVO-22_2024-07-24_20-00-55_jpg_2024-07-24_20-00-55.webp.webp?fit=1200%2C675&ssl=1&resize=1050%2C600 3x"},"classes":[]}],"jetpack_sharing_enabled":true,"jetpack_shortlink":"https:\/\/wp.me\/pfMlyK-9Je","_links":{"self":[{"href":"https:\/\/ismaelcolosi.com.br\/index.php\/wp-json\/wp\/v2\/posts\/37400","targetHints":{"allow":["GET"]}}],"collection":[{"href":"https:\/\/ismaelcolosi.com.br\/index.php\/wp-json\/wp\/v2\/posts"}],"about":[{"href":"https:\/\/ismaelcolosi.com.br\/index.php\/wp-json\/wp\/v2\/types\/post"}],"author":[{"embeddable":true,"href":"https:\/\/ismaelcolosi.com.br\/index.php\/wp-json\/wp\/v2\/users\/1"}],"replies":[{"embeddable":true,"href":"https:\/\/ismaelcolosi.com.br\/index.php\/wp-json\/wp\/v2\/comments?post=37400"}],"version-history":[{"count":0,"href":"https:\/\/ismaelcolosi.com.br\/index.php\/wp-json\/wp\/v2\/posts\/37400\/revisions"}],"wp:featuredmedia":[{"embeddable":true,"href":"https:\/\/ismaelcolosi.com.br\/index.php\/wp-json\/wp\/v2\/media\/37401"}],"wp:attachment":[{"href":"https:\/\/ismaelcolosi.com.br\/index.php\/wp-json\/wp\/v2\/media?parent=37400"}],"wp:term":[{"taxonomy":"category","embeddable":true,"href":"https:\/\/ismaelcolosi.com.br\/index.php\/wp-json\/wp\/v2\/categories?post=37400"},{"taxonomy":"post_tag","embeddable":true,"href":"https:\/\/ismaelcolosi.com.br\/index.php\/wp-json\/wp\/v2\/tags?post=37400"}],"curies":[{"name":"wp","href":"https:\/\/api.w.org\/{rel}","templated":true}]}}