{"id":37355,"date":"2024-02-15T17:48:17","date_gmt":"2024-02-15T20:48:17","guid":{"rendered":"https:\/\/ismaelcolosi.com.br\/index.php\/2024\/02\/15\/menopausa-e-carreira-como-as-mudancas-hormonais-afetam-as-mulheres-no-trabalho\/"},"modified":"2024-02-15T17:48:17","modified_gmt":"2024-02-15T20:48:17","slug":"menopausa-e-carreira-como-as-mudancas-hormonais-afetam-as-mulheres-no-trabalho","status":"publish","type":"post","link":"https:\/\/ismaelcolosi.com.br\/index.php\/2024\/02\/15\/menopausa-e-carreira-como-as-mudancas-hormonais-afetam-as-mulheres-no-trabalho\/","title":{"rendered":"Menopausa e carreira: como as mudan\u00e7as hormonais afetam as mulheres no trabalho"},"content":{"rendered":"<p> <br \/>\n<\/p>\n<div>\n<div id=\"attachment_595475\" class=\"wp-caption alignnone style=\" max-width:=\"\"><img data-recalc-dims=\"1\" fetchpriority=\"high\" decoding=\"async\" class=\"alignnone wp-image-595475 size-full\" src=\"https:\/\/i0.wp.com\/forbes.com.br\/wp-content\/uploads\/2024\/02\/mulher-menopausa-trabalho-768x512.jpg?resize=678%2C452&#038;ssl=1\" http:=\"\" alt=\"mulher com sintomas de menopausa\" width=\"678\" height=\"452\" data-lazy-src=\"https:\/\/forbes.com.br\/wp-content\/uploads\/2024\/02\/mulher-menopausa-trabalho-768x512.jpg\"\/><noscript><img data-recalc-dims=\"1\" fetchpriority=\"high\" decoding=\"async\" class=\"alignnone wp-image-595475 size-full\" src=\"https:\/\/i0.wp.com\/forbes.com.br\/wp-content\/uploads\/2024\/02\/mulher-menopausa-trabalho-768x512.jpg?resize=678%2C452&#038;ssl=1\" alt=\"mulher com sintomas de menopausa\" width=\"678\" height=\"452\"\/><\/noscript><\/p>\n<p class=\"wp-caption-text\">Globalmente, as perdas de produtividade relacionadas \u00e0 menopausa podem exceder US$ 150 bilh\u00f5es anualmente<\/p>\n<\/div>\n<p>Quando o assunto \u00e9 menopausa, existe uma pauta importante, mas que muitas vezes fica ofuscada: sua rela\u00e7\u00e3o com o trabalho e a lideran\u00e7a. <strong>Tasneem Bhatia, conhecida como Dra. Taz<\/strong>, \u00e9 uma especialista em sa\u00fade da mulher, autora e influenciadora que debate os desafios e os impactos da perimenopausa e da menopausa nas trajet\u00f3rias profissionais.<\/p>\n<ul>\n<li><b>Siga a<\/b><a href=\"https:\/\/whatsapp.com\/channel\/0029Va9gQKwBFLgM96cJnu0u\"> <b>Forbes<\/b><\/a><b> no WhatsApp e receba as principais not\u00edcias sobre neg\u00f3cios, carreira, tecnologia e estilo de vida<\/b><\/li>\n<\/ul>\n<h2>Impacto da menopausa na carreira<\/h2>\n<p>A m\u00e9dica explica por que a menopausa \u00e9 muitas vezes vista como um obst\u00e1culo na carreira das mulheres. \u201cExistem v\u00e1rios motivos para isso: as mudan\u00e7as na energia e na motiva\u00e7\u00e3o, dificuldades com o sono, o que afeta o humor, ansiedade e depress\u00e3o, e a tentativa de esconder ondas de calor\u201d, diz a Dra. Taz.<\/p>\n<p>Al\u00e9m disso, muitas mulheres relatam que a idade por si s\u00f3 atrapalha o desenvolvimento profissional. \u201cE j\u00e1 ouvi algumas dizerem que as mudan\u00e7as no seu peso tamb\u00e9m resultam em tratamento diferente\u201d, diz ela, que abordou esses temas no seu livro, \u201cA mudan\u00e7a hormonal\u201d. Segundo dados da Secretaria de Estat\u00edsticas Trabalhistas dos EUA, a cada 10% de aumento no peso de uma mulher, sua renda cai, em m\u00e9dia, 6%.<\/p>\n<p><strong>Leia tamb\u00e9m:<\/strong><\/p>\n<p>Para a especialista, \u00e9 urgente discutir essas quest\u00f5es abertamente, quebrando o tabu que tradicionalmente cerca as discuss\u00f5es em torno da menopausa, especialmente em ambientes profissionais.<\/p>\n<p>Os sintomas da menopausa, desde ondas de calor at\u00e9 altera\u00e7\u00f5es de humor e dist\u00farbios do sono, podem ser perturbadores para as mulheres e ter um impacto significativo no desempenho profissional. \u201cExistem solu\u00e7\u00f5es, que v\u00e3o desde alternativas naturais at\u00e9 terapias abrangentes de reposi\u00e7\u00e3o hormonal\u201d, diz a m\u00e9dica.<\/p>\n<p>E o primeiro passo \u00e9 deixar a vergonha e a culpa de lado. \u201cAo discutir abertamente os sintomas, procurar apoio e explorar solu\u00e7\u00f5es personalizadas, as mulheres podem manter o foco e a produtividade, impulsionando as suas carreiras com confian\u00e7a\u201d.<\/p>\n<h2>Como progredir na carreira<\/h2>\n<p>O climat\u00e9rio, transi\u00e7\u00e3o da fase reprodutiva da mulher para a n\u00e3o-reprodutiva, tem in\u00edcio por volta dos 40 anos e se estende em m\u00e9dia at\u00e9 os 65 anos. E coincide com o momento em que muitas mulheres est\u00e3o assumindo \u2013 e at\u00e9 recusando \u2013 cargos de lideran\u00e7a enquanto vivem diversos sintomas, de cansa\u00e7o \u00e0 depress\u00e3o \u2013 muitas vezes sem entender de onde eles v\u00eam.<\/p>\n<p>A Dra. Taz mostra como as mulheres l\u00edderes podem ter um equil\u00edbrio entre o pessoal e o profissional em meio \u00e0s mudan\u00e7as que acompanham a menopausa. \u201cElas precisam entender e cuidar da sua sa\u00fade, e isso inclui a sa\u00fade nutricional, hormonal e mental.\u201d<br \/>\u00c0 medida que as mulheres sobem na carreira, o estresse se torna um companheiro de jornada. \u201cQuando estamos estressados, nossa qu\u00edmica muda, e com estresse cr\u00f4nico, experimentamos uma inflama\u00e7\u00e3o cerebral que nos faz comer mais, escolher alimentos r\u00e1pidos em vez de preparar refei\u00e7\u00f5es, sacrificar exerc\u00edcios e perder o sono.\u201d<\/p>\n<h2>Mudan\u00e7as no estilo de vida e a\u00e7\u00f5es das empresas<\/h2>\n<p>As mudan\u00e7as hormonais durante a menopausa podem ter efeitos de longo alcance na fun\u00e7\u00e3o cognitiva e nos n\u00edveis de energia. A m\u00e9dica recomenda fazer mudan\u00e7as na dieta, nos exerc\u00edcios e no estilo de vida para equilibrar os horm\u00f4nios e otimizar o desempenho profissional.<br \/>Entendendo que as altera\u00e7\u00f5es hormonais desencadeiam altera\u00e7\u00f5es no a\u00e7\u00facar no sangue, ela defende aumentar a ingest\u00e3o de prote\u00ednas, se hidratar e se alimentar em intervalos definidos e reduzir o consumo de a\u00e7\u00facar.<\/p>\n<p>Capacitar as mulheres para cuidar da sua sa\u00fade, gerir o stress e adotar solu\u00e7\u00f5es personalizadas n\u00e3o s\u00f3 beneficia suas carreiras individuais, mas tamb\u00e9m contribui para promover um ambiente de trabalho mais inclusivo e para a economia. Mas as empresas tamb\u00e9m precisam olhar para isso <span style=\"font-weight: 400;\">\u2013 discutindo o tema e criando a\u00e7\u00f5es para amparar as mulheres nesse per\u00edodo. <\/span>Globalmente, as <strong>perdas de produtividade relacionadas \u00e0 menopausa podem exceder US$ 150 bilh\u00f5es <\/strong>anualmente, segundo a consultoria americana Frost &amp; Sullivan.<\/p>\n<p><em>*Elizabeth Pearson \u00e9 colaboradora da Forbes US. Ela \u00e9 consultora de carreira, autora, podcaster e palestrante com foco em mulheres.<\/em><\/p>\n<\/div>\n<p><script type=\"rocketlazyloadscript\">\n\t\t\t\t(function(d, s, id){\n\t\t\t\t\tvar js, fjs = d.getElementsByTagName(s)[0];\n\t\t\t\t\tif (d.getElementById(id)) return;\n\t\t\t\t\tjs = d.createElement(s); js.id = id;\n\t\t\t\t\tjs.src = \"\/\/connect.facebook.net\/pt_BR\/sdk.js#xfbml=1&version=v2.9\";\n\t\t\t\t\tfjs.parentNode.insertBefore(js, fjs);\n\t\t\t\t}(document, 'script', 'facebook-jssdk'));\n\t\t\t<\/script><br \/>\n<br \/><br \/>\n<br \/><a href=\"https:\/\/forbes.com.br\/forbes-mulher\/2024\/02\/menopausa-e-carreira-como-as-mudancas-hormonais-afetam-as-mulheres-no-trabalho\/\">Source link <\/a><\/p>\n<div class='code-block code-block-4' style='margin: 8px auto 8px 0; text-align: left; display: block; clear: both;'>\n\ud83d\udce2 Aviso Legal\n\nO site ismaelcolosi.com.br atua apenas como um canal de divulga\u00e7\u00e3o de oportunidades de emprego e n\u00e3o se responsabiliza pelo processo seletivo, contrata\u00e7\u00e3o ou qualquer outra etapa relacionada \u00e0s vagas publicadas. Todas as informa\u00e7\u00f5es s\u00e3o de responsabilidade dos anunciantes.\n\n\u26a0\ufe0f Aten\u00e7\u00e3o! Nunca pague por promessas de emprego nem compre cursos que garantam contrata\u00e7\u00e3o. Desconfie de qualquer cobran\u00e7a para participar de sele\u00e7\u00f5es.\n\n\n\n<\/div>\n<!-- CONTENT END 1 -->\n","protected":false},"excerpt":{"rendered":"<p>Globalmente, as perdas de produtividade relacionadas \u00e0 menopausa podem exceder US$ 150 bilh\u00f5es anualmente Quando o assunto \u00e9 menopausa, existe uma pauta importante, mas que&#8230;<\/p>\n","protected":false},"author":1,"featured_media":37356,"comment_status":"open","ping_status":"open","sticky":false,"template":"","format":"standard","meta":{"_uag_custom_page_level_css":"","advanced_seo_description":"","jetpack_seo_html_title":"","jetpack_seo_noindex":false,"jetpack_post_was_ever_published":false,"_jetpack_newsletter_access":"","_jetpack_dont_email_post_to_subs":false,"_jetpack_newsletter_tier_id":0,"_jetpack_memberships_contains_paywalled_content":false,"_jetpack_memberships_contains_paid_content":false,"footnotes":"","jetpack_publicize_message":"","jetpack_publicize_feature_enabled":true,"jetpack_social_post_already_shared":true,"jetpack_social_options":{"image_generator_settings":{"template":"highway","default_image_id":0,"font":"","enabled":false},"version":2}},"categories":[1964],"tags":[],"class_list":["post-37355","post","type-post","status-publish","format-standard","has-post-thumbnail","hentry","category-carreira-e-sucesso-dicas-para-carreira"],"jetpack_publicize_connections":[],"jetpack_featured_media_url":"https:\/\/i0.wp.com\/ismaelcolosi.com.br\/wp-content\/uploads\/2024\/02\/mulher-menopausa-trabalho.jpg?fit=1500%2C1000&ssl=1","uagb_featured_image_src":{"full":["https:\/\/i0.wp.com\/ismaelcolosi.com.br\/wp-content\/uploads\/2024\/02\/mulher-menopausa-trabalho.jpg?fit=1500%2C1000&ssl=1",1500,1000,false],"thumbnail":["https:\/\/i0.wp.com\/ismaelcolosi.com.br\/wp-content\/uploads\/2024\/02\/mulher-menopausa-trabalho.jpg?resize=150%2C150&ssl=1",150,150,true],"medium":["https:\/\/i0.wp.com\/ismaelcolosi.com.br\/wp-content\/uploads\/2024\/02\/mulher-menopausa-trabalho.jpg?fit=300%2C200&ssl=1",300,200,true],"medium_large":["https:\/\/i0.wp.com\/ismaelcolosi.com.br\/wp-content\/uploads\/2024\/02\/mulher-menopausa-trabalho.jpg?fit=768%2C512&ssl=1",768,512,true],"large":["https:\/\/i0.wp.com\/ismaelcolosi.com.br\/wp-content\/uploads\/2024\/02\/mulher-menopausa-trabalho.jpg?fit=1024%2C683&ssl=1",1024,683,true],"1536x1536":["https:\/\/i0.wp.com\/ismaelcolosi.com.br\/wp-content\/uploads\/2024\/02\/mulher-menopausa-trabalho.jpg?fit=1500%2C1000&ssl=1",1500,1000,true],"2048x2048":["https:\/\/i0.wp.com\/ismaelcolosi.com.br\/wp-content\/uploads\/2024\/02\/mulher-menopausa-trabalho.jpg?fit=1500%2C1000&ssl=1",1500,1000,true],"really-simple-thumb":["https:\/\/i0.wp.com\/ismaelcolosi.com.br\/wp-content\/uploads\/2024\/02\/mulher-menopausa-trabalho.jpg?resize=370%2C247&ssl=1",370,247,true]},"uagb_author_info":{"display_name":"ismaelcolosi.com.br","author_link":"https:\/\/ismaelcolosi.com.br\/index.php\/author\/vidareal-online\/"},"uagb_comment_info":0,"uagb_excerpt":"Globalmente, as perdas de produtividade relacionadas \u00e0 menopausa podem exceder US$ 150 bilh\u00f5es anualmente Quando o assunto \u00e9 menopausa, existe uma pauta importante, mas que...","jetpack-related-posts":[{"id":87955,"url":"https:\/\/ismaelcolosi.com.br\/index.php\/2025\/10\/18\/como-lideres-podem-oferecer-apoio-para-mulheres\/","url_meta":{"origin":37355,"position":0},"title":"Como L\u00edderes Podem Oferecer Apoio Para Mulheres","author":"ismaelcolosi.com.br","date":"18 de October de 2025","format":false,"excerpt":"\r RealPeopleGroup\/Getty Images\r Evitar o tema da menopausa no ambiente de trabalho pode levar \u00e0 sa\u00edda de lideran\u00e7as femininas\r Acessibilidade \r L\r L\r A-\r A+\r \r \u25d0\r \r At\u00e9 2030, 1,2 bilh\u00e3o de mulheres estar\u00e3o na menopausa ou p\u00f3s-menopausa, com 47 milh\u00f5es entrando anualmente nesse per\u00edodo. No Brasil, cerca de\u2026","rel":"","context":"In &quot;Carreira e Sucesso&quot;","block_context":{"text":"Carreira e Sucesso","link":"https:\/\/ismaelcolosi.com.br\/index.php\/category\/carreira-e-sucesso-dicas-para-carreira\/"},"img":{"alt_text":"","src":"https:\/\/i0.wp.com\/ismaelcolosi.com.br\/wp-content\/uploads\/2025\/10\/menopausa-no-trabalho-1200x675.jpg?fit=1200%2C675&ssl=1&resize=350%2C200","width":350,"height":200,"srcset":"https:\/\/i0.wp.com\/ismaelcolosi.com.br\/wp-content\/uploads\/2025\/10\/menopausa-no-trabalho-1200x675.jpg?fit=1200%2C675&ssl=1&resize=350%2C200 1x, https:\/\/i0.wp.com\/ismaelcolosi.com.br\/wp-content\/uploads\/2025\/10\/menopausa-no-trabalho-1200x675.jpg?fit=1200%2C675&ssl=1&resize=525%2C300 1.5x, https:\/\/i0.wp.com\/ismaelcolosi.com.br\/wp-content\/uploads\/2025\/10\/menopausa-no-trabalho-1200x675.jpg?fit=1200%2C675&ssl=1&resize=700%2C400 2x, https:\/\/i0.wp.com\/ismaelcolosi.com.br\/wp-content\/uploads\/2025\/10\/menopausa-no-trabalho-1200x675.jpg?fit=1200%2C675&ssl=1&resize=1050%2C600 3x"},"classes":[]},{"id":10137,"url":"https:\/\/ismaelcolosi.com.br\/index.php\/2023\/12\/03\/menopausa-tambem-afeta-emocional-indica-estudo\/","url_meta":{"origin":37355,"position":1},"title":"Menopausa tamb\u00e9m afeta emocional, indica estudo","author":"ismaelcolosi.com.br","date":"3 de December de 2023","format":false,"excerpt":"Cr\u00e9ditos: Getty ImagesPara al\u00e9m dos sintomas f\u00edsicos, sa\u00fade emocional da mulher durante a menopausa se tornou objeto de estudo revelador \u2013 iStock\/Getty Images Etapa esperada na vida de todas as mulheres entre 45 e 65 anos, a menopausa se define pela transi\u00e7\u00e3o da idade f\u00e9rtil para a idade n\u00e3o f\u00e9rtil\u2026","rel":"","context":"In &quot;Variedades&quot;","block_context":{"text":"Variedades","link":"https:\/\/ismaelcolosi.com.br\/index.php\/category\/variedades\/"},"img":{"alt_text":"","src":"https:\/\/i0.wp.com\/ismaelcolosi.com.br\/wp-content\/uploads\/2023\/12\/istock-1525380448.jpg?fit=1200%2C638&ssl=1&resize=350%2C200","width":350,"height":200,"srcset":"https:\/\/i0.wp.com\/ismaelcolosi.com.br\/wp-content\/uploads\/2023\/12\/istock-1525380448.jpg?fit=1200%2C638&ssl=1&resize=350%2C200 1x, https:\/\/i0.wp.com\/ismaelcolosi.com.br\/wp-content\/uploads\/2023\/12\/istock-1525380448.jpg?fit=1200%2C638&ssl=1&resize=525%2C300 1.5x, https:\/\/i0.wp.com\/ismaelcolosi.com.br\/wp-content\/uploads\/2023\/12\/istock-1525380448.jpg?fit=1200%2C638&ssl=1&resize=700%2C400 2x, https:\/\/i0.wp.com\/ismaelcolosi.com.br\/wp-content\/uploads\/2023\/12\/istock-1525380448.jpg?fit=1200%2C638&ssl=1&resize=1050%2C600 3x"},"classes":[]},{"id":21661,"url":"https:\/\/ismaelcolosi.com.br\/index.php\/2023\/12\/28\/menopausa-precoce-aumenta-o-risco-de-demencia-diz-estudo\/","url_meta":{"origin":37355,"position":2},"title":"Menopausa precoce aumenta o risco de dem\u00eancia, diz estudo","author":"ismaelcolosi.com.br","date":"28 de December de 2023","format":false,"excerpt":"Cr\u00e9ditos: tommaso79\/istockPara entender a poss\u00edvel rela\u00e7\u00e3o entre a menopausa e a dem\u00eancia, a pesquisa observou 9.163 mulheres \u2013 iStock\/Getty Images Uma forte rela\u00e7\u00e3o entre o in\u00edcio precoce da menopausa e o risco elevado de desenvolvimento de comorbidades como o comprometimento cognitivo, e dem\u00eancia, foi observado em uma pesquisa realizada pela\u2026","rel":"","context":"In &quot;Variedades&quot;","block_context":{"text":"Variedades","link":"https:\/\/ismaelcolosi.com.br\/index.php\/category\/variedades\/"},"img":{"alt_text":"","src":"https:\/\/i0.wp.com\/ismaelcolosi.com.br\/wp-content\/uploads\/2023\/12\/menopausa-covid.jpg?fit=1200%2C638&ssl=1&resize=350%2C200","width":350,"height":200,"srcset":"https:\/\/i0.wp.com\/ismaelcolosi.com.br\/wp-content\/uploads\/2023\/12\/menopausa-covid.jpg?fit=1200%2C638&ssl=1&resize=350%2C200 1x, https:\/\/i0.wp.com\/ismaelcolosi.com.br\/wp-content\/uploads\/2023\/12\/menopausa-covid.jpg?fit=1200%2C638&ssl=1&resize=525%2C300 1.5x, https:\/\/i0.wp.com\/ismaelcolosi.com.br\/wp-content\/uploads\/2023\/12\/menopausa-covid.jpg?fit=1200%2C638&ssl=1&resize=700%2C400 2x, https:\/\/i0.wp.com\/ismaelcolosi.com.br\/wp-content\/uploads\/2023\/12\/menopausa-covid.jpg?fit=1200%2C638&ssl=1&resize=1050%2C600 3x"},"classes":[]},{"id":6303,"url":"https:\/\/ismaelcolosi.com.br\/index.php\/2023\/11\/25\/descoberta-dieta-que-reduz-ondas-de-calor-da-menopausa-em-96\/","url_meta":{"origin":37355,"position":3},"title":"Descoberta dieta que reduz ondas de calor da menopausa em 96%","author":"ismaelcolosi.com.br","date":"25 de November de 2023","format":false,"excerpt":"Um novo estudo do Comit\u00ea de M\u00e9dicos para Medicina Respons\u00e1vel revelou que uma dieta vegana com baixo teor de gordura que inclui soja \u00e9 capaz de reduzir as ondas de calor da menopausa, em cerca de 96%. Segundo os pesquisadores, essa dieta promove mudan\u00e7as no microbioma intestinal que diminuem os\u2026","rel":"","context":"In &quot;Variedades&quot;","block_context":{"text":"Variedades","link":"https:\/\/ismaelcolosi.com.br\/index.php\/category\/variedades\/"},"img":{"alt_text":"","src":"https:\/\/i0.wp.com\/ismaelcolosi.com.br\/wp-content\/uploads\/2023\/11\/istock-1477775902.jpg?fit=1200%2C638&ssl=1&resize=350%2C200","width":350,"height":200,"srcset":"https:\/\/i0.wp.com\/ismaelcolosi.com.br\/wp-content\/uploads\/2023\/11\/istock-1477775902.jpg?fit=1200%2C638&ssl=1&resize=350%2C200 1x, https:\/\/i0.wp.com\/ismaelcolosi.com.br\/wp-content\/uploads\/2023\/11\/istock-1477775902.jpg?fit=1200%2C638&ssl=1&resize=525%2C300 1.5x, https:\/\/i0.wp.com\/ismaelcolosi.com.br\/wp-content\/uploads\/2023\/11\/istock-1477775902.jpg?fit=1200%2C638&ssl=1&resize=700%2C400 2x, https:\/\/i0.wp.com\/ismaelcolosi.com.br\/wp-content\/uploads\/2023\/11\/istock-1477775902.jpg?fit=1200%2C638&ssl=1&resize=1050%2C600 3x"},"classes":[]},{"id":20350,"url":"https:\/\/ismaelcolosi.com.br\/index.php\/2023\/12\/25\/3-sintomas-ignorados-pela-maioria-das-mulheres\/","url_meta":{"origin":37355,"position":4},"title":"3 sintomas ignorados pela maioria das mulheres","author":"ismaelcolosi.com.br","date":"25 de December de 2023","format":false,"excerpt":"Cr\u00e9ditos: pepifoto\/istockDiagn\u00f3stico precoce do c\u00e2ncer de \u00fatero est\u00e1 diretamente ligado \u00e0 maior taxa de sobreviv\u00eancia. Descubra os sintomas \u2013 iStock\/Getty Images O c\u00e2ncer de \u00fatero foi respons\u00e1vel por 17 mil novos casos no Brasil em 2022, apontam n\u00fameros divulgados pelo Instituto Nacional do C\u00e2ncer (INCA). O alto n\u00famero de casos,\u2026","rel":"","context":"In &quot;Variedades&quot;","block_context":{"text":"Variedades","link":"https:\/\/ismaelcolosi.com.br\/index.php\/category\/variedades\/"},"img":{"alt_text":"","src":"https:\/\/i0.wp.com\/ismaelcolosi.com.br\/wp-content\/uploads\/2023\/12\/istock-1369349748.jpg?fit=1200%2C638&ssl=1&resize=350%2C200","width":350,"height":200,"srcset":"https:\/\/i0.wp.com\/ismaelcolosi.com.br\/wp-content\/uploads\/2023\/12\/istock-1369349748.jpg?fit=1200%2C638&ssl=1&resize=350%2C200 1x, https:\/\/i0.wp.com\/ismaelcolosi.com.br\/wp-content\/uploads\/2023\/12\/istock-1369349748.jpg?fit=1200%2C638&ssl=1&resize=525%2C300 1.5x, https:\/\/i0.wp.com\/ismaelcolosi.com.br\/wp-content\/uploads\/2023\/12\/istock-1369349748.jpg?fit=1200%2C638&ssl=1&resize=700%2C400 2x, https:\/\/i0.wp.com\/ismaelcolosi.com.br\/wp-content\/uploads\/2023\/12\/istock-1369349748.jpg?fit=1200%2C638&ssl=1&resize=1050%2C600 3x"},"classes":[]},{"id":88571,"url":"https:\/\/ismaelcolosi.com.br\/index.php\/2025\/12\/18\/por-que-essas-empresas-sao-as-melhores-do-brasil-para-as-mulheres\/","url_meta":{"origin":37355,"position":5},"title":"Por Que Essas Empresas S\u00e3o as Melhores do Brasil para as Mulheres","author":"ismaelcolosi.com.br","date":"18 de December de 2025","format":false,"excerpt":"\r Getty Images\r Natura, Nubank e Bradesco est\u00e3o entre as melhores empresas do Brasil para mulheres\r Acessibilidade \r L\r L\r A-\r A+\r \r \u25d0\r \r Na 5\u00aa edi\u00e7\u00e3o do ranking anual da Forbes das Melhores Empresas do Mundo para Mulheres, que re\u00fane 400 companhias de mais de 36 pa\u00edses, 6\u2026","rel":"","context":"In &quot;Carreira e Sucesso&quot;","block_context":{"text":"Carreira e Sucesso","link":"https:\/\/ismaelcolosi.com.br\/index.php\/category\/carreira-e-sucesso-dicas-para-carreira\/"},"img":{"alt_text":"","src":"https:\/\/i0.wp.com\/ismaelcolosi.com.br\/wp-content\/uploads\/2025\/12\/melhores-empresas-para-mulheres-2-1200x675.jpg?fit=1200%2C675&ssl=1&resize=350%2C200","width":350,"height":200,"srcset":"https:\/\/i0.wp.com\/ismaelcolosi.com.br\/wp-content\/uploads\/2025\/12\/melhores-empresas-para-mulheres-2-1200x675.jpg?fit=1200%2C675&ssl=1&resize=350%2C200 1x, https:\/\/i0.wp.com\/ismaelcolosi.com.br\/wp-content\/uploads\/2025\/12\/melhores-empresas-para-mulheres-2-1200x675.jpg?fit=1200%2C675&ssl=1&resize=525%2C300 1.5x, https:\/\/i0.wp.com\/ismaelcolosi.com.br\/wp-content\/uploads\/2025\/12\/melhores-empresas-para-mulheres-2-1200x675.jpg?fit=1200%2C675&ssl=1&resize=700%2C400 2x, https:\/\/i0.wp.com\/ismaelcolosi.com.br\/wp-content\/uploads\/2025\/12\/melhores-empresas-para-mulheres-2-1200x675.jpg?fit=1200%2C675&ssl=1&resize=1050%2C600 3x"},"classes":[]}],"jetpack_sharing_enabled":true,"jetpack_shortlink":"https:\/\/wp.me\/pfMlyK-9Iv","_links":{"self":[{"href":"https:\/\/ismaelcolosi.com.br\/index.php\/wp-json\/wp\/v2\/posts\/37355","targetHints":{"allow":["GET"]}}],"collection":[{"href":"https:\/\/ismaelcolosi.com.br\/index.php\/wp-json\/wp\/v2\/posts"}],"about":[{"href":"https:\/\/ismaelcolosi.com.br\/index.php\/wp-json\/wp\/v2\/types\/post"}],"author":[{"embeddable":true,"href":"https:\/\/ismaelcolosi.com.br\/index.php\/wp-json\/wp\/v2\/users\/1"}],"replies":[{"embeddable":true,"href":"https:\/\/ismaelcolosi.com.br\/index.php\/wp-json\/wp\/v2\/comments?post=37355"}],"version-history":[{"count":0,"href":"https:\/\/ismaelcolosi.com.br\/index.php\/wp-json\/wp\/v2\/posts\/37355\/revisions"}],"wp:featuredmedia":[{"embeddable":true,"href":"https:\/\/ismaelcolosi.com.br\/index.php\/wp-json\/wp\/v2\/media\/37356"}],"wp:attachment":[{"href":"https:\/\/ismaelcolosi.com.br\/index.php\/wp-json\/wp\/v2\/media?parent=37355"}],"wp:term":[{"taxonomy":"category","embeddable":true,"href":"https:\/\/ismaelcolosi.com.br\/index.php\/wp-json\/wp\/v2\/categories?post=37355"},{"taxonomy":"post_tag","embeddable":true,"href":"https:\/\/ismaelcolosi.com.br\/index.php\/wp-json\/wp\/v2\/tags?post=37355"}],"curies":[{"name":"wp","href":"https:\/\/api.w.org\/{rel}","templated":true}]}}