{"id":37352,"date":"2024-02-15T17:43:37","date_gmt":"2024-02-15T20:43:37","guid":{"rendered":"https:\/\/ismaelcolosi.com.br\/index.php\/2024\/02\/15\/ribeirao-tem-vagas-para-aulas-gratuitas-de-judo-veja-como-se-inscrever\/"},"modified":"2024-02-15T17:43:37","modified_gmt":"2024-02-15T20:43:37","slug":"ribeirao-tem-vagas-para-aulas-gratuitas-de-judo-veja-como-se-inscrever","status":"publish","type":"post","link":"https:\/\/ismaelcolosi.com.br\/index.php\/2024\/02\/15\/ribeirao-tem-vagas-para-aulas-gratuitas-de-judo-veja-como-se-inscrever\/","title":{"rendered":"Ribeir\u00e3o tem vagas para aulas gratuitas de Jud\u00f4; Veja como se inscrever"},"content":{"rendered":"<p> <br \/>\n<\/p>\n<div data-td-block-uid=\"tdi_102\">\n<div class=\"tdb-block-inner td-fix-index\">\n<p>A <strong>Secretaria de Esportes de Ribeir\u00e3o Preto<\/strong> abrir\u00e1, na segunda-feira (19), <strong>inscri\u00e7\u00f5es para as novas turmas de jud\u00f4<\/strong> do <strong>Centro de Inicia\u00e7\u00e3o Esportiva (CIE)<\/strong>, antigo complexo esportivo Esta\u00e7\u00e3o Cidadania-Esporte.<\/p>\n<p><mark style=\"background-color:#fcb900\" class=\"has-inline-color\">Podem se inscrever <strong>meninos e meninas entre 5 e 14 anos<\/strong>. De acordo com a <strong>Prefeitura<\/strong>, ser\u00e3o <strong>duas turmas novas<\/strong>, com <strong>30 vagas<\/strong> cada.<\/mark><\/p>\n<h4 class=\"wp-block-heading\"><strong>Como se inscrever?<\/strong><\/h4>\n<p>Para se inscrever, os interessados precisam comparecer ao CIE, junto com o pai ou respons\u00e1vel, <strong>no dia e hor\u00e1rio referente \u00e0 faixa et\u00e1ria<\/strong> \u2013 veja abaixo \u2013 <strong>levando um documento com foto.<\/strong><\/p>\n<p>O Centro de Inicia\u00e7\u00e3o Esportiva est\u00e1 localizado na avenida Ettore e Aurora Coraucci, 1345, bairro Alexandre Balbo, zona Norte de Ribeir\u00e3o Preto.<\/p>\n<p><strong><mark style=\"background-color:#fcb900\" class=\"has-inline-color\">Aten\u00e7\u00e3o:<\/mark><\/strong><\/p>\n<p>\u00c9 importante que o aluno esteja com<strong> roupas adequadas para pr\u00e1tica esportiva<\/strong>, como: camiseta leve, shorts, bermuda, legging e chinelo. Tamb\u00e9m \u00e9 recomendando que o aluno leve uma garrafa de \u00e1gua para facilitar a hidrata\u00e7\u00e3o durante o treino.<\/p>\n<p><strong>A primeira aula j\u00e1 vai acontecer logo ap\u00f3s a matr\u00edcula<\/strong>. Caso seja necess\u00e1rio, ser\u00e1 registrada uma lista de espera dos alunos remanescentes.<\/p>\n<h4 class=\"wp-block-heading\"><strong>Confira o hor\u00e1rio das inscri\u00e7\u00f5es<\/strong><\/h4>\n<ul>\n<li>18h \u2013 de 05 a 08 anos \u2013 30 vagas<\/li>\n<\/ul>\n<ul>\n<li>19h \u2013 de 09 a 14 anos \u2013 30 vagas<\/li>\n<\/ul>\n<p>SAIBA MAIS<\/p>\n<p>Hotel hist\u00f3rico em Ribeir\u00e3o Preto volta a ser leiloado na pr\u00f3xima semana<\/p>\n<h4 class=\"wp-block-heading\"><strong><mark style=\"background-color:#fcb900\" class=\"has-inline-color\">FIQUE ON<\/mark><\/strong><\/h4>\n<p>Fique ligado em tudo que acontece em Ribeir\u00e3o Preto e regi\u00e3o. Siga os perfis do\u00a0<strong>acidade on\u00a0<\/strong>no\u00a0<a href=\"https:\/\/www.instagram.com\/acidadeonribeirao\" target=\"_blank\" rel=\"noreferrer noopener\">Instagram<\/a>\u00a0e no<a href=\"https:\/\/www.facebook.com\/acidadeonribeirao\" target=\"_blank\" rel=\"noreferrer noopener\">\u00a0Facebook<\/a>.<\/p>\n<p>Receba not\u00edcias do\u00a0<strong>acidade on<\/strong>\u00a0no WhatsApp.\u00a0<a href=\"https:\/\/chat.whatsapp.com\/Bnv2w66ZT4VDyZW3oiZ69n\" target=\"_blank\" rel=\"noreferrer noopener\">Para entrar no grupo, basta clicar aqui.<\/a><\/p>\n<p>Fa\u00e7a uma den\u00fancia ou sugira uma reportagem sobre Ribeir\u00e3o Preto e regi\u00e3o pelo WhatsApp: 16 99117 7802.<\/p>\n<p>VEJA TAMB\u00c9M<\/p>\n<p>Quando Jacutinga deixa \u201cRenascer\u201d?<\/p>\n<p><!-- AI CONTENT END 1 -->\n<\/div>\n<\/div>\n<p><script async src=\"\/\/www.instagram.com\/embed.js\"><\/script><br \/>\n<br \/><br \/>\n<br \/><a href=\"https:\/\/www.acidadeon.com\/ribeiraopreto\/cotidiano\/ribeirao-tem-vagas-para-aulas-gratuitas-de-judo-veja-como-se-inscrever\/\">Source link <\/a><\/p>\n<div class='code-block code-block-4' style='margin: 8px auto 8px 0; text-align: left; display: block; clear: both;'>\n\ud83d\udce2 Aviso Legal\n\nO site ismaelcolosi.com.br atua apenas como um canal de divulga\u00e7\u00e3o de oportunidades de emprego e n\u00e3o se responsabiliza pelo processo seletivo, contrata\u00e7\u00e3o ou qualquer outra etapa relacionada \u00e0s vagas publicadas. Todas as informa\u00e7\u00f5es s\u00e3o de responsabilidade dos anunciantes.\n\n\u26a0\ufe0f Aten\u00e7\u00e3o! Nunca pague por promessas de emprego nem compre cursos que garantam contrata\u00e7\u00e3o. Desconfie de qualquer cobran\u00e7a para participar de sele\u00e7\u00f5es.\n\n\n\n<\/div>\n<!-- CONTENT END 1 -->\n","protected":false},"excerpt":{"rendered":"<p>A Secretaria de Esportes de Ribeir\u00e3o Preto abrir\u00e1, na segunda-feira (19), inscri\u00e7\u00f5es para as novas turmas de jud\u00f4 do Centro de Inicia\u00e7\u00e3o Esportiva (CIE), antigo&#8230;<\/p>\n","protected":false},"author":1,"featured_media":37353,"comment_status":"open","ping_status":"open","sticky":false,"template":"","format":"standard","meta":{"_uag_custom_page_level_css":"","advanced_seo_description":"","jetpack_seo_html_title":"","jetpack_seo_noindex":false,"jetpack_post_was_ever_published":false,"_jetpack_newsletter_access":"","_jetpack_dont_email_post_to_subs":false,"_jetpack_newsletter_tier_id":0,"_jetpack_memberships_contains_paywalled_content":false,"_jetpack_memberships_contains_paid_content":false,"footnotes":"","jetpack_publicize_message":"","jetpack_publicize_feature_enabled":true,"jetpack_social_post_already_shared":true,"jetpack_social_options":{"image_generator_settings":{"template":"highway","default_image_id":0,"font":"","enabled":false},"version":2}},"categories":[11],"tags":[],"class_list":["post-37352","post","type-post","status-publish","format-standard","has-post-thumbnail","hentry","category-noticias-de-ribeirao-preto-sp-e-regiao-ismael-colosi"],"jetpack_publicize_connections":[],"jetpack_featured_media_url":"https:\/\/i0.wp.com\/ismaelcolosi.com.br\/wp-content\/uploads\/2024\/02\/200_vagas_artes_marciais_2.jpeg?fit=720%2C405&ssl=1","uagb_featured_image_src":{"full":["https:\/\/i0.wp.com\/ismaelcolosi.com.br\/wp-content\/uploads\/2024\/02\/200_vagas_artes_marciais_2.jpeg?fit=720%2C405&ssl=1",720,405,false],"thumbnail":["https:\/\/i0.wp.com\/ismaelcolosi.com.br\/wp-content\/uploads\/2024\/02\/200_vagas_artes_marciais_2.jpeg?resize=150%2C150&ssl=1",150,150,true],"medium":["https:\/\/i0.wp.com\/ismaelcolosi.com.br\/wp-content\/uploads\/2024\/02\/200_vagas_artes_marciais_2.jpeg?fit=300%2C169&ssl=1",300,169,true],"medium_large":["https:\/\/i0.wp.com\/ismaelcolosi.com.br\/wp-content\/uploads\/2024\/02\/200_vagas_artes_marciais_2.jpeg?fit=720%2C405&ssl=1",720,405,true],"large":["https:\/\/i0.wp.com\/ismaelcolosi.com.br\/wp-content\/uploads\/2024\/02\/200_vagas_artes_marciais_2.jpeg?fit=720%2C405&ssl=1",720,405,true],"1536x1536":["https:\/\/i0.wp.com\/ismaelcolosi.com.br\/wp-content\/uploads\/2024\/02\/200_vagas_artes_marciais_2.jpeg?fit=720%2C405&ssl=1",720,405,true],"2048x2048":["https:\/\/i0.wp.com\/ismaelcolosi.com.br\/wp-content\/uploads\/2024\/02\/200_vagas_artes_marciais_2.jpeg?fit=720%2C405&ssl=1",720,405,true],"really-simple-thumb":["https:\/\/i0.wp.com\/ismaelcolosi.com.br\/wp-content\/uploads\/2024\/02\/200_vagas_artes_marciais_2.jpeg?resize=370%2C247&ssl=1",370,247,true]},"uagb_author_info":{"display_name":"ismaelcolosi.com.br","author_link":"https:\/\/ismaelcolosi.com.br\/index.php\/author\/vidareal-online\/"},"uagb_comment_info":0,"uagb_excerpt":"A Secretaria de Esportes de Ribeir\u00e3o Preto abrir\u00e1, na segunda-feira (19), inscri\u00e7\u00f5es para as novas turmas de jud\u00f4 do Centro de Inicia\u00e7\u00e3o Esportiva (CIE), antigo...","jetpack-related-posts":[{"id":44540,"url":"https:\/\/ismaelcolosi.com.br\/index.php\/2024\/03\/28\/ribeirao-preto-abre-inscricoes-para-mais-de-400-vagas-esportivas-veja-como-participar\/","url_meta":{"origin":37352,"position":0},"title":"Ribeir\u00e3o Preto abre inscri\u00e7\u00f5es para mais de 400 vagas esportivas; Veja como participar","author":"ismaelcolosi.com.br","date":"28 de March de 2024","format":false,"excerpt":"A Secretaria Municipal de Esportes oferecer\u00e1 mais de 400 vagas esportivas gratuitas, em seis modalidades, para crian\u00e7as e adolescentes da zona Norte de Ribeir\u00e3o Preto. Os interessados em participar das turmas de v\u00f4lei, handebol, atletismo, futsal, karat\u00ea e jud\u00f4 devem se inscrever do dia 1\u00ba ao dia 4 de abril\u2026","rel":"","context":"In &quot;Not\u00edcias de Ribeir\u00e3o Preto-SP e Regi\u00e3o&quot;","block_context":{"text":"Not\u00edcias de Ribeir\u00e3o Preto-SP e Regi\u00e3o","link":"https:\/\/ismaelcolosi.com.br\/index.php\/category\/noticias-de-ribeirao-preto-sp-e-regiao-ismael-colosi\/"},"img":{"alt_text":"","src":"https:\/\/i0.wp.com\/ismaelcolosi.com.br\/wp-content\/uploads\/2024\/03\/Copia-de-Copia-de-TAMANHO-EXATO-PARA-FOTOS-NO-SISTEMA-NOVO-3-1.jpg?fit=1200%2C675&ssl=1&resize=350%2C200","width":350,"height":200,"srcset":"https:\/\/i0.wp.com\/ismaelcolosi.com.br\/wp-content\/uploads\/2024\/03\/Copia-de-Copia-de-TAMANHO-EXATO-PARA-FOTOS-NO-SISTEMA-NOVO-3-1.jpg?fit=1200%2C675&ssl=1&resize=350%2C200 1x, https:\/\/i0.wp.com\/ismaelcolosi.com.br\/wp-content\/uploads\/2024\/03\/Copia-de-Copia-de-TAMANHO-EXATO-PARA-FOTOS-NO-SISTEMA-NOVO-3-1.jpg?fit=1200%2C675&ssl=1&resize=525%2C300 1.5x, https:\/\/i0.wp.com\/ismaelcolosi.com.br\/wp-content\/uploads\/2024\/03\/Copia-de-Copia-de-TAMANHO-EXATO-PARA-FOTOS-NO-SISTEMA-NOVO-3-1.jpg?fit=1200%2C675&ssl=1&resize=700%2C400 2x, https:\/\/i0.wp.com\/ismaelcolosi.com.br\/wp-content\/uploads\/2024\/03\/Copia-de-Copia-de-TAMANHO-EXATO-PARA-FOTOS-NO-SISTEMA-NOVO-3-1.jpg?fit=1200%2C675&ssl=1&resize=1050%2C600 3x"},"classes":[]},{"id":44579,"url":"https:\/\/ismaelcolosi.com.br\/index.php\/2024\/03\/28\/rp-abre-mais-400-vagas-para-seis-modalidades-esportivas\/","url_meta":{"origin":37352,"position":1},"title":"RP abre mais 400 vagas para seis modalidades esportivas","author":"ismaelcolosi.com.br","date":"28 de March de 2024","format":false,"excerpt":"28 de mar\u00e7o de 2024 | 16:0028 de mar\u00e7o de 2024 | 12:21 0 A Secretaria de Esportes vai disponibilizar mais 400 vagas esportivas para a pr\u00f3xima semana, de 01 a 4 de abril. Ser\u00e3o abertas novas turmas de v\u00f4lei, handebol, atletismo, futsal, karate e jud\u00f4. As inscri\u00e7\u00f5es e realiza\u00e7\u00e3o\u2026","rel":"","context":"In &quot;Not\u00edcias de Ribeir\u00e3o Preto-SP e Regi\u00e3o&quot;","block_context":{"text":"Not\u00edcias de Ribeir\u00e3o Preto-SP e Regi\u00e3o","link":"https:\/\/ismaelcolosi.com.br\/index.php\/category\/noticias-de-ribeirao-preto-sp-e-regiao-ismael-colosi\/"},"img":{"alt_text":"","src":"https:\/\/i0.wp.com\/ismaelcolosi.com.br\/wp-content\/uploads\/2024\/03\/123748-6-curiosidades-sobre-o-volei-que-voce-precisa-conhecer.jpg?fit=750%2C500&ssl=1&resize=350%2C200","width":350,"height":200,"srcset":"https:\/\/i0.wp.com\/ismaelcolosi.com.br\/wp-content\/uploads\/2024\/03\/123748-6-curiosidades-sobre-o-volei-que-voce-precisa-conhecer.jpg?fit=750%2C500&ssl=1&resize=350%2C200 1x, https:\/\/i0.wp.com\/ismaelcolosi.com.br\/wp-content\/uploads\/2024\/03\/123748-6-curiosidades-sobre-o-volei-que-voce-precisa-conhecer.jpg?fit=750%2C500&ssl=1&resize=525%2C300 1.5x, https:\/\/i0.wp.com\/ismaelcolosi.com.br\/wp-content\/uploads\/2024\/03\/123748-6-curiosidades-sobre-o-volei-que-voce-precisa-conhecer.jpg?fit=750%2C500&ssl=1&resize=700%2C400 2x"},"classes":[]},{"id":26783,"url":"https:\/\/ismaelcolosi.com.br\/index.php\/2024\/01\/10\/ribeirao-oferece-mais-de-duas-mil-vagas-para-atividades-esportivas-gratuitas-veja-como-se-inscrever\/","url_meta":{"origin":37352,"position":2},"title":"Ribeir\u00e3o oferece mais de duas mil vagas para atividades esportivas gratuitas; Veja como se inscrever","author":"ismaelcolosi.com.br","date":"10 de January de 2024","format":false,"excerpt":"A Secretaria de Esportes de Ribeir\u00e3o Preto divulgou, nesta quarta-feira (10), mais de duas mil vagas para atividades esportivas gratuitas na cidade e no distrito de Bonfim Paulista. De acordo com a pasta, os interessados podem escolher entre 19 modalidades em cinco complexos esportivos. As vagas v\u00e3o atender desde crian\u00e7as,\u2026","rel":"","context":"In &quot;Not\u00edcias de Ribeir\u00e3o Preto-SP e Regi\u00e3o&quot;","block_context":{"text":"Not\u00edcias de Ribeir\u00e3o Preto-SP e Regi\u00e3o","link":"https:\/\/ismaelcolosi.com.br\/index.php\/category\/noticias-de-ribeirao-preto-sp-e-regiao-ismael-colosi\/"},"img":{"alt_text":"","src":"https:\/\/i0.wp.com\/ismaelcolosi.com.br\/wp-content\/uploads\/2024\/01\/vagas_esporte_foto_fernando_gonzaga.jpeg?fit=1200%2C841&ssl=1&resize=350%2C200","width":350,"height":200,"srcset":"https:\/\/i0.wp.com\/ismaelcolosi.com.br\/wp-content\/uploads\/2024\/01\/vagas_esporte_foto_fernando_gonzaga.jpeg?fit=1200%2C841&ssl=1&resize=350%2C200 1x, https:\/\/i0.wp.com\/ismaelcolosi.com.br\/wp-content\/uploads\/2024\/01\/vagas_esporte_foto_fernando_gonzaga.jpeg?fit=1200%2C841&ssl=1&resize=525%2C300 1.5x, https:\/\/i0.wp.com\/ismaelcolosi.com.br\/wp-content\/uploads\/2024\/01\/vagas_esporte_foto_fernando_gonzaga.jpeg?fit=1200%2C841&ssl=1&resize=700%2C400 2x, https:\/\/i0.wp.com\/ismaelcolosi.com.br\/wp-content\/uploads\/2024\/01\/vagas_esporte_foto_fernando_gonzaga.jpeg?fit=1200%2C841&ssl=1&resize=1050%2C600 3x"},"classes":[]},{"id":45326,"url":"https:\/\/ismaelcolosi.com.br\/index.php\/2024\/04\/03\/ribeirao-preto-tem-vagas-para-time-de-futsal-masculino-veja-como-se-inscrever\/","url_meta":{"origin":37352,"position":3},"title":"Ribeir\u00e3o Preto tem vagas para time de futsal masculino; Veja como se inscrever","author":"ismaelcolosi.com.br","date":"3 de April de 2024","format":false,"excerpt":"A Secretaria de Esportes de Ribeir\u00e3o Preto anunciou, nesta quarta-feira (3), que abrir\u00e1 mais 50 vagas para a turma de futsal masculino da Cava do Bosque. A atividade \u00e9 oferecida de forma gratuita. Podem participar meninos de 13 a 17 anos. As aulas de inicia\u00e7\u00e3o ao futsal acontecem as segundas\u2026","rel":"","context":"In &quot;Not\u00edcias de Ribeir\u00e3o Preto-SP e Regi\u00e3o&quot;","block_context":{"text":"Not\u00edcias de Ribeir\u00e3o Preto-SP e Regi\u00e3o","link":"https:\/\/ismaelcolosi.com.br\/index.php\/category\/noticias-de-ribeirao-preto-sp-e-regiao-ismael-colosi\/"},"img":{"alt_text":"","src":"https:\/\/i0.wp.com\/ismaelcolosi.com.br\/wp-content\/uploads\/2024\/04\/TaaEPTVdeFutsalRibeiroPretoSaibaresultadosdarodadade17deabril_Tamanho_2_image.jpg?fit=1200%2C900&ssl=1&resize=350%2C200","width":350,"height":200,"srcset":"https:\/\/i0.wp.com\/ismaelcolosi.com.br\/wp-content\/uploads\/2024\/04\/TaaEPTVdeFutsalRibeiroPretoSaibaresultadosdarodadade17deabril_Tamanho_2_image.jpg?fit=1200%2C900&ssl=1&resize=350%2C200 1x, https:\/\/i0.wp.com\/ismaelcolosi.com.br\/wp-content\/uploads\/2024\/04\/TaaEPTVdeFutsalRibeiroPretoSaibaresultadosdarodadade17deabril_Tamanho_2_image.jpg?fit=1200%2C900&ssl=1&resize=525%2C300 1.5x, https:\/\/i0.wp.com\/ismaelcolosi.com.br\/wp-content\/uploads\/2024\/04\/TaaEPTVdeFutsalRibeiroPretoSaibaresultadosdarodadade17deabril_Tamanho_2_image.jpg?fit=1200%2C900&ssl=1&resize=700%2C400 2x, https:\/\/i0.wp.com\/ismaelcolosi.com.br\/wp-content\/uploads\/2024\/04\/TaaEPTVdeFutsalRibeiroPretoSaibaresultadosdarodadade17deabril_Tamanho_2_image.jpg?fit=1200%2C900&ssl=1&resize=1050%2C600 3x"},"classes":[]},{"id":43704,"url":"https:\/\/ismaelcolosi.com.br\/index.php\/2024\/03\/22\/ribeirao-tem-960-bolsas-de-estudo-100-gratuitas-em-cursos-tecnicos-e-livres-veja-oportunidades\/","url_meta":{"origin":37352,"position":4},"title":"Ribeir\u00e3o tem 960 bolsas de estudo 100% gratuitas em cursos t\u00e9cnicos e livres; Veja oportunidades","author":"ismaelcolosi.com.br","date":"22 de March de 2024","format":false,"excerpt":"O Senac de Ribeir\u00e3o Preto est\u00e1 com 960 oportunidades de bolsas de estudo 100% gratuitas para cursos t\u00e9cnicos e livres. As vagas s\u00e3o v\u00e1lidas para os meses de abril e maio e podem ser solicitadas a partir de 20 dias antes do in\u00edcio de cada curso \u2013 para acompanhar as\u2026","rel":"","context":"In &quot;Not\u00edcias de Ribeir\u00e3o Preto-SP e Regi\u00e3o&quot;","block_context":{"text":"Not\u00edcias de Ribeir\u00e3o Preto-SP e Regi\u00e3o","link":"https:\/\/ismaelcolosi.com.br\/index.php\/category\/noticias-de-ribeirao-preto-sp-e-regiao-ismael-colosi\/"},"img":{"alt_text":"","src":"https:\/\/i0.wp.com\/ismaelcolosi.com.br\/wp-content\/uploads\/2024\/03\/senac-ribeirao.jpg?fit=1200%2C674&ssl=1&resize=350%2C200","width":350,"height":200,"srcset":"https:\/\/i0.wp.com\/ismaelcolosi.com.br\/wp-content\/uploads\/2024\/03\/senac-ribeirao.jpg?fit=1200%2C674&ssl=1&resize=350%2C200 1x, https:\/\/i0.wp.com\/ismaelcolosi.com.br\/wp-content\/uploads\/2024\/03\/senac-ribeirao.jpg?fit=1200%2C674&ssl=1&resize=525%2C300 1.5x, https:\/\/i0.wp.com\/ismaelcolosi.com.br\/wp-content\/uploads\/2024\/03\/senac-ribeirao.jpg?fit=1200%2C674&ssl=1&resize=700%2C400 2x, https:\/\/i0.wp.com\/ismaelcolosi.com.br\/wp-content\/uploads\/2024\/03\/senac-ribeirao.jpg?fit=1200%2C674&ssl=1&resize=1050%2C600 3x"},"classes":[]},{"id":34927,"url":"https:\/\/ismaelcolosi.com.br\/index.php\/2024\/02\/04\/usp-oferece-oficinas-gratuitas-de-canto-e-instrumentos-musicais-em-ribeirao-preto\/","url_meta":{"origin":37352,"position":5},"title":"USP oferece oficinas gratuitas de canto e instrumentos musicais em Ribeir\u00e3o Preto","author":"ismaelcolosi.com.br","date":"4 de February de 2024","format":false,"excerpt":"O Departamento de M\u00fasica da Faculdade de Filosofia, Ci\u00eancias e Letras de Ribeir\u00e3o Preto (FFCLRP) da USP (Universidade de S\u00e3o Paulo), est\u00e1 com inscri\u00e7\u00f5es abertas para oficinas gratuitas de canto e instrumentos musicais. Os interessados devem se inscrever de forma on-line (clique aqui), at\u00e9 \u00e0s 16h do dia 16 de\u2026","rel":"","context":"In &quot;Not\u00edcias de Ribeir\u00e3o Preto-SP e Regi\u00e3o&quot;","block_context":{"text":"Not\u00edcias de Ribeir\u00e3o Preto-SP e Regi\u00e3o","link":"https:\/\/ismaelcolosi.com.br\/index.php\/category\/noticias-de-ribeirao-preto-sp-e-regiao-ismael-colosi\/"},"img":{"alt_text":"","src":"https:\/\/i0.wp.com\/ismaelcolosi.com.br\/wp-content\/uploads\/2024\/02\/piano-1655558_1920.jpg?fit=1200%2C800&ssl=1&resize=350%2C200","width":350,"height":200,"srcset":"https:\/\/i0.wp.com\/ismaelcolosi.com.br\/wp-content\/uploads\/2024\/02\/piano-1655558_1920.jpg?fit=1200%2C800&ssl=1&resize=350%2C200 1x, https:\/\/i0.wp.com\/ismaelcolosi.com.br\/wp-content\/uploads\/2024\/02\/piano-1655558_1920.jpg?fit=1200%2C800&ssl=1&resize=525%2C300 1.5x, https:\/\/i0.wp.com\/ismaelcolosi.com.br\/wp-content\/uploads\/2024\/02\/piano-1655558_1920.jpg?fit=1200%2C800&ssl=1&resize=700%2C400 2x, https:\/\/i0.wp.com\/ismaelcolosi.com.br\/wp-content\/uploads\/2024\/02\/piano-1655558_1920.jpg?fit=1200%2C800&ssl=1&resize=1050%2C600 3x"},"classes":[]}],"jetpack_sharing_enabled":true,"jetpack_shortlink":"https:\/\/wp.me\/pfMlyK-9Is","_links":{"self":[{"href":"https:\/\/ismaelcolosi.com.br\/index.php\/wp-json\/wp\/v2\/posts\/37352","targetHints":{"allow":["GET"]}}],"collection":[{"href":"https:\/\/ismaelcolosi.com.br\/index.php\/wp-json\/wp\/v2\/posts"}],"about":[{"href":"https:\/\/ismaelcolosi.com.br\/index.php\/wp-json\/wp\/v2\/types\/post"}],"author":[{"embeddable":true,"href":"https:\/\/ismaelcolosi.com.br\/index.php\/wp-json\/wp\/v2\/users\/1"}],"replies":[{"embeddable":true,"href":"https:\/\/ismaelcolosi.com.br\/index.php\/wp-json\/wp\/v2\/comments?post=37352"}],"version-history":[{"count":0,"href":"https:\/\/ismaelcolosi.com.br\/index.php\/wp-json\/wp\/v2\/posts\/37352\/revisions"}],"wp:featuredmedia":[{"embeddable":true,"href":"https:\/\/ismaelcolosi.com.br\/index.php\/wp-json\/wp\/v2\/media\/37353"}],"wp:attachment":[{"href":"https:\/\/ismaelcolosi.com.br\/index.php\/wp-json\/wp\/v2\/media?parent=37352"}],"wp:term":[{"taxonomy":"category","embeddable":true,"href":"https:\/\/ismaelcolosi.com.br\/index.php\/wp-json\/wp\/v2\/categories?post=37352"},{"taxonomy":"post_tag","embeddable":true,"href":"https:\/\/ismaelcolosi.com.br\/index.php\/wp-json\/wp\/v2\/tags?post=37352"}],"curies":[{"name":"wp","href":"https:\/\/api.w.org\/{rel}","templated":true}]}}