{"id":37345,"date":"2024-02-15T17:27:04","date_gmt":"2024-02-15T20:27:04","guid":{"rendered":"https:\/\/ismaelcolosi.com.br\/index.php\/2024\/02\/15\/ainda-ha-ingressos-para-o-churrasquinho-do-menos-e-mais-em-ribeirao-preto\/"},"modified":"2024-02-15T17:27:04","modified_gmt":"2024-02-15T20:27:04","slug":"ainda-ha-ingressos-para-o-churrasquinho-do-menos-e-mais-em-ribeirao-preto","status":"publish","type":"post","link":"https:\/\/ismaelcolosi.com.br\/index.php\/2024\/02\/15\/ainda-ha-ingressos-para-o-churrasquinho-do-menos-e-mais-em-ribeirao-preto\/","title":{"rendered":"Ainda h\u00e1 ingressos para o &#8216;Churrasquinho do Menos \u00e9 Mais&#8217; em Ribeir\u00e3o Preto\u00a0"},"content":{"rendered":"<p> <br \/>\n<\/p>\n<div>\n<p>Ainda est\u00e3o dispon\u00edveis os <strong>ingressos <\/strong>para o \u201c<strong>Churrasquinho do Grupo Menos \u00e9 Mais<\/strong>\u201d, que acontece no dia 16 de mar\u00e7o, a partir das 14h, em <strong>Ribeir\u00e3o Preto<\/strong>. <\/p>\n<p><mark style=\"background-color:#fcb900\" class=\"has-inline-color\"><strong>Os ingressos podem ser adquiridos de forma on-line (<a href=\"https:\/\/www.ingresse.com\/churrasquinho-ribeirao-preto-2024\" target=\"_blank\" rel=\"noreferrer noopener\">clique aqui<\/a>)<\/strong><\/mark> e variam entre <strong>R$ 175<\/strong> e <strong>R$ 880<\/strong>. A apresenta\u00e7\u00e3o do grupo acontece no <strong>Haras Manoel Le\u00e3o<\/strong>, na rodovia C\u00e2ndido Portinari, pr\u00f3ximo ao km 327.<\/p>\n<p>Com mais de <a href=\"https:\/\/www.instagram.com\/grupomenosemais\/\" target=\"_blank\" rel=\"noreferrer noopener\">2,5 milh\u00f5es de seguidores no Instagram<\/a>, o conjunto formado pelos integrantes <strong>Duz\u00e3o<\/strong>, <strong>Gustavo Goes<\/strong>, <strong>Jorge Farias<\/strong>, <strong>Paulinho Felix<\/strong> e <strong>Ramon Alvarenga<\/strong>, desembarcam em Ribeir\u00e3o Preto para mais de <strong>quatro horas de samba e pagode<\/strong>, com a presen\u00e7a de convidados especiais.<\/p>\n<p>O grupo, que se apresentou pela primeira vez na <strong>Festa do Pe\u00e3o de Barretos<\/strong> no ano passado, \u00e9 respons\u00e1vel por hits como <strong>\u201cLapada Dela<\/strong>\u201c, \u201c<strong>Vai Me Dando Corda<\/strong>\u201d, \u201c<strong>Foi Bom, Mas Foi Ontem<\/strong>\u201c entre outros.<\/p>\n<h4 class=\"wp-block-heading\"><strong>Confira os valores e setores<\/strong><\/h4>\n<p>De acordo com a organiza\u00e7\u00e3o, o espa\u00e7o ter\u00e1 capacidade para<strong> 10 mil pessoas<\/strong>, que ser\u00e3o divididas entre arena premium e open bar Premium. Veja os valores abaixo:<\/p>\n<ul>\n<li>Arena Premium \u2013 R$ 175 (meia social) e R$ 350 (inteira)<\/li>\n<\/ul>\n<ul>\n<li>Open Bar Premium \u2013 R$ 440 (meia social) e R$ 880 (inteira)<\/li>\n<\/ul>\n<h4 class=\"wp-block-heading\"><strong>Servi\u00e7o<\/strong><\/h4>\n<p>Quando: 16 de mar\u00e7o<\/p>\n<p>Hor\u00e1rio: a partir das 14h<\/p>\n<p>Onde: Haras Manoel Le\u00e3o \u2013 rodovia C\u00e2ndido Portinari, km 327<\/p>\n<p>Ingressos: a partir de R$ 175 \u2013 <a href=\"https:\/\/www.ingresse.com\/churrasquinho-ribeirao-preto-2024\" target=\"_blank\" rel=\"noreferrer noopener\">c<\/a>lique aqui para adquirir<\/p>\n<p><iframe loading=\"lazy\" title=\"Grupo Menos \u00e9 Mais, Matheus Fernandes - Lapada Dela (No Churrasquinho de Bras\u00edlia)\" width=\"500\" height=\"281\" src=\"https:\/\/www.youtube.com\/embed\/qV70vh3goD4?feature=oembed\" frameborder=\"0\" allow=\"accelerometer; autoplay; clipboard-write; encrypted-media; gyroscope; picture-in-picture; web-share\" referrerpolicy=\"strict-origin-when-cross-origin\" allowfullscreen><\/iframe><\/p>\n<p>SAIBA MAIS<\/p>\n<p>J\u00e3o faz show em Ribeir\u00e3o em mar\u00e7o; Ingressos para \u2018Superturn\u00ea\u2019 est\u00e3o dispon\u00edveis<\/p>\n<h4 class=\"wp-block-heading\"><strong><mark style=\"background-color:#fcb900\" class=\"has-inline-color\">FIQUE ON<\/mark><\/strong><\/h4>\n<p>Fique ligado em tudo que acontece em Ribeir\u00e3o Preto e regi\u00e3o. Siga os perfis do<strong>\u00a0acidade on\u00a0<\/strong>no\u00a0<a href=\"https:\/\/www.instagram.com\/acidadeonribeirao\" target=\"_blank\" rel=\"noreferrer noopener\">Instagram<\/a>\u00a0e no\u00a0<a href=\"https:\/\/www.facebook.com\/acidadeonribeirao\" target=\"_blank\" rel=\"noreferrer noopener\">Facebook.<\/a><\/p>\n<p>Receba not\u00edcias do\u00a0<strong>acidade on<\/strong>\u00a0no WhatsApp.\u00a0<a href=\"https:\/\/chat.whatsapp.com\/Bnv2w66ZT4VDyZW3oiZ69n\" target=\"_blank\" rel=\"noreferrer noopener\">Para entrar no grupo, basta clicar aqui.<\/a><\/p>\n<p>Fa\u00e7a uma den\u00fancia ou sugira uma reportagem sobre Ribeir\u00e3o Preto e regi\u00e3o pelo WhatsApp: 16 99117 7802.<\/p>\n<p>VEJA TAMB\u00c9M<\/p>\n<p>Bolinho de chuva de ma\u00e7\u00e3: veja como fazer<\/p>\n<p><!-- AI CONTENT END 1 -->\n<\/div>\n<p><script async src=\"\/\/www.instagram.com\/embed.js\"><\/script><br \/>\n<br \/><br \/>\n<br \/><a href=\"https:\/\/www.acidadeon.com\/ribeiraopreto\/lazer-e-cultura\/ainda-ha-ingressos-para-o-churrasquinho-do-menos-e-mais-em-ribeirao-preto\/\">Source link <\/a><\/p>\n<div class='code-block code-block-4' style='margin: 8px auto 8px 0; text-align: left; display: block; clear: both;'>\n\ud83d\udce2 Aviso Legal\n\nO site ismaelcolosi.com.br atua apenas como um canal de divulga\u00e7\u00e3o de oportunidades de emprego e n\u00e3o se responsabiliza pelo processo seletivo, contrata\u00e7\u00e3o ou qualquer outra etapa relacionada \u00e0s vagas publicadas. Todas as informa\u00e7\u00f5es s\u00e3o de responsabilidade dos anunciantes.\n\n\u26a0\ufe0f Aten\u00e7\u00e3o! Nunca pague por promessas de emprego nem compre cursos que garantam contrata\u00e7\u00e3o. Desconfie de qualquer cobran\u00e7a para participar de sele\u00e7\u00f5es.\n\n\n\n<\/div>\n<!-- CONTENT END 1 -->\n","protected":false},"excerpt":{"rendered":"<p>Ainda est\u00e3o dispon\u00edveis os ingressos para o \u201cChurrasquinho do Grupo Menos \u00e9 Mais\u201d, que acontece no dia 16 de mar\u00e7o, a partir das 14h, em&#8230;<\/p>\n","protected":false},"author":1,"featured_media":37346,"comment_status":"open","ping_status":"open","sticky":false,"template":"","format":"standard","meta":{"_uag_custom_page_level_css":"","advanced_seo_description":"","jetpack_seo_html_title":"","jetpack_seo_noindex":false,"jetpack_post_was_ever_published":false,"_jetpack_newsletter_access":"","_jetpack_dont_email_post_to_subs":false,"_jetpack_newsletter_tier_id":0,"_jetpack_memberships_contains_paywalled_content":false,"_jetpack_memberships_contains_paid_content":false,"footnotes":"","jetpack_publicize_message":"","jetpack_publicize_feature_enabled":true,"jetpack_social_post_already_shared":true,"jetpack_social_options":{"image_generator_settings":{"template":"highway","default_image_id":0,"font":"","enabled":false},"version":2}},"categories":[11],"tags":[],"class_list":["post-37345","post","type-post","status-publish","format-standard","has-post-thumbnail","hentry","category-noticias-de-ribeirao-preto-sp-e-regiao-ismael-colosi"],"jetpack_publicize_connections":[],"jetpack_featured_media_url":"https:\/\/i0.wp.com\/ismaelcolosi.com.br\/wp-content\/uploads\/2024\/02\/286185279_167933978979443_1343718831456766453_n.jpg?fit=1080%2C916&ssl=1","uagb_featured_image_src":{"full":["https:\/\/i0.wp.com\/ismaelcolosi.com.br\/wp-content\/uploads\/2024\/02\/286185279_167933978979443_1343718831456766453_n.jpg?fit=1080%2C916&ssl=1",1080,916,false],"thumbnail":["https:\/\/i0.wp.com\/ismaelcolosi.com.br\/wp-content\/uploads\/2024\/02\/286185279_167933978979443_1343718831456766453_n.jpg?resize=150%2C150&ssl=1",150,150,true],"medium":["https:\/\/i0.wp.com\/ismaelcolosi.com.br\/wp-content\/uploads\/2024\/02\/286185279_167933978979443_1343718831456766453_n.jpg?fit=300%2C254&ssl=1",300,254,true],"medium_large":["https:\/\/i0.wp.com\/ismaelcolosi.com.br\/wp-content\/uploads\/2024\/02\/286185279_167933978979443_1343718831456766453_n.jpg?fit=768%2C651&ssl=1",768,651,true],"large":["https:\/\/i0.wp.com\/ismaelcolosi.com.br\/wp-content\/uploads\/2024\/02\/286185279_167933978979443_1343718831456766453_n.jpg?fit=1024%2C869&ssl=1",1024,869,true],"1536x1536":["https:\/\/i0.wp.com\/ismaelcolosi.com.br\/wp-content\/uploads\/2024\/02\/286185279_167933978979443_1343718831456766453_n.jpg?fit=1080%2C916&ssl=1",1080,916,true],"2048x2048":["https:\/\/i0.wp.com\/ismaelcolosi.com.br\/wp-content\/uploads\/2024\/02\/286185279_167933978979443_1343718831456766453_n.jpg?fit=1080%2C916&ssl=1",1080,916,true],"really-simple-thumb":["https:\/\/i0.wp.com\/ismaelcolosi.com.br\/wp-content\/uploads\/2024\/02\/286185279_167933978979443_1343718831456766453_n.jpg?resize=370%2C247&ssl=1",370,247,true]},"uagb_author_info":{"display_name":"ismaelcolosi.com.br","author_link":"https:\/\/ismaelcolosi.com.br\/index.php\/author\/vidareal-online\/"},"uagb_comment_info":0,"uagb_excerpt":"Ainda est\u00e3o dispon\u00edveis os ingressos para o \u201cChurrasquinho do Grupo Menos \u00e9 Mais\u201d, que acontece no dia 16 de mar\u00e7o, a partir das 14h, em...","jetpack-related-posts":[{"id":42043,"url":"https:\/\/ismaelcolosi.com.br\/index.php\/2024\/03\/12\/tudo-o-que-voce-precisa-saber-sobre-o-churrasquinho-do-menos-e-mais-na-regiao-de-ribeirao-preto\/","url_meta":{"origin":37345,"position":0},"title":"Tudo o que voc\u00ea precisa saber sobre o \u2018Churrasquinho do Menos \u00e9 Mais\u2019 na regi\u00e3o de Ribeir\u00e3o Preto","author":"ismaelcolosi.com.br","date":"12 de March de 2024","format":false,"excerpt":"O grupo Menos \u00e9 Mais desembarca na regi\u00e3o de Ribeir\u00e3o Preto, neste final de semana, a partir das 14h. Os ingressos para o show da turn\u00ea \u201cChurrasquinho 2024\u201d ainda est\u00e3o dispon\u00edveis e podem ser adquiridos de forma on-line (clique aqui). A apresenta\u00e7\u00e3o do conjunto formado pelos integrantes Duz\u00e3o, Gustavo Goes,\u2026","rel":"","context":"In &quot;Not\u00edcias de Ribeir\u00e3o Preto-SP e Regi\u00e3o&quot;","block_context":{"text":"Not\u00edcias de Ribeir\u00e3o Preto-SP e Regi\u00e3o","link":"https:\/\/ismaelcolosi.com.br\/index.php\/category\/noticias-de-ribeirao-preto-sp-e-regiao-ismael-colosi\/"},"img":{"alt_text":"","src":"https:\/\/i0.wp.com\/ismaelcolosi.com.br\/wp-content\/uploads\/2024\/03\/286185279_167933978979443_1343718831456766453_n.jpg?fit=1080%2C916&ssl=1&resize=350%2C200","width":350,"height":200,"srcset":"https:\/\/i0.wp.com\/ismaelcolosi.com.br\/wp-content\/uploads\/2024\/03\/286185279_167933978979443_1343718831456766453_n.jpg?fit=1080%2C916&ssl=1&resize=350%2C200 1x, https:\/\/i0.wp.com\/ismaelcolosi.com.br\/wp-content\/uploads\/2024\/03\/286185279_167933978979443_1343718831456766453_n.jpg?fit=1080%2C916&ssl=1&resize=525%2C300 1.5x, https:\/\/i0.wp.com\/ismaelcolosi.com.br\/wp-content\/uploads\/2024\/03\/286185279_167933978979443_1343718831456766453_n.jpg?fit=1080%2C916&ssl=1&resize=700%2C400 2x, https:\/\/i0.wp.com\/ismaelcolosi.com.br\/wp-content\/uploads\/2024\/03\/286185279_167933978979443_1343718831456766453_n.jpg?fit=1080%2C916&ssl=1&resize=1050%2C600 3x"},"classes":[]},{"id":28375,"url":"https:\/\/ismaelcolosi.com.br\/index.php\/2024\/01\/15\/grupo-menos-e-mais-traz-para-ribeirao-a-turne-churrasquinho-veja-quando-sera-o-show\/","url_meta":{"origin":37345,"position":1},"title":"Grupo Menos \u00e9 Mais traz para Ribeir\u00e3o a turn\u00ea &#8216;Churrasquinho&#8217;; Veja quando ser\u00e1 o show","author":"ismaelcolosi.com.br","date":"15 de January de 2024","format":false,"excerpt":"O grupo Menos \u00e9 Mais traz para Ribeir\u00e3o Preto, a turn\u00ea \u201cChurrasquinho 2024\u201d, no dia 16 de mar\u00e7o. De acordo com a organiza\u00e7\u00e3o, ser\u00e3o mais de quatro horas de samba e pagode, com a presen\u00e7a de convidados especiais. Os ingressos ser\u00e3o vendidos a partir desta quinta-feira (18), em uma plataforma\u2026","rel":"","context":"In &quot;Not\u00edcias de Ribeir\u00e3o Preto-SP e Regi\u00e3o&quot;","block_context":{"text":"Not\u00edcias de Ribeir\u00e3o Preto-SP e Regi\u00e3o","link":"https:\/\/ismaelcolosi.com.br\/index.php\/category\/noticias-de-ribeirao-preto-sp-e-regiao-ismael-colosi\/"},"img":{"alt_text":"","src":"https:\/\/i0.wp.com\/ismaelcolosi.com.br\/wp-content\/uploads\/2024\/01\/CHURRASQUINHO-RMC-414-scaled.jpg?fit=1200%2C800&ssl=1&resize=350%2C200","width":350,"height":200,"srcset":"https:\/\/i0.wp.com\/ismaelcolosi.com.br\/wp-content\/uploads\/2024\/01\/CHURRASQUINHO-RMC-414-scaled.jpg?fit=1200%2C800&ssl=1&resize=350%2C200 1x, https:\/\/i0.wp.com\/ismaelcolosi.com.br\/wp-content\/uploads\/2024\/01\/CHURRASQUINHO-RMC-414-scaled.jpg?fit=1200%2C800&ssl=1&resize=525%2C300 1.5x, https:\/\/i0.wp.com\/ismaelcolosi.com.br\/wp-content\/uploads\/2024\/01\/CHURRASQUINHO-RMC-414-scaled.jpg?fit=1200%2C800&ssl=1&resize=700%2C400 2x, https:\/\/i0.wp.com\/ismaelcolosi.com.br\/wp-content\/uploads\/2024\/01\/CHURRASQUINHO-RMC-414-scaled.jpg?fit=1200%2C800&ssl=1&resize=1050%2C600 3x"},"classes":[]},{"id":29314,"url":"https:\/\/ismaelcolosi.com.br\/index.php\/2024\/01\/18\/menos-e-mais-em-ribeirao-ingressos-comecam-a-ser-vendidos-nesta-quinta\/","url_meta":{"origin":37345,"position":2},"title":"Menos \u00e9 Mais em Ribeir\u00e3o: Ingressos come\u00e7am a ser vendidos nesta quinta","author":"ismaelcolosi.com.br","date":"18 de January de 2024","format":false,"excerpt":"A venda dos ingressos para a turn\u00ea \u201cChurrasquinho\u201d, do grupo Menos \u00e9 Mais, em Ribeir\u00e3o Preto, come\u00e7a nesta quinta-feira (18). A apresenta\u00e7\u00e3o vai acontecer no dia 16 de mar\u00e7o, no Haras Manoel Le\u00e3o, na rodovia C\u00e2ndido Portinari, pr\u00f3ximo ao km 327. O conjunto formado pelos integrantes Duz\u00e3o, Gustavo Goes, Jorge\u2026","rel":"","context":"In &quot;Not\u00edcias de Ribeir\u00e3o Preto-SP e Regi\u00e3o&quot;","block_context":{"text":"Not\u00edcias de Ribeir\u00e3o Preto-SP e Regi\u00e3o","link":"https:\/\/ismaelcolosi.com.br\/index.php\/category\/noticias-de-ribeirao-preto-sp-e-regiao-ismael-colosi\/"},"img":{"alt_text":"","src":"https:\/\/i0.wp.com\/ismaelcolosi.com.br\/wp-content\/uploads\/2024\/01\/1705549059_CHURRASQUINHO-RMC-414-scaled.jpg?fit=1200%2C800&ssl=1&resize=350%2C200","width":350,"height":200,"srcset":"https:\/\/i0.wp.com\/ismaelcolosi.com.br\/wp-content\/uploads\/2024\/01\/1705549059_CHURRASQUINHO-RMC-414-scaled.jpg?fit=1200%2C800&ssl=1&resize=350%2C200 1x, https:\/\/i0.wp.com\/ismaelcolosi.com.br\/wp-content\/uploads\/2024\/01\/1705549059_CHURRASQUINHO-RMC-414-scaled.jpg?fit=1200%2C800&ssl=1&resize=525%2C300 1.5x, https:\/\/i0.wp.com\/ismaelcolosi.com.br\/wp-content\/uploads\/2024\/01\/1705549059_CHURRASQUINHO-RMC-414-scaled.jpg?fit=1200%2C800&ssl=1&resize=700%2C400 2x, https:\/\/i0.wp.com\/ismaelcolosi.com.br\/wp-content\/uploads\/2024\/01\/1705549059_CHURRASQUINHO-RMC-414-scaled.jpg?fit=1200%2C800&ssl=1&resize=1050%2C600 3x"},"classes":[]},{"id":42541,"url":"https:\/\/ismaelcolosi.com.br\/index.php\/2024\/03\/15\/chorinho-menos-e-mais-e-outros-agitam-fim-de-semana-em-ribeirao-preto-e-regiao-confira\/","url_meta":{"origin":37345,"position":3},"title":"Chorinho, Menos \u00e9 Mais e outros agitam fim de semana em Ribeir\u00e3o Preto e regi\u00e3o; Confira","author":"ismaelcolosi.com.br","date":"15 de March de 2024","format":false,"excerpt":"O fim de semana chegou e Ribeir\u00e3o Preto oferece uma programa\u00e7\u00e3o diversificada para toda fam\u00edlia e para curtir com os amigos. Entre as op\u00e7\u00f5es tem o Churrasquinho do Menos \u00e9 Mais, Chorinho na 7, Feira de Colecionadores e mais. Confira: Encontro Filat\u00e9lico Numism\u00e1tico 2024 O tradicional encontro de colecionadores em\u2026","rel":"","context":"In &quot;Not\u00edcias de Ribeir\u00e3o Preto-SP e Regi\u00e3o&quot;","block_context":{"text":"Not\u00edcias de Ribeir\u00e3o Preto-SP e Regi\u00e3o","link":"https:\/\/ismaelcolosi.com.br\/index.php\/category\/noticias-de-ribeirao-preto-sp-e-regiao-ismael-colosi\/"},"img":{"alt_text":"","src":"https:\/\/i0.wp.com\/ismaelcolosi.com.br\/wp-content\/uploads\/2024\/03\/1710505988_Copia-de-Copia-de-TAMANHO-EXATO-PARA-FOTOS-NO-SISTEMA-NOVO-34.jpg?fit=1200%2C675&ssl=1&resize=350%2C200","width":350,"height":200,"srcset":"https:\/\/i0.wp.com\/ismaelcolosi.com.br\/wp-content\/uploads\/2024\/03\/1710505988_Copia-de-Copia-de-TAMANHO-EXATO-PARA-FOTOS-NO-SISTEMA-NOVO-34.jpg?fit=1200%2C675&ssl=1&resize=350%2C200 1x, https:\/\/i0.wp.com\/ismaelcolosi.com.br\/wp-content\/uploads\/2024\/03\/1710505988_Copia-de-Copia-de-TAMANHO-EXATO-PARA-FOTOS-NO-SISTEMA-NOVO-34.jpg?fit=1200%2C675&ssl=1&resize=525%2C300 1.5x, https:\/\/i0.wp.com\/ismaelcolosi.com.br\/wp-content\/uploads\/2024\/03\/1710505988_Copia-de-Copia-de-TAMANHO-EXATO-PARA-FOTOS-NO-SISTEMA-NOVO-34.jpg?fit=1200%2C675&ssl=1&resize=700%2C400 2x, https:\/\/i0.wp.com\/ismaelcolosi.com.br\/wp-content\/uploads\/2024\/03\/1710505988_Copia-de-Copia-de-TAMANHO-EXATO-PARA-FOTOS-NO-SISTEMA-NOVO-34.jpg?fit=1200%2C675&ssl=1&resize=1050%2C600 3x"},"classes":[]},{"id":39301,"url":"https:\/\/ismaelcolosi.com.br\/index.php\/2024\/02\/24\/confira-quais-sao-os-shows-confirmados-em-ribeirao-preto-em-2024\/","url_meta":{"origin":37345,"position":4},"title":"Confira quais s\u00e3o os shows confirmados em Ribeir\u00e3o Preto em 2024","author":"ismaelcolosi.com.br","date":"24 de February de 2024","format":false,"excerpt":"Ribeir\u00e3o Preto conta com mais de variados shows confirmados para o ano de 2024, com artistas nacionais e internacionais e estilos musicais diversificados. O portal acidade on criou uma lista dos shows confirmados at\u00e9 o momento. Confira: J\u00e3o O cantor\u00a0J\u00e3o\u00a0vem a Ribeir\u00e3o Preto com os shows da \u2018Superturn\u00ea\u2019, no dia\u2026","rel":"","context":"In &quot;Not\u00edcias de Ribeir\u00e3o Preto-SP e Regi\u00e3o&quot;","block_context":{"text":"Not\u00edcias de Ribeir\u00e3o Preto-SP e Regi\u00e3o","link":"https:\/\/ismaelcolosi.com.br\/index.php\/category\/noticias-de-ribeirao-preto-sp-e-regiao-ismael-colosi\/"},"img":{"alt_text":"","src":"https:\/\/i0.wp.com\/ismaelcolosi.com.br\/wp-content\/uploads\/2024\/02\/Capturar-21.jpg?fit=612%2C409&ssl=1&resize=350%2C200","width":350,"height":200,"srcset":"https:\/\/i0.wp.com\/ismaelcolosi.com.br\/wp-content\/uploads\/2024\/02\/Capturar-21.jpg?fit=612%2C409&ssl=1&resize=350%2C200 1x, https:\/\/i0.wp.com\/ismaelcolosi.com.br\/wp-content\/uploads\/2024\/02\/Capturar-21.jpg?fit=612%2C409&ssl=1&resize=525%2C300 1.5x"},"classes":[]},{"id":1338,"url":"https:\/\/ismaelcolosi.com.br\/index.php\/2023\/11\/11\/ainda-ha-ingressos-para-o-show-tardezinha-do-thiaguinho-em-ribeirao-preto\/","url_meta":{"origin":37345,"position":5},"title":"Ainda h\u00e1 ingressos para o show \u2018Tardezinha\u2019 do Thiaguinho em Ribeir\u00e3o Preto\u00a0","author":"ismaelcolosi.com.br","date":"11 de November de 2023","format":false,"excerpt":"Ainda h\u00e1 ingressos para o show \u2018Tardezinha\u2019 do cantor Thiaguinho, que acontece no dia 2 de dezembro, na Arena Eurobike, em Ribeir\u00e3o Preto. O in\u00edcio do evento \u00e9 \u00e0s 14h. \u00a0 Criado h\u00e1 mais de seis anos, o projeto j\u00e1 teve a participa\u00e7\u00e3o de P\u00e9ricles, IZA, Alexandre Pires, Ludmilla, Rael,\u2026","rel":"","context":"In &quot;Not\u00edcias de Ribeir\u00e3o Preto-SP e Regi\u00e3o&quot;","block_context":{"text":"Not\u00edcias de Ribeir\u00e3o Preto-SP e Regi\u00e3o","link":"https:\/\/ismaelcolosi.com.br\/index.php\/category\/noticias-de-ribeirao-preto-sp-e-regiao-ismael-colosi\/"},"img":{"alt_text":"","src":"https:\/\/i0.wp.com\/ismaelcolosi.com.br\/wp-content\/uploads\/2023\/11\/thiaguinho.jpg?fit=1200%2C800&ssl=1&resize=350%2C200","width":350,"height":200,"srcset":"https:\/\/i0.wp.com\/ismaelcolosi.com.br\/wp-content\/uploads\/2023\/11\/thiaguinho.jpg?fit=1200%2C800&ssl=1&resize=350%2C200 1x, https:\/\/i0.wp.com\/ismaelcolosi.com.br\/wp-content\/uploads\/2023\/11\/thiaguinho.jpg?fit=1200%2C800&ssl=1&resize=525%2C300 1.5x, https:\/\/i0.wp.com\/ismaelcolosi.com.br\/wp-content\/uploads\/2023\/11\/thiaguinho.jpg?fit=1200%2C800&ssl=1&resize=700%2C400 2x, https:\/\/i0.wp.com\/ismaelcolosi.com.br\/wp-content\/uploads\/2023\/11\/thiaguinho.jpg?fit=1200%2C800&ssl=1&resize=1050%2C600 3x"},"classes":[]}],"jetpack_sharing_enabled":true,"jetpack_shortlink":"https:\/\/wp.me\/pfMlyK-9Il","_links":{"self":[{"href":"https:\/\/ismaelcolosi.com.br\/index.php\/wp-json\/wp\/v2\/posts\/37345","targetHints":{"allow":["GET"]}}],"collection":[{"href":"https:\/\/ismaelcolosi.com.br\/index.php\/wp-json\/wp\/v2\/posts"}],"about":[{"href":"https:\/\/ismaelcolosi.com.br\/index.php\/wp-json\/wp\/v2\/types\/post"}],"author":[{"embeddable":true,"href":"https:\/\/ismaelcolosi.com.br\/index.php\/wp-json\/wp\/v2\/users\/1"}],"replies":[{"embeddable":true,"href":"https:\/\/ismaelcolosi.com.br\/index.php\/wp-json\/wp\/v2\/comments?post=37345"}],"version-history":[{"count":0,"href":"https:\/\/ismaelcolosi.com.br\/index.php\/wp-json\/wp\/v2\/posts\/37345\/revisions"}],"wp:featuredmedia":[{"embeddable":true,"href":"https:\/\/ismaelcolosi.com.br\/index.php\/wp-json\/wp\/v2\/media\/37346"}],"wp:attachment":[{"href":"https:\/\/ismaelcolosi.com.br\/index.php\/wp-json\/wp\/v2\/media?parent=37345"}],"wp:term":[{"taxonomy":"category","embeddable":true,"href":"https:\/\/ismaelcolosi.com.br\/index.php\/wp-json\/wp\/v2\/categories?post=37345"},{"taxonomy":"post_tag","embeddable":true,"href":"https:\/\/ismaelcolosi.com.br\/index.php\/wp-json\/wp\/v2\/tags?post=37345"}],"curies":[{"name":"wp","href":"https:\/\/api.w.org\/{rel}","templated":true}]}}