{"id":37339,"date":"2024-02-15T16:57:35","date_gmt":"2024-02-15T19:57:35","guid":{"rendered":"https:\/\/ismaelcolosi.com.br\/index.php\/2024\/02\/15\/sem-combustivel-adolescente-e-detido-apos-furto-de-moto-em-ribeirao-preto\/"},"modified":"2024-02-15T16:57:35","modified_gmt":"2024-02-15T19:57:35","slug":"sem-combustivel-adolescente-e-detido-apos-furto-de-moto-em-ribeirao-preto","status":"publish","type":"post","link":"https:\/\/ismaelcolosi.com.br\/index.php\/2024\/02\/15\/sem-combustivel-adolescente-e-detido-apos-furto-de-moto-em-ribeirao-preto\/","title":{"rendered":"Sem combust\u00edvel: Adolescente \u00e9 detido ap\u00f3s furto de moto em Ribeir\u00e3o Preto"},"content":{"rendered":"<p> <br \/>\n<\/p>\n<div data-td-block-uid=\"tdi_102\">\n<div class=\"tdb-block-inner td-fix-index\">\n<p>Um adolescente de 14 anos foi apreendido pela <strong>Pol\u00edcia Militar<\/strong> ap\u00f3s ter sido flagrado empurrando uma moto que ele tinha furtado em <strong>Ribeir\u00e3o Preto<\/strong>. O crime aconteceu na noite da \u00faltima quarta-feira (14), por volta das 22h.<\/p>\n<p>De acordo com o <strong>B.O. (boletim de ocorr\u00eancia)<\/strong>, os agentes realizam patrulhamento na Vila Albertina, quando se depararam com o adolescente empurrando a moto pr\u00f3ximo da esquina da rua S\u00e3o Francisco com a Japur\u00e1. O ve\u00edculo estava sem placas.<\/p>\n<p>Os policiais deram a ordem de parada e constataram que o suspeito era menor de idade. <mark style=\"background-color:#fcb900\" class=\"has-inline-color has-black-color\">O adolescente disse aos agentes que havia acabado o combust\u00edvel da moto e teria confessado que furtou o ve\u00edculo, que estava estacionada na avenida do Caf\u00e9.<\/mark><\/p>\n<p>O dono da moto, uma Honda\/Titan CG 125, foi chamado at\u00e9 a delegacia, onde apresentou as imagens do furto. O adolescente foi apreendido e liberado ap\u00f3s a assinatura de um termo de compromisso assinado por um respons\u00e1vel maior de idade.<\/p>\n<p>SAIBA MAIS<br \/>Menina hostilizada em jogo em Ribeir\u00e3o Preto recebe convite do Corinthians<\/p>\n<h4 class=\"wp-block-heading\"><strong>FIQUE ON<\/strong><\/h4>\n<p>Fique ligado em tudo que acontece em Ribeir\u00e3o Preto e regi\u00e3o. Siga os perfis do <strong>acidade on <\/strong>no <a href=\"https:\/\/www.instagram.com\/acidadeonribeirao\" target=\"_blank\" rel=\"noreferrer noopener nofollow\">Instagram<\/a> e no <a href=\"https:\/\/www.facebook.com\/acidadeonribeirao\" target=\"_blank\" rel=\"noreferrer noopener nofollow\">Facebook<\/a>.<\/p>\n<p>Receba not\u00edcias do<strong> acidade on <\/strong>no WhatsApp. <a href=\"https:\/\/chat.whatsapp.com\/Bnv2w66ZT4VDyZW3oiZ69n\" target=\"_blank\" rel=\"noreferrer noopener nofollow\">Para entrar no grupo, basta clicar aqui.<\/a><\/p>\n<p>Fa\u00e7a uma den\u00fancia ou sugira uma reportagem sobre Ribeir\u00e3o Preto e regi\u00e3o pelo WhatsApp: 16 99117 7802.<\/p>\n<p>VEJA TAMB\u00c9M<br \/>Qual \u00e9 a profecia de Davi sobre o futuro de Beatriz?<\/p>\n<p><!-- AI CONTENT END 1 -->\n<\/div>\n<\/div>\n<p><script async src=\"\/\/www.instagram.com\/embed.js\"><\/script><br \/>\n<br \/><br \/>\n<br \/><a href=\"https:\/\/www.acidadeon.com\/ribeiraopreto\/cotidiano\/sem-combustivel-adolescente-e-detido-apos-furto-de-moto-em-ribeirao-preto\/\">Source link <\/a><\/p>\n<div class='code-block code-block-4' style='margin: 8px auto 8px 0; text-align: left; display: block; clear: both;'>\n\ud83d\udce2 Aviso Legal\n\nO site ismaelcolosi.com.br atua apenas como um canal de divulga\u00e7\u00e3o de oportunidades de emprego e n\u00e3o se responsabiliza pelo processo seletivo, contrata\u00e7\u00e3o ou qualquer outra etapa relacionada \u00e0s vagas publicadas. Todas as informa\u00e7\u00f5es s\u00e3o de responsabilidade dos anunciantes.\n\n\u26a0\ufe0f Aten\u00e7\u00e3o! Nunca pague por promessas de emprego nem compre cursos que garantam contrata\u00e7\u00e3o. Desconfie de qualquer cobran\u00e7a para participar de sele\u00e7\u00f5es.\n\n\n\n<\/div>\n<!-- CONTENT END 1 -->\n","protected":false},"excerpt":{"rendered":"<p>Um adolescente de 14 anos foi apreendido pela Pol\u00edcia Militar ap\u00f3s ter sido flagrado empurrando uma moto que ele tinha furtado em Ribeir\u00e3o Preto. O&#8230;<\/p>\n","protected":false},"author":1,"featured_media":37340,"comment_status":"open","ping_status":"open","sticky":false,"template":"","format":"standard","meta":{"_uag_custom_page_level_css":"","advanced_seo_description":"","jetpack_seo_html_title":"","jetpack_seo_noindex":false,"jetpack_post_was_ever_published":false,"_jetpack_newsletter_access":"","_jetpack_dont_email_post_to_subs":false,"_jetpack_newsletter_tier_id":0,"_jetpack_memberships_contains_paywalled_content":false,"_jetpack_memberships_contains_paid_content":false,"footnotes":"","jetpack_publicize_message":"","jetpack_publicize_feature_enabled":true,"jetpack_social_post_already_shared":true,"jetpack_social_options":{"image_generator_settings":{"template":"highway","default_image_id":0,"font":"","enabled":false},"version":2}},"categories":[11],"tags":[],"class_list":["post-37339","post","type-post","status-publish","format-standard","has-post-thumbnail","hentry","category-noticias-de-ribeirao-preto-sp-e-regiao-ismael-colosi"],"jetpack_publicize_connections":[],"jetpack_featured_media_url":"https:\/\/i0.wp.com\/ismaelcolosi.com.br\/wp-content\/uploads\/2024\/02\/WhatsApp-Image-2023-12-09-at-13.55.44.jpeg?fit=1024%2C576&ssl=1","uagb_featured_image_src":{"full":["https:\/\/i0.wp.com\/ismaelcolosi.com.br\/wp-content\/uploads\/2024\/02\/WhatsApp-Image-2023-12-09-at-13.55.44.jpeg?fit=1024%2C576&ssl=1",1024,576,false],"thumbnail":["https:\/\/i0.wp.com\/ismaelcolosi.com.br\/wp-content\/uploads\/2024\/02\/WhatsApp-Image-2023-12-09-at-13.55.44.jpeg?resize=150%2C150&ssl=1",150,150,true],"medium":["https:\/\/i0.wp.com\/ismaelcolosi.com.br\/wp-content\/uploads\/2024\/02\/WhatsApp-Image-2023-12-09-at-13.55.44.jpeg?fit=300%2C169&ssl=1",300,169,true],"medium_large":["https:\/\/i0.wp.com\/ismaelcolosi.com.br\/wp-content\/uploads\/2024\/02\/WhatsApp-Image-2023-12-09-at-13.55.44.jpeg?fit=768%2C432&ssl=1",768,432,true],"large":["https:\/\/i0.wp.com\/ismaelcolosi.com.br\/wp-content\/uploads\/2024\/02\/WhatsApp-Image-2023-12-09-at-13.55.44.jpeg?fit=1024%2C576&ssl=1",1024,576,true],"1536x1536":["https:\/\/i0.wp.com\/ismaelcolosi.com.br\/wp-content\/uploads\/2024\/02\/WhatsApp-Image-2023-12-09-at-13.55.44.jpeg?fit=1024%2C576&ssl=1",1024,576,true],"2048x2048":["https:\/\/i0.wp.com\/ismaelcolosi.com.br\/wp-content\/uploads\/2024\/02\/WhatsApp-Image-2023-12-09-at-13.55.44.jpeg?fit=1024%2C576&ssl=1",1024,576,true],"really-simple-thumb":["https:\/\/i0.wp.com\/ismaelcolosi.com.br\/wp-content\/uploads\/2024\/02\/WhatsApp-Image-2023-12-09-at-13.55.44.jpeg?resize=370%2C247&ssl=1",370,247,true]},"uagb_author_info":{"display_name":"ismaelcolosi.com.br","author_link":"https:\/\/ismaelcolosi.com.br\/index.php\/author\/vidareal-online\/"},"uagb_comment_info":0,"uagb_excerpt":"Um adolescente de 14 anos foi apreendido pela Pol\u00edcia Militar ap\u00f3s ter sido flagrado empurrando uma moto que ele tinha furtado em Ribeir\u00e3o Preto. O...","jetpack-related-posts":[{"id":65875,"url":"https:\/\/ismaelcolosi.com.br\/index.php\/2024\/09\/14\/homem-morre-e-adolescente-fica-em-estado-grave-apos-acidente-em-ribeirao-preto\/","url_meta":{"origin":37339,"position":0},"title":"Homem morre e adolescente fica em estado grave ap\u00f3s acidente em Ribeir\u00e3o Preto","author":"ismaelcolosi.com.br","date":"14 de September de 2024","format":false,"excerpt":"Um homem de 23 anos morreu ap\u00f3s a moto que ele pilotava ter colidido contra um poste na avenida Eduardo Andrea Matarazzo, a Via Norte, em Ribeir\u00e3o Preto, na noite da \u00faltima sexta-feira (23). Uma adolescente de 16 anos que estava com a v\u00edtima foi socorrida em estado grave para\u2026","rel":"","context":"In &quot;Not\u00edcias de Ribeir\u00e3o Preto-SP e Regi\u00e3o&quot;","block_context":{"text":"Not\u00edcias de Ribeir\u00e3o Preto-SP e Regi\u00e3o","link":"https:\/\/ismaelcolosi.com.br\/index.php\/category\/noticias-de-ribeirao-preto-sp-e-regiao-ismael-colosi\/"},"img":{"alt_text":"","src":"https:\/\/i0.wp.com\/ismaelcolosi.com.br\/wp-content\/uploads\/2024\/09\/1726326403_cpj_1024x576_04082020121137.jpg?fit=1024%2C575&ssl=1&resize=350%2C200","width":350,"height":200,"srcset":"https:\/\/i0.wp.com\/ismaelcolosi.com.br\/wp-content\/uploads\/2024\/09\/1726326403_cpj_1024x576_04082020121137.jpg?fit=1024%2C575&ssl=1&resize=350%2C200 1x, https:\/\/i0.wp.com\/ismaelcolosi.com.br\/wp-content\/uploads\/2024\/09\/1726326403_cpj_1024x576_04082020121137.jpg?fit=1024%2C575&ssl=1&resize=525%2C300 1.5x, https:\/\/i0.wp.com\/ismaelcolosi.com.br\/wp-content\/uploads\/2024\/09\/1726326403_cpj_1024x576_04082020121137.jpg?fit=1024%2C575&ssl=1&resize=700%2C400 2x"},"classes":[]},{"id":62403,"url":"https:\/\/ismaelcolosi.com.br\/index.php\/2024\/08\/27\/trio-e-detido-apos-tentar-furtar-moto-em-patio-atingido-por-incendio-na-regiao-de-ribeirao\/","url_meta":{"origin":37339,"position":1},"title":"Trio \u00e9 detido ap\u00f3s tentar furtar moto em p\u00e1tio atingido por inc\u00eandio na regi\u00e3o de Ribeir\u00e3o","author":"ismaelcolosi.com.br","date":"27 de August de 2024","format":false,"excerpt":"Dois jovens foram presos e um adolescente acabou apreendido na noite desta segunda-feira (26), suspeitos de tentativa de furto de uma moto no p\u00e1tio utilizado pela Pol\u00edcia Civil, que foi atingido por um inc\u00eandio em Dumont, cidade a aproximadamente 20 quil\u00f4metros de Ribeir\u00e3o Preto. O fogo destru\u00edu ve\u00edculos que estavam\u2026","rel":"","context":"In &quot;Not\u00edcias de Ribeir\u00e3o Preto-SP e Regi\u00e3o&quot;","block_context":{"text":"Not\u00edcias de Ribeir\u00e3o Preto-SP e Regi\u00e3o","link":"https:\/\/ismaelcolosi.com.br\/index.php\/category\/noticias-de-ribeirao-preto-sp-e-regiao-ismael-colosi\/"},"img":{"alt_text":"","src":"https:\/\/i0.wp.com\/ismaelcolosi.com.br\/wp-content\/uploads\/2024\/08\/WhatsApp-Image-2023-12-23-at-12.01.31.jpeg?fit=480%2C245&ssl=1&resize=350%2C200","width":350,"height":200},"classes":[]},{"id":31438,"url":"https:\/\/ismaelcolosi.com.br\/index.php\/2024\/01\/22\/morre-adolescente-estava-em-moto-de-luxo-em-alta-velocidade-na-anhanguera\/","url_meta":{"origin":37339,"position":2},"title":"Morre adolescente que estava em moto de luxo em alta velocidade na Anhanguera","author":"ismaelcolosi.com.br","date":"22 de January de 2024","format":false,"excerpt":"Morreu no \u00faltimo s\u00e1bado (20) o adolescente de 14 anos que estava na garupa de uma moto de luxo que fugia da Pol\u00edcia Militar em alta velocidade na rodovia Anhanguera, em Ribeir\u00e3o Preto, no dia 27 de dezembro. O piloto da Ducati, que tinha apenas 18 anos, tamb\u00e9m perdeu a\u2026","rel":"","context":"In &quot;Not\u00edcias de Ribeir\u00e3o Preto-SP e Regi\u00e3o&quot;","block_context":{"text":"Not\u00edcias de Ribeir\u00e3o Preto-SP e Regi\u00e3o","link":"https:\/\/ismaelcolosi.com.br\/index.php\/category\/noticias-de-ribeirao-preto-sp-e-regiao-ismael-colosi\/"},"img":{"alt_text":"","src":"https:\/\/i0.wp.com\/ismaelcolosi.com.br\/wp-content\/uploads\/2024\/01\/ducati-acidente.jpg?fit=974%2C602&ssl=1&resize=350%2C200","width":350,"height":200,"srcset":"https:\/\/i0.wp.com\/ismaelcolosi.com.br\/wp-content\/uploads\/2024\/01\/ducati-acidente.jpg?fit=974%2C602&ssl=1&resize=350%2C200 1x, https:\/\/i0.wp.com\/ismaelcolosi.com.br\/wp-content\/uploads\/2024\/01\/ducati-acidente.jpg?fit=974%2C602&ssl=1&resize=525%2C300 1.5x, https:\/\/i0.wp.com\/ismaelcolosi.com.br\/wp-content\/uploads\/2024\/01\/ducati-acidente.jpg?fit=974%2C602&ssl=1&resize=700%2C400 2x"},"classes":[]},{"id":21673,"url":"https:\/\/ismaelcolosi.com.br\/index.php\/2023\/12\/28\/motociclista-morre-apos-fugir-da-policia-em-moto-de-luxo-em-ribeirao-preto\/","url_meta":{"origin":37339,"position":3},"title":"Motociclista morre ap\u00f3s fugir da pol\u00edcia em moto de luxo em Ribeir\u00e3o Preto","author":"ismaelcolosi.com.br","date":"28 de December de 2023","format":false,"excerpt":"Um homem de 18 anos morreu ap\u00f3s fugir da Pol\u00edcia Militar em uma moto de luxo na rodovia Anhanguera, em Ribeir\u00e3o Preto, na tarde da \u00faltima quarta-feira (27). O piloto estava acompanhado de um adolescente de 14 anos. Segundo o B.O. (boletim de ocorr\u00eancia), os policiais realizavam patrulha no Jardim\u2026","rel":"","context":"In &quot;Not\u00edcias de Ribeir\u00e3o Preto-SP e Regi\u00e3o&quot;","block_context":{"text":"Not\u00edcias de Ribeir\u00e3o Preto-SP e Regi\u00e3o","link":"https:\/\/ismaelcolosi.com.br\/index.php\/category\/noticias-de-ribeirao-preto-sp-e-regiao-ismael-colosi\/"},"img":{"alt_text":"","src":"https:\/\/i0.wp.com\/ismaelcolosi.com.br\/wp-content\/uploads\/2023\/11\/foto_governo_estado_sp.jpg_1839041271.webp.webp?fit=404%2C452&ssl=1&resize=350%2C200","width":350,"height":200},"classes":[]},{"id":31335,"url":"https:\/\/ismaelcolosi.com.br\/index.php\/2024\/01\/21\/utm_sourcerssutm_mediumrssutm_campaignmorre-adolescente-que-fugiu-da-pm-na-companhia-de-amigo-em-dezembro-do-ano-passado\/","url_meta":{"origin":37339,"position":4},"title":"Morre adolescente que fugiu da PM na companhia de amigo em dezembro do ano passado \u2013 X Tudo Ribeir\u00e3o","author":"ismaelcolosi.com.br","date":"21 de January de 2024","format":false,"excerpt":"Morreu neste s\u00e1bado (20\/1), o adolescente de 14 anos, que se acidentou juntamente com seu amigo em uma moto Ducati ap\u00f3s fugir de uma abordagem Policial no final do ano passado na rodovia Anhanguera, na zona Norte de Ribeir\u00e3o Preto.\u00a0 Segundo informa\u00e7\u00f5es do B.O (boletim de ocorr\u00eancia), o adolescenteidentificado como\u2026","rel":"","context":"In &quot;Not\u00edcias de Ribeir\u00e3o Preto-SP e Regi\u00e3o&quot;","block_context":{"text":"Not\u00edcias de Ribeir\u00e3o Preto-SP e Regi\u00e3o","link":"https:\/\/ismaelcolosi.com.br\/index.php\/category\/noticias-de-ribeirao-preto-sp-e-regiao-ismael-colosi\/"},"img":{"alt_text":"","src":"https:\/\/i0.wp.com\/ismaelcolosi.com.br\/wp-content\/uploads\/2024\/01\/WhatsApp-Image-2023-12-27-at-21.05.56-1.jpeg?fit=1070%2C508&ssl=1&resize=350%2C200","width":350,"height":200,"srcset":"https:\/\/i0.wp.com\/ismaelcolosi.com.br\/wp-content\/uploads\/2024\/01\/WhatsApp-Image-2023-12-27-at-21.05.56-1.jpeg?fit=1070%2C508&ssl=1&resize=350%2C200 1x, https:\/\/i0.wp.com\/ismaelcolosi.com.br\/wp-content\/uploads\/2024\/01\/WhatsApp-Image-2023-12-27-at-21.05.56-1.jpeg?fit=1070%2C508&ssl=1&resize=525%2C300 1.5x, https:\/\/i0.wp.com\/ismaelcolosi.com.br\/wp-content\/uploads\/2024\/01\/WhatsApp-Image-2023-12-27-at-21.05.56-1.jpeg?fit=1070%2C508&ssl=1&resize=700%2C400 2x, https:\/\/i0.wp.com\/ismaelcolosi.com.br\/wp-content\/uploads\/2024\/01\/WhatsApp-Image-2023-12-27-at-21.05.56-1.jpeg?fit=1070%2C508&ssl=1&resize=1050%2C600 3x"},"classes":[]},{"id":47424,"url":"https:\/\/ismaelcolosi.com.br\/index.php\/2024\/04\/25\/adolescente-diz-para-delegado-que-vai-continuar-no-mundo-do-crime-apos-roubo-de-moto-em-ribeirao\/","url_meta":{"origin":37339,"position":5},"title":"Adolescente diz para delegado que vai continuar no mundo do crime ap\u00f3s roubo de moto em Ribeir\u00e3o","author":"ismaelcolosi.com.br","date":"25 de April de 2024","format":false,"excerpt":"Um adolescente apreendido pelo roubo de uma moto na \u00faltima ter\u00e7a-feira (23) em Ribeir\u00e3o Preto afirmou para o delegado Haroldo Chaud que \u201cvai continuar no mundo do crime\u201d. O roubo aconteceu no Jardim Monte Alegre, pr\u00f3ximo da antiga pedreira de Santa Luzia. Na ocasi\u00e3o, foi apreendida uma dupla de adolescentes,\u2026","rel":"","context":"In &quot;Not\u00edcias de Ribeir\u00e3o Preto-SP e Regi\u00e3o&quot;","block_context":{"text":"Not\u00edcias de Ribeir\u00e3o Preto-SP e Regi\u00e3o","link":"https:\/\/ismaelcolosi.com.br\/index.php\/category\/noticias-de-ribeirao-preto-sp-e-regiao-ismael-colosi\/"},"img":{"alt_text":"","src":"https:\/\/i0.wp.com\/ismaelcolosi.com.br\/wp-content\/uploads\/2024\/04\/adolescente-roubo_2024-04-25_16-31-25_jpg.webp.webp?fit=1200%2C714&ssl=1&resize=350%2C200","width":350,"height":200,"srcset":"https:\/\/i0.wp.com\/ismaelcolosi.com.br\/wp-content\/uploads\/2024\/04\/adolescente-roubo_2024-04-25_16-31-25_jpg.webp.webp?fit=1200%2C714&ssl=1&resize=350%2C200 1x, https:\/\/i0.wp.com\/ismaelcolosi.com.br\/wp-content\/uploads\/2024\/04\/adolescente-roubo_2024-04-25_16-31-25_jpg.webp.webp?fit=1200%2C714&ssl=1&resize=525%2C300 1.5x, https:\/\/i0.wp.com\/ismaelcolosi.com.br\/wp-content\/uploads\/2024\/04\/adolescente-roubo_2024-04-25_16-31-25_jpg.webp.webp?fit=1200%2C714&ssl=1&resize=700%2C400 2x, https:\/\/i0.wp.com\/ismaelcolosi.com.br\/wp-content\/uploads\/2024\/04\/adolescente-roubo_2024-04-25_16-31-25_jpg.webp.webp?fit=1200%2C714&ssl=1&resize=1050%2C600 3x"},"classes":[]}],"jetpack_sharing_enabled":true,"jetpack_shortlink":"https:\/\/wp.me\/pfMlyK-9If","_links":{"self":[{"href":"https:\/\/ismaelcolosi.com.br\/index.php\/wp-json\/wp\/v2\/posts\/37339","targetHints":{"allow":["GET"]}}],"collection":[{"href":"https:\/\/ismaelcolosi.com.br\/index.php\/wp-json\/wp\/v2\/posts"}],"about":[{"href":"https:\/\/ismaelcolosi.com.br\/index.php\/wp-json\/wp\/v2\/types\/post"}],"author":[{"embeddable":true,"href":"https:\/\/ismaelcolosi.com.br\/index.php\/wp-json\/wp\/v2\/users\/1"}],"replies":[{"embeddable":true,"href":"https:\/\/ismaelcolosi.com.br\/index.php\/wp-json\/wp\/v2\/comments?post=37339"}],"version-history":[{"count":0,"href":"https:\/\/ismaelcolosi.com.br\/index.php\/wp-json\/wp\/v2\/posts\/37339\/revisions"}],"wp:featuredmedia":[{"embeddable":true,"href":"https:\/\/ismaelcolosi.com.br\/index.php\/wp-json\/wp\/v2\/media\/37340"}],"wp:attachment":[{"href":"https:\/\/ismaelcolosi.com.br\/index.php\/wp-json\/wp\/v2\/media?parent=37339"}],"wp:term":[{"taxonomy":"category","embeddable":true,"href":"https:\/\/ismaelcolosi.com.br\/index.php\/wp-json\/wp\/v2\/categories?post=37339"},{"taxonomy":"post_tag","embeddable":true,"href":"https:\/\/ismaelcolosi.com.br\/index.php\/wp-json\/wp\/v2\/tags?post=37339"}],"curies":[{"name":"wp","href":"https:\/\/api.w.org\/{rel}","templated":true}]}}