{"id":37335,"date":"2024-02-15T16:36:12","date_gmt":"2024-02-15T19:36:12","guid":{"rendered":"https:\/\/ismaelcolosi.com.br\/index.php\/2024\/02\/15\/governo-se-alia-ao-serasa-para-ampliar-alcance-do-desenrola-brasil\/"},"modified":"2024-02-15T16:36:12","modified_gmt":"2024-02-15T19:36:12","slug":"governo-se-alia-ao-serasa-para-ampliar-alcance-do-desenrola-brasil","status":"publish","type":"post","link":"https:\/\/ismaelcolosi.com.br\/index.php\/2024\/02\/15\/governo-se-alia-ao-serasa-para-ampliar-alcance-do-desenrola-brasil\/","title":{"rendered":"Governo se alia ao Serasa para ampliar alcance do Desenrola Brasil"},"content":{"rendered":"<p> <br \/>\n<\/p>\n<div id=\"\">\n<p> <span class=\"entry-meta-item penci-posted-on\"><i class=\"fa fa-clock-o\"\/><time class=\"entry-date published updated\" datetime=\"2024-02-15T16:04:33-03:00\">15 de fevereiro de 2024 | 16:04<\/time><\/span><\/p>\n<p> <span class=\"penci-social-buttons penci-social-share-footer\"><a href=\"#\" class=\"penci-post-like penci_post-meta_item  single-like-button penci-social-item like\" data-post_id=\"373806\" title=\"Like\" data-like=\"Like\" data-unlike=\"Unlike\"><i class=\"fa fa-thumbs-o-up\"\/><span class=\"penci-share-number\">0<\/span><\/a><i class=\"fa fa-facebook\"\/><a class=\"penci-social-item twitter\" target=\"_blank\" rel=\"noopener\" title=\"\" href=\"https:\/\/twitter.com\/intent\/tweet?text=Governo%20se%20alia%20ao%20Serasa%20para%20ampliar%20alcance%20do%20Desenrola%20Brasil%20-%20https:\/\/www.tribunaribeirao.com.br\/site\/governo-se-alia-ao-serasa-para-ampliar-alcance-do-desenrola-brasil\/\"><i class=\"fa fa-twitter\"\/><\/a><i class=\"fa fa-whatsapp\"\/><\/span><\/div>\n<div>\n<p>O Minist\u00e9rio da Fazenda anunciou hoje (15), em S\u00e3o Paulo, uma parceria com a Serasa para aumentar o alcance e facilitar o acesso ao Desenrola Brasil \u2013 programa para renegocia\u00e7\u00e3o de d\u00edvidas do governo federal.<noscript><img data-recalc-dims=\"1\" decoding=\"async\" src=\"https:\/\/i0.wp.com\/agenciabrasil.ebc.com.br\/ebc.png?ssl=1\"\/><\/noscript><img data-recalc-dims=\"1\" decoding=\"async\" src=\"https:\/\/i0.wp.com\/agenciabrasil.ebc.com.br\/ebc.gif?ssl=1\" class=\"lazyload\"\/><noscript><img data-recalc-dims=\"1\" decoding=\"async\" src=\"https:\/\/i0.wp.com\/agenciabrasil.ebc.com.br\/ebc.gif?ssl=1\"\/><\/noscript><\/p>\n<p>Com essa parceria, em funcionamento desde a \u00faltima sexta-feira (9), as pessoas que entrarem no sistema da Serasa poder\u00e3o ser direcionadas ao\u00a0<a href=\"https:\/\/desenrola.gov.br\/home\" target=\"_blank\" rel=\"noopener\"><em>site<\/em>\u00a0do programa Desenrola<\/a>. Antes, o acesso ocorria apenas pela plataforma Desenrola.Gov.br.<\/p>\n<p>\u201cIsso tem o intuito de facilitar o acesso de quem j\u00e1 \u00e9 cliente de outros parceiros. A gente abriu essa possibilidade para que a pessoa fa\u00e7a o\u00a0<em>login<\/em>\u00a0no parceiro do Desenrola e a\u00ed ele ser\u00e1 direcionado para o ambiente da plataforma, sem precisar fazer novo login\u201d, explicou Alexandre Ferreira, coordenador-geral de Economia e Legisla\u00e7\u00e3o do Minist\u00e9rio da Fazenda.<\/p>\n<p>\u201cNesse ambiente ele vai ter acesso \u00e0s mesmas condi\u00e7\u00f5es de renegocia\u00e7\u00e3o \u2013 com pagamento que pode ser \u00e0 vista ou parcelado, sem entrada e in\u00edcio do pagamento em 60 dias \u2013 e com os mesmos descontos que temos at\u00e9 aqui\u201d, completou.<\/p>\n<p>Os usu\u00e1rios que fizerem o\u00a0<em>login<\/em>\u00a0com CPF e senha no\u00a0<em>site<\/em>\u00a0ou no aplicativo da Serasa poder\u00e3o clicar em Negociar D\u00edvidas. Na aba Minha D\u00edvidas, vai aparecer uma lista de propostas para negocia\u00e7\u00e3o da d\u00edvida.<\/p>\n<p>Com a parceria, o governo pretende ampliar o acesso das pessoas ao Desenrola, j\u00e1 que a plataforma da Serasa tem hoje 88 milh\u00f5es de brasileiros cadastrados e cerca de 26 milh\u00f5es de acessos mensais.<\/p>\n<p>At\u00e9 este momento, a plataforma do Desenrola Brasil j\u00e1 beneficiou cerca de 12 milh\u00f5es de brasileiros, somando R$ 35 bilh\u00f5es em d\u00edvidas renegociadas. O programa termina em 31 de mar\u00e7o.<\/p>\n<\/div>\n<p><script async src=\"\/\/platform.twitter.com\/widgets.js\" charset=\"utf-8\"><\/script><br \/>\n<br \/><br \/>\n<br \/><a href=\"https:\/\/www.tribunaribeirao.com.br\/site\/governo-se-alia-ao-serasa-para-ampliar-alcance-do-desenrola-brasil\/\">Source link <\/a><\/p>\n<div class='code-block code-block-4' style='margin: 8px auto 8px 0; text-align: left; display: block; clear: both;'>\n\ud83d\udce2 Aviso Legal\n\nO site ismaelcolosi.com.br atua apenas como um canal de divulga\u00e7\u00e3o de oportunidades de emprego e n\u00e3o se responsabiliza pelo processo seletivo, contrata\u00e7\u00e3o ou qualquer outra etapa relacionada \u00e0s vagas publicadas. Todas as informa\u00e7\u00f5es s\u00e3o de responsabilidade dos anunciantes.\n\n\u26a0\ufe0f Aten\u00e7\u00e3o! Nunca pague por promessas de emprego nem compre cursos que garantam contrata\u00e7\u00e3o. Desconfie de qualquer cobran\u00e7a para participar de sele\u00e7\u00f5es.\n\n\n\n<\/div>\n<!-- CONTENT END 1 -->\n","protected":false},"excerpt":{"rendered":"<p>15 de fevereiro de 2024 | 16:04 0 O Minist\u00e9rio da Fazenda anunciou hoje (15), em S\u00e3o Paulo, uma parceria com a Serasa para aumentar&#8230;<\/p>\n","protected":false},"author":1,"featured_media":37336,"comment_status":"open","ping_status":"open","sticky":false,"template":"","format":"standard","meta":{"_uag_custom_page_level_css":"","advanced_seo_description":"","jetpack_seo_html_title":"","jetpack_seo_noindex":false,"jetpack_post_was_ever_published":false,"_jetpack_newsletter_access":"","_jetpack_dont_email_post_to_subs":false,"_jetpack_newsletter_tier_id":0,"_jetpack_memberships_contains_paywalled_content":false,"_jetpack_memberships_contains_paid_content":false,"footnotes":"","jetpack_publicize_message":"","jetpack_publicize_feature_enabled":true,"jetpack_social_post_already_shared":true,"jetpack_social_options":{"image_generator_settings":{"template":"highway","default_image_id":0,"font":"","enabled":false},"version":2}},"categories":[11],"tags":[4286,4283,4285,137,714,1271,71,4284],"class_list":["post-37335","post","type-post","status-publish","format-standard","has-post-thumbnail","hentry","category-noticias-de-ribeirao-preto-sp-e-regiao-ismael-colosi","tag-alcance","tag-alia","tag-ampliar","tag-brasil","tag-desenrola","tag-governo","tag-para","tag-serasa"],"jetpack_publicize_connections":[],"jetpack_featured_media_url":"https:\/\/i0.wp.com\/ismaelcolosi.com.br\/wp-content\/uploads\/2024\/02\/desenrola-1.jpg?fit=1024%2C683&ssl=1","uagb_featured_image_src":{"full":["https:\/\/i0.wp.com\/ismaelcolosi.com.br\/wp-content\/uploads\/2024\/02\/desenrola-1.jpg?fit=1024%2C683&ssl=1",1024,683,false],"thumbnail":["https:\/\/i0.wp.com\/ismaelcolosi.com.br\/wp-content\/uploads\/2024\/02\/desenrola-1.jpg?resize=150%2C150&ssl=1",150,150,true],"medium":["https:\/\/i0.wp.com\/ismaelcolosi.com.br\/wp-content\/uploads\/2024\/02\/desenrola-1.jpg?fit=300%2C200&ssl=1",300,200,true],"medium_large":["https:\/\/i0.wp.com\/ismaelcolosi.com.br\/wp-content\/uploads\/2024\/02\/desenrola-1.jpg?fit=768%2C512&ssl=1",768,512,true],"large":["https:\/\/i0.wp.com\/ismaelcolosi.com.br\/wp-content\/uploads\/2024\/02\/desenrola-1.jpg?fit=1024%2C683&ssl=1",1024,683,true],"1536x1536":["https:\/\/i0.wp.com\/ismaelcolosi.com.br\/wp-content\/uploads\/2024\/02\/desenrola-1.jpg?fit=1024%2C683&ssl=1",1024,683,true],"2048x2048":["https:\/\/i0.wp.com\/ismaelcolosi.com.br\/wp-content\/uploads\/2024\/02\/desenrola-1.jpg?fit=1024%2C683&ssl=1",1024,683,true],"really-simple-thumb":["https:\/\/i0.wp.com\/ismaelcolosi.com.br\/wp-content\/uploads\/2024\/02\/desenrola-1.jpg?resize=370%2C247&ssl=1",370,247,true]},"uagb_author_info":{"display_name":"ismaelcolosi.com.br","author_link":"https:\/\/ismaelcolosi.com.br\/index.php\/author\/vidareal-online\/"},"uagb_comment_info":0,"uagb_excerpt":"15 de fevereiro de 2024 | 16:04 0 O Minist\u00e9rio da Fazenda anunciou hoje (15), em S\u00e3o Paulo, uma parceria com a Serasa para aumentar...","jetpack-related-posts":[{"id":38801,"url":"https:\/\/ismaelcolosi.com.br\/index.php\/2024\/02\/21\/dividas-renegociadas-no-desenrola-brasil-somam-r-356-bilhoes\/","url_meta":{"origin":37335,"position":0},"title":"D\u00edvidas renegociadas no Desenrola Brasil somam R$ 35,6 bilh\u00f5es","author":"ismaelcolosi.com.br","date":"21 de February de 2024","format":false,"excerpt":"A cerca de 40 dias do fim do prazo, o Desenrola Brasil renegociou R$ 35,6 bilh\u00f5es em d\u00edvidas, divulgou nesta ter\u00e7a-feira (20) o Minist\u00e9rio da Fazenda. Ao todo, 12 milh\u00f5es de brasileiros refinanciaram 17 milh\u00f5es de d\u00e9bitos, que foram retirados de cadastros negativos, reparcelados ou quitados \u00e0 vista.Os dados referem-se\u2026","rel":"","context":"In &quot;Not\u00edcias de Ribeir\u00e3o Preto-SP e Regi\u00e3o&quot;","block_context":{"text":"Not\u00edcias de Ribeir\u00e3o Preto-SP e Regi\u00e3o","link":"https:\/\/ismaelcolosi.com.br\/index.php\/category\/noticias-de-ribeirao-preto-sp-e-regiao-ismael-colosi\/"},"img":{"alt_text":"","src":"https:\/\/i0.wp.com\/ismaelcolosi.com.br\/wp-content\/uploads\/2024\/02\/desenrola-para-empresas-instituto-de-longevidade-meio-min.jpg?fit=800%2C400&ssl=1&resize=350%2C200","width":350,"height":200,"srcset":"https:\/\/i0.wp.com\/ismaelcolosi.com.br\/wp-content\/uploads\/2024\/02\/desenrola-para-empresas-instituto-de-longevidade-meio-min.jpg?fit=800%2C400&ssl=1&resize=350%2C200 1x, https:\/\/i0.wp.com\/ismaelcolosi.com.br\/wp-content\/uploads\/2024\/02\/desenrola-para-empresas-instituto-de-longevidade-meio-min.jpg?fit=800%2C400&ssl=1&resize=525%2C300 1.5x, https:\/\/i0.wp.com\/ismaelcolosi.com.br\/wp-content\/uploads\/2024\/02\/desenrola-para-empresas-instituto-de-longevidade-meio-min.jpg?fit=800%2C400&ssl=1&resize=700%2C400 2x"},"classes":[]},{"id":41344,"url":"https:\/\/ismaelcolosi.com.br\/index.php\/2024\/03\/07\/dividas-no-programa-desenrola-podem-ser-negociadas-nos-correios\/","url_meta":{"origin":37335,"position":1},"title":"D\u00edvidas no programa Desenrola podem ser negociadas nos Correios","author":"ismaelcolosi.com.br","date":"7 de March de 2024","format":false,"excerpt":"7 de mar\u00e7o de 2024 | 17:007 de mar\u00e7o de 2024 | 11:16 0A partir desta quinta-feira (7), consumidores podem negociar d\u00edvidas do programa Desenrola Brasil e da Serasa em ag\u00eancias dos Correios. O prazo segue at\u00e9 o pr\u00f3ximo dia 28. A proposta, segundo os Correios, \u00e9 promover uma esp\u00e9cie\u2026","rel":"","context":"In &quot;Not\u00edcias de Ribeir\u00e3o Preto-SP e Regi\u00e3o&quot;","block_context":{"text":"Not\u00edcias de Ribeir\u00e3o Preto-SP e Regi\u00e3o","link":"https:\/\/ismaelcolosi.com.br\/index.php\/category\/noticias-de-ribeirao-preto-sp-e-regiao-ismael-colosi\/"},"img":{"alt_text":"","src":"https:\/\/i0.wp.com\/ismaelcolosi.com.br\/wp-content\/uploads\/2024\/03\/acf711d2-fb22-4c17-b92a-ae4456ddb244-scaled.jpg?fit=1000%2C598&ssl=1&resize=350%2C200","width":350,"height":200,"srcset":"https:\/\/i0.wp.com\/ismaelcolosi.com.br\/wp-content\/uploads\/2024\/03\/acf711d2-fb22-4c17-b92a-ae4456ddb244-scaled.jpg?fit=1000%2C598&ssl=1&resize=350%2C200 1x, https:\/\/i0.wp.com\/ismaelcolosi.com.br\/wp-content\/uploads\/2024\/03\/acf711d2-fb22-4c17-b92a-ae4456ddb244-scaled.jpg?fit=1000%2C598&ssl=1&resize=525%2C300 1.5x, https:\/\/i0.wp.com\/ismaelcolosi.com.br\/wp-content\/uploads\/2024\/03\/acf711d2-fb22-4c17-b92a-ae4456ddb244-scaled.jpg?fit=1000%2C598&ssl=1&resize=700%2C400 2x"},"classes":[]},{"id":6914,"url":"https:\/\/ismaelcolosi.com.br\/index.php\/2023\/11\/27\/desenrola-brasil-renegocia-dividas-com-novos-valores\/","url_meta":{"origin":37335,"position":2},"title":"Desenrola Brasil renegocia d\u00edvidas com novos valores","author":"ismaelcolosi.com.br","date":"27 de November de 2023","format":false,"excerpt":"Cr\u00e9ditos: Jos\u00e9 Cruz\/Ag\u00eancia BrasilDesenrola: N\u00e3o perca a chance de negociar d\u00edvida com at\u00e9 99% de desconto O Programa Desenrola Brasil, criado para facilitar a renegocia\u00e7\u00e3o de d\u00edvidas e proporcionar condi\u00e7\u00f5es vantajosas aos devedores, anuncia uma amplia\u00e7\u00e3o significativa. A Faixa 1 do programa, destinada a devedores com renda de at\u00e9 dois\u2026","rel":"","context":"In &quot;Variedades&quot;","block_context":{"text":"Variedades","link":"https:\/\/ismaelcolosi.com.br\/index.php\/category\/variedades\/"},"img":{"alt_text":"","src":"https:\/\/i0.wp.com\/ismaelcolosi.com.br\/wp-content\/uploads\/2023\/11\/1701088625_istock-1158702105-e1688579646196.jpg?fit=1200%2C638&ssl=1&resize=350%2C200","width":350,"height":200,"srcset":"https:\/\/i0.wp.com\/ismaelcolosi.com.br\/wp-content\/uploads\/2023\/11\/1701088625_istock-1158702105-e1688579646196.jpg?fit=1200%2C638&ssl=1&resize=350%2C200 1x, https:\/\/i0.wp.com\/ismaelcolosi.com.br\/wp-content\/uploads\/2023\/11\/1701088625_istock-1158702105-e1688579646196.jpg?fit=1200%2C638&ssl=1&resize=525%2C300 1.5x, https:\/\/i0.wp.com\/ismaelcolosi.com.br\/wp-content\/uploads\/2023\/11\/1701088625_istock-1158702105-e1688579646196.jpg?fit=1200%2C638&ssl=1&resize=700%2C400 2x, https:\/\/i0.wp.com\/ismaelcolosi.com.br\/wp-content\/uploads\/2023\/11\/1701088625_istock-1158702105-e1688579646196.jpg?fit=1200%2C638&ssl=1&resize=1050%2C600 3x"},"classes":[]},{"id":4549,"url":"https:\/\/ismaelcolosi.com.br\/index.php\/2023\/11\/21\/lula-faz-apelo-a-endividados-e-toma-medida-extraordinaria\/","url_meta":{"origin":37335,"position":3},"title":"Lula faz apelo a endividados e toma medida EXTRAORDIN\u00c1RIA","author":"ismaelcolosi.com.br","date":"21 de November de 2023","format":false,"excerpt":"O presidente Luiz In\u00e1cio Lula da Silva pediu, nesta ter\u00e7a-feira, 21, em Bras\u00edlia, que as pessoas endividadas procurem os bancos para renegociar os seus d\u00e9bitos no \u00e2mbito do Programa Desenrola Brasil. Cr\u00e9ditos: Canal GovDesenrola: Lula faz apelo a endividados e toma medida EXTRAORDIN\u00c1RIA Amanh\u00e3, 22, o governo federal promove o\u2026","rel":"","context":"In &quot;Variedades&quot;","block_context":{"text":"Variedades","link":"https:\/\/ismaelcolosi.com.br\/index.php\/category\/variedades\/"},"img":{"alt_text":"","src":"https:\/\/i0.wp.com\/ismaelcolosi.com.br\/wp-content\/uploads\/2023\/11\/lula-faz-apelo-a-endividados-e-toma-medida-extraordinaria.png?fit=1200%2C638&ssl=1&resize=350%2C200","width":350,"height":200,"srcset":"https:\/\/i0.wp.com\/ismaelcolosi.com.br\/wp-content\/uploads\/2023\/11\/lula-faz-apelo-a-endividados-e-toma-medida-extraordinaria.png?fit=1200%2C638&ssl=1&resize=350%2C200 1x, https:\/\/i0.wp.com\/ismaelcolosi.com.br\/wp-content\/uploads\/2023\/11\/lula-faz-apelo-a-endividados-e-toma-medida-extraordinaria.png?fit=1200%2C638&ssl=1&resize=525%2C300 1.5x, https:\/\/i0.wp.com\/ismaelcolosi.com.br\/wp-content\/uploads\/2023\/11\/lula-faz-apelo-a-endividados-e-toma-medida-extraordinaria.png?fit=1200%2C638&ssl=1&resize=700%2C400 2x, https:\/\/i0.wp.com\/ismaelcolosi.com.br\/wp-content\/uploads\/2023\/11\/lula-faz-apelo-a-endividados-e-toma-medida-extraordinaria.png?fit=1200%2C638&ssl=1&resize=1050%2C600 3x"},"classes":[]},{"id":4751,"url":"https:\/\/ismaelcolosi.com.br\/index.php\/2023\/11\/22\/negocie-dividas-de-ate-r-20-mil\/","url_meta":{"origin":37335,"position":4},"title":"negocie d\u00edvidas de at\u00e9 R$ 20 mil","author":"ismaelcolosi.com.br","date":"22 de November de 2023","format":false,"excerpt":"A partir desta segunda-feira, 20, o Programa Desenrola Brasil entra numa nova fase. A Faixa 1 do programa, destinada \u00e0 renegocia\u00e7\u00e3o a devedores com renda de at\u00e9 dois sal\u00e1rios m\u00ednimos ou inscritos no Cadastro \u00danico para Programas Sociais do Governo Federal (Cad\u00danico), passar\u00e1 a renegociar d\u00edvidas de at\u00e9 R$ 20\u2026","rel":"","context":"In &quot;Variedades&quot;","block_context":{"text":"Variedades","link":"https:\/\/ismaelcolosi.com.br\/index.php\/category\/variedades\/"},"img":{"alt_text":"","src":"https:\/\/i0.wp.com\/ismaelcolosi.com.br\/wp-content\/uploads\/2023\/11\/desenrola-passa-a-fazer-exigencias-para-negociar-dividas-saiba-quais.jpg?fit=1200%2C638&ssl=1&resize=350%2C200","width":350,"height":200,"srcset":"https:\/\/i0.wp.com\/ismaelcolosi.com.br\/wp-content\/uploads\/2023\/11\/desenrola-passa-a-fazer-exigencias-para-negociar-dividas-saiba-quais.jpg?fit=1200%2C638&ssl=1&resize=350%2C200 1x, https:\/\/i0.wp.com\/ismaelcolosi.com.br\/wp-content\/uploads\/2023\/11\/desenrola-passa-a-fazer-exigencias-para-negociar-dividas-saiba-quais.jpg?fit=1200%2C638&ssl=1&resize=525%2C300 1.5x, https:\/\/i0.wp.com\/ismaelcolosi.com.br\/wp-content\/uploads\/2023\/11\/desenrola-passa-a-fazer-exigencias-para-negociar-dividas-saiba-quais.jpg?fit=1200%2C638&ssl=1&resize=700%2C400 2x, https:\/\/i0.wp.com\/ismaelcolosi.com.br\/wp-content\/uploads\/2023\/11\/desenrola-passa-a-fazer-exigencias-para-negociar-dividas-saiba-quais.jpg?fit=1200%2C638&ssl=1&resize=1050%2C600 3x"},"classes":[]},{"id":4713,"url":"https:\/\/ismaelcolosi.com.br\/index.php\/2023\/11\/22\/apelo-de-lula-para-brasileiros-endividados-vai-te-surpreender\/","url_meta":{"origin":37335,"position":5},"title":"Apelo de Lula para brasileiros endividados vai te SURPREENDER","author":"ismaelcolosi.com.br","date":"22 de November de 2023","format":false,"excerpt":"O presidente Luiz In\u00e1cio Lula da Silva pediu, nesta ter\u00e7a-feira, 21, em Bras\u00edlia, que as pessoas endividadas procurem os bancos para renegociar os seus d\u00e9bitos no \u00e2mbito do Programa Desenrola Brasil. Cr\u00e9ditos: Ag\u00eancia Brasil\/Jos\u00e9 CruzApelo de Lula para brasileiros endividados vai te SURPREENDER Amanh\u00e3, 22, o governo federal promove o\u2026","rel":"","context":"In &quot;Variedades&quot;","block_context":{"text":"Variedades","link":"https:\/\/ismaelcolosi.com.br\/index.php\/category\/variedades\/"},"img":{"alt_text":"","src":"https:\/\/i0.wp.com\/ismaelcolosi.com.br\/wp-content\/uploads\/2023\/11\/lula-da-dica-de-educacao-financeira-para-brasileiros.jpg?fit=1200%2C638&ssl=1&resize=350%2C200","width":350,"height":200,"srcset":"https:\/\/i0.wp.com\/ismaelcolosi.com.br\/wp-content\/uploads\/2023\/11\/lula-da-dica-de-educacao-financeira-para-brasileiros.jpg?fit=1200%2C638&ssl=1&resize=350%2C200 1x, https:\/\/i0.wp.com\/ismaelcolosi.com.br\/wp-content\/uploads\/2023\/11\/lula-da-dica-de-educacao-financeira-para-brasileiros.jpg?fit=1200%2C638&ssl=1&resize=525%2C300 1.5x, https:\/\/i0.wp.com\/ismaelcolosi.com.br\/wp-content\/uploads\/2023\/11\/lula-da-dica-de-educacao-financeira-para-brasileiros.jpg?fit=1200%2C638&ssl=1&resize=700%2C400 2x, https:\/\/i0.wp.com\/ismaelcolosi.com.br\/wp-content\/uploads\/2023\/11\/lula-da-dica-de-educacao-financeira-para-brasileiros.jpg?fit=1200%2C638&ssl=1&resize=1050%2C600 3x"},"classes":[]}],"jetpack_sharing_enabled":true,"jetpack_shortlink":"https:\/\/wp.me\/pfMlyK-9Ib","_links":{"self":[{"href":"https:\/\/ismaelcolosi.com.br\/index.php\/wp-json\/wp\/v2\/posts\/37335","targetHints":{"allow":["GET"]}}],"collection":[{"href":"https:\/\/ismaelcolosi.com.br\/index.php\/wp-json\/wp\/v2\/posts"}],"about":[{"href":"https:\/\/ismaelcolosi.com.br\/index.php\/wp-json\/wp\/v2\/types\/post"}],"author":[{"embeddable":true,"href":"https:\/\/ismaelcolosi.com.br\/index.php\/wp-json\/wp\/v2\/users\/1"}],"replies":[{"embeddable":true,"href":"https:\/\/ismaelcolosi.com.br\/index.php\/wp-json\/wp\/v2\/comments?post=37335"}],"version-history":[{"count":0,"href":"https:\/\/ismaelcolosi.com.br\/index.php\/wp-json\/wp\/v2\/posts\/37335\/revisions"}],"wp:featuredmedia":[{"embeddable":true,"href":"https:\/\/ismaelcolosi.com.br\/index.php\/wp-json\/wp\/v2\/media\/37336"}],"wp:attachment":[{"href":"https:\/\/ismaelcolosi.com.br\/index.php\/wp-json\/wp\/v2\/media?parent=37335"}],"wp:term":[{"taxonomy":"category","embeddable":true,"href":"https:\/\/ismaelcolosi.com.br\/index.php\/wp-json\/wp\/v2\/categories?post=37335"},{"taxonomy":"post_tag","embeddable":true,"href":"https:\/\/ismaelcolosi.com.br\/index.php\/wp-json\/wp\/v2\/tags?post=37335"}],"curies":[{"name":"wp","href":"https:\/\/api.w.org\/{rel}","templated":true}]}}