{"id":37314,"date":"2024-02-15T14:31:16","date_gmt":"2024-02-15T17:31:16","guid":{"rendered":"https:\/\/ismaelcolosi.com.br\/index.php\/2024\/02\/15\/jao-faz-show-em-ribeirao-em-marco-ingressos-para-superturne-estao-disponiveis\/"},"modified":"2024-02-15T14:31:16","modified_gmt":"2024-02-15T17:31:16","slug":"jao-faz-show-em-ribeirao-em-marco-ingressos-para-superturne-estao-disponiveis","status":"publish","type":"post","link":"https:\/\/ismaelcolosi.com.br\/index.php\/2024\/02\/15\/jao-faz-show-em-ribeirao-em-marco-ingressos-para-superturne-estao-disponiveis\/","title":{"rendered":"J\u00e3o faz show em Ribeir\u00e3o em mar\u00e7o; Ingressos para &#8216;Superturn\u00ea&#8217; est\u00e3o dispon\u00edveis"},"content":{"rendered":"<p> <br \/>\n<\/p>\n<div>\n<p><strong>O cantor J\u00e3o se apresenta no pr\u00f3ximo dia 9 de mar\u00e7o, no Est\u00e1dio Palma Travassos (Comercial), em Ribeir\u00e3o Preto<\/strong>, e <span style=\"background-color:#f7cc62\" class=\"td_text_highlight_marker\">ainda d\u00e1 tempo de garantir os ingressos para a \u201cSuperturn\u00ea\u201d, \u00e0 venda pela internet (<a href=\"https:\/\/www.eventim.com.br\/event\/jao-super-estadio-comercial-17452216\/?affiliate=JA0&amp;utm_source=search&amp;utm_medium=cpc&amp;utm_campaign=30e_search_jao-rib_conversao_google&amp;utm_term=rib-preto_keywords_x_x&amp;utm_content=jao-ribeirao_texto_vendas-abertas&amp;gclid=EAIaIQobChMIpa_YsbqthAMVxRmtBh0rAAFbEAAYASAAEgJSIfD_BwE\" target=\"_blank\" rel=\"noreferrer noopener\">clique aqui<\/a>).<\/span><\/p>\n<p>Os <strong>port\u00f5es abrem \u00e0s 18h<\/strong> e o <strong>show<\/strong> est\u00e1 previsto para <strong>come\u00e7ar \u00e0s 21h<\/strong>. \u00c9 a <strong>primeira vez<\/strong> que J\u00e3o se <strong>apresentar\u00e1 <\/strong>em um<strong> est\u00e1dio de Ribeir\u00e3o<\/strong>.<\/p><div class='code-block code-block-8' style='margin: 8px auto; text-align: center; display: block; clear: both;'>\n<script>\n  atOptions = {\n    'key' : '66e2e2111ca34da796271819fc334058',\n    'format' : 'iframe',\n    'height' : 250,\n    'width' : 300,\n    'params' : {}\n  };\n<\/script>\n<script src=\"https:\/\/www.highperformanceformat.com\/66e2e2111ca34da796271819fc334058\/invoke.js\"><\/script>\n<\/div>\n\n<p>A \u201c<strong>Superturn\u00ea<\/strong>\u201d teve sua <strong>estreia<\/strong> no dia <strong>20 de janeiro<\/strong>, no <strong>Allianz Parque<\/strong>, em<strong> S\u00e3o Paulo<\/strong>. O evento foi <strong>transmitido ao vivo<\/strong> no <strong>Globoplay <\/strong>e <strong>Multishow<\/strong>. <\/p>\n<p><strong>J\u00e3o <\/strong>tamb\u00e9m se <strong>apresentou<\/strong> ao lado de <strong>Roberto Carlos<\/strong>, no <strong>especial de fim de ano<\/strong> da <strong>TV Globo<\/strong>, em <strong>2023<\/strong>.<\/p>\n<p>O <strong>cantor iniciou<\/strong> sua <strong>carreira<\/strong> em <strong>2016<\/strong> <strong>postando covers no <em>Youtube<\/em><\/strong>. <\/p>\n<h4 class=\"wp-block-heading\"><strong>Ingressos<\/strong><\/h4>\n<p>Os <strong>ingressos<\/strong> para a <span style=\"background-color:#f7cc62\" class=\"td_text_highlight_marker\">\u201cSuperturn\u00ea\u201d com J\u00e3o<\/span><strong> <\/strong>podem ser <strong>adquiridos<\/strong> <strong>on-line <\/strong>(<a href=\"https:\/\/www.eventim.com.br\/event\/jao-super-estadio-comercial-17452216\/?affiliate=JA0&amp;utm_source=search&amp;utm_medium=cpc&amp;utm_campaign=30e_search_jao-rib_conversao_google&amp;utm_term=rib-preto_keywords_x_x&amp;utm_content=jao-ribeirao_texto_vendas-abertas&amp;gclid=EAIaIQobChMIpa_YsbqthAMVxRmtBh0rAAFbEAAYASAAEgJSIfD_BwE\" target=\"_blank\" rel=\"noreferrer noopener\">clique aqui)<\/a> ou no <strong>Mercad\u00e3o Sports Bar<\/strong>, localizado na <strong>avenida L\u00edgia Latuf Salom\u00e3o, 605<\/strong>, no <strong>Jardim Nova Alian\u00e7a<\/strong>, zona Sul. A <strong>venda presencial <\/strong>acontece de <strong>segunda-feira a s\u00e1bado, das 10h \u00e0s 22h, e aos domingos e feriados, das 10h \u00e0s 16h<\/strong>.<\/p>\n<p>No<strong> site<\/strong> da <strong>venda <\/strong>de <strong>ingressos<\/strong>, \u00e9 poss\u00edvel <strong>visualizar <\/strong>o <strong>mapa <\/strong>com os <strong>lugares <\/strong>no <strong>Est\u00e1dio Palma Travassos<\/strong>. <\/p>\n<p>Os <strong>valores <\/strong>dos<strong> setores<\/strong> variam de\u00a0<strong>R$ 225 (pista)<\/strong>\u00a0a\u00a0<strong>R$ 900 (Super Club)<\/strong>. H\u00e1 op\u00e7\u00f5es para <strong>meia-entrada, PCD, professor e jovem baixa renda<\/strong>. <span style=\"background-color:#f7cc62\" class=\"td_text_highlight_marker\">Confira:<\/span><\/p>\n<ul>\n<li>Pista \u2013 R$ 225 (inteira), R$ 135 (social) e R$ 112,50 (meia-entrada)<\/li>\n<li>Pista Premium A e B \u2013 R$ 450 (inteira), R$ 270 (ingresso social) e R$ 225 (meia-entrada)<\/li>\n<li>Super Club A e B \u2013 R$ 900 (inteira), R$ 720 (ingresso social) e R$ 675 (meia-entrada)<\/li>\n<li>Lobos Vip Package A e B \u2013 R$ 790 (inteira), R$ 610 (ingresso social) e R$ 565 (meia-entrada)<\/li>\n<\/ul>\n<p><strong>Menores de 16 anos<\/strong> poder\u00e3o entrar no evento\u00a0<strong>acompanhados dos pais ou respons\u00e1vel legal<\/strong>. <strong>N\u00e3o ser\u00e1 permitida a entrada de pessoas menores de 5 anos.<\/strong><\/p>\n<figure class=\"wp-block-embed is-type-video is-provider-youtube wp-block-embed-youtube wp-embed-aspect-4-3 wp-has-aspect-ratio\">\n<div class=\"wp-block-embed__wrapper\">\n<p><iframe loading=\"lazy\" title=\"J\u00e3o - Alinhamento Milenar (Ao Vivo)\" width=\"500\" height=\"375\" src=\"https:\/\/www.youtube.com\/embed\/omlkYMVbYRM?feature=oembed\" frameborder=\"0\" allow=\"accelerometer; autoplay; clipboard-write; encrypted-media; gyroscope; picture-in-picture; web-share\" referrerpolicy=\"strict-origin-when-cross-origin\" allowfullscreen><\/iframe><\/p>\n<\/div><figcaption class=\"wp-element-caption\">J\u00e3o \u2013 Alinhamento Milenar <\/figcaption><\/figure>\n<h4 class=\"wp-block-heading\"><strong>SERVI\u00c7O<\/strong><\/h4>\n<p><em>\u201cSuperturn\u00ea\u201d<\/em> com <em>J\u00e3o em Ribeir\u00e3o Preto<\/em><\/p>\n<p><strong>Quando:<\/strong> 9 de mar\u00e7o (s\u00e1bado)<br \/><strong>Onde:<\/strong> Est\u00e1dio Palma Travassos (Comercial)<br \/><strong>Endere\u00e7o: <\/strong>Avenida Doutor Pl\u00ednio de Castro Prado, 1.000 \u2013 Jardim Paulista<br \/><strong>Hor\u00e1rio:<\/strong> Port\u00f5es abrem \u00e0s 18h \/ Show come\u00e7a \u00e0s 21h<br \/><strong>Ingressos:<\/strong> <a href=\"https:\/\/www.eventim.com.br\/event\/jao-super-estadio-comercial-17452216\/?affiliate=JA0&amp;utm_source=search&amp;utm_medium=cpc&amp;utm_campaign=30e_search_jao-rib_conversao_google&amp;utm_term=rib-preto_keywords_x_x&amp;utm_content=jao-ribeirao_texto_vendas-abertas&amp;gclid=EAIaIQobChMIpa_YsbqthAMVxRmtBh0rAAFbEAAYASAAEgJSIfD_BwE\" target=\"_blank\" rel=\"noreferrer noopener\">Clique aqui<\/a><\/p>\n<p>SAIBA MAIS<br \/>Com m\u00e1scara do Batman, Rodrigo Santoro aproveita Carnaval em Ribeir\u00e3o<\/p>\n<h4 class=\"wp-block-heading\"><strong>FIQUE ON<\/strong><\/h4>\n<p>Fique ligado em tudo que acontece em Ribeir\u00e3o Preto e regi\u00e3o. Siga os perfis do <strong>acidade on<\/strong> no <a href=\"https:\/\/www.instagram.com\/acidadeonribeirao\/\" target=\"_blank\" rel=\"noreferrer noopener\">Instagram<\/a> e no <a href=\"https:\/\/www.facebook.com\/acidadeonribeirao\" target=\"_blank\" rel=\"noreferrer noopener\">Facebook<\/a>.<\/p>\n<p>Receba not\u00edcias do acidade on no WhatsApp. Para entrar no grupo, basta<a href=\"https:\/\/chat.whatsapp.com\/Bnv2w66ZT4VDyZW3oiZ69n\" target=\"_blank\" rel=\"noreferrer noopener\"> clicar aqui<\/a>.<\/p>\n<p>Fa\u00e7a uma den\u00fancia ou sugira uma reportagem sobre Ribeir\u00e3o Preto e regi\u00e3o pelo WhatsApp: 16 99117 7802.<\/p>\n<p>VEJA TAMB\u00c9M<br \/>Renascer: onde fica a fazenda de Jos\u00e9 Inoc\u00eancio?<\/p>\n<p><!-- AI CONTENT END 1 -->\n<\/div>\n<p><script async src=\"\/\/www.instagram.com\/embed.js\"><\/script><br \/>\n<br \/><br \/>\n<br \/><a href=\"https:\/\/www.acidadeon.com\/ribeiraopreto\/lazer-e-cultura\/jao-faz-show-em-ribeirao-em-marco-ingressos-para-superturne-estao-disponiveis\/\">Source link <\/a><\/p>\n<div class='code-block code-block-4' style='margin: 8px auto 8px 0; text-align: left; display: block; clear: both;'>\n\ud83d\udce2 Aviso Legal\n\nO site ismaelcolosi.com.br atua apenas como um canal de divulga\u00e7\u00e3o de oportunidades de emprego e n\u00e3o se responsabiliza pelo processo seletivo, contrata\u00e7\u00e3o ou qualquer outra etapa relacionada \u00e0s vagas publicadas. Todas as informa\u00e7\u00f5es s\u00e3o de responsabilidade dos anunciantes.\n\n\u26a0\ufe0f Aten\u00e7\u00e3o! Nunca pague por promessas de emprego nem compre cursos que garantam contrata\u00e7\u00e3o. Desconfie de qualquer cobran\u00e7a para participar de sele\u00e7\u00f5es.\n\n\n<div data-type=\"_mgwidget\" data-widget-id=\"2000896\">\n<\/div>\n<script>(function(w,q){w[q]=w[q]||[];w[q].push([\"_mgc.load\"])})(window,\"_mgq\");\n<\/script>\n<\/div>\n<!-- CONTENT END 1 -->\n","protected":false},"excerpt":{"rendered":"<p>O cantor J\u00e3o se apresenta no pr\u00f3ximo dia 9 de mar\u00e7o, no Est\u00e1dio Palma Travassos (Comercial), em Ribeir\u00e3o Preto, e ainda d\u00e1 tempo de garantir&#8230;<\/p>\n","protected":false},"author":1,"featured_media":37315,"comment_status":"open","ping_status":"open","sticky":false,"template":"","format":"standard","meta":{"_uag_custom_page_level_css":"","jetpack_post_was_ever_published":false,"_jetpack_newsletter_access":"","_jetpack_dont_email_post_to_subs":false,"_jetpack_newsletter_tier_id":0,"_jetpack_memberships_contains_paywalled_content":false,"_jetpack_memberships_contains_paid_content":false,"footnotes":"","jetpack_publicize_message":"","jetpack_publicize_feature_enabled":true,"jetpack_social_post_already_shared":true,"jetpack_social_options":{"image_generator_settings":{"template":"highway","default_image_id":0,"font":"","enabled":false},"version":2}},"categories":[11],"tags":[],"class_list":["post-37314","post","type-post","status-publish","format-standard","has-post-thumbnail","hentry","category-noticias-de-ribeirao-preto-sp-e-regiao-ismael-colosi"],"aioseo_notices":[],"jetpack_publicize_connections":[],"jetpack_featured_media_url":"https:\/\/i0.wp.com\/ismaelcolosi.com.br\/wp-content\/uploads\/2024\/02\/WhatsApp-Image-2024-02-15-at-10.54.16.jpeg?fit=734%2C459&ssl=1","uagb_featured_image_src":{"full":["https:\/\/i0.wp.com\/ismaelcolosi.com.br\/wp-content\/uploads\/2024\/02\/WhatsApp-Image-2024-02-15-at-10.54.16.jpeg?fit=734%2C459&ssl=1",734,459,false],"thumbnail":["https:\/\/i0.wp.com\/ismaelcolosi.com.br\/wp-content\/uploads\/2024\/02\/WhatsApp-Image-2024-02-15-at-10.54.16.jpeg?resize=150%2C150&ssl=1",150,150,true],"medium":["https:\/\/i0.wp.com\/ismaelcolosi.com.br\/wp-content\/uploads\/2024\/02\/WhatsApp-Image-2024-02-15-at-10.54.16.jpeg?fit=300%2C188&ssl=1",300,188,true],"medium_large":["https:\/\/i0.wp.com\/ismaelcolosi.com.br\/wp-content\/uploads\/2024\/02\/WhatsApp-Image-2024-02-15-at-10.54.16.jpeg?fit=734%2C459&ssl=1",734,459,true],"large":["https:\/\/i0.wp.com\/ismaelcolosi.com.br\/wp-content\/uploads\/2024\/02\/WhatsApp-Image-2024-02-15-at-10.54.16.jpeg?fit=734%2C459&ssl=1",734,459,true],"1536x1536":["https:\/\/i0.wp.com\/ismaelcolosi.com.br\/wp-content\/uploads\/2024\/02\/WhatsApp-Image-2024-02-15-at-10.54.16.jpeg?fit=734%2C459&ssl=1",734,459,true],"2048x2048":["https:\/\/i0.wp.com\/ismaelcolosi.com.br\/wp-content\/uploads\/2024\/02\/WhatsApp-Image-2024-02-15-at-10.54.16.jpeg?fit=734%2C459&ssl=1",734,459,true],"really-simple-thumb":["https:\/\/i0.wp.com\/ismaelcolosi.com.br\/wp-content\/uploads\/2024\/02\/WhatsApp-Image-2024-02-15-at-10.54.16.jpeg?resize=370%2C247&ssl=1",370,247,true]},"uagb_author_info":{"display_name":"ismaelcolosi.com.br","author_link":"https:\/\/ismaelcolosi.com.br\/index.php\/author\/vidareal-online\/"},"uagb_comment_info":0,"uagb_excerpt":"O cantor J\u00e3o se apresenta no pr\u00f3ximo dia 9 de mar\u00e7o, no Est\u00e1dio Palma Travassos (Comercial), em Ribeir\u00e3o Preto, e ainda d\u00e1 tempo de garantir...","jetpack-related-posts":[{"id":40535,"url":"https:\/\/ismaelcolosi.com.br\/index.php\/2024\/03\/04\/saiba-tudo-sobre-o-show-do-cantor-jao-em-ribeirao-preto\/","url_meta":{"origin":37314,"position":0},"title":"Saiba tudo sobre o show do cantor J\u00e3o em Ribeir\u00e3o Preto","author":"ismaelcolosi.com.br","date":"4 de March de 2024","format":false,"excerpt":"O cantor J\u00e3o vem a Ribeir\u00e3o Preto para o show da \u201cSuperturn\u00ea\u201d, no dia 9 de mar\u00e7o, no est\u00e1dio Palma Travassos. Os ingressos ainda est\u00e3o dispon\u00edveis e podem ser comprados atrav\u00e9s do site (clique aqui) ou presencialmente no Mercad\u00e3o Sports Bar. Os port\u00f5es do est\u00e1dio abrem \u00e0s 18h. Agora, segundo\u2026","rel":"","context":"In &quot;Not\u00edcias de Ribeir\u00e3o Preto-SP e Regi\u00e3o&quot;","block_context":{"text":"Not\u00edcias de Ribeir\u00e3o Preto-SP e Regi\u00e3o","link":"https:\/\/ismaelcolosi.com.br\/index.php\/category\/noticias-de-ribeirao-preto-sp-e-regiao-ismael-colosi\/"},"img":{"alt_text":"","src":"https:\/\/i0.wp.com\/ismaelcolosi.com.br\/wp-content\/uploads\/2024\/03\/Design-sem-nome-9.jpg?fit=960%2C693&ssl=1&resize=350%2C200","width":350,"height":200,"srcset":"https:\/\/i0.wp.com\/ismaelcolosi.com.br\/wp-content\/uploads\/2024\/03\/Design-sem-nome-9.jpg?fit=960%2C693&ssl=1&resize=350%2C200 1x, https:\/\/i0.wp.com\/ismaelcolosi.com.br\/wp-content\/uploads\/2024\/03\/Design-sem-nome-9.jpg?fit=960%2C693&ssl=1&resize=525%2C300 1.5x, https:\/\/i0.wp.com\/ismaelcolosi.com.br\/wp-content\/uploads\/2024\/03\/Design-sem-nome-9.jpg?fit=960%2C693&ssl=1&resize=700%2C400 2x"},"classes":[]},{"id":40544,"url":"https:\/\/ismaelcolosi.com.br\/index.php\/2024\/03\/04\/saiba-tudo-sobre-o-show-do-cantor-jao-em-ribeirao-preto-2\/","url_meta":{"origin":37314,"position":1},"title":"Saiba tudo sobre o show do cantor J\u00e3o em Ribeir\u00e3o Preto","author":"ismaelcolosi.com.br","date":"4 de March de 2024","format":false,"excerpt":"O cantor J\u00e3o vem a Ribeir\u00e3o Preto para o show da \u201cSuperturn\u00ea\u201d, no dia 9 de mar\u00e7o, no est\u00e1dio Palma Travassos. Os ingressos ainda est\u00e3o dispon\u00edveis e podem ser comprados atrav\u00e9s do site (clique aqui) ou presencialmente no Mercad\u00e3o Sports Bar. Os port\u00f5es do est\u00e1dio abrem \u00e0s 18h. Agora, segundo\u2026","rel":"","context":"In &quot;Not\u00edcias de Ribeir\u00e3o Preto-SP e Regi\u00e3o&quot;","block_context":{"text":"Not\u00edcias de Ribeir\u00e3o Preto-SP e Regi\u00e3o","link":"https:\/\/ismaelcolosi.com.br\/index.php\/category\/noticias-de-ribeirao-preto-sp-e-regiao-ismael-colosi\/"},"img":{"alt_text":"","src":"https:\/\/i0.wp.com\/ismaelcolosi.com.br\/wp-content\/uploads\/2024\/03\/AnyConv.com__jao.webp.webp?fit=1000%2C652&ssl=1&resize=350%2C200","width":350,"height":200,"srcset":"https:\/\/i0.wp.com\/ismaelcolosi.com.br\/wp-content\/uploads\/2024\/03\/AnyConv.com__jao.webp.webp?fit=1000%2C652&ssl=1&resize=350%2C200 1x, https:\/\/i0.wp.com\/ismaelcolosi.com.br\/wp-content\/uploads\/2024\/03\/AnyConv.com__jao.webp.webp?fit=1000%2C652&ssl=1&resize=525%2C300 1.5x, https:\/\/i0.wp.com\/ismaelcolosi.com.br\/wp-content\/uploads\/2024\/03\/AnyConv.com__jao.webp.webp?fit=1000%2C652&ssl=1&resize=700%2C400 2x"},"classes":[]},{"id":27141,"url":"https:\/\/ismaelcolosi.com.br\/index.php\/2024\/01\/11\/tudo-sobre-o-show-do-cantor-jao-em-ribeirao-preto\/","url_meta":{"origin":37314,"position":2},"title":"Tudo sobre o show do cantor J\u00e3o em Ribeir\u00e3o Preto","author":"ismaelcolosi.com.br","date":"11 de January de 2024","format":false,"excerpt":"O cantor J\u00e3o vem a Ribeir\u00e3o Preto com a \u2018Superturn\u00ea\u2019, no dia 9 de mar\u00e7o, no Est\u00e1dio Palma Travassos, na zona Leste da cidade. Os ingressos ainda est\u00e3o dispon\u00edveis e podem ser adquiridos de forma on-line. De acordo com a organiza\u00e7\u00e3o do evento, a abertura dos port\u00f5es acontece \u00e0s 18h\u2026","rel":"","context":"In &quot;Not\u00edcias de Ribeir\u00e3o Preto-SP e Regi\u00e3o&quot;","block_context":{"text":"Not\u00edcias de Ribeir\u00e3o Preto-SP e Regi\u00e3o","link":"https:\/\/ismaelcolosi.com.br\/index.php\/category\/noticias-de-ribeirao-preto-sp-e-regiao-ismael-colosi\/"},"img":{"alt_text":"","src":"https:\/\/i0.wp.com\/ismaelcolosi.com.br\/wp-content\/uploads\/2024\/01\/WhatsApp-Image-2023-08-17-at-14.41.58.jpeg?fit=1200%2C1200&ssl=1&resize=350%2C200","width":350,"height":200,"srcset":"https:\/\/i0.wp.com\/ismaelcolosi.com.br\/wp-content\/uploads\/2024\/01\/WhatsApp-Image-2023-08-17-at-14.41.58.jpeg?fit=1200%2C1200&ssl=1&resize=350%2C200 1x, https:\/\/i0.wp.com\/ismaelcolosi.com.br\/wp-content\/uploads\/2024\/01\/WhatsApp-Image-2023-08-17-at-14.41.58.jpeg?fit=1200%2C1200&ssl=1&resize=525%2C300 1.5x, https:\/\/i0.wp.com\/ismaelcolosi.com.br\/wp-content\/uploads\/2024\/01\/WhatsApp-Image-2023-08-17-at-14.41.58.jpeg?fit=1200%2C1200&ssl=1&resize=700%2C400 2x, https:\/\/i0.wp.com\/ismaelcolosi.com.br\/wp-content\/uploads\/2024\/01\/WhatsApp-Image-2023-08-17-at-14.41.58.jpeg?fit=1200%2C1200&ssl=1&resize=1050%2C600 3x"},"classes":[]},{"id":41727,"url":"https:\/\/ismaelcolosi.com.br\/index.php\/2024\/03\/10\/jao-recorda-infancia-e-compara-ribeirao-preto-com-a-disney-veja-o-video\/","url_meta":{"origin":37314,"position":3},"title":"J\u00e3o recorda inf\u00e2ncia e compara Ribeir\u00e3o Preto com a Disney; Veja o v\u00eddeo","author":"ismaelcolosi.com.br","date":"10 de March de 2024","format":false,"excerpt":"Durante o show no est\u00e1dio Palma Travassos, em Ribeir\u00e3o Preto, o cantor J\u00e3o lembrou de quando vinha para cidade na inf\u00e2ncia. J\u00e3o \u00e9 natural de Am\u00e9rico Brasiliense, pr\u00f3ximo a Araraquara. Ele se apresentou em Ribeir\u00e3o Preto na noite do \u00faltimo s\u00e1bado (9). \u201cRibeir\u00e3o Preto para mim era tipo a Disney\u201d,\u2026","rel":"","context":"In &quot;Not\u00edcias de Ribeir\u00e3o Preto-SP e Regi\u00e3o&quot;","block_context":{"text":"Not\u00edcias de Ribeir\u00e3o Preto-SP e Regi\u00e3o","link":"https:\/\/ismaelcolosi.com.br\/index.php\/category\/noticias-de-ribeirao-preto-sp-e-regiao-ismael-colosi\/"},"img":{"alt_text":"","src":"https:\/\/i0.wp.com\/ismaelcolosi.com.br\/wp-content\/uploads\/2024\/03\/AnyConv.com__jao-1.webp.webp?fit=1200%2C674&ssl=1&resize=350%2C200","width":350,"height":200,"srcset":"https:\/\/i0.wp.com\/ismaelcolosi.com.br\/wp-content\/uploads\/2024\/03\/AnyConv.com__jao-1.webp.webp?fit=1200%2C674&ssl=1&resize=350%2C200 1x, https:\/\/i0.wp.com\/ismaelcolosi.com.br\/wp-content\/uploads\/2024\/03\/AnyConv.com__jao-1.webp.webp?fit=1200%2C674&ssl=1&resize=525%2C300 1.5x, https:\/\/i0.wp.com\/ismaelcolosi.com.br\/wp-content\/uploads\/2024\/03\/AnyConv.com__jao-1.webp.webp?fit=1200%2C674&ssl=1&resize=700%2C400 2x, https:\/\/i0.wp.com\/ismaelcolosi.com.br\/wp-content\/uploads\/2024\/03\/AnyConv.com__jao-1.webp.webp?fit=1200%2C674&ssl=1&resize=1050%2C600 3x"},"classes":[]},{"id":41549,"url":"https:\/\/ismaelcolosi.com.br\/index.php\/2024\/03\/08\/vai-ao-show-do-jao-veja-como-fica-o-clima-neste-sabado-em-ribeirao-preto\/","url_meta":{"origin":37314,"position":4},"title":"Vai ao show do J\u00e3o? Veja como fica o clima neste s\u00e1bado em Ribeir\u00e3o Preto","author":"ismaelcolosi.com.br","date":"8 de March de 2024","format":false,"excerpt":"O cantor J\u00e3o se apresenta neste s\u00e1bado (9), no est\u00e1dio Palma Travassos, zona Leste de Ribeir\u00e3o Preto, com a \u2018Superturn\u00ea\u2019. Os port\u00f5es est\u00e3o marcados para abrir \u00e0s 18h, contudo, o show s\u00f3 come\u00e7ar\u00e1 \u00e0s 20h30. A apresenta\u00e7\u00e3o \u00e9 composta com grandes hits do artista como \u201cVou Morrer Sozinho\u201d, \u201cEssa Eu\u2026","rel":"","context":"In &quot;Not\u00edcias de Ribeir\u00e3o Preto-SP e Regi\u00e3o&quot;","block_context":{"text":"Not\u00edcias de Ribeir\u00e3o Preto-SP e Regi\u00e3o","link":"https:\/\/ismaelcolosi.com.br\/index.php\/category\/noticias-de-ribeirao-preto-sp-e-regiao-ismael-colosi\/"},"img":{"alt_text":"","src":"https:\/\/i0.wp.com\/ismaelcolosi.com.br\/wp-content\/uploads\/2024\/03\/WhatsApp-Image-2024-02-15-at-10.54.16.jpeg?fit=734%2C459&ssl=1&resize=350%2C200","width":350,"height":200,"srcset":"https:\/\/i0.wp.com\/ismaelcolosi.com.br\/wp-content\/uploads\/2024\/03\/WhatsApp-Image-2024-02-15-at-10.54.16.jpeg?fit=734%2C459&ssl=1&resize=350%2C200 1x, https:\/\/i0.wp.com\/ismaelcolosi.com.br\/wp-content\/uploads\/2024\/03\/WhatsApp-Image-2024-02-15-at-10.54.16.jpeg?fit=734%2C459&ssl=1&resize=525%2C300 1.5x, https:\/\/i0.wp.com\/ismaelcolosi.com.br\/wp-content\/uploads\/2024\/03\/WhatsApp-Image-2024-02-15-at-10.54.16.jpeg?fit=734%2C459&ssl=1&resize=700%2C400 2x"},"classes":[]},{"id":41936,"url":"https:\/\/ismaelcolosi.com.br\/index.php\/2024\/03\/12\/show-do-jao-arrecada-25-toneladas-de-alimentos-em-ribeirao-preto\/","url_meta":{"origin":37314,"position":5},"title":"Show do J\u00e3o arrecada 2,5 toneladas de alimentos em Ribeir\u00e3o Preto","author":"ismaelcolosi.com.br","date":"12 de March de 2024","format":false,"excerpt":"O show do cantor J\u00e3o na \u201cSuperturn\u00ea\u201d, em Ribeir\u00e3o Preto, arrecadou 2,5 toneladas em alimentos n\u00e3o perec\u00edveis para doa\u00e7\u00e3o a entidades da cidade, por meio do Fundo Social de Solidariedade (FSS). O evento aconteceu no \u00faltimo s\u00e1bado (9), no Est\u00e1dio Palma Travassos (Comercial). O evento contou com a op\u00e7\u00e3o de\u00a0\u201cingresso\u2026","rel":"","context":"In &quot;Not\u00edcias de Ribeir\u00e3o Preto-SP e Regi\u00e3o&quot;","block_context":{"text":"Not\u00edcias de Ribeir\u00e3o Preto-SP e Regi\u00e3o","link":"https:\/\/ismaelcolosi.com.br\/index.php\/category\/noticias-de-ribeirao-preto-sp-e-regiao-ismael-colosi\/"},"img":{"alt_text":"","src":"https:\/\/i0.wp.com\/ismaelcolosi.com.br\/wp-content\/uploads\/2024\/03\/fss_turne_jao_1.jpg?fit=1044%2C692&ssl=1&resize=350%2C200","width":350,"height":200,"srcset":"https:\/\/i0.wp.com\/ismaelcolosi.com.br\/wp-content\/uploads\/2024\/03\/fss_turne_jao_1.jpg?fit=1044%2C692&ssl=1&resize=350%2C200 1x, https:\/\/i0.wp.com\/ismaelcolosi.com.br\/wp-content\/uploads\/2024\/03\/fss_turne_jao_1.jpg?fit=1044%2C692&ssl=1&resize=525%2C300 1.5x, https:\/\/i0.wp.com\/ismaelcolosi.com.br\/wp-content\/uploads\/2024\/03\/fss_turne_jao_1.jpg?fit=1044%2C692&ssl=1&resize=700%2C400 2x"},"classes":[]}],"jetpack_sharing_enabled":true,"jetpack_shortlink":"https:\/\/wp.me\/pfMlyK-9HQ","_links":{"self":[{"href":"https:\/\/ismaelcolosi.com.br\/index.php\/wp-json\/wp\/v2\/posts\/37314","targetHints":{"allow":["GET"]}}],"collection":[{"href":"https:\/\/ismaelcolosi.com.br\/index.php\/wp-json\/wp\/v2\/posts"}],"about":[{"href":"https:\/\/ismaelcolosi.com.br\/index.php\/wp-json\/wp\/v2\/types\/post"}],"author":[{"embeddable":true,"href":"https:\/\/ismaelcolosi.com.br\/index.php\/wp-json\/wp\/v2\/users\/1"}],"replies":[{"embeddable":true,"href":"https:\/\/ismaelcolosi.com.br\/index.php\/wp-json\/wp\/v2\/comments?post=37314"}],"version-history":[{"count":0,"href":"https:\/\/ismaelcolosi.com.br\/index.php\/wp-json\/wp\/v2\/posts\/37314\/revisions"}],"wp:featuredmedia":[{"embeddable":true,"href":"https:\/\/ismaelcolosi.com.br\/index.php\/wp-json\/wp\/v2\/media\/37315"}],"wp:attachment":[{"href":"https:\/\/ismaelcolosi.com.br\/index.php\/wp-json\/wp\/v2\/media?parent=37314"}],"wp:term":[{"taxonomy":"category","embeddable":true,"href":"https:\/\/ismaelcolosi.com.br\/index.php\/wp-json\/wp\/v2\/categories?post=37314"},{"taxonomy":"post_tag","embeddable":true,"href":"https:\/\/ismaelcolosi.com.br\/index.php\/wp-json\/wp\/v2\/tags?post=37314"}],"curies":[{"name":"wp","href":"https:\/\/api.w.org\/{rel}","templated":true}]}}