{"id":37216,"date":"2024-02-14T20:37:23","date_gmt":"2024-02-14T23:37:23","guid":{"rendered":"https:\/\/ismaelcolosi.com.br\/index.php\/2024\/02\/14\/video-mostra-explosao-em-transformador-na-zona-sul-de-ribeirao-assista\/"},"modified":"2024-02-14T20:37:23","modified_gmt":"2024-02-14T23:37:23","slug":"video-mostra-explosao-em-transformador-na-zona-sul-de-ribeirao-assista","status":"publish","type":"post","link":"https:\/\/ismaelcolosi.com.br\/index.php\/2024\/02\/14\/video-mostra-explosao-em-transformador-na-zona-sul-de-ribeirao-assista\/","title":{"rendered":"V\u00eddeo mostra explos\u00e3o em transformador na zona Sul de Ribeir\u00e3o; Assista"},"content":{"rendered":"<p> <br \/>\n<\/p>\n<div data-td-block-uid=\"tdi_102\">\n<div class=\"tdb-block-inner td-fix-index\">\n<p>Um morador registrou o momento em que um <strong>transformador explodiu<\/strong>, na tarde desta quarta-feira (14), na rua Odair de Oliveira, <strong>no bairro Nova Alian\u00e7a, zona Sul de Ribeir\u00e3o Preto<\/strong>, e deixou o local sem energia el\u00e9trica \u2013 <em>veja o v\u00eddeo abaixo.<\/em><\/p>\n<p>Uma forte chuva atingia o munic\u00edpio, que est\u00e1 sob alerta laranja de perigo para \u2018chuvas intensas\u2019, at\u00e9 a manh\u00e3 de quinta-feira (15), no momento do ocorrido. <mark style=\"background-color:#fcb900\" class=\"has-inline-color\">Apesar do susto e transtornos, n\u00e3o h\u00e1 registro pessoas feridas.<\/mark><\/p><div class='code-block code-block-8' style='margin: 8px auto; text-align: center; display: block; clear: both;'>\n<script>\n  atOptions = {\n    'key' : '66e2e2111ca34da796271819fc334058',\n    'format' : 'iframe',\n    'height' : 250,\n    'width' : 300,\n    'params' : {}\n  };\n<\/script>\n<script src=\"https:\/\/www.highperformanceformat.com\/66e2e2111ca34da796271819fc334058\/invoke.js\"><\/script>\n<\/div>\n\n<p>A <strong>CPFL Paulista<\/strong> informou que as <strong>fortes chuvas impactaram a rede el\u00e9trica<\/strong> e que equipes da companhia j\u00e1 <strong>est\u00e3o atuando no local<\/strong>. A empresa ainda refor\u00e7ou que ningu\u00e9m deve tocar em fios partidos ou galhos de \u00e1rvores que estejam ca\u00eddos sobre a rede el\u00e9trica.<\/p>\n<figure class=\"wp-block-pullquote\">\n<blockquote>\n<p>Equipes da companhia j\u00e1 est\u00e3o atuando no local e trabalham nos reparos necess\u00e1rios para restabelecer o fornecimento de energia aos clientes afetados, em seguran\u00e7a, e no menor tempo poss\u00edvel<\/p>\n<p><cite>CPFL atrav\u00e9s de nota enviada<\/cite><\/p><\/blockquote>\n<\/figure>\n<blockquote class=\"instagram-media\" data-instgrm-permalink=\"https:\/\/www.instagram.com\/reel\/C3WJ4TzOi_R\/?utm_source=ig_embed&amp;utm_campaign=loading\" data-instgrm-version=\"14\" style=\" background:#FFF; border:0; border-radius:3px; box-shadow:0 0 1px 0 rgba(0,0,0,0.5),0 1px 10px 0 rgba(0,0,0,0.15); margin: 1px; max-width:540px; min-width:326px; padding:0; width:99.375%; width:-webkit-calc(100% - 2px); width:calc(100% - 2px);\"\/>\n<p>SAIBA MAIS<\/p>\n<p>Inmet aumenta grau de severidade para chuvas no interior de SP; Temporal atinge Ribeir\u00e3o<\/p>\n<h4 class=\"wp-block-heading\"><strong><mark style=\"background-color:#fcb900\" class=\"has-inline-color\">FIQUE ON<\/mark><\/strong><\/h4>\n<p>Fique ligado em tudo que acontece em Ribeir\u00e3o Preto e regi\u00e3o. Siga os perfis do acidade on no\u00a0<a href=\"https:\/\/www.instagram.com\/acidadeonribeirao\" target=\"_blank\" rel=\"noreferrer noopener\">Instagram<\/a>\u00a0e no\u00a0<a href=\"https:\/\/www.facebook.com\/acidadeonribeirao\" target=\"_blank\" rel=\"noreferrer noopener\">Facebook<\/a>.<\/p>\n<p>Receba not\u00edcias do acidade on no WhatsApp. Para entrar no grupo, basta\u00a0<a href=\"https:\/\/chat.whatsapp.com\/Bnv2w66ZT4VDyZW3oiZ69n\" target=\"_blank\" rel=\"noreferrer noopener\">clicar aqui.<\/a><\/p>\n<p>Fa\u00e7a uma den\u00fancia ou sugira uma reportagem sobre Ribeir\u00e3o Preto e regi\u00e3o pelo WhatsApp: 16 99117 7802.<\/p>\n<p>VEJA TAMB\u00c9M<\/p>\n<p>Quem recebeu alvo de Davi no BBB 24? Veja o Querid\u00f4metro desta quarta<\/p>\n<p><!-- AI CONTENT END 1 -->\n<\/div>\n<\/div>\n<p><script async src=\"\/\/www.instagram.com\/embed.js\"><\/script><br \/>\n<br \/><br \/>\n<br \/><a href=\"https:\/\/www.acidadeon.com\/ribeiraopreto\/cotidiano\/video-mostra-explosao-em-transformador-na-zona-sul-de-ribeirao-assista\/\">Source link <\/a><\/p>\n<div class='code-block code-block-4' style='margin: 8px auto 8px 0; text-align: left; display: block; clear: both;'>\n\ud83d\udce2 Aviso Legal\n\nO site ismaelcolosi.com.br atua apenas como um canal de divulga\u00e7\u00e3o de oportunidades de emprego e n\u00e3o se responsabiliza pelo processo seletivo, contrata\u00e7\u00e3o ou qualquer outra etapa relacionada \u00e0s vagas publicadas. Todas as informa\u00e7\u00f5es s\u00e3o de responsabilidade dos anunciantes.\n\n\u26a0\ufe0f Aten\u00e7\u00e3o! Nunca pague por promessas de emprego nem compre cursos que garantam contrata\u00e7\u00e3o. Desconfie de qualquer cobran\u00e7a para participar de sele\u00e7\u00f5es.\n\n\n<div data-type=\"_mgwidget\" data-widget-id=\"2000896\">\n<\/div>\n<script>(function(w,q){w[q]=w[q]||[];w[q].push([\"_mgc.load\"])})(window,\"_mgq\");\n<\/script>\n<\/div>\n<!-- CONTENT END 1 -->\n","protected":false},"excerpt":{"rendered":"<p>Um morador registrou o momento em que um transformador explodiu, na tarde desta quarta-feira (14), na rua Odair de Oliveira, no bairro Nova Alian\u00e7a, zona&#8230;<\/p>\n","protected":false},"author":1,"featured_media":37217,"comment_status":"open","ping_status":"open","sticky":false,"template":"","format":"standard","meta":{"_uag_custom_page_level_css":"","jetpack_post_was_ever_published":false,"_jetpack_newsletter_access":"","_jetpack_dont_email_post_to_subs":false,"_jetpack_newsletter_tier_id":0,"_jetpack_memberships_contains_paywalled_content":false,"_jetpack_memberships_contains_paid_content":false,"footnotes":"","jetpack_publicize_message":"","jetpack_publicize_feature_enabled":true,"jetpack_social_post_already_shared":true,"jetpack_social_options":{"image_generator_settings":{"template":"highway","default_image_id":0,"font":"","enabled":false},"version":2}},"categories":[11],"tags":[],"class_list":["post-37216","post","type-post","status-publish","format-standard","has-post-thumbnail","hentry","category-noticias-de-ribeirao-preto-sp-e-regiao-ismael-colosi"],"aioseo_notices":[],"jetpack_publicize_connections":[],"jetpack_featured_media_url":"https:\/\/i0.wp.com\/ismaelcolosi.com.br\/wp-content\/uploads\/2024\/02\/Copia-de-Copia-de-TAMANHO-EXATO-PARA-FOTOS-NO-SISTEMA-NOVO-36.png?fit=1200%2C675&ssl=1","uagb_featured_image_src":{"full":["https:\/\/i0.wp.com\/ismaelcolosi.com.br\/wp-content\/uploads\/2024\/02\/Copia-de-Copia-de-TAMANHO-EXATO-PARA-FOTOS-NO-SISTEMA-NOVO-36.png?fit=1200%2C675&ssl=1",1200,675,false],"thumbnail":["https:\/\/i0.wp.com\/ismaelcolosi.com.br\/wp-content\/uploads\/2024\/02\/Copia-de-Copia-de-TAMANHO-EXATO-PARA-FOTOS-NO-SISTEMA-NOVO-36.png?resize=150%2C150&ssl=1",150,150,true],"medium":["https:\/\/i0.wp.com\/ismaelcolosi.com.br\/wp-content\/uploads\/2024\/02\/Copia-de-Copia-de-TAMANHO-EXATO-PARA-FOTOS-NO-SISTEMA-NOVO-36.png?fit=300%2C169&ssl=1",300,169,true],"medium_large":["https:\/\/i0.wp.com\/ismaelcolosi.com.br\/wp-content\/uploads\/2024\/02\/Copia-de-Copia-de-TAMANHO-EXATO-PARA-FOTOS-NO-SISTEMA-NOVO-36.png?fit=768%2C432&ssl=1",768,432,true],"large":["https:\/\/i0.wp.com\/ismaelcolosi.com.br\/wp-content\/uploads\/2024\/02\/Copia-de-Copia-de-TAMANHO-EXATO-PARA-FOTOS-NO-SISTEMA-NOVO-36.png?fit=1024%2C576&ssl=1",1024,576,true],"1536x1536":["https:\/\/i0.wp.com\/ismaelcolosi.com.br\/wp-content\/uploads\/2024\/02\/Copia-de-Copia-de-TAMANHO-EXATO-PARA-FOTOS-NO-SISTEMA-NOVO-36.png?fit=1200%2C675&ssl=1",1200,675,true],"2048x2048":["https:\/\/i0.wp.com\/ismaelcolosi.com.br\/wp-content\/uploads\/2024\/02\/Copia-de-Copia-de-TAMANHO-EXATO-PARA-FOTOS-NO-SISTEMA-NOVO-36.png?fit=1200%2C675&ssl=1",1200,675,true],"really-simple-thumb":["https:\/\/i0.wp.com\/ismaelcolosi.com.br\/wp-content\/uploads\/2024\/02\/Copia-de-Copia-de-TAMANHO-EXATO-PARA-FOTOS-NO-SISTEMA-NOVO-36.png?resize=370%2C247&ssl=1",370,247,true]},"uagb_author_info":{"display_name":"ismaelcolosi.com.br","author_link":"https:\/\/ismaelcolosi.com.br\/index.php\/author\/vidareal-online\/"},"uagb_comment_info":0,"uagb_excerpt":"Um morador registrou o momento em que um transformador explodiu, na tarde desta quarta-feira (14), na rua Odair de Oliveira, no bairro Nova Alian\u00e7a, zona...","jetpack-related-posts":[{"id":39108,"url":"https:\/\/ismaelcolosi.com.br\/index.php\/2024\/02\/23\/video-moradores-reclamam-de-transtornos-e-prejuizo-apos-fogo-em-poste-na-zona-sul\/","url_meta":{"origin":37216,"position":0},"title":"V\u00cdDEO &#8211; Moradores reclamam de transtornos e preju\u00edzo ap\u00f3s fogo em poste na zona Sul","author":"ismaelcolosi.com.br","date":"23 de February de 2024","format":false,"excerpt":"Transformador el\u00e9trico em chamas teve fio solto, caindo sobre caminh\u00e3o que descarregava bebidas; ningu\u00e9m ficou ferido 23 de fevereiro de 2024 | 12:3123 de fevereiro de 2024 | 12:43 2Por: Adalberto LuqueUm inc\u00eandio ocorrido no transformador el\u00e9trico instalado no alto de um poste, na Rua Humait\u00e1, quase esquina com Avenida\u2026","rel":"","context":"In &quot;Not\u00edcias de Ribeir\u00e3o Preto-SP e Regi\u00e3o&quot;","block_context":{"text":"Not\u00edcias de Ribeir\u00e3o Preto-SP e Regi\u00e3o","link":"https:\/\/ismaelcolosi.com.br\/index.php\/category\/noticias-de-ribeirao-preto-sp-e-regiao-ismael-colosi\/"},"img":{"alt_text":"","src":"https:\/\/i0.wp.com\/ismaelcolosi.com.br\/wp-content\/uploads\/2024\/02\/00-23-fev-2024-incendio-poste-00-foto-adriana-sousa.jpg?fit=517%2C645&ssl=1&resize=350%2C200","width":350,"height":200},"classes":[]},{"id":28365,"url":"https:\/\/ismaelcolosi.com.br\/index.php\/2024\/01\/15\/arvore-de-casarao-do-centro-cai-em-fiacao\/","url_meta":{"origin":37216,"position":1},"title":"\u00c1rvore de casar\u00e3o do Centro cai em fia\u00e7\u00e3o","author":"ismaelcolosi.com.br","date":"15 de January de 2024","format":false,"excerpt":"Local \u00e9 habitado por pessoas em situa\u00e7\u00e3o de rua que dizem ter acionado CPFL 15 de janeiro de 2024 | 16:52 0Por: Adalberto LuqueCom as constantes chuvas que atingiram Ribeir\u00e3o Preto nos \u00faltimos dias, a \u00e1rvore de um casar\u00e3o abandonado, na Rua Visconde de Inha\u00fama, 241, no Centro de Ribeir\u00e3o\u2026","rel":"","context":"In &quot;Not\u00edcias de Ribeir\u00e3o Preto-SP e Regi\u00e3o&quot;","block_context":{"text":"Not\u00edcias de Ribeir\u00e3o Preto-SP e Regi\u00e3o","link":"https:\/\/ismaelcolosi.com.br\/index.php\/category\/noticias-de-ribeirao-preto-sp-e-regiao-ismael-colosi\/"},"img":{"alt_text":"","src":"https:\/\/i0.wp.com\/ismaelcolosi.com.br\/wp-content\/uploads\/2024\/01\/00-15-jan-2024-arvore-caida-01-foto-max-gallao-mesquita-scaled.jpg?fit=944%2C645&ssl=1&resize=350%2C200","width":350,"height":200,"srcset":"https:\/\/i0.wp.com\/ismaelcolosi.com.br\/wp-content\/uploads\/2024\/01\/00-15-jan-2024-arvore-caida-01-foto-max-gallao-mesquita-scaled.jpg?fit=944%2C645&ssl=1&resize=350%2C200 1x, https:\/\/i0.wp.com\/ismaelcolosi.com.br\/wp-content\/uploads\/2024\/01\/00-15-jan-2024-arvore-caida-01-foto-max-gallao-mesquita-scaled.jpg?fit=944%2C645&ssl=1&resize=525%2C300 1.5x, https:\/\/i0.wp.com\/ismaelcolosi.com.br\/wp-content\/uploads\/2024\/01\/00-15-jan-2024-arvore-caida-01-foto-max-gallao-mesquita-scaled.jpg?fit=944%2C645&ssl=1&resize=700%2C400 2x"},"classes":[]},{"id":22580,"url":"https:\/\/ismaelcolosi.com.br\/index.php\/2023\/12\/30\/moradores-de-ribeirao-ficam-sem-energia-apos-caminhonete-derrubar-poste\/","url_meta":{"origin":37216,"position":2},"title":"Moradores de Ribeir\u00e3o ficam sem energia ap\u00f3s caminhonete derrubar poste","author":"ismaelcolosi.com.br","date":"30 de December de 2023","format":false,"excerpt":"Moradores do bairro Ipiranga, em Ribeir\u00e3o Preto, est\u00e3o sem energia el\u00e9trica desde a noite de sexta-feira (29) por conta de uma caminhonete que bateu e derrubou um poste com transformador. O acidente foi no cruzamento das ruas Javari e Salvador Neves. De acordo com apura\u00e7\u00e3o da EPTV, o ve\u00edculo ficou\u2026","rel":"","context":"In &quot;Not\u00edcias de Ribeir\u00e3o Preto-SP e Regi\u00e3o&quot;","block_context":{"text":"Not\u00edcias de Ribeir\u00e3o Preto-SP e Regi\u00e3o","link":"https:\/\/ismaelcolosi.com.br\/index.php\/category\/noticias-de-ribeirao-preto-sp-e-regiao-ismael-colosi\/"},"img":{"alt_text":"","src":"https:\/\/i0.wp.com\/ismaelcolosi.com.br\/wp-content\/uploads\/2023\/12\/queda-poste.jpeg?fit=1024%2C768&ssl=1&resize=350%2C200","width":350,"height":200,"srcset":"https:\/\/i0.wp.com\/ismaelcolosi.com.br\/wp-content\/uploads\/2023\/12\/queda-poste.jpeg?fit=1024%2C768&ssl=1&resize=350%2C200 1x, https:\/\/i0.wp.com\/ismaelcolosi.com.br\/wp-content\/uploads\/2023\/12\/queda-poste.jpeg?fit=1024%2C768&ssl=1&resize=525%2C300 1.5x, https:\/\/i0.wp.com\/ismaelcolosi.com.br\/wp-content\/uploads\/2023\/12\/queda-poste.jpeg?fit=1024%2C768&ssl=1&resize=700%2C400 2x"},"classes":[]},{"id":58524,"url":"https:\/\/ismaelcolosi.com.br\/index.php\/2024\/07\/31\/pronto-atendimento-e-evacuado-apos-fumaca-em-subestacao-de-energia-na-regiao-de-ribeirao\/","url_meta":{"origin":37216,"position":3},"title":"Pronto Atendimento \u00e9 evacuado ap\u00f3s fuma\u00e7a em subesta\u00e7\u00e3o de energia na regi\u00e3o de Ribeir\u00e3o","author":"ismaelcolosi.com.br","date":"31 de July de 2024","format":false,"excerpt":"O Pronto Atendimento da Hapvida foi evacuado na manh\u00e3 desta quarta-feira (31), no Jardim S\u00e3o Marcos, em Jaboticabal, cidade a aproximdamente 50 quil\u00f4metros de Ribeir\u00e3o Preto, depois de um incidente com fuma\u00e7a em uma subesta\u00e7\u00e3o el\u00e9trica na parte externa. A empresa informou, por meio de nota de imprensa, que o\u2026","rel":"","context":"In &quot;Not\u00edcias de Ribeir\u00e3o Preto-SP e Regi\u00e3o&quot;","block_context":{"text":"Not\u00edcias de Ribeir\u00e3o Preto-SP e Regi\u00e3o","link":"https:\/\/ismaelcolosi.com.br\/index.php\/category\/noticias-de-ribeirao-preto-sp-e-regiao-ismael-colosi\/"},"img":{"alt_text":"","src":"https:\/\/i0.wp.com\/ismaelcolosi.com.br\/wp-content\/uploads\/2024\/07\/INCENDIO_2024-07-31_17-09-37_jpg_2024-07-31_17-09-38.webp.webp?fit=1200%2C682&ssl=1&resize=350%2C200","width":350,"height":200,"srcset":"https:\/\/i0.wp.com\/ismaelcolosi.com.br\/wp-content\/uploads\/2024\/07\/INCENDIO_2024-07-31_17-09-37_jpg_2024-07-31_17-09-38.webp.webp?fit=1200%2C682&ssl=1&resize=350%2C200 1x, https:\/\/i0.wp.com\/ismaelcolosi.com.br\/wp-content\/uploads\/2024\/07\/INCENDIO_2024-07-31_17-09-37_jpg_2024-07-31_17-09-38.webp.webp?fit=1200%2C682&ssl=1&resize=525%2C300 1.5x, https:\/\/i0.wp.com\/ismaelcolosi.com.br\/wp-content\/uploads\/2024\/07\/INCENDIO_2024-07-31_17-09-37_jpg_2024-07-31_17-09-38.webp.webp?fit=1200%2C682&ssl=1&resize=700%2C400 2x, https:\/\/i0.wp.com\/ismaelcolosi.com.br\/wp-content\/uploads\/2024\/07\/INCENDIO_2024-07-31_17-09-37_jpg_2024-07-31_17-09-38.webp.webp?fit=1200%2C682&ssl=1&resize=1050%2C600 3x"},"classes":[]},{"id":69179,"url":"https:\/\/ismaelcolosi.com.br\/index.php\/2024\/10\/03\/saerp-alerta-para-falta-dagua-em-bairros-da-zona-oeste-e-norte-saiba-quais\/","url_meta":{"origin":37216,"position":4},"title":"Saerp alerta para falta d&#8217;\u00e1gua em bairros da zona Oeste e Norte; Saiba quais","author":"ismaelcolosi.com.br","date":"3 de October de 2024","format":false,"excerpt":"A Saerp (Secretaria de \u00c1gua e Esgoto de Ribeir\u00e3o Preto) informou, na noite desta quinta-feira (3), que dois po\u00e7os foram paralisados devido \u00e0 falta de energia, sendo eles: po\u00e7o Piratininga e Elevat\u00f3ria Alexandre Balbo. Por conta disso, diversos bairros da zona Norte e Oeste de Ribeir\u00e3o Preto podem sofrer com\u2026","rel":"","context":"In &quot;Not\u00edcias de Ribeir\u00e3o Preto-SP e Regi\u00e3o&quot;","block_context":{"text":"Not\u00edcias de Ribeir\u00e3o Preto-SP e Regi\u00e3o","link":"https:\/\/ismaelcolosi.com.br\/index.php\/category\/noticias-de-ribeirao-preto-sp-e-regiao-ismael-colosi\/"},"img":{"alt_text":"","src":"https:\/\/i0.wp.com\/ismaelcolosi.com.br\/wp-content\/uploads\/2024\/07\/torneira-agua_2024-07-22_12-45-42_jpg_2024-07-22_12-45-42.webp.webp?fit=1170%2C700&ssl=1&resize=350%2C200","width":350,"height":200,"srcset":"https:\/\/i0.wp.com\/ismaelcolosi.com.br\/wp-content\/uploads\/2024\/07\/torneira-agua_2024-07-22_12-45-42_jpg_2024-07-22_12-45-42.webp.webp?fit=1170%2C700&ssl=1&resize=350%2C200 1x, https:\/\/i0.wp.com\/ismaelcolosi.com.br\/wp-content\/uploads\/2024\/07\/torneira-agua_2024-07-22_12-45-42_jpg_2024-07-22_12-45-42.webp.webp?fit=1170%2C700&ssl=1&resize=525%2C300 1.5x, https:\/\/i0.wp.com\/ismaelcolosi.com.br\/wp-content\/uploads\/2024\/07\/torneira-agua_2024-07-22_12-45-42_jpg_2024-07-22_12-45-42.webp.webp?fit=1170%2C700&ssl=1&resize=700%2C400 2x, https:\/\/i0.wp.com\/ismaelcolosi.com.br\/wp-content\/uploads\/2024\/07\/torneira-agua_2024-07-22_12-45-42_jpg_2024-07-22_12-45-42.webp.webp?fit=1170%2C700&ssl=1&resize=1050%2C600 3x"},"classes":[]},{"id":19715,"url":"https:\/\/ismaelcolosi.com.br\/index.php\/2023\/12\/23\/cpfl-troca-fiacao-para-evitar-curto-circuito\/","url_meta":{"origin":37216,"position":5},"title":"CPFL troca fia\u00e7\u00e3o para evitar curto circuito","author":"ismaelcolosi.com.br","date":"23 de December de 2023","format":false,"excerpt":"22 de dezembro de 2023 | 14:25 1A CPFL deu sequ\u00eancia a uma solicita\u00e7\u00e3o de um morador do bairro Lagoinha na manh\u00e3 desta sexta-feira e substituiu os cabos de energia antigos por cabos com isolamento de prote\u00e7\u00e3o a galhos e \u00e1rvores. A energia na rua Rua Vict\u00f3rio Biasolli, no bairro\u2026","rel":"","context":"In &quot;Not\u00edcias de Ribeir\u00e3o Preto-SP e Regi\u00e3o&quot;","block_context":{"text":"Not\u00edcias de Ribeir\u00e3o Preto-SP e Regi\u00e3o","link":"https:\/\/ismaelcolosi.com.br\/index.php\/category\/noticias-de-ribeirao-preto-sp-e-regiao-ismael-colosi\/"},"img":{"alt_text":"","src":"https:\/\/i0.wp.com\/ismaelcolosi.com.br\/wp-content\/uploads\/2023\/12\/e85dfe65-421e-43eb-9063-08675f874155-scaled.jpg?fit=1000%2C562&ssl=1&resize=350%2C200","width":350,"height":200,"srcset":"https:\/\/i0.wp.com\/ismaelcolosi.com.br\/wp-content\/uploads\/2023\/12\/e85dfe65-421e-43eb-9063-08675f874155-scaled.jpg?fit=1000%2C562&ssl=1&resize=350%2C200 1x, https:\/\/i0.wp.com\/ismaelcolosi.com.br\/wp-content\/uploads\/2023\/12\/e85dfe65-421e-43eb-9063-08675f874155-scaled.jpg?fit=1000%2C562&ssl=1&resize=525%2C300 1.5x, https:\/\/i0.wp.com\/ismaelcolosi.com.br\/wp-content\/uploads\/2023\/12\/e85dfe65-421e-43eb-9063-08675f874155-scaled.jpg?fit=1000%2C562&ssl=1&resize=700%2C400 2x"},"classes":[]}],"jetpack_sharing_enabled":true,"jetpack_shortlink":"https:\/\/wp.me\/pfMlyK-9Gg","_links":{"self":[{"href":"https:\/\/ismaelcolosi.com.br\/index.php\/wp-json\/wp\/v2\/posts\/37216","targetHints":{"allow":["GET"]}}],"collection":[{"href":"https:\/\/ismaelcolosi.com.br\/index.php\/wp-json\/wp\/v2\/posts"}],"about":[{"href":"https:\/\/ismaelcolosi.com.br\/index.php\/wp-json\/wp\/v2\/types\/post"}],"author":[{"embeddable":true,"href":"https:\/\/ismaelcolosi.com.br\/index.php\/wp-json\/wp\/v2\/users\/1"}],"replies":[{"embeddable":true,"href":"https:\/\/ismaelcolosi.com.br\/index.php\/wp-json\/wp\/v2\/comments?post=37216"}],"version-history":[{"count":0,"href":"https:\/\/ismaelcolosi.com.br\/index.php\/wp-json\/wp\/v2\/posts\/37216\/revisions"}],"wp:featuredmedia":[{"embeddable":true,"href":"https:\/\/ismaelcolosi.com.br\/index.php\/wp-json\/wp\/v2\/media\/37217"}],"wp:attachment":[{"href":"https:\/\/ismaelcolosi.com.br\/index.php\/wp-json\/wp\/v2\/media?parent=37216"}],"wp:term":[{"taxonomy":"category","embeddable":true,"href":"https:\/\/ismaelcolosi.com.br\/index.php\/wp-json\/wp\/v2\/categories?post=37216"},{"taxonomy":"post_tag","embeddable":true,"href":"https:\/\/ismaelcolosi.com.br\/index.php\/wp-json\/wp\/v2\/tags?post=37216"}],"curies":[{"name":"wp","href":"https:\/\/api.w.org\/{rel}","templated":true}]}}